{"id":26734,"date":"2018-05-17T13:46:56","date_gmt":"2018-05-17T11:46:56","guid":{"rendered":"https:\/\/pmza.sk\/?p=26734"},"modified":"2018-05-17T13:46:56","modified_gmt":"2018-05-17T11:46:56","slug":"otvorenie-letnej-sezony-v-rajeckych-tepliciach","status":"publish","type":"post","link":"https:\/\/pmza.sk\/?p=26734","title":{"rendered":"Otvorenie letnej sez\u00f3ny v Rajeck\u00fdch Tepliciach"},"content":{"rendered":"<p>V d\u0148och 25. &#8211; 27. 05. 2018 si budete m\u00f4c\u0165 v Rajeck\u00fdch Tepliciach u\u017ei\u0165 skvel\u00fd program pri pr\u00edle\u017eitosti otvorenia letnej sez\u00f3ny 2018. V sobotu 26. m\u00e1ja ur\u010dite nav\u0161t\u00edvte aj M\u00fazeum dopravy. Okrem modelov\u00e9ho ko\u013eajiska bude pripraven\u00fd tvoriv\u00fd program nielen pre deti. Ani samotn\u00e1 prehliadka m\u00fazea nebude tradi\u010dn\u00e1. V m\u00fazeu sme objavili star\u00fd \u017eelezni\u010dn\u00fd terzor s k\u00f3dovac\u00edm z\u00e1mkom, ktor\u00fd ur\u010dite nie je pr\u00e1zdny. Na to, aby sa dalo do trezoru dosta\u0165, je potrebn\u00e9 \u00faspe\u0161ne rozl\u00fa\u0161ti\u0165 h\u00e1danky, ktor\u00e9 n\u00e1m tu zanechali star\u00ed \u017eelezni\u010diari pred 100 rokmi.\u00a0 N\u00e1m sa to zatia\u013e nepodarilo, \u010dak\u00e1me na \u0161ikovn\u00e9ho detekt\u00edva. Vhodn\u00e9 pre mal\u00fdch aj ve\u013ek\u00fdch.\u00a0<\/p>\n<p>Program cel\u00e9ho podujatia n\u00e1jdete na prilo\u017eenom plag\u00e1te a tu:<\/p>\n<p><a href=\"https:\/\/www.rajeckadolina.sk\/sk\/podujatia\/otvorenie-letnej-sezony-v-rajeckych-tepliciach-25-2705\">https:\/\/www.rajeckadolina.sk\/sk\/podujatia\/otvorenie-letnej-sezony-v-rajeckych-tepliciach-25-2705<\/a><\/p>\n<p><a class=\"single-popup-image\" href=\"https:\/\/pmza.sk\/wp-content\/uploads\/2018\/05\/Otvorenie-sezony.jpg\"><img fetchpriority=\"high\" decoding=\"async\" class=\"alignleft size-thumbnail wp-image-26737\" src=\"https:\/\/pmza.sk\/wp-content\/uploads\/2018\/05\/Otvorenie-sezony-475x300.jpg\" alt=\"\" width=\"475\" height=\"300\" \/><\/a><\/p>\n","protected":false},"excerpt":{"rendered":"<p>V d\u0148och 25. &#8211; 27. 05. 2018 si budete m\u00f4c\u0165 v Rajeck\u00fdch Tepliciach u\u017ei\u0165 skvel\u00fd program pri pr\u00edle\u017eitosti otvorenia letnej sez\u00f3ny 2018. V sobotu 26. m\u00e1ja ur\u010dite nav\u0161t\u00edvte aj M\u00fazeum dopravy. Okrem modelov\u00e9ho ko\u013eajiska bude pripraven\u00fd tvoriv\u00fd program nielen pre deti. Ani samotn\u00e1 prehliadka m\u00fazea nebude tradi\u010dn\u00e1. V m\u00fazeu sme objavili star\u00fd \u017eelezni\u010dn\u00fd terzor s [&hellip;]<\/p>\n","protected":false},"author":2,"featured_media":26738,"comment_status":"closed","ping_status":"closed","sticky":false,"template":"","format":"standard","meta":{"site-sidebar-layout":"default","site-content-layout":"","ast-site-content-layout":"","site-content-style":"default","site-sidebar-style":"default","ast-global-header-display":"","ast-banner-title-visibility":"","ast-main-header-display":"","ast-hfb-above-header-display":"","ast-hfb-below-header-display":"","ast-hfb-mobile-header-display":"","site-post-title":"","ast-breadcrumbs-content":"","ast-featured-img":"","footer-sml-layout":"","theme-transparent-header-meta":"","adv-header-id-meta":"","stick-header-meta":"","header-above-stick-meta":"","header-main-stick-meta":"","header-below-stick-meta":"","astra-migrate-meta-layouts":"default","ast-page-background-enabled":"default","ast-page-background-meta":{"desktop":{"background-color":"var(--ast-global-color-4)","background-image":"","background-repeat":"repeat","background-position":"center center","background-size":"auto","background-attachment":"scroll","background-type":"","background-media":"","overlay-type":"","overlay-color":"","overlay-opacity":"","overlay-gradient":""},"tablet":{"background-color":"","background-image":"","background-repeat":"repeat","background-position":"center center","background-size":"auto","background-attachment":"scroll","background-type":"","background-media":"","overlay-type":"","overlay-color":"","overlay-opacity":"","overlay-gradient":""},"mobile":{"background-color":"","background-image":"","background-repeat":"repeat","background-position":"center center","background-size":"auto","background-attachment":"scroll","background-type":"","background-media":"","overlay-type":"","overlay-color":"","overlay-opacity":"","overlay-gradient":""}},"ast-content-background-meta":{"desktop":{"background-color":"var(--ast-global-color-5)","background-image":"","background-repeat":"repeat","background-position":"center center","background-size":"auto","background-attachment":"scroll","background-type":"","background-media":"","overlay-type":"","overlay-color":"","overlay-opacity":"","overlay-gradient":""},"tablet":{"background-color":"var(--ast-global-color-5)","background-image":"","background-repeat":"repeat","background-position":"center center","background-size":"auto","background-attachment":"scroll","background-type":"","background-media":"","overlay-type":"","overlay-color":"","overlay-opacity":"","overlay-gradient":""},"mobile":{"background-color":"var(--ast-global-color-5)","background-image":"","background-repeat":"repeat","background-position":"center center","background-size":"auto","background-attachment":"scroll","background-type":"","background-media":"","overlay-type":"","overlay-color":"","overlay-opacity":"","overlay-gradient":""}},"footnotes":""},"categories":[31],"tags":[],"class_list":["post-26734","post","type-post","status-publish","format-standard","has-post-thumbnail","hentry","category-aktuality"],"yoast_head":"<!-- This site is optimized with the Yoast SEO plugin v27.4 - https:\/\/yoast.com\/product\/yoast-seo-wordpress\/ -->\n<title>Otvorenie letnej sez\u00f3ny v Rajeck\u00fdch Tepliciach - Pova\u017esk\u00e9 m\u00fazeum<\/title>\n<meta name=\"robots\" content=\"index, follow, max-snippet:-1, max-image-preview:large, max-video-preview:-1\" \/>\n<link rel=\"canonical\" href=\"https:\/\/pmza.sk\/?p=26734\" \/>\n<meta property=\"og:locale\" content=\"sk_SK\" \/>\n<meta property=\"og:type\" content=\"article\" \/>\n<meta property=\"og:title\" content=\"Otvorenie letnej sez\u00f3ny v Rajeck\u00fdch Tepliciach - Pova\u017esk\u00e9 m\u00fazeum\" \/>\n<meta property=\"og:description\" content=\"V d\u0148och 25. &#8211; 27. 05. 2018 si budete m\u00f4c\u0165 v Rajeck\u00fdch Tepliciach u\u017ei\u0165 skvel\u00fd program pri pr\u00edle\u017eitosti otvorenia letnej sez\u00f3ny 2018. V sobotu 26. m\u00e1ja ur\u010dite nav\u0161t\u00edvte aj M\u00fazeum dopravy. Okrem modelov\u00e9ho ko\u013eajiska bude pripraven\u00fd tvoriv\u00fd program nielen pre deti. Ani samotn\u00e1 prehliadka m\u00fazea nebude tradi\u010dn\u00e1. V m\u00fazeu sme objavili star\u00fd \u017eelezni\u010dn\u00fd terzor s [&hellip;]\" \/>\n<meta property=\"og:url\" content=\"https:\/\/pmza.sk\/?p=26734\" \/>\n<meta property=\"og:site_name\" content=\"Pova\u017esk\u00e9 m\u00fazeum\" \/>\n<meta property=\"article:publisher\" content=\"https:\/\/www.facebook.com\/povazskemuzeum\" \/>\n<meta property=\"article:published_time\" content=\"2018-05-17T11:46:56+00:00\" \/>\n<meta name=\"author\" content=\"Pova\u017esk\u00e9 m\u00fazeum\" \/>\n<meta name=\"twitter:card\" content=\"summary_large_image\" \/>\n<meta name=\"twitter:label1\" content=\"Autor\" \/>\n\t<meta name=\"twitter:data1\" content=\"Pova\u017esk\u00e9 m\u00fazeum\" \/>\n\t<meta name=\"twitter:label2\" content=\"Predpokladan\u00fd \u010das \u010d\u00edtania\" \/>\n\t<meta name=\"twitter:data2\" content=\"1 min\u00fata\" \/>\n<script type=\"application\/ld+json\" class=\"yoast-schema-graph\">{\"@context\":\"https:\\\/\\\/schema.org\",\"@graph\":[{\"@type\":\"Article\",\"@id\":\"https:\\\/\\\/pmza.sk\\\/?p=26734#article\",\"isPartOf\":{\"@id\":\"https:\\\/\\\/pmza.sk\\\/?p=26734\"},\"author\":{\"name\":\"Pova\u017esk\u00e9 m\u00fazeum\",\"@id\":\"https:\\\/\\\/pmza.sk\\\/#\\\/schema\\\/person\\\/595e6a2ce731ea94dcd5d7f50a41ae33\"},\"headline\":\"Otvorenie letnej sez\u00f3ny v Rajeck\u00fdch Tepliciach\",\"datePublished\":\"2018-05-17T11:46:56+00:00\",\"mainEntityOfPage\":{\"@id\":\"https:\\\/\\\/pmza.sk\\\/?p=26734\"},\"wordCount\":155,\"publisher\":{\"@id\":\"https:\\\/\\\/pmza.sk\\\/#organization\"},\"image\":{\"@id\":\"https:\\\/\\\/pmza.sk\\\/?p=26734#primaryimage\"},\"thumbnailUrl\":\"\",\"articleSection\":[\"Aktuality\"],\"inLanguage\":\"sk-SK\"},{\"@type\":\"WebPage\",\"@id\":\"https:\\\/\\\/pmza.sk\\\/?p=26734\",\"url\":\"https:\\\/\\\/pmza.sk\\\/?p=26734\",\"name\":\"Otvorenie letnej sez\u00f3ny v Rajeck\u00fdch Tepliciach - Pova\u017esk\u00e9 m\u00fazeum\",\"isPartOf\":{\"@id\":\"https:\\\/\\\/pmza.sk\\\/#website\"},\"primaryImageOfPage\":{\"@id\":\"https:\\\/\\\/pmza.sk\\\/?p=26734#primaryimage\"},\"image\":{\"@id\":\"https:\\\/\\\/pmza.sk\\\/?p=26734#primaryimage\"},\"thumbnailUrl\":\"\",\"datePublished\":\"2018-05-17T11:46:56+00:00\",\"breadcrumb\":{\"@id\":\"https:\\\/\\\/pmza.sk\\\/?p=26734#breadcrumb\"},\"inLanguage\":\"sk-SK\",\"potentialAction\":[{\"@type\":\"ReadAction\",\"target\":[\"https:\\\/\\\/pmza.sk\\\/?p=26734\"]}]},{\"@type\":\"ImageObject\",\"inLanguage\":\"sk-SK\",\"@id\":\"https:\\\/\\\/pmza.sk\\\/?p=26734#primaryimage\",\"url\":\"\",\"contentUrl\":\"\"},{\"@type\":\"BreadcrumbList\",\"@id\":\"https:\\\/\\\/pmza.sk\\\/?p=26734#breadcrumb\",\"itemListElement\":[{\"@type\":\"ListItem\",\"position\":1,\"name\":\"Domovsk\u00e1 str\u00e1nka\",\"item\":\"https:\\\/\\\/pmza.sk\\\/\"},{\"@type\":\"ListItem\",\"position\":2,\"name\":\"Otvorenie letnej sez\u00f3ny v Rajeck\u00fdch Tepliciach\"}]},{\"@type\":\"WebSite\",\"@id\":\"https:\\\/\\\/pmza.sk\\\/#website\",\"url\":\"https:\\\/\\\/pmza.sk\\\/\",\"name\":\"Pova\u017esk\u00e9 m\u00fazeum\",\"description\":\"Pova\u017esk\u00e9 m\u00fazeum v \u017diline je region\u00e1lne m\u00fazeum so s\u00eddlom v Budat\u00edne. Jeho expoz\u00edcie s\u00fa zameran\u00e9 na dejiny slovensk\u00e9ho umenia, kult\u00fary a dopravy.\",\"publisher\":{\"@id\":\"https:\\\/\\\/pmza.sk\\\/#organization\"},\"potentialAction\":[{\"@type\":\"SearchAction\",\"target\":{\"@type\":\"EntryPoint\",\"urlTemplate\":\"https:\\\/\\\/pmza.sk\\\/?s={search_term_string}\"},\"query-input\":{\"@type\":\"PropertyValueSpecification\",\"valueRequired\":true,\"valueName\":\"search_term_string\"}}],\"inLanguage\":\"sk-SK\"},{\"@type\":\"Organization\",\"@id\":\"https:\\\/\\\/pmza.sk\\\/#organization\",\"name\":\"Pova\u017esk\u00e9 m\u00fazeum\",\"url\":\"https:\\\/\\\/pmza.sk\\\/\",\"logo\":{\"@type\":\"ImageObject\",\"inLanguage\":\"sk-SK\",\"@id\":\"https:\\\/\\\/pmza.sk\\\/#\\\/schema\\\/logo\\\/image\\\/\",\"url\":\"https:\\\/\\\/pmza.sk\\\/wp-content\\\/uploads\\\/2022\\\/01\\\/logo_PM_horizontal.jpg\",\"contentUrl\":\"https:\\\/\\\/pmza.sk\\\/wp-content\\\/uploads\\\/2022\\\/01\\\/logo_PM_horizontal.jpg\",\"width\":231,\"height\":142,\"caption\":\"Pova\u017esk\u00e9 m\u00fazeum\"},\"image\":{\"@id\":\"https:\\\/\\\/pmza.sk\\\/#\\\/schema\\\/logo\\\/image\\\/\"},\"sameAs\":[\"https:\\\/\\\/www.facebook.com\\\/povazskemuzeum\",\"https:\\\/\\\/www.instagram.com\\\/povazskemuzeum\\\/\"]},{\"@type\":\"Person\",\"@id\":\"https:\\\/\\\/pmza.sk\\\/#\\\/schema\\\/person\\\/595e6a2ce731ea94dcd5d7f50a41ae33\",\"name\":\"Pova\u017esk\u00e9 m\u00fazeum\",\"image\":{\"@type\":\"ImageObject\",\"inLanguage\":\"sk-SK\",\"@id\":\"https:\\\/\\\/secure.gravatar.com\\\/avatar\\\/2bb7f1561282132fb5826dfeccc66c7996d11ee392ac6aaf7ced8a1c2027fbb2?s=96&d=mm&r=g\",\"url\":\"https:\\\/\\\/secure.gravatar.com\\\/avatar\\\/2bb7f1561282132fb5826dfeccc66c7996d11ee392ac6aaf7ced8a1c2027fbb2?s=96&d=mm&r=g\",\"contentUrl\":\"https:\\\/\\\/secure.gravatar.com\\\/avatar\\\/2bb7f1561282132fb5826dfeccc66c7996d11ee392ac6aaf7ced8a1c2027fbb2?s=96&d=mm&r=g\",\"caption\":\"Pova\u017esk\u00e9 m\u00fazeum\"}}]}<\/script>\n<!-- \/ Yoast SEO plugin. -->","yoast_head_json":{"title":"Otvorenie letnej sez\u00f3ny v Rajeck\u00fdch Tepliciach - Pova\u017esk\u00e9 m\u00fazeum","robots":{"index":"index","follow":"follow","max-snippet":"max-snippet:-1","max-image-preview":"max-image-preview:large","max-video-preview":"max-video-preview:-1"},"canonical":"https:\/\/pmza.sk\/?p=26734","og_locale":"sk_SK","og_type":"article","og_title":"Otvorenie letnej sez\u00f3ny v Rajeck\u00fdch Tepliciach - Pova\u017esk\u00e9 m\u00fazeum","og_description":"V d\u0148och 25. &#8211; 27. 05. 2018 si budete m\u00f4c\u0165 v Rajeck\u00fdch Tepliciach u\u017ei\u0165 skvel\u00fd program pri pr\u00edle\u017eitosti otvorenia letnej sez\u00f3ny 2018. V sobotu 26. m\u00e1ja ur\u010dite nav\u0161t\u00edvte aj M\u00fazeum dopravy. Okrem modelov\u00e9ho ko\u013eajiska bude pripraven\u00fd tvoriv\u00fd program nielen pre deti. Ani samotn\u00e1 prehliadka m\u00fazea nebude tradi\u010dn\u00e1. V m\u00fazeu sme objavili star\u00fd \u017eelezni\u010dn\u00fd terzor s [&hellip;]","og_url":"https:\/\/pmza.sk\/?p=26734","og_site_name":"Pova\u017esk\u00e9 m\u00fazeum","article_publisher":"https:\/\/www.facebook.com\/povazskemuzeum","article_published_time":"2018-05-17T11:46:56+00:00","author":"Pova\u017esk\u00e9 m\u00fazeum","twitter_card":"summary_large_image","twitter_misc":{"Autor":"Pova\u017esk\u00e9 m\u00fazeum","Predpokladan\u00fd \u010das \u010d\u00edtania":"1 min\u00fata"},"schema":{"@context":"https:\/\/schema.org","@graph":[{"@type":"Article","@id":"https:\/\/pmza.sk\/?p=26734#article","isPartOf":{"@id":"https:\/\/pmza.sk\/?p=26734"},"author":{"name":"Pova\u017esk\u00e9 m\u00fazeum","@id":"https:\/\/pmza.sk\/#\/schema\/person\/595e6a2ce731ea94dcd5d7f50a41ae33"},"headline":"Otvorenie letnej sez\u00f3ny v Rajeck\u00fdch Tepliciach","datePublished":"2018-05-17T11:46:56+00:00","mainEntityOfPage":{"@id":"https:\/\/pmza.sk\/?p=26734"},"wordCount":155,"publisher":{"@id":"https:\/\/pmza.sk\/#organization"},"image":{"@id":"https:\/\/pmza.sk\/?p=26734#primaryimage"},"thumbnailUrl":"","articleSection":["Aktuality"],"inLanguage":"sk-SK"},{"@type":"WebPage","@id":"https:\/\/pmza.sk\/?p=26734","url":"https:\/\/pmza.sk\/?p=26734","name":"Otvorenie letnej sez\u00f3ny v Rajeck\u00fdch Tepliciach - Pova\u017esk\u00e9 m\u00fazeum","isPartOf":{"@id":"https:\/\/pmza.sk\/#website"},"primaryImageOfPage":{"@id":"https:\/\/pmza.sk\/?p=26734#primaryimage"},"image":{"@id":"https:\/\/pmza.sk\/?p=26734#primaryimage"},"thumbnailUrl":"","datePublished":"2018-05-17T11:46:56+00:00","breadcrumb":{"@id":"https:\/\/pmza.sk\/?p=26734#breadcrumb"},"inLanguage":"sk-SK","potentialAction":[{"@type":"ReadAction","target":["https:\/\/pmza.sk\/?p=26734"]}]},{"@type":"ImageObject","inLanguage":"sk-SK","@id":"https:\/\/pmza.sk\/?p=26734#primaryimage","url":"","contentUrl":""},{"@type":"BreadcrumbList","@id":"https:\/\/pmza.sk\/?p=26734#breadcrumb","itemListElement":[{"@type":"ListItem","position":1,"name":"Domovsk\u00e1 str\u00e1nka","item":"https:\/\/pmza.sk\/"},{"@type":"ListItem","position":2,"name":"Otvorenie letnej sez\u00f3ny v Rajeck\u00fdch Tepliciach"}]},{"@type":"WebSite","@id":"https:\/\/pmza.sk\/#website","url":"https:\/\/pmza.sk\/","name":"Pova\u017esk\u00e9 m\u00fazeum","description":"Pova\u017esk\u00e9 m\u00fazeum v \u017diline je region\u00e1lne m\u00fazeum so s\u00eddlom v Budat\u00edne. Jeho expoz\u00edcie s\u00fa zameran\u00e9 na dejiny slovensk\u00e9ho umenia, kult\u00fary a dopravy.","publisher":{"@id":"https:\/\/pmza.sk\/#organization"},"potentialAction":[{"@type":"SearchAction","target":{"@type":"EntryPoint","urlTemplate":"https:\/\/pmza.sk\/?s={search_term_string}"},"query-input":{"@type":"PropertyValueSpecification","valueRequired":true,"valueName":"search_term_string"}}],"inLanguage":"sk-SK"},{"@type":"Organization","@id":"https:\/\/pmza.sk\/#organization","name":"Pova\u017esk\u00e9 m\u00fazeum","url":"https:\/\/pmza.sk\/","logo":{"@type":"ImageObject","inLanguage":"sk-SK","@id":"https:\/\/pmza.sk\/#\/schema\/logo\/image\/","url":"https:\/\/pmza.sk\/wp-content\/uploads\/2022\/01\/logo_PM_horizontal.jpg","contentUrl":"https:\/\/pmza.sk\/wp-content\/uploads\/2022\/01\/logo_PM_horizontal.jpg","width":231,"height":142,"caption":"Pova\u017esk\u00e9 m\u00fazeum"},"image":{"@id":"https:\/\/pmza.sk\/#\/schema\/logo\/image\/"},"sameAs":["https:\/\/www.facebook.com\/povazskemuzeum","https:\/\/www.instagram.com\/povazskemuzeum\/"]},{"@type":"Person","@id":"https:\/\/pmza.sk\/#\/schema\/person\/595e6a2ce731ea94dcd5d7f50a41ae33","name":"Pova\u017esk\u00e9 m\u00fazeum","image":{"@type":"ImageObject","inLanguage":"sk-SK","@id":"https:\/\/secure.gravatar.com\/avatar\/2bb7f1561282132fb5826dfeccc66c7996d11ee392ac6aaf7ced8a1c2027fbb2?s=96&d=mm&r=g","url":"https:\/\/secure.gravatar.com\/avatar\/2bb7f1561282132fb5826dfeccc66c7996d11ee392ac6aaf7ced8a1c2027fbb2?s=96&d=mm&r=g","contentUrl":"https:\/\/secure.gravatar.com\/avatar\/2bb7f1561282132fb5826dfeccc66c7996d11ee392ac6aaf7ced8a1c2027fbb2?s=96&d=mm&r=g","caption":"Pova\u017esk\u00e9 m\u00fazeum"}}]}},"_links":{"self":[{"href":"https:\/\/pmza.sk\/index.php?rest_route=\/wp\/v2\/posts\/26734","targetHints":{"allow":["GET"]}}],"collection":[{"href":"https:\/\/pmza.sk\/index.php?rest_route=\/wp\/v2\/posts"}],"about":[{"href":"https:\/\/pmza.sk\/index.php?rest_route=\/wp\/v2\/types\/post"}],"author":[{"embeddable":true,"href":"https:\/\/pmza.sk\/index.php?rest_route=\/wp\/v2\/users\/2"}],"replies":[{"embeddable":true,"href":"https:\/\/pmza.sk\/index.php?rest_route=%2Fwp%2Fv2%2Fcomments&post=26734"}],"version-history":[{"count":0,"href":"https:\/\/pmza.sk\/index.php?rest_route=\/wp\/v2\/posts\/26734\/revisions"}],"wp:featuredmedia":[{"embeddable":true,"href":"https:\/\/pmza.sk\/index.php?rest_route=\/"}],"wp:attachment":[{"href":"https:\/\/pmza.sk\/index.php?rest_route=%2Fwp%2Fv2%2Fmedia&parent=26734"}],"wp:term":[{"taxonomy":"category","embeddable":true,"href":"https:\/\/pmza.sk\/index.php?rest_route=%2Fwp%2Fv2%2Fcategories&post=26734"},{"taxonomy":"post_tag","embeddable":true,"href":"https:\/\/pmza.sk\/index.php?rest_route=%2Fwp%2Fv2%2Ftags&post=26734"}],"curies":[{"name":"wp","href":"https:\/\/api.w.org\/{rel}","templated":true}]}}