{"id":26801,"date":"2018-05-18T11:40:26","date_gmt":"2018-05-18T09:40:26","guid":{"rendered":"https:\/\/pmza.sk\/?p=26801"},"modified":"2018-05-18T11:40:26","modified_gmt":"2018-05-18T09:40:26","slug":"mdd-na-hrade-strecno","status":"publish","type":"post","link":"https:\/\/pmza.sk\/?p=26801","title":{"rendered":"MDD na hrade Stre\u010dno"},"content":{"rendered":"<p>M\u00e1te radi hry, z\u00e1bavu a\u00a0rozpr\u00e1vky? Tak ur\u010dite pr\u00ed\u010fte 3. j\u00fana spolu s\u00a0nami osl\u00e1vi\u0165 Medzin\u00e1rodn\u00fd de\u0148 det\u00ed na hrad Stre\u010dno. Pre v\u0161etky mal\u00e9 aj ve\u013ek\u00e9 deti je pripraven\u00fd bohat\u00fd program v\u00a0\u010dase od 9.00 do 18.00 hod.<\/p>\n<p>Prehliadka hradu Stre\u010dno bude \u0161peci\u00e1lne v\u00a0tento de\u0148 obohaten\u00e1 o\u00a0stredovek\u00e9 hry, ktor\u00e9 si spolu s\u00a0vami zahr\u00e1 skupina historick\u00e9ho \u0161ermu Bojn\u00edk. V\u00a0hradnej kaplnke zase odznej\u00fa minikoncerty. Na n\u00e1dvor\u00ed hradu bud\u00fa ma\u0165 v\u0161etci n\u00e1v\u0161tevn\u00edci mo\u017enos\u0165 vysk\u00fa\u0161a\u0165 si lukostre\u013ebu a\u00a0te\u0161i\u0165 sa m\u00f4\u017eete aj na vyst\u00fapenia sokoliarov sv. Bavona. O\u00a0z\u00e1bavu a\u00a0\u00fasmev na tv\u00e1ri sa postar\u00e1 k\u00fazeln\u00edk a\u00a0ch\u00fdba\u0165 nebude ani pantom\u00edma.\u00a0 Neodmyslite\u013enou s\u00fa\u010das\u0165ou hradu bud\u00fa hradn\u00ed delostrelci v\u00a0podan\u00ed klubu vojenskej hist\u00f3rie Turiec. Predved\u00fa n\u00e1m pa\u013ebu z\u00a0\u013eahk\u00e9ho po\u013en\u00e9ho dela. V\u00a0stredovekej kuchyni budete ma\u0165 mo\u017enos\u0165 ochutna\u0165 tie najlep\u0161ie placky a\u00a0r\u00f4zne plnky.<\/p>\n<p>V\u0161etky deti bud\u00fa m\u00f4c\u0165 vysk\u00fa\u0161a\u0165 svoju zru\u010dnos\u0165 v\u00a0tvoriv\u00fdch diel\u0148ach a\u00a0ur\u010dite sa ve\u013emi pote\u0161ia pred\u010d\u00edtavaniu rozpr\u00e1vky Zo \u0161krupiny od autorky Jany Necpalovej.<\/p>\n<p>V\u00a0stredovekej dedine Paseka sa na javisku predstavia deti z\u00a0mandol\u00ednov\u00e9ho s\u00faboru \u017diarinka, diev\u010densk\u00e1 spev\u00e1cka skupina Spievanky a\u00a0\u010dlenovia DFS Vienok \u2013 Kys\u00e1\u010d zo Srbska. V\u00a0dome pek\u00e1ra si budete m\u00f4c\u0165 zak\u00fapi\u0165 doma pe\u010den\u00fd chleb\u00edk. Atmosf\u00e9ru tohto d\u0148a dotvor\u00ed dreven\u00fd koloto\u010d a\u00a0jarmo\u010dn\u00edci. \u00a0<\/p>\n<p>Te\u0161\u00edme sa na V\u00e1s na hrade Stre\u010dno.<\/p>\n<p>Program:<\/p>\n<p>HRAD<br \/>Skupina historick\u00e9ho \u0161ermu Bojn\u00edk \u2013 stredovek\u00e9 hry<br \/>Minikoncerty v kaplnke<span class=\"text_exposed_show\"><br \/>Na n\u00e1dvor\u00ed:<br \/>cel\u00fd de\u0148 \u2013 lukostre\u013eba<br \/>11.00 \u2013 pantom\u00edma<br \/>11.30 \u2013 vyst\u00fapenie sokoliarov sv. Bavona<br \/>12.00 \u2013 k\u00fazeln\u00edk<br \/>13.00 \u2013 pantom\u00edma<br \/>13.30 \u2013 vyst\u00fapenie sokoliarov sv. Bavona<br \/>14.00 \u2013 k\u00fazeln\u00edk<br \/>15.00 \u2013 pantom\u00edma<br \/>15.30 \u2013 sokoliari sv. Bavona<br \/>16.00 \u2013 pantom\u00edma<br \/>V are\u00e1li hradu:<br \/>\u2013 stredovek\u00e1 kuchy\u0148a s ochutn\u00e1vkou \u2013 Cech Terra deSelinan<br \/>\u2013 stre\u013eba z \u013eahk\u00e9ho po\u013en\u00e9ho dela \u2013 klub vojenskej hist\u00f3rie TURIEC<br \/>\u2013 tvoriv\u00e9 dielne pre deti<br \/>\u2013 \u010d\u00edtanie z knihy Jany Necpalovej: Zo \u0161krupiny, Zo \u0161krupiny 2<\/span><\/p>\n<div class=\"text_exposed_show\">\n<p>PASEKA \u2013 JAVISKO<br \/>12.00, 13.00, 14.00 \u2013 vyst\u00fapenie detsk\u00e9ho mandol\u00ednov\u00e9ho s\u00faboru \u017diarinka z Neslu\u0161e<br \/>\u2013 DFS Vienok &#8211; Kys\u00e1\u010d (Srbsko)<br \/>\u2013 Diev\u010densk\u00e1 spev\u00e1cka skupina Spievanky &#8211; CV\u010c Kuzm\u00e1nyho 105, \u017dilina<br \/>V are\u00e1li Paseky:<br \/>\u2013 v stredovekej dedine predaj dom\u00e1ceho chleba v dome pek\u00e1ra<br \/>\u2013 detsk\u00fd koloto\u010d<br \/>\u2013 jarmok<\/p>\n<p>Vstupn\u00e9: pod\u013ea platn\u00e9ho cenn\u00edka<\/p>\n<\/div>\n","protected":false},"excerpt":{"rendered":"<p>M\u00e1te radi hry, z\u00e1bavu a\u00a0rozpr\u00e1vky? Tak ur\u010dite pr\u00ed\u010fte 3. j\u00fana spolu s\u00a0nami osl\u00e1vi\u0165 Medzin\u00e1rodn\u00fd de\u0148 det\u00ed na hrad Stre\u010dno. Pre v\u0161etky mal\u00e9 aj ve\u013ek\u00e9 deti je pripraven\u00fd bohat\u00fd program v\u00a0\u010dase od 9.00 do 18.00 hod. Prehliadka hradu Stre\u010dno bude \u0161peci\u00e1lne v\u00a0tento de\u0148 obohaten\u00e1 o\u00a0stredovek\u00e9 hry, ktor\u00e9 si spolu s\u00a0vami zahr\u00e1 skupina historick\u00e9ho \u0161ermu Bojn\u00edk. V\u00a0hradnej [&hellip;]<\/p>\n","protected":false},"author":2,"featured_media":27005,"comment_status":"closed","ping_status":"closed","sticky":false,"template":"","format":"standard","meta":{"site-sidebar-layout":"default","site-content-layout":"","ast-site-content-layout":"","site-content-style":"default","site-sidebar-style":"default","ast-global-header-display":"","ast-banner-title-visibility":"","ast-main-header-display":"","ast-hfb-above-header-display":"","ast-hfb-below-header-display":"","ast-hfb-mobile-header-display":"","site-post-title":"","ast-breadcrumbs-content":"","ast-featured-img":"","footer-sml-layout":"","theme-transparent-header-meta":"","adv-header-id-meta":"","stick-header-meta":"","header-above-stick-meta":"","header-main-stick-meta":"","header-below-stick-meta":"","astra-migrate-meta-layouts":"default","ast-page-background-enabled":"default","ast-page-background-meta":{"desktop":{"background-color":"var(--ast-global-color-4)","background-image":"","background-repeat":"repeat","background-position":"center center","background-size":"auto","background-attachment":"scroll","background-type":"","background-media":"","overlay-type":"","overlay-color":"","overlay-opacity":"","overlay-gradient":""},"tablet":{"background-color":"","background-image":"","background-repeat":"repeat","background-position":"center center","background-size":"auto","background-attachment":"scroll","background-type":"","background-media":"","overlay-type":"","overlay-color":"","overlay-opacity":"","overlay-gradient":""},"mobile":{"background-color":"","background-image":"","background-repeat":"repeat","background-position":"center center","background-size":"auto","background-attachment":"scroll","background-type":"","background-media":"","overlay-type":"","overlay-color":"","overlay-opacity":"","overlay-gradient":""}},"ast-content-background-meta":{"desktop":{"background-color":"var(--ast-global-color-5)","background-image":"","background-repeat":"repeat","background-position":"center center","background-size":"auto","background-attachment":"scroll","background-type":"","background-media":"","overlay-type":"","overlay-color":"","overlay-opacity":"","overlay-gradient":""},"tablet":{"background-color":"var(--ast-global-color-5)","background-image":"","background-repeat":"repeat","background-position":"center center","background-size":"auto","background-attachment":"scroll","background-type":"","background-media":"","overlay-type":"","overlay-color":"","overlay-opacity":"","overlay-gradient":""},"mobile":{"background-color":"var(--ast-global-color-5)","background-image":"","background-repeat":"repeat","background-position":"center center","background-size":"auto","background-attachment":"scroll","background-type":"","background-media":"","overlay-type":"","overlay-color":"","overlay-opacity":"","overlay-gradient":""}},"footnotes":""},"categories":[31],"tags":[],"class_list":["post-26801","post","type-post","status-publish","format-standard","has-post-thumbnail","hentry","category-aktuality"],"yoast_head":"<!-- This site is optimized with the Yoast SEO plugin v27.4 - https:\/\/yoast.com\/product\/yoast-seo-wordpress\/ -->\n<title>MDD na hrade Stre\u010dno - Pova\u017esk\u00e9 m\u00fazeum<\/title>\n<meta name=\"robots\" content=\"index, follow, max-snippet:-1, max-image-preview:large, max-video-preview:-1\" \/>\n<link rel=\"canonical\" href=\"https:\/\/pmza.sk\/?p=26801\" \/>\n<meta property=\"og:locale\" content=\"sk_SK\" \/>\n<meta property=\"og:type\" content=\"article\" \/>\n<meta property=\"og:title\" content=\"MDD na hrade Stre\u010dno - Pova\u017esk\u00e9 m\u00fazeum\" \/>\n<meta property=\"og:description\" content=\"M\u00e1te radi hry, z\u00e1bavu a\u00a0rozpr\u00e1vky? Tak ur\u010dite pr\u00ed\u010fte 3. j\u00fana spolu s\u00a0nami osl\u00e1vi\u0165 Medzin\u00e1rodn\u00fd de\u0148 det\u00ed na hrad Stre\u010dno. Pre v\u0161etky mal\u00e9 aj ve\u013ek\u00e9 deti je pripraven\u00fd bohat\u00fd program v\u00a0\u010dase od 9.00 do 18.00 hod. Prehliadka hradu Stre\u010dno bude \u0161peci\u00e1lne v\u00a0tento de\u0148 obohaten\u00e1 o\u00a0stredovek\u00e9 hry, ktor\u00e9 si spolu s\u00a0vami zahr\u00e1 skupina historick\u00e9ho \u0161ermu Bojn\u00edk. V\u00a0hradnej [&hellip;]\" \/>\n<meta property=\"og:url\" content=\"https:\/\/pmza.sk\/?p=26801\" \/>\n<meta property=\"og:site_name\" content=\"Pova\u017esk\u00e9 m\u00fazeum\" \/>\n<meta property=\"article:publisher\" content=\"https:\/\/www.facebook.com\/povazskemuzeum\" \/>\n<meta property=\"article:published_time\" content=\"2018-05-18T09:40:26+00:00\" \/>\n<meta property=\"og:image\" content=\"https:\/\/pmza.sk\/wp-content\/uploads\/2018\/05\/MDD-1.jpg\" \/>\n\t<meta property=\"og:image:width\" content=\"2482\" \/>\n\t<meta property=\"og:image:height\" content=\"1160\" \/>\n\t<meta property=\"og:image:type\" content=\"image\/jpeg\" \/>\n<meta name=\"author\" content=\"Pova\u017esk\u00e9 m\u00fazeum\" \/>\n<meta name=\"twitter:card\" content=\"summary_large_image\" \/>\n<meta name=\"twitter:label1\" content=\"Autor\" \/>\n\t<meta name=\"twitter:data1\" content=\"Pova\u017esk\u00e9 m\u00fazeum\" \/>\n\t<meta name=\"twitter:label2\" content=\"Predpokladan\u00fd \u010das \u010d\u00edtania\" \/>\n\t<meta name=\"twitter:data2\" content=\"2 min\u00faty\" \/>\n<script type=\"application\/ld+json\" class=\"yoast-schema-graph\">{\"@context\":\"https:\\\/\\\/schema.org\",\"@graph\":[{\"@type\":\"Article\",\"@id\":\"https:\\\/\\\/pmza.sk\\\/?p=26801#article\",\"isPartOf\":{\"@id\":\"https:\\\/\\\/pmza.sk\\\/?p=26801\"},\"author\":{\"name\":\"Pova\u017esk\u00e9 m\u00fazeum\",\"@id\":\"https:\\\/\\\/pmza.sk\\\/#\\\/schema\\\/person\\\/595e6a2ce731ea94dcd5d7f50a41ae33\"},\"headline\":\"MDD na hrade Stre\u010dno\",\"datePublished\":\"2018-05-18T09:40:26+00:00\",\"mainEntityOfPage\":{\"@id\":\"https:\\\/\\\/pmza.sk\\\/?p=26801\"},\"wordCount\":418,\"publisher\":{\"@id\":\"https:\\\/\\\/pmza.sk\\\/#organization\"},\"image\":{\"@id\":\"https:\\\/\\\/pmza.sk\\\/?p=26801#primaryimage\"},\"thumbnailUrl\":\"https:\\\/\\\/pmza.sk\\\/wp-content\\\/uploads\\\/2018\\\/05\\\/MDD-1.jpg\",\"articleSection\":[\"Aktuality\"],\"inLanguage\":\"sk-SK\"},{\"@type\":\"WebPage\",\"@id\":\"https:\\\/\\\/pmza.sk\\\/?p=26801\",\"url\":\"https:\\\/\\\/pmza.sk\\\/?p=26801\",\"name\":\"MDD na hrade Stre\u010dno - Pova\u017esk\u00e9 m\u00fazeum\",\"isPartOf\":{\"@id\":\"https:\\\/\\\/pmza.sk\\\/#website\"},\"primaryImageOfPage\":{\"@id\":\"https:\\\/\\\/pmza.sk\\\/?p=26801#primaryimage\"},\"image\":{\"@id\":\"https:\\\/\\\/pmza.sk\\\/?p=26801#primaryimage\"},\"thumbnailUrl\":\"https:\\\/\\\/pmza.sk\\\/wp-content\\\/uploads\\\/2018\\\/05\\\/MDD-1.jpg\",\"datePublished\":\"2018-05-18T09:40:26+00:00\",\"breadcrumb\":{\"@id\":\"https:\\\/\\\/pmza.sk\\\/?p=26801#breadcrumb\"},\"inLanguage\":\"sk-SK\",\"potentialAction\":[{\"@type\":\"ReadAction\",\"target\":[\"https:\\\/\\\/pmza.sk\\\/?p=26801\"]}]},{\"@type\":\"ImageObject\",\"inLanguage\":\"sk-SK\",\"@id\":\"https:\\\/\\\/pmza.sk\\\/?p=26801#primaryimage\",\"url\":\"https:\\\/\\\/pmza.sk\\\/wp-content\\\/uploads\\\/2018\\\/05\\\/MDD-1.jpg\",\"contentUrl\":\"https:\\\/\\\/pmza.sk\\\/wp-content\\\/uploads\\\/2018\\\/05\\\/MDD-1.jpg\",\"width\":2482,\"height\":1160},{\"@type\":\"BreadcrumbList\",\"@id\":\"https:\\\/\\\/pmza.sk\\\/?p=26801#breadcrumb\",\"itemListElement\":[{\"@type\":\"ListItem\",\"position\":1,\"name\":\"Domovsk\u00e1 str\u00e1nka\",\"item\":\"https:\\\/\\\/pmza.sk\\\/\"},{\"@type\":\"ListItem\",\"position\":2,\"name\":\"MDD na hrade Stre\u010dno\"}]},{\"@type\":\"WebSite\",\"@id\":\"https:\\\/\\\/pmza.sk\\\/#website\",\"url\":\"https:\\\/\\\/pmza.sk\\\/\",\"name\":\"Pova\u017esk\u00e9 m\u00fazeum\",\"description\":\"Pova\u017esk\u00e9 m\u00fazeum v \u017diline je region\u00e1lne m\u00fazeum so s\u00eddlom v Budat\u00edne. Jeho expoz\u00edcie s\u00fa zameran\u00e9 na dejiny slovensk\u00e9ho umenia, kult\u00fary a dopravy.\",\"publisher\":{\"@id\":\"https:\\\/\\\/pmza.sk\\\/#organization\"},\"potentialAction\":[{\"@type\":\"SearchAction\",\"target\":{\"@type\":\"EntryPoint\",\"urlTemplate\":\"https:\\\/\\\/pmza.sk\\\/?s={search_term_string}\"},\"query-input\":{\"@type\":\"PropertyValueSpecification\",\"valueRequired\":true,\"valueName\":\"search_term_string\"}}],\"inLanguage\":\"sk-SK\"},{\"@type\":\"Organization\",\"@id\":\"https:\\\/\\\/pmza.sk\\\/#organization\",\"name\":\"Pova\u017esk\u00e9 m\u00fazeum\",\"url\":\"https:\\\/\\\/pmza.sk\\\/\",\"logo\":{\"@type\":\"ImageObject\",\"inLanguage\":\"sk-SK\",\"@id\":\"https:\\\/\\\/pmza.sk\\\/#\\\/schema\\\/logo\\\/image\\\/\",\"url\":\"https:\\\/\\\/pmza.sk\\\/wp-content\\\/uploads\\\/2022\\\/01\\\/logo_PM_horizontal.jpg\",\"contentUrl\":\"https:\\\/\\\/pmza.sk\\\/wp-content\\\/uploads\\\/2022\\\/01\\\/logo_PM_horizontal.jpg\",\"width\":231,\"height\":142,\"caption\":\"Pova\u017esk\u00e9 m\u00fazeum\"},\"image\":{\"@id\":\"https:\\\/\\\/pmza.sk\\\/#\\\/schema\\\/logo\\\/image\\\/\"},\"sameAs\":[\"https:\\\/\\\/www.facebook.com\\\/povazskemuzeum\",\"https:\\\/\\\/www.instagram.com\\\/povazskemuzeum\\\/\"]},{\"@type\":\"Person\",\"@id\":\"https:\\\/\\\/pmza.sk\\\/#\\\/schema\\\/person\\\/595e6a2ce731ea94dcd5d7f50a41ae33\",\"name\":\"Pova\u017esk\u00e9 m\u00fazeum\",\"image\":{\"@type\":\"ImageObject\",\"inLanguage\":\"sk-SK\",\"@id\":\"https:\\\/\\\/secure.gravatar.com\\\/avatar\\\/2bb7f1561282132fb5826dfeccc66c7996d11ee392ac6aaf7ced8a1c2027fbb2?s=96&d=mm&r=g\",\"url\":\"https:\\\/\\\/secure.gravatar.com\\\/avatar\\\/2bb7f1561282132fb5826dfeccc66c7996d11ee392ac6aaf7ced8a1c2027fbb2?s=96&d=mm&r=g\",\"contentUrl\":\"https:\\\/\\\/secure.gravatar.com\\\/avatar\\\/2bb7f1561282132fb5826dfeccc66c7996d11ee392ac6aaf7ced8a1c2027fbb2?s=96&d=mm&r=g\",\"caption\":\"Pova\u017esk\u00e9 m\u00fazeum\"}}]}<\/script>\n<!-- \/ Yoast SEO plugin. -->","yoast_head_json":{"title":"MDD na hrade Stre\u010dno - Pova\u017esk\u00e9 m\u00fazeum","robots":{"index":"index","follow":"follow","max-snippet":"max-snippet:-1","max-image-preview":"max-image-preview:large","max-video-preview":"max-video-preview:-1"},"canonical":"https:\/\/pmza.sk\/?p=26801","og_locale":"sk_SK","og_type":"article","og_title":"MDD na hrade Stre\u010dno - Pova\u017esk\u00e9 m\u00fazeum","og_description":"M\u00e1te radi hry, z\u00e1bavu a\u00a0rozpr\u00e1vky? Tak ur\u010dite pr\u00ed\u010fte 3. j\u00fana spolu s\u00a0nami osl\u00e1vi\u0165 Medzin\u00e1rodn\u00fd de\u0148 det\u00ed na hrad Stre\u010dno. Pre v\u0161etky mal\u00e9 aj ve\u013ek\u00e9 deti je pripraven\u00fd bohat\u00fd program v\u00a0\u010dase od 9.00 do 18.00 hod. Prehliadka hradu Stre\u010dno bude \u0161peci\u00e1lne v\u00a0tento de\u0148 obohaten\u00e1 o\u00a0stredovek\u00e9 hry, ktor\u00e9 si spolu s\u00a0vami zahr\u00e1 skupina historick\u00e9ho \u0161ermu Bojn\u00edk. V\u00a0hradnej [&hellip;]","og_url":"https:\/\/pmza.sk\/?p=26801","og_site_name":"Pova\u017esk\u00e9 m\u00fazeum","article_publisher":"https:\/\/www.facebook.com\/povazskemuzeum","article_published_time":"2018-05-18T09:40:26+00:00","og_image":[{"width":2482,"height":1160,"url":"https:\/\/pmza.sk\/wp-content\/uploads\/2018\/05\/MDD-1.jpg","type":"image\/jpeg"}],"author":"Pova\u017esk\u00e9 m\u00fazeum","twitter_card":"summary_large_image","twitter_misc":{"Autor":"Pova\u017esk\u00e9 m\u00fazeum","Predpokladan\u00fd \u010das \u010d\u00edtania":"2 min\u00faty"},"schema":{"@context":"https:\/\/schema.org","@graph":[{"@type":"Article","@id":"https:\/\/pmza.sk\/?p=26801#article","isPartOf":{"@id":"https:\/\/pmza.sk\/?p=26801"},"author":{"name":"Pova\u017esk\u00e9 m\u00fazeum","@id":"https:\/\/pmza.sk\/#\/schema\/person\/595e6a2ce731ea94dcd5d7f50a41ae33"},"headline":"MDD na hrade Stre\u010dno","datePublished":"2018-05-18T09:40:26+00:00","mainEntityOfPage":{"@id":"https:\/\/pmza.sk\/?p=26801"},"wordCount":418,"publisher":{"@id":"https:\/\/pmza.sk\/#organization"},"image":{"@id":"https:\/\/pmza.sk\/?p=26801#primaryimage"},"thumbnailUrl":"https:\/\/pmza.sk\/wp-content\/uploads\/2018\/05\/MDD-1.jpg","articleSection":["Aktuality"],"inLanguage":"sk-SK"},{"@type":"WebPage","@id":"https:\/\/pmza.sk\/?p=26801","url":"https:\/\/pmza.sk\/?p=26801","name":"MDD na hrade Stre\u010dno - Pova\u017esk\u00e9 m\u00fazeum","isPartOf":{"@id":"https:\/\/pmza.sk\/#website"},"primaryImageOfPage":{"@id":"https:\/\/pmza.sk\/?p=26801#primaryimage"},"image":{"@id":"https:\/\/pmza.sk\/?p=26801#primaryimage"},"thumbnailUrl":"https:\/\/pmza.sk\/wp-content\/uploads\/2018\/05\/MDD-1.jpg","datePublished":"2018-05-18T09:40:26+00:00","breadcrumb":{"@id":"https:\/\/pmza.sk\/?p=26801#breadcrumb"},"inLanguage":"sk-SK","potentialAction":[{"@type":"ReadAction","target":["https:\/\/pmza.sk\/?p=26801"]}]},{"@type":"ImageObject","inLanguage":"sk-SK","@id":"https:\/\/pmza.sk\/?p=26801#primaryimage","url":"https:\/\/pmza.sk\/wp-content\/uploads\/2018\/05\/MDD-1.jpg","contentUrl":"https:\/\/pmza.sk\/wp-content\/uploads\/2018\/05\/MDD-1.jpg","width":2482,"height":1160},{"@type":"BreadcrumbList","@id":"https:\/\/pmza.sk\/?p=26801#breadcrumb","itemListElement":[{"@type":"ListItem","position":1,"name":"Domovsk\u00e1 str\u00e1nka","item":"https:\/\/pmza.sk\/"},{"@type":"ListItem","position":2,"name":"MDD na hrade Stre\u010dno"}]},{"@type":"WebSite","@id":"https:\/\/pmza.sk\/#website","url":"https:\/\/pmza.sk\/","name":"Pova\u017esk\u00e9 m\u00fazeum","description":"Pova\u017esk\u00e9 m\u00fazeum v \u017diline je region\u00e1lne m\u00fazeum so s\u00eddlom v Budat\u00edne. Jeho expoz\u00edcie s\u00fa zameran\u00e9 na dejiny slovensk\u00e9ho umenia, kult\u00fary a dopravy.","publisher":{"@id":"https:\/\/pmza.sk\/#organization"},"potentialAction":[{"@type":"SearchAction","target":{"@type":"EntryPoint","urlTemplate":"https:\/\/pmza.sk\/?s={search_term_string}"},"query-input":{"@type":"PropertyValueSpecification","valueRequired":true,"valueName":"search_term_string"}}],"inLanguage":"sk-SK"},{"@type":"Organization","@id":"https:\/\/pmza.sk\/#organization","name":"Pova\u017esk\u00e9 m\u00fazeum","url":"https:\/\/pmza.sk\/","logo":{"@type":"ImageObject","inLanguage":"sk-SK","@id":"https:\/\/pmza.sk\/#\/schema\/logo\/image\/","url":"https:\/\/pmza.sk\/wp-content\/uploads\/2022\/01\/logo_PM_horizontal.jpg","contentUrl":"https:\/\/pmza.sk\/wp-content\/uploads\/2022\/01\/logo_PM_horizontal.jpg","width":231,"height":142,"caption":"Pova\u017esk\u00e9 m\u00fazeum"},"image":{"@id":"https:\/\/pmza.sk\/#\/schema\/logo\/image\/"},"sameAs":["https:\/\/www.facebook.com\/povazskemuzeum","https:\/\/www.instagram.com\/povazskemuzeum\/"]},{"@type":"Person","@id":"https:\/\/pmza.sk\/#\/schema\/person\/595e6a2ce731ea94dcd5d7f50a41ae33","name":"Pova\u017esk\u00e9 m\u00fazeum","image":{"@type":"ImageObject","inLanguage":"sk-SK","@id":"https:\/\/secure.gravatar.com\/avatar\/2bb7f1561282132fb5826dfeccc66c7996d11ee392ac6aaf7ced8a1c2027fbb2?s=96&d=mm&r=g","url":"https:\/\/secure.gravatar.com\/avatar\/2bb7f1561282132fb5826dfeccc66c7996d11ee392ac6aaf7ced8a1c2027fbb2?s=96&d=mm&r=g","contentUrl":"https:\/\/secure.gravatar.com\/avatar\/2bb7f1561282132fb5826dfeccc66c7996d11ee392ac6aaf7ced8a1c2027fbb2?s=96&d=mm&r=g","caption":"Pova\u017esk\u00e9 m\u00fazeum"}}]}},"_links":{"self":[{"href":"https:\/\/pmza.sk\/index.php?rest_route=\/wp\/v2\/posts\/26801","targetHints":{"allow":["GET"]}}],"collection":[{"href":"https:\/\/pmza.sk\/index.php?rest_route=\/wp\/v2\/posts"}],"about":[{"href":"https:\/\/pmza.sk\/index.php?rest_route=\/wp\/v2\/types\/post"}],"author":[{"embeddable":true,"href":"https:\/\/pmza.sk\/index.php?rest_route=\/wp\/v2\/users\/2"}],"replies":[{"embeddable":true,"href":"https:\/\/pmza.sk\/index.php?rest_route=%2Fwp%2Fv2%2Fcomments&post=26801"}],"version-history":[{"count":0,"href":"https:\/\/pmza.sk\/index.php?rest_route=\/wp\/v2\/posts\/26801\/revisions"}],"wp:featuredmedia":[{"embeddable":true,"href":"https:\/\/pmza.sk\/index.php?rest_route=\/wp\/v2\/media\/27005"}],"wp:attachment":[{"href":"https:\/\/pmza.sk\/index.php?rest_route=%2Fwp%2Fv2%2Fmedia&parent=26801"}],"wp:term":[{"taxonomy":"category","embeddable":true,"href":"https:\/\/pmza.sk\/index.php?rest_route=%2Fwp%2Fv2%2Fcategories&post=26801"},{"taxonomy":"post_tag","embeddable":true,"href":"https:\/\/pmza.sk\/index.php?rest_route=%2Fwp%2Fv2%2Ftags&post=26801"}],"curies":[{"name":"wp","href":"https:\/\/api.w.org\/{rel}","templated":true}]}}