{"id":2691,"date":"2011-05-06T09:57:44","date_gmt":"2011-05-06T07:57:44","guid":{"rendered":"https:\/\/pmza.sk.sk\/?p=2691"},"modified":"2011-05-06T09:57:44","modified_gmt":"2011-05-06T07:57:44","slug":"noc-v-muzeu-aj-s-expresionistami","status":"publish","type":"post","link":"https:\/\/pmza.sk\/?p=2691","title":{"rendered":"Noc v m\u00fazeu aj s expresionistami"},"content":{"rendered":"<p><a href=\"https:\/\/pmza.sk\/wp-content\/uploads\/2011\/05\/z-vernisaze-expresionizmus-1.jpg\"><img fetchpriority=\"high\" decoding=\"async\" class=\"alignleft size-medium wp-image-2692\" style=\"margin: 4px; border: 2px solid black;\" title=\"z vernisaze expresionizmus 1\" src=\"https:\/\/pmza.sk.sk\/wp-content\/uploads\/2011\/05\/z-vernisaze-expresionizmus-1-300x200.jpg\" alt=\"\" width=\"300\" height=\"200\" \/><\/a>V\u00a0s\u00favislosti so VII. ro\u010dn\u00edkom eur\u00f3pskeho podujatia <strong>Noc m\u00faze\u00ed a\u00a0gal\u00e9ri\u00ed 2011<\/strong> Pova\u017esk\u00e9 m\u00fazeum v\u00a0\u017diline pripravilo pre svojich n\u00e1v\u0161tevn\u00edkov dve zauj\u00edmav\u00e9 ponuky. Stre\u010dniansky hrad bude po\u010das spom\u00ednan\u00e9ho podujatia prv\u00fdkr\u00e1t v\u00a0tomto roku otvoren\u00fd takmer do polnoci. <!--more-->\u201e<em>Kv\u00f4li narastaj\u00facemu dopytu po no\u010dn\u00fdch prehliadkach hradu Stre\u010dno, z\u00a0roka na rok zvy\u0161ujeme ich po\u010det. No\u010dn\u00e9 putovanie hradom v\u00a0kontexte Noci m\u00faze\u00ed a\u00a0gal\u00e9ri\u00ed u\u017e tradi\u010dne symbolicky otv\u00e1ra v\u00a0sez\u00f3ne tento typ ob\u013e\u00faben\u00fdch poduja<\/em>t\u00ed,\u201c uviedla Katar\u00edna Rep\u00e1\u0148ov\u00e1, spr\u00e1vky\u0148a hradu Stre\u010dno. Okrem nev\u0161ednej no\u010dnej atmosf\u00e9ry sa n\u00e1v\u0161tevn\u00edci m\u00f4\u017eu te\u0161i\u0165 na oh\u0148ov\u00e9 predstavenia a\u00a0stredovek\u00e9 hry. Verejnosti bude spr\u00edstupnen\u00e1 aj diel\u0148a konzerv\u00e1tora keramiky kde moment\u00e1lne prebieha re\u0161taurovanie nov\u00fdch archeologick\u00fdch n\u00e1lezov keltsk\u00e9ho opevnenia zo Stran\u00edka pri Tepli\u010dke nad V\u00e1hom.<\/p>\n<p>Prv\u00fdkr\u00e1t sa do Noci m\u00faze\u00ed a\u00a0gal\u00e9ri\u00ed zapoj\u00ed aj are\u00e1l Budat\u00ednskeho hradu. Unik\u00e1tna zbierka obrazov dvadsiatich \u00f4smych najv\u00fdznamnej\u0161\u00edch predstavite\u013eov expresionizmu bude v\u00a0sobotu 14. m\u00e1ja 2011 spr\u00edstupnen\u00e1 a\u017e do 22,00h za symbolick\u00e9 vstupn\u00e9. V\u00fdstava <strong>Expresionizmus \u2013 sila v\u00fdrazovosti,<\/strong> zapo\u017ei\u010dan\u00e1 z\u00a0nemeckej gal\u00e9rie Sundermann W\u0171rzburg, je v\u00a0porad\u00ed u\u017e druhou v\u00fdstavou v \u017diline, ktor\u00e1 pon\u00faka diela svetozn\u00e1mych v\u00fdtvarn\u00edkov. \u201e<em>V\u00a0nacistickom Nemecku boli diela modernistov, z\u00a0ve\u013ekej \u010dasti pr\u00e1ce expresionistov ozna\u010dovan\u00e9 za zvrhl\u00e9, degenerovan\u00e9 umenie. V\u00a0roku 1939 viac ako 5\u00a0000 akvarelov a\u00a0kresieb bolo nacistami sp\u00e1len\u00fdch. Aj preto s\u00fa dnes v\u00fdstavy nemeck\u00fdch expresionistov v\u00fdznamn\u00e9 a\u00a0v\u00fdnimo\u010dn\u00e9,\u201c<\/em> povedala Darina Arce, kur\u00e1torka v\u00fdstavy.<\/p>\n<p>Organiz\u00e1torom no\u010dnej prehliadky v\u00a0sobotu14. m\u00e1ja 2011 na hrade Stre\u010dno od 20,00h do 23,00h a\u00a0v\u00fdstavy Expresionizmus \u2013 sila v\u00fdrazovosti od 19,00h do 22,00h v\u00a0r\u00e1mci podujatia Noc m\u00faze\u00ed a\u00a0gal\u00e9rii 2011 je \u017dilinsk\u00fd samospr\u00e1vny kraj a\u00a0Pova\u017esk\u00e9 m\u00fazeum v\u00a0\u017diline.<\/p>\n","protected":false},"excerpt":{"rendered":"<p>V\u00a0s\u00favislosti so VII. ro\u010dn\u00edkom eur\u00f3pskeho podujatia Noc m\u00faze\u00ed a\u00a0gal\u00e9ri\u00ed 2011 Pova\u017esk\u00e9 m\u00fazeum v\u00a0\u017diline pripravilo pre svojich n\u00e1v\u0161tevn\u00edkov dve zauj\u00edmav\u00e9 ponuky. Stre\u010dniansky hrad bude po\u010das spom\u00ednan\u00e9ho podujatia prv\u00fdkr\u00e1t v\u00a0tomto roku otvoren\u00fd takmer do polnoci.<\/p>\n","protected":false},"author":1,"featured_media":0,"comment_status":"closed","ping_status":"closed","sticky":false,"template":"","format":"standard","meta":{"site-sidebar-layout":"default","site-content-layout":"","ast-site-content-layout":"","site-content-style":"default","site-sidebar-style":"default","ast-global-header-display":"","ast-banner-title-visibility":"","ast-main-header-display":"","ast-hfb-above-header-display":"","ast-hfb-below-header-display":"","ast-hfb-mobile-header-display":"","site-post-title":"","ast-breadcrumbs-content":"","ast-featured-img":"","footer-sml-layout":"","theme-transparent-header-meta":"","adv-header-id-meta":"","stick-header-meta":"","header-above-stick-meta":"","header-main-stick-meta":"","header-below-stick-meta":"","astra-migrate-meta-layouts":"default","ast-page-background-enabled":"default","ast-page-background-meta":{"desktop":{"background-color":"var(--ast-global-color-4)","background-image":"","background-repeat":"repeat","background-position":"center center","background-size":"auto","background-attachment":"scroll","background-type":"","background-media":"","overlay-type":"","overlay-color":"","overlay-opacity":"","overlay-gradient":""},"tablet":{"background-color":"","background-image":"","background-repeat":"repeat","background-position":"center center","background-size":"auto","background-attachment":"scroll","background-type":"","background-media":"","overlay-type":"","overlay-color":"","overlay-opacity":"","overlay-gradient":""},"mobile":{"background-color":"","background-image":"","background-repeat":"repeat","background-position":"center center","background-size":"auto","background-attachment":"scroll","background-type":"","background-media":"","overlay-type":"","overlay-color":"","overlay-opacity":"","overlay-gradient":""}},"ast-content-background-meta":{"desktop":{"background-color":"var(--ast-global-color-5)","background-image":"","background-repeat":"repeat","background-position":"center center","background-size":"auto","background-attachment":"scroll","background-type":"","background-media":"","overlay-type":"","overlay-color":"","overlay-opacity":"","overlay-gradient":""},"tablet":{"background-color":"var(--ast-global-color-5)","background-image":"","background-repeat":"repeat","background-position":"center center","background-size":"auto","background-attachment":"scroll","background-type":"","background-media":"","overlay-type":"","overlay-color":"","overlay-opacity":"","overlay-gradient":""},"mobile":{"background-color":"var(--ast-global-color-5)","background-image":"","background-repeat":"repeat","background-position":"center center","background-size":"auto","background-attachment":"scroll","background-type":"","background-media":"","overlay-type":"","overlay-color":"","overlay-opacity":"","overlay-gradient":""}},"footnotes":""},"categories":[30],"tags":[],"class_list":["post-2691","post","type-post","status-publish","format-standard","hentry","category-archiv-2011"],"yoast_head":"<!-- This site is optimized with the Yoast SEO plugin v27.4 - https:\/\/yoast.com\/product\/yoast-seo-wordpress\/ -->\n<title>Noc v m\u00fazeu aj s expresionistami - Pova\u017esk\u00e9 m\u00fazeum<\/title>\n<meta name=\"robots\" content=\"index, follow, max-snippet:-1, max-image-preview:large, max-video-preview:-1\" \/>\n<link rel=\"canonical\" href=\"https:\/\/pmza.sk\/?p=2691\" \/>\n<meta property=\"og:locale\" content=\"sk_SK\" \/>\n<meta property=\"og:type\" content=\"article\" \/>\n<meta property=\"og:title\" content=\"Noc v m\u00fazeu aj s expresionistami - Pova\u017esk\u00e9 m\u00fazeum\" \/>\n<meta property=\"og:description\" content=\"V\u00a0s\u00favislosti so VII. ro\u010dn\u00edkom eur\u00f3pskeho podujatia Noc m\u00faze\u00ed a\u00a0gal\u00e9ri\u00ed 2011 Pova\u017esk\u00e9 m\u00fazeum v\u00a0\u017diline pripravilo pre svojich n\u00e1v\u0161tevn\u00edkov dve zauj\u00edmav\u00e9 ponuky. Stre\u010dniansky hrad bude po\u010das spom\u00ednan\u00e9ho podujatia prv\u00fdkr\u00e1t v\u00a0tomto roku otvoren\u00fd takmer do polnoci.\" \/>\n<meta property=\"og:url\" content=\"https:\/\/pmza.sk\/?p=2691\" \/>\n<meta property=\"og:site_name\" content=\"Pova\u017esk\u00e9 m\u00fazeum\" \/>\n<meta property=\"article:publisher\" content=\"https:\/\/www.facebook.com\/povazskemuzeum\" \/>\n<meta property=\"article:published_time\" content=\"2011-05-06T07:57:44+00:00\" \/>\n<meta property=\"og:image\" content=\"https:\/\/pmza.sk.sk\/wp-content\/uploads\/2011\/05\/z-vernisaze-expresionizmus-1-300x200.jpg\" \/>\n<meta name=\"author\" content=\"libor\" \/>\n<meta name=\"twitter:card\" content=\"summary_large_image\" \/>\n<meta name=\"twitter:label1\" content=\"Autor\" \/>\n\t<meta name=\"twitter:data1\" content=\"libor\" \/>\n\t<meta name=\"twitter:label2\" content=\"Predpokladan\u00fd \u010das \u010d\u00edtania\" \/>\n\t<meta name=\"twitter:data2\" content=\"2 min\u00faty\" \/>\n<script type=\"application\/ld+json\" class=\"yoast-schema-graph\">{\"@context\":\"https:\\\/\\\/schema.org\",\"@graph\":[{\"@type\":\"Article\",\"@id\":\"https:\\\/\\\/pmza.sk\\\/?p=2691#article\",\"isPartOf\":{\"@id\":\"https:\\\/\\\/pmza.sk\\\/?p=2691\"},\"author\":{\"name\":\"libor\",\"@id\":\"https:\\\/\\\/pmza.sk\\\/#\\\/schema\\\/person\\\/f0b923a9aa8e1f67feef0d7cd9afde35\"},\"headline\":\"Noc v m\u00fazeu aj s expresionistami\",\"datePublished\":\"2011-05-06T07:57:44+00:00\",\"mainEntityOfPage\":{\"@id\":\"https:\\\/\\\/pmza.sk\\\/?p=2691\"},\"wordCount\":358,\"publisher\":{\"@id\":\"https:\\\/\\\/pmza.sk\\\/#organization\"},\"image\":{\"@id\":\"https:\\\/\\\/pmza.sk\\\/?p=2691#primaryimage\"},\"thumbnailUrl\":\"http:\\\/\\\/pmza.sk.sk\\\/wp-content\\\/uploads\\\/2011\\\/05\\\/z-vernisaze-expresionizmus-1-300x200.jpg\",\"articleSection\":[\"Arch\u00edv 2011\"],\"inLanguage\":\"sk-SK\"},{\"@type\":\"WebPage\",\"@id\":\"https:\\\/\\\/pmza.sk\\\/?p=2691\",\"url\":\"https:\\\/\\\/pmza.sk\\\/?p=2691\",\"name\":\"Noc v m\u00fazeu aj s expresionistami - Pova\u017esk\u00e9 m\u00fazeum\",\"isPartOf\":{\"@id\":\"https:\\\/\\\/pmza.sk\\\/#website\"},\"primaryImageOfPage\":{\"@id\":\"https:\\\/\\\/pmza.sk\\\/?p=2691#primaryimage\"},\"image\":{\"@id\":\"https:\\\/\\\/pmza.sk\\\/?p=2691#primaryimage\"},\"thumbnailUrl\":\"http:\\\/\\\/pmza.sk.sk\\\/wp-content\\\/uploads\\\/2011\\\/05\\\/z-vernisaze-expresionizmus-1-300x200.jpg\",\"datePublished\":\"2011-05-06T07:57:44+00:00\",\"breadcrumb\":{\"@id\":\"https:\\\/\\\/pmza.sk\\\/?p=2691#breadcrumb\"},\"inLanguage\":\"sk-SK\",\"potentialAction\":[{\"@type\":\"ReadAction\",\"target\":[\"https:\\\/\\\/pmza.sk\\\/?p=2691\"]}]},{\"@type\":\"ImageObject\",\"inLanguage\":\"sk-SK\",\"@id\":\"https:\\\/\\\/pmza.sk\\\/?p=2691#primaryimage\",\"url\":\"http:\\\/\\\/pmza.sk.sk\\\/wp-content\\\/uploads\\\/2011\\\/05\\\/z-vernisaze-expresionizmus-1-300x200.jpg\",\"contentUrl\":\"http:\\\/\\\/pmza.sk.sk\\\/wp-content\\\/uploads\\\/2011\\\/05\\\/z-vernisaze-expresionizmus-1-300x200.jpg\"},{\"@type\":\"BreadcrumbList\",\"@id\":\"https:\\\/\\\/pmza.sk\\\/?p=2691#breadcrumb\",\"itemListElement\":[{\"@type\":\"ListItem\",\"position\":1,\"name\":\"Domovsk\u00e1 str\u00e1nka\",\"item\":\"https:\\\/\\\/pmza.sk\\\/\"},{\"@type\":\"ListItem\",\"position\":2,\"name\":\"Noc v m\u00fazeu aj s expresionistami\"}]},{\"@type\":\"WebSite\",\"@id\":\"https:\\\/\\\/pmza.sk\\\/#website\",\"url\":\"https:\\\/\\\/pmza.sk\\\/\",\"name\":\"Pova\u017esk\u00e9 m\u00fazeum\",\"description\":\"Pova\u017esk\u00e9 m\u00fazeum v \u017diline je region\u00e1lne m\u00fazeum so s\u00eddlom v Budat\u00edne. Jeho expoz\u00edcie s\u00fa zameran\u00e9 na dejiny slovensk\u00e9ho umenia, kult\u00fary a dopravy.\",\"publisher\":{\"@id\":\"https:\\\/\\\/pmza.sk\\\/#organization\"},\"potentialAction\":[{\"@type\":\"SearchAction\",\"target\":{\"@type\":\"EntryPoint\",\"urlTemplate\":\"https:\\\/\\\/pmza.sk\\\/?s={search_term_string}\"},\"query-input\":{\"@type\":\"PropertyValueSpecification\",\"valueRequired\":true,\"valueName\":\"search_term_string\"}}],\"inLanguage\":\"sk-SK\"},{\"@type\":\"Organization\",\"@id\":\"https:\\\/\\\/pmza.sk\\\/#organization\",\"name\":\"Pova\u017esk\u00e9 m\u00fazeum\",\"url\":\"https:\\\/\\\/pmza.sk\\\/\",\"logo\":{\"@type\":\"ImageObject\",\"inLanguage\":\"sk-SK\",\"@id\":\"https:\\\/\\\/pmza.sk\\\/#\\\/schema\\\/logo\\\/image\\\/\",\"url\":\"https:\\\/\\\/pmza.sk\\\/wp-content\\\/uploads\\\/2022\\\/01\\\/logo_PM_horizontal.jpg\",\"contentUrl\":\"https:\\\/\\\/pmza.sk\\\/wp-content\\\/uploads\\\/2022\\\/01\\\/logo_PM_horizontal.jpg\",\"width\":231,\"height\":142,\"caption\":\"Pova\u017esk\u00e9 m\u00fazeum\"},\"image\":{\"@id\":\"https:\\\/\\\/pmza.sk\\\/#\\\/schema\\\/logo\\\/image\\\/\"},\"sameAs\":[\"https:\\\/\\\/www.facebook.com\\\/povazskemuzeum\",\"https:\\\/\\\/www.instagram.com\\\/povazskemuzeum\\\/\"]},{\"@type\":\"Person\",\"@id\":\"https:\\\/\\\/pmza.sk\\\/#\\\/schema\\\/person\\\/f0b923a9aa8e1f67feef0d7cd9afde35\",\"name\":\"libor\",\"image\":{\"@type\":\"ImageObject\",\"inLanguage\":\"sk-SK\",\"@id\":\"https:\\\/\\\/secure.gravatar.com\\\/avatar\\\/c583dbc698e594aacced1589eb8cf1673bd41d461e8b2ab635484ffc26fee7b0?s=96&d=mm&r=g\",\"url\":\"https:\\\/\\\/secure.gravatar.com\\\/avatar\\\/c583dbc698e594aacced1589eb8cf1673bd41d461e8b2ab635484ffc26fee7b0?s=96&d=mm&r=g\",\"contentUrl\":\"https:\\\/\\\/secure.gravatar.com\\\/avatar\\\/c583dbc698e594aacced1589eb8cf1673bd41d461e8b2ab635484ffc26fee7b0?s=96&d=mm&r=g\",\"caption\":\"libor\"}}]}<\/script>\n<!-- \/ Yoast SEO plugin. -->","yoast_head_json":{"title":"Noc v m\u00fazeu aj s expresionistami - Pova\u017esk\u00e9 m\u00fazeum","robots":{"index":"index","follow":"follow","max-snippet":"max-snippet:-1","max-image-preview":"max-image-preview:large","max-video-preview":"max-video-preview:-1"},"canonical":"https:\/\/pmza.sk\/?p=2691","og_locale":"sk_SK","og_type":"article","og_title":"Noc v m\u00fazeu aj s expresionistami - Pova\u017esk\u00e9 m\u00fazeum","og_description":"V\u00a0s\u00favislosti so VII. ro\u010dn\u00edkom eur\u00f3pskeho podujatia Noc m\u00faze\u00ed a\u00a0gal\u00e9ri\u00ed 2011 Pova\u017esk\u00e9 m\u00fazeum v\u00a0\u017diline pripravilo pre svojich n\u00e1v\u0161tevn\u00edkov dve zauj\u00edmav\u00e9 ponuky. Stre\u010dniansky hrad bude po\u010das spom\u00ednan\u00e9ho podujatia prv\u00fdkr\u00e1t v\u00a0tomto roku otvoren\u00fd takmer do polnoci.","og_url":"https:\/\/pmza.sk\/?p=2691","og_site_name":"Pova\u017esk\u00e9 m\u00fazeum","article_publisher":"https:\/\/www.facebook.com\/povazskemuzeum","article_published_time":"2011-05-06T07:57:44+00:00","og_image":[{"url":"https:\/\/pmza.sk.sk\/wp-content\/uploads\/2011\/05\/z-vernisaze-expresionizmus-1-300x200.jpg","type":"","width":"","height":""}],"author":"libor","twitter_card":"summary_large_image","twitter_misc":{"Autor":"libor","Predpokladan\u00fd \u010das \u010d\u00edtania":"2 min\u00faty"},"schema":{"@context":"https:\/\/schema.org","@graph":[{"@type":"Article","@id":"https:\/\/pmza.sk\/?p=2691#article","isPartOf":{"@id":"https:\/\/pmza.sk\/?p=2691"},"author":{"name":"libor","@id":"https:\/\/pmza.sk\/#\/schema\/person\/f0b923a9aa8e1f67feef0d7cd9afde35"},"headline":"Noc v m\u00fazeu aj s expresionistami","datePublished":"2011-05-06T07:57:44+00:00","mainEntityOfPage":{"@id":"https:\/\/pmza.sk\/?p=2691"},"wordCount":358,"publisher":{"@id":"https:\/\/pmza.sk\/#organization"},"image":{"@id":"https:\/\/pmza.sk\/?p=2691#primaryimage"},"thumbnailUrl":"https:\/\/pmza.sk.sk\/wp-content\/uploads\/2011\/05\/z-vernisaze-expresionizmus-1-300x200.jpg","articleSection":["Arch\u00edv 2011"],"inLanguage":"sk-SK"},{"@type":"WebPage","@id":"https:\/\/pmza.sk\/?p=2691","url":"https:\/\/pmza.sk\/?p=2691","name":"Noc v m\u00fazeu aj s expresionistami - Pova\u017esk\u00e9 m\u00fazeum","isPartOf":{"@id":"https:\/\/pmza.sk\/#website"},"primaryImageOfPage":{"@id":"https:\/\/pmza.sk\/?p=2691#primaryimage"},"image":{"@id":"https:\/\/pmza.sk\/?p=2691#primaryimage"},"thumbnailUrl":"https:\/\/pmza.sk.sk\/wp-content\/uploads\/2011\/05\/z-vernisaze-expresionizmus-1-300x200.jpg","datePublished":"2011-05-06T07:57:44+00:00","breadcrumb":{"@id":"https:\/\/pmza.sk\/?p=2691#breadcrumb"},"inLanguage":"sk-SK","potentialAction":[{"@type":"ReadAction","target":["https:\/\/pmza.sk\/?p=2691"]}]},{"@type":"ImageObject","inLanguage":"sk-SK","@id":"https:\/\/pmza.sk\/?p=2691#primaryimage","url":"https:\/\/pmza.sk.sk\/wp-content\/uploads\/2011\/05\/z-vernisaze-expresionizmus-1-300x200.jpg","contentUrl":"https:\/\/pmza.sk.sk\/wp-content\/uploads\/2011\/05\/z-vernisaze-expresionizmus-1-300x200.jpg"},{"@type":"BreadcrumbList","@id":"https:\/\/pmza.sk\/?p=2691#breadcrumb","itemListElement":[{"@type":"ListItem","position":1,"name":"Domovsk\u00e1 str\u00e1nka","item":"https:\/\/pmza.sk\/"},{"@type":"ListItem","position":2,"name":"Noc v m\u00fazeu aj s expresionistami"}]},{"@type":"WebSite","@id":"https:\/\/pmza.sk\/#website","url":"https:\/\/pmza.sk\/","name":"Pova\u017esk\u00e9 m\u00fazeum","description":"Pova\u017esk\u00e9 m\u00fazeum v \u017diline je region\u00e1lne m\u00fazeum so s\u00eddlom v Budat\u00edne. Jeho expoz\u00edcie s\u00fa zameran\u00e9 na dejiny slovensk\u00e9ho umenia, kult\u00fary a dopravy.","publisher":{"@id":"https:\/\/pmza.sk\/#organization"},"potentialAction":[{"@type":"SearchAction","target":{"@type":"EntryPoint","urlTemplate":"https:\/\/pmza.sk\/?s={search_term_string}"},"query-input":{"@type":"PropertyValueSpecification","valueRequired":true,"valueName":"search_term_string"}}],"inLanguage":"sk-SK"},{"@type":"Organization","@id":"https:\/\/pmza.sk\/#organization","name":"Pova\u017esk\u00e9 m\u00fazeum","url":"https:\/\/pmza.sk\/","logo":{"@type":"ImageObject","inLanguage":"sk-SK","@id":"https:\/\/pmza.sk\/#\/schema\/logo\/image\/","url":"https:\/\/pmza.sk\/wp-content\/uploads\/2022\/01\/logo_PM_horizontal.jpg","contentUrl":"https:\/\/pmza.sk\/wp-content\/uploads\/2022\/01\/logo_PM_horizontal.jpg","width":231,"height":142,"caption":"Pova\u017esk\u00e9 m\u00fazeum"},"image":{"@id":"https:\/\/pmza.sk\/#\/schema\/logo\/image\/"},"sameAs":["https:\/\/www.facebook.com\/povazskemuzeum","https:\/\/www.instagram.com\/povazskemuzeum\/"]},{"@type":"Person","@id":"https:\/\/pmza.sk\/#\/schema\/person\/f0b923a9aa8e1f67feef0d7cd9afde35","name":"libor","image":{"@type":"ImageObject","inLanguage":"sk-SK","@id":"https:\/\/secure.gravatar.com\/avatar\/c583dbc698e594aacced1589eb8cf1673bd41d461e8b2ab635484ffc26fee7b0?s=96&d=mm&r=g","url":"https:\/\/secure.gravatar.com\/avatar\/c583dbc698e594aacced1589eb8cf1673bd41d461e8b2ab635484ffc26fee7b0?s=96&d=mm&r=g","contentUrl":"https:\/\/secure.gravatar.com\/avatar\/c583dbc698e594aacced1589eb8cf1673bd41d461e8b2ab635484ffc26fee7b0?s=96&d=mm&r=g","caption":"libor"}}]}},"_links":{"self":[{"href":"https:\/\/pmza.sk\/index.php?rest_route=\/wp\/v2\/posts\/2691","targetHints":{"allow":["GET"]}}],"collection":[{"href":"https:\/\/pmza.sk\/index.php?rest_route=\/wp\/v2\/posts"}],"about":[{"href":"https:\/\/pmza.sk\/index.php?rest_route=\/wp\/v2\/types\/post"}],"author":[{"embeddable":true,"href":"https:\/\/pmza.sk\/index.php?rest_route=\/wp\/v2\/users\/1"}],"replies":[{"embeddable":true,"href":"https:\/\/pmza.sk\/index.php?rest_route=%2Fwp%2Fv2%2Fcomments&post=2691"}],"version-history":[{"count":0,"href":"https:\/\/pmza.sk\/index.php?rest_route=\/wp\/v2\/posts\/2691\/revisions"}],"wp:attachment":[{"href":"https:\/\/pmza.sk\/index.php?rest_route=%2Fwp%2Fv2%2Fmedia&parent=2691"}],"wp:term":[{"taxonomy":"category","embeddable":true,"href":"https:\/\/pmza.sk\/index.php?rest_route=%2Fwp%2Fv2%2Fcategories&post=2691"},{"taxonomy":"post_tag","embeddable":true,"href":"https:\/\/pmza.sk\/index.php?rest_route=%2Fwp%2Fv2%2Ftags&post=2691"}],"curies":[{"name":"wp","href":"https:\/\/api.w.org\/{rel}","templated":true}]}}