{"id":27459,"date":"2018-05-29T12:48:38","date_gmt":"2018-05-29T10:48:38","guid":{"rendered":"https:\/\/pmza.sk\/?p=27459"},"modified":"2018-05-29T12:48:38","modified_gmt":"2018-05-29T10:48:38","slug":"piknik-v-meste","status":"publish","type":"post","link":"https:\/\/pmza.sk\/?p=27459","title":{"rendered":"Piknik v meste"},"content":{"rendered":"<p>U\u017e tento v\u00edkend sa bude v\u00a0Pova\u017eskom m\u00fazeu v\u00a0\u017diline, v\u00a0Budat\u00ednskom parku, kona\u0165 prv\u00fd ro\u010dn\u00edk gastronomick\u00e9ho podujatia Piknik v\u00a0meste. Organiz\u00e1torky s\u013eubuj\u00fa skvel\u00e9 jedlo, z\u00e1bavu, eduk\u00e1cie a\u00a0bohat\u00fd program pre rodiny s\u00a0de\u0165mi.<\/p>\n<p><a class=\"single-popup-image\" href=\"https:\/\/pmza.sk\/wp-content\/uploads\/2018\/06\/iStock_89990007_XXXLARGE.jpg\"><img decoding=\"async\" class=\"alignleft wp-image-27988\" src=\"https:\/\/pmza.sk\/wp-content\/uploads\/2018\/06\/iStock_89990007_XXXLARGE-475x300.jpg\" alt=\"\" width=\"230\" height=\"145\" \/><\/a><\/p>\n<p>Piknik v\u00a0meste bude gastronomick\u00fdm podujat\u00edm, ktor\u00e9 m\u00e1 amb\u00edciu stava\u0165 do popredia lok\u00e1lnu i\u00a0sez\u00f3nnu gastron\u00f3miu<em>. \u201eOslovovali sme preva\u017ene prev\u00e1dzky a\u00a0producentov zo \u017dilinsk\u00e9ho kraja, preto\u017ee sme mali od za\u010diatku jasne stanoven\u00fd koncept,\u201c <\/em>hovor\u00ed jedna z\u00a0organiz\u00e1toriek Andrea Mand\u00e1kov\u00e1. Na pikniku v\u00a0meste sa tak m\u00f4\u017eu n\u00e1v\u0161tevn\u00edci te\u0161i\u0165 na 35 vystavovate\u013eov, ktor\u00ed bud\u00fa prezentova\u0165 to najlep\u0161ie zo svojej produkcie. N\u00e1v\u0161tevn\u00edci sa m\u00f4\u017eu te\u0161i\u0165 napr\u00edklad na <strong>smoothie, raw dezerty, tradi\u010dn\u00fa b\u00e1bovku, dom\u00e1ce frg\u00e1le, pag\u00e1\u010de, kr\u00e1\u013eovsk\u00e9 trdeln\u00edky, ale aj klasick\u00e9 placky pripraven\u00e9 z\u00a0bezlepkov\u00fdch m\u00fak pripravovan\u00e9 vychyten\u00fdmi \u017eilinsk\u00fdmi \u0161\u00e9fkuch\u00e1rmi. <\/strong>S\u00fa\u010das\u0165ou podujatia bud\u00fa okrem in\u00e9ho aj streetfoodov\u00e9 prev\u00e1dzky, ktor\u00e9 s\u00fa na Slovensku aktu\u00e1lne ve\u013ek\u00fdm trendom. Pon\u00faka\u0165 bud\u00fa \u0161\u0165avnat\u00e9 burgre, \u010di bezlepkov\u00e9 hotdogy.<a class=\"single-popup-image\" href=\"https:\/\/pmza.sk\/wp-content\/uploads\/2018\/06\/kokosove-misky-.jpg\"><img decoding=\"async\" class=\" wp-image-27989 alignright\" src=\"https:\/\/pmza.sk\/wp-content\/uploads\/2018\/06\/kokosove-misky--475x300.jpg\" alt=\"\" width=\"230\" height=\"145\" \/><\/a><\/p>\n<p>\u201e<em>Ve\u013emi n\u00e1m z\u00e1le\u017ealo aj na alternat\u00edvnom stravovan\u00ed, preto sme rady, \u017ee m\u00e1me \u010do pon\u00faknu\u0165<strong> vegetari\u00e1nom, veg\u00e1nom, ale aj celiatikom,<\/strong><\/em>\u201c dop\u013a\u0148a druh\u00e1 z\u00a0organiz\u00e1toriek Sa\u0161a \u0160tullerov\u00e1, ktor\u00e1 z\u00e1rove\u0148 dod\u00e1va, \u017ee podujatie bude o\u00a0t\u00e9mach ako je zdrav\u00e9 stravovanie a\u00a0ekol\u00f3gia. \u201e<em>Na\u0161i predajcovia bud\u00fa pou\u017e\u00edva\u0165 v\u00fdlu\u010dne ekologick\u00fd invent\u00e1r, pl\u00e1nujeme separova\u0165 plast, zbiera\u0165 pou\u017eit\u00fd olej a\u00a0pr\u00edpadn\u00e9 zvy\u0161ky jed\u00e1l,<\/em>\u201c hovor\u00ed. Organiz\u00e1torky mysleli aj na rodiny s\u00a0de\u0165mi. S\u00fa\u010das\u0165ou Pikniku v\u00a0meste s\u00fa tak eduka\u010dn\u00e9 workshopy pre najmen\u0161\u00edch, mas\u00e1\u017ee pre rodi\u010dov, \u010di rann\u00e1 joga. V\u00a0r\u00e1mci kult\u00farneho programu sa predstav\u00ed <strong>Tom\u00e1\u0161 Bezdeda<\/strong> a\u00a0ve\u010dern\u00fdm koncertom ho ukon\u010d\u00ed bluesov\u00e9 duo <strong>Erich Bobo\u0161 Proch\u00e1zka a\u00a0Marek Wollf.<\/strong> Ambas\u00e1dorkou a\u00a0moder\u00e1torkou podujatia je zn\u00e1ma \u017dilin\u010danka <strong>Andrea \u0160prochov\u00e1<\/strong>.<\/p>\n<p><a class=\"single-popup-image\" href=\"https:\/\/pmza.sk\/wp-content\/uploads\/2018\/06\/image4.jpeg\"><img decoding=\"async\" class=\"alignleft  wp-image-27987\" src=\"https:\/\/pmza.sk\/wp-content\/uploads\/2018\/06\/image4-475x300.jpeg\" alt=\"\" width=\"230\" height=\"145\" \/><\/a>\u201e<em>Piknik v\u00a0meste by mal by\u0165 z\u00e1hradnou party, kde si \u013eudia sadn\u00fa na deky a\u00a0bud\u00fa vychutn\u00e1va\u0165 kvalitn\u00e9 jedlo od na\u0161ich predajcov, ako aj atmosf\u00e9ru podujatia a\u00a0prostredia, ktor\u00e9 im Budat\u00edn pon\u00faka. <strong>Lok\u00e1lna gastron\u00f3mia, zdrav\u00fd \u017eivotn\u00fd \u0161t\u00fdl a\u00a0ekol\u00f3gia<\/strong>, to s\u00fa tri z\u00e1kladn\u00e9 piliere, ktor\u00e9 pl\u00e1nujeme v\u00a0r\u00e1mci podujatia udr\u017ea\u0165 a\u00a0do bud\u00facnosti rozv\u00edja\u0165.\u201c<\/em><\/p>\n<p>Kona\u0165 sa bude 16. 6. 2018 v\u00a0Budat\u00ednskom parku od 10.00 do 21.00 h., vstupenky je mo\u017en\u00e9 zak\u00fapi\u0165 online na webe organiz\u00e1tora.<\/p>\n<p>Ak na Piknik v\u00a0meste cestujete, a\u00a0radi by ste si \u017dilinu u\u017eili intenz\u00edvnej\u0161ie, m\u00e1te v\u00fdborn\u00fa mo\u017enos\u0165 na pr\u00edjemn\u00e9 v\u00edkendov\u00e9 ubytovanie v\u00a0Hoteli Dubn\u00e1 Skala****. S\u00eddli priamo v\u00a0historickom centre \u017diliny, iba 5 min\u00fat jazdy od Budat\u00ednskeho hradu. Tento hotel je ob\u013e\u00faben\u00fd aj v\u010faka svojej jedine\u010dnej gastron\u00f3mii.<\/p>\n<p>Inform\u00e1cie n\u00e1jdete aj na <a href=\"http:\/\/www.piknikvmeste.sk\">www.piknikvmeste.sk<\/a><\/p>\n","protected":false},"excerpt":{"rendered":"<p>U\u017e tento v\u00edkend sa bude v\u00a0Pova\u017eskom m\u00fazeu v\u00a0\u017diline, v\u00a0Budat\u00ednskom parku, kona\u0165 prv\u00fd ro\u010dn\u00edk gastronomick\u00e9ho podujatia Piknik v\u00a0meste. Organiz\u00e1torky s\u013eubuj\u00fa skvel\u00e9 jedlo, z\u00e1bavu, eduk\u00e1cie a\u00a0bohat\u00fd program pre rodiny s\u00a0de\u0165mi. Piknik v\u00a0meste bude gastronomick\u00fdm podujat\u00edm, ktor\u00e9 m\u00e1 amb\u00edciu stava\u0165 do popredia lok\u00e1lnu i\u00a0sez\u00f3nnu gastron\u00f3miu. \u201eOslovovali sme preva\u017ene prev\u00e1dzky a\u00a0producentov zo \u017dilinsk\u00e9ho kraja, preto\u017ee sme mali od za\u010diatku [&hellip;]<\/p>\n","protected":false},"author":2,"featured_media":27461,"comment_status":"closed","ping_status":"closed","sticky":false,"template":"","format":"standard","meta":{"site-sidebar-layout":"default","site-content-layout":"","ast-site-content-layout":"","site-content-style":"default","site-sidebar-style":"default","ast-global-header-display":"","ast-banner-title-visibility":"","ast-main-header-display":"","ast-hfb-above-header-display":"","ast-hfb-below-header-display":"","ast-hfb-mobile-header-display":"","site-post-title":"","ast-breadcrumbs-content":"","ast-featured-img":"","footer-sml-layout":"","theme-transparent-header-meta":"","adv-header-id-meta":"","stick-header-meta":"","header-above-stick-meta":"","header-main-stick-meta":"","header-below-stick-meta":"","astra-migrate-meta-layouts":"default","ast-page-background-enabled":"default","ast-page-background-meta":{"desktop":{"background-color":"var(--ast-global-color-4)","background-image":"","background-repeat":"repeat","background-position":"center center","background-size":"auto","background-attachment":"scroll","background-type":"","background-media":"","overlay-type":"","overlay-color":"","overlay-opacity":"","overlay-gradient":""},"tablet":{"background-color":"","background-image":"","background-repeat":"repeat","background-position":"center center","background-size":"auto","background-attachment":"scroll","background-type":"","background-media":"","overlay-type":"","overlay-color":"","overlay-opacity":"","overlay-gradient":""},"mobile":{"background-color":"","background-image":"","background-repeat":"repeat","background-position":"center center","background-size":"auto","background-attachment":"scroll","background-type":"","background-media":"","overlay-type":"","overlay-color":"","overlay-opacity":"","overlay-gradient":""}},"ast-content-background-meta":{"desktop":{"background-color":"var(--ast-global-color-5)","background-image":"","background-repeat":"repeat","background-position":"center center","background-size":"auto","background-attachment":"scroll","background-type":"","background-media":"","overlay-type":"","overlay-color":"","overlay-opacity":"","overlay-gradient":""},"tablet":{"background-color":"var(--ast-global-color-5)","background-image":"","background-repeat":"repeat","background-position":"center center","background-size":"auto","background-attachment":"scroll","background-type":"","background-media":"","overlay-type":"","overlay-color":"","overlay-opacity":"","overlay-gradient":""},"mobile":{"background-color":"var(--ast-global-color-5)","background-image":"","background-repeat":"repeat","background-position":"center center","background-size":"auto","background-attachment":"scroll","background-type":"","background-media":"","overlay-type":"","overlay-color":"","overlay-opacity":"","overlay-gradient":""}},"footnotes":""},"categories":[31],"tags":[],"class_list":["post-27459","post","type-post","status-publish","format-standard","has-post-thumbnail","hentry","category-aktuality"],"yoast_head":"<!-- This site is optimized with the Yoast SEO plugin v27.4 - https:\/\/yoast.com\/product\/yoast-seo-wordpress\/ -->\n<title>Piknik v meste - Pova\u017esk\u00e9 m\u00fazeum<\/title>\n<meta name=\"robots\" content=\"index, follow, max-snippet:-1, max-image-preview:large, max-video-preview:-1\" \/>\n<link rel=\"canonical\" href=\"https:\/\/pmza.sk\/?p=27459\" \/>\n<meta property=\"og:locale\" content=\"sk_SK\" \/>\n<meta property=\"og:type\" content=\"article\" \/>\n<meta property=\"og:title\" content=\"Piknik v meste - Pova\u017esk\u00e9 m\u00fazeum\" \/>\n<meta property=\"og:description\" content=\"U\u017e tento v\u00edkend sa bude v\u00a0Pova\u017eskom m\u00fazeu v\u00a0\u017diline, v\u00a0Budat\u00ednskom parku, kona\u0165 prv\u00fd ro\u010dn\u00edk gastronomick\u00e9ho podujatia Piknik v\u00a0meste. Organiz\u00e1torky s\u013eubuj\u00fa skvel\u00e9 jedlo, z\u00e1bavu, eduk\u00e1cie a\u00a0bohat\u00fd program pre rodiny s\u00a0de\u0165mi. Piknik v\u00a0meste bude gastronomick\u00fdm podujat\u00edm, ktor\u00e9 m\u00e1 amb\u00edciu stava\u0165 do popredia lok\u00e1lnu i\u00a0sez\u00f3nnu gastron\u00f3miu. \u201eOslovovali sme preva\u017ene prev\u00e1dzky a\u00a0producentov zo \u017dilinsk\u00e9ho kraja, preto\u017ee sme mali od za\u010diatku [&hellip;]\" \/>\n<meta property=\"og:url\" content=\"https:\/\/pmza.sk\/?p=27459\" \/>\n<meta property=\"og:site_name\" content=\"Pova\u017esk\u00e9 m\u00fazeum\" \/>\n<meta property=\"article:publisher\" content=\"https:\/\/www.facebook.com\/povazskemuzeum\" \/>\n<meta property=\"article:published_time\" content=\"2018-05-29T10:48:38+00:00\" \/>\n<meta name=\"author\" content=\"Pova\u017esk\u00e9 m\u00fazeum\" \/>\n<meta name=\"twitter:card\" content=\"summary_large_image\" \/>\n<meta name=\"twitter:label1\" content=\"Autor\" \/>\n\t<meta name=\"twitter:data1\" content=\"Pova\u017esk\u00e9 m\u00fazeum\" \/>\n\t<meta name=\"twitter:label2\" content=\"Predpokladan\u00fd \u010das \u010d\u00edtania\" \/>\n\t<meta name=\"twitter:data2\" content=\"3 min\u00faty\" \/>\n<script type=\"application\/ld+json\" class=\"yoast-schema-graph\">{\"@context\":\"https:\\\/\\\/schema.org\",\"@graph\":[{\"@type\":\"Article\",\"@id\":\"https:\\\/\\\/pmza.sk\\\/?p=27459#article\",\"isPartOf\":{\"@id\":\"https:\\\/\\\/pmza.sk\\\/?p=27459\"},\"author\":{\"name\":\"Pova\u017esk\u00e9 m\u00fazeum\",\"@id\":\"https:\\\/\\\/pmza.sk\\\/#\\\/schema\\\/person\\\/595e6a2ce731ea94dcd5d7f50a41ae33\"},\"headline\":\"Piknik v meste\",\"datePublished\":\"2018-05-29T10:48:38+00:00\",\"mainEntityOfPage\":{\"@id\":\"https:\\\/\\\/pmza.sk\\\/?p=27459\"},\"wordCount\":517,\"publisher\":{\"@id\":\"https:\\\/\\\/pmza.sk\\\/#organization\"},\"image\":{\"@id\":\"https:\\\/\\\/pmza.sk\\\/?p=27459#primaryimage\"},\"thumbnailUrl\":\"\",\"articleSection\":[\"Aktuality\"],\"inLanguage\":\"sk-SK\"},{\"@type\":\"WebPage\",\"@id\":\"https:\\\/\\\/pmza.sk\\\/?p=27459\",\"url\":\"https:\\\/\\\/pmza.sk\\\/?p=27459\",\"name\":\"Piknik v meste - Pova\u017esk\u00e9 m\u00fazeum\",\"isPartOf\":{\"@id\":\"https:\\\/\\\/pmza.sk\\\/#website\"},\"primaryImageOfPage\":{\"@id\":\"https:\\\/\\\/pmza.sk\\\/?p=27459#primaryimage\"},\"image\":{\"@id\":\"https:\\\/\\\/pmza.sk\\\/?p=27459#primaryimage\"},\"thumbnailUrl\":\"\",\"datePublished\":\"2018-05-29T10:48:38+00:00\",\"breadcrumb\":{\"@id\":\"https:\\\/\\\/pmza.sk\\\/?p=27459#breadcrumb\"},\"inLanguage\":\"sk-SK\",\"potentialAction\":[{\"@type\":\"ReadAction\",\"target\":[\"https:\\\/\\\/pmza.sk\\\/?p=27459\"]}]},{\"@type\":\"ImageObject\",\"inLanguage\":\"sk-SK\",\"@id\":\"https:\\\/\\\/pmza.sk\\\/?p=27459#primaryimage\",\"url\":\"\",\"contentUrl\":\"\"},{\"@type\":\"BreadcrumbList\",\"@id\":\"https:\\\/\\\/pmza.sk\\\/?p=27459#breadcrumb\",\"itemListElement\":[{\"@type\":\"ListItem\",\"position\":1,\"name\":\"Domovsk\u00e1 str\u00e1nka\",\"item\":\"https:\\\/\\\/pmza.sk\\\/\"},{\"@type\":\"ListItem\",\"position\":2,\"name\":\"Piknik v meste\"}]},{\"@type\":\"WebSite\",\"@id\":\"https:\\\/\\\/pmza.sk\\\/#website\",\"url\":\"https:\\\/\\\/pmza.sk\\\/\",\"name\":\"Pova\u017esk\u00e9 m\u00fazeum\",\"description\":\"Pova\u017esk\u00e9 m\u00fazeum v \u017diline je region\u00e1lne m\u00fazeum so s\u00eddlom v Budat\u00edne. Jeho expoz\u00edcie s\u00fa zameran\u00e9 na dejiny slovensk\u00e9ho umenia, kult\u00fary a dopravy.\",\"publisher\":{\"@id\":\"https:\\\/\\\/pmza.sk\\\/#organization\"},\"potentialAction\":[{\"@type\":\"SearchAction\",\"target\":{\"@type\":\"EntryPoint\",\"urlTemplate\":\"https:\\\/\\\/pmza.sk\\\/?s={search_term_string}\"},\"query-input\":{\"@type\":\"PropertyValueSpecification\",\"valueRequired\":true,\"valueName\":\"search_term_string\"}}],\"inLanguage\":\"sk-SK\"},{\"@type\":\"Organization\",\"@id\":\"https:\\\/\\\/pmza.sk\\\/#organization\",\"name\":\"Pova\u017esk\u00e9 m\u00fazeum\",\"url\":\"https:\\\/\\\/pmza.sk\\\/\",\"logo\":{\"@type\":\"ImageObject\",\"inLanguage\":\"sk-SK\",\"@id\":\"https:\\\/\\\/pmza.sk\\\/#\\\/schema\\\/logo\\\/image\\\/\",\"url\":\"https:\\\/\\\/pmza.sk\\\/wp-content\\\/uploads\\\/2022\\\/01\\\/logo_PM_horizontal.jpg\",\"contentUrl\":\"https:\\\/\\\/pmza.sk\\\/wp-content\\\/uploads\\\/2022\\\/01\\\/logo_PM_horizontal.jpg\",\"width\":231,\"height\":142,\"caption\":\"Pova\u017esk\u00e9 m\u00fazeum\"},\"image\":{\"@id\":\"https:\\\/\\\/pmza.sk\\\/#\\\/schema\\\/logo\\\/image\\\/\"},\"sameAs\":[\"https:\\\/\\\/www.facebook.com\\\/povazskemuzeum\",\"https:\\\/\\\/www.instagram.com\\\/povazskemuzeum\\\/\"]},{\"@type\":\"Person\",\"@id\":\"https:\\\/\\\/pmza.sk\\\/#\\\/schema\\\/person\\\/595e6a2ce731ea94dcd5d7f50a41ae33\",\"name\":\"Pova\u017esk\u00e9 m\u00fazeum\",\"image\":{\"@type\":\"ImageObject\",\"inLanguage\":\"sk-SK\",\"@id\":\"https:\\\/\\\/secure.gravatar.com\\\/avatar\\\/2bb7f1561282132fb5826dfeccc66c7996d11ee392ac6aaf7ced8a1c2027fbb2?s=96&d=mm&r=g\",\"url\":\"https:\\\/\\\/secure.gravatar.com\\\/avatar\\\/2bb7f1561282132fb5826dfeccc66c7996d11ee392ac6aaf7ced8a1c2027fbb2?s=96&d=mm&r=g\",\"contentUrl\":\"https:\\\/\\\/secure.gravatar.com\\\/avatar\\\/2bb7f1561282132fb5826dfeccc66c7996d11ee392ac6aaf7ced8a1c2027fbb2?s=96&d=mm&r=g\",\"caption\":\"Pova\u017esk\u00e9 m\u00fazeum\"}}]}<\/script>\n<!-- \/ Yoast SEO plugin. -->","yoast_head_json":{"title":"Piknik v meste - Pova\u017esk\u00e9 m\u00fazeum","robots":{"index":"index","follow":"follow","max-snippet":"max-snippet:-1","max-image-preview":"max-image-preview:large","max-video-preview":"max-video-preview:-1"},"canonical":"https:\/\/pmza.sk\/?p=27459","og_locale":"sk_SK","og_type":"article","og_title":"Piknik v meste - Pova\u017esk\u00e9 m\u00fazeum","og_description":"U\u017e tento v\u00edkend sa bude v\u00a0Pova\u017eskom m\u00fazeu v\u00a0\u017diline, v\u00a0Budat\u00ednskom parku, kona\u0165 prv\u00fd ro\u010dn\u00edk gastronomick\u00e9ho podujatia Piknik v\u00a0meste. Organiz\u00e1torky s\u013eubuj\u00fa skvel\u00e9 jedlo, z\u00e1bavu, eduk\u00e1cie a\u00a0bohat\u00fd program pre rodiny s\u00a0de\u0165mi. Piknik v\u00a0meste bude gastronomick\u00fdm podujat\u00edm, ktor\u00e9 m\u00e1 amb\u00edciu stava\u0165 do popredia lok\u00e1lnu i\u00a0sez\u00f3nnu gastron\u00f3miu. \u201eOslovovali sme preva\u017ene prev\u00e1dzky a\u00a0producentov zo \u017dilinsk\u00e9ho kraja, preto\u017ee sme mali od za\u010diatku [&hellip;]","og_url":"https:\/\/pmza.sk\/?p=27459","og_site_name":"Pova\u017esk\u00e9 m\u00fazeum","article_publisher":"https:\/\/www.facebook.com\/povazskemuzeum","article_published_time":"2018-05-29T10:48:38+00:00","author":"Pova\u017esk\u00e9 m\u00fazeum","twitter_card":"summary_large_image","twitter_misc":{"Autor":"Pova\u017esk\u00e9 m\u00fazeum","Predpokladan\u00fd \u010das \u010d\u00edtania":"3 min\u00faty"},"schema":{"@context":"https:\/\/schema.org","@graph":[{"@type":"Article","@id":"https:\/\/pmza.sk\/?p=27459#article","isPartOf":{"@id":"https:\/\/pmza.sk\/?p=27459"},"author":{"name":"Pova\u017esk\u00e9 m\u00fazeum","@id":"https:\/\/pmza.sk\/#\/schema\/person\/595e6a2ce731ea94dcd5d7f50a41ae33"},"headline":"Piknik v meste","datePublished":"2018-05-29T10:48:38+00:00","mainEntityOfPage":{"@id":"https:\/\/pmza.sk\/?p=27459"},"wordCount":517,"publisher":{"@id":"https:\/\/pmza.sk\/#organization"},"image":{"@id":"https:\/\/pmza.sk\/?p=27459#primaryimage"},"thumbnailUrl":"","articleSection":["Aktuality"],"inLanguage":"sk-SK"},{"@type":"WebPage","@id":"https:\/\/pmza.sk\/?p=27459","url":"https:\/\/pmza.sk\/?p=27459","name":"Piknik v meste - Pova\u017esk\u00e9 m\u00fazeum","isPartOf":{"@id":"https:\/\/pmza.sk\/#website"},"primaryImageOfPage":{"@id":"https:\/\/pmza.sk\/?p=27459#primaryimage"},"image":{"@id":"https:\/\/pmza.sk\/?p=27459#primaryimage"},"thumbnailUrl":"","datePublished":"2018-05-29T10:48:38+00:00","breadcrumb":{"@id":"https:\/\/pmza.sk\/?p=27459#breadcrumb"},"inLanguage":"sk-SK","potentialAction":[{"@type":"ReadAction","target":["https:\/\/pmza.sk\/?p=27459"]}]},{"@type":"ImageObject","inLanguage":"sk-SK","@id":"https:\/\/pmza.sk\/?p=27459#primaryimage","url":"","contentUrl":""},{"@type":"BreadcrumbList","@id":"https:\/\/pmza.sk\/?p=27459#breadcrumb","itemListElement":[{"@type":"ListItem","position":1,"name":"Domovsk\u00e1 str\u00e1nka","item":"https:\/\/pmza.sk\/"},{"@type":"ListItem","position":2,"name":"Piknik v meste"}]},{"@type":"WebSite","@id":"https:\/\/pmza.sk\/#website","url":"https:\/\/pmza.sk\/","name":"Pova\u017esk\u00e9 m\u00fazeum","description":"Pova\u017esk\u00e9 m\u00fazeum v \u017diline je region\u00e1lne m\u00fazeum so s\u00eddlom v Budat\u00edne. Jeho expoz\u00edcie s\u00fa zameran\u00e9 na dejiny slovensk\u00e9ho umenia, kult\u00fary a dopravy.","publisher":{"@id":"https:\/\/pmza.sk\/#organization"},"potentialAction":[{"@type":"SearchAction","target":{"@type":"EntryPoint","urlTemplate":"https:\/\/pmza.sk\/?s={search_term_string}"},"query-input":{"@type":"PropertyValueSpecification","valueRequired":true,"valueName":"search_term_string"}}],"inLanguage":"sk-SK"},{"@type":"Organization","@id":"https:\/\/pmza.sk\/#organization","name":"Pova\u017esk\u00e9 m\u00fazeum","url":"https:\/\/pmza.sk\/","logo":{"@type":"ImageObject","inLanguage":"sk-SK","@id":"https:\/\/pmza.sk\/#\/schema\/logo\/image\/","url":"https:\/\/pmza.sk\/wp-content\/uploads\/2022\/01\/logo_PM_horizontal.jpg","contentUrl":"https:\/\/pmza.sk\/wp-content\/uploads\/2022\/01\/logo_PM_horizontal.jpg","width":231,"height":142,"caption":"Pova\u017esk\u00e9 m\u00fazeum"},"image":{"@id":"https:\/\/pmza.sk\/#\/schema\/logo\/image\/"},"sameAs":["https:\/\/www.facebook.com\/povazskemuzeum","https:\/\/www.instagram.com\/povazskemuzeum\/"]},{"@type":"Person","@id":"https:\/\/pmza.sk\/#\/schema\/person\/595e6a2ce731ea94dcd5d7f50a41ae33","name":"Pova\u017esk\u00e9 m\u00fazeum","image":{"@type":"ImageObject","inLanguage":"sk-SK","@id":"https:\/\/secure.gravatar.com\/avatar\/2bb7f1561282132fb5826dfeccc66c7996d11ee392ac6aaf7ced8a1c2027fbb2?s=96&d=mm&r=g","url":"https:\/\/secure.gravatar.com\/avatar\/2bb7f1561282132fb5826dfeccc66c7996d11ee392ac6aaf7ced8a1c2027fbb2?s=96&d=mm&r=g","contentUrl":"https:\/\/secure.gravatar.com\/avatar\/2bb7f1561282132fb5826dfeccc66c7996d11ee392ac6aaf7ced8a1c2027fbb2?s=96&d=mm&r=g","caption":"Pova\u017esk\u00e9 m\u00fazeum"}}]}},"_links":{"self":[{"href":"https:\/\/pmza.sk\/index.php?rest_route=\/wp\/v2\/posts\/27459","targetHints":{"allow":["GET"]}}],"collection":[{"href":"https:\/\/pmza.sk\/index.php?rest_route=\/wp\/v2\/posts"}],"about":[{"href":"https:\/\/pmza.sk\/index.php?rest_route=\/wp\/v2\/types\/post"}],"author":[{"embeddable":true,"href":"https:\/\/pmza.sk\/index.php?rest_route=\/wp\/v2\/users\/2"}],"replies":[{"embeddable":true,"href":"https:\/\/pmza.sk\/index.php?rest_route=%2Fwp%2Fv2%2Fcomments&post=27459"}],"version-history":[{"count":0,"href":"https:\/\/pmza.sk\/index.php?rest_route=\/wp\/v2\/posts\/27459\/revisions"}],"wp:featuredmedia":[{"embeddable":true,"href":"https:\/\/pmza.sk\/index.php?rest_route=\/"}],"wp:attachment":[{"href":"https:\/\/pmza.sk\/index.php?rest_route=%2Fwp%2Fv2%2Fmedia&parent=27459"}],"wp:term":[{"taxonomy":"category","embeddable":true,"href":"https:\/\/pmza.sk\/index.php?rest_route=%2Fwp%2Fv2%2Fcategories&post=27459"},{"taxonomy":"post_tag","embeddable":true,"href":"https:\/\/pmza.sk\/index.php?rest_route=%2Fwp%2Fv2%2Ftags&post=27459"}],"curies":[{"name":"wp","href":"https:\/\/api.w.org\/{rel}","templated":true}]}}