{"id":27842,"date":"2018-06-05T11:22:08","date_gmt":"2018-06-05T09:22:08","guid":{"rendered":"https:\/\/pmza.sk\/?p=27842"},"modified":"2023-11-30T07:20:42","modified_gmt":"2023-11-30T06:20:42","slug":"novy-festival-klasickej-hudby","status":"publish","type":"post","link":"https:\/\/pmza.sk\/?p=27842","title":{"rendered":"Nov\u00fd festival klasickej hudby"},"content":{"rendered":"<p>Medzin\u00e1rodn\u00fd hudobn\u00fd festival\u00a0<a href=\"http:\/\/hc.sk\/pro-musica-nostra\/program\/\" target=\"_blank\" rel=\"noopener\"><strong>Pro musica nostra<\/strong><\/a>, ktor\u00fd sa uskuto\u010dn\u00ed\u00a0<strong>17. \u2013 24. 6. 2018<\/strong>\u00a0v \u017dilinskom kraji, vznikol z my\u0161lienky zalo\u017ei\u0165 dlhodob\u00fa trad\u00edciu prezent\u00e1cie klasickej hudby na \u0161pi\u010dkovej interpreta\u010dnej \u00farovni s medzin\u00e1rodnou \u00fa\u010das\u0165ou a z\u00e1rove\u0148 predstavi\u0165 publiku vybran\u00e9 historick\u00e9 pamiatky regi\u00f3nu ako netradi\u010dn\u00e9 koncertn\u00e9 priestory.<\/p>\n<p><strong>Hudobn\u00e9 centrum<\/strong>\u00a0a ob\u010dianske zdru\u017eenie\u00a0<strong>Na\u0161a kult\u00fara \/<\/strong>\u00a0<strong>Cultura nostra<\/strong>organizuj\u00fa festival v spolupr\u00e1ci s vybran\u00fdmi mestami a obcami z regi\u00f3nu \u017dilinsk\u00e9ho samospr\u00e1vneho kraja. V priebehu \u00f4smich dn\u00ed sa\u00a0<strong>Gbe\u013eany, Kote\u0161ov\u00e1, Orlov\u00e9, \u010cadca, Rajec, Trnov\u00e9, Budat\u00edn a\u00a0Byt\u010da<\/strong>\u00a0premenia na miesta, ktor\u00e9 n\u00e1v\u0161tevn\u00edkom sprostredkuj\u00fa hudobn\u00e9 umenie nielen prostredn\u00edctvom koncertov, ale i v\u010faka jedine\u010dn\u00e9mu vizu\u00e1lnemu z\u00e1\u017eitku z najkraj\u0161\u00edch historick\u00fdch pamiatok regi\u00f3nu.<\/p>\n<p>Prv\u00fd ro\u010dn\u00edk festivalu svojou dramaturgiou a v\u00fdberom \u00fa\u010dinkuj\u00facich nadv\u00e4zuje na 100. v\u00fdro\u010die zalo\u017eenia \u010ceskoslovenskej republiky. V dramaturgii preto popri tvorbe velik\u00e1nov ako\u00a0<strong>Johann Sebastian Bach<\/strong>,\u00a0<strong>Joseph Haydn<\/strong>,\u00a0<strong>Wolfgang Amadeus Mozart<\/strong>,\u00a0<strong>Robert Schumann<\/strong>\u00a0a i. zaznej\u00fa aj diela v\u00fdznamn\u00fdch slovensk\u00fdch a \u010desk\u00fdch autorov (<strong>J\u00e1n Levoslav Bella, Johann Sigismund Kusser, Anton\u00edn Dvo\u0159\u00e1k, Bed\u0159ich Smetana<\/strong>\u00a0a \u010f.).<\/p>\n<p>Na festivale vyst\u00fapia popredn\u00ed umelci dom\u00e1cej i zahrani\u010dnej hudobnej sc\u00e9ny \u2013\u00a0<strong>Slovensk\u00fd komorn\u00fd orchester &amp; Dalibor Karvay<\/strong>,<strong>\u00a0Muchovo kvarteto &amp; Filip Jaro<\/strong>,\u00a0<strong>\u0160t\u00e1tny komorn\u00fd orchester \u017dilina<\/strong>,\u00a0<strong>Schola Gregoriana Pragensis<\/strong>,\u00a0<strong>Brno Baroque Trio<\/strong>, J<strong>ana S\u00fdkorov\u00e1 &amp; Pavel Svoboda<\/strong>\u00a0a \u010f.<\/p>\n<p>Podujatie m\u00e1 ve\u013ek\u00fd potenci\u00e1l poskytn\u00fa\u0165 publiku priestor pre o\u017eivenie kult\u00farneho \u017eivota v danom regi\u00f3ne a prispie\u0165 tak k celkovej propag\u00e1cii historick\u00fdch miest regi\u00f3nu horn\u00e9ho Pova\u017eia.<\/p>\n<p><a class=\"single-popup-image\" href=\"https:\/\/pmza.sk\/wp-content\/uploads\/2018\/06\/plag\u00e1t-final-page-001.jpg\"><img fetchpriority=\"high\" decoding=\"async\" class=\"alignleft size-thumbnail wp-image-27845\" src=\"https:\/\/pmza.sk\/wp-content\/uploads\/2018\/06\/plag\u00e1t-final-page-001-475x300.jpg\" alt=\"\" width=\"475\" height=\"300\" \/><\/a><\/p>\n<p><strong>Predpredaj vstupeniek:<\/strong><\/p>\n<p><a href=\"https:\/\/www.ticketportal.sk\/Event\/Pro_musica_nostra_Budatin\"><strong>www.ticketportal.sk<\/strong><\/a><\/p>\n<p><strong>Predaj vstupeniek na koncert na Budat\u00ednskom hrade &#8211; pokladnica Budat\u00ednskeho hradu:<\/strong><\/p>\n<p>6 \u20ac<br \/>\n4 \u20ac \/ \u0161tudenti, d\u00f4chodcovia, \u0164ZP<\/p>\n<p><strong>Dom kult\u00fary Byt\u010da:<\/strong>\u00a0+421 41 5532486<\/p>\n<p>a\u00a0hodinu pred koncertom v\u00a0mieste jeho konania * Na koncerty v Kote\u0161ovej, \u010cadci, Rajci, Trnovom je vstup vo\u013en\u00fd.<\/p>\n<p>&nbsp;<\/p>\n<p>Kontakt:<\/p>\n<p><strong>Hudobn\u00e9 centrum<\/strong>, Michalsk\u00e1 10, 815 36 Bratislava<\/p>\n<p>Web:\u00a0<strong><a href=\"http:\/\/www.hc.sk\/\">www.hc.sk<\/a><\/strong><\/p>\n<p>E-mail:\u00a0<a href=\"mailto:promusicanostra@gmail.com\"><strong>promusicanostra@gmail.com<\/strong><\/a><\/p>\n<p>&nbsp;<\/p>\n","protected":false},"excerpt":{"rendered":"<p>Medzin\u00e1rodn\u00fd hudobn\u00fd festival\u00a0Pro musica nostra, ktor\u00fd sa uskuto\u010dn\u00ed\u00a017. \u2013 24. 6. 2018\u00a0v \u017dilinskom kraji, vznikol z my\u0161lienky zalo\u017ei\u0165 dlhodob\u00fa trad\u00edciu prezent\u00e1cie klasickej hudby na \u0161pi\u010dkovej interpreta\u010dnej \u00farovni s medzin\u00e1rodnou \u00fa\u010das\u0165ou a z\u00e1rove\u0148 predstavi\u0165 publiku vybran\u00e9 historick\u00e9 pamiatky regi\u00f3nu ako netradi\u010dn\u00e9 koncertn\u00e9 priestory. Hudobn\u00e9 centrum\u00a0a ob\u010dianske zdru\u017eenie\u00a0Na\u0161a kult\u00fara \/\u00a0Cultura nostraorganizuj\u00fa festival v spolupr\u00e1ci s vybran\u00fdmi mestami [&hellip;]<\/p>\n","protected":false},"author":2,"featured_media":27844,"comment_status":"closed","ping_status":"closed","sticky":false,"template":"","format":"standard","meta":{"site-sidebar-layout":"default","site-content-layout":"default","ast-site-content-layout":"","site-content-style":"default","site-sidebar-style":"default","ast-global-header-display":"","ast-banner-title-visibility":"","ast-main-header-display":"","ast-hfb-above-header-display":"","ast-hfb-below-header-display":"","ast-hfb-mobile-header-display":"","site-post-title":"","ast-breadcrumbs-content":"","ast-featured-img":"","footer-sml-layout":"","theme-transparent-header-meta":"default","adv-header-id-meta":"","stick-header-meta":"default","header-above-stick-meta":"","header-main-stick-meta":"","header-below-stick-meta":"","astra-migrate-meta-layouts":"default","ast-page-background-enabled":"default","ast-page-background-meta":{"desktop":{"background-color":"var(--ast-global-color-4)","background-image":"","background-repeat":"repeat","background-position":"center center","background-size":"auto","background-attachment":"scroll","background-type":"","background-media":"","overlay-type":"","overlay-color":"","overlay-opacity":"","overlay-gradient":""},"tablet":{"background-color":"","background-image":"","background-repeat":"repeat","background-position":"center center","background-size":"auto","background-attachment":"scroll","background-type":"","background-media":"","overlay-type":"","overlay-color":"","overlay-opacity":"","overlay-gradient":""},"mobile":{"background-color":"","background-image":"","background-repeat":"repeat","background-position":"center center","background-size":"auto","background-attachment":"scroll","background-type":"","background-media":"","overlay-type":"","overlay-color":"","overlay-opacity":"","overlay-gradient":""}},"ast-content-background-meta":{"desktop":{"background-color":"var(--ast-global-color-5)","background-image":"","background-repeat":"repeat","background-position":"center center","background-size":"auto","background-attachment":"scroll","background-type":"","background-media":"","overlay-type":"","overlay-color":"","overlay-opacity":"","overlay-gradient":""},"tablet":{"background-color":"var(--ast-global-color-5)","background-image":"","background-repeat":"repeat","background-position":"center center","background-size":"auto","background-attachment":"scroll","background-type":"","background-media":"","overlay-type":"","overlay-color":"","overlay-opacity":"","overlay-gradient":""},"mobile":{"background-color":"var(--ast-global-color-5)","background-image":"","background-repeat":"repeat","background-position":"center center","background-size":"auto","background-attachment":"scroll","background-type":"","background-media":"","overlay-type":"","overlay-color":"","overlay-opacity":"","overlay-gradient":""}},"footnotes":""},"categories":[31],"tags":[],"class_list":["post-27842","post","type-post","status-publish","format-standard","has-post-thumbnail","hentry","category-aktuality"],"yoast_head":"<!-- This site is optimized with the Yoast SEO plugin v27.4 - https:\/\/yoast.com\/product\/yoast-seo-wordpress\/ -->\n<title>Nov\u00fd festival klasickej hudby - Pova\u017esk\u00e9 m\u00fazeum<\/title>\n<meta name=\"robots\" content=\"index, follow, max-snippet:-1, max-image-preview:large, max-video-preview:-1\" \/>\n<link rel=\"canonical\" href=\"https:\/\/pmza.sk\/?p=27842\" \/>\n<meta property=\"og:locale\" content=\"sk_SK\" \/>\n<meta property=\"og:type\" content=\"article\" \/>\n<meta property=\"og:title\" content=\"Nov\u00fd festival klasickej hudby - Pova\u017esk\u00e9 m\u00fazeum\" \/>\n<meta property=\"og:description\" content=\"Medzin\u00e1rodn\u00fd hudobn\u00fd festival\u00a0Pro musica nostra, ktor\u00fd sa uskuto\u010dn\u00ed\u00a017. \u2013 24. 6. 2018\u00a0v \u017dilinskom kraji, vznikol z my\u0161lienky zalo\u017ei\u0165 dlhodob\u00fa trad\u00edciu prezent\u00e1cie klasickej hudby na \u0161pi\u010dkovej interpreta\u010dnej \u00farovni s medzin\u00e1rodnou \u00fa\u010das\u0165ou a z\u00e1rove\u0148 predstavi\u0165 publiku vybran\u00e9 historick\u00e9 pamiatky regi\u00f3nu ako netradi\u010dn\u00e9 koncertn\u00e9 priestory. Hudobn\u00e9 centrum\u00a0a ob\u010dianske zdru\u017eenie\u00a0Na\u0161a kult\u00fara \/\u00a0Cultura nostraorganizuj\u00fa festival v spolupr\u00e1ci s vybran\u00fdmi mestami [&hellip;]\" \/>\n<meta property=\"og:url\" content=\"https:\/\/pmza.sk\/?p=27842\" \/>\n<meta property=\"og:site_name\" content=\"Pova\u017esk\u00e9 m\u00fazeum\" \/>\n<meta property=\"article:publisher\" content=\"https:\/\/www.facebook.com\/povazskemuzeum\" \/>\n<meta property=\"article:published_time\" content=\"2018-06-05T09:22:08+00:00\" \/>\n<meta property=\"article:modified_time\" content=\"2023-11-30T06:20:42+00:00\" \/>\n<meta name=\"author\" content=\"Pova\u017esk\u00e9 m\u00fazeum\" \/>\n<meta name=\"twitter:card\" content=\"summary_large_image\" \/>\n<meta name=\"twitter:label1\" content=\"Autor\" \/>\n\t<meta name=\"twitter:data1\" content=\"Pova\u017esk\u00e9 m\u00fazeum\" \/>\n\t<meta name=\"twitter:label2\" content=\"Predpokladan\u00fd \u010das \u010d\u00edtania\" \/>\n\t<meta name=\"twitter:data2\" content=\"2 min\u00faty\" \/>\n<script type=\"application\/ld+json\" class=\"yoast-schema-graph\">{\"@context\":\"https:\\\/\\\/schema.org\",\"@graph\":[{\"@type\":\"Article\",\"@id\":\"https:\\\/\\\/pmza.sk\\\/?p=27842#article\",\"isPartOf\":{\"@id\":\"https:\\\/\\\/pmza.sk\\\/?p=27842\"},\"author\":{\"name\":\"Pova\u017esk\u00e9 m\u00fazeum\",\"@id\":\"https:\\\/\\\/pmza.sk\\\/#\\\/schema\\\/person\\\/595e6a2ce731ea94dcd5d7f50a41ae33\"},\"headline\":\"Nov\u00fd festival klasickej hudby\",\"datePublished\":\"2018-06-05T09:22:08+00:00\",\"dateModified\":\"2023-11-30T06:20:42+00:00\",\"mainEntityOfPage\":{\"@id\":\"https:\\\/\\\/pmza.sk\\\/?p=27842\"},\"wordCount\":349,\"publisher\":{\"@id\":\"https:\\\/\\\/pmza.sk\\\/#organization\"},\"image\":{\"@id\":\"https:\\\/\\\/pmza.sk\\\/?p=27842#primaryimage\"},\"thumbnailUrl\":\"\",\"articleSection\":[\"Aktuality\"],\"inLanguage\":\"sk-SK\"},{\"@type\":\"WebPage\",\"@id\":\"https:\\\/\\\/pmza.sk\\\/?p=27842\",\"url\":\"https:\\\/\\\/pmza.sk\\\/?p=27842\",\"name\":\"Nov\u00fd festival klasickej hudby - Pova\u017esk\u00e9 m\u00fazeum\",\"isPartOf\":{\"@id\":\"https:\\\/\\\/pmza.sk\\\/#website\"},\"primaryImageOfPage\":{\"@id\":\"https:\\\/\\\/pmza.sk\\\/?p=27842#primaryimage\"},\"image\":{\"@id\":\"https:\\\/\\\/pmza.sk\\\/?p=27842#primaryimage\"},\"thumbnailUrl\":\"\",\"datePublished\":\"2018-06-05T09:22:08+00:00\",\"dateModified\":\"2023-11-30T06:20:42+00:00\",\"breadcrumb\":{\"@id\":\"https:\\\/\\\/pmza.sk\\\/?p=27842#breadcrumb\"},\"inLanguage\":\"sk-SK\",\"potentialAction\":[{\"@type\":\"ReadAction\",\"target\":[\"https:\\\/\\\/pmza.sk\\\/?p=27842\"]}]},{\"@type\":\"ImageObject\",\"inLanguage\":\"sk-SK\",\"@id\":\"https:\\\/\\\/pmza.sk\\\/?p=27842#primaryimage\",\"url\":\"\",\"contentUrl\":\"\"},{\"@type\":\"BreadcrumbList\",\"@id\":\"https:\\\/\\\/pmza.sk\\\/?p=27842#breadcrumb\",\"itemListElement\":[{\"@type\":\"ListItem\",\"position\":1,\"name\":\"Domovsk\u00e1 str\u00e1nka\",\"item\":\"https:\\\/\\\/pmza.sk\\\/\"},{\"@type\":\"ListItem\",\"position\":2,\"name\":\"Nov\u00fd festival klasickej hudby\"}]},{\"@type\":\"WebSite\",\"@id\":\"https:\\\/\\\/pmza.sk\\\/#website\",\"url\":\"https:\\\/\\\/pmza.sk\\\/\",\"name\":\"Pova\u017esk\u00e9 m\u00fazeum\",\"description\":\"Pova\u017esk\u00e9 m\u00fazeum v \u017diline je region\u00e1lne m\u00fazeum so s\u00eddlom v Budat\u00edne. Jeho expoz\u00edcie s\u00fa zameran\u00e9 na dejiny slovensk\u00e9ho umenia, kult\u00fary a dopravy.\",\"publisher\":{\"@id\":\"https:\\\/\\\/pmza.sk\\\/#organization\"},\"potentialAction\":[{\"@type\":\"SearchAction\",\"target\":{\"@type\":\"EntryPoint\",\"urlTemplate\":\"https:\\\/\\\/pmza.sk\\\/?s={search_term_string}\"},\"query-input\":{\"@type\":\"PropertyValueSpecification\",\"valueRequired\":true,\"valueName\":\"search_term_string\"}}],\"inLanguage\":\"sk-SK\"},{\"@type\":\"Organization\",\"@id\":\"https:\\\/\\\/pmza.sk\\\/#organization\",\"name\":\"Pova\u017esk\u00e9 m\u00fazeum\",\"url\":\"https:\\\/\\\/pmza.sk\\\/\",\"logo\":{\"@type\":\"ImageObject\",\"inLanguage\":\"sk-SK\",\"@id\":\"https:\\\/\\\/pmza.sk\\\/#\\\/schema\\\/logo\\\/image\\\/\",\"url\":\"https:\\\/\\\/pmza.sk\\\/wp-content\\\/uploads\\\/2022\\\/01\\\/logo_PM_horizontal.jpg\",\"contentUrl\":\"https:\\\/\\\/pmza.sk\\\/wp-content\\\/uploads\\\/2022\\\/01\\\/logo_PM_horizontal.jpg\",\"width\":231,\"height\":142,\"caption\":\"Pova\u017esk\u00e9 m\u00fazeum\"},\"image\":{\"@id\":\"https:\\\/\\\/pmza.sk\\\/#\\\/schema\\\/logo\\\/image\\\/\"},\"sameAs\":[\"https:\\\/\\\/www.facebook.com\\\/povazskemuzeum\",\"https:\\\/\\\/www.instagram.com\\\/povazskemuzeum\\\/\"]},{\"@type\":\"Person\",\"@id\":\"https:\\\/\\\/pmza.sk\\\/#\\\/schema\\\/person\\\/595e6a2ce731ea94dcd5d7f50a41ae33\",\"name\":\"Pova\u017esk\u00e9 m\u00fazeum\",\"image\":{\"@type\":\"ImageObject\",\"inLanguage\":\"sk-SK\",\"@id\":\"https:\\\/\\\/secure.gravatar.com\\\/avatar\\\/2bb7f1561282132fb5826dfeccc66c7996d11ee392ac6aaf7ced8a1c2027fbb2?s=96&d=mm&r=g\",\"url\":\"https:\\\/\\\/secure.gravatar.com\\\/avatar\\\/2bb7f1561282132fb5826dfeccc66c7996d11ee392ac6aaf7ced8a1c2027fbb2?s=96&d=mm&r=g\",\"contentUrl\":\"https:\\\/\\\/secure.gravatar.com\\\/avatar\\\/2bb7f1561282132fb5826dfeccc66c7996d11ee392ac6aaf7ced8a1c2027fbb2?s=96&d=mm&r=g\",\"caption\":\"Pova\u017esk\u00e9 m\u00fazeum\"}}]}<\/script>\n<!-- \/ Yoast SEO plugin. -->","yoast_head_json":{"title":"Nov\u00fd festival klasickej hudby - Pova\u017esk\u00e9 m\u00fazeum","robots":{"index":"index","follow":"follow","max-snippet":"max-snippet:-1","max-image-preview":"max-image-preview:large","max-video-preview":"max-video-preview:-1"},"canonical":"https:\/\/pmza.sk\/?p=27842","og_locale":"sk_SK","og_type":"article","og_title":"Nov\u00fd festival klasickej hudby - Pova\u017esk\u00e9 m\u00fazeum","og_description":"Medzin\u00e1rodn\u00fd hudobn\u00fd festival\u00a0Pro musica nostra, ktor\u00fd sa uskuto\u010dn\u00ed\u00a017. \u2013 24. 6. 2018\u00a0v \u017dilinskom kraji, vznikol z my\u0161lienky zalo\u017ei\u0165 dlhodob\u00fa trad\u00edciu prezent\u00e1cie klasickej hudby na \u0161pi\u010dkovej interpreta\u010dnej \u00farovni s medzin\u00e1rodnou \u00fa\u010das\u0165ou a z\u00e1rove\u0148 predstavi\u0165 publiku vybran\u00e9 historick\u00e9 pamiatky regi\u00f3nu ako netradi\u010dn\u00e9 koncertn\u00e9 priestory. Hudobn\u00e9 centrum\u00a0a ob\u010dianske zdru\u017eenie\u00a0Na\u0161a kult\u00fara \/\u00a0Cultura nostraorganizuj\u00fa festival v spolupr\u00e1ci s vybran\u00fdmi mestami [&hellip;]","og_url":"https:\/\/pmza.sk\/?p=27842","og_site_name":"Pova\u017esk\u00e9 m\u00fazeum","article_publisher":"https:\/\/www.facebook.com\/povazskemuzeum","article_published_time":"2018-06-05T09:22:08+00:00","article_modified_time":"2023-11-30T06:20:42+00:00","author":"Pova\u017esk\u00e9 m\u00fazeum","twitter_card":"summary_large_image","twitter_misc":{"Autor":"Pova\u017esk\u00e9 m\u00fazeum","Predpokladan\u00fd \u010das \u010d\u00edtania":"2 min\u00faty"},"schema":{"@context":"https:\/\/schema.org","@graph":[{"@type":"Article","@id":"https:\/\/pmza.sk\/?p=27842#article","isPartOf":{"@id":"https:\/\/pmza.sk\/?p=27842"},"author":{"name":"Pova\u017esk\u00e9 m\u00fazeum","@id":"https:\/\/pmza.sk\/#\/schema\/person\/595e6a2ce731ea94dcd5d7f50a41ae33"},"headline":"Nov\u00fd festival klasickej hudby","datePublished":"2018-06-05T09:22:08+00:00","dateModified":"2023-11-30T06:20:42+00:00","mainEntityOfPage":{"@id":"https:\/\/pmza.sk\/?p=27842"},"wordCount":349,"publisher":{"@id":"https:\/\/pmza.sk\/#organization"},"image":{"@id":"https:\/\/pmza.sk\/?p=27842#primaryimage"},"thumbnailUrl":"","articleSection":["Aktuality"],"inLanguage":"sk-SK"},{"@type":"WebPage","@id":"https:\/\/pmza.sk\/?p=27842","url":"https:\/\/pmza.sk\/?p=27842","name":"Nov\u00fd festival klasickej hudby - Pova\u017esk\u00e9 m\u00fazeum","isPartOf":{"@id":"https:\/\/pmza.sk\/#website"},"primaryImageOfPage":{"@id":"https:\/\/pmza.sk\/?p=27842#primaryimage"},"image":{"@id":"https:\/\/pmza.sk\/?p=27842#primaryimage"},"thumbnailUrl":"","datePublished":"2018-06-05T09:22:08+00:00","dateModified":"2023-11-30T06:20:42+00:00","breadcrumb":{"@id":"https:\/\/pmza.sk\/?p=27842#breadcrumb"},"inLanguage":"sk-SK","potentialAction":[{"@type":"ReadAction","target":["https:\/\/pmza.sk\/?p=27842"]}]},{"@type":"ImageObject","inLanguage":"sk-SK","@id":"https:\/\/pmza.sk\/?p=27842#primaryimage","url":"","contentUrl":""},{"@type":"BreadcrumbList","@id":"https:\/\/pmza.sk\/?p=27842#breadcrumb","itemListElement":[{"@type":"ListItem","position":1,"name":"Domovsk\u00e1 str\u00e1nka","item":"https:\/\/pmza.sk\/"},{"@type":"ListItem","position":2,"name":"Nov\u00fd festival klasickej hudby"}]},{"@type":"WebSite","@id":"https:\/\/pmza.sk\/#website","url":"https:\/\/pmza.sk\/","name":"Pova\u017esk\u00e9 m\u00fazeum","description":"Pova\u017esk\u00e9 m\u00fazeum v \u017diline je region\u00e1lne m\u00fazeum so s\u00eddlom v Budat\u00edne. Jeho expoz\u00edcie s\u00fa zameran\u00e9 na dejiny slovensk\u00e9ho umenia, kult\u00fary a dopravy.","publisher":{"@id":"https:\/\/pmza.sk\/#organization"},"potentialAction":[{"@type":"SearchAction","target":{"@type":"EntryPoint","urlTemplate":"https:\/\/pmza.sk\/?s={search_term_string}"},"query-input":{"@type":"PropertyValueSpecification","valueRequired":true,"valueName":"search_term_string"}}],"inLanguage":"sk-SK"},{"@type":"Organization","@id":"https:\/\/pmza.sk\/#organization","name":"Pova\u017esk\u00e9 m\u00fazeum","url":"https:\/\/pmza.sk\/","logo":{"@type":"ImageObject","inLanguage":"sk-SK","@id":"https:\/\/pmza.sk\/#\/schema\/logo\/image\/","url":"https:\/\/pmza.sk\/wp-content\/uploads\/2022\/01\/logo_PM_horizontal.jpg","contentUrl":"https:\/\/pmza.sk\/wp-content\/uploads\/2022\/01\/logo_PM_horizontal.jpg","width":231,"height":142,"caption":"Pova\u017esk\u00e9 m\u00fazeum"},"image":{"@id":"https:\/\/pmza.sk\/#\/schema\/logo\/image\/"},"sameAs":["https:\/\/www.facebook.com\/povazskemuzeum","https:\/\/www.instagram.com\/povazskemuzeum\/"]},{"@type":"Person","@id":"https:\/\/pmza.sk\/#\/schema\/person\/595e6a2ce731ea94dcd5d7f50a41ae33","name":"Pova\u017esk\u00e9 m\u00fazeum","image":{"@type":"ImageObject","inLanguage":"sk-SK","@id":"https:\/\/secure.gravatar.com\/avatar\/2bb7f1561282132fb5826dfeccc66c7996d11ee392ac6aaf7ced8a1c2027fbb2?s=96&d=mm&r=g","url":"https:\/\/secure.gravatar.com\/avatar\/2bb7f1561282132fb5826dfeccc66c7996d11ee392ac6aaf7ced8a1c2027fbb2?s=96&d=mm&r=g","contentUrl":"https:\/\/secure.gravatar.com\/avatar\/2bb7f1561282132fb5826dfeccc66c7996d11ee392ac6aaf7ced8a1c2027fbb2?s=96&d=mm&r=g","caption":"Pova\u017esk\u00e9 m\u00fazeum"}}]}},"_links":{"self":[{"href":"https:\/\/pmza.sk\/index.php?rest_route=\/wp\/v2\/posts\/27842","targetHints":{"allow":["GET"]}}],"collection":[{"href":"https:\/\/pmza.sk\/index.php?rest_route=\/wp\/v2\/posts"}],"about":[{"href":"https:\/\/pmza.sk\/index.php?rest_route=\/wp\/v2\/types\/post"}],"author":[{"embeddable":true,"href":"https:\/\/pmza.sk\/index.php?rest_route=\/wp\/v2\/users\/2"}],"replies":[{"embeddable":true,"href":"https:\/\/pmza.sk\/index.php?rest_route=%2Fwp%2Fv2%2Fcomments&post=27842"}],"version-history":[{"count":0,"href":"https:\/\/pmza.sk\/index.php?rest_route=\/wp\/v2\/posts\/27842\/revisions"}],"wp:featuredmedia":[{"embeddable":true,"href":"https:\/\/pmza.sk\/index.php?rest_route=\/"}],"wp:attachment":[{"href":"https:\/\/pmza.sk\/index.php?rest_route=%2Fwp%2Fv2%2Fmedia&parent=27842"}],"wp:term":[{"taxonomy":"category","embeddable":true,"href":"https:\/\/pmza.sk\/index.php?rest_route=%2Fwp%2Fv2%2Fcategories&post=27842"},{"taxonomy":"post_tag","embeddable":true,"href":"https:\/\/pmza.sk\/index.php?rest_route=%2Fwp%2Fv2%2Ftags&post=27842"}],"curies":[{"name":"wp","href":"https:\/\/api.w.org\/{rel}","templated":true}]}}