{"id":27954,"date":"2018-06-12T12:44:04","date_gmt":"2018-06-12T10:44:04","guid":{"rendered":"https:\/\/pmza.sk\/?p=27954"},"modified":"2018-06-12T12:44:04","modified_gmt":"2018-06-12T10:44:04","slug":"stretnutie-drotarskych-majstrov-2","status":"publish","type":"post","link":"https:\/\/pmza.sk\/?p=27954","title":{"rendered":"Stretnutie drot\u00e1rskych majstrov, XXVII. ro\u010dn\u00edk"},"content":{"rendered":"<p>Tak, ako ka\u017ed\u00fd rok, bude v\u00a0piatok a\u00a0v\u00a0sobotu 21. a\u00a022. septembra Pova\u017esk\u00e9 m\u00fazeum v\u00a0\u017diline hosti\u0165 u\u017e po dvadsiaty siedmy raz umeleck\u00fdch remeseln\u00edkov zo Slovenska a \u010ciech na podujat\u00ed Stretnutie drot\u00e1rskych majstrov. \u00da\u010dastn\u00edci spolo\u010dnej tvorivej dielne predved\u00fa svoju zru\u010dnos\u0165 a\u00a0znalos\u0165 tradi\u010dn\u00fdch remeseln\u00fdch techn\u00edk na t\u00e9me venovanej architekt\u00fare. <em>\u201ePodujatie od\u0161tartuje prv\u00fa etapu pr\u00edpravy v\u00fdstavn\u00e9ho projektu, ktor\u00fdm by sme chceli prestavi\u0165 Slovensko neobvykl\u00fdm sp\u00f4sobom cez \u00a0historick\u00e9 pamiatky \u010di zauj\u00edmav\u00e9\u00a0modern\u00e9 objekty zhotoven\u00e9 z\u00a0dr\u00f4tu, odkazuj\u00face na hist\u00f3riu, kult\u00faru i\u00a0turistick\u00e9 zauj\u00edmavosti krajiny\u201c, <\/em>uviedla \u00a0autorka a odborn\u00e1 garantka projektu histori\u010dka Mgr. Katar\u00edna Hallonov\u00e1. Ke\u010f\u017ee ide o\u00a0mimoriadne technicky a\u00a0v\u00fdtvarne n\u00e1ro\u010dn\u00fa t\u00e9mu, na spracovanie ktorej je potrebn\u00fd dlh\u0161\u00ed \u010das, ako umo\u017e\u0148uje r\u00e1mec podujatia, v\u00fdsledky tvorivej dielne bud\u00fa odprezentovan\u00e9 e\u0161te raz, koncom roka v\u00a0priestoroch m\u00fazea. \u201e<em>Drot\u00e1ri sa v\u00a0Budat\u00ednskom z\u00e1mku stret\u00e1vaj\u00fa u\u017e od roku 1991. Sme hrd\u00ed na to, \u017ee n\u00e1m po cel\u00e9 tie roky zachovali priaze\u0148. Stretnutie drot\u00e1rskych majstrov je podujatie, ktor\u00e9 remeseln\u00edkov in\u0161piruje a\u00a0pos\u00fava dopredu a\u00a0n\u00e1m m\u00fazejn\u00edkom pom\u00e1ha udr\u017eiava\u0165 s\u00a0nimi v\u00fdborn\u00fa spolupr\u00e1cu a\u00a0\u00fazke osobn\u00e9 kontakty. Tak vieme realizova\u0165 v\u00fdnimo\u010dn\u00e9 projekty, ak\u00fdm je aj pripravovan\u00e1 v\u00fdstava. Spolo\u010dne tak \u00faspe\u0161ne reprezentujeme a\u00a0propagujeme Slovensko i\u00a0drot\u00e1rstvo, ktor\u00e9 bolo minul\u00fd rok zap\u00edsan\u00e9 do n\u00e1rodn\u00e9ho\u00a0 Reprezentat\u00edvneho zoznamu nehmotn\u00e9ho kult\u00farneho dedi\u010dstva\u201c, <\/em>doplnil riadite\u013e m\u00fazea Mgr. Michal Jureck\u00fd.<\/p>\n<p>Sprievodnou aktivitou podujatia je v\u00fdstava Drot\u00e1rov rok. Predstavuje v\u00fdber z\u00a0tvorby deviatich \u010desk\u00fdch remeseln\u00edkov z Cechu \u010desko-moravsk\u00fdch um\u011bleck\u00fdch dr\u00e1ten\u00edk\u016f, ktor\u00e9ho \u010destn\u00fdm \u010dlenom je aj Pova\u017esk\u00e9 m\u00fazeum. \u201e<em>V\u00fdstavu sme pripravili pri pr\u00edle\u017eitosti 100. v\u00fdro\u010dia zalo\u017eenia \u010ceskoslovenska s\u00a0\u00famyslom pripomen\u00fa\u0165 bl\u00edzke\u00a0vz\u00e1jomn\u00e9 vz\u0165ahy oboch n\u00e1rodov, k\u00a0rozvoju ktor\u00fdch nemalou mierou prispievali aj slovensk\u00ed drot\u00e1ri u\u017e od 19. storo\u010dia. \u010cesk\u00e1 drot\u00e1rska \u0161kola vy\u0161la z na\u0161ej n\u00e1rodnej remeselnej trad\u00edcie, av\u0161ak zhodnotila ju svojsk\u00fdm sp\u00f4sobom. M\u00e1 tak svoje \u0161pecifick\u00e1 a je pr\u00edkladnou uk\u00e1\u017ekou toho, ak\u00e1 obohacuj\u00faca m\u00f4\u017ee by\u0165 kult\u00farna v\u00fdmena v\u00a0medzin\u00e1rodnej oblasti\u201c, <\/em>dodala Katar\u00edna Hallonov\u00e1<em>. Pre <\/em>n\u00e1v\u0161tevn\u00edkov podujatia je pripraven\u00e1 aj popul\u00e1rna \u0161kola dr\u00f4tovania, kde si pod veden\u00edm sk\u00fasen\u00e9ho lektora m\u00f4\u017eu pr\u00e1cu s\u00a0dr\u00f4tom prakticky vysk\u00fa\u0161a\u0165 a\u00a0pok\u00fasi\u0165 sa zhotovi\u0165 vlastn\u00fd drot\u00e1rsky suven\u00edr.<\/p>\n<p>Stretnutie sa po\u010das oboch dn\u00ed kon\u00e1 v\u00a0Budat\u00ednskom hrade od 10:00 do 16:00 hod. Ako hlavn\u00fd partner projekt z\u00a0verejn\u00fdch zdrojov podporil Fond na podporu umenia.<\/p>\n<p><a class=\"single-popup-image\" href=\"http:\/\/fpu.sk\"><img decoding=\"async\" class=\"alignleft wp-image-17625 size-thumbnail\" src=\"https:\/\/pmza.sk\/wp-content\/uploads\/2016\/09\/SDM-_-FPU_logo1_modre-e1507571318270-150x62.jpg\" alt=\"\" width=\"150\" height=\"62\" \/><\/a><\/p>\n<p>&nbsp;<\/p>\n<p>&nbsp;<\/p>\n<p><span style=\"color: #000080;\"><strong>Projekt z verejn\u00fdch zdrojov podporil Fond na podporu umenia.<\/strong><\/span><\/p>\n<p>&nbsp;<\/p>\n<p>Obr\u00e1zky na plag\u00e1te: Zvonica v Starej Hali\u010di autorky Heleny Suchej, Bratislavsk\u00fd hrad M\u00e1rie a Miroslava Sl\u00ed\u017eikovcov a Vetern\u00fd mlyn z Ku\u017eelova od Magdy Rakytiakovej.\u00a0<\/p>\n<p>&nbsp;<\/p>\n","protected":false},"excerpt":{"rendered":"<p>Tak, ako ka\u017ed\u00fd rok, bude v\u00a0piatok a\u00a0v\u00a0sobotu 21. a\u00a022. septembra Pova\u017esk\u00e9 m\u00fazeum v\u00a0\u017diline hosti\u0165 u\u017e po dvadsiaty siedmy raz umeleck\u00fdch remeseln\u00edkov zo Slovenska a \u010ciech na podujat\u00ed Stretnutie drot\u00e1rskych majstrov. \u00da\u010dastn\u00edci spolo\u010dnej tvorivej dielne predved\u00fa svoju zru\u010dnos\u0165 a\u00a0znalos\u0165 tradi\u010dn\u00fdch remeseln\u00fdch techn\u00edk na t\u00e9me venovanej architekt\u00fare. \u201ePodujatie od\u0161tartuje prv\u00fa etapu pr\u00edpravy v\u00fdstavn\u00e9ho projektu, ktor\u00fdm by sme [&hellip;]<\/p>\n","protected":false},"author":2,"featured_media":29723,"comment_status":"closed","ping_status":"closed","sticky":false,"template":"","format":"standard","meta":{"site-sidebar-layout":"default","site-content-layout":"","ast-site-content-layout":"","site-content-style":"default","site-sidebar-style":"default","ast-global-header-display":"","ast-banner-title-visibility":"","ast-main-header-display":"","ast-hfb-above-header-display":"","ast-hfb-below-header-display":"","ast-hfb-mobile-header-display":"","site-post-title":"","ast-breadcrumbs-content":"","ast-featured-img":"","footer-sml-layout":"","theme-transparent-header-meta":"","adv-header-id-meta":"","stick-header-meta":"","header-above-stick-meta":"","header-main-stick-meta":"","header-below-stick-meta":"","astra-migrate-meta-layouts":"default","ast-page-background-enabled":"default","ast-page-background-meta":{"desktop":{"background-color":"var(--ast-global-color-4)","background-image":"","background-repeat":"repeat","background-position":"center center","background-size":"auto","background-attachment":"scroll","background-type":"","background-media":"","overlay-type":"","overlay-color":"","overlay-opacity":"","overlay-gradient":""},"tablet":{"background-color":"","background-image":"","background-repeat":"repeat","background-position":"center center","background-size":"auto","background-attachment":"scroll","background-type":"","background-media":"","overlay-type":"","overlay-color":"","overlay-opacity":"","overlay-gradient":""},"mobile":{"background-color":"","background-image":"","background-repeat":"repeat","background-position":"center center","background-size":"auto","background-attachment":"scroll","background-type":"","background-media":"","overlay-type":"","overlay-color":"","overlay-opacity":"","overlay-gradient":""}},"ast-content-background-meta":{"desktop":{"background-color":"var(--ast-global-color-5)","background-image":"","background-repeat":"repeat","background-position":"center center","background-size":"auto","background-attachment":"scroll","background-type":"","background-media":"","overlay-type":"","overlay-color":"","overlay-opacity":"","overlay-gradient":""},"tablet":{"background-color":"var(--ast-global-color-5)","background-image":"","background-repeat":"repeat","background-position":"center center","background-size":"auto","background-attachment":"scroll","background-type":"","background-media":"","overlay-type":"","overlay-color":"","overlay-opacity":"","overlay-gradient":""},"mobile":{"background-color":"var(--ast-global-color-5)","background-image":"","background-repeat":"repeat","background-position":"center center","background-size":"auto","background-attachment":"scroll","background-type":"","background-media":"","overlay-type":"","overlay-color":"","overlay-opacity":"","overlay-gradient":""}},"footnotes":""},"categories":[31],"tags":[],"class_list":["post-27954","post","type-post","status-publish","format-standard","has-post-thumbnail","hentry","category-aktuality"],"yoast_head":"<!-- This site is optimized with the Yoast SEO plugin v27.4 - https:\/\/yoast.com\/product\/yoast-seo-wordpress\/ -->\n<title>Stretnutie drot\u00e1rskych majstrov, XXVII. ro\u010dn\u00edk - Pova\u017esk\u00e9 m\u00fazeum<\/title>\n<meta name=\"robots\" content=\"index, follow, max-snippet:-1, max-image-preview:large, max-video-preview:-1\" \/>\n<link rel=\"canonical\" href=\"https:\/\/pmza.sk\/?p=27954\" \/>\n<meta property=\"og:locale\" content=\"sk_SK\" \/>\n<meta property=\"og:type\" content=\"article\" \/>\n<meta property=\"og:title\" content=\"Stretnutie drot\u00e1rskych majstrov, XXVII. ro\u010dn\u00edk - Pova\u017esk\u00e9 m\u00fazeum\" \/>\n<meta property=\"og:description\" content=\"Tak, ako ka\u017ed\u00fd rok, bude v\u00a0piatok a\u00a0v\u00a0sobotu 21. a\u00a022. septembra Pova\u017esk\u00e9 m\u00fazeum v\u00a0\u017diline hosti\u0165 u\u017e po dvadsiaty siedmy raz umeleck\u00fdch remeseln\u00edkov zo Slovenska a \u010ciech na podujat\u00ed Stretnutie drot\u00e1rskych majstrov. \u00da\u010dastn\u00edci spolo\u010dnej tvorivej dielne predved\u00fa svoju zru\u010dnos\u0165 a\u00a0znalos\u0165 tradi\u010dn\u00fdch remeseln\u00fdch techn\u00edk na t\u00e9me venovanej architekt\u00fare. \u201ePodujatie od\u0161tartuje prv\u00fa etapu pr\u00edpravy v\u00fdstavn\u00e9ho projektu, ktor\u00fdm by sme [&hellip;]\" \/>\n<meta property=\"og:url\" content=\"https:\/\/pmza.sk\/?p=27954\" \/>\n<meta property=\"og:site_name\" content=\"Pova\u017esk\u00e9 m\u00fazeum\" \/>\n<meta property=\"article:publisher\" content=\"https:\/\/www.facebook.com\/povazskemuzeum\" \/>\n<meta property=\"article:published_time\" content=\"2018-06-12T10:44:04+00:00\" \/>\n<meta name=\"author\" content=\"Pova\u017esk\u00e9 m\u00fazeum\" \/>\n<meta name=\"twitter:card\" content=\"summary_large_image\" \/>\n<meta name=\"twitter:label1\" content=\"Autor\" \/>\n\t<meta name=\"twitter:data1\" content=\"Pova\u017esk\u00e9 m\u00fazeum\" \/>\n\t<meta name=\"twitter:label2\" content=\"Predpokladan\u00fd \u010das \u010d\u00edtania\" \/>\n\t<meta name=\"twitter:data2\" content=\"3 min\u00faty\" \/>\n<script type=\"application\/ld+json\" class=\"yoast-schema-graph\">{\"@context\":\"https:\\\/\\\/schema.org\",\"@graph\":[{\"@type\":\"Article\",\"@id\":\"https:\\\/\\\/pmza.sk\\\/?p=27954#article\",\"isPartOf\":{\"@id\":\"https:\\\/\\\/pmza.sk\\\/?p=27954\"},\"author\":{\"name\":\"Pova\u017esk\u00e9 m\u00fazeum\",\"@id\":\"https:\\\/\\\/pmza.sk\\\/#\\\/schema\\\/person\\\/595e6a2ce731ea94dcd5d7f50a41ae33\"},\"headline\":\"Stretnutie drot\u00e1rskych majstrov, XXVII. ro\u010dn\u00edk\",\"datePublished\":\"2018-06-12T10:44:04+00:00\",\"mainEntityOfPage\":{\"@id\":\"https:\\\/\\\/pmza.sk\\\/?p=27954\"},\"wordCount\":531,\"publisher\":{\"@id\":\"https:\\\/\\\/pmza.sk\\\/#organization\"},\"image\":{\"@id\":\"https:\\\/\\\/pmza.sk\\\/?p=27954#primaryimage\"},\"thumbnailUrl\":\"\",\"articleSection\":[\"Aktuality\"],\"inLanguage\":\"sk-SK\"},{\"@type\":\"WebPage\",\"@id\":\"https:\\\/\\\/pmza.sk\\\/?p=27954\",\"url\":\"https:\\\/\\\/pmza.sk\\\/?p=27954\",\"name\":\"Stretnutie drot\u00e1rskych majstrov, XXVII. ro\u010dn\u00edk - Pova\u017esk\u00e9 m\u00fazeum\",\"isPartOf\":{\"@id\":\"https:\\\/\\\/pmza.sk\\\/#website\"},\"primaryImageOfPage\":{\"@id\":\"https:\\\/\\\/pmza.sk\\\/?p=27954#primaryimage\"},\"image\":{\"@id\":\"https:\\\/\\\/pmza.sk\\\/?p=27954#primaryimage\"},\"thumbnailUrl\":\"\",\"datePublished\":\"2018-06-12T10:44:04+00:00\",\"breadcrumb\":{\"@id\":\"https:\\\/\\\/pmza.sk\\\/?p=27954#breadcrumb\"},\"inLanguage\":\"sk-SK\",\"potentialAction\":[{\"@type\":\"ReadAction\",\"target\":[\"https:\\\/\\\/pmza.sk\\\/?p=27954\"]}]},{\"@type\":\"ImageObject\",\"inLanguage\":\"sk-SK\",\"@id\":\"https:\\\/\\\/pmza.sk\\\/?p=27954#primaryimage\",\"url\":\"\",\"contentUrl\":\"\"},{\"@type\":\"BreadcrumbList\",\"@id\":\"https:\\\/\\\/pmza.sk\\\/?p=27954#breadcrumb\",\"itemListElement\":[{\"@type\":\"ListItem\",\"position\":1,\"name\":\"Domovsk\u00e1 str\u00e1nka\",\"item\":\"https:\\\/\\\/pmza.sk\\\/\"},{\"@type\":\"ListItem\",\"position\":2,\"name\":\"Stretnutie drot\u00e1rskych majstrov, XXVII. ro\u010dn\u00edk\"}]},{\"@type\":\"WebSite\",\"@id\":\"https:\\\/\\\/pmza.sk\\\/#website\",\"url\":\"https:\\\/\\\/pmza.sk\\\/\",\"name\":\"Pova\u017esk\u00e9 m\u00fazeum\",\"description\":\"Pova\u017esk\u00e9 m\u00fazeum v \u017diline je region\u00e1lne m\u00fazeum so s\u00eddlom v Budat\u00edne. Jeho expoz\u00edcie s\u00fa zameran\u00e9 na dejiny slovensk\u00e9ho umenia, kult\u00fary a dopravy.\",\"publisher\":{\"@id\":\"https:\\\/\\\/pmza.sk\\\/#organization\"},\"potentialAction\":[{\"@type\":\"SearchAction\",\"target\":{\"@type\":\"EntryPoint\",\"urlTemplate\":\"https:\\\/\\\/pmza.sk\\\/?s={search_term_string}\"},\"query-input\":{\"@type\":\"PropertyValueSpecification\",\"valueRequired\":true,\"valueName\":\"search_term_string\"}}],\"inLanguage\":\"sk-SK\"},{\"@type\":\"Organization\",\"@id\":\"https:\\\/\\\/pmza.sk\\\/#organization\",\"name\":\"Pova\u017esk\u00e9 m\u00fazeum\",\"url\":\"https:\\\/\\\/pmza.sk\\\/\",\"logo\":{\"@type\":\"ImageObject\",\"inLanguage\":\"sk-SK\",\"@id\":\"https:\\\/\\\/pmza.sk\\\/#\\\/schema\\\/logo\\\/image\\\/\",\"url\":\"https:\\\/\\\/pmza.sk\\\/wp-content\\\/uploads\\\/2022\\\/01\\\/logo_PM_horizontal.jpg\",\"contentUrl\":\"https:\\\/\\\/pmza.sk\\\/wp-content\\\/uploads\\\/2022\\\/01\\\/logo_PM_horizontal.jpg\",\"width\":231,\"height\":142,\"caption\":\"Pova\u017esk\u00e9 m\u00fazeum\"},\"image\":{\"@id\":\"https:\\\/\\\/pmza.sk\\\/#\\\/schema\\\/logo\\\/image\\\/\"},\"sameAs\":[\"https:\\\/\\\/www.facebook.com\\\/povazskemuzeum\",\"https:\\\/\\\/www.instagram.com\\\/povazskemuzeum\\\/\"]},{\"@type\":\"Person\",\"@id\":\"https:\\\/\\\/pmza.sk\\\/#\\\/schema\\\/person\\\/595e6a2ce731ea94dcd5d7f50a41ae33\",\"name\":\"Pova\u017esk\u00e9 m\u00fazeum\",\"image\":{\"@type\":\"ImageObject\",\"inLanguage\":\"sk-SK\",\"@id\":\"https:\\\/\\\/secure.gravatar.com\\\/avatar\\\/2bb7f1561282132fb5826dfeccc66c7996d11ee392ac6aaf7ced8a1c2027fbb2?s=96&d=mm&r=g\",\"url\":\"https:\\\/\\\/secure.gravatar.com\\\/avatar\\\/2bb7f1561282132fb5826dfeccc66c7996d11ee392ac6aaf7ced8a1c2027fbb2?s=96&d=mm&r=g\",\"contentUrl\":\"https:\\\/\\\/secure.gravatar.com\\\/avatar\\\/2bb7f1561282132fb5826dfeccc66c7996d11ee392ac6aaf7ced8a1c2027fbb2?s=96&d=mm&r=g\",\"caption\":\"Pova\u017esk\u00e9 m\u00fazeum\"}}]}<\/script>\n<!-- \/ Yoast SEO plugin. -->","yoast_head_json":{"title":"Stretnutie drot\u00e1rskych majstrov, XXVII. ro\u010dn\u00edk - Pova\u017esk\u00e9 m\u00fazeum","robots":{"index":"index","follow":"follow","max-snippet":"max-snippet:-1","max-image-preview":"max-image-preview:large","max-video-preview":"max-video-preview:-1"},"canonical":"https:\/\/pmza.sk\/?p=27954","og_locale":"sk_SK","og_type":"article","og_title":"Stretnutie drot\u00e1rskych majstrov, XXVII. ro\u010dn\u00edk - Pova\u017esk\u00e9 m\u00fazeum","og_description":"Tak, ako ka\u017ed\u00fd rok, bude v\u00a0piatok a\u00a0v\u00a0sobotu 21. a\u00a022. septembra Pova\u017esk\u00e9 m\u00fazeum v\u00a0\u017diline hosti\u0165 u\u017e po dvadsiaty siedmy raz umeleck\u00fdch remeseln\u00edkov zo Slovenska a \u010ciech na podujat\u00ed Stretnutie drot\u00e1rskych majstrov. \u00da\u010dastn\u00edci spolo\u010dnej tvorivej dielne predved\u00fa svoju zru\u010dnos\u0165 a\u00a0znalos\u0165 tradi\u010dn\u00fdch remeseln\u00fdch techn\u00edk na t\u00e9me venovanej architekt\u00fare. \u201ePodujatie od\u0161tartuje prv\u00fa etapu pr\u00edpravy v\u00fdstavn\u00e9ho projektu, ktor\u00fdm by sme [&hellip;]","og_url":"https:\/\/pmza.sk\/?p=27954","og_site_name":"Pova\u017esk\u00e9 m\u00fazeum","article_publisher":"https:\/\/www.facebook.com\/povazskemuzeum","article_published_time":"2018-06-12T10:44:04+00:00","author":"Pova\u017esk\u00e9 m\u00fazeum","twitter_card":"summary_large_image","twitter_misc":{"Autor":"Pova\u017esk\u00e9 m\u00fazeum","Predpokladan\u00fd \u010das \u010d\u00edtania":"3 min\u00faty"},"schema":{"@context":"https:\/\/schema.org","@graph":[{"@type":"Article","@id":"https:\/\/pmza.sk\/?p=27954#article","isPartOf":{"@id":"https:\/\/pmza.sk\/?p=27954"},"author":{"name":"Pova\u017esk\u00e9 m\u00fazeum","@id":"https:\/\/pmza.sk\/#\/schema\/person\/595e6a2ce731ea94dcd5d7f50a41ae33"},"headline":"Stretnutie drot\u00e1rskych majstrov, XXVII. ro\u010dn\u00edk","datePublished":"2018-06-12T10:44:04+00:00","mainEntityOfPage":{"@id":"https:\/\/pmza.sk\/?p=27954"},"wordCount":531,"publisher":{"@id":"https:\/\/pmza.sk\/#organization"},"image":{"@id":"https:\/\/pmza.sk\/?p=27954#primaryimage"},"thumbnailUrl":"","articleSection":["Aktuality"],"inLanguage":"sk-SK"},{"@type":"WebPage","@id":"https:\/\/pmza.sk\/?p=27954","url":"https:\/\/pmza.sk\/?p=27954","name":"Stretnutie drot\u00e1rskych majstrov, XXVII. ro\u010dn\u00edk - Pova\u017esk\u00e9 m\u00fazeum","isPartOf":{"@id":"https:\/\/pmza.sk\/#website"},"primaryImageOfPage":{"@id":"https:\/\/pmza.sk\/?p=27954#primaryimage"},"image":{"@id":"https:\/\/pmza.sk\/?p=27954#primaryimage"},"thumbnailUrl":"","datePublished":"2018-06-12T10:44:04+00:00","breadcrumb":{"@id":"https:\/\/pmza.sk\/?p=27954#breadcrumb"},"inLanguage":"sk-SK","potentialAction":[{"@type":"ReadAction","target":["https:\/\/pmza.sk\/?p=27954"]}]},{"@type":"ImageObject","inLanguage":"sk-SK","@id":"https:\/\/pmza.sk\/?p=27954#primaryimage","url":"","contentUrl":""},{"@type":"BreadcrumbList","@id":"https:\/\/pmza.sk\/?p=27954#breadcrumb","itemListElement":[{"@type":"ListItem","position":1,"name":"Domovsk\u00e1 str\u00e1nka","item":"https:\/\/pmza.sk\/"},{"@type":"ListItem","position":2,"name":"Stretnutie drot\u00e1rskych majstrov, XXVII. ro\u010dn\u00edk"}]},{"@type":"WebSite","@id":"https:\/\/pmza.sk\/#website","url":"https:\/\/pmza.sk\/","name":"Pova\u017esk\u00e9 m\u00fazeum","description":"Pova\u017esk\u00e9 m\u00fazeum v \u017diline je region\u00e1lne m\u00fazeum so s\u00eddlom v Budat\u00edne. Jeho expoz\u00edcie s\u00fa zameran\u00e9 na dejiny slovensk\u00e9ho umenia, kult\u00fary a dopravy.","publisher":{"@id":"https:\/\/pmza.sk\/#organization"},"potentialAction":[{"@type":"SearchAction","target":{"@type":"EntryPoint","urlTemplate":"https:\/\/pmza.sk\/?s={search_term_string}"},"query-input":{"@type":"PropertyValueSpecification","valueRequired":true,"valueName":"search_term_string"}}],"inLanguage":"sk-SK"},{"@type":"Organization","@id":"https:\/\/pmza.sk\/#organization","name":"Pova\u017esk\u00e9 m\u00fazeum","url":"https:\/\/pmza.sk\/","logo":{"@type":"ImageObject","inLanguage":"sk-SK","@id":"https:\/\/pmza.sk\/#\/schema\/logo\/image\/","url":"https:\/\/pmza.sk\/wp-content\/uploads\/2022\/01\/logo_PM_horizontal.jpg","contentUrl":"https:\/\/pmza.sk\/wp-content\/uploads\/2022\/01\/logo_PM_horizontal.jpg","width":231,"height":142,"caption":"Pova\u017esk\u00e9 m\u00fazeum"},"image":{"@id":"https:\/\/pmza.sk\/#\/schema\/logo\/image\/"},"sameAs":["https:\/\/www.facebook.com\/povazskemuzeum","https:\/\/www.instagram.com\/povazskemuzeum\/"]},{"@type":"Person","@id":"https:\/\/pmza.sk\/#\/schema\/person\/595e6a2ce731ea94dcd5d7f50a41ae33","name":"Pova\u017esk\u00e9 m\u00fazeum","image":{"@type":"ImageObject","inLanguage":"sk-SK","@id":"https:\/\/secure.gravatar.com\/avatar\/2bb7f1561282132fb5826dfeccc66c7996d11ee392ac6aaf7ced8a1c2027fbb2?s=96&d=mm&r=g","url":"https:\/\/secure.gravatar.com\/avatar\/2bb7f1561282132fb5826dfeccc66c7996d11ee392ac6aaf7ced8a1c2027fbb2?s=96&d=mm&r=g","contentUrl":"https:\/\/secure.gravatar.com\/avatar\/2bb7f1561282132fb5826dfeccc66c7996d11ee392ac6aaf7ced8a1c2027fbb2?s=96&d=mm&r=g","caption":"Pova\u017esk\u00e9 m\u00fazeum"}}]}},"_links":{"self":[{"href":"https:\/\/pmza.sk\/index.php?rest_route=\/wp\/v2\/posts\/27954","targetHints":{"allow":["GET"]}}],"collection":[{"href":"https:\/\/pmza.sk\/index.php?rest_route=\/wp\/v2\/posts"}],"about":[{"href":"https:\/\/pmza.sk\/index.php?rest_route=\/wp\/v2\/types\/post"}],"author":[{"embeddable":true,"href":"https:\/\/pmza.sk\/index.php?rest_route=\/wp\/v2\/users\/2"}],"replies":[{"embeddable":true,"href":"https:\/\/pmza.sk\/index.php?rest_route=%2Fwp%2Fv2%2Fcomments&post=27954"}],"version-history":[{"count":0,"href":"https:\/\/pmza.sk\/index.php?rest_route=\/wp\/v2\/posts\/27954\/revisions"}],"wp:featuredmedia":[{"embeddable":true,"href":"https:\/\/pmza.sk\/index.php?rest_route=\/"}],"wp:attachment":[{"href":"https:\/\/pmza.sk\/index.php?rest_route=%2Fwp%2Fv2%2Fmedia&parent=27954"}],"wp:term":[{"taxonomy":"category","embeddable":true,"href":"https:\/\/pmza.sk\/index.php?rest_route=%2Fwp%2Fv2%2Fcategories&post=27954"},{"taxonomy":"post_tag","embeddable":true,"href":"https:\/\/pmza.sk\/index.php?rest_route=%2Fwp%2Fv2%2Ftags&post=27954"}],"curies":[{"name":"wp","href":"https:\/\/api.w.org\/{rel}","templated":true}]}}