{"id":28014,"date":"2018-06-15T14:45:44","date_gmt":"2018-06-15T12:45:44","guid":{"rendered":"https:\/\/pmza.sk\/?p=28014"},"modified":"2018-06-15T14:45:44","modified_gmt":"2018-06-15T12:45:44","slug":"nocne-prehliadky-hradu-strecno","status":"publish","type":"post","link":"https:\/\/pmza.sk\/?p=28014","title":{"rendered":"No\u010dn\u00e9 prehliadky hradu Stre\u010dno"},"content":{"rendered":"<p>Pova\u017esk\u00e9 m\u00fazeum v\u00a0\u017diline op\u00e4\u0165 pripravilo ve\u013ekolep\u00e9 prehliadky hradu Stre\u010dno v no\u010dnej atmosf\u00e9re s\u00a0mimoriadnym programom v hrade.<\/p>\n<p>Osobnos\u0165ou tohtoro\u010dn\u00fdch no\u010dn\u00fdch prehliadok je \u010fal\u0161ia z\u00a0majiteliek hradu Stre\u010dno. Po \u017dofii Bosniakovej prin\u00e1\u0161aj\u00fa organiz\u00e1tori k\u00a0n\u00e1v\u0161tevn\u00edkom pr\u00edbeh cti\u017eiadostivej, nevernej a\u00a0do politiky sa man\u017eelovi plet\u00facej kr\u00e1\u013eovnej Barbory Celjskej. Po\u010das dvoch\u00a0 letn\u00fdch ve\u010derov prich\u00e1dza Barbora po prv\u00fd raz na hrad Stre\u010dno, aby si obzrela svoj nov\u00fd majetok. Stretne sa so sl\u00fa\u017ekou Hani\u010dkou a\u00a0vy sa dozviete, ak\u00e9 zmeny pl\u00e1novala \u010di dokonca aj vykonala na hrade a \u010di s\u00fa pravdiv\u00e9 re\u010di o\u00a0jej milencoch a\u00a0cti\u017eiadostivosti. Jej \u017eivot v\u00a0kr\u00e1tkych humorn\u00fdch sc\u00e9nkach pribl\u00ed\u017ei Skupina historick\u00e9ho \u0161ermu Wagus. Na n\u00e1dvor\u00ed hradu, na hradn\u00fdch m\u00faroch, vo svetelnej \u0161ou kr\u00e1\u013eovn\u00e1 Barbora o\u017eije v\u010faka modernej technol\u00f3gii svetla a\u00a0pohybu, il\u00fazie a tajomna. Z\u00e1\u017eitkom bude ur\u010dite v\u00a0atmosf\u00e9re noci impozantn\u00e1 oh\u0148ov\u00e1 \u0161ou, \u010di v\u017edy \u00fasmev prin\u00e1\u0161aj\u00face vyst\u00fapenie improviza\u010dn\u00e9ho divadla Kapor na sc\u00e9ne. No\u010dn\u00e1 prehliadka bude ozvl\u00e1\u0161tnen\u00e1 aj minikoncertami v\u00a0hradnej kaplnke. Organiz\u00e1tori odpor\u00fa\u010daj\u00fa prinies\u0165 si so sebou i baterky.<\/p>\n<p>Zmena programu vyhraden\u00e1.<\/p>\n<p>Vstupenky zak\u00fapite cez <a href=\"https:\/\/predpredaj.zoznam.sk\/sk\/listky\/nocne-prehliadky-hradu-strecno\/\">predpredaj.sk<\/a> do polnoci 24. 8. 2018 a pol hodinu pred podujat\u00edm na hrade Stre\u010dno:<\/p>\n<p>Z\u00e1kladn\u00e9 vstupn\u00e9 \u2013 osoba vo veku od 16 rokov &#8211; 7 \u20ac<\/p>\n<p>Z\u013eavnen\u00e9 vstupn\u00e9 &#8211; osoby do 15 rokov, \u0161tudenti, d\u00f4chodcovia, Z\u0164P,\u00a0 vojnov\u00ed veter\u00e1ni &#8211; 5 \u20ac\u00a0<\/p>\n<p>Medi\u00e1lny partner podujatia<\/p>\n<p><a class=\"single-popup-image\" href=\"https:\/\/pmza.sk\/wp-content\/uploads\/2018\/06\/zoznam_color_jpg-1.jpg\"><img decoding=\"async\" class=\"alignleft wp-image-28019 \" src=\"https:\/\/pmza.sk\/wp-content\/uploads\/2018\/06\/zoznam_color_jpg-1.jpg\" alt=\"\" width=\"439\" height=\"110\" \/><\/a><\/p>\n","protected":false},"excerpt":{"rendered":"<p>Pova\u017esk\u00e9 m\u00fazeum v\u00a0\u017diline op\u00e4\u0165 pripravilo ve\u013ekolep\u00e9 prehliadky hradu Stre\u010dno v no\u010dnej atmosf\u00e9re s\u00a0mimoriadnym programom v hrade. Osobnos\u0165ou tohtoro\u010dn\u00fdch no\u010dn\u00fdch prehliadok je \u010fal\u0161ia z\u00a0majiteliek hradu Stre\u010dno. Po \u017dofii Bosniakovej prin\u00e1\u0161aj\u00fa organiz\u00e1tori k\u00a0n\u00e1v\u0161tevn\u00edkom pr\u00edbeh cti\u017eiadostivej, nevernej a\u00a0do politiky sa man\u017eelovi plet\u00facej kr\u00e1\u013eovnej Barbory Celjskej. Po\u010das dvoch\u00a0 letn\u00fdch ve\u010derov prich\u00e1dza Barbora po prv\u00fd raz na hrad Stre\u010dno, aby [&hellip;]<\/p>\n","protected":false},"author":2,"featured_media":28018,"comment_status":"closed","ping_status":"closed","sticky":false,"template":"","format":"standard","meta":{"site-sidebar-layout":"default","site-content-layout":"","ast-site-content-layout":"","site-content-style":"default","site-sidebar-style":"default","ast-global-header-display":"","ast-banner-title-visibility":"","ast-main-header-display":"","ast-hfb-above-header-display":"","ast-hfb-below-header-display":"","ast-hfb-mobile-header-display":"","site-post-title":"","ast-breadcrumbs-content":"","ast-featured-img":"","footer-sml-layout":"","theme-transparent-header-meta":"","adv-header-id-meta":"","stick-header-meta":"","header-above-stick-meta":"","header-main-stick-meta":"","header-below-stick-meta":"","astra-migrate-meta-layouts":"default","ast-page-background-enabled":"default","ast-page-background-meta":{"desktop":{"background-color":"var(--ast-global-color-4)","background-image":"","background-repeat":"repeat","background-position":"center center","background-size":"auto","background-attachment":"scroll","background-type":"","background-media":"","overlay-type":"","overlay-color":"","overlay-opacity":"","overlay-gradient":""},"tablet":{"background-color":"","background-image":"","background-repeat":"repeat","background-position":"center center","background-size":"auto","background-attachment":"scroll","background-type":"","background-media":"","overlay-type":"","overlay-color":"","overlay-opacity":"","overlay-gradient":""},"mobile":{"background-color":"","background-image":"","background-repeat":"repeat","background-position":"center center","background-size":"auto","background-attachment":"scroll","background-type":"","background-media":"","overlay-type":"","overlay-color":"","overlay-opacity":"","overlay-gradient":""}},"ast-content-background-meta":{"desktop":{"background-color":"var(--ast-global-color-5)","background-image":"","background-repeat":"repeat","background-position":"center center","background-size":"auto","background-attachment":"scroll","background-type":"","background-media":"","overlay-type":"","overlay-color":"","overlay-opacity":"","overlay-gradient":""},"tablet":{"background-color":"var(--ast-global-color-5)","background-image":"","background-repeat":"repeat","background-position":"center center","background-size":"auto","background-attachment":"scroll","background-type":"","background-media":"","overlay-type":"","overlay-color":"","overlay-opacity":"","overlay-gradient":""},"mobile":{"background-color":"var(--ast-global-color-5)","background-image":"","background-repeat":"repeat","background-position":"center center","background-size":"auto","background-attachment":"scroll","background-type":"","background-media":"","overlay-type":"","overlay-color":"","overlay-opacity":"","overlay-gradient":""}},"footnotes":""},"categories":[31],"tags":[],"class_list":["post-28014","post","type-post","status-publish","format-standard","has-post-thumbnail","hentry","category-aktuality"],"yoast_head":"<!-- This site is optimized with the Yoast SEO plugin v27.4 - https:\/\/yoast.com\/product\/yoast-seo-wordpress\/ -->\n<title>No\u010dn\u00e9 prehliadky hradu Stre\u010dno - Pova\u017esk\u00e9 m\u00fazeum<\/title>\n<meta name=\"robots\" content=\"index, follow, max-snippet:-1, max-image-preview:large, max-video-preview:-1\" \/>\n<link rel=\"canonical\" href=\"https:\/\/pmza.sk\/?p=28014\" \/>\n<meta property=\"og:locale\" content=\"sk_SK\" \/>\n<meta property=\"og:type\" content=\"article\" \/>\n<meta property=\"og:title\" content=\"No\u010dn\u00e9 prehliadky hradu Stre\u010dno - Pova\u017esk\u00e9 m\u00fazeum\" \/>\n<meta property=\"og:description\" content=\"Pova\u017esk\u00e9 m\u00fazeum v\u00a0\u017diline op\u00e4\u0165 pripravilo ve\u013ekolep\u00e9 prehliadky hradu Stre\u010dno v no\u010dnej atmosf\u00e9re s\u00a0mimoriadnym programom v hrade. Osobnos\u0165ou tohtoro\u010dn\u00fdch no\u010dn\u00fdch prehliadok je \u010fal\u0161ia z\u00a0majiteliek hradu Stre\u010dno. Po \u017dofii Bosniakovej prin\u00e1\u0161aj\u00fa organiz\u00e1tori k\u00a0n\u00e1v\u0161tevn\u00edkom pr\u00edbeh cti\u017eiadostivej, nevernej a\u00a0do politiky sa man\u017eelovi plet\u00facej kr\u00e1\u013eovnej Barbory Celjskej. Po\u010das dvoch\u00a0 letn\u00fdch ve\u010derov prich\u00e1dza Barbora po prv\u00fd raz na hrad Stre\u010dno, aby [&hellip;]\" \/>\n<meta property=\"og:url\" content=\"https:\/\/pmza.sk\/?p=28014\" \/>\n<meta property=\"og:site_name\" content=\"Pova\u017esk\u00e9 m\u00fazeum\" \/>\n<meta property=\"article:publisher\" content=\"https:\/\/www.facebook.com\/povazskemuzeum\" \/>\n<meta property=\"article:published_time\" content=\"2018-06-15T12:45:44+00:00\" \/>\n<meta name=\"author\" content=\"Pova\u017esk\u00e9 m\u00fazeum\" \/>\n<meta name=\"twitter:card\" content=\"summary_large_image\" \/>\n<meta name=\"twitter:label1\" content=\"Autor\" \/>\n\t<meta name=\"twitter:data1\" content=\"Pova\u017esk\u00e9 m\u00fazeum\" \/>\n\t<meta name=\"twitter:label2\" content=\"Predpokladan\u00fd \u010das \u010d\u00edtania\" \/>\n\t<meta name=\"twitter:data2\" content=\"1 min\u00fata\" \/>\n<script type=\"application\/ld+json\" class=\"yoast-schema-graph\">{\"@context\":\"https:\\\/\\\/schema.org\",\"@graph\":[{\"@type\":\"Article\",\"@id\":\"https:\\\/\\\/pmza.sk\\\/?p=28014#article\",\"isPartOf\":{\"@id\":\"https:\\\/\\\/pmza.sk\\\/?p=28014\"},\"author\":{\"name\":\"Pova\u017esk\u00e9 m\u00fazeum\",\"@id\":\"https:\\\/\\\/pmza.sk\\\/#\\\/schema\\\/person\\\/595e6a2ce731ea94dcd5d7f50a41ae33\"},\"headline\":\"No\u010dn\u00e9 prehliadky hradu Stre\u010dno\",\"datePublished\":\"2018-06-15T12:45:44+00:00\",\"mainEntityOfPage\":{\"@id\":\"https:\\\/\\\/pmza.sk\\\/?p=28014\"},\"wordCount\":278,\"publisher\":{\"@id\":\"https:\\\/\\\/pmza.sk\\\/#organization\"},\"image\":{\"@id\":\"https:\\\/\\\/pmza.sk\\\/?p=28014#primaryimage\"},\"thumbnailUrl\":\"\",\"articleSection\":[\"Aktuality\"],\"inLanguage\":\"sk-SK\"},{\"@type\":\"WebPage\",\"@id\":\"https:\\\/\\\/pmza.sk\\\/?p=28014\",\"url\":\"https:\\\/\\\/pmza.sk\\\/?p=28014\",\"name\":\"No\u010dn\u00e9 prehliadky hradu Stre\u010dno - Pova\u017esk\u00e9 m\u00fazeum\",\"isPartOf\":{\"@id\":\"https:\\\/\\\/pmza.sk\\\/#website\"},\"primaryImageOfPage\":{\"@id\":\"https:\\\/\\\/pmza.sk\\\/?p=28014#primaryimage\"},\"image\":{\"@id\":\"https:\\\/\\\/pmza.sk\\\/?p=28014#primaryimage\"},\"thumbnailUrl\":\"\",\"datePublished\":\"2018-06-15T12:45:44+00:00\",\"breadcrumb\":{\"@id\":\"https:\\\/\\\/pmza.sk\\\/?p=28014#breadcrumb\"},\"inLanguage\":\"sk-SK\",\"potentialAction\":[{\"@type\":\"ReadAction\",\"target\":[\"https:\\\/\\\/pmza.sk\\\/?p=28014\"]}]},{\"@type\":\"ImageObject\",\"inLanguage\":\"sk-SK\",\"@id\":\"https:\\\/\\\/pmza.sk\\\/?p=28014#primaryimage\",\"url\":\"\",\"contentUrl\":\"\"},{\"@type\":\"BreadcrumbList\",\"@id\":\"https:\\\/\\\/pmza.sk\\\/?p=28014#breadcrumb\",\"itemListElement\":[{\"@type\":\"ListItem\",\"position\":1,\"name\":\"Domovsk\u00e1 str\u00e1nka\",\"item\":\"https:\\\/\\\/pmza.sk\\\/\"},{\"@type\":\"ListItem\",\"position\":2,\"name\":\"No\u010dn\u00e9 prehliadky hradu Stre\u010dno\"}]},{\"@type\":\"WebSite\",\"@id\":\"https:\\\/\\\/pmza.sk\\\/#website\",\"url\":\"https:\\\/\\\/pmza.sk\\\/\",\"name\":\"Pova\u017esk\u00e9 m\u00fazeum\",\"description\":\"Pova\u017esk\u00e9 m\u00fazeum v \u017diline je region\u00e1lne m\u00fazeum so s\u00eddlom v Budat\u00edne. Jeho expoz\u00edcie s\u00fa zameran\u00e9 na dejiny slovensk\u00e9ho umenia, kult\u00fary a dopravy.\",\"publisher\":{\"@id\":\"https:\\\/\\\/pmza.sk\\\/#organization\"},\"potentialAction\":[{\"@type\":\"SearchAction\",\"target\":{\"@type\":\"EntryPoint\",\"urlTemplate\":\"https:\\\/\\\/pmza.sk\\\/?s={search_term_string}\"},\"query-input\":{\"@type\":\"PropertyValueSpecification\",\"valueRequired\":true,\"valueName\":\"search_term_string\"}}],\"inLanguage\":\"sk-SK\"},{\"@type\":\"Organization\",\"@id\":\"https:\\\/\\\/pmza.sk\\\/#organization\",\"name\":\"Pova\u017esk\u00e9 m\u00fazeum\",\"url\":\"https:\\\/\\\/pmza.sk\\\/\",\"logo\":{\"@type\":\"ImageObject\",\"inLanguage\":\"sk-SK\",\"@id\":\"https:\\\/\\\/pmza.sk\\\/#\\\/schema\\\/logo\\\/image\\\/\",\"url\":\"https:\\\/\\\/pmza.sk\\\/wp-content\\\/uploads\\\/2022\\\/01\\\/logo_PM_horizontal.jpg\",\"contentUrl\":\"https:\\\/\\\/pmza.sk\\\/wp-content\\\/uploads\\\/2022\\\/01\\\/logo_PM_horizontal.jpg\",\"width\":231,\"height\":142,\"caption\":\"Pova\u017esk\u00e9 m\u00fazeum\"},\"image\":{\"@id\":\"https:\\\/\\\/pmza.sk\\\/#\\\/schema\\\/logo\\\/image\\\/\"},\"sameAs\":[\"https:\\\/\\\/www.facebook.com\\\/povazskemuzeum\",\"https:\\\/\\\/www.instagram.com\\\/povazskemuzeum\\\/\"]},{\"@type\":\"Person\",\"@id\":\"https:\\\/\\\/pmza.sk\\\/#\\\/schema\\\/person\\\/595e6a2ce731ea94dcd5d7f50a41ae33\",\"name\":\"Pova\u017esk\u00e9 m\u00fazeum\",\"image\":{\"@type\":\"ImageObject\",\"inLanguage\":\"sk-SK\",\"@id\":\"https:\\\/\\\/secure.gravatar.com\\\/avatar\\\/2bb7f1561282132fb5826dfeccc66c7996d11ee392ac6aaf7ced8a1c2027fbb2?s=96&d=mm&r=g\",\"url\":\"https:\\\/\\\/secure.gravatar.com\\\/avatar\\\/2bb7f1561282132fb5826dfeccc66c7996d11ee392ac6aaf7ced8a1c2027fbb2?s=96&d=mm&r=g\",\"contentUrl\":\"https:\\\/\\\/secure.gravatar.com\\\/avatar\\\/2bb7f1561282132fb5826dfeccc66c7996d11ee392ac6aaf7ced8a1c2027fbb2?s=96&d=mm&r=g\",\"caption\":\"Pova\u017esk\u00e9 m\u00fazeum\"}}]}<\/script>\n<!-- \/ Yoast SEO plugin. -->","yoast_head_json":{"title":"No\u010dn\u00e9 prehliadky hradu Stre\u010dno - Pova\u017esk\u00e9 m\u00fazeum","robots":{"index":"index","follow":"follow","max-snippet":"max-snippet:-1","max-image-preview":"max-image-preview:large","max-video-preview":"max-video-preview:-1"},"canonical":"https:\/\/pmza.sk\/?p=28014","og_locale":"sk_SK","og_type":"article","og_title":"No\u010dn\u00e9 prehliadky hradu Stre\u010dno - Pova\u017esk\u00e9 m\u00fazeum","og_description":"Pova\u017esk\u00e9 m\u00fazeum v\u00a0\u017diline op\u00e4\u0165 pripravilo ve\u013ekolep\u00e9 prehliadky hradu Stre\u010dno v no\u010dnej atmosf\u00e9re s\u00a0mimoriadnym programom v hrade. Osobnos\u0165ou tohtoro\u010dn\u00fdch no\u010dn\u00fdch prehliadok je \u010fal\u0161ia z\u00a0majiteliek hradu Stre\u010dno. Po \u017dofii Bosniakovej prin\u00e1\u0161aj\u00fa organiz\u00e1tori k\u00a0n\u00e1v\u0161tevn\u00edkom pr\u00edbeh cti\u017eiadostivej, nevernej a\u00a0do politiky sa man\u017eelovi plet\u00facej kr\u00e1\u013eovnej Barbory Celjskej. Po\u010das dvoch\u00a0 letn\u00fdch ve\u010derov prich\u00e1dza Barbora po prv\u00fd raz na hrad Stre\u010dno, aby [&hellip;]","og_url":"https:\/\/pmza.sk\/?p=28014","og_site_name":"Pova\u017esk\u00e9 m\u00fazeum","article_publisher":"https:\/\/www.facebook.com\/povazskemuzeum","article_published_time":"2018-06-15T12:45:44+00:00","author":"Pova\u017esk\u00e9 m\u00fazeum","twitter_card":"summary_large_image","twitter_misc":{"Autor":"Pova\u017esk\u00e9 m\u00fazeum","Predpokladan\u00fd \u010das \u010d\u00edtania":"1 min\u00fata"},"schema":{"@context":"https:\/\/schema.org","@graph":[{"@type":"Article","@id":"https:\/\/pmza.sk\/?p=28014#article","isPartOf":{"@id":"https:\/\/pmza.sk\/?p=28014"},"author":{"name":"Pova\u017esk\u00e9 m\u00fazeum","@id":"https:\/\/pmza.sk\/#\/schema\/person\/595e6a2ce731ea94dcd5d7f50a41ae33"},"headline":"No\u010dn\u00e9 prehliadky hradu Stre\u010dno","datePublished":"2018-06-15T12:45:44+00:00","mainEntityOfPage":{"@id":"https:\/\/pmza.sk\/?p=28014"},"wordCount":278,"publisher":{"@id":"https:\/\/pmza.sk\/#organization"},"image":{"@id":"https:\/\/pmza.sk\/?p=28014#primaryimage"},"thumbnailUrl":"","articleSection":["Aktuality"],"inLanguage":"sk-SK"},{"@type":"WebPage","@id":"https:\/\/pmza.sk\/?p=28014","url":"https:\/\/pmza.sk\/?p=28014","name":"No\u010dn\u00e9 prehliadky hradu Stre\u010dno - Pova\u017esk\u00e9 m\u00fazeum","isPartOf":{"@id":"https:\/\/pmza.sk\/#website"},"primaryImageOfPage":{"@id":"https:\/\/pmza.sk\/?p=28014#primaryimage"},"image":{"@id":"https:\/\/pmza.sk\/?p=28014#primaryimage"},"thumbnailUrl":"","datePublished":"2018-06-15T12:45:44+00:00","breadcrumb":{"@id":"https:\/\/pmza.sk\/?p=28014#breadcrumb"},"inLanguage":"sk-SK","potentialAction":[{"@type":"ReadAction","target":["https:\/\/pmza.sk\/?p=28014"]}]},{"@type":"ImageObject","inLanguage":"sk-SK","@id":"https:\/\/pmza.sk\/?p=28014#primaryimage","url":"","contentUrl":""},{"@type":"BreadcrumbList","@id":"https:\/\/pmza.sk\/?p=28014#breadcrumb","itemListElement":[{"@type":"ListItem","position":1,"name":"Domovsk\u00e1 str\u00e1nka","item":"https:\/\/pmza.sk\/"},{"@type":"ListItem","position":2,"name":"No\u010dn\u00e9 prehliadky hradu Stre\u010dno"}]},{"@type":"WebSite","@id":"https:\/\/pmza.sk\/#website","url":"https:\/\/pmza.sk\/","name":"Pova\u017esk\u00e9 m\u00fazeum","description":"Pova\u017esk\u00e9 m\u00fazeum v \u017diline je region\u00e1lne m\u00fazeum so s\u00eddlom v Budat\u00edne. Jeho expoz\u00edcie s\u00fa zameran\u00e9 na dejiny slovensk\u00e9ho umenia, kult\u00fary a dopravy.","publisher":{"@id":"https:\/\/pmza.sk\/#organization"},"potentialAction":[{"@type":"SearchAction","target":{"@type":"EntryPoint","urlTemplate":"https:\/\/pmza.sk\/?s={search_term_string}"},"query-input":{"@type":"PropertyValueSpecification","valueRequired":true,"valueName":"search_term_string"}}],"inLanguage":"sk-SK"},{"@type":"Organization","@id":"https:\/\/pmza.sk\/#organization","name":"Pova\u017esk\u00e9 m\u00fazeum","url":"https:\/\/pmza.sk\/","logo":{"@type":"ImageObject","inLanguage":"sk-SK","@id":"https:\/\/pmza.sk\/#\/schema\/logo\/image\/","url":"https:\/\/pmza.sk\/wp-content\/uploads\/2022\/01\/logo_PM_horizontal.jpg","contentUrl":"https:\/\/pmza.sk\/wp-content\/uploads\/2022\/01\/logo_PM_horizontal.jpg","width":231,"height":142,"caption":"Pova\u017esk\u00e9 m\u00fazeum"},"image":{"@id":"https:\/\/pmza.sk\/#\/schema\/logo\/image\/"},"sameAs":["https:\/\/www.facebook.com\/povazskemuzeum","https:\/\/www.instagram.com\/povazskemuzeum\/"]},{"@type":"Person","@id":"https:\/\/pmza.sk\/#\/schema\/person\/595e6a2ce731ea94dcd5d7f50a41ae33","name":"Pova\u017esk\u00e9 m\u00fazeum","image":{"@type":"ImageObject","inLanguage":"sk-SK","@id":"https:\/\/secure.gravatar.com\/avatar\/2bb7f1561282132fb5826dfeccc66c7996d11ee392ac6aaf7ced8a1c2027fbb2?s=96&d=mm&r=g","url":"https:\/\/secure.gravatar.com\/avatar\/2bb7f1561282132fb5826dfeccc66c7996d11ee392ac6aaf7ced8a1c2027fbb2?s=96&d=mm&r=g","contentUrl":"https:\/\/secure.gravatar.com\/avatar\/2bb7f1561282132fb5826dfeccc66c7996d11ee392ac6aaf7ced8a1c2027fbb2?s=96&d=mm&r=g","caption":"Pova\u017esk\u00e9 m\u00fazeum"}}]}},"_links":{"self":[{"href":"https:\/\/pmza.sk\/index.php?rest_route=\/wp\/v2\/posts\/28014","targetHints":{"allow":["GET"]}}],"collection":[{"href":"https:\/\/pmza.sk\/index.php?rest_route=\/wp\/v2\/posts"}],"about":[{"href":"https:\/\/pmza.sk\/index.php?rest_route=\/wp\/v2\/types\/post"}],"author":[{"embeddable":true,"href":"https:\/\/pmza.sk\/index.php?rest_route=\/wp\/v2\/users\/2"}],"replies":[{"embeddable":true,"href":"https:\/\/pmza.sk\/index.php?rest_route=%2Fwp%2Fv2%2Fcomments&post=28014"}],"version-history":[{"count":0,"href":"https:\/\/pmza.sk\/index.php?rest_route=\/wp\/v2\/posts\/28014\/revisions"}],"wp:featuredmedia":[{"embeddable":true,"href":"https:\/\/pmza.sk\/index.php?rest_route=\/"}],"wp:attachment":[{"href":"https:\/\/pmza.sk\/index.php?rest_route=%2Fwp%2Fv2%2Fmedia&parent=28014"}],"wp:term":[{"taxonomy":"category","embeddable":true,"href":"https:\/\/pmza.sk\/index.php?rest_route=%2Fwp%2Fv2%2Fcategories&post=28014"},{"taxonomy":"post_tag","embeddable":true,"href":"https:\/\/pmza.sk\/index.php?rest_route=%2Fwp%2Fv2%2Ftags&post=28014"}],"curies":[{"name":"wp","href":"https:\/\/api.w.org\/{rel}","templated":true}]}}