{"id":2808,"date":"2011-05-19T08:17:08","date_gmt":"2011-05-19T06:17:08","guid":{"rendered":"https:\/\/pmza.sk.sk\/?p=2808"},"modified":"2011-05-19T08:17:08","modified_gmt":"2011-05-19T06:17:08","slug":"vystava-o-rastlinstve-sulovskych-skal-uzatvara-cyklus-vystav-o-prirodnych-krasach-bytce-a-okolia","status":"publish","type":"post","link":"https:\/\/pmza.sk\/?p=2808","title":{"rendered":"V\u00fdstava o rastlinstve S\u00fa\u013eovsk\u00fdch sk\u00e1l uzatv\u00e1ra cyklus v\u00fdstav o pr\u00edrodn\u00fdch kr\u00e1sach Byt\u010de a okolia"},"content":{"rendered":"<p><strong> <\/strong><a href=\"https:\/\/pmza.sk\/wp-content\/uploads\/2011\/05\/foto-z-vystavy-Flora....jpg\"><img fetchpriority=\"high\" decoding=\"async\" class=\"size-medium wp-image-2810 alignleft\" style=\"margin: 4px; border: 2px solid black;\" title=\"foto z vystavy Flora...\" src=\"https:\/\/pmza.sk.sk\/wp-content\/uploads\/2011\/05\/foto-z-vystavy-Flora...-300x200.jpg\" alt=\"\" width=\"300\" height=\"200\" \/><\/a>Sob\u00e1\u0161ny pal\u00e1c v\u00a0Byt\u010di je od svojho spr\u00edstupnenia verejnosti \u00a0nav\u0161tevovan\u00fd nielen ako priestor, ktor\u00fd dal postavi\u0165 palat\u00edn Juraj Turzo pre svadobn\u00e9 hostiny svojich dc\u00e9r, ale aj ako priestor, ktor\u00fd ka\u017edoro\u010dne pon\u00faka zauj\u00edmav\u00e9 do\u010dasn\u00e9 v\u00fdstavy. Pova\u017esk\u00e9 m\u00fazeum v\u00a0\u017diline v\u00a0s\u00fa\u010dasnosti prezentuje v\u00a0pal\u00e1ci v\u00fdstavu <strong>Fl\u00f3ra S\u00fa\u013eovsk\u00fdch sk\u00e1l,<\/strong> ktor\u00e1 uzatv\u00e1ra cyklus v\u00fdstav zameran\u00fdch na pr\u00edrodn\u00e9 kr\u00e1sy byt\u010dianskeho regi\u00f3nu. V\u00a0roku 2010 cyklus otvorila v\u00fdstava Ne\u017eiv\u00e1 pr\u00edroda S\u00fa\u013eovsk\u00fdch sk\u00e1l venovan\u00e1 najv\u00e4\u010d\u0161iemu skaln\u00e9mu mestu na Slovensku. Letn\u00e9 mesiace minul\u00e9ho roku zas patrili faune, ktor\u00e1 je typick\u00e1 pre tento regi\u00f3n. Unik\u00e1tne archeologick\u00e9 n\u00e1lezy regi\u00f3nu prezentovala v\u00fdstava pod n\u00e1zvom Byt\u010da a\u00a0okolie v\u00a0odkazoch archeol\u00f3gie, ktor\u00fa mohli n\u00e1v\u0161tevn\u00edci pal\u00e1ca vidie\u0165 za\u010diatkom tohto roku. <!--more-->\u201e<em>V\u00fdstavy zameran\u00e9 na kr\u00e1sy a\u00a0zauj\u00edmavosti Byt\u010de a\u00a0\u0161ir\u0161ieho okolia vyu\u017eilo a\u00a0nav\u0161t\u00edvilo v\u00a0kontexte svojich u\u010debn\u00fdch osnov mno\u017estvo \u0161k\u00f4l matersk\u00fdch, z\u00e1kladn\u00fdch aj stredn\u00fdch z\u00a0okresov Byt\u010da, \u017dilina a\u00a0Pova\u017esk\u00e1 Bystrica. Ani s\u00fa\u010dasn\u00e1 v\u00fdstava <strong>Fl\u00f3ra S\u00fa\u013eovsk\u00fdch sk\u00e1l <\/strong>nezaost\u00e1va v\u00a0po\u010dte \u0161kolsk\u00fdch n\u00e1v\u0161tevn\u00edkov, a\u00a0te\u0161\u00ed sa ve\u013ekej pozornosti,<\/em>\u201c upozornil Milo\u0161 Majt\u00e1n, spr\u00e1vca Sob\u00e1\u0161neho pal\u00e1ca v\u00a0Byt\u010di.<\/p>\n<p>\u201e<em>S\u00fa\u013eovsk\u00e9 skaly patria k\u00a0pohoriam, ktor\u00e9 svojou geomorfologickou a\u00a0geologickou \u0161trukt\u00farou umo\u017enili rozvoj pestrej a\u00a0bohatej veget\u00e1cie. Pestros\u0165 rastlinstva v\u00a0\u00fazem\u00ed zn\u00e1sobuje aj t\u00e1 skuto\u010dnos\u0165, \u017ee S\u00fa\u013eovsk\u00e9 skaly s\u00fa \u00fazem\u00edm, kde sa stret\u00e1vaj\u00fa dva hlavn\u00e9 smery \u0161\u00edrenia rastl\u00edn. Je to smer pan\u00f3nsky, ktor\u00fd \u00fadol\u00edm V\u00e1hu doznieva v\u00a0okol\u00ed \u017diliny a\u00a0karpatsk\u00fd, ktor\u00fd prenik\u00e1 hrebe\u0148mi zo severu. Rozmanitos\u0165 veget\u00e1cie \u00fazemia pril\u00e1kala u\u017e v\u00a0minulosti viacer\u00fdch botanikov. Jedn\u00fdm z\u00a0prv\u00fdch bol J. \u013d. Holuby ( v\u00a0r. 1872<\/em>),\u201c povedala Vikt\u00f3ria Urbanov\u00e1, botani\u010dka m\u00fazea a\u00a0autorka v\u00fdstavy.<\/p>\n<p><strong> <\/strong><strong>V\u00fdstava Fl\u00f3ra S\u00fa\u013eovsk\u00fdch sk\u00e1l je pr\u00edstupn\u00e1 verejnosti do 19. j\u00fana 2011. Organiz\u00e1torom v\u00fdstavy je \u017dilinsk\u00fd samospr\u00e1vny kraj a\u00a0Pova\u017esk\u00e9 m\u00fazeum v\u00a0\u017diline.<\/strong><strong><\/strong><\/p>\n","protected":false},"excerpt":{"rendered":"<p>Sob\u00e1\u0161ny pal\u00e1c v\u00a0Byt\u010di je od svojho spr\u00edstupnenia verejnosti \u00a0nav\u0161tevovan\u00fd nielen ako priestor, ktor\u00fd dal postavi\u0165 palat\u00edn Juraj Turzo pre svadobn\u00e9 hostiny svojich dc\u00e9r, ale aj ako priestor, ktor\u00fd ka\u017edoro\u010dne pon\u00faka zauj\u00edmav\u00e9 do\u010dasn\u00e9 v\u00fdstavy. Pova\u017esk\u00e9 m\u00fazeum v\u00a0\u017diline v\u00a0s\u00fa\u010dasnosti prezentuje v\u00a0pal\u00e1ci v\u00fdstavu Fl\u00f3ra S\u00fa\u013eovsk\u00fdch sk\u00e1l, ktor\u00e1 uzatv\u00e1ra cyklus v\u00fdstav zameran\u00fdch na pr\u00edrodn\u00e9 kr\u00e1sy byt\u010dianskeho regi\u00f3nu. V\u00a0roku 2010 [&hellip;]<\/p>\n","protected":false},"author":1,"featured_media":0,"comment_status":"closed","ping_status":"closed","sticky":false,"template":"","format":"standard","meta":{"site-sidebar-layout":"default","site-content-layout":"","ast-site-content-layout":"","site-content-style":"default","site-sidebar-style":"default","ast-global-header-display":"","ast-banner-title-visibility":"","ast-main-header-display":"","ast-hfb-above-header-display":"","ast-hfb-below-header-display":"","ast-hfb-mobile-header-display":"","site-post-title":"","ast-breadcrumbs-content":"","ast-featured-img":"","footer-sml-layout":"","theme-transparent-header-meta":"","adv-header-id-meta":"","stick-header-meta":"","header-above-stick-meta":"","header-main-stick-meta":"","header-below-stick-meta":"","astra-migrate-meta-layouts":"default","ast-page-background-enabled":"default","ast-page-background-meta":{"desktop":{"background-color":"var(--ast-global-color-4)","background-image":"","background-repeat":"repeat","background-position":"center center","background-size":"auto","background-attachment":"scroll","background-type":"","background-media":"","overlay-type":"","overlay-color":"","overlay-opacity":"","overlay-gradient":""},"tablet":{"background-color":"","background-image":"","background-repeat":"repeat","background-position":"center center","background-size":"auto","background-attachment":"scroll","background-type":"","background-media":"","overlay-type":"","overlay-color":"","overlay-opacity":"","overlay-gradient":""},"mobile":{"background-color":"","background-image":"","background-repeat":"repeat","background-position":"center center","background-size":"auto","background-attachment":"scroll","background-type":"","background-media":"","overlay-type":"","overlay-color":"","overlay-opacity":"","overlay-gradient":""}},"ast-content-background-meta":{"desktop":{"background-color":"var(--ast-global-color-5)","background-image":"","background-repeat":"repeat","background-position":"center center","background-size":"auto","background-attachment":"scroll","background-type":"","background-media":"","overlay-type":"","overlay-color":"","overlay-opacity":"","overlay-gradient":""},"tablet":{"background-color":"var(--ast-global-color-5)","background-image":"","background-repeat":"repeat","background-position":"center center","background-size":"auto","background-attachment":"scroll","background-type":"","background-media":"","overlay-type":"","overlay-color":"","overlay-opacity":"","overlay-gradient":""},"mobile":{"background-color":"var(--ast-global-color-5)","background-image":"","background-repeat":"repeat","background-position":"center center","background-size":"auto","background-attachment":"scroll","background-type":"","background-media":"","overlay-type":"","overlay-color":"","overlay-opacity":"","overlay-gradient":""}},"footnotes":""},"categories":[30],"tags":[],"class_list":["post-2808","post","type-post","status-publish","format-standard","hentry","category-archiv-2011"],"yoast_head":"<!-- This site is optimized with the Yoast SEO plugin v27.4 - https:\/\/yoast.com\/product\/yoast-seo-wordpress\/ -->\n<title>V\u00fdstava o rastlinstve S\u00fa\u013eovsk\u00fdch sk\u00e1l uzatv\u00e1ra cyklus v\u00fdstav o pr\u00edrodn\u00fdch kr\u00e1sach Byt\u010de a okolia - Pova\u017esk\u00e9 m\u00fazeum<\/title>\n<meta name=\"robots\" content=\"index, follow, max-snippet:-1, max-image-preview:large, max-video-preview:-1\" \/>\n<link rel=\"canonical\" href=\"https:\/\/pmza.sk\/?p=2808\" \/>\n<meta property=\"og:locale\" content=\"sk_SK\" \/>\n<meta property=\"og:type\" content=\"article\" \/>\n<meta property=\"og:title\" content=\"V\u00fdstava o rastlinstve S\u00fa\u013eovsk\u00fdch sk\u00e1l uzatv\u00e1ra cyklus v\u00fdstav o pr\u00edrodn\u00fdch kr\u00e1sach Byt\u010de a okolia - Pova\u017esk\u00e9 m\u00fazeum\" \/>\n<meta property=\"og:description\" content=\"Sob\u00e1\u0161ny pal\u00e1c v\u00a0Byt\u010di je od svojho spr\u00edstupnenia verejnosti \u00a0nav\u0161tevovan\u00fd nielen ako priestor, ktor\u00fd dal postavi\u0165 palat\u00edn Juraj Turzo pre svadobn\u00e9 hostiny svojich dc\u00e9r, ale aj ako priestor, ktor\u00fd ka\u017edoro\u010dne pon\u00faka zauj\u00edmav\u00e9 do\u010dasn\u00e9 v\u00fdstavy. Pova\u017esk\u00e9 m\u00fazeum v\u00a0\u017diline v\u00a0s\u00fa\u010dasnosti prezentuje v\u00a0pal\u00e1ci v\u00fdstavu Fl\u00f3ra S\u00fa\u013eovsk\u00fdch sk\u00e1l, ktor\u00e1 uzatv\u00e1ra cyklus v\u00fdstav zameran\u00fdch na pr\u00edrodn\u00e9 kr\u00e1sy byt\u010dianskeho regi\u00f3nu. V\u00a0roku 2010 [&hellip;]\" \/>\n<meta property=\"og:url\" content=\"https:\/\/pmza.sk\/?p=2808\" \/>\n<meta property=\"og:site_name\" content=\"Pova\u017esk\u00e9 m\u00fazeum\" \/>\n<meta property=\"article:publisher\" content=\"https:\/\/www.facebook.com\/povazskemuzeum\" \/>\n<meta property=\"article:published_time\" content=\"2011-05-19T06:17:08+00:00\" \/>\n<meta property=\"og:image\" content=\"https:\/\/pmza.sk.sk\/wp-content\/uploads\/2011\/05\/foto-z-vystavy-Flora...-300x200.jpg\" \/>\n<meta name=\"author\" content=\"libor\" \/>\n<meta name=\"twitter:card\" content=\"summary_large_image\" \/>\n<meta name=\"twitter:label1\" content=\"Autor\" \/>\n\t<meta name=\"twitter:data1\" content=\"libor\" \/>\n\t<meta name=\"twitter:label2\" content=\"Predpokladan\u00fd \u010das \u010d\u00edtania\" \/>\n\t<meta name=\"twitter:data2\" content=\"2 min\u00faty\" \/>\n<script type=\"application\/ld+json\" class=\"yoast-schema-graph\">{\"@context\":\"https:\\\/\\\/schema.org\",\"@graph\":[{\"@type\":\"Article\",\"@id\":\"https:\\\/\\\/pmza.sk\\\/?p=2808#article\",\"isPartOf\":{\"@id\":\"https:\\\/\\\/pmza.sk\\\/?p=2808\"},\"author\":{\"name\":\"libor\",\"@id\":\"https:\\\/\\\/pmza.sk\\\/#\\\/schema\\\/person\\\/f0b923a9aa8e1f67feef0d7cd9afde35\"},\"headline\":\"V\u00fdstava o rastlinstve S\u00fa\u013eovsk\u00fdch sk\u00e1l uzatv\u00e1ra cyklus v\u00fdstav o pr\u00edrodn\u00fdch kr\u00e1sach Byt\u010de a okolia\",\"datePublished\":\"2011-05-19T06:17:08+00:00\",\"mainEntityOfPage\":{\"@id\":\"https:\\\/\\\/pmza.sk\\\/?p=2808\"},\"wordCount\":409,\"publisher\":{\"@id\":\"https:\\\/\\\/pmza.sk\\\/#organization\"},\"image\":{\"@id\":\"https:\\\/\\\/pmza.sk\\\/?p=2808#primaryimage\"},\"thumbnailUrl\":\"http:\\\/\\\/pmza.sk.sk\\\/wp-content\\\/uploads\\\/2011\\\/05\\\/foto-z-vystavy-Flora...-300x200.jpg\",\"articleSection\":[\"Arch\u00edv 2011\"],\"inLanguage\":\"sk-SK\"},{\"@type\":\"WebPage\",\"@id\":\"https:\\\/\\\/pmza.sk\\\/?p=2808\",\"url\":\"https:\\\/\\\/pmza.sk\\\/?p=2808\",\"name\":\"V\u00fdstava o rastlinstve S\u00fa\u013eovsk\u00fdch sk\u00e1l uzatv\u00e1ra cyklus v\u00fdstav o pr\u00edrodn\u00fdch kr\u00e1sach Byt\u010de a okolia - Pova\u017esk\u00e9 m\u00fazeum\",\"isPartOf\":{\"@id\":\"https:\\\/\\\/pmza.sk\\\/#website\"},\"primaryImageOfPage\":{\"@id\":\"https:\\\/\\\/pmza.sk\\\/?p=2808#primaryimage\"},\"image\":{\"@id\":\"https:\\\/\\\/pmza.sk\\\/?p=2808#primaryimage\"},\"thumbnailUrl\":\"http:\\\/\\\/pmza.sk.sk\\\/wp-content\\\/uploads\\\/2011\\\/05\\\/foto-z-vystavy-Flora...-300x200.jpg\",\"datePublished\":\"2011-05-19T06:17:08+00:00\",\"breadcrumb\":{\"@id\":\"https:\\\/\\\/pmza.sk\\\/?p=2808#breadcrumb\"},\"inLanguage\":\"sk-SK\",\"potentialAction\":[{\"@type\":\"ReadAction\",\"target\":[\"https:\\\/\\\/pmza.sk\\\/?p=2808\"]}]},{\"@type\":\"ImageObject\",\"inLanguage\":\"sk-SK\",\"@id\":\"https:\\\/\\\/pmza.sk\\\/?p=2808#primaryimage\",\"url\":\"http:\\\/\\\/pmza.sk.sk\\\/wp-content\\\/uploads\\\/2011\\\/05\\\/foto-z-vystavy-Flora...-300x200.jpg\",\"contentUrl\":\"http:\\\/\\\/pmza.sk.sk\\\/wp-content\\\/uploads\\\/2011\\\/05\\\/foto-z-vystavy-Flora...-300x200.jpg\"},{\"@type\":\"BreadcrumbList\",\"@id\":\"https:\\\/\\\/pmza.sk\\\/?p=2808#breadcrumb\",\"itemListElement\":[{\"@type\":\"ListItem\",\"position\":1,\"name\":\"Domovsk\u00e1 str\u00e1nka\",\"item\":\"https:\\\/\\\/pmza.sk\\\/\"},{\"@type\":\"ListItem\",\"position\":2,\"name\":\"V\u00fdstava o rastlinstve S\u00fa\u013eovsk\u00fdch sk\u00e1l uzatv\u00e1ra cyklus v\u00fdstav o pr\u00edrodn\u00fdch kr\u00e1sach Byt\u010de a okolia\"}]},{\"@type\":\"WebSite\",\"@id\":\"https:\\\/\\\/pmza.sk\\\/#website\",\"url\":\"https:\\\/\\\/pmza.sk\\\/\",\"name\":\"Pova\u017esk\u00e9 m\u00fazeum\",\"description\":\"Pova\u017esk\u00e9 m\u00fazeum v \u017diline je region\u00e1lne m\u00fazeum so s\u00eddlom v Budat\u00edne. Jeho expoz\u00edcie s\u00fa zameran\u00e9 na dejiny slovensk\u00e9ho umenia, kult\u00fary a dopravy.\",\"publisher\":{\"@id\":\"https:\\\/\\\/pmza.sk\\\/#organization\"},\"potentialAction\":[{\"@type\":\"SearchAction\",\"target\":{\"@type\":\"EntryPoint\",\"urlTemplate\":\"https:\\\/\\\/pmza.sk\\\/?s={search_term_string}\"},\"query-input\":{\"@type\":\"PropertyValueSpecification\",\"valueRequired\":true,\"valueName\":\"search_term_string\"}}],\"inLanguage\":\"sk-SK\"},{\"@type\":\"Organization\",\"@id\":\"https:\\\/\\\/pmza.sk\\\/#organization\",\"name\":\"Pova\u017esk\u00e9 m\u00fazeum\",\"url\":\"https:\\\/\\\/pmza.sk\\\/\",\"logo\":{\"@type\":\"ImageObject\",\"inLanguage\":\"sk-SK\",\"@id\":\"https:\\\/\\\/pmza.sk\\\/#\\\/schema\\\/logo\\\/image\\\/\",\"url\":\"https:\\\/\\\/pmza.sk\\\/wp-content\\\/uploads\\\/2022\\\/01\\\/logo_PM_horizontal.jpg\",\"contentUrl\":\"https:\\\/\\\/pmza.sk\\\/wp-content\\\/uploads\\\/2022\\\/01\\\/logo_PM_horizontal.jpg\",\"width\":231,\"height\":142,\"caption\":\"Pova\u017esk\u00e9 m\u00fazeum\"},\"image\":{\"@id\":\"https:\\\/\\\/pmza.sk\\\/#\\\/schema\\\/logo\\\/image\\\/\"},\"sameAs\":[\"https:\\\/\\\/www.facebook.com\\\/povazskemuzeum\",\"https:\\\/\\\/www.instagram.com\\\/povazskemuzeum\\\/\"]},{\"@type\":\"Person\",\"@id\":\"https:\\\/\\\/pmza.sk\\\/#\\\/schema\\\/person\\\/f0b923a9aa8e1f67feef0d7cd9afde35\",\"name\":\"libor\",\"image\":{\"@type\":\"ImageObject\",\"inLanguage\":\"sk-SK\",\"@id\":\"https:\\\/\\\/secure.gravatar.com\\\/avatar\\\/c583dbc698e594aacced1589eb8cf1673bd41d461e8b2ab635484ffc26fee7b0?s=96&d=mm&r=g\",\"url\":\"https:\\\/\\\/secure.gravatar.com\\\/avatar\\\/c583dbc698e594aacced1589eb8cf1673bd41d461e8b2ab635484ffc26fee7b0?s=96&d=mm&r=g\",\"contentUrl\":\"https:\\\/\\\/secure.gravatar.com\\\/avatar\\\/c583dbc698e594aacced1589eb8cf1673bd41d461e8b2ab635484ffc26fee7b0?s=96&d=mm&r=g\",\"caption\":\"libor\"}}]}<\/script>\n<!-- \/ Yoast SEO plugin. -->","yoast_head_json":{"title":"V\u00fdstava o rastlinstve S\u00fa\u013eovsk\u00fdch sk\u00e1l uzatv\u00e1ra cyklus v\u00fdstav o pr\u00edrodn\u00fdch kr\u00e1sach Byt\u010de a okolia - Pova\u017esk\u00e9 m\u00fazeum","robots":{"index":"index","follow":"follow","max-snippet":"max-snippet:-1","max-image-preview":"max-image-preview:large","max-video-preview":"max-video-preview:-1"},"canonical":"https:\/\/pmza.sk\/?p=2808","og_locale":"sk_SK","og_type":"article","og_title":"V\u00fdstava o rastlinstve S\u00fa\u013eovsk\u00fdch sk\u00e1l uzatv\u00e1ra cyklus v\u00fdstav o pr\u00edrodn\u00fdch kr\u00e1sach Byt\u010de a okolia - Pova\u017esk\u00e9 m\u00fazeum","og_description":"Sob\u00e1\u0161ny pal\u00e1c v\u00a0Byt\u010di je od svojho spr\u00edstupnenia verejnosti \u00a0nav\u0161tevovan\u00fd nielen ako priestor, ktor\u00fd dal postavi\u0165 palat\u00edn Juraj Turzo pre svadobn\u00e9 hostiny svojich dc\u00e9r, ale aj ako priestor, ktor\u00fd ka\u017edoro\u010dne pon\u00faka zauj\u00edmav\u00e9 do\u010dasn\u00e9 v\u00fdstavy. Pova\u017esk\u00e9 m\u00fazeum v\u00a0\u017diline v\u00a0s\u00fa\u010dasnosti prezentuje v\u00a0pal\u00e1ci v\u00fdstavu Fl\u00f3ra S\u00fa\u013eovsk\u00fdch sk\u00e1l, ktor\u00e1 uzatv\u00e1ra cyklus v\u00fdstav zameran\u00fdch na pr\u00edrodn\u00e9 kr\u00e1sy byt\u010dianskeho regi\u00f3nu. V\u00a0roku 2010 [&hellip;]","og_url":"https:\/\/pmza.sk\/?p=2808","og_site_name":"Pova\u017esk\u00e9 m\u00fazeum","article_publisher":"https:\/\/www.facebook.com\/povazskemuzeum","article_published_time":"2011-05-19T06:17:08+00:00","og_image":[{"url":"https:\/\/pmza.sk.sk\/wp-content\/uploads\/2011\/05\/foto-z-vystavy-Flora...-300x200.jpg","type":"","width":"","height":""}],"author":"libor","twitter_card":"summary_large_image","twitter_misc":{"Autor":"libor","Predpokladan\u00fd \u010das \u010d\u00edtania":"2 min\u00faty"},"schema":{"@context":"https:\/\/schema.org","@graph":[{"@type":"Article","@id":"https:\/\/pmza.sk\/?p=2808#article","isPartOf":{"@id":"https:\/\/pmza.sk\/?p=2808"},"author":{"name":"libor","@id":"https:\/\/pmza.sk\/#\/schema\/person\/f0b923a9aa8e1f67feef0d7cd9afde35"},"headline":"V\u00fdstava o rastlinstve S\u00fa\u013eovsk\u00fdch sk\u00e1l uzatv\u00e1ra cyklus v\u00fdstav o pr\u00edrodn\u00fdch kr\u00e1sach Byt\u010de a okolia","datePublished":"2011-05-19T06:17:08+00:00","mainEntityOfPage":{"@id":"https:\/\/pmza.sk\/?p=2808"},"wordCount":409,"publisher":{"@id":"https:\/\/pmza.sk\/#organization"},"image":{"@id":"https:\/\/pmza.sk\/?p=2808#primaryimage"},"thumbnailUrl":"https:\/\/pmza.sk.sk\/wp-content\/uploads\/2011\/05\/foto-z-vystavy-Flora...-300x200.jpg","articleSection":["Arch\u00edv 2011"],"inLanguage":"sk-SK"},{"@type":"WebPage","@id":"https:\/\/pmza.sk\/?p=2808","url":"https:\/\/pmza.sk\/?p=2808","name":"V\u00fdstava o rastlinstve S\u00fa\u013eovsk\u00fdch sk\u00e1l uzatv\u00e1ra cyklus v\u00fdstav o pr\u00edrodn\u00fdch kr\u00e1sach Byt\u010de a okolia - Pova\u017esk\u00e9 m\u00fazeum","isPartOf":{"@id":"https:\/\/pmza.sk\/#website"},"primaryImageOfPage":{"@id":"https:\/\/pmza.sk\/?p=2808#primaryimage"},"image":{"@id":"https:\/\/pmza.sk\/?p=2808#primaryimage"},"thumbnailUrl":"https:\/\/pmza.sk.sk\/wp-content\/uploads\/2011\/05\/foto-z-vystavy-Flora...-300x200.jpg","datePublished":"2011-05-19T06:17:08+00:00","breadcrumb":{"@id":"https:\/\/pmza.sk\/?p=2808#breadcrumb"},"inLanguage":"sk-SK","potentialAction":[{"@type":"ReadAction","target":["https:\/\/pmza.sk\/?p=2808"]}]},{"@type":"ImageObject","inLanguage":"sk-SK","@id":"https:\/\/pmza.sk\/?p=2808#primaryimage","url":"https:\/\/pmza.sk.sk\/wp-content\/uploads\/2011\/05\/foto-z-vystavy-Flora...-300x200.jpg","contentUrl":"https:\/\/pmza.sk.sk\/wp-content\/uploads\/2011\/05\/foto-z-vystavy-Flora...-300x200.jpg"},{"@type":"BreadcrumbList","@id":"https:\/\/pmza.sk\/?p=2808#breadcrumb","itemListElement":[{"@type":"ListItem","position":1,"name":"Domovsk\u00e1 str\u00e1nka","item":"https:\/\/pmza.sk\/"},{"@type":"ListItem","position":2,"name":"V\u00fdstava o rastlinstve S\u00fa\u013eovsk\u00fdch sk\u00e1l uzatv\u00e1ra cyklus v\u00fdstav o pr\u00edrodn\u00fdch kr\u00e1sach Byt\u010de a okolia"}]},{"@type":"WebSite","@id":"https:\/\/pmza.sk\/#website","url":"https:\/\/pmza.sk\/","name":"Pova\u017esk\u00e9 m\u00fazeum","description":"Pova\u017esk\u00e9 m\u00fazeum v \u017diline je region\u00e1lne m\u00fazeum so s\u00eddlom v Budat\u00edne. Jeho expoz\u00edcie s\u00fa zameran\u00e9 na dejiny slovensk\u00e9ho umenia, kult\u00fary a dopravy.","publisher":{"@id":"https:\/\/pmza.sk\/#organization"},"potentialAction":[{"@type":"SearchAction","target":{"@type":"EntryPoint","urlTemplate":"https:\/\/pmza.sk\/?s={search_term_string}"},"query-input":{"@type":"PropertyValueSpecification","valueRequired":true,"valueName":"search_term_string"}}],"inLanguage":"sk-SK"},{"@type":"Organization","@id":"https:\/\/pmza.sk\/#organization","name":"Pova\u017esk\u00e9 m\u00fazeum","url":"https:\/\/pmza.sk\/","logo":{"@type":"ImageObject","inLanguage":"sk-SK","@id":"https:\/\/pmza.sk\/#\/schema\/logo\/image\/","url":"https:\/\/pmza.sk\/wp-content\/uploads\/2022\/01\/logo_PM_horizontal.jpg","contentUrl":"https:\/\/pmza.sk\/wp-content\/uploads\/2022\/01\/logo_PM_horizontal.jpg","width":231,"height":142,"caption":"Pova\u017esk\u00e9 m\u00fazeum"},"image":{"@id":"https:\/\/pmza.sk\/#\/schema\/logo\/image\/"},"sameAs":["https:\/\/www.facebook.com\/povazskemuzeum","https:\/\/www.instagram.com\/povazskemuzeum\/"]},{"@type":"Person","@id":"https:\/\/pmza.sk\/#\/schema\/person\/f0b923a9aa8e1f67feef0d7cd9afde35","name":"libor","image":{"@type":"ImageObject","inLanguage":"sk-SK","@id":"https:\/\/secure.gravatar.com\/avatar\/c583dbc698e594aacced1589eb8cf1673bd41d461e8b2ab635484ffc26fee7b0?s=96&d=mm&r=g","url":"https:\/\/secure.gravatar.com\/avatar\/c583dbc698e594aacced1589eb8cf1673bd41d461e8b2ab635484ffc26fee7b0?s=96&d=mm&r=g","contentUrl":"https:\/\/secure.gravatar.com\/avatar\/c583dbc698e594aacced1589eb8cf1673bd41d461e8b2ab635484ffc26fee7b0?s=96&d=mm&r=g","caption":"libor"}}]}},"_links":{"self":[{"href":"https:\/\/pmza.sk\/index.php?rest_route=\/wp\/v2\/posts\/2808","targetHints":{"allow":["GET"]}}],"collection":[{"href":"https:\/\/pmza.sk\/index.php?rest_route=\/wp\/v2\/posts"}],"about":[{"href":"https:\/\/pmza.sk\/index.php?rest_route=\/wp\/v2\/types\/post"}],"author":[{"embeddable":true,"href":"https:\/\/pmza.sk\/index.php?rest_route=\/wp\/v2\/users\/1"}],"replies":[{"embeddable":true,"href":"https:\/\/pmza.sk\/index.php?rest_route=%2Fwp%2Fv2%2Fcomments&post=2808"}],"version-history":[{"count":0,"href":"https:\/\/pmza.sk\/index.php?rest_route=\/wp\/v2\/posts\/2808\/revisions"}],"wp:attachment":[{"href":"https:\/\/pmza.sk\/index.php?rest_route=%2Fwp%2Fv2%2Fmedia&parent=2808"}],"wp:term":[{"taxonomy":"category","embeddable":true,"href":"https:\/\/pmza.sk\/index.php?rest_route=%2Fwp%2Fv2%2Fcategories&post=2808"},{"taxonomy":"post_tag","embeddable":true,"href":"https:\/\/pmza.sk\/index.php?rest_route=%2Fwp%2Fv2%2Ftags&post=2808"}],"curies":[{"name":"wp","href":"https:\/\/api.w.org\/{rel}","templated":true}]}}