{"id":28119,"date":"2018-06-25T10:07:24","date_gmt":"2018-06-25T08:07:24","guid":{"rendered":"https:\/\/pmza.sk\/?p=28119"},"modified":"2018-06-25T10:07:24","modified_gmt":"2018-06-25T08:07:24","slug":"anca2018","status":"publish","type":"post","link":"https:\/\/pmza.sk\/?p=28119","title":{"rendered":"Rajeck\u00e1 An\u010da 2018"},"content":{"rendered":"<h3 style=\"text-align: center;\">Rajeck\u00e1 An\u010da 2018<\/h3>\n<h5 style=\"text-align: center;\"><span style=\"color: #ffcc00;\">Dni \u010deskoslovensk\u00fdch \u017eelezn\u00edc<\/span><\/h5>\n<p style=\"text-align: center;\">Podujatie sa kon\u00e1 pri pr\u00edle\u017eitosti 100. v\u00fdro\u010dia vzniku \u010ceskoslovenskej republiky a podniku \u010ceskoslovensk\u00e9 \u0161t\u00e1tne dr\u00e1hy\u00a0(\u010cSD).<\/p>\n<p>&nbsp;<\/p>\n<p style=\"text-align: center;\"><span style=\"color: #ff0000;\">Term\u00edn: 4. &#8211; 5. augusta 2018 (sobota &#8211; nede\u013ea)<\/span><\/p>\n<p>&nbsp;<\/p>\n<h4 style=\"text-align: center;\"><strong>Program podujatia<\/strong><\/h4>\n<table class=\" aligncenter\" style=\"width: 1058px;\">\n<tbody>\n<tr>\n<td style=\"width: 1048px; background-color: #faa61a;\">\n<p style=\"text-align: left;\"><span style=\"color: #000000;\"><strong>Jazda historick\u00e9ho motorov\u00e9ho vlaku na trase \u017dilina &#8211; Rajeck\u00e9 Teplice<\/strong><\/span><br \/><span style=\"color: #000000;\">Vlak v zlo\u017een\u00ed Motorov\u00fd voze\u0148 M 131.1443 &#8222;Hurv\u00ednek&#8220; + osobn\u00fd voze\u0148 Blm + motorov\u00fd voze\u0148 M 152.0160<\/span><\/p>\n<p style=\"text-align: left;\"><span style=\"color: #000000;\">Cestovn\u00fd poriadok:<br \/><a class=\"single-popup-image\" href=\"https:\/\/pmza.sk\/wp-content\/uploads\/2018\/06\/PLAG\u00c1T-R.AN\u010cA-cp.jpg\"><img fetchpriority=\"high\" decoding=\"async\" class=\"aligncenter wp-image-28326 size-large\" src=\"https:\/\/pmza.sk\/wp-content\/uploads\/2018\/06\/PLAG\u00c1T-R.AN\u010cA-cp-1170x213.jpg\" alt=\"\" width=\"1170\" height=\"213\" \/><\/a><br \/><\/span><\/p>\n<p style=\"text-align: left;\"><span style=\"color: #000000;\">Jednosmern\u00e9 cestovn\u00e9: z\u00e1kladn\u00e9 1 \u20ac , deti 6 &#8211; 15 rokov 0,50 \u20ac, deti 0 &#8211; 6 rokov zdarma.\u00a0<\/span><\/p>\n<p style=\"text-align: left;\"><span style=\"color: #000000;\">Cestovn\u00e9 l\u00edstky sa pred\u00e1vaj\u00fa VO VLAKU.<\/span><br \/><span style=\"color: #000000;\">Vo vlaku neplatia cestovn\u00e9 l\u00edstky ZSSK ani in\u00fdch dopravcov.<\/span><br \/><span style=\"color: #000000;\">Preprava je na vlastn\u00e9 riziko. Dopravca nezodpoved\u00e1 za pr\u00edpadn\u00e9 \u0161kody a straty.\u00a0<\/span><br \/><span style=\"color: #000000;\">Rezerv\u00e1cia miest nie je mo\u017en\u00e1.<\/span><\/p>\n<\/td>\n<\/tr>\n<tr>\n<td style=\"width: 1048px; background-color: #0089cf;\">\n<p style=\"text-align: left;\"><span style=\"color: #ffffff;\"><strong>Prehliadka M\u00fazea dopravy v Rajeck\u00fdch Tepliciach<br \/><\/strong>M\u00fazeum bude otvoren\u00e9 po oba dni od 9.30 do 16.30 hod.<\/span><br \/><span style=\"color: #ffffff;\">Prehliadka bude doplnen\u00e1 o v\u00fdstavu <strong>100 rokov \u010deskoslovensk\u00fdch \u017eelezn\u00edc a \u010fal\u0161ie atrakt\u00edvne prekvapenia<\/strong>.<\/span><\/p>\n<p><span style=\"color: #ffffff;\"><a class=\"single-popup-image\" href=\"https:\/\/pmza.sk\/wp-content\/uploads\/2018\/06\/IMG_6697.jpg\"><img decoding=\"async\" class=\"aligncenter wp-image-28121 size-thumbnail\" src=\"https:\/\/pmza.sk\/wp-content\/uploads\/2018\/06\/IMG_6697-475x300.jpg\" alt=\"\" width=\"475\" height=\"300\" \/><\/a><\/span><\/p>\n<p><span style=\"color: #ffffff;\">\u00a0<\/span><\/td>\n<\/tr>\n<tr>\n<td style=\"width: 1048px; background-color: #d2232a;\">\n<p style=\"text-align: left;\"><span style=\"color: #ffffff;\"><strong>Jazda historick\u00fdm autobusom\u00a0v Rajeck\u00fdch Tepliciach<\/strong><\/span><br \/><span style=\"color: #ffffff;\">Karosa \u0160D 11 <\/span><span style=\"color: #ffffff;\">medzi autobusovou stanicou\u00a0(ved\u013ea m\u00fazea dopravy) a hotelom Skalka<\/span><\/p>\n<p style=\"text-align: left;\"><span style=\"color: #ffffff;\">Odchody v sobotu aj nede\u013eu z autobusovej stanice: 10.30, 12.30, 14.30;\u00a0 od hotela Skalka 11.50, 13.50, 15.50 hod.<\/span><\/p>\n<p><span style=\"color: #ffffff;\"><a class=\"single-popup-image\" href=\"https:\/\/pmza.sk\/wp-content\/uploads\/2018\/06\/IMG_4897.jpg\"><img decoding=\"async\" class=\"aligncenter wp-image-28122 size-thumbnail\" src=\"https:\/\/pmza.sk\/wp-content\/uploads\/2018\/06\/IMG_4897-475x300.jpg\" alt=\"\" width=\"475\" height=\"300\" \/><\/a><\/span><\/p>\n<\/td>\n<\/tr>\n<tr>\n<td style=\"width: 1048px; background-color: #faa61a;\">\n<p style=\"text-align: left;\"><span style=\"color: #ffffff;\"><b>Mini westernov\u00fd vl\u00e1\u010dik<\/b><\/span><\/p>\n<p>mo\u017enos\u0165 povozi\u0165 sa po oba dni v are\u00e1li hotela Skalka<\/p>\n<p><a class=\"single-popup-image\" href=\"https:\/\/pmza.sk\/wp-content\/uploads\/2018\/06\/Western-vl\u00e1\u010dek-19.jpg\"><img loading=\"lazy\" decoding=\"async\" class=\"alignleft size-thumbnail wp-image-28520\" src=\"https:\/\/pmza.sk\/wp-content\/uploads\/2018\/06\/Western-vl\u00e1\u010dek-19-475x300.jpg\" alt=\"\" width=\"475\" height=\"300\" \/><\/a> <a class=\"single-popup-image\" href=\"https:\/\/pmza.sk\/wp-content\/uploads\/2018\/06\/Western-vl\u00e1\u010dek-4.jpg\"><img loading=\"lazy\" decoding=\"async\" class=\"alignleft size-thumbnail wp-image-28521\" src=\"https:\/\/pmza.sk\/wp-content\/uploads\/2018\/06\/Western-vl\u00e1\u010dek-4-475x300.jpg\" alt=\"\" width=\"475\" height=\"300\" \/><\/a><\/p>\n<\/td>\n<\/tr>\n<tr>\n<td style=\"width: 1048px; background-color: #62bb46;\"><span style=\"color: #ffffff;\">\u00a0<\/span><\/p>\n<p style=\"text-align: left;\"><span style=\"color: #ffffff;\"><strong>Aktivity pre rodiny s de\u0165mi a z\u00e1ujemcov o model\u00e1rstvo v are\u00e1li hotela Skalka Rajeck\u00e9 Teplic<\/strong><\/span><\/p>\n<p style=\"text-align: left;\"><span style=\"color: #ffffff;\">sobota &#8211; nede\u013ea 10.00 &#8211; 18.00 hod.<\/span><\/p>\n<ul class=\"default-lists\">\n<li style=\"text-align: left;\"><span style=\"color: #ffffff;\">prezent\u00e1cia kult\u00farnych a vo\u013eno\u010dasov\u00fdch aktiv\u00edt \u017eelezni\u010diarov zdru\u017een\u00fdch vo feder\u00e1cii FISAIC<\/span><\/li>\n<li style=\"text-align: left;\"><span style=\"color: #ffffff;\">modulov\u00e9 ko\u013eajisko<\/span><\/li>\n<li style=\"text-align: left;\"><span style=\"color: #ffffff;\">v\u00fdstava obrazov<\/span><\/li>\n<li style=\"text-align: left;\"><span style=\"color: #ffffff;\">sk\u00e1kac\u00ed vl\u00e1\u010dik<\/span><\/li>\n<li style=\"text-align: left;\"><span style=\"color: #ffffff;\">tvoriv\u00e9 aktivity<\/span><\/li>\n<li style=\"text-align: left;\"><span style=\"color: #ffffff;\">hudobn\u00e9 vyst\u00fapenia:<\/span>\n<ul class=\"default-lists\">\n<li>sobota od 16.00 hod.: MUZEUM PARTY BAND<\/li>\n<li>nede\u013ea od 15.00 hod.: RYTMUS Z RAJECKEJ DOLINY<\/li>\n<\/ul>\n<\/li>\n<\/ul>\n<p><a class=\"single-popup-image\" href=\"https:\/\/pmza.sk\/wp-content\/uploads\/2018\/06\/hotel_skalka_1492764044_001.jpg\"><img loading=\"lazy\" decoding=\"async\" class=\"size-thumbnail wp-image-28522 aligncenter\" src=\"https:\/\/pmza.sk\/wp-content\/uploads\/2018\/06\/hotel_skalka_1492764044_001-475x300.jpg\" alt=\"\" width=\"475\" height=\"300\" \/><\/a><\/p>\n<\/td>\n<\/tr>\n<tr>\n<td style=\"width: 1048px; background-color: #ffffff;\">\n<p><span style=\"color: #000000;\"><strong>Bohoslu\u017eba Ko\u013eaje do bud\u00facnosti<\/strong><\/span><\/p>\n<p><span style=\"color: #000000;\">v Kostole Bo\u017esk\u00e9ho srdca Je\u017ei\u0161ovho v Rajeck\u00fdch Tepliciach<\/span><\/p>\n<p>sobota 4. augusta 10.00 &#8211; 11.00 hod.<br \/><span style=\"color: #ffffff;\">sobota 4. augusta 10.00 &#8211; 11.00 hod.<\/span><\/p>\n<p><span style=\"color: #ffffff;\"><a class=\"single-popup-image\" href=\"https:\/\/pmza.sk\/wp-content\/uploads\/2018\/06\/xIMG_1789.jpg\"><img loading=\"lazy\" decoding=\"async\" class=\"size-thumbnail wp-image-28124 aligncenter\" src=\"https:\/\/pmza.sk\/wp-content\/uploads\/2018\/06\/xIMG_1789-475x300.jpg\" alt=\"\" width=\"475\" height=\"300\" \/><\/a><\/span><\/p>\n<\/td>\n<\/tr>\n<tr>\n<td style=\"width: 1048px; background-color: #231f20;\"><span style=\"color: #ffffff;\">\u00a0<br \/><\/span><strong style=\"color: #ffffff; font-family: inherit; font-size: inherit;\">Sl\u00e1vnostn\u00e9 otvorenie podujatia<\/strong><\/p>\n<p><span style=\"color: #ffffff;\">v sobotu 4. augusta o 11.30 hod. v hoteli Skalka\u00a0<\/p>\n<p><\/span><\/p>\n<\/td>\n<\/tr>\n<\/tbody>\n<\/table>\n<p>&nbsp;<\/p>\n<p>&nbsp;<\/p>\n","protected":false},"excerpt":{"rendered":"<p>Rajeck\u00e1 An\u010da 2018 Dni \u010deskoslovensk\u00fdch \u017eelezn\u00edc Podujatie sa kon\u00e1 pri pr\u00edle\u017eitosti 100. v\u00fdro\u010dia vzniku \u010ceskoslovenskej republiky a podniku \u010ceskoslovensk\u00e9 \u0161t\u00e1tne dr\u00e1hy\u00a0(\u010cSD). &nbsp; Term\u00edn: 4. &#8211; 5. augusta 2018 (sobota &#8211; nede\u013ea) &nbsp; Program podujatia Jazda historick\u00e9ho motorov\u00e9ho vlaku na trase \u017dilina &#8211; Rajeck\u00e9 TepliceVlak v zlo\u017een\u00ed Motorov\u00fd voze\u0148 M 131.1443 &#8222;Hurv\u00ednek&#8220; + osobn\u00fd voze\u0148 Blm [&hellip;]<\/p>\n","protected":false},"author":2,"featured_media":28120,"comment_status":"closed","ping_status":"closed","sticky":false,"template":"","format":"standard","meta":{"site-sidebar-layout":"default","site-content-layout":"","ast-site-content-layout":"","site-content-style":"default","site-sidebar-style":"default","ast-global-header-display":"","ast-banner-title-visibility":"","ast-main-header-display":"","ast-hfb-above-header-display":"","ast-hfb-below-header-display":"","ast-hfb-mobile-header-display":"","site-post-title":"","ast-breadcrumbs-content":"","ast-featured-img":"","footer-sml-layout":"","theme-transparent-header-meta":"","adv-header-id-meta":"","stick-header-meta":"","header-above-stick-meta":"","header-main-stick-meta":"","header-below-stick-meta":"","astra-migrate-meta-layouts":"default","ast-page-background-enabled":"default","ast-page-background-meta":{"desktop":{"background-color":"var(--ast-global-color-4)","background-image":"","background-repeat":"repeat","background-position":"center center","background-size":"auto","background-attachment":"scroll","background-type":"","background-media":"","overlay-type":"","overlay-color":"","overlay-opacity":"","overlay-gradient":""},"tablet":{"background-color":"","background-image":"","background-repeat":"repeat","background-position":"center center","background-size":"auto","background-attachment":"scroll","background-type":"","background-media":"","overlay-type":"","overlay-color":"","overlay-opacity":"","overlay-gradient":""},"mobile":{"background-color":"","background-image":"","background-repeat":"repeat","background-position":"center center","background-size":"auto","background-attachment":"scroll","background-type":"","background-media":"","overlay-type":"","overlay-color":"","overlay-opacity":"","overlay-gradient":""}},"ast-content-background-meta":{"desktop":{"background-color":"var(--ast-global-color-5)","background-image":"","background-repeat":"repeat","background-position":"center center","background-size":"auto","background-attachment":"scroll","background-type":"","background-media":"","overlay-type":"","overlay-color":"","overlay-opacity":"","overlay-gradient":""},"tablet":{"background-color":"var(--ast-global-color-5)","background-image":"","background-repeat":"repeat","background-position":"center center","background-size":"auto","background-attachment":"scroll","background-type":"","background-media":"","overlay-type":"","overlay-color":"","overlay-opacity":"","overlay-gradient":""},"mobile":{"background-color":"var(--ast-global-color-5)","background-image":"","background-repeat":"repeat","background-position":"center center","background-size":"auto","background-attachment":"scroll","background-type":"","background-media":"","overlay-type":"","overlay-color":"","overlay-opacity":"","overlay-gradient":""}},"footnotes":""},"categories":[31],"tags":[],"class_list":["post-28119","post","type-post","status-publish","format-standard","has-post-thumbnail","hentry","category-aktuality"],"yoast_head":"<!-- This site is optimized with the Yoast SEO plugin v27.4 - https:\/\/yoast.com\/product\/yoast-seo-wordpress\/ -->\n<title>Rajeck\u00e1 An\u010da 2018 - Pova\u017esk\u00e9 m\u00fazeum<\/title>\n<meta name=\"robots\" content=\"index, follow, max-snippet:-1, max-image-preview:large, max-video-preview:-1\" \/>\n<link rel=\"canonical\" href=\"https:\/\/pmza.sk\/?p=28119\" \/>\n<meta property=\"og:locale\" content=\"sk_SK\" \/>\n<meta property=\"og:type\" content=\"article\" \/>\n<meta property=\"og:title\" content=\"Rajeck\u00e1 An\u010da 2018 - Pova\u017esk\u00e9 m\u00fazeum\" \/>\n<meta property=\"og:description\" content=\"Rajeck\u00e1 An\u010da 2018 Dni \u010deskoslovensk\u00fdch \u017eelezn\u00edc Podujatie sa kon\u00e1 pri pr\u00edle\u017eitosti 100. v\u00fdro\u010dia vzniku \u010ceskoslovenskej republiky a podniku \u010ceskoslovensk\u00e9 \u0161t\u00e1tne dr\u00e1hy\u00a0(\u010cSD). &nbsp; Term\u00edn: 4. &#8211; 5. augusta 2018 (sobota &#8211; nede\u013ea) &nbsp; Program podujatia Jazda historick\u00e9ho motorov\u00e9ho vlaku na trase \u017dilina &#8211; Rajeck\u00e9 TepliceVlak v zlo\u017een\u00ed Motorov\u00fd voze\u0148 M 131.1443 &#8222;Hurv\u00ednek&#8220; + osobn\u00fd voze\u0148 Blm [&hellip;]\" \/>\n<meta property=\"og:url\" content=\"https:\/\/pmza.sk\/?p=28119\" \/>\n<meta property=\"og:site_name\" content=\"Pova\u017esk\u00e9 m\u00fazeum\" \/>\n<meta property=\"article:publisher\" content=\"https:\/\/www.facebook.com\/povazskemuzeum\" \/>\n<meta property=\"article:published_time\" content=\"2018-06-25T08:07:24+00:00\" \/>\n<meta name=\"author\" content=\"Pova\u017esk\u00e9 m\u00fazeum\" \/>\n<meta name=\"twitter:card\" content=\"summary_large_image\" \/>\n<meta name=\"twitter:label1\" content=\"Autor\" \/>\n\t<meta name=\"twitter:data1\" content=\"Pova\u017esk\u00e9 m\u00fazeum\" \/>\n\t<meta name=\"twitter:label2\" content=\"Predpokladan\u00fd \u010das \u010d\u00edtania\" \/>\n\t<meta name=\"twitter:data2\" content=\"2 min\u00faty\" \/>\n<script type=\"application\/ld+json\" class=\"yoast-schema-graph\">{\"@context\":\"https:\\\/\\\/schema.org\",\"@graph\":[{\"@type\":\"Article\",\"@id\":\"https:\\\/\\\/pmza.sk\\\/?p=28119#article\",\"isPartOf\":{\"@id\":\"https:\\\/\\\/pmza.sk\\\/?p=28119\"},\"author\":{\"name\":\"Pova\u017esk\u00e9 m\u00fazeum\",\"@id\":\"https:\\\/\\\/pmza.sk\\\/#\\\/schema\\\/person\\\/595e6a2ce731ea94dcd5d7f50a41ae33\"},\"headline\":\"Rajeck\u00e1 An\u010da 2018\",\"datePublished\":\"2018-06-25T08:07:24+00:00\",\"mainEntityOfPage\":{\"@id\":\"https:\\\/\\\/pmza.sk\\\/?p=28119\"},\"wordCount\":324,\"publisher\":{\"@id\":\"https:\\\/\\\/pmza.sk\\\/#organization\"},\"image\":{\"@id\":\"https:\\\/\\\/pmza.sk\\\/?p=28119#primaryimage\"},\"thumbnailUrl\":\"\",\"articleSection\":[\"Aktuality\"],\"inLanguage\":\"sk-SK\"},{\"@type\":\"WebPage\",\"@id\":\"https:\\\/\\\/pmza.sk\\\/?p=28119\",\"url\":\"https:\\\/\\\/pmza.sk\\\/?p=28119\",\"name\":\"Rajeck\u00e1 An\u010da 2018 - Pova\u017esk\u00e9 m\u00fazeum\",\"isPartOf\":{\"@id\":\"https:\\\/\\\/pmza.sk\\\/#website\"},\"primaryImageOfPage\":{\"@id\":\"https:\\\/\\\/pmza.sk\\\/?p=28119#primaryimage\"},\"image\":{\"@id\":\"https:\\\/\\\/pmza.sk\\\/?p=28119#primaryimage\"},\"thumbnailUrl\":\"\",\"datePublished\":\"2018-06-25T08:07:24+00:00\",\"breadcrumb\":{\"@id\":\"https:\\\/\\\/pmza.sk\\\/?p=28119#breadcrumb\"},\"inLanguage\":\"sk-SK\",\"potentialAction\":[{\"@type\":\"ReadAction\",\"target\":[\"https:\\\/\\\/pmza.sk\\\/?p=28119\"]}]},{\"@type\":\"ImageObject\",\"inLanguage\":\"sk-SK\",\"@id\":\"https:\\\/\\\/pmza.sk\\\/?p=28119#primaryimage\",\"url\":\"\",\"contentUrl\":\"\"},{\"@type\":\"BreadcrumbList\",\"@id\":\"https:\\\/\\\/pmza.sk\\\/?p=28119#breadcrumb\",\"itemListElement\":[{\"@type\":\"ListItem\",\"position\":1,\"name\":\"Domovsk\u00e1 str\u00e1nka\",\"item\":\"https:\\\/\\\/pmza.sk\\\/\"},{\"@type\":\"ListItem\",\"position\":2,\"name\":\"Rajeck\u00e1 An\u010da 2018\"}]},{\"@type\":\"WebSite\",\"@id\":\"https:\\\/\\\/pmza.sk\\\/#website\",\"url\":\"https:\\\/\\\/pmza.sk\\\/\",\"name\":\"Pova\u017esk\u00e9 m\u00fazeum\",\"description\":\"Pova\u017esk\u00e9 m\u00fazeum v \u017diline je region\u00e1lne m\u00fazeum so s\u00eddlom v Budat\u00edne. Jeho expoz\u00edcie s\u00fa zameran\u00e9 na dejiny slovensk\u00e9ho umenia, kult\u00fary a dopravy.\",\"publisher\":{\"@id\":\"https:\\\/\\\/pmza.sk\\\/#organization\"},\"potentialAction\":[{\"@type\":\"SearchAction\",\"target\":{\"@type\":\"EntryPoint\",\"urlTemplate\":\"https:\\\/\\\/pmza.sk\\\/?s={search_term_string}\"},\"query-input\":{\"@type\":\"PropertyValueSpecification\",\"valueRequired\":true,\"valueName\":\"search_term_string\"}}],\"inLanguage\":\"sk-SK\"},{\"@type\":\"Organization\",\"@id\":\"https:\\\/\\\/pmza.sk\\\/#organization\",\"name\":\"Pova\u017esk\u00e9 m\u00fazeum\",\"url\":\"https:\\\/\\\/pmza.sk\\\/\",\"logo\":{\"@type\":\"ImageObject\",\"inLanguage\":\"sk-SK\",\"@id\":\"https:\\\/\\\/pmza.sk\\\/#\\\/schema\\\/logo\\\/image\\\/\",\"url\":\"https:\\\/\\\/pmza.sk\\\/wp-content\\\/uploads\\\/2022\\\/01\\\/logo_PM_horizontal.jpg\",\"contentUrl\":\"https:\\\/\\\/pmza.sk\\\/wp-content\\\/uploads\\\/2022\\\/01\\\/logo_PM_horizontal.jpg\",\"width\":231,\"height\":142,\"caption\":\"Pova\u017esk\u00e9 m\u00fazeum\"},\"image\":{\"@id\":\"https:\\\/\\\/pmza.sk\\\/#\\\/schema\\\/logo\\\/image\\\/\"},\"sameAs\":[\"https:\\\/\\\/www.facebook.com\\\/povazskemuzeum\",\"https:\\\/\\\/www.instagram.com\\\/povazskemuzeum\\\/\"]},{\"@type\":\"Person\",\"@id\":\"https:\\\/\\\/pmza.sk\\\/#\\\/schema\\\/person\\\/595e6a2ce731ea94dcd5d7f50a41ae33\",\"name\":\"Pova\u017esk\u00e9 m\u00fazeum\",\"image\":{\"@type\":\"ImageObject\",\"inLanguage\":\"sk-SK\",\"@id\":\"https:\\\/\\\/secure.gravatar.com\\\/avatar\\\/2bb7f1561282132fb5826dfeccc66c7996d11ee392ac6aaf7ced8a1c2027fbb2?s=96&d=mm&r=g\",\"url\":\"https:\\\/\\\/secure.gravatar.com\\\/avatar\\\/2bb7f1561282132fb5826dfeccc66c7996d11ee392ac6aaf7ced8a1c2027fbb2?s=96&d=mm&r=g\",\"contentUrl\":\"https:\\\/\\\/secure.gravatar.com\\\/avatar\\\/2bb7f1561282132fb5826dfeccc66c7996d11ee392ac6aaf7ced8a1c2027fbb2?s=96&d=mm&r=g\",\"caption\":\"Pova\u017esk\u00e9 m\u00fazeum\"}}]}<\/script>\n<!-- \/ Yoast SEO plugin. -->","yoast_head_json":{"title":"Rajeck\u00e1 An\u010da 2018 - Pova\u017esk\u00e9 m\u00fazeum","robots":{"index":"index","follow":"follow","max-snippet":"max-snippet:-1","max-image-preview":"max-image-preview:large","max-video-preview":"max-video-preview:-1"},"canonical":"https:\/\/pmza.sk\/?p=28119","og_locale":"sk_SK","og_type":"article","og_title":"Rajeck\u00e1 An\u010da 2018 - Pova\u017esk\u00e9 m\u00fazeum","og_description":"Rajeck\u00e1 An\u010da 2018 Dni \u010deskoslovensk\u00fdch \u017eelezn\u00edc Podujatie sa kon\u00e1 pri pr\u00edle\u017eitosti 100. v\u00fdro\u010dia vzniku \u010ceskoslovenskej republiky a podniku \u010ceskoslovensk\u00e9 \u0161t\u00e1tne dr\u00e1hy\u00a0(\u010cSD). &nbsp; Term\u00edn: 4. &#8211; 5. augusta 2018 (sobota &#8211; nede\u013ea) &nbsp; Program podujatia Jazda historick\u00e9ho motorov\u00e9ho vlaku na trase \u017dilina &#8211; Rajeck\u00e9 TepliceVlak v zlo\u017een\u00ed Motorov\u00fd voze\u0148 M 131.1443 &#8222;Hurv\u00ednek&#8220; + osobn\u00fd voze\u0148 Blm [&hellip;]","og_url":"https:\/\/pmza.sk\/?p=28119","og_site_name":"Pova\u017esk\u00e9 m\u00fazeum","article_publisher":"https:\/\/www.facebook.com\/povazskemuzeum","article_published_time":"2018-06-25T08:07:24+00:00","author":"Pova\u017esk\u00e9 m\u00fazeum","twitter_card":"summary_large_image","twitter_misc":{"Autor":"Pova\u017esk\u00e9 m\u00fazeum","Predpokladan\u00fd \u010das \u010d\u00edtania":"2 min\u00faty"},"schema":{"@context":"https:\/\/schema.org","@graph":[{"@type":"Article","@id":"https:\/\/pmza.sk\/?p=28119#article","isPartOf":{"@id":"https:\/\/pmza.sk\/?p=28119"},"author":{"name":"Pova\u017esk\u00e9 m\u00fazeum","@id":"https:\/\/pmza.sk\/#\/schema\/person\/595e6a2ce731ea94dcd5d7f50a41ae33"},"headline":"Rajeck\u00e1 An\u010da 2018","datePublished":"2018-06-25T08:07:24+00:00","mainEntityOfPage":{"@id":"https:\/\/pmza.sk\/?p=28119"},"wordCount":324,"publisher":{"@id":"https:\/\/pmza.sk\/#organization"},"image":{"@id":"https:\/\/pmza.sk\/?p=28119#primaryimage"},"thumbnailUrl":"","articleSection":["Aktuality"],"inLanguage":"sk-SK"},{"@type":"WebPage","@id":"https:\/\/pmza.sk\/?p=28119","url":"https:\/\/pmza.sk\/?p=28119","name":"Rajeck\u00e1 An\u010da 2018 - Pova\u017esk\u00e9 m\u00fazeum","isPartOf":{"@id":"https:\/\/pmza.sk\/#website"},"primaryImageOfPage":{"@id":"https:\/\/pmza.sk\/?p=28119#primaryimage"},"image":{"@id":"https:\/\/pmza.sk\/?p=28119#primaryimage"},"thumbnailUrl":"","datePublished":"2018-06-25T08:07:24+00:00","breadcrumb":{"@id":"https:\/\/pmza.sk\/?p=28119#breadcrumb"},"inLanguage":"sk-SK","potentialAction":[{"@type":"ReadAction","target":["https:\/\/pmza.sk\/?p=28119"]}]},{"@type":"ImageObject","inLanguage":"sk-SK","@id":"https:\/\/pmza.sk\/?p=28119#primaryimage","url":"","contentUrl":""},{"@type":"BreadcrumbList","@id":"https:\/\/pmza.sk\/?p=28119#breadcrumb","itemListElement":[{"@type":"ListItem","position":1,"name":"Domovsk\u00e1 str\u00e1nka","item":"https:\/\/pmza.sk\/"},{"@type":"ListItem","position":2,"name":"Rajeck\u00e1 An\u010da 2018"}]},{"@type":"WebSite","@id":"https:\/\/pmza.sk\/#website","url":"https:\/\/pmza.sk\/","name":"Pova\u017esk\u00e9 m\u00fazeum","description":"Pova\u017esk\u00e9 m\u00fazeum v \u017diline je region\u00e1lne m\u00fazeum so s\u00eddlom v Budat\u00edne. Jeho expoz\u00edcie s\u00fa zameran\u00e9 na dejiny slovensk\u00e9ho umenia, kult\u00fary a dopravy.","publisher":{"@id":"https:\/\/pmza.sk\/#organization"},"potentialAction":[{"@type":"SearchAction","target":{"@type":"EntryPoint","urlTemplate":"https:\/\/pmza.sk\/?s={search_term_string}"},"query-input":{"@type":"PropertyValueSpecification","valueRequired":true,"valueName":"search_term_string"}}],"inLanguage":"sk-SK"},{"@type":"Organization","@id":"https:\/\/pmza.sk\/#organization","name":"Pova\u017esk\u00e9 m\u00fazeum","url":"https:\/\/pmza.sk\/","logo":{"@type":"ImageObject","inLanguage":"sk-SK","@id":"https:\/\/pmza.sk\/#\/schema\/logo\/image\/","url":"https:\/\/pmza.sk\/wp-content\/uploads\/2022\/01\/logo_PM_horizontal.jpg","contentUrl":"https:\/\/pmza.sk\/wp-content\/uploads\/2022\/01\/logo_PM_horizontal.jpg","width":231,"height":142,"caption":"Pova\u017esk\u00e9 m\u00fazeum"},"image":{"@id":"https:\/\/pmza.sk\/#\/schema\/logo\/image\/"},"sameAs":["https:\/\/www.facebook.com\/povazskemuzeum","https:\/\/www.instagram.com\/povazskemuzeum\/"]},{"@type":"Person","@id":"https:\/\/pmza.sk\/#\/schema\/person\/595e6a2ce731ea94dcd5d7f50a41ae33","name":"Pova\u017esk\u00e9 m\u00fazeum","image":{"@type":"ImageObject","inLanguage":"sk-SK","@id":"https:\/\/secure.gravatar.com\/avatar\/2bb7f1561282132fb5826dfeccc66c7996d11ee392ac6aaf7ced8a1c2027fbb2?s=96&d=mm&r=g","url":"https:\/\/secure.gravatar.com\/avatar\/2bb7f1561282132fb5826dfeccc66c7996d11ee392ac6aaf7ced8a1c2027fbb2?s=96&d=mm&r=g","contentUrl":"https:\/\/secure.gravatar.com\/avatar\/2bb7f1561282132fb5826dfeccc66c7996d11ee392ac6aaf7ced8a1c2027fbb2?s=96&d=mm&r=g","caption":"Pova\u017esk\u00e9 m\u00fazeum"}}]}},"_links":{"self":[{"href":"https:\/\/pmza.sk\/index.php?rest_route=\/wp\/v2\/posts\/28119","targetHints":{"allow":["GET"]}}],"collection":[{"href":"https:\/\/pmza.sk\/index.php?rest_route=\/wp\/v2\/posts"}],"about":[{"href":"https:\/\/pmza.sk\/index.php?rest_route=\/wp\/v2\/types\/post"}],"author":[{"embeddable":true,"href":"https:\/\/pmza.sk\/index.php?rest_route=\/wp\/v2\/users\/2"}],"replies":[{"embeddable":true,"href":"https:\/\/pmza.sk\/index.php?rest_route=%2Fwp%2Fv2%2Fcomments&post=28119"}],"version-history":[{"count":0,"href":"https:\/\/pmza.sk\/index.php?rest_route=\/wp\/v2\/posts\/28119\/revisions"}],"wp:featuredmedia":[{"embeddable":true,"href":"https:\/\/pmza.sk\/index.php?rest_route=\/"}],"wp:attachment":[{"href":"https:\/\/pmza.sk\/index.php?rest_route=%2Fwp%2Fv2%2Fmedia&parent=28119"}],"wp:term":[{"taxonomy":"category","embeddable":true,"href":"https:\/\/pmza.sk\/index.php?rest_route=%2Fwp%2Fv2%2Fcategories&post=28119"},{"taxonomy":"post_tag","embeddable":true,"href":"https:\/\/pmza.sk\/index.php?rest_route=%2Fwp%2Fv2%2Ftags&post=28119"}],"curies":[{"name":"wp","href":"https:\/\/api.w.org\/{rel}","templated":true}]}}