{"id":28311,"date":"2018-07-04T09:48:15","date_gmt":"2018-07-04T07:48:15","guid":{"rendered":"https:\/\/pmza.sk\/?p=28311"},"modified":"2018-07-04T09:48:15","modified_gmt":"2018-07-04T07:48:15","slug":"konvergencia","status":"publish","type":"post","link":"https:\/\/pmza.sk\/?p=28311","title":{"rendered":"Konvergencia"},"content":{"rendered":"<p>V\u00a0severnej ve\u017ei hradu Stre\u010dno od 12. j\u00fala 2018\u00a0 predstav\u00ed svoje diela \u2013 ma\u013eby a\u00a0objekty \u2013 akademick\u00e1 maliarka Veronika Lu\u010deni\u010dov\u00e1 Gab\u010dov\u00e1.<\/p>\n<p>Bratislavsk\u00e1 v\u00fdtvarn\u00ed\u010dka Veronika Lu\u010deni\u010dov\u00e1 Gab\u010dov\u00e1 je umelky\u0148a so \u0161irok\u00fdm spektrom v\u00fdtvarn\u00fdch m\u00e9di\u00ed a\u00a0kult\u00farnych aktiv\u00edt. Popri plo\u0161n\u00fdch technik\u00e1ch (ma\u013eba, grafika, kresba) sa venuje aj soch\u00e1rskym objektom, kde experimentuje so sklom a\u00a0bronzom. Svoje diela aplikuje pri vytv\u00e1ran\u00ed interi\u00e9rov\u00fdch dizajnov, kde p\u00f4sobia harmonicky, kultivovane a\u00a0elegantne. V\u00a0jej tvorbe sa prel\u00edna v\u00fdborn\u00fd cit pre farbu a\u00a0tvar, ktor\u00fdmi dok\u00e1\u017ee vyjadri\u0165 vlastn\u00e9 em\u00f3cie a\u00a0my\u0161lienky.<\/p>\n<p>Na neust\u00e1le h\u013eadanie nov\u00fdch sp\u00f4sobov vyu\u017eitia r\u00f4znych materi\u00e1lov, techn\u00edk a\u00a0technol\u00f3gi\u00ed vo vo\u013enej tvorbe ju predur\u010dilo u\u017e vzdelanie. Na strednej \u0160kole umeleck\u00e9ho priemyslu v\u00a0Bratislave (\u0160UPS) \u0161tudovala odbor keramika. Po maturite pokra\u010dovala na Vysokej \u0161kole v\u00fdtvarn\u00fdch umen\u00ed v\u00a0Bratislave, kde absolvovala \u0161t\u00fadium na katedre re\u0161taurovania. Tu potom takmer dvadsa\u0165 rokov aj pedagogicky p\u00f4sobila, a\u00a0zameriavala sa na vyu\u017eitie vedy pri \u00a0neinvaz\u00edvnom v\u00fdskume a z\u00e1chrane kult\u00farneho dedi\u010dstva.<\/p>\n<p>Cel\u00fd jej profesion\u00e1lny \u017eivot je nasmerovan\u00fd k\u00a0citliv\u00e9mu vn\u00edmaniu spolo\u010densko-kult\u00farnych t\u00e9m, ktor\u00e9 v jej tvorbe otvorene komunikuj\u00fa a\u00a0odr\u00e1\u017eaj\u00fa sa v\u00a0nej.<\/p>\n<p>Vernis\u00e1\u017e je napl\u00e1novan\u00e1 na 12. j\u00fala 2018 o 18.00 h. V\u00fdstava Veroniky Lu\u010deni\u010dovej Gab\u010dovej KONVERGENCIA sa kon\u00e1 v\u00a0r\u00e1mci dlhoro\u010dn\u00e9ho cyklu \u201eUmenie na hrade\u201c a\u00a0potrv\u00e1 do 11. septembra 2018.<\/p>\n<p>&nbsp;<\/p>\n","protected":false},"excerpt":{"rendered":"<p>V\u00a0severnej ve\u017ei hradu Stre\u010dno od 12. j\u00fala 2018\u00a0 predstav\u00ed svoje diela \u2013 ma\u013eby a\u00a0objekty \u2013 akademick\u00e1 maliarka Veronika Lu\u010deni\u010dov\u00e1 Gab\u010dov\u00e1. Bratislavsk\u00e1 v\u00fdtvarn\u00ed\u010dka Veronika Lu\u010deni\u010dov\u00e1 Gab\u010dov\u00e1 je umelky\u0148a so \u0161irok\u00fdm spektrom v\u00fdtvarn\u00fdch m\u00e9di\u00ed a\u00a0kult\u00farnych aktiv\u00edt. Popri plo\u0161n\u00fdch technik\u00e1ch (ma\u013eba, grafika, kresba) sa venuje aj soch\u00e1rskym objektom, kde experimentuje so sklom a\u00a0bronzom. Svoje diela aplikuje pri vytv\u00e1ran\u00ed [&hellip;]<\/p>\n","protected":false},"author":2,"featured_media":28313,"comment_status":"closed","ping_status":"closed","sticky":false,"template":"","format":"standard","meta":{"site-sidebar-layout":"default","site-content-layout":"","ast-site-content-layout":"","site-content-style":"default","site-sidebar-style":"default","ast-global-header-display":"","ast-banner-title-visibility":"","ast-main-header-display":"","ast-hfb-above-header-display":"","ast-hfb-below-header-display":"","ast-hfb-mobile-header-display":"","site-post-title":"","ast-breadcrumbs-content":"","ast-featured-img":"","footer-sml-layout":"","theme-transparent-header-meta":"","adv-header-id-meta":"","stick-header-meta":"","header-above-stick-meta":"","header-main-stick-meta":"","header-below-stick-meta":"","astra-migrate-meta-layouts":"default","ast-page-background-enabled":"default","ast-page-background-meta":{"desktop":{"background-color":"var(--ast-global-color-4)","background-image":"","background-repeat":"repeat","background-position":"center center","background-size":"auto","background-attachment":"scroll","background-type":"","background-media":"","overlay-type":"","overlay-color":"","overlay-opacity":"","overlay-gradient":""},"tablet":{"background-color":"","background-image":"","background-repeat":"repeat","background-position":"center center","background-size":"auto","background-attachment":"scroll","background-type":"","background-media":"","overlay-type":"","overlay-color":"","overlay-opacity":"","overlay-gradient":""},"mobile":{"background-color":"","background-image":"","background-repeat":"repeat","background-position":"center center","background-size":"auto","background-attachment":"scroll","background-type":"","background-media":"","overlay-type":"","overlay-color":"","overlay-opacity":"","overlay-gradient":""}},"ast-content-background-meta":{"desktop":{"background-color":"var(--ast-global-color-5)","background-image":"","background-repeat":"repeat","background-position":"center center","background-size":"auto","background-attachment":"scroll","background-type":"","background-media":"","overlay-type":"","overlay-color":"","overlay-opacity":"","overlay-gradient":""},"tablet":{"background-color":"var(--ast-global-color-5)","background-image":"","background-repeat":"repeat","background-position":"center center","background-size":"auto","background-attachment":"scroll","background-type":"","background-media":"","overlay-type":"","overlay-color":"","overlay-opacity":"","overlay-gradient":""},"mobile":{"background-color":"var(--ast-global-color-5)","background-image":"","background-repeat":"repeat","background-position":"center center","background-size":"auto","background-attachment":"scroll","background-type":"","background-media":"","overlay-type":"","overlay-color":"","overlay-opacity":"","overlay-gradient":""}},"footnotes":""},"categories":[31],"tags":[],"class_list":["post-28311","post","type-post","status-publish","format-standard","has-post-thumbnail","hentry","category-aktuality"],"yoast_head":"<!-- This site is optimized with the Yoast SEO plugin v27.4 - https:\/\/yoast.com\/product\/yoast-seo-wordpress\/ -->\n<title>Konvergencia - Pova\u017esk\u00e9 m\u00fazeum<\/title>\n<meta name=\"robots\" content=\"index, follow, max-snippet:-1, max-image-preview:large, max-video-preview:-1\" \/>\n<link rel=\"canonical\" href=\"https:\/\/pmza.sk\/?p=28311\" \/>\n<meta property=\"og:locale\" content=\"sk_SK\" \/>\n<meta property=\"og:type\" content=\"article\" \/>\n<meta property=\"og:title\" content=\"Konvergencia - Pova\u017esk\u00e9 m\u00fazeum\" \/>\n<meta property=\"og:description\" content=\"V\u00a0severnej ve\u017ei hradu Stre\u010dno od 12. j\u00fala 2018\u00a0 predstav\u00ed svoje diela \u2013 ma\u013eby a\u00a0objekty \u2013 akademick\u00e1 maliarka Veronika Lu\u010deni\u010dov\u00e1 Gab\u010dov\u00e1. Bratislavsk\u00e1 v\u00fdtvarn\u00ed\u010dka Veronika Lu\u010deni\u010dov\u00e1 Gab\u010dov\u00e1 je umelky\u0148a so \u0161irok\u00fdm spektrom v\u00fdtvarn\u00fdch m\u00e9di\u00ed a\u00a0kult\u00farnych aktiv\u00edt. Popri plo\u0161n\u00fdch technik\u00e1ch (ma\u013eba, grafika, kresba) sa venuje aj soch\u00e1rskym objektom, kde experimentuje so sklom a\u00a0bronzom. Svoje diela aplikuje pri vytv\u00e1ran\u00ed [&hellip;]\" \/>\n<meta property=\"og:url\" content=\"https:\/\/pmza.sk\/?p=28311\" \/>\n<meta property=\"og:site_name\" content=\"Pova\u017esk\u00e9 m\u00fazeum\" \/>\n<meta property=\"article:publisher\" content=\"https:\/\/www.facebook.com\/povazskemuzeum\" \/>\n<meta property=\"article:published_time\" content=\"2018-07-04T07:48:15+00:00\" \/>\n<meta name=\"author\" content=\"Pova\u017esk\u00e9 m\u00fazeum\" \/>\n<meta name=\"twitter:card\" content=\"summary_large_image\" \/>\n<meta name=\"twitter:label1\" content=\"Autor\" \/>\n\t<meta name=\"twitter:data1\" content=\"Pova\u017esk\u00e9 m\u00fazeum\" \/>\n\t<meta name=\"twitter:label2\" content=\"Predpokladan\u00fd \u010das \u010d\u00edtania\" \/>\n\t<meta name=\"twitter:data2\" content=\"1 min\u00fata\" \/>\n<script type=\"application\/ld+json\" class=\"yoast-schema-graph\">{\"@context\":\"https:\\\/\\\/schema.org\",\"@graph\":[{\"@type\":\"Article\",\"@id\":\"https:\\\/\\\/pmza.sk\\\/?p=28311#article\",\"isPartOf\":{\"@id\":\"https:\\\/\\\/pmza.sk\\\/?p=28311\"},\"author\":{\"name\":\"Pova\u017esk\u00e9 m\u00fazeum\",\"@id\":\"https:\\\/\\\/pmza.sk\\\/#\\\/schema\\\/person\\\/595e6a2ce731ea94dcd5d7f50a41ae33\"},\"headline\":\"Konvergencia\",\"datePublished\":\"2018-07-04T07:48:15+00:00\",\"mainEntityOfPage\":{\"@id\":\"https:\\\/\\\/pmza.sk\\\/?p=28311\"},\"wordCount\":270,\"publisher\":{\"@id\":\"https:\\\/\\\/pmza.sk\\\/#organization\"},\"image\":{\"@id\":\"https:\\\/\\\/pmza.sk\\\/?p=28311#primaryimage\"},\"thumbnailUrl\":\"\",\"articleSection\":[\"Aktuality\"],\"inLanguage\":\"sk-SK\"},{\"@type\":\"WebPage\",\"@id\":\"https:\\\/\\\/pmza.sk\\\/?p=28311\",\"url\":\"https:\\\/\\\/pmza.sk\\\/?p=28311\",\"name\":\"Konvergencia - Pova\u017esk\u00e9 m\u00fazeum\",\"isPartOf\":{\"@id\":\"https:\\\/\\\/pmza.sk\\\/#website\"},\"primaryImageOfPage\":{\"@id\":\"https:\\\/\\\/pmza.sk\\\/?p=28311#primaryimage\"},\"image\":{\"@id\":\"https:\\\/\\\/pmza.sk\\\/?p=28311#primaryimage\"},\"thumbnailUrl\":\"\",\"datePublished\":\"2018-07-04T07:48:15+00:00\",\"breadcrumb\":{\"@id\":\"https:\\\/\\\/pmza.sk\\\/?p=28311#breadcrumb\"},\"inLanguage\":\"sk-SK\",\"potentialAction\":[{\"@type\":\"ReadAction\",\"target\":[\"https:\\\/\\\/pmza.sk\\\/?p=28311\"]}]},{\"@type\":\"ImageObject\",\"inLanguage\":\"sk-SK\",\"@id\":\"https:\\\/\\\/pmza.sk\\\/?p=28311#primaryimage\",\"url\":\"\",\"contentUrl\":\"\"},{\"@type\":\"BreadcrumbList\",\"@id\":\"https:\\\/\\\/pmza.sk\\\/?p=28311#breadcrumb\",\"itemListElement\":[{\"@type\":\"ListItem\",\"position\":1,\"name\":\"Domovsk\u00e1 str\u00e1nka\",\"item\":\"https:\\\/\\\/pmza.sk\\\/\"},{\"@type\":\"ListItem\",\"position\":2,\"name\":\"Konvergencia\"}]},{\"@type\":\"WebSite\",\"@id\":\"https:\\\/\\\/pmza.sk\\\/#website\",\"url\":\"https:\\\/\\\/pmza.sk\\\/\",\"name\":\"Pova\u017esk\u00e9 m\u00fazeum\",\"description\":\"Pova\u017esk\u00e9 m\u00fazeum v \u017diline je region\u00e1lne m\u00fazeum so s\u00eddlom v Budat\u00edne. Jeho expoz\u00edcie s\u00fa zameran\u00e9 na dejiny slovensk\u00e9ho umenia, kult\u00fary a dopravy.\",\"publisher\":{\"@id\":\"https:\\\/\\\/pmza.sk\\\/#organization\"},\"potentialAction\":[{\"@type\":\"SearchAction\",\"target\":{\"@type\":\"EntryPoint\",\"urlTemplate\":\"https:\\\/\\\/pmza.sk\\\/?s={search_term_string}\"},\"query-input\":{\"@type\":\"PropertyValueSpecification\",\"valueRequired\":true,\"valueName\":\"search_term_string\"}}],\"inLanguage\":\"sk-SK\"},{\"@type\":\"Organization\",\"@id\":\"https:\\\/\\\/pmza.sk\\\/#organization\",\"name\":\"Pova\u017esk\u00e9 m\u00fazeum\",\"url\":\"https:\\\/\\\/pmza.sk\\\/\",\"logo\":{\"@type\":\"ImageObject\",\"inLanguage\":\"sk-SK\",\"@id\":\"https:\\\/\\\/pmza.sk\\\/#\\\/schema\\\/logo\\\/image\\\/\",\"url\":\"https:\\\/\\\/pmza.sk\\\/wp-content\\\/uploads\\\/2022\\\/01\\\/logo_PM_horizontal.jpg\",\"contentUrl\":\"https:\\\/\\\/pmza.sk\\\/wp-content\\\/uploads\\\/2022\\\/01\\\/logo_PM_horizontal.jpg\",\"width\":231,\"height\":142,\"caption\":\"Pova\u017esk\u00e9 m\u00fazeum\"},\"image\":{\"@id\":\"https:\\\/\\\/pmza.sk\\\/#\\\/schema\\\/logo\\\/image\\\/\"},\"sameAs\":[\"https:\\\/\\\/www.facebook.com\\\/povazskemuzeum\",\"https:\\\/\\\/www.instagram.com\\\/povazskemuzeum\\\/\"]},{\"@type\":\"Person\",\"@id\":\"https:\\\/\\\/pmza.sk\\\/#\\\/schema\\\/person\\\/595e6a2ce731ea94dcd5d7f50a41ae33\",\"name\":\"Pova\u017esk\u00e9 m\u00fazeum\",\"image\":{\"@type\":\"ImageObject\",\"inLanguage\":\"sk-SK\",\"@id\":\"https:\\\/\\\/secure.gravatar.com\\\/avatar\\\/2bb7f1561282132fb5826dfeccc66c7996d11ee392ac6aaf7ced8a1c2027fbb2?s=96&d=mm&r=g\",\"url\":\"https:\\\/\\\/secure.gravatar.com\\\/avatar\\\/2bb7f1561282132fb5826dfeccc66c7996d11ee392ac6aaf7ced8a1c2027fbb2?s=96&d=mm&r=g\",\"contentUrl\":\"https:\\\/\\\/secure.gravatar.com\\\/avatar\\\/2bb7f1561282132fb5826dfeccc66c7996d11ee392ac6aaf7ced8a1c2027fbb2?s=96&d=mm&r=g\",\"caption\":\"Pova\u017esk\u00e9 m\u00fazeum\"}}]}<\/script>\n<!-- \/ Yoast SEO plugin. -->","yoast_head_json":{"title":"Konvergencia - Pova\u017esk\u00e9 m\u00fazeum","robots":{"index":"index","follow":"follow","max-snippet":"max-snippet:-1","max-image-preview":"max-image-preview:large","max-video-preview":"max-video-preview:-1"},"canonical":"https:\/\/pmza.sk\/?p=28311","og_locale":"sk_SK","og_type":"article","og_title":"Konvergencia - Pova\u017esk\u00e9 m\u00fazeum","og_description":"V\u00a0severnej ve\u017ei hradu Stre\u010dno od 12. j\u00fala 2018\u00a0 predstav\u00ed svoje diela \u2013 ma\u013eby a\u00a0objekty \u2013 akademick\u00e1 maliarka Veronika Lu\u010deni\u010dov\u00e1 Gab\u010dov\u00e1. Bratislavsk\u00e1 v\u00fdtvarn\u00ed\u010dka Veronika Lu\u010deni\u010dov\u00e1 Gab\u010dov\u00e1 je umelky\u0148a so \u0161irok\u00fdm spektrom v\u00fdtvarn\u00fdch m\u00e9di\u00ed a\u00a0kult\u00farnych aktiv\u00edt. Popri plo\u0161n\u00fdch technik\u00e1ch (ma\u013eba, grafika, kresba) sa venuje aj soch\u00e1rskym objektom, kde experimentuje so sklom a\u00a0bronzom. Svoje diela aplikuje pri vytv\u00e1ran\u00ed [&hellip;]","og_url":"https:\/\/pmza.sk\/?p=28311","og_site_name":"Pova\u017esk\u00e9 m\u00fazeum","article_publisher":"https:\/\/www.facebook.com\/povazskemuzeum","article_published_time":"2018-07-04T07:48:15+00:00","author":"Pova\u017esk\u00e9 m\u00fazeum","twitter_card":"summary_large_image","twitter_misc":{"Autor":"Pova\u017esk\u00e9 m\u00fazeum","Predpokladan\u00fd \u010das \u010d\u00edtania":"1 min\u00fata"},"schema":{"@context":"https:\/\/schema.org","@graph":[{"@type":"Article","@id":"https:\/\/pmza.sk\/?p=28311#article","isPartOf":{"@id":"https:\/\/pmza.sk\/?p=28311"},"author":{"name":"Pova\u017esk\u00e9 m\u00fazeum","@id":"https:\/\/pmza.sk\/#\/schema\/person\/595e6a2ce731ea94dcd5d7f50a41ae33"},"headline":"Konvergencia","datePublished":"2018-07-04T07:48:15+00:00","mainEntityOfPage":{"@id":"https:\/\/pmza.sk\/?p=28311"},"wordCount":270,"publisher":{"@id":"https:\/\/pmza.sk\/#organization"},"image":{"@id":"https:\/\/pmza.sk\/?p=28311#primaryimage"},"thumbnailUrl":"","articleSection":["Aktuality"],"inLanguage":"sk-SK"},{"@type":"WebPage","@id":"https:\/\/pmza.sk\/?p=28311","url":"https:\/\/pmza.sk\/?p=28311","name":"Konvergencia - Pova\u017esk\u00e9 m\u00fazeum","isPartOf":{"@id":"https:\/\/pmza.sk\/#website"},"primaryImageOfPage":{"@id":"https:\/\/pmza.sk\/?p=28311#primaryimage"},"image":{"@id":"https:\/\/pmza.sk\/?p=28311#primaryimage"},"thumbnailUrl":"","datePublished":"2018-07-04T07:48:15+00:00","breadcrumb":{"@id":"https:\/\/pmza.sk\/?p=28311#breadcrumb"},"inLanguage":"sk-SK","potentialAction":[{"@type":"ReadAction","target":["https:\/\/pmza.sk\/?p=28311"]}]},{"@type":"ImageObject","inLanguage":"sk-SK","@id":"https:\/\/pmza.sk\/?p=28311#primaryimage","url":"","contentUrl":""},{"@type":"BreadcrumbList","@id":"https:\/\/pmza.sk\/?p=28311#breadcrumb","itemListElement":[{"@type":"ListItem","position":1,"name":"Domovsk\u00e1 str\u00e1nka","item":"https:\/\/pmza.sk\/"},{"@type":"ListItem","position":2,"name":"Konvergencia"}]},{"@type":"WebSite","@id":"https:\/\/pmza.sk\/#website","url":"https:\/\/pmza.sk\/","name":"Pova\u017esk\u00e9 m\u00fazeum","description":"Pova\u017esk\u00e9 m\u00fazeum v \u017diline je region\u00e1lne m\u00fazeum so s\u00eddlom v Budat\u00edne. Jeho expoz\u00edcie s\u00fa zameran\u00e9 na dejiny slovensk\u00e9ho umenia, kult\u00fary a dopravy.","publisher":{"@id":"https:\/\/pmza.sk\/#organization"},"potentialAction":[{"@type":"SearchAction","target":{"@type":"EntryPoint","urlTemplate":"https:\/\/pmza.sk\/?s={search_term_string}"},"query-input":{"@type":"PropertyValueSpecification","valueRequired":true,"valueName":"search_term_string"}}],"inLanguage":"sk-SK"},{"@type":"Organization","@id":"https:\/\/pmza.sk\/#organization","name":"Pova\u017esk\u00e9 m\u00fazeum","url":"https:\/\/pmza.sk\/","logo":{"@type":"ImageObject","inLanguage":"sk-SK","@id":"https:\/\/pmza.sk\/#\/schema\/logo\/image\/","url":"https:\/\/pmza.sk\/wp-content\/uploads\/2022\/01\/logo_PM_horizontal.jpg","contentUrl":"https:\/\/pmza.sk\/wp-content\/uploads\/2022\/01\/logo_PM_horizontal.jpg","width":231,"height":142,"caption":"Pova\u017esk\u00e9 m\u00fazeum"},"image":{"@id":"https:\/\/pmza.sk\/#\/schema\/logo\/image\/"},"sameAs":["https:\/\/www.facebook.com\/povazskemuzeum","https:\/\/www.instagram.com\/povazskemuzeum\/"]},{"@type":"Person","@id":"https:\/\/pmza.sk\/#\/schema\/person\/595e6a2ce731ea94dcd5d7f50a41ae33","name":"Pova\u017esk\u00e9 m\u00fazeum","image":{"@type":"ImageObject","inLanguage":"sk-SK","@id":"https:\/\/secure.gravatar.com\/avatar\/2bb7f1561282132fb5826dfeccc66c7996d11ee392ac6aaf7ced8a1c2027fbb2?s=96&d=mm&r=g","url":"https:\/\/secure.gravatar.com\/avatar\/2bb7f1561282132fb5826dfeccc66c7996d11ee392ac6aaf7ced8a1c2027fbb2?s=96&d=mm&r=g","contentUrl":"https:\/\/secure.gravatar.com\/avatar\/2bb7f1561282132fb5826dfeccc66c7996d11ee392ac6aaf7ced8a1c2027fbb2?s=96&d=mm&r=g","caption":"Pova\u017esk\u00e9 m\u00fazeum"}}]}},"_links":{"self":[{"href":"https:\/\/pmza.sk\/index.php?rest_route=\/wp\/v2\/posts\/28311","targetHints":{"allow":["GET"]}}],"collection":[{"href":"https:\/\/pmza.sk\/index.php?rest_route=\/wp\/v2\/posts"}],"about":[{"href":"https:\/\/pmza.sk\/index.php?rest_route=\/wp\/v2\/types\/post"}],"author":[{"embeddable":true,"href":"https:\/\/pmza.sk\/index.php?rest_route=\/wp\/v2\/users\/2"}],"replies":[{"embeddable":true,"href":"https:\/\/pmza.sk\/index.php?rest_route=%2Fwp%2Fv2%2Fcomments&post=28311"}],"version-history":[{"count":0,"href":"https:\/\/pmza.sk\/index.php?rest_route=\/wp\/v2\/posts\/28311\/revisions"}],"wp:featuredmedia":[{"embeddable":true,"href":"https:\/\/pmza.sk\/index.php?rest_route=\/"}],"wp:attachment":[{"href":"https:\/\/pmza.sk\/index.php?rest_route=%2Fwp%2Fv2%2Fmedia&parent=28311"}],"wp:term":[{"taxonomy":"category","embeddable":true,"href":"https:\/\/pmza.sk\/index.php?rest_route=%2Fwp%2Fv2%2Fcategories&post=28311"},{"taxonomy":"post_tag","embeddable":true,"href":"https:\/\/pmza.sk\/index.php?rest_route=%2Fwp%2Fv2%2Ftags&post=28311"}],"curies":[{"name":"wp","href":"https:\/\/api.w.org\/{rel}","templated":true}]}}