{"id":2858,"date":"2011-05-25T11:54:02","date_gmt":"2011-05-25T09:54:02","guid":{"rendered":"https:\/\/pmza.sk.sk\/?p=2858"},"modified":"2011-05-25T11:54:02","modified_gmt":"2011-05-25T09:54:02","slug":"den-deti-na-hrade-strecno-bude-nielen-pre-deti","status":"publish","type":"post","link":"https:\/\/pmza.sk\/?p=2858","title":{"rendered":"De\u0148 det\u00ed na hrade Stre\u010dno bude nielen pre deti"},"content":{"rendered":"<p><a href=\"https:\/\/pmza.sk\/wp-content\/uploads\/2011\/05\/23.jpg\"><img fetchpriority=\"high\" decoding=\"async\" class=\"size-medium wp-image-2859 alignleft\" style=\"border: 2px solid black; margin: 4px;\" title=\"Vyst\u00fapenie sokoliarov\" src=\"https:\/\/pmza.sk.sk\/wp-content\/uploads\/2011\/05\/23-300x225.jpg\" alt=\"\" width=\"300\" height=\"225\" \/><\/a>Ka\u017edoro\u010dne si pribli\u017ene tis\u00edcka detsk\u00fdch n\u00e1v\u0161tevn\u00edkov\u00a0 hradu Stre\u010dno v\u00a0\u010dase ich najv\u00e4\u010d\u0161ieho sviatku \u00a0zvykla osl\u00e1vi\u0165 t\u00fato pr\u00edjemn\u00fa udalos\u0165 pr\u00e1ve n\u00e1v\u0161tevou tohto kr\u00e1sneho stredovek\u00e9ho hradu. Aj tento rok\u00a0 Pova\u017esk\u00e9 m\u00fazeum v\u00a0\u017diline venovalo \u0161peci\u00e1lnu pozornos\u0165 programu, ktor\u00fd bude v\u00a0nede\u013eu 5. j\u00fana 2011 pripraven\u00fd pri pr\u00edle\u017eitosti Medzin\u00e1rodn\u00e9ho d\u0148a det\u00ed. \u201e <em>De\u0148 det\u00ed patr\u00ed k\u00a0na\u0161im najob\u013e\u00fabenej\u0161\u00edm podujatiam na hrade, a\u00a0z\u00a0tohto d\u00f4vodu sa sna\u017e\u00edme ka\u017ed\u00fd rok pon\u00faknu\u0165 atrakt\u00edvnu ponuku sprievodn\u00fdch podujat\u00ed, ktor\u00e9 maj\u00fa najm\u00e4 oddychovo-z\u00e1bavn\u00fd ale aj v\u00fdchovn\u00fd podtext,\u201c<\/em> povedal Boris Schubert, riadite\u013e Pova\u017esk\u00e9ho m\u00fazea v\u00a0\u017diline.<!--more-->Hlavnou t\u00e9mou podujatia bud\u00fa vo\u013eno\u010dasov\u00e9 aktivity stredovekej \u0161\u013eachty a poddan\u00fdch, to znamen\u00e1 stredovek\u00e9 \u00a0hry. \u201e <em>Aj v\u00a0stredoveku, ktor\u00fd bol pova\u017eovan\u00fd za dobu temna, sa \u013eudia odd\u00e1vali hr\u00e1m. Svoj vo\u013en\u00fd \u010das si spestrovali r\u00f4znymi hrami, ktor\u00e9 sa v\u00a0niektor\u00fdch pr\u00edpadoch ve\u013emi podobaj\u00fa <\/em><em>s\u00fa\u010dasn\u00fdm.<\/em> <em>Pr\u00e1ve skupina historick\u00e9ho \u0161ermu Wagus z\u00a0Tren\u010d\u00edna sprostredkuje niektor\u00e9 z\u00a0nich ,\u201c<\/em> upozornila Katar\u00edna Rep\u00e1\u0148ov\u00e1, spr\u00e1vky\u0148a hradu Stre\u010dno. Mal\u00fd katapult, vajcov\u00fd hokej, labyrint, z\u00e1bavn\u00fd ko\u0161\u00edk je len \u010das\u0165 toho, \u010do m\u00f4\u017eu detsk\u00ed aj dospel\u00ed n\u00e1v\u0161tevn\u00edci 5. j\u00fana 2011 h na hrade Stre\u010dno za\u017ei\u0165.<\/p>\n<p>K\u00a0stredoveku patr\u00ed rytiersky v\u00fdcvik, s\u00a0ktor\u00fdm\u00a0 s\u00favis\u00ed aj sedem rytierskych cnost\u00ed. Dve z\u00a0nich bud\u00fa odprezentovan\u00e9 aj v\u00a0tento de\u0148, a\u00a0to \u0161ermovanie a\u00a0lov na zvierat\u00e1. Sokoliari skupiny sv. Bavona z\u00a0Banskej \u0160tiavnice predved\u00fa v\u00fdcvik a umenie lovu sokolov. Nebude ch\u00fdba\u0165 ani stredovek\u00e1 kuchy\u0148a, Stre\u010dniansky hradn\u00ed delostrelci pod veden\u00edm majstra \u010cara a\u00a0stredovek\u00e9 remesl\u00e1. De\u0148 det\u00ed na hrade Stre\u010dno, ktor\u00fd organizuje \u017dilinsk\u00fd samospr\u00e1vny kraj a\u00a0Pova\u017esk\u00e9 m\u00fazeum v\u00a0\u017diline v\u00a0<strong>nede\u013eu 5. j\u00fana 2011<\/strong> od 9,00h do 18,00 h bude nepochybne pln\u00fd z\u00e1bavy, akcie a\u00a0prekvapen\u00ed.<em><\/em><\/p>\n","protected":false},"excerpt":{"rendered":"<p>Ka\u017edoro\u010dne si pribli\u017ene tis\u00edcka detsk\u00fdch n\u00e1v\u0161tevn\u00edkov\u00a0 hradu Stre\u010dno v\u00a0\u010dase ich najv\u00e4\u010d\u0161ieho sviatku \u00a0zvykla osl\u00e1vi\u0165 t\u00fato pr\u00edjemn\u00fa udalos\u0165 pr\u00e1ve n\u00e1v\u0161tevou tohto kr\u00e1sneho stredovek\u00e9ho hradu. Aj tento rok\u00a0 Pova\u017esk\u00e9 m\u00fazeum v\u00a0\u017diline venovalo \u0161peci\u00e1lnu pozornos\u0165 programu, ktor\u00fd bude v\u00a0nede\u013eu 5. j\u00fana 2011 pripraven\u00fd pri pr\u00edle\u017eitosti Medzin\u00e1rodn\u00e9ho d\u0148a det\u00ed. \u201e De\u0148 det\u00ed patr\u00ed k\u00a0na\u0161im najob\u013e\u00fabenej\u0161\u00edm podujatiam na hrade, a\u00a0z\u00a0tohto [&hellip;]<\/p>\n","protected":false},"author":1,"featured_media":0,"comment_status":"closed","ping_status":"closed","sticky":false,"template":"","format":"standard","meta":{"site-sidebar-layout":"default","site-content-layout":"","ast-site-content-layout":"","site-content-style":"default","site-sidebar-style":"default","ast-global-header-display":"","ast-banner-title-visibility":"","ast-main-header-display":"","ast-hfb-above-header-display":"","ast-hfb-below-header-display":"","ast-hfb-mobile-header-display":"","site-post-title":"","ast-breadcrumbs-content":"","ast-featured-img":"","footer-sml-layout":"","theme-transparent-header-meta":"","adv-header-id-meta":"","stick-header-meta":"","header-above-stick-meta":"","header-main-stick-meta":"","header-below-stick-meta":"","astra-migrate-meta-layouts":"default","ast-page-background-enabled":"default","ast-page-background-meta":{"desktop":{"background-color":"var(--ast-global-color-4)","background-image":"","background-repeat":"repeat","background-position":"center center","background-size":"auto","background-attachment":"scroll","background-type":"","background-media":"","overlay-type":"","overlay-color":"","overlay-opacity":"","overlay-gradient":""},"tablet":{"background-color":"","background-image":"","background-repeat":"repeat","background-position":"center center","background-size":"auto","background-attachment":"scroll","background-type":"","background-media":"","overlay-type":"","overlay-color":"","overlay-opacity":"","overlay-gradient":""},"mobile":{"background-color":"","background-image":"","background-repeat":"repeat","background-position":"center center","background-size":"auto","background-attachment":"scroll","background-type":"","background-media":"","overlay-type":"","overlay-color":"","overlay-opacity":"","overlay-gradient":""}},"ast-content-background-meta":{"desktop":{"background-color":"var(--ast-global-color-5)","background-image":"","background-repeat":"repeat","background-position":"center center","background-size":"auto","background-attachment":"scroll","background-type":"","background-media":"","overlay-type":"","overlay-color":"","overlay-opacity":"","overlay-gradient":""},"tablet":{"background-color":"var(--ast-global-color-5)","background-image":"","background-repeat":"repeat","background-position":"center center","background-size":"auto","background-attachment":"scroll","background-type":"","background-media":"","overlay-type":"","overlay-color":"","overlay-opacity":"","overlay-gradient":""},"mobile":{"background-color":"var(--ast-global-color-5)","background-image":"","background-repeat":"repeat","background-position":"center center","background-size":"auto","background-attachment":"scroll","background-type":"","background-media":"","overlay-type":"","overlay-color":"","overlay-opacity":"","overlay-gradient":""}},"footnotes":""},"categories":[30],"tags":[],"class_list":["post-2858","post","type-post","status-publish","format-standard","hentry","category-archiv-2011"],"yoast_head":"<!-- This site is optimized with the Yoast SEO plugin v27.4 - https:\/\/yoast.com\/product\/yoast-seo-wordpress\/ -->\n<title>De\u0148 det\u00ed na hrade Stre\u010dno bude nielen pre deti - Pova\u017esk\u00e9 m\u00fazeum<\/title>\n<meta name=\"robots\" content=\"index, follow, max-snippet:-1, max-image-preview:large, max-video-preview:-1\" \/>\n<link rel=\"canonical\" href=\"https:\/\/pmza.sk\/?p=2858\" \/>\n<meta property=\"og:locale\" content=\"sk_SK\" \/>\n<meta property=\"og:type\" content=\"article\" \/>\n<meta property=\"og:title\" content=\"De\u0148 det\u00ed na hrade Stre\u010dno bude nielen pre deti - Pova\u017esk\u00e9 m\u00fazeum\" \/>\n<meta property=\"og:description\" content=\"Ka\u017edoro\u010dne si pribli\u017ene tis\u00edcka detsk\u00fdch n\u00e1v\u0161tevn\u00edkov\u00a0 hradu Stre\u010dno v\u00a0\u010dase ich najv\u00e4\u010d\u0161ieho sviatku \u00a0zvykla osl\u00e1vi\u0165 t\u00fato pr\u00edjemn\u00fa udalos\u0165 pr\u00e1ve n\u00e1v\u0161tevou tohto kr\u00e1sneho stredovek\u00e9ho hradu. Aj tento rok\u00a0 Pova\u017esk\u00e9 m\u00fazeum v\u00a0\u017diline venovalo \u0161peci\u00e1lnu pozornos\u0165 programu, ktor\u00fd bude v\u00a0nede\u013eu 5. j\u00fana 2011 pripraven\u00fd pri pr\u00edle\u017eitosti Medzin\u00e1rodn\u00e9ho d\u0148a det\u00ed. \u201e De\u0148 det\u00ed patr\u00ed k\u00a0na\u0161im najob\u013e\u00fabenej\u0161\u00edm podujatiam na hrade, a\u00a0z\u00a0tohto [&hellip;]\" \/>\n<meta property=\"og:url\" content=\"https:\/\/pmza.sk\/?p=2858\" \/>\n<meta property=\"og:site_name\" content=\"Pova\u017esk\u00e9 m\u00fazeum\" \/>\n<meta property=\"article:publisher\" content=\"https:\/\/www.facebook.com\/povazskemuzeum\" \/>\n<meta property=\"article:published_time\" content=\"2011-05-25T09:54:02+00:00\" \/>\n<meta property=\"og:image\" content=\"https:\/\/pmza.sk.sk\/wp-content\/uploads\/2011\/05\/23-300x225.jpg\" \/>\n<meta name=\"author\" content=\"libor\" \/>\n<meta name=\"twitter:card\" content=\"summary_large_image\" \/>\n<meta name=\"twitter:label1\" content=\"Autor\" \/>\n\t<meta name=\"twitter:data1\" content=\"libor\" \/>\n\t<meta name=\"twitter:label2\" content=\"Predpokladan\u00fd \u010das \u010d\u00edtania\" \/>\n\t<meta name=\"twitter:data2\" content=\"2 min\u00faty\" \/>\n<script type=\"application\/ld+json\" class=\"yoast-schema-graph\">{\"@context\":\"https:\\\/\\\/schema.org\",\"@graph\":[{\"@type\":\"Article\",\"@id\":\"https:\\\/\\\/pmza.sk\\\/?p=2858#article\",\"isPartOf\":{\"@id\":\"https:\\\/\\\/pmza.sk\\\/?p=2858\"},\"author\":{\"name\":\"libor\",\"@id\":\"https:\\\/\\\/pmza.sk\\\/#\\\/schema\\\/person\\\/f0b923a9aa8e1f67feef0d7cd9afde35\"},\"headline\":\"De\u0148 det\u00ed na hrade Stre\u010dno bude nielen pre deti\",\"datePublished\":\"2011-05-25T09:54:02+00:00\",\"mainEntityOfPage\":{\"@id\":\"https:\\\/\\\/pmza.sk\\\/?p=2858\"},\"wordCount\":349,\"publisher\":{\"@id\":\"https:\\\/\\\/pmza.sk\\\/#organization\"},\"image\":{\"@id\":\"https:\\\/\\\/pmza.sk\\\/?p=2858#primaryimage\"},\"thumbnailUrl\":\"http:\\\/\\\/pmza.sk.sk\\\/wp-content\\\/uploads\\\/2011\\\/05\\\/23-300x225.jpg\",\"articleSection\":[\"Arch\u00edv 2011\"],\"inLanguage\":\"sk-SK\"},{\"@type\":\"WebPage\",\"@id\":\"https:\\\/\\\/pmza.sk\\\/?p=2858\",\"url\":\"https:\\\/\\\/pmza.sk\\\/?p=2858\",\"name\":\"De\u0148 det\u00ed na hrade Stre\u010dno bude nielen pre deti - Pova\u017esk\u00e9 m\u00fazeum\",\"isPartOf\":{\"@id\":\"https:\\\/\\\/pmza.sk\\\/#website\"},\"primaryImageOfPage\":{\"@id\":\"https:\\\/\\\/pmza.sk\\\/?p=2858#primaryimage\"},\"image\":{\"@id\":\"https:\\\/\\\/pmza.sk\\\/?p=2858#primaryimage\"},\"thumbnailUrl\":\"http:\\\/\\\/pmza.sk.sk\\\/wp-content\\\/uploads\\\/2011\\\/05\\\/23-300x225.jpg\",\"datePublished\":\"2011-05-25T09:54:02+00:00\",\"breadcrumb\":{\"@id\":\"https:\\\/\\\/pmza.sk\\\/?p=2858#breadcrumb\"},\"inLanguage\":\"sk-SK\",\"potentialAction\":[{\"@type\":\"ReadAction\",\"target\":[\"https:\\\/\\\/pmza.sk\\\/?p=2858\"]}]},{\"@type\":\"ImageObject\",\"inLanguage\":\"sk-SK\",\"@id\":\"https:\\\/\\\/pmza.sk\\\/?p=2858#primaryimage\",\"url\":\"http:\\\/\\\/pmza.sk.sk\\\/wp-content\\\/uploads\\\/2011\\\/05\\\/23-300x225.jpg\",\"contentUrl\":\"http:\\\/\\\/pmza.sk.sk\\\/wp-content\\\/uploads\\\/2011\\\/05\\\/23-300x225.jpg\"},{\"@type\":\"BreadcrumbList\",\"@id\":\"https:\\\/\\\/pmza.sk\\\/?p=2858#breadcrumb\",\"itemListElement\":[{\"@type\":\"ListItem\",\"position\":1,\"name\":\"Domovsk\u00e1 str\u00e1nka\",\"item\":\"https:\\\/\\\/pmza.sk\\\/\"},{\"@type\":\"ListItem\",\"position\":2,\"name\":\"De\u0148 det\u00ed na hrade Stre\u010dno bude nielen pre deti\"}]},{\"@type\":\"WebSite\",\"@id\":\"https:\\\/\\\/pmza.sk\\\/#website\",\"url\":\"https:\\\/\\\/pmza.sk\\\/\",\"name\":\"Pova\u017esk\u00e9 m\u00fazeum\",\"description\":\"Pova\u017esk\u00e9 m\u00fazeum v \u017diline je region\u00e1lne m\u00fazeum so s\u00eddlom v Budat\u00edne. Jeho expoz\u00edcie s\u00fa zameran\u00e9 na dejiny slovensk\u00e9ho umenia, kult\u00fary a dopravy.\",\"publisher\":{\"@id\":\"https:\\\/\\\/pmza.sk\\\/#organization\"},\"potentialAction\":[{\"@type\":\"SearchAction\",\"target\":{\"@type\":\"EntryPoint\",\"urlTemplate\":\"https:\\\/\\\/pmza.sk\\\/?s={search_term_string}\"},\"query-input\":{\"@type\":\"PropertyValueSpecification\",\"valueRequired\":true,\"valueName\":\"search_term_string\"}}],\"inLanguage\":\"sk-SK\"},{\"@type\":\"Organization\",\"@id\":\"https:\\\/\\\/pmza.sk\\\/#organization\",\"name\":\"Pova\u017esk\u00e9 m\u00fazeum\",\"url\":\"https:\\\/\\\/pmza.sk\\\/\",\"logo\":{\"@type\":\"ImageObject\",\"inLanguage\":\"sk-SK\",\"@id\":\"https:\\\/\\\/pmza.sk\\\/#\\\/schema\\\/logo\\\/image\\\/\",\"url\":\"https:\\\/\\\/pmza.sk\\\/wp-content\\\/uploads\\\/2022\\\/01\\\/logo_PM_horizontal.jpg\",\"contentUrl\":\"https:\\\/\\\/pmza.sk\\\/wp-content\\\/uploads\\\/2022\\\/01\\\/logo_PM_horizontal.jpg\",\"width\":231,\"height\":142,\"caption\":\"Pova\u017esk\u00e9 m\u00fazeum\"},\"image\":{\"@id\":\"https:\\\/\\\/pmza.sk\\\/#\\\/schema\\\/logo\\\/image\\\/\"},\"sameAs\":[\"https:\\\/\\\/www.facebook.com\\\/povazskemuzeum\",\"https:\\\/\\\/www.instagram.com\\\/povazskemuzeum\\\/\"]},{\"@type\":\"Person\",\"@id\":\"https:\\\/\\\/pmza.sk\\\/#\\\/schema\\\/person\\\/f0b923a9aa8e1f67feef0d7cd9afde35\",\"name\":\"libor\",\"image\":{\"@type\":\"ImageObject\",\"inLanguage\":\"sk-SK\",\"@id\":\"https:\\\/\\\/secure.gravatar.com\\\/avatar\\\/c583dbc698e594aacced1589eb8cf1673bd41d461e8b2ab635484ffc26fee7b0?s=96&d=mm&r=g\",\"url\":\"https:\\\/\\\/secure.gravatar.com\\\/avatar\\\/c583dbc698e594aacced1589eb8cf1673bd41d461e8b2ab635484ffc26fee7b0?s=96&d=mm&r=g\",\"contentUrl\":\"https:\\\/\\\/secure.gravatar.com\\\/avatar\\\/c583dbc698e594aacced1589eb8cf1673bd41d461e8b2ab635484ffc26fee7b0?s=96&d=mm&r=g\",\"caption\":\"libor\"}}]}<\/script>\n<!-- \/ Yoast SEO plugin. -->","yoast_head_json":{"title":"De\u0148 det\u00ed na hrade Stre\u010dno bude nielen pre deti - Pova\u017esk\u00e9 m\u00fazeum","robots":{"index":"index","follow":"follow","max-snippet":"max-snippet:-1","max-image-preview":"max-image-preview:large","max-video-preview":"max-video-preview:-1"},"canonical":"https:\/\/pmza.sk\/?p=2858","og_locale":"sk_SK","og_type":"article","og_title":"De\u0148 det\u00ed na hrade Stre\u010dno bude nielen pre deti - Pova\u017esk\u00e9 m\u00fazeum","og_description":"Ka\u017edoro\u010dne si pribli\u017ene tis\u00edcka detsk\u00fdch n\u00e1v\u0161tevn\u00edkov\u00a0 hradu Stre\u010dno v\u00a0\u010dase ich najv\u00e4\u010d\u0161ieho sviatku \u00a0zvykla osl\u00e1vi\u0165 t\u00fato pr\u00edjemn\u00fa udalos\u0165 pr\u00e1ve n\u00e1v\u0161tevou tohto kr\u00e1sneho stredovek\u00e9ho hradu. Aj tento rok\u00a0 Pova\u017esk\u00e9 m\u00fazeum v\u00a0\u017diline venovalo \u0161peci\u00e1lnu pozornos\u0165 programu, ktor\u00fd bude v\u00a0nede\u013eu 5. j\u00fana 2011 pripraven\u00fd pri pr\u00edle\u017eitosti Medzin\u00e1rodn\u00e9ho d\u0148a det\u00ed. \u201e De\u0148 det\u00ed patr\u00ed k\u00a0na\u0161im najob\u013e\u00fabenej\u0161\u00edm podujatiam na hrade, a\u00a0z\u00a0tohto [&hellip;]","og_url":"https:\/\/pmza.sk\/?p=2858","og_site_name":"Pova\u017esk\u00e9 m\u00fazeum","article_publisher":"https:\/\/www.facebook.com\/povazskemuzeum","article_published_time":"2011-05-25T09:54:02+00:00","og_image":[{"url":"https:\/\/pmza.sk.sk\/wp-content\/uploads\/2011\/05\/23-300x225.jpg","type":"","width":"","height":""}],"author":"libor","twitter_card":"summary_large_image","twitter_misc":{"Autor":"libor","Predpokladan\u00fd \u010das \u010d\u00edtania":"2 min\u00faty"},"schema":{"@context":"https:\/\/schema.org","@graph":[{"@type":"Article","@id":"https:\/\/pmza.sk\/?p=2858#article","isPartOf":{"@id":"https:\/\/pmza.sk\/?p=2858"},"author":{"name":"libor","@id":"https:\/\/pmza.sk\/#\/schema\/person\/f0b923a9aa8e1f67feef0d7cd9afde35"},"headline":"De\u0148 det\u00ed na hrade Stre\u010dno bude nielen pre deti","datePublished":"2011-05-25T09:54:02+00:00","mainEntityOfPage":{"@id":"https:\/\/pmza.sk\/?p=2858"},"wordCount":349,"publisher":{"@id":"https:\/\/pmza.sk\/#organization"},"image":{"@id":"https:\/\/pmza.sk\/?p=2858#primaryimage"},"thumbnailUrl":"https:\/\/pmza.sk.sk\/wp-content\/uploads\/2011\/05\/23-300x225.jpg","articleSection":["Arch\u00edv 2011"],"inLanguage":"sk-SK"},{"@type":"WebPage","@id":"https:\/\/pmza.sk\/?p=2858","url":"https:\/\/pmza.sk\/?p=2858","name":"De\u0148 det\u00ed na hrade Stre\u010dno bude nielen pre deti - Pova\u017esk\u00e9 m\u00fazeum","isPartOf":{"@id":"https:\/\/pmza.sk\/#website"},"primaryImageOfPage":{"@id":"https:\/\/pmza.sk\/?p=2858#primaryimage"},"image":{"@id":"https:\/\/pmza.sk\/?p=2858#primaryimage"},"thumbnailUrl":"https:\/\/pmza.sk.sk\/wp-content\/uploads\/2011\/05\/23-300x225.jpg","datePublished":"2011-05-25T09:54:02+00:00","breadcrumb":{"@id":"https:\/\/pmza.sk\/?p=2858#breadcrumb"},"inLanguage":"sk-SK","potentialAction":[{"@type":"ReadAction","target":["https:\/\/pmza.sk\/?p=2858"]}]},{"@type":"ImageObject","inLanguage":"sk-SK","@id":"https:\/\/pmza.sk\/?p=2858#primaryimage","url":"https:\/\/pmza.sk.sk\/wp-content\/uploads\/2011\/05\/23-300x225.jpg","contentUrl":"https:\/\/pmza.sk.sk\/wp-content\/uploads\/2011\/05\/23-300x225.jpg"},{"@type":"BreadcrumbList","@id":"https:\/\/pmza.sk\/?p=2858#breadcrumb","itemListElement":[{"@type":"ListItem","position":1,"name":"Domovsk\u00e1 str\u00e1nka","item":"https:\/\/pmza.sk\/"},{"@type":"ListItem","position":2,"name":"De\u0148 det\u00ed na hrade Stre\u010dno bude nielen pre deti"}]},{"@type":"WebSite","@id":"https:\/\/pmza.sk\/#website","url":"https:\/\/pmza.sk\/","name":"Pova\u017esk\u00e9 m\u00fazeum","description":"Pova\u017esk\u00e9 m\u00fazeum v \u017diline je region\u00e1lne m\u00fazeum so s\u00eddlom v Budat\u00edne. Jeho expoz\u00edcie s\u00fa zameran\u00e9 na dejiny slovensk\u00e9ho umenia, kult\u00fary a dopravy.","publisher":{"@id":"https:\/\/pmza.sk\/#organization"},"potentialAction":[{"@type":"SearchAction","target":{"@type":"EntryPoint","urlTemplate":"https:\/\/pmza.sk\/?s={search_term_string}"},"query-input":{"@type":"PropertyValueSpecification","valueRequired":true,"valueName":"search_term_string"}}],"inLanguage":"sk-SK"},{"@type":"Organization","@id":"https:\/\/pmza.sk\/#organization","name":"Pova\u017esk\u00e9 m\u00fazeum","url":"https:\/\/pmza.sk\/","logo":{"@type":"ImageObject","inLanguage":"sk-SK","@id":"https:\/\/pmza.sk\/#\/schema\/logo\/image\/","url":"https:\/\/pmza.sk\/wp-content\/uploads\/2022\/01\/logo_PM_horizontal.jpg","contentUrl":"https:\/\/pmza.sk\/wp-content\/uploads\/2022\/01\/logo_PM_horizontal.jpg","width":231,"height":142,"caption":"Pova\u017esk\u00e9 m\u00fazeum"},"image":{"@id":"https:\/\/pmza.sk\/#\/schema\/logo\/image\/"},"sameAs":["https:\/\/www.facebook.com\/povazskemuzeum","https:\/\/www.instagram.com\/povazskemuzeum\/"]},{"@type":"Person","@id":"https:\/\/pmza.sk\/#\/schema\/person\/f0b923a9aa8e1f67feef0d7cd9afde35","name":"libor","image":{"@type":"ImageObject","inLanguage":"sk-SK","@id":"https:\/\/secure.gravatar.com\/avatar\/c583dbc698e594aacced1589eb8cf1673bd41d461e8b2ab635484ffc26fee7b0?s=96&d=mm&r=g","url":"https:\/\/secure.gravatar.com\/avatar\/c583dbc698e594aacced1589eb8cf1673bd41d461e8b2ab635484ffc26fee7b0?s=96&d=mm&r=g","contentUrl":"https:\/\/secure.gravatar.com\/avatar\/c583dbc698e594aacced1589eb8cf1673bd41d461e8b2ab635484ffc26fee7b0?s=96&d=mm&r=g","caption":"libor"}}]}},"_links":{"self":[{"href":"https:\/\/pmza.sk\/index.php?rest_route=\/wp\/v2\/posts\/2858","targetHints":{"allow":["GET"]}}],"collection":[{"href":"https:\/\/pmza.sk\/index.php?rest_route=\/wp\/v2\/posts"}],"about":[{"href":"https:\/\/pmza.sk\/index.php?rest_route=\/wp\/v2\/types\/post"}],"author":[{"embeddable":true,"href":"https:\/\/pmza.sk\/index.php?rest_route=\/wp\/v2\/users\/1"}],"replies":[{"embeddable":true,"href":"https:\/\/pmza.sk\/index.php?rest_route=%2Fwp%2Fv2%2Fcomments&post=2858"}],"version-history":[{"count":0,"href":"https:\/\/pmza.sk\/index.php?rest_route=\/wp\/v2\/posts\/2858\/revisions"}],"wp:attachment":[{"href":"https:\/\/pmza.sk\/index.php?rest_route=%2Fwp%2Fv2%2Fmedia&parent=2858"}],"wp:term":[{"taxonomy":"category","embeddable":true,"href":"https:\/\/pmza.sk\/index.php?rest_route=%2Fwp%2Fv2%2Fcategories&post=2858"},{"taxonomy":"post_tag","embeddable":true,"href":"https:\/\/pmza.sk\/index.php?rest_route=%2Fwp%2Fv2%2Ftags&post=2858"}],"curies":[{"name":"wp","href":"https:\/\/api.w.org\/{rel}","templated":true}]}}