{"id":28654,"date":"2018-07-17T11:06:40","date_gmt":"2018-07-17T09:06:40","guid":{"rendered":"https:\/\/pmza.sk\/?p=28654"},"modified":"2018-07-17T11:06:40","modified_gmt":"2018-07-17T09:06:40","slug":"zlate-casy-budatinske","status":"publish","type":"post","link":"https:\/\/pmza.sk\/?p=28654","title":{"rendered":"Zlat\u00e9 \u010dasy budat\u00ednske"},"content":{"rendered":"<p>V\u00a0nadv\u00e4znosti na \u00faspe\u0161n\u00e9 a\u00a0ve\u013ekolep\u00e9 otvorenie zrekon\u0161truovan\u00e9ho tretieho nadzemn\u00e9ho podla\u017eia Budat\u00ednskeho hradu a\u00a0minuloro\u010dn\u00e9 Budat\u00ednske hradn\u00e9 hry pripravilo Pova\u017esk\u00e9 m\u00fazeum v\u00a0\u017diline tento rok op\u00e4\u0165 v\u00fdnimo\u010dn\u00e9 podujatie s\u00a0n\u00e1zvom <strong>Zlat\u00e9 \u010dasy budat\u00ednske<\/strong>. Kona\u0165 sa bude v\u00a0nede\u013eu 29. j\u00fala 2018 s\u00a0leitmot\u00edvom \u010dias posledn\u00e9ho s\u00fakromn\u00e9ho majite\u013ea hradu, gr\u00f3fa Gejzu \u010c\u00e1kiho s\u00a0pripomenut\u00edm st\u00e9ho v\u00fdro\u010dia aj obdobia konca prvej svetovej vojny a\u00a0vzniku \u010ceskoslovenskej republiky. Prenesieme sa teda aj v\u00a0tohtoro\u010dn\u00fa posledn\u00fa j\u00falov\u00fa nede\u013eu do za\u010diatkov 20. storo\u010dia a\u00a0toto obdobie si pripomenieme hudbou, spevom, ba dokonca aj prvorepublikovou m\u00f3dnou prehliadkou. N\u00e1v\u0161tevn\u00edkov iste pote\u0161\u00ed zauj\u00edmav\u00fd program na p\u00f3diu, v\u00a0hrade i\u00a0parku.<\/p>\n<p>Po\u010das cel\u00e9ho d\u0148a bude na ju\u017enej terase hradu pripraven\u00fd fotok\u00fatik, v\u00a0ktorom radi priv\u00edtame na\u0161ich n\u00e1v\u0161tevn\u00edkov v\u00a0dobov\u00fdch kost\u00fdmoch. \u0160peci\u00e1lnu prehliadku hradom maj\u00fa pre v\u0161etk\u00fdch\u00a0 pripraven\u00fa na\u0161e \u0161ikovn\u00e9 lektorky, ktor\u00e9 sa vo svojom v\u00fdklade zameraj\u00fa viac na gr\u00f3fa \u010c\u00e1kiho, jeho prv\u00fd pr\u00edchod na Budat\u00ednsky hrad a\u00a0zmeny, ktor\u00e9 pl\u00e1nuje vykona\u0165. V\u00a0hrade sa z\u00e1rove\u0148 vr\u00e1time v\u00a0\u010dase v\u010faka v\u00fdstave zameranej na 100. v\u00fdro\u010die vzniku \u010ceskoslovenskej republiky a\u00a0ukon\u010denia prvej svetovej vojny. Okrem trosky z\u00a0lietadla, v\u00a0ktorom havaroval M. R. \u0160tef\u00e1nik, vystavujeme aj prste\u0148 z\u00a0vlasov, ktor\u00fd vyrobil rusk\u00fd vojak v\u00a0zajateckom t\u00e1bore v\u00a0\u017diline a\u00a0n\u00e1sledne ho vymenil za chlieb. Vo v\u00fdchodnom pal\u00e1ci budeme po\u010das trvania podujatia premieta\u0165 dobov\u00fd film, v\u00a0are\u00e1li hradu sme pripravili remeseln\u00edcke trhy, m\u00fazejn\u00e9 bludisko, tvoriv\u00e9 dielne, hry, ale aj predaj publik\u00e1ci\u00ed PMZA. Archeologi\u010dka Zuzana Stanekov\u00e1 v\u00a0kaplnke o\u00a014.30 h pripravila pre z\u00e1ujemcov p\u00fatav\u00e9 rozpr\u00e1vanie Budat\u00ednskom hrade a\u00a0rovnomennej monografii. Vo v\u00fdstavnej miestnosti pod terasou je in\u0161talovan\u00e1 v\u00fdstava Drot\u00e1rov rok, ktor\u00e1 prezentuje pr\u00e1cu \u00f4smich \u010desk\u00fdch drot\u00e1rskych majstrov.<\/p>\n<p>Program na p\u00f3diu za\u010dne v\u00a0popolud\u0148aj\u0161\u00edch hodin\u00e1ch, po m\u00f3dnej prehliadke z\u00a0\u010dias prvej \u010cSR na \u0148om postupne vyst\u00fapia Funny Fellows, F\u00e9der Te\u00e1ter s\u00a0veselou rozpr\u00e1vkou s\u00a0pesni\u010dkami O\u00a0po\u0161t\u00e1rovi Vincovi a\u00a0na z\u00e1ver si vypo\u010dujete koncert v\u00a0podan\u00ed BlueSense. Medzit\u00fdm stihneme pote\u0161i\u0165 n\u00e1v\u0161tevn\u00edkov aj pestrou tombolou. \u0160t\u00fdlov\u00e9 ob\u010derstvenie v\u00a0tento de\u0148 pripravil Ch\u00e2teau Gbe\u013eany.<\/p>\n","protected":false},"excerpt":{"rendered":"<p>V\u00a0nadv\u00e4znosti na \u00faspe\u0161n\u00e9 a\u00a0ve\u013ekolep\u00e9 otvorenie zrekon\u0161truovan\u00e9ho tretieho nadzemn\u00e9ho podla\u017eia Budat\u00ednskeho hradu a\u00a0minuloro\u010dn\u00e9 Budat\u00ednske hradn\u00e9 hry pripravilo Pova\u017esk\u00e9 m\u00fazeum v\u00a0\u017diline tento rok op\u00e4\u0165 v\u00fdnimo\u010dn\u00e9 podujatie s\u00a0n\u00e1zvom Zlat\u00e9 \u010dasy budat\u00ednske. Kona\u0165 sa bude v\u00a0nede\u013eu 29. j\u00fala 2018 s\u00a0leitmot\u00edvom \u010dias posledn\u00e9ho s\u00fakromn\u00e9ho majite\u013ea hradu, gr\u00f3fa Gejzu \u010c\u00e1kiho s\u00a0pripomenut\u00edm st\u00e9ho v\u00fdro\u010dia aj obdobia konca prvej svetovej vojny a\u00a0vzniku \u010ceskoslovenskej [&hellip;]<\/p>\n","protected":false},"author":2,"featured_media":28842,"comment_status":"closed","ping_status":"closed","sticky":false,"template":"","format":"standard","meta":{"site-sidebar-layout":"default","site-content-layout":"","ast-site-content-layout":"","site-content-style":"default","site-sidebar-style":"default","ast-global-header-display":"","ast-banner-title-visibility":"","ast-main-header-display":"","ast-hfb-above-header-display":"","ast-hfb-below-header-display":"","ast-hfb-mobile-header-display":"","site-post-title":"","ast-breadcrumbs-content":"","ast-featured-img":"","footer-sml-layout":"","theme-transparent-header-meta":"","adv-header-id-meta":"","stick-header-meta":"","header-above-stick-meta":"","header-main-stick-meta":"","header-below-stick-meta":"","astra-migrate-meta-layouts":"default","ast-page-background-enabled":"default","ast-page-background-meta":{"desktop":{"background-color":"var(--ast-global-color-4)","background-image":"","background-repeat":"repeat","background-position":"center center","background-size":"auto","background-attachment":"scroll","background-type":"","background-media":"","overlay-type":"","overlay-color":"","overlay-opacity":"","overlay-gradient":""},"tablet":{"background-color":"","background-image":"","background-repeat":"repeat","background-position":"center center","background-size":"auto","background-attachment":"scroll","background-type":"","background-media":"","overlay-type":"","overlay-color":"","overlay-opacity":"","overlay-gradient":""},"mobile":{"background-color":"","background-image":"","background-repeat":"repeat","background-position":"center center","background-size":"auto","background-attachment":"scroll","background-type":"","background-media":"","overlay-type":"","overlay-color":"","overlay-opacity":"","overlay-gradient":""}},"ast-content-background-meta":{"desktop":{"background-color":"var(--ast-global-color-5)","background-image":"","background-repeat":"repeat","background-position":"center center","background-size":"auto","background-attachment":"scroll","background-type":"","background-media":"","overlay-type":"","overlay-color":"","overlay-opacity":"","overlay-gradient":""},"tablet":{"background-color":"var(--ast-global-color-5)","background-image":"","background-repeat":"repeat","background-position":"center center","background-size":"auto","background-attachment":"scroll","background-type":"","background-media":"","overlay-type":"","overlay-color":"","overlay-opacity":"","overlay-gradient":""},"mobile":{"background-color":"var(--ast-global-color-5)","background-image":"","background-repeat":"repeat","background-position":"center center","background-size":"auto","background-attachment":"scroll","background-type":"","background-media":"","overlay-type":"","overlay-color":"","overlay-opacity":"","overlay-gradient":""}},"footnotes":""},"categories":[31],"tags":[],"class_list":["post-28654","post","type-post","status-publish","format-standard","has-post-thumbnail","hentry","category-aktuality"],"yoast_head":"<!-- This site is optimized with the Yoast SEO plugin v27.4 - https:\/\/yoast.com\/product\/yoast-seo-wordpress\/ -->\n<title>Zlat\u00e9 \u010dasy budat\u00ednske - Pova\u017esk\u00e9 m\u00fazeum<\/title>\n<meta name=\"robots\" content=\"index, follow, max-snippet:-1, max-image-preview:large, max-video-preview:-1\" \/>\n<link rel=\"canonical\" href=\"https:\/\/pmza.sk\/?p=28654\" \/>\n<meta property=\"og:locale\" content=\"sk_SK\" \/>\n<meta property=\"og:type\" content=\"article\" \/>\n<meta property=\"og:title\" content=\"Zlat\u00e9 \u010dasy budat\u00ednske - Pova\u017esk\u00e9 m\u00fazeum\" \/>\n<meta property=\"og:description\" content=\"V\u00a0nadv\u00e4znosti na \u00faspe\u0161n\u00e9 a\u00a0ve\u013ekolep\u00e9 otvorenie zrekon\u0161truovan\u00e9ho tretieho nadzemn\u00e9ho podla\u017eia Budat\u00ednskeho hradu a\u00a0minuloro\u010dn\u00e9 Budat\u00ednske hradn\u00e9 hry pripravilo Pova\u017esk\u00e9 m\u00fazeum v\u00a0\u017diline tento rok op\u00e4\u0165 v\u00fdnimo\u010dn\u00e9 podujatie s\u00a0n\u00e1zvom Zlat\u00e9 \u010dasy budat\u00ednske. Kona\u0165 sa bude v\u00a0nede\u013eu 29. j\u00fala 2018 s\u00a0leitmot\u00edvom \u010dias posledn\u00e9ho s\u00fakromn\u00e9ho majite\u013ea hradu, gr\u00f3fa Gejzu \u010c\u00e1kiho s\u00a0pripomenut\u00edm st\u00e9ho v\u00fdro\u010dia aj obdobia konca prvej svetovej vojny a\u00a0vzniku \u010ceskoslovenskej [&hellip;]\" \/>\n<meta property=\"og:url\" content=\"https:\/\/pmza.sk\/?p=28654\" \/>\n<meta property=\"og:site_name\" content=\"Pova\u017esk\u00e9 m\u00fazeum\" \/>\n<meta property=\"article:publisher\" content=\"https:\/\/www.facebook.com\/povazskemuzeum\" \/>\n<meta property=\"article:published_time\" content=\"2018-07-17T09:06:40+00:00\" \/>\n<meta name=\"author\" content=\"Pova\u017esk\u00e9 m\u00fazeum\" \/>\n<meta name=\"twitter:card\" content=\"summary_large_image\" \/>\n<meta name=\"twitter:label1\" content=\"Autor\" \/>\n\t<meta name=\"twitter:data1\" content=\"Pova\u017esk\u00e9 m\u00fazeum\" \/>\n\t<meta name=\"twitter:label2\" content=\"Predpokladan\u00fd \u010das \u010d\u00edtania\" \/>\n\t<meta name=\"twitter:data2\" content=\"2 min\u00faty\" \/>\n<script type=\"application\/ld+json\" class=\"yoast-schema-graph\">{\"@context\":\"https:\\\/\\\/schema.org\",\"@graph\":[{\"@type\":\"Article\",\"@id\":\"https:\\\/\\\/pmza.sk\\\/?p=28654#article\",\"isPartOf\":{\"@id\":\"https:\\\/\\\/pmza.sk\\\/?p=28654\"},\"author\":{\"name\":\"Pova\u017esk\u00e9 m\u00fazeum\",\"@id\":\"https:\\\/\\\/pmza.sk\\\/#\\\/schema\\\/person\\\/595e6a2ce731ea94dcd5d7f50a41ae33\"},\"headline\":\"Zlat\u00e9 \u010dasy budat\u00ednske\",\"datePublished\":\"2018-07-17T09:06:40+00:00\",\"mainEntityOfPage\":{\"@id\":\"https:\\\/\\\/pmza.sk\\\/?p=28654\"},\"wordCount\":431,\"publisher\":{\"@id\":\"https:\\\/\\\/pmza.sk\\\/#organization\"},\"image\":{\"@id\":\"https:\\\/\\\/pmza.sk\\\/?p=28654#primaryimage\"},\"thumbnailUrl\":\"\",\"articleSection\":[\"Aktuality\"],\"inLanguage\":\"sk-SK\"},{\"@type\":\"WebPage\",\"@id\":\"https:\\\/\\\/pmza.sk\\\/?p=28654\",\"url\":\"https:\\\/\\\/pmza.sk\\\/?p=28654\",\"name\":\"Zlat\u00e9 \u010dasy budat\u00ednske - Pova\u017esk\u00e9 m\u00fazeum\",\"isPartOf\":{\"@id\":\"https:\\\/\\\/pmza.sk\\\/#website\"},\"primaryImageOfPage\":{\"@id\":\"https:\\\/\\\/pmza.sk\\\/?p=28654#primaryimage\"},\"image\":{\"@id\":\"https:\\\/\\\/pmza.sk\\\/?p=28654#primaryimage\"},\"thumbnailUrl\":\"\",\"datePublished\":\"2018-07-17T09:06:40+00:00\",\"breadcrumb\":{\"@id\":\"https:\\\/\\\/pmza.sk\\\/?p=28654#breadcrumb\"},\"inLanguage\":\"sk-SK\",\"potentialAction\":[{\"@type\":\"ReadAction\",\"target\":[\"https:\\\/\\\/pmza.sk\\\/?p=28654\"]}]},{\"@type\":\"ImageObject\",\"inLanguage\":\"sk-SK\",\"@id\":\"https:\\\/\\\/pmza.sk\\\/?p=28654#primaryimage\",\"url\":\"\",\"contentUrl\":\"\"},{\"@type\":\"BreadcrumbList\",\"@id\":\"https:\\\/\\\/pmza.sk\\\/?p=28654#breadcrumb\",\"itemListElement\":[{\"@type\":\"ListItem\",\"position\":1,\"name\":\"Domovsk\u00e1 str\u00e1nka\",\"item\":\"https:\\\/\\\/pmza.sk\\\/\"},{\"@type\":\"ListItem\",\"position\":2,\"name\":\"Zlat\u00e9 \u010dasy budat\u00ednske\"}]},{\"@type\":\"WebSite\",\"@id\":\"https:\\\/\\\/pmza.sk\\\/#website\",\"url\":\"https:\\\/\\\/pmza.sk\\\/\",\"name\":\"Pova\u017esk\u00e9 m\u00fazeum\",\"description\":\"Pova\u017esk\u00e9 m\u00fazeum v \u017diline je region\u00e1lne m\u00fazeum so s\u00eddlom v Budat\u00edne. Jeho expoz\u00edcie s\u00fa zameran\u00e9 na dejiny slovensk\u00e9ho umenia, kult\u00fary a dopravy.\",\"publisher\":{\"@id\":\"https:\\\/\\\/pmza.sk\\\/#organization\"},\"potentialAction\":[{\"@type\":\"SearchAction\",\"target\":{\"@type\":\"EntryPoint\",\"urlTemplate\":\"https:\\\/\\\/pmza.sk\\\/?s={search_term_string}\"},\"query-input\":{\"@type\":\"PropertyValueSpecification\",\"valueRequired\":true,\"valueName\":\"search_term_string\"}}],\"inLanguage\":\"sk-SK\"},{\"@type\":\"Organization\",\"@id\":\"https:\\\/\\\/pmza.sk\\\/#organization\",\"name\":\"Pova\u017esk\u00e9 m\u00fazeum\",\"url\":\"https:\\\/\\\/pmza.sk\\\/\",\"logo\":{\"@type\":\"ImageObject\",\"inLanguage\":\"sk-SK\",\"@id\":\"https:\\\/\\\/pmza.sk\\\/#\\\/schema\\\/logo\\\/image\\\/\",\"url\":\"https:\\\/\\\/pmza.sk\\\/wp-content\\\/uploads\\\/2022\\\/01\\\/logo_PM_horizontal.jpg\",\"contentUrl\":\"https:\\\/\\\/pmza.sk\\\/wp-content\\\/uploads\\\/2022\\\/01\\\/logo_PM_horizontal.jpg\",\"width\":231,\"height\":142,\"caption\":\"Pova\u017esk\u00e9 m\u00fazeum\"},\"image\":{\"@id\":\"https:\\\/\\\/pmza.sk\\\/#\\\/schema\\\/logo\\\/image\\\/\"},\"sameAs\":[\"https:\\\/\\\/www.facebook.com\\\/povazskemuzeum\",\"https:\\\/\\\/www.instagram.com\\\/povazskemuzeum\\\/\"]},{\"@type\":\"Person\",\"@id\":\"https:\\\/\\\/pmza.sk\\\/#\\\/schema\\\/person\\\/595e6a2ce731ea94dcd5d7f50a41ae33\",\"name\":\"Pova\u017esk\u00e9 m\u00fazeum\",\"image\":{\"@type\":\"ImageObject\",\"inLanguage\":\"sk-SK\",\"@id\":\"https:\\\/\\\/secure.gravatar.com\\\/avatar\\\/2bb7f1561282132fb5826dfeccc66c7996d11ee392ac6aaf7ced8a1c2027fbb2?s=96&d=mm&r=g\",\"url\":\"https:\\\/\\\/secure.gravatar.com\\\/avatar\\\/2bb7f1561282132fb5826dfeccc66c7996d11ee392ac6aaf7ced8a1c2027fbb2?s=96&d=mm&r=g\",\"contentUrl\":\"https:\\\/\\\/secure.gravatar.com\\\/avatar\\\/2bb7f1561282132fb5826dfeccc66c7996d11ee392ac6aaf7ced8a1c2027fbb2?s=96&d=mm&r=g\",\"caption\":\"Pova\u017esk\u00e9 m\u00fazeum\"}}]}<\/script>\n<!-- \/ Yoast SEO plugin. -->","yoast_head_json":{"title":"Zlat\u00e9 \u010dasy budat\u00ednske - Pova\u017esk\u00e9 m\u00fazeum","robots":{"index":"index","follow":"follow","max-snippet":"max-snippet:-1","max-image-preview":"max-image-preview:large","max-video-preview":"max-video-preview:-1"},"canonical":"https:\/\/pmza.sk\/?p=28654","og_locale":"sk_SK","og_type":"article","og_title":"Zlat\u00e9 \u010dasy budat\u00ednske - Pova\u017esk\u00e9 m\u00fazeum","og_description":"V\u00a0nadv\u00e4znosti na \u00faspe\u0161n\u00e9 a\u00a0ve\u013ekolep\u00e9 otvorenie zrekon\u0161truovan\u00e9ho tretieho nadzemn\u00e9ho podla\u017eia Budat\u00ednskeho hradu a\u00a0minuloro\u010dn\u00e9 Budat\u00ednske hradn\u00e9 hry pripravilo Pova\u017esk\u00e9 m\u00fazeum v\u00a0\u017diline tento rok op\u00e4\u0165 v\u00fdnimo\u010dn\u00e9 podujatie s\u00a0n\u00e1zvom Zlat\u00e9 \u010dasy budat\u00ednske. Kona\u0165 sa bude v\u00a0nede\u013eu 29. j\u00fala 2018 s\u00a0leitmot\u00edvom \u010dias posledn\u00e9ho s\u00fakromn\u00e9ho majite\u013ea hradu, gr\u00f3fa Gejzu \u010c\u00e1kiho s\u00a0pripomenut\u00edm st\u00e9ho v\u00fdro\u010dia aj obdobia konca prvej svetovej vojny a\u00a0vzniku \u010ceskoslovenskej [&hellip;]","og_url":"https:\/\/pmza.sk\/?p=28654","og_site_name":"Pova\u017esk\u00e9 m\u00fazeum","article_publisher":"https:\/\/www.facebook.com\/povazskemuzeum","article_published_time":"2018-07-17T09:06:40+00:00","author":"Pova\u017esk\u00e9 m\u00fazeum","twitter_card":"summary_large_image","twitter_misc":{"Autor":"Pova\u017esk\u00e9 m\u00fazeum","Predpokladan\u00fd \u010das \u010d\u00edtania":"2 min\u00faty"},"schema":{"@context":"https:\/\/schema.org","@graph":[{"@type":"Article","@id":"https:\/\/pmza.sk\/?p=28654#article","isPartOf":{"@id":"https:\/\/pmza.sk\/?p=28654"},"author":{"name":"Pova\u017esk\u00e9 m\u00fazeum","@id":"https:\/\/pmza.sk\/#\/schema\/person\/595e6a2ce731ea94dcd5d7f50a41ae33"},"headline":"Zlat\u00e9 \u010dasy budat\u00ednske","datePublished":"2018-07-17T09:06:40+00:00","mainEntityOfPage":{"@id":"https:\/\/pmza.sk\/?p=28654"},"wordCount":431,"publisher":{"@id":"https:\/\/pmza.sk\/#organization"},"image":{"@id":"https:\/\/pmza.sk\/?p=28654#primaryimage"},"thumbnailUrl":"","articleSection":["Aktuality"],"inLanguage":"sk-SK"},{"@type":"WebPage","@id":"https:\/\/pmza.sk\/?p=28654","url":"https:\/\/pmza.sk\/?p=28654","name":"Zlat\u00e9 \u010dasy budat\u00ednske - Pova\u017esk\u00e9 m\u00fazeum","isPartOf":{"@id":"https:\/\/pmza.sk\/#website"},"primaryImageOfPage":{"@id":"https:\/\/pmza.sk\/?p=28654#primaryimage"},"image":{"@id":"https:\/\/pmza.sk\/?p=28654#primaryimage"},"thumbnailUrl":"","datePublished":"2018-07-17T09:06:40+00:00","breadcrumb":{"@id":"https:\/\/pmza.sk\/?p=28654#breadcrumb"},"inLanguage":"sk-SK","potentialAction":[{"@type":"ReadAction","target":["https:\/\/pmza.sk\/?p=28654"]}]},{"@type":"ImageObject","inLanguage":"sk-SK","@id":"https:\/\/pmza.sk\/?p=28654#primaryimage","url":"","contentUrl":""},{"@type":"BreadcrumbList","@id":"https:\/\/pmza.sk\/?p=28654#breadcrumb","itemListElement":[{"@type":"ListItem","position":1,"name":"Domovsk\u00e1 str\u00e1nka","item":"https:\/\/pmza.sk\/"},{"@type":"ListItem","position":2,"name":"Zlat\u00e9 \u010dasy budat\u00ednske"}]},{"@type":"WebSite","@id":"https:\/\/pmza.sk\/#website","url":"https:\/\/pmza.sk\/","name":"Pova\u017esk\u00e9 m\u00fazeum","description":"Pova\u017esk\u00e9 m\u00fazeum v \u017diline je region\u00e1lne m\u00fazeum so s\u00eddlom v Budat\u00edne. Jeho expoz\u00edcie s\u00fa zameran\u00e9 na dejiny slovensk\u00e9ho umenia, kult\u00fary a dopravy.","publisher":{"@id":"https:\/\/pmza.sk\/#organization"},"potentialAction":[{"@type":"SearchAction","target":{"@type":"EntryPoint","urlTemplate":"https:\/\/pmza.sk\/?s={search_term_string}"},"query-input":{"@type":"PropertyValueSpecification","valueRequired":true,"valueName":"search_term_string"}}],"inLanguage":"sk-SK"},{"@type":"Organization","@id":"https:\/\/pmza.sk\/#organization","name":"Pova\u017esk\u00e9 m\u00fazeum","url":"https:\/\/pmza.sk\/","logo":{"@type":"ImageObject","inLanguage":"sk-SK","@id":"https:\/\/pmza.sk\/#\/schema\/logo\/image\/","url":"https:\/\/pmza.sk\/wp-content\/uploads\/2022\/01\/logo_PM_horizontal.jpg","contentUrl":"https:\/\/pmza.sk\/wp-content\/uploads\/2022\/01\/logo_PM_horizontal.jpg","width":231,"height":142,"caption":"Pova\u017esk\u00e9 m\u00fazeum"},"image":{"@id":"https:\/\/pmza.sk\/#\/schema\/logo\/image\/"},"sameAs":["https:\/\/www.facebook.com\/povazskemuzeum","https:\/\/www.instagram.com\/povazskemuzeum\/"]},{"@type":"Person","@id":"https:\/\/pmza.sk\/#\/schema\/person\/595e6a2ce731ea94dcd5d7f50a41ae33","name":"Pova\u017esk\u00e9 m\u00fazeum","image":{"@type":"ImageObject","inLanguage":"sk-SK","@id":"https:\/\/secure.gravatar.com\/avatar\/2bb7f1561282132fb5826dfeccc66c7996d11ee392ac6aaf7ced8a1c2027fbb2?s=96&d=mm&r=g","url":"https:\/\/secure.gravatar.com\/avatar\/2bb7f1561282132fb5826dfeccc66c7996d11ee392ac6aaf7ced8a1c2027fbb2?s=96&d=mm&r=g","contentUrl":"https:\/\/secure.gravatar.com\/avatar\/2bb7f1561282132fb5826dfeccc66c7996d11ee392ac6aaf7ced8a1c2027fbb2?s=96&d=mm&r=g","caption":"Pova\u017esk\u00e9 m\u00fazeum"}}]}},"_links":{"self":[{"href":"https:\/\/pmza.sk\/index.php?rest_route=\/wp\/v2\/posts\/28654","targetHints":{"allow":["GET"]}}],"collection":[{"href":"https:\/\/pmza.sk\/index.php?rest_route=\/wp\/v2\/posts"}],"about":[{"href":"https:\/\/pmza.sk\/index.php?rest_route=\/wp\/v2\/types\/post"}],"author":[{"embeddable":true,"href":"https:\/\/pmza.sk\/index.php?rest_route=\/wp\/v2\/users\/2"}],"replies":[{"embeddable":true,"href":"https:\/\/pmza.sk\/index.php?rest_route=%2Fwp%2Fv2%2Fcomments&post=28654"}],"version-history":[{"count":0,"href":"https:\/\/pmza.sk\/index.php?rest_route=\/wp\/v2\/posts\/28654\/revisions"}],"wp:featuredmedia":[{"embeddable":true,"href":"https:\/\/pmza.sk\/index.php?rest_route=\/"}],"wp:attachment":[{"href":"https:\/\/pmza.sk\/index.php?rest_route=%2Fwp%2Fv2%2Fmedia&parent=28654"}],"wp:term":[{"taxonomy":"category","embeddable":true,"href":"https:\/\/pmza.sk\/index.php?rest_route=%2Fwp%2Fv2%2Fcategories&post=28654"},{"taxonomy":"post_tag","embeddable":true,"href":"https:\/\/pmza.sk\/index.php?rest_route=%2Fwp%2Fv2%2Ftags&post=28654"}],"curies":[{"name":"wp","href":"https:\/\/api.w.org\/{rel}","templated":true}]}}