{"id":2878,"date":"2011-05-26T08:20:13","date_gmt":"2011-05-26T06:20:13","guid":{"rendered":"https:\/\/pmza.sk.sk\/?p=2878"},"modified":"2011-05-26T08:20:13","modified_gmt":"2011-05-26T06:20:13","slug":"tahakom-vystavy-expresionistov-v-ziline-je-jednoznacne-kandinsky","status":"publish","type":"post","link":"https:\/\/pmza.sk\/?p=2878","title":{"rendered":"\u0164ah\u00e1kom v\u00fdstavy expresionistov v \u017diline je jednozna\u010dne Kandinsky"},"content":{"rendered":"<p><a href=\"https:\/\/pmza.sk\/wp-content\/uploads\/2011\/05\/z-vystavy-expresionisti-v-Ziline.jpg\"><img fetchpriority=\"high\" decoding=\"async\" class=\"alignleft size-medium wp-image-2879\" style=\"margin: 4px; border: 2px solid black;\" title=\"z vystavy expresionisti v Ziline\" src=\"https:\/\/pmza.sk.sk\/wp-content\/uploads\/2011\/05\/z-vystavy-expresionisti-v-Ziline-300x191.jpg\" alt=\"\" width=\"300\" height=\"191\" \/><\/a>V\u00fdstava najv\u00fdznamnej\u0161\u00edch dvadsiatich \u00f4smich autorov nemeck\u00e9ho expresionizmu pod n\u00e1zvom <strong>Expresionizmus \u2013 sila v\u00fdrazovosti<\/strong>, ktor\u00fa videli tis\u00edcky div\u00e1kov v\u00a0Los Angeles, Berl\u00edne, Mn\u00edchove a\u00a0v\u00a0s\u00fa\u010dasnosti aj v\u00a0\u017diline, \u00a0sa onedlho prehupne do svojej druhej polovice. Pod\u013ea majite\u013ea Gal\u00e9rie Sundermann vo W\u0171rzburgu a\u00a0exkluz\u00edvneho partnera Pova\u017esk\u00e9ho m\u00fazea v\u00a0\u017diline, sa tieto diela bezprostredne po v\u00fdstave na Slovensku pon\u00faknu na predaj trhu s\u00a0v\u00fdtvarn\u00fdm umen\u00edm.<\/p>\n<p>Najv\u00e4\u010d\u0161\u00edm l\u00e1kadlom v\u00fdstavy s\u00fa diela zakladate\u013ea modern\u00e9ho avantgardn\u00e9ho hnutia Der Blaue Reiter ( Modr\u00fd jazdec) Wassily Kandinskeho. \u201e <em>Kandinskeho drevorez Orient\u00e1lne z\u00a0roku 1911, ktor\u00fd v\u00fdstava pon\u00faka, \u00a0nazna\u010duje jeho filozofiu experimentova\u0165 s\u00a0l\u00edniami a\u00a0farbami, a\u00a0tak stvori\u0165 v\u00fdtvarn\u00e9 dielo ako \u00a0vizu\u00e1lnu hudbu. Kandinskij len rok predt\u00fdm vytvoril svoj prv\u00fd abstraktn\u00fd akvarel,<\/em>\u201c upozornila Darina Arce, kur\u00e1torka v\u00fdstavy.<!--more--><\/p>\n<p>Expresionizmus si na\u0161iel naj\u00farodnej\u0161iu p\u00f4du v\u00a0Nemecku. Ke\u010f sa v\u00a0roku 1933 dostali k\u00a0moci nacisti, bolo modern\u00e9 umenie, po\u017eaduj\u00face slobodu tvorby, \u00a0zak\u00e1zan\u00e9, diela ni\u010den\u00e9 a\u00a0najv\u00fdznamnej\u0161\u00ed predstavitelia tohto hnutia boli z\u00a0krajiny vyhosten\u00ed alebo nemohli pracova\u0165. Podobn\u00fd osud postihol aj Kandinskeho obrazy. V\u00a0roku 1937 boli jeho diela prezentovan\u00e9 na nacistickej v\u00fdstave \u201eZvrhl\u00e9ho \u00a0umenia\u201c a\u00a0sedemdesiat p\u00e4\u0165 jeho diel bolo v\u00a0nemeck\u00fdch m\u00faze\u00e1ch a\u00a0gal\u00e9ri\u00e1ch skonfi\u0161kovan\u00fdch.<\/p>\n<p>Tvorbu Kandinskeho, Noldeho, Dixa, Kollwitzovej \u00a0a\u00a0\u010fal\u0161\u00edch dvadsiatich \u0161tyroch majstrov expresionizmu je mo\u017en\u00e9 uvidie\u0165 na v\u00fdstave <strong>Expresionizmus \u2013 Sila v\u00fdrazovosti<\/strong> vo v\u00fdstavn\u00fdch priestoroch are\u00e1lu Budat\u00ednskeho hradu v\u00a0\u017diline <strong>u\u017e len do 19. j\u00fana 2011<\/strong>. Organiz\u00e1torom v\u00fdstavy je \u017dilinsk\u00fd samospr\u00e1vny kraj, Pova\u017esk\u00e9 m\u00fazeum v\u00a0\u017diline, Gal\u00e9ria Sundermann vo W\u0171rzburgu, River Gallery Bratislava a\u00a0Seale n.f.<\/p>\n","protected":false},"excerpt":{"rendered":"<p>V\u00fdstava najv\u00fdznamnej\u0161\u00edch dvadsiatich \u00f4smich autorov nemeck\u00e9ho expresionizmu pod n\u00e1zvom Expresionizmus \u2013 sila v\u00fdrazovosti, ktor\u00fa videli tis\u00edcky div\u00e1kov v\u00a0Los Angeles, Berl\u00edne, Mn\u00edchove a\u00a0v\u00a0s\u00fa\u010dasnosti aj v\u00a0\u017diline, \u00a0sa onedlho prehupne do svojej druhej polovice. Pod\u013ea majite\u013ea Gal\u00e9rie Sundermann vo W\u0171rzburgu a\u00a0exkluz\u00edvneho partnera Pova\u017esk\u00e9ho m\u00fazea v\u00a0\u017diline, sa tieto diela bezprostredne po v\u00fdstave na Slovensku pon\u00faknu na predaj trhu s\u00a0v\u00fdtvarn\u00fdm [&hellip;]<\/p>\n","protected":false},"author":1,"featured_media":0,"comment_status":"closed","ping_status":"closed","sticky":false,"template":"","format":"standard","meta":{"site-sidebar-layout":"default","site-content-layout":"","ast-site-content-layout":"","site-content-style":"default","site-sidebar-style":"default","ast-global-header-display":"","ast-banner-title-visibility":"","ast-main-header-display":"","ast-hfb-above-header-display":"","ast-hfb-below-header-display":"","ast-hfb-mobile-header-display":"","site-post-title":"","ast-breadcrumbs-content":"","ast-featured-img":"","footer-sml-layout":"","theme-transparent-header-meta":"","adv-header-id-meta":"","stick-header-meta":"","header-above-stick-meta":"","header-main-stick-meta":"","header-below-stick-meta":"","astra-migrate-meta-layouts":"default","ast-page-background-enabled":"default","ast-page-background-meta":{"desktop":{"background-color":"var(--ast-global-color-4)","background-image":"","background-repeat":"repeat","background-position":"center center","background-size":"auto","background-attachment":"scroll","background-type":"","background-media":"","overlay-type":"","overlay-color":"","overlay-opacity":"","overlay-gradient":""},"tablet":{"background-color":"","background-image":"","background-repeat":"repeat","background-position":"center center","background-size":"auto","background-attachment":"scroll","background-type":"","background-media":"","overlay-type":"","overlay-color":"","overlay-opacity":"","overlay-gradient":""},"mobile":{"background-color":"","background-image":"","background-repeat":"repeat","background-position":"center center","background-size":"auto","background-attachment":"scroll","background-type":"","background-media":"","overlay-type":"","overlay-color":"","overlay-opacity":"","overlay-gradient":""}},"ast-content-background-meta":{"desktop":{"background-color":"var(--ast-global-color-5)","background-image":"","background-repeat":"repeat","background-position":"center center","background-size":"auto","background-attachment":"scroll","background-type":"","background-media":"","overlay-type":"","overlay-color":"","overlay-opacity":"","overlay-gradient":""},"tablet":{"background-color":"var(--ast-global-color-5)","background-image":"","background-repeat":"repeat","background-position":"center center","background-size":"auto","background-attachment":"scroll","background-type":"","background-media":"","overlay-type":"","overlay-color":"","overlay-opacity":"","overlay-gradient":""},"mobile":{"background-color":"var(--ast-global-color-5)","background-image":"","background-repeat":"repeat","background-position":"center center","background-size":"auto","background-attachment":"scroll","background-type":"","background-media":"","overlay-type":"","overlay-color":"","overlay-opacity":"","overlay-gradient":""}},"footnotes":""},"categories":[30],"tags":[],"class_list":["post-2878","post","type-post","status-publish","format-standard","hentry","category-archiv-2011"],"yoast_head":"<!-- This site is optimized with the Yoast SEO plugin v27.4 - https:\/\/yoast.com\/product\/yoast-seo-wordpress\/ -->\n<title>\u0164ah\u00e1kom v\u00fdstavy expresionistov v \u017diline je jednozna\u010dne Kandinsky - Pova\u017esk\u00e9 m\u00fazeum<\/title>\n<meta name=\"robots\" content=\"index, follow, max-snippet:-1, max-image-preview:large, max-video-preview:-1\" \/>\n<link rel=\"canonical\" href=\"https:\/\/pmza.sk\/?p=2878\" \/>\n<meta property=\"og:locale\" content=\"sk_SK\" \/>\n<meta property=\"og:type\" content=\"article\" \/>\n<meta property=\"og:title\" content=\"\u0164ah\u00e1kom v\u00fdstavy expresionistov v \u017diline je jednozna\u010dne Kandinsky - Pova\u017esk\u00e9 m\u00fazeum\" \/>\n<meta property=\"og:description\" content=\"V\u00fdstava najv\u00fdznamnej\u0161\u00edch dvadsiatich \u00f4smich autorov nemeck\u00e9ho expresionizmu pod n\u00e1zvom Expresionizmus \u2013 sila v\u00fdrazovosti, ktor\u00fa videli tis\u00edcky div\u00e1kov v\u00a0Los Angeles, Berl\u00edne, Mn\u00edchove a\u00a0v\u00a0s\u00fa\u010dasnosti aj v\u00a0\u017diline, \u00a0sa onedlho prehupne do svojej druhej polovice. Pod\u013ea majite\u013ea Gal\u00e9rie Sundermann vo W\u0171rzburgu a\u00a0exkluz\u00edvneho partnera Pova\u017esk\u00e9ho m\u00fazea v\u00a0\u017diline, sa tieto diela bezprostredne po v\u00fdstave na Slovensku pon\u00faknu na predaj trhu s\u00a0v\u00fdtvarn\u00fdm [&hellip;]\" \/>\n<meta property=\"og:url\" content=\"https:\/\/pmza.sk\/?p=2878\" \/>\n<meta property=\"og:site_name\" content=\"Pova\u017esk\u00e9 m\u00fazeum\" \/>\n<meta property=\"article:publisher\" content=\"https:\/\/www.facebook.com\/povazskemuzeum\" \/>\n<meta property=\"article:published_time\" content=\"2011-05-26T06:20:13+00:00\" \/>\n<meta property=\"og:image\" content=\"https:\/\/pmza.sk.sk\/wp-content\/uploads\/2011\/05\/z-vystavy-expresionisti-v-Ziline-300x191.jpg\" \/>\n<meta name=\"author\" content=\"libor\" \/>\n<meta name=\"twitter:card\" content=\"summary_large_image\" \/>\n<meta name=\"twitter:label1\" content=\"Autor\" \/>\n\t<meta name=\"twitter:data1\" content=\"libor\" \/>\n\t<meta name=\"twitter:label2\" content=\"Predpokladan\u00fd \u010das \u010d\u00edtania\" \/>\n\t<meta name=\"twitter:data2\" content=\"2 min\u00faty\" \/>\n<script type=\"application\/ld+json\" class=\"yoast-schema-graph\">{\"@context\":\"https:\\\/\\\/schema.org\",\"@graph\":[{\"@type\":\"Article\",\"@id\":\"https:\\\/\\\/pmza.sk\\\/?p=2878#article\",\"isPartOf\":{\"@id\":\"https:\\\/\\\/pmza.sk\\\/?p=2878\"},\"author\":{\"name\":\"libor\",\"@id\":\"https:\\\/\\\/pmza.sk\\\/#\\\/schema\\\/person\\\/f0b923a9aa8e1f67feef0d7cd9afde35\"},\"headline\":\"\u0164ah\u00e1kom v\u00fdstavy expresionistov v \u017diline je jednozna\u010dne Kandinsky\",\"datePublished\":\"2011-05-26T06:20:13+00:00\",\"mainEntityOfPage\":{\"@id\":\"https:\\\/\\\/pmza.sk\\\/?p=2878\"},\"wordCount\":318,\"publisher\":{\"@id\":\"https:\\\/\\\/pmza.sk\\\/#organization\"},\"image\":{\"@id\":\"https:\\\/\\\/pmza.sk\\\/?p=2878#primaryimage\"},\"thumbnailUrl\":\"http:\\\/\\\/pmza.sk.sk\\\/wp-content\\\/uploads\\\/2011\\\/05\\\/z-vystavy-expresionisti-v-Ziline-300x191.jpg\",\"articleSection\":[\"Arch\u00edv 2011\"],\"inLanguage\":\"sk-SK\"},{\"@type\":\"WebPage\",\"@id\":\"https:\\\/\\\/pmza.sk\\\/?p=2878\",\"url\":\"https:\\\/\\\/pmza.sk\\\/?p=2878\",\"name\":\"\u0164ah\u00e1kom v\u00fdstavy expresionistov v \u017diline je jednozna\u010dne Kandinsky - Pova\u017esk\u00e9 m\u00fazeum\",\"isPartOf\":{\"@id\":\"https:\\\/\\\/pmza.sk\\\/#website\"},\"primaryImageOfPage\":{\"@id\":\"https:\\\/\\\/pmza.sk\\\/?p=2878#primaryimage\"},\"image\":{\"@id\":\"https:\\\/\\\/pmza.sk\\\/?p=2878#primaryimage\"},\"thumbnailUrl\":\"http:\\\/\\\/pmza.sk.sk\\\/wp-content\\\/uploads\\\/2011\\\/05\\\/z-vystavy-expresionisti-v-Ziline-300x191.jpg\",\"datePublished\":\"2011-05-26T06:20:13+00:00\",\"breadcrumb\":{\"@id\":\"https:\\\/\\\/pmza.sk\\\/?p=2878#breadcrumb\"},\"inLanguage\":\"sk-SK\",\"potentialAction\":[{\"@type\":\"ReadAction\",\"target\":[\"https:\\\/\\\/pmza.sk\\\/?p=2878\"]}]},{\"@type\":\"ImageObject\",\"inLanguage\":\"sk-SK\",\"@id\":\"https:\\\/\\\/pmza.sk\\\/?p=2878#primaryimage\",\"url\":\"http:\\\/\\\/pmza.sk.sk\\\/wp-content\\\/uploads\\\/2011\\\/05\\\/z-vystavy-expresionisti-v-Ziline-300x191.jpg\",\"contentUrl\":\"http:\\\/\\\/pmza.sk.sk\\\/wp-content\\\/uploads\\\/2011\\\/05\\\/z-vystavy-expresionisti-v-Ziline-300x191.jpg\"},{\"@type\":\"BreadcrumbList\",\"@id\":\"https:\\\/\\\/pmza.sk\\\/?p=2878#breadcrumb\",\"itemListElement\":[{\"@type\":\"ListItem\",\"position\":1,\"name\":\"Domovsk\u00e1 str\u00e1nka\",\"item\":\"https:\\\/\\\/pmza.sk\\\/\"},{\"@type\":\"ListItem\",\"position\":2,\"name\":\"\u0164ah\u00e1kom v\u00fdstavy expresionistov v \u017diline je jednozna\u010dne Kandinsky\"}]},{\"@type\":\"WebSite\",\"@id\":\"https:\\\/\\\/pmza.sk\\\/#website\",\"url\":\"https:\\\/\\\/pmza.sk\\\/\",\"name\":\"Pova\u017esk\u00e9 m\u00fazeum\",\"description\":\"Pova\u017esk\u00e9 m\u00fazeum v \u017diline je region\u00e1lne m\u00fazeum so s\u00eddlom v Budat\u00edne. Jeho expoz\u00edcie s\u00fa zameran\u00e9 na dejiny slovensk\u00e9ho umenia, kult\u00fary a dopravy.\",\"publisher\":{\"@id\":\"https:\\\/\\\/pmza.sk\\\/#organization\"},\"potentialAction\":[{\"@type\":\"SearchAction\",\"target\":{\"@type\":\"EntryPoint\",\"urlTemplate\":\"https:\\\/\\\/pmza.sk\\\/?s={search_term_string}\"},\"query-input\":{\"@type\":\"PropertyValueSpecification\",\"valueRequired\":true,\"valueName\":\"search_term_string\"}}],\"inLanguage\":\"sk-SK\"},{\"@type\":\"Organization\",\"@id\":\"https:\\\/\\\/pmza.sk\\\/#organization\",\"name\":\"Pova\u017esk\u00e9 m\u00fazeum\",\"url\":\"https:\\\/\\\/pmza.sk\\\/\",\"logo\":{\"@type\":\"ImageObject\",\"inLanguage\":\"sk-SK\",\"@id\":\"https:\\\/\\\/pmza.sk\\\/#\\\/schema\\\/logo\\\/image\\\/\",\"url\":\"https:\\\/\\\/pmza.sk\\\/wp-content\\\/uploads\\\/2022\\\/01\\\/logo_PM_horizontal.jpg\",\"contentUrl\":\"https:\\\/\\\/pmza.sk\\\/wp-content\\\/uploads\\\/2022\\\/01\\\/logo_PM_horizontal.jpg\",\"width\":231,\"height\":142,\"caption\":\"Pova\u017esk\u00e9 m\u00fazeum\"},\"image\":{\"@id\":\"https:\\\/\\\/pmza.sk\\\/#\\\/schema\\\/logo\\\/image\\\/\"},\"sameAs\":[\"https:\\\/\\\/www.facebook.com\\\/povazskemuzeum\",\"https:\\\/\\\/www.instagram.com\\\/povazskemuzeum\\\/\"]},{\"@type\":\"Person\",\"@id\":\"https:\\\/\\\/pmza.sk\\\/#\\\/schema\\\/person\\\/f0b923a9aa8e1f67feef0d7cd9afde35\",\"name\":\"libor\",\"image\":{\"@type\":\"ImageObject\",\"inLanguage\":\"sk-SK\",\"@id\":\"https:\\\/\\\/secure.gravatar.com\\\/avatar\\\/c583dbc698e594aacced1589eb8cf1673bd41d461e8b2ab635484ffc26fee7b0?s=96&d=mm&r=g\",\"url\":\"https:\\\/\\\/secure.gravatar.com\\\/avatar\\\/c583dbc698e594aacced1589eb8cf1673bd41d461e8b2ab635484ffc26fee7b0?s=96&d=mm&r=g\",\"contentUrl\":\"https:\\\/\\\/secure.gravatar.com\\\/avatar\\\/c583dbc698e594aacced1589eb8cf1673bd41d461e8b2ab635484ffc26fee7b0?s=96&d=mm&r=g\",\"caption\":\"libor\"}}]}<\/script>\n<!-- \/ Yoast SEO plugin. -->","yoast_head_json":{"title":"\u0164ah\u00e1kom v\u00fdstavy expresionistov v \u017diline je jednozna\u010dne Kandinsky - Pova\u017esk\u00e9 m\u00fazeum","robots":{"index":"index","follow":"follow","max-snippet":"max-snippet:-1","max-image-preview":"max-image-preview:large","max-video-preview":"max-video-preview:-1"},"canonical":"https:\/\/pmza.sk\/?p=2878","og_locale":"sk_SK","og_type":"article","og_title":"\u0164ah\u00e1kom v\u00fdstavy expresionistov v \u017diline je jednozna\u010dne Kandinsky - Pova\u017esk\u00e9 m\u00fazeum","og_description":"V\u00fdstava najv\u00fdznamnej\u0161\u00edch dvadsiatich \u00f4smich autorov nemeck\u00e9ho expresionizmu pod n\u00e1zvom Expresionizmus \u2013 sila v\u00fdrazovosti, ktor\u00fa videli tis\u00edcky div\u00e1kov v\u00a0Los Angeles, Berl\u00edne, Mn\u00edchove a\u00a0v\u00a0s\u00fa\u010dasnosti aj v\u00a0\u017diline, \u00a0sa onedlho prehupne do svojej druhej polovice. Pod\u013ea majite\u013ea Gal\u00e9rie Sundermann vo W\u0171rzburgu a\u00a0exkluz\u00edvneho partnera Pova\u017esk\u00e9ho m\u00fazea v\u00a0\u017diline, sa tieto diela bezprostredne po v\u00fdstave na Slovensku pon\u00faknu na predaj trhu s\u00a0v\u00fdtvarn\u00fdm [&hellip;]","og_url":"https:\/\/pmza.sk\/?p=2878","og_site_name":"Pova\u017esk\u00e9 m\u00fazeum","article_publisher":"https:\/\/www.facebook.com\/povazskemuzeum","article_published_time":"2011-05-26T06:20:13+00:00","og_image":[{"url":"https:\/\/pmza.sk.sk\/wp-content\/uploads\/2011\/05\/z-vystavy-expresionisti-v-Ziline-300x191.jpg","type":"","width":"","height":""}],"author":"libor","twitter_card":"summary_large_image","twitter_misc":{"Autor":"libor","Predpokladan\u00fd \u010das \u010d\u00edtania":"2 min\u00faty"},"schema":{"@context":"https:\/\/schema.org","@graph":[{"@type":"Article","@id":"https:\/\/pmza.sk\/?p=2878#article","isPartOf":{"@id":"https:\/\/pmza.sk\/?p=2878"},"author":{"name":"libor","@id":"https:\/\/pmza.sk\/#\/schema\/person\/f0b923a9aa8e1f67feef0d7cd9afde35"},"headline":"\u0164ah\u00e1kom v\u00fdstavy expresionistov v \u017diline je jednozna\u010dne Kandinsky","datePublished":"2011-05-26T06:20:13+00:00","mainEntityOfPage":{"@id":"https:\/\/pmza.sk\/?p=2878"},"wordCount":318,"publisher":{"@id":"https:\/\/pmza.sk\/#organization"},"image":{"@id":"https:\/\/pmza.sk\/?p=2878#primaryimage"},"thumbnailUrl":"https:\/\/pmza.sk.sk\/wp-content\/uploads\/2011\/05\/z-vystavy-expresionisti-v-Ziline-300x191.jpg","articleSection":["Arch\u00edv 2011"],"inLanguage":"sk-SK"},{"@type":"WebPage","@id":"https:\/\/pmza.sk\/?p=2878","url":"https:\/\/pmza.sk\/?p=2878","name":"\u0164ah\u00e1kom v\u00fdstavy expresionistov v \u017diline je jednozna\u010dne Kandinsky - Pova\u017esk\u00e9 m\u00fazeum","isPartOf":{"@id":"https:\/\/pmza.sk\/#website"},"primaryImageOfPage":{"@id":"https:\/\/pmza.sk\/?p=2878#primaryimage"},"image":{"@id":"https:\/\/pmza.sk\/?p=2878#primaryimage"},"thumbnailUrl":"https:\/\/pmza.sk.sk\/wp-content\/uploads\/2011\/05\/z-vystavy-expresionisti-v-Ziline-300x191.jpg","datePublished":"2011-05-26T06:20:13+00:00","breadcrumb":{"@id":"https:\/\/pmza.sk\/?p=2878#breadcrumb"},"inLanguage":"sk-SK","potentialAction":[{"@type":"ReadAction","target":["https:\/\/pmza.sk\/?p=2878"]}]},{"@type":"ImageObject","inLanguage":"sk-SK","@id":"https:\/\/pmza.sk\/?p=2878#primaryimage","url":"https:\/\/pmza.sk.sk\/wp-content\/uploads\/2011\/05\/z-vystavy-expresionisti-v-Ziline-300x191.jpg","contentUrl":"https:\/\/pmza.sk.sk\/wp-content\/uploads\/2011\/05\/z-vystavy-expresionisti-v-Ziline-300x191.jpg"},{"@type":"BreadcrumbList","@id":"https:\/\/pmza.sk\/?p=2878#breadcrumb","itemListElement":[{"@type":"ListItem","position":1,"name":"Domovsk\u00e1 str\u00e1nka","item":"https:\/\/pmza.sk\/"},{"@type":"ListItem","position":2,"name":"\u0164ah\u00e1kom v\u00fdstavy expresionistov v \u017diline je jednozna\u010dne Kandinsky"}]},{"@type":"WebSite","@id":"https:\/\/pmza.sk\/#website","url":"https:\/\/pmza.sk\/","name":"Pova\u017esk\u00e9 m\u00fazeum","description":"Pova\u017esk\u00e9 m\u00fazeum v \u017diline je region\u00e1lne m\u00fazeum so s\u00eddlom v Budat\u00edne. Jeho expoz\u00edcie s\u00fa zameran\u00e9 na dejiny slovensk\u00e9ho umenia, kult\u00fary a dopravy.","publisher":{"@id":"https:\/\/pmza.sk\/#organization"},"potentialAction":[{"@type":"SearchAction","target":{"@type":"EntryPoint","urlTemplate":"https:\/\/pmza.sk\/?s={search_term_string}"},"query-input":{"@type":"PropertyValueSpecification","valueRequired":true,"valueName":"search_term_string"}}],"inLanguage":"sk-SK"},{"@type":"Organization","@id":"https:\/\/pmza.sk\/#organization","name":"Pova\u017esk\u00e9 m\u00fazeum","url":"https:\/\/pmza.sk\/","logo":{"@type":"ImageObject","inLanguage":"sk-SK","@id":"https:\/\/pmza.sk\/#\/schema\/logo\/image\/","url":"https:\/\/pmza.sk\/wp-content\/uploads\/2022\/01\/logo_PM_horizontal.jpg","contentUrl":"https:\/\/pmza.sk\/wp-content\/uploads\/2022\/01\/logo_PM_horizontal.jpg","width":231,"height":142,"caption":"Pova\u017esk\u00e9 m\u00fazeum"},"image":{"@id":"https:\/\/pmza.sk\/#\/schema\/logo\/image\/"},"sameAs":["https:\/\/www.facebook.com\/povazskemuzeum","https:\/\/www.instagram.com\/povazskemuzeum\/"]},{"@type":"Person","@id":"https:\/\/pmza.sk\/#\/schema\/person\/f0b923a9aa8e1f67feef0d7cd9afde35","name":"libor","image":{"@type":"ImageObject","inLanguage":"sk-SK","@id":"https:\/\/secure.gravatar.com\/avatar\/c583dbc698e594aacced1589eb8cf1673bd41d461e8b2ab635484ffc26fee7b0?s=96&d=mm&r=g","url":"https:\/\/secure.gravatar.com\/avatar\/c583dbc698e594aacced1589eb8cf1673bd41d461e8b2ab635484ffc26fee7b0?s=96&d=mm&r=g","contentUrl":"https:\/\/secure.gravatar.com\/avatar\/c583dbc698e594aacced1589eb8cf1673bd41d461e8b2ab635484ffc26fee7b0?s=96&d=mm&r=g","caption":"libor"}}]}},"_links":{"self":[{"href":"https:\/\/pmza.sk\/index.php?rest_route=\/wp\/v2\/posts\/2878","targetHints":{"allow":["GET"]}}],"collection":[{"href":"https:\/\/pmza.sk\/index.php?rest_route=\/wp\/v2\/posts"}],"about":[{"href":"https:\/\/pmza.sk\/index.php?rest_route=\/wp\/v2\/types\/post"}],"author":[{"embeddable":true,"href":"https:\/\/pmza.sk\/index.php?rest_route=\/wp\/v2\/users\/1"}],"replies":[{"embeddable":true,"href":"https:\/\/pmza.sk\/index.php?rest_route=%2Fwp%2Fv2%2Fcomments&post=2878"}],"version-history":[{"count":0,"href":"https:\/\/pmza.sk\/index.php?rest_route=\/wp\/v2\/posts\/2878\/revisions"}],"wp:attachment":[{"href":"https:\/\/pmza.sk\/index.php?rest_route=%2Fwp%2Fv2%2Fmedia&parent=2878"}],"wp:term":[{"taxonomy":"category","embeddable":true,"href":"https:\/\/pmza.sk\/index.php?rest_route=%2Fwp%2Fv2%2Fcategories&post=2878"},{"taxonomy":"post_tag","embeddable":true,"href":"https:\/\/pmza.sk\/index.php?rest_route=%2Fwp%2Fv2%2Ftags&post=2878"}],"curies":[{"name":"wp","href":"https:\/\/api.w.org\/{rel}","templated":true}]}}