{"id":29554,"date":"2018-09-04T10:59:06","date_gmt":"2018-09-04T08:59:06","guid":{"rendered":"https:\/\/pmza.sk\/?p=29554"},"modified":"2018-09-04T10:59:06","modified_gmt":"2018-09-04T08:59:06","slug":"svetovy-den-cestovneho-ruchu","status":"publish","type":"post","link":"https:\/\/pmza.sk\/?p=29554","title":{"rendered":"Svetov\u00fd de\u0148 cestovn\u00e9ho ruchu"},"content":{"rendered":"<p>Pri pr\u00edle\u017eitosti Svetov\u00e9ho d\u0148a cestovn\u00e9ho ruchu poskytuje n\u00e1v\u0161tevn\u00edkom 27. septembra 2018 Pova\u017esk\u00e9 m\u00fazeum v \u017diline jednotn\u00e9 vstupn\u00e9 2 \u20ac do expoz\u00edci\u00ed Budat\u00ednsky hrad a hrad Stre\u010dno, vstupn\u00e9 1 \u20ac do objektov \u013eudovej architekt\u00fary v \u010ci\u010dmanoch, do expoz\u00edcie J\u00e1no\u0161\u00edk a Terchov\u00e1 a M\u00fazea dopravy v Rajeck\u00fdch Tepliciach. Sob\u00e1\u0161ny pal\u00e1c v Byt\u010di je celoro\u010dne spr\u00edstupnen\u00fd verejnosti zadarmo.<\/p>\n<p>&nbsp;<\/p>\n<p style=\"text-align: left;\"><strong>Svetov\u00fd de\u0148 cestovn\u00e9ho ruchu<\/strong>\u00a0&#8211; O tomto dni rozhodli v roku 1997 organiz\u00e1cie: WHO, Svetov\u00e1 asoci\u00e1cia pre Parkinsonovu chorobu (WPDA), Eur\u00f3pska asoci\u00e1cia pre Parkinsonovu chorobu (EPDA). Je stanoven\u00fd na po\u010des\u0165 narodenia lond\u00fdnskeho lek\u00e1ra Dr. Jamesa Parkinsona v roku 1755. Parkinsonova choroba je druh\u00e9 naj\u010dastej\u0161ie sa vyskytuj\u00face neurodegenerat\u00edvne ochorenie. Jej pr\u00ed\u010dinou je degener\u00e1cia alebo de\u0161trukcia \u010dast\u00ed mozgu, ktor\u00e9 s\u00fa zodpovedn\u00e9 za koordin\u00e1ciu a kontrolu pohybov. Tento de\u0148 je ur\u010den\u00fd na posilnenie povedomia o tejto chorobe, jej pr\u00ed\u010din\u00e1ch, prevencii, lie\u010dbe a na\u010d\u00favaniu potreb\u00e1m \u013eud\u00ed s Parkinsonovou a ich rod\u00edn a k rozvoju projektov, v\u00fdskumu a inov\u00e1ci\u00ed.<\/p>\n<p><strong>De\u0148 \u017eelezni\u010diarov<\/strong>\u00a0&#8211; 27. september je pre \u017eelezni\u010diarov v\u00fdnimo\u010dn\u00fd. V tento de\u0148 si pripom\u00ednaj\u00fa svoj sviatok \u2013 De\u0148 \u017eelezni\u010diarov. Trad\u00edcia osl\u00e1v siaha do roku 1954, ke\u010f sa v Prahe konala prv\u00e1 celo\u0161t\u00e1tna konferencia \u017eelezni\u010diarov. Presn\u00fd d\u00e1tum sviatku \u017eelezni\u010diarov sa v priebehu nasleduj\u00facich \u0161tyroch desa\u0165ro\u010d\u00ed menil, no oslavovalo sa v septembri. V roku 1993 padlo kone\u010dn\u00e9 rozhodnutie o konkr\u00e9tnom d\u00e1tume. Rozhodla septembrov\u00e1 trad\u00edcia a hist\u00f3riou ovplyvnen\u00fd 27. septembrov\u00fd de\u0148, kedy sa v roku 1840 otvoril prv\u00fd \u00fasek konskej \u017eeleznice Bratislava \u2013 Sv\u00e4t\u00fd Jur. T\u00e1to konsk\u00e1 \u017eeleznica bola prvou verejnou \u017eeleznicou nielen na \u00fazem\u00ed Slovenska, ale aj v b\u00fdvalom Uhorsku.<\/p>\n<p style=\"text-align: right;\">ZDROJ:\u00a0http:\/\/kalendar.azet.sk\/medzinarodne\/popis\/2017-9-27\/<\/p>\n<p>&nbsp;<\/p>\n<p>&nbsp;<\/p>\n<p>&nbsp;<\/p>\n","protected":false},"excerpt":{"rendered":"<p>Pri pr\u00edle\u017eitosti Svetov\u00e9ho d\u0148a cestovn\u00e9ho ruchu poskytuje n\u00e1v\u0161tevn\u00edkom 27. septembra 2018 Pova\u017esk\u00e9 m\u00fazeum v \u017diline jednotn\u00e9 vstupn\u00e9 2 \u20ac do expoz\u00edci\u00ed Budat\u00ednsky hrad a hrad Stre\u010dno, vstupn\u00e9 1 \u20ac do objektov \u013eudovej architekt\u00fary v \u010ci\u010dmanoch, do expoz\u00edcie J\u00e1no\u0161\u00edk a Terchov\u00e1 a M\u00fazea dopravy v Rajeck\u00fdch Tepliciach. Sob\u00e1\u0161ny pal\u00e1c v Byt\u010di je celoro\u010dne spr\u00edstupnen\u00fd verejnosti zadarmo. [&hellip;]<\/p>\n","protected":false},"author":2,"featured_media":0,"comment_status":"closed","ping_status":"closed","sticky":false,"template":"","format":"standard","meta":{"site-sidebar-layout":"default","site-content-layout":"","ast-site-content-layout":"","site-content-style":"default","site-sidebar-style":"default","ast-global-header-display":"","ast-banner-title-visibility":"","ast-main-header-display":"","ast-hfb-above-header-display":"","ast-hfb-below-header-display":"","ast-hfb-mobile-header-display":"","site-post-title":"","ast-breadcrumbs-content":"","ast-featured-img":"","footer-sml-layout":"","theme-transparent-header-meta":"","adv-header-id-meta":"","stick-header-meta":"","header-above-stick-meta":"","header-main-stick-meta":"","header-below-stick-meta":"","astra-migrate-meta-layouts":"default","ast-page-background-enabled":"default","ast-page-background-meta":{"desktop":{"background-color":"var(--ast-global-color-4)","background-image":"","background-repeat":"repeat","background-position":"center center","background-size":"auto","background-attachment":"scroll","background-type":"","background-media":"","overlay-type":"","overlay-color":"","overlay-opacity":"","overlay-gradient":""},"tablet":{"background-color":"","background-image":"","background-repeat":"repeat","background-position":"center center","background-size":"auto","background-attachment":"scroll","background-type":"","background-media":"","overlay-type":"","overlay-color":"","overlay-opacity":"","overlay-gradient":""},"mobile":{"background-color":"","background-image":"","background-repeat":"repeat","background-position":"center center","background-size":"auto","background-attachment":"scroll","background-type":"","background-media":"","overlay-type":"","overlay-color":"","overlay-opacity":"","overlay-gradient":""}},"ast-content-background-meta":{"desktop":{"background-color":"var(--ast-global-color-5)","background-image":"","background-repeat":"repeat","background-position":"center center","background-size":"auto","background-attachment":"scroll","background-type":"","background-media":"","overlay-type":"","overlay-color":"","overlay-opacity":"","overlay-gradient":""},"tablet":{"background-color":"var(--ast-global-color-5)","background-image":"","background-repeat":"repeat","background-position":"center center","background-size":"auto","background-attachment":"scroll","background-type":"","background-media":"","overlay-type":"","overlay-color":"","overlay-opacity":"","overlay-gradient":""},"mobile":{"background-color":"var(--ast-global-color-5)","background-image":"","background-repeat":"repeat","background-position":"center center","background-size":"auto","background-attachment":"scroll","background-type":"","background-media":"","overlay-type":"","overlay-color":"","overlay-opacity":"","overlay-gradient":""}},"footnotes":""},"categories":[31],"tags":[],"class_list":["post-29554","post","type-post","status-publish","format-standard","hentry","category-aktuality"],"yoast_head":"<!-- This site is optimized with the Yoast SEO plugin v27.4 - https:\/\/yoast.com\/product\/yoast-seo-wordpress\/ -->\n<title>Svetov\u00fd de\u0148 cestovn\u00e9ho ruchu - Pova\u017esk\u00e9 m\u00fazeum<\/title>\n<meta name=\"robots\" content=\"index, follow, max-snippet:-1, max-image-preview:large, max-video-preview:-1\" \/>\n<link rel=\"canonical\" href=\"https:\/\/pmza.sk\/?p=29554\" \/>\n<meta property=\"og:locale\" content=\"sk_SK\" \/>\n<meta property=\"og:type\" content=\"article\" \/>\n<meta property=\"og:title\" content=\"Svetov\u00fd de\u0148 cestovn\u00e9ho ruchu - Pova\u017esk\u00e9 m\u00fazeum\" \/>\n<meta property=\"og:description\" content=\"Pri pr\u00edle\u017eitosti Svetov\u00e9ho d\u0148a cestovn\u00e9ho ruchu poskytuje n\u00e1v\u0161tevn\u00edkom 27. septembra 2018 Pova\u017esk\u00e9 m\u00fazeum v \u017diline jednotn\u00e9 vstupn\u00e9 2 \u20ac do expoz\u00edci\u00ed Budat\u00ednsky hrad a hrad Stre\u010dno, vstupn\u00e9 1 \u20ac do objektov \u013eudovej architekt\u00fary v \u010ci\u010dmanoch, do expoz\u00edcie J\u00e1no\u0161\u00edk a Terchov\u00e1 a M\u00fazea dopravy v Rajeck\u00fdch Tepliciach. Sob\u00e1\u0161ny pal\u00e1c v Byt\u010di je celoro\u010dne spr\u00edstupnen\u00fd verejnosti zadarmo. [&hellip;]\" \/>\n<meta property=\"og:url\" content=\"https:\/\/pmza.sk\/?p=29554\" \/>\n<meta property=\"og:site_name\" content=\"Pova\u017esk\u00e9 m\u00fazeum\" \/>\n<meta property=\"article:publisher\" content=\"https:\/\/www.facebook.com\/povazskemuzeum\" \/>\n<meta property=\"article:published_time\" content=\"2018-09-04T08:59:06+00:00\" \/>\n<meta name=\"author\" content=\"Pova\u017esk\u00e9 m\u00fazeum\" \/>\n<meta name=\"twitter:card\" content=\"summary_large_image\" \/>\n<meta name=\"twitter:label1\" content=\"Autor\" \/>\n\t<meta name=\"twitter:data1\" content=\"Pova\u017esk\u00e9 m\u00fazeum\" \/>\n\t<meta name=\"twitter:label2\" content=\"Predpokladan\u00fd \u010das \u010d\u00edtania\" \/>\n\t<meta name=\"twitter:data2\" content=\"2 min\u00faty\" \/>\n<script type=\"application\/ld+json\" class=\"yoast-schema-graph\">{\"@context\":\"https:\\\/\\\/schema.org\",\"@graph\":[{\"@type\":\"Article\",\"@id\":\"https:\\\/\\\/pmza.sk\\\/?p=29554#article\",\"isPartOf\":{\"@id\":\"https:\\\/\\\/pmza.sk\\\/?p=29554\"},\"author\":{\"name\":\"Pova\u017esk\u00e9 m\u00fazeum\",\"@id\":\"https:\\\/\\\/pmza.sk\\\/#\\\/schema\\\/person\\\/595e6a2ce731ea94dcd5d7f50a41ae33\"},\"headline\":\"Svetov\u00fd de\u0148 cestovn\u00e9ho ruchu\",\"datePublished\":\"2018-09-04T08:59:06+00:00\",\"mainEntityOfPage\":{\"@id\":\"https:\\\/\\\/pmza.sk\\\/?p=29554\"},\"wordCount\":323,\"publisher\":{\"@id\":\"https:\\\/\\\/pmza.sk\\\/#organization\"},\"articleSection\":[\"Aktuality\"],\"inLanguage\":\"sk-SK\"},{\"@type\":\"WebPage\",\"@id\":\"https:\\\/\\\/pmza.sk\\\/?p=29554\",\"url\":\"https:\\\/\\\/pmza.sk\\\/?p=29554\",\"name\":\"Svetov\u00fd de\u0148 cestovn\u00e9ho ruchu - Pova\u017esk\u00e9 m\u00fazeum\",\"isPartOf\":{\"@id\":\"https:\\\/\\\/pmza.sk\\\/#website\"},\"datePublished\":\"2018-09-04T08:59:06+00:00\",\"breadcrumb\":{\"@id\":\"https:\\\/\\\/pmza.sk\\\/?p=29554#breadcrumb\"},\"inLanguage\":\"sk-SK\",\"potentialAction\":[{\"@type\":\"ReadAction\",\"target\":[\"https:\\\/\\\/pmza.sk\\\/?p=29554\"]}]},{\"@type\":\"BreadcrumbList\",\"@id\":\"https:\\\/\\\/pmza.sk\\\/?p=29554#breadcrumb\",\"itemListElement\":[{\"@type\":\"ListItem\",\"position\":1,\"name\":\"Domovsk\u00e1 str\u00e1nka\",\"item\":\"https:\\\/\\\/pmza.sk\\\/\"},{\"@type\":\"ListItem\",\"position\":2,\"name\":\"Svetov\u00fd de\u0148 cestovn\u00e9ho ruchu\"}]},{\"@type\":\"WebSite\",\"@id\":\"https:\\\/\\\/pmza.sk\\\/#website\",\"url\":\"https:\\\/\\\/pmza.sk\\\/\",\"name\":\"Pova\u017esk\u00e9 m\u00fazeum\",\"description\":\"Pova\u017esk\u00e9 m\u00fazeum v \u017diline je region\u00e1lne m\u00fazeum so s\u00eddlom v Budat\u00edne. Jeho expoz\u00edcie s\u00fa zameran\u00e9 na dejiny slovensk\u00e9ho umenia, kult\u00fary a dopravy.\",\"publisher\":{\"@id\":\"https:\\\/\\\/pmza.sk\\\/#organization\"},\"potentialAction\":[{\"@type\":\"SearchAction\",\"target\":{\"@type\":\"EntryPoint\",\"urlTemplate\":\"https:\\\/\\\/pmza.sk\\\/?s={search_term_string}\"},\"query-input\":{\"@type\":\"PropertyValueSpecification\",\"valueRequired\":true,\"valueName\":\"search_term_string\"}}],\"inLanguage\":\"sk-SK\"},{\"@type\":\"Organization\",\"@id\":\"https:\\\/\\\/pmza.sk\\\/#organization\",\"name\":\"Pova\u017esk\u00e9 m\u00fazeum\",\"url\":\"https:\\\/\\\/pmza.sk\\\/\",\"logo\":{\"@type\":\"ImageObject\",\"inLanguage\":\"sk-SK\",\"@id\":\"https:\\\/\\\/pmza.sk\\\/#\\\/schema\\\/logo\\\/image\\\/\",\"url\":\"https:\\\/\\\/pmza.sk\\\/wp-content\\\/uploads\\\/2022\\\/01\\\/logo_PM_horizontal.jpg\",\"contentUrl\":\"https:\\\/\\\/pmza.sk\\\/wp-content\\\/uploads\\\/2022\\\/01\\\/logo_PM_horizontal.jpg\",\"width\":231,\"height\":142,\"caption\":\"Pova\u017esk\u00e9 m\u00fazeum\"},\"image\":{\"@id\":\"https:\\\/\\\/pmza.sk\\\/#\\\/schema\\\/logo\\\/image\\\/\"},\"sameAs\":[\"https:\\\/\\\/www.facebook.com\\\/povazskemuzeum\",\"https:\\\/\\\/www.instagram.com\\\/povazskemuzeum\\\/\"]},{\"@type\":\"Person\",\"@id\":\"https:\\\/\\\/pmza.sk\\\/#\\\/schema\\\/person\\\/595e6a2ce731ea94dcd5d7f50a41ae33\",\"name\":\"Pova\u017esk\u00e9 m\u00fazeum\",\"image\":{\"@type\":\"ImageObject\",\"inLanguage\":\"sk-SK\",\"@id\":\"https:\\\/\\\/secure.gravatar.com\\\/avatar\\\/2bb7f1561282132fb5826dfeccc66c7996d11ee392ac6aaf7ced8a1c2027fbb2?s=96&d=mm&r=g\",\"url\":\"https:\\\/\\\/secure.gravatar.com\\\/avatar\\\/2bb7f1561282132fb5826dfeccc66c7996d11ee392ac6aaf7ced8a1c2027fbb2?s=96&d=mm&r=g\",\"contentUrl\":\"https:\\\/\\\/secure.gravatar.com\\\/avatar\\\/2bb7f1561282132fb5826dfeccc66c7996d11ee392ac6aaf7ced8a1c2027fbb2?s=96&d=mm&r=g\",\"caption\":\"Pova\u017esk\u00e9 m\u00fazeum\"}}]}<\/script>\n<!-- \/ Yoast SEO plugin. -->","yoast_head_json":{"title":"Svetov\u00fd de\u0148 cestovn\u00e9ho ruchu - Pova\u017esk\u00e9 m\u00fazeum","robots":{"index":"index","follow":"follow","max-snippet":"max-snippet:-1","max-image-preview":"max-image-preview:large","max-video-preview":"max-video-preview:-1"},"canonical":"https:\/\/pmza.sk\/?p=29554","og_locale":"sk_SK","og_type":"article","og_title":"Svetov\u00fd de\u0148 cestovn\u00e9ho ruchu - Pova\u017esk\u00e9 m\u00fazeum","og_description":"Pri pr\u00edle\u017eitosti Svetov\u00e9ho d\u0148a cestovn\u00e9ho ruchu poskytuje n\u00e1v\u0161tevn\u00edkom 27. septembra 2018 Pova\u017esk\u00e9 m\u00fazeum v \u017diline jednotn\u00e9 vstupn\u00e9 2 \u20ac do expoz\u00edci\u00ed Budat\u00ednsky hrad a hrad Stre\u010dno, vstupn\u00e9 1 \u20ac do objektov \u013eudovej architekt\u00fary v \u010ci\u010dmanoch, do expoz\u00edcie J\u00e1no\u0161\u00edk a Terchov\u00e1 a M\u00fazea dopravy v Rajeck\u00fdch Tepliciach. Sob\u00e1\u0161ny pal\u00e1c v Byt\u010di je celoro\u010dne spr\u00edstupnen\u00fd verejnosti zadarmo. [&hellip;]","og_url":"https:\/\/pmza.sk\/?p=29554","og_site_name":"Pova\u017esk\u00e9 m\u00fazeum","article_publisher":"https:\/\/www.facebook.com\/povazskemuzeum","article_published_time":"2018-09-04T08:59:06+00:00","author":"Pova\u017esk\u00e9 m\u00fazeum","twitter_card":"summary_large_image","twitter_misc":{"Autor":"Pova\u017esk\u00e9 m\u00fazeum","Predpokladan\u00fd \u010das \u010d\u00edtania":"2 min\u00faty"},"schema":{"@context":"https:\/\/schema.org","@graph":[{"@type":"Article","@id":"https:\/\/pmza.sk\/?p=29554#article","isPartOf":{"@id":"https:\/\/pmza.sk\/?p=29554"},"author":{"name":"Pova\u017esk\u00e9 m\u00fazeum","@id":"https:\/\/pmza.sk\/#\/schema\/person\/595e6a2ce731ea94dcd5d7f50a41ae33"},"headline":"Svetov\u00fd de\u0148 cestovn\u00e9ho ruchu","datePublished":"2018-09-04T08:59:06+00:00","mainEntityOfPage":{"@id":"https:\/\/pmza.sk\/?p=29554"},"wordCount":323,"publisher":{"@id":"https:\/\/pmza.sk\/#organization"},"articleSection":["Aktuality"],"inLanguage":"sk-SK"},{"@type":"WebPage","@id":"https:\/\/pmza.sk\/?p=29554","url":"https:\/\/pmza.sk\/?p=29554","name":"Svetov\u00fd de\u0148 cestovn\u00e9ho ruchu - Pova\u017esk\u00e9 m\u00fazeum","isPartOf":{"@id":"https:\/\/pmza.sk\/#website"},"datePublished":"2018-09-04T08:59:06+00:00","breadcrumb":{"@id":"https:\/\/pmza.sk\/?p=29554#breadcrumb"},"inLanguage":"sk-SK","potentialAction":[{"@type":"ReadAction","target":["https:\/\/pmza.sk\/?p=29554"]}]},{"@type":"BreadcrumbList","@id":"https:\/\/pmza.sk\/?p=29554#breadcrumb","itemListElement":[{"@type":"ListItem","position":1,"name":"Domovsk\u00e1 str\u00e1nka","item":"https:\/\/pmza.sk\/"},{"@type":"ListItem","position":2,"name":"Svetov\u00fd de\u0148 cestovn\u00e9ho ruchu"}]},{"@type":"WebSite","@id":"https:\/\/pmza.sk\/#website","url":"https:\/\/pmza.sk\/","name":"Pova\u017esk\u00e9 m\u00fazeum","description":"Pova\u017esk\u00e9 m\u00fazeum v \u017diline je region\u00e1lne m\u00fazeum so s\u00eddlom v Budat\u00edne. Jeho expoz\u00edcie s\u00fa zameran\u00e9 na dejiny slovensk\u00e9ho umenia, kult\u00fary a dopravy.","publisher":{"@id":"https:\/\/pmza.sk\/#organization"},"potentialAction":[{"@type":"SearchAction","target":{"@type":"EntryPoint","urlTemplate":"https:\/\/pmza.sk\/?s={search_term_string}"},"query-input":{"@type":"PropertyValueSpecification","valueRequired":true,"valueName":"search_term_string"}}],"inLanguage":"sk-SK"},{"@type":"Organization","@id":"https:\/\/pmza.sk\/#organization","name":"Pova\u017esk\u00e9 m\u00fazeum","url":"https:\/\/pmza.sk\/","logo":{"@type":"ImageObject","inLanguage":"sk-SK","@id":"https:\/\/pmza.sk\/#\/schema\/logo\/image\/","url":"https:\/\/pmza.sk\/wp-content\/uploads\/2022\/01\/logo_PM_horizontal.jpg","contentUrl":"https:\/\/pmza.sk\/wp-content\/uploads\/2022\/01\/logo_PM_horizontal.jpg","width":231,"height":142,"caption":"Pova\u017esk\u00e9 m\u00fazeum"},"image":{"@id":"https:\/\/pmza.sk\/#\/schema\/logo\/image\/"},"sameAs":["https:\/\/www.facebook.com\/povazskemuzeum","https:\/\/www.instagram.com\/povazskemuzeum\/"]},{"@type":"Person","@id":"https:\/\/pmza.sk\/#\/schema\/person\/595e6a2ce731ea94dcd5d7f50a41ae33","name":"Pova\u017esk\u00e9 m\u00fazeum","image":{"@type":"ImageObject","inLanguage":"sk-SK","@id":"https:\/\/secure.gravatar.com\/avatar\/2bb7f1561282132fb5826dfeccc66c7996d11ee392ac6aaf7ced8a1c2027fbb2?s=96&d=mm&r=g","url":"https:\/\/secure.gravatar.com\/avatar\/2bb7f1561282132fb5826dfeccc66c7996d11ee392ac6aaf7ced8a1c2027fbb2?s=96&d=mm&r=g","contentUrl":"https:\/\/secure.gravatar.com\/avatar\/2bb7f1561282132fb5826dfeccc66c7996d11ee392ac6aaf7ced8a1c2027fbb2?s=96&d=mm&r=g","caption":"Pova\u017esk\u00e9 m\u00fazeum"}}]}},"_links":{"self":[{"href":"https:\/\/pmza.sk\/index.php?rest_route=\/wp\/v2\/posts\/29554","targetHints":{"allow":["GET"]}}],"collection":[{"href":"https:\/\/pmza.sk\/index.php?rest_route=\/wp\/v2\/posts"}],"about":[{"href":"https:\/\/pmza.sk\/index.php?rest_route=\/wp\/v2\/types\/post"}],"author":[{"embeddable":true,"href":"https:\/\/pmza.sk\/index.php?rest_route=\/wp\/v2\/users\/2"}],"replies":[{"embeddable":true,"href":"https:\/\/pmza.sk\/index.php?rest_route=%2Fwp%2Fv2%2Fcomments&post=29554"}],"version-history":[{"count":0,"href":"https:\/\/pmza.sk\/index.php?rest_route=\/wp\/v2\/posts\/29554\/revisions"}],"wp:attachment":[{"href":"https:\/\/pmza.sk\/index.php?rest_route=%2Fwp%2Fv2%2Fmedia&parent=29554"}],"wp:term":[{"taxonomy":"category","embeddable":true,"href":"https:\/\/pmza.sk\/index.php?rest_route=%2Fwp%2Fv2%2Fcategories&post=29554"},{"taxonomy":"post_tag","embeddable":true,"href":"https:\/\/pmza.sk\/index.php?rest_route=%2Fwp%2Fv2%2Ftags&post=29554"}],"curies":[{"name":"wp","href":"https:\/\/api.w.org\/{rel}","templated":true}]}}