{"id":29595,"date":"2018-09-05T11:57:26","date_gmt":"2018-09-05T09:57:26","guid":{"rendered":"https:\/\/pmza.sk\/?p=29595"},"modified":"2018-09-05T11:57:26","modified_gmt":"2018-09-05T09:57:26","slug":"povazske-muzeum-v-ziline-do-svojich-zbierok-hlada-nove-akvizicie","status":"publish","type":"post","link":"https:\/\/pmza.sk\/?p=29595","title":{"rendered":"Pova\u017esk\u00e9 m\u00fazeum v \u017diline do svojich zbierok h\u013ead\u00e1 nov\u00e9 akviz\u00edcie"},"content":{"rendered":"<p>[cherry_row]<\/p>\n<p>[cherry_col size_md=&#8220;12&#8243;]<\/p>\n<p>Ke\u010f\u017ee tento rok si pripom\u00edname viacero v\u00fdznamn\u00fdch udalost\u00ed (1918 \u2013\u00a0koniec 1. svetovej vojny a\u00a0vznik \u010cSR , 1938 &#8211;\u00a0vyhl\u00e1senie auton\u00f3mie Slovenska, 1948 \u2013 komunistick\u00fd prevrat, 1968 \u2013 vp\u00e1d vojsk Var\u0161avskej zmluvy do \u010cesko-Slovenska), m\u00e1me z\u00e1ujem najm\u00e4 o trojrozmern\u00e9 predmety z\u00a0obdobia od prvej svetovej vojny a\u017e po okup\u00e1ciu \u010cSR.<img fetchpriority=\"high\" decoding=\"async\" class=\"aligncenter size-thumbnail wp-image-29603\" src=\"https:\/\/pmza.sk\/wp-content\/uploads\/2018\/09\/Hs-3729-preukaz-legion\u00e1ra-475x300.jpg\" alt=\"\" width=\"475\" height=\"300\" \/> M\u00e1me z\u00e1ujem o\u00a0r\u00f4zne predmety\u00a0dokumentuj\u00face spom\u00ednan\u00e9 obdobia (legion\u00e1rske uniformy, vyznamenania, povol\u00e1vacie rozkazy, ale aj veci ka\u017edodennej potreby, ako \u0161perky, keramika, odev a\u00a0podobne). Z\u00e1rove\u0148 h\u013ead\u00e1me aj fotografie a\u00a0dokumenty, ktor\u00e9 priamo s\u00favisia so spom\u00ednan\u00fdmi udalos\u0165ami. Ak si mysl\u00edte, \u017ee vlastn\u00edte predmety n\u00e1\u0161ho z\u00e1ujmu a\u00a0chcete ich pon\u00faknu\u0165 m\u00fazeu darom alebo na odk\u00fapenie, pros\u00edme V\u00e1s, aby ste n\u00e1s kontaktovali mailom na adresu <a href=\"mailto:tomasova@pmza.sk\">tomasova@pmza.sk<\/a> alebo telefonicky na \u010d\u00edslo 041\/5001511. M\u00fazeum vopred \u010fakuje darcom za pr\u00ednos v snahe zachova\u0165 kult\u00farne hodnoty pre \u010fal\u0161ie gener\u00e1cie.<\/p>\n<p><img decoding=\"async\" class=\"aligncenter wp-image-29599 size-thumbnail\" src=\"https:\/\/pmza.sk\/wp-content\/uploads\/2018\/09\/H-1078-fotografia-\u010deskoslovensk\u00fdch-legion\u00e1rov-475x300.jpg\" alt=\"\" width=\"475\" height=\"300\" \/><\/p>\n<p>[\/cherry_col]<\/p>\n<p>[\/cherry_row]<\/p>\n","protected":false},"excerpt":{"rendered":"<p>[cherry_row] [cherry_col size_md=&#8220;12&#8243;] Ke\u010f\u017ee tento rok si pripom\u00edname viacero v\u00fdznamn\u00fdch udalost\u00ed (1918 \u2013\u00a0koniec 1. svetovej vojny a\u00a0vznik \u010cSR , 1938 &#8211;\u00a0vyhl\u00e1senie auton\u00f3mie Slovenska, 1948 \u2013 komunistick\u00fd prevrat, 1968 \u2013 vp\u00e1d vojsk Var\u0161avskej zmluvy do \u010cesko-Slovenska), m\u00e1me z\u00e1ujem najm\u00e4 o trojrozmern\u00e9 predmety z\u00a0obdobia od prvej svetovej vojny a\u017e po okup\u00e1ciu \u010cSR. M\u00e1me z\u00e1ujem o\u00a0r\u00f4zne predmety\u00a0dokumentuj\u00face spom\u00ednan\u00e9 [&hellip;]<\/p>\n","protected":false},"author":2,"featured_media":29601,"comment_status":"closed","ping_status":"closed","sticky":false,"template":"","format":"standard","meta":{"site-sidebar-layout":"default","site-content-layout":"","ast-site-content-layout":"","site-content-style":"default","site-sidebar-style":"default","ast-global-header-display":"","ast-banner-title-visibility":"","ast-main-header-display":"","ast-hfb-above-header-display":"","ast-hfb-below-header-display":"","ast-hfb-mobile-header-display":"","site-post-title":"","ast-breadcrumbs-content":"","ast-featured-img":"","footer-sml-layout":"","theme-transparent-header-meta":"","adv-header-id-meta":"","stick-header-meta":"","header-above-stick-meta":"","header-main-stick-meta":"","header-below-stick-meta":"","astra-migrate-meta-layouts":"default","ast-page-background-enabled":"default","ast-page-background-meta":{"desktop":{"background-color":"var(--ast-global-color-4)","background-image":"","background-repeat":"repeat","background-position":"center center","background-size":"auto","background-attachment":"scroll","background-type":"","background-media":"","overlay-type":"","overlay-color":"","overlay-opacity":"","overlay-gradient":""},"tablet":{"background-color":"","background-image":"","background-repeat":"repeat","background-position":"center center","background-size":"auto","background-attachment":"scroll","background-type":"","background-media":"","overlay-type":"","overlay-color":"","overlay-opacity":"","overlay-gradient":""},"mobile":{"background-color":"","background-image":"","background-repeat":"repeat","background-position":"center center","background-size":"auto","background-attachment":"scroll","background-type":"","background-media":"","overlay-type":"","overlay-color":"","overlay-opacity":"","overlay-gradient":""}},"ast-content-background-meta":{"desktop":{"background-color":"var(--ast-global-color-5)","background-image":"","background-repeat":"repeat","background-position":"center center","background-size":"auto","background-attachment":"scroll","background-type":"","background-media":"","overlay-type":"","overlay-color":"","overlay-opacity":"","overlay-gradient":""},"tablet":{"background-color":"var(--ast-global-color-5)","background-image":"","background-repeat":"repeat","background-position":"center center","background-size":"auto","background-attachment":"scroll","background-type":"","background-media":"","overlay-type":"","overlay-color":"","overlay-opacity":"","overlay-gradient":""},"mobile":{"background-color":"var(--ast-global-color-5)","background-image":"","background-repeat":"repeat","background-position":"center center","background-size":"auto","background-attachment":"scroll","background-type":"","background-media":"","overlay-type":"","overlay-color":"","overlay-opacity":"","overlay-gradient":""}},"footnotes":""},"categories":[1],"tags":[],"class_list":["post-29595","post","type-post","status-publish","format-standard","has-post-thumbnail","hentry","category-nezaradene"],"yoast_head":"<!-- This site is optimized with the Yoast SEO plugin v27.4 - https:\/\/yoast.com\/product\/yoast-seo-wordpress\/ -->\n<title>Pova\u017esk\u00e9 m\u00fazeum v \u017diline do svojich zbierok h\u013ead\u00e1 nov\u00e9 akviz\u00edcie - Pova\u017esk\u00e9 m\u00fazeum<\/title>\n<meta name=\"robots\" content=\"index, follow, max-snippet:-1, max-image-preview:large, max-video-preview:-1\" \/>\n<link rel=\"canonical\" href=\"https:\/\/pmza.sk\/?p=29595\" \/>\n<meta property=\"og:locale\" content=\"sk_SK\" \/>\n<meta property=\"og:type\" content=\"article\" \/>\n<meta property=\"og:title\" content=\"Pova\u017esk\u00e9 m\u00fazeum v \u017diline do svojich zbierok h\u013ead\u00e1 nov\u00e9 akviz\u00edcie - Pova\u017esk\u00e9 m\u00fazeum\" \/>\n<meta property=\"og:description\" content=\"[cherry_row] [cherry_col size_md=&#8220;12&#8243;] Ke\u010f\u017ee tento rok si pripom\u00edname viacero v\u00fdznamn\u00fdch udalost\u00ed (1918 \u2013\u00a0koniec 1. svetovej vojny a\u00a0vznik \u010cSR , 1938 &#8211;\u00a0vyhl\u00e1senie auton\u00f3mie Slovenska, 1948 \u2013 komunistick\u00fd prevrat, 1968 \u2013 vp\u00e1d vojsk Var\u0161avskej zmluvy do \u010cesko-Slovenska), m\u00e1me z\u00e1ujem najm\u00e4 o trojrozmern\u00e9 predmety z\u00a0obdobia od prvej svetovej vojny a\u017e po okup\u00e1ciu \u010cSR. M\u00e1me z\u00e1ujem o\u00a0r\u00f4zne predmety\u00a0dokumentuj\u00face spom\u00ednan\u00e9 [&hellip;]\" \/>\n<meta property=\"og:url\" content=\"https:\/\/pmza.sk\/?p=29595\" \/>\n<meta property=\"og:site_name\" content=\"Pova\u017esk\u00e9 m\u00fazeum\" \/>\n<meta property=\"article:publisher\" content=\"https:\/\/www.facebook.com\/povazskemuzeum\" \/>\n<meta property=\"article:published_time\" content=\"2018-09-05T09:57:26+00:00\" \/>\n<meta name=\"author\" content=\"Pova\u017esk\u00e9 m\u00fazeum\" \/>\n<meta name=\"twitter:card\" content=\"summary_large_image\" \/>\n<meta name=\"twitter:label1\" content=\"Autor\" \/>\n\t<meta name=\"twitter:data1\" content=\"Pova\u017esk\u00e9 m\u00fazeum\" \/>\n\t<meta name=\"twitter:label2\" content=\"Predpokladan\u00fd \u010das \u010d\u00edtania\" \/>\n\t<meta name=\"twitter:data2\" content=\"1 min\u00fata\" \/>\n<script type=\"application\/ld+json\" class=\"yoast-schema-graph\">{\"@context\":\"https:\\\/\\\/schema.org\",\"@graph\":[{\"@type\":\"Article\",\"@id\":\"https:\\\/\\\/pmza.sk\\\/?p=29595#article\",\"isPartOf\":{\"@id\":\"https:\\\/\\\/pmza.sk\\\/?p=29595\"},\"author\":{\"name\":\"Pova\u017esk\u00e9 m\u00fazeum\",\"@id\":\"https:\\\/\\\/pmza.sk\\\/#\\\/schema\\\/person\\\/595e6a2ce731ea94dcd5d7f50a41ae33\"},\"headline\":\"Pova\u017esk\u00e9 m\u00fazeum v \u017diline do svojich zbierok h\u013ead\u00e1 nov\u00e9 akviz\u00edcie\",\"datePublished\":\"2018-09-05T09:57:26+00:00\",\"mainEntityOfPage\":{\"@id\":\"https:\\\/\\\/pmza.sk\\\/?p=29595\"},\"wordCount\":190,\"publisher\":{\"@id\":\"https:\\\/\\\/pmza.sk\\\/#organization\"},\"image\":{\"@id\":\"https:\\\/\\\/pmza.sk\\\/?p=29595#primaryimage\"},\"thumbnailUrl\":\"\",\"inLanguage\":\"sk-SK\"},{\"@type\":\"WebPage\",\"@id\":\"https:\\\/\\\/pmza.sk\\\/?p=29595\",\"url\":\"https:\\\/\\\/pmza.sk\\\/?p=29595\",\"name\":\"Pova\u017esk\u00e9 m\u00fazeum v \u017diline do svojich zbierok h\u013ead\u00e1 nov\u00e9 akviz\u00edcie - Pova\u017esk\u00e9 m\u00fazeum\",\"isPartOf\":{\"@id\":\"https:\\\/\\\/pmza.sk\\\/#website\"},\"primaryImageOfPage\":{\"@id\":\"https:\\\/\\\/pmza.sk\\\/?p=29595#primaryimage\"},\"image\":{\"@id\":\"https:\\\/\\\/pmza.sk\\\/?p=29595#primaryimage\"},\"thumbnailUrl\":\"\",\"datePublished\":\"2018-09-05T09:57:26+00:00\",\"breadcrumb\":{\"@id\":\"https:\\\/\\\/pmza.sk\\\/?p=29595#breadcrumb\"},\"inLanguage\":\"sk-SK\",\"potentialAction\":[{\"@type\":\"ReadAction\",\"target\":[\"https:\\\/\\\/pmza.sk\\\/?p=29595\"]}]},{\"@type\":\"ImageObject\",\"inLanguage\":\"sk-SK\",\"@id\":\"https:\\\/\\\/pmza.sk\\\/?p=29595#primaryimage\",\"url\":\"\",\"contentUrl\":\"\"},{\"@type\":\"BreadcrumbList\",\"@id\":\"https:\\\/\\\/pmza.sk\\\/?p=29595#breadcrumb\",\"itemListElement\":[{\"@type\":\"ListItem\",\"position\":1,\"name\":\"Domovsk\u00e1 str\u00e1nka\",\"item\":\"https:\\\/\\\/pmza.sk\\\/\"},{\"@type\":\"ListItem\",\"position\":2,\"name\":\"Pova\u017esk\u00e9 m\u00fazeum v \u017diline do svojich zbierok h\u013ead\u00e1 nov\u00e9 akviz\u00edcie\"}]},{\"@type\":\"WebSite\",\"@id\":\"https:\\\/\\\/pmza.sk\\\/#website\",\"url\":\"https:\\\/\\\/pmza.sk\\\/\",\"name\":\"Pova\u017esk\u00e9 m\u00fazeum\",\"description\":\"Pova\u017esk\u00e9 m\u00fazeum v \u017diline je region\u00e1lne m\u00fazeum so s\u00eddlom v Budat\u00edne. Jeho expoz\u00edcie s\u00fa zameran\u00e9 na dejiny slovensk\u00e9ho umenia, kult\u00fary a dopravy.\",\"publisher\":{\"@id\":\"https:\\\/\\\/pmza.sk\\\/#organization\"},\"potentialAction\":[{\"@type\":\"SearchAction\",\"target\":{\"@type\":\"EntryPoint\",\"urlTemplate\":\"https:\\\/\\\/pmza.sk\\\/?s={search_term_string}\"},\"query-input\":{\"@type\":\"PropertyValueSpecification\",\"valueRequired\":true,\"valueName\":\"search_term_string\"}}],\"inLanguage\":\"sk-SK\"},{\"@type\":\"Organization\",\"@id\":\"https:\\\/\\\/pmza.sk\\\/#organization\",\"name\":\"Pova\u017esk\u00e9 m\u00fazeum\",\"url\":\"https:\\\/\\\/pmza.sk\\\/\",\"logo\":{\"@type\":\"ImageObject\",\"inLanguage\":\"sk-SK\",\"@id\":\"https:\\\/\\\/pmza.sk\\\/#\\\/schema\\\/logo\\\/image\\\/\",\"url\":\"https:\\\/\\\/pmza.sk\\\/wp-content\\\/uploads\\\/2022\\\/01\\\/logo_PM_horizontal.jpg\",\"contentUrl\":\"https:\\\/\\\/pmza.sk\\\/wp-content\\\/uploads\\\/2022\\\/01\\\/logo_PM_horizontal.jpg\",\"width\":231,\"height\":142,\"caption\":\"Pova\u017esk\u00e9 m\u00fazeum\"},\"image\":{\"@id\":\"https:\\\/\\\/pmza.sk\\\/#\\\/schema\\\/logo\\\/image\\\/\"},\"sameAs\":[\"https:\\\/\\\/www.facebook.com\\\/povazskemuzeum\",\"https:\\\/\\\/www.instagram.com\\\/povazskemuzeum\\\/\"]},{\"@type\":\"Person\",\"@id\":\"https:\\\/\\\/pmza.sk\\\/#\\\/schema\\\/person\\\/595e6a2ce731ea94dcd5d7f50a41ae33\",\"name\":\"Pova\u017esk\u00e9 m\u00fazeum\",\"image\":{\"@type\":\"ImageObject\",\"inLanguage\":\"sk-SK\",\"@id\":\"https:\\\/\\\/secure.gravatar.com\\\/avatar\\\/2bb7f1561282132fb5826dfeccc66c7996d11ee392ac6aaf7ced8a1c2027fbb2?s=96&d=mm&r=g\",\"url\":\"https:\\\/\\\/secure.gravatar.com\\\/avatar\\\/2bb7f1561282132fb5826dfeccc66c7996d11ee392ac6aaf7ced8a1c2027fbb2?s=96&d=mm&r=g\",\"contentUrl\":\"https:\\\/\\\/secure.gravatar.com\\\/avatar\\\/2bb7f1561282132fb5826dfeccc66c7996d11ee392ac6aaf7ced8a1c2027fbb2?s=96&d=mm&r=g\",\"caption\":\"Pova\u017esk\u00e9 m\u00fazeum\"}}]}<\/script>\n<!-- \/ Yoast SEO plugin. -->","yoast_head_json":{"title":"Pova\u017esk\u00e9 m\u00fazeum v \u017diline do svojich zbierok h\u013ead\u00e1 nov\u00e9 akviz\u00edcie - Pova\u017esk\u00e9 m\u00fazeum","robots":{"index":"index","follow":"follow","max-snippet":"max-snippet:-1","max-image-preview":"max-image-preview:large","max-video-preview":"max-video-preview:-1"},"canonical":"https:\/\/pmza.sk\/?p=29595","og_locale":"sk_SK","og_type":"article","og_title":"Pova\u017esk\u00e9 m\u00fazeum v \u017diline do svojich zbierok h\u013ead\u00e1 nov\u00e9 akviz\u00edcie - Pova\u017esk\u00e9 m\u00fazeum","og_description":"[cherry_row] [cherry_col size_md=&#8220;12&#8243;] Ke\u010f\u017ee tento rok si pripom\u00edname viacero v\u00fdznamn\u00fdch udalost\u00ed (1918 \u2013\u00a0koniec 1. svetovej vojny a\u00a0vznik \u010cSR , 1938 &#8211;\u00a0vyhl\u00e1senie auton\u00f3mie Slovenska, 1948 \u2013 komunistick\u00fd prevrat, 1968 \u2013 vp\u00e1d vojsk Var\u0161avskej zmluvy do \u010cesko-Slovenska), m\u00e1me z\u00e1ujem najm\u00e4 o trojrozmern\u00e9 predmety z\u00a0obdobia od prvej svetovej vojny a\u017e po okup\u00e1ciu \u010cSR. M\u00e1me z\u00e1ujem o\u00a0r\u00f4zne predmety\u00a0dokumentuj\u00face spom\u00ednan\u00e9 [&hellip;]","og_url":"https:\/\/pmza.sk\/?p=29595","og_site_name":"Pova\u017esk\u00e9 m\u00fazeum","article_publisher":"https:\/\/www.facebook.com\/povazskemuzeum","article_published_time":"2018-09-05T09:57:26+00:00","author":"Pova\u017esk\u00e9 m\u00fazeum","twitter_card":"summary_large_image","twitter_misc":{"Autor":"Pova\u017esk\u00e9 m\u00fazeum","Predpokladan\u00fd \u010das \u010d\u00edtania":"1 min\u00fata"},"schema":{"@context":"https:\/\/schema.org","@graph":[{"@type":"Article","@id":"https:\/\/pmza.sk\/?p=29595#article","isPartOf":{"@id":"https:\/\/pmza.sk\/?p=29595"},"author":{"name":"Pova\u017esk\u00e9 m\u00fazeum","@id":"https:\/\/pmza.sk\/#\/schema\/person\/595e6a2ce731ea94dcd5d7f50a41ae33"},"headline":"Pova\u017esk\u00e9 m\u00fazeum v \u017diline do svojich zbierok h\u013ead\u00e1 nov\u00e9 akviz\u00edcie","datePublished":"2018-09-05T09:57:26+00:00","mainEntityOfPage":{"@id":"https:\/\/pmza.sk\/?p=29595"},"wordCount":190,"publisher":{"@id":"https:\/\/pmza.sk\/#organization"},"image":{"@id":"https:\/\/pmza.sk\/?p=29595#primaryimage"},"thumbnailUrl":"","inLanguage":"sk-SK"},{"@type":"WebPage","@id":"https:\/\/pmza.sk\/?p=29595","url":"https:\/\/pmza.sk\/?p=29595","name":"Pova\u017esk\u00e9 m\u00fazeum v \u017diline do svojich zbierok h\u013ead\u00e1 nov\u00e9 akviz\u00edcie - Pova\u017esk\u00e9 m\u00fazeum","isPartOf":{"@id":"https:\/\/pmza.sk\/#website"},"primaryImageOfPage":{"@id":"https:\/\/pmza.sk\/?p=29595#primaryimage"},"image":{"@id":"https:\/\/pmza.sk\/?p=29595#primaryimage"},"thumbnailUrl":"","datePublished":"2018-09-05T09:57:26+00:00","breadcrumb":{"@id":"https:\/\/pmza.sk\/?p=29595#breadcrumb"},"inLanguage":"sk-SK","potentialAction":[{"@type":"ReadAction","target":["https:\/\/pmza.sk\/?p=29595"]}]},{"@type":"ImageObject","inLanguage":"sk-SK","@id":"https:\/\/pmza.sk\/?p=29595#primaryimage","url":"","contentUrl":""},{"@type":"BreadcrumbList","@id":"https:\/\/pmza.sk\/?p=29595#breadcrumb","itemListElement":[{"@type":"ListItem","position":1,"name":"Domovsk\u00e1 str\u00e1nka","item":"https:\/\/pmza.sk\/"},{"@type":"ListItem","position":2,"name":"Pova\u017esk\u00e9 m\u00fazeum v \u017diline do svojich zbierok h\u013ead\u00e1 nov\u00e9 akviz\u00edcie"}]},{"@type":"WebSite","@id":"https:\/\/pmza.sk\/#website","url":"https:\/\/pmza.sk\/","name":"Pova\u017esk\u00e9 m\u00fazeum","description":"Pova\u017esk\u00e9 m\u00fazeum v \u017diline je region\u00e1lne m\u00fazeum so s\u00eddlom v Budat\u00edne. Jeho expoz\u00edcie s\u00fa zameran\u00e9 na dejiny slovensk\u00e9ho umenia, kult\u00fary a dopravy.","publisher":{"@id":"https:\/\/pmza.sk\/#organization"},"potentialAction":[{"@type":"SearchAction","target":{"@type":"EntryPoint","urlTemplate":"https:\/\/pmza.sk\/?s={search_term_string}"},"query-input":{"@type":"PropertyValueSpecification","valueRequired":true,"valueName":"search_term_string"}}],"inLanguage":"sk-SK"},{"@type":"Organization","@id":"https:\/\/pmza.sk\/#organization","name":"Pova\u017esk\u00e9 m\u00fazeum","url":"https:\/\/pmza.sk\/","logo":{"@type":"ImageObject","inLanguage":"sk-SK","@id":"https:\/\/pmza.sk\/#\/schema\/logo\/image\/","url":"https:\/\/pmza.sk\/wp-content\/uploads\/2022\/01\/logo_PM_horizontal.jpg","contentUrl":"https:\/\/pmza.sk\/wp-content\/uploads\/2022\/01\/logo_PM_horizontal.jpg","width":231,"height":142,"caption":"Pova\u017esk\u00e9 m\u00fazeum"},"image":{"@id":"https:\/\/pmza.sk\/#\/schema\/logo\/image\/"},"sameAs":["https:\/\/www.facebook.com\/povazskemuzeum","https:\/\/www.instagram.com\/povazskemuzeum\/"]},{"@type":"Person","@id":"https:\/\/pmza.sk\/#\/schema\/person\/595e6a2ce731ea94dcd5d7f50a41ae33","name":"Pova\u017esk\u00e9 m\u00fazeum","image":{"@type":"ImageObject","inLanguage":"sk-SK","@id":"https:\/\/secure.gravatar.com\/avatar\/2bb7f1561282132fb5826dfeccc66c7996d11ee392ac6aaf7ced8a1c2027fbb2?s=96&d=mm&r=g","url":"https:\/\/secure.gravatar.com\/avatar\/2bb7f1561282132fb5826dfeccc66c7996d11ee392ac6aaf7ced8a1c2027fbb2?s=96&d=mm&r=g","contentUrl":"https:\/\/secure.gravatar.com\/avatar\/2bb7f1561282132fb5826dfeccc66c7996d11ee392ac6aaf7ced8a1c2027fbb2?s=96&d=mm&r=g","caption":"Pova\u017esk\u00e9 m\u00fazeum"}}]}},"_links":{"self":[{"href":"https:\/\/pmza.sk\/index.php?rest_route=\/wp\/v2\/posts\/29595","targetHints":{"allow":["GET"]}}],"collection":[{"href":"https:\/\/pmza.sk\/index.php?rest_route=\/wp\/v2\/posts"}],"about":[{"href":"https:\/\/pmza.sk\/index.php?rest_route=\/wp\/v2\/types\/post"}],"author":[{"embeddable":true,"href":"https:\/\/pmza.sk\/index.php?rest_route=\/wp\/v2\/users\/2"}],"replies":[{"embeddable":true,"href":"https:\/\/pmza.sk\/index.php?rest_route=%2Fwp%2Fv2%2Fcomments&post=29595"}],"version-history":[{"count":0,"href":"https:\/\/pmza.sk\/index.php?rest_route=\/wp\/v2\/posts\/29595\/revisions"}],"wp:featuredmedia":[{"embeddable":true,"href":"https:\/\/pmza.sk\/index.php?rest_route=\/"}],"wp:attachment":[{"href":"https:\/\/pmza.sk\/index.php?rest_route=%2Fwp%2Fv2%2Fmedia&parent=29595"}],"wp:term":[{"taxonomy":"category","embeddable":true,"href":"https:\/\/pmza.sk\/index.php?rest_route=%2Fwp%2Fv2%2Fcategories&post=29595"},{"taxonomy":"post_tag","embeddable":true,"href":"https:\/\/pmza.sk\/index.php?rest_route=%2Fwp%2Fv2%2Ftags&post=29595"}],"curies":[{"name":"wp","href":"https:\/\/api.w.org\/{rel}","templated":true}]}}