{"id":2973,"date":"2011-06-02T10:41:31","date_gmt":"2011-06-02T08:41:31","guid":{"rendered":"https:\/\/pmza.sk.sk\/?p=2973"},"modified":"2011-06-02T10:41:31","modified_gmt":"2011-06-02T08:41:31","slug":"staromestske-remesla-na-radnici","status":"publish","type":"post","link":"https:\/\/pmza.sk\/?p=2973","title":{"rendered":"Staromestsk\u00e9 remesl\u00e1 na Radnici"},"content":{"rendered":"<p><strong> <a href=\"https:\/\/pmza.sk\/wp-content\/uploads\/2011\/06\/z-obuvnickej-dielne.jpg\"><img fetchpriority=\"high\" decoding=\"async\" class=\"alignleft size-medium wp-image-2974\" style=\"border: 2px solid black; margin: 4px;\" title=\"z obuvnickej dielne\" src=\"https:\/\/pmza.sk.sk\/wp-content\/uploads\/2011\/06\/z-obuvnickej-dielne-300x199.jpg\" alt=\"\" width=\"300\" height=\"199\" \/><\/a>\u017dilina<span style=\"font-weight: normal;\">|<strong>mesto remesiel<\/strong> je n\u00e1zov v\u00fdstavy, ktor\u00e1 spolu s\u00a0v\u00fdstavou Kostol sv. \u0160tefana kr\u00e1\u013ea patria k\u00a0jedn\u00fdm zo sprievodn\u00fdch podujat\u00ed <strong>XVII. ro\u010dn\u00edka Staromestsk\u00fdch sl\u00e1vnost\u00ed v\u00a0\u017diline.<\/strong> \u017dilinsk\u00e1 Radnica op\u00e4tovne spr\u00edstupnila svoje priestory, ktor\u00e9 bud\u00fa pon\u00faka\u0165 prostredn\u00edctvom v\u00fdstav najv\u00fdznamnej\u0161ie historick\u00e9 m\u00ed\u013eniky mesta.<\/span><\/strong><\/p>\n<p>Hlavn\u00e1 t\u00e9ma prvej tohoro\u010dnej v\u00fdstavy na Radnici kore\u0161ponduje s\u00a0duchom Staromestsk\u00fdch sl\u00e1vnost\u00ed, a\u00a0t\u00fdm s\u00fa remesl\u00e1. <!--more-->\u201e<em>\u017dilina bola na prelome 16. a\u00a017. storo\u010dia v\u00fdznamn\u00fdm hospod\u00e1rskym centrom \u0161irok\u00e9ho okolia. Najv\u00e4\u010d\u0161\u00ed rozmach zaznamenala remeseln\u00e1 v\u00fdroba a\u00a0obchod. Remesl\u00e1 sa s\u00fastre\u010fovali v\u00a0cechoch, z\u00a0ktor\u00fdch najv\u00fdznamnej\u0161\u00ed bol s\u00fakenn\u00edcky cech. <\/em><em>V\u00a0meste p\u00f4sobilo koncom 17. storo\u010dia 16 r\u00f4znych remeseln\u00fdch cechov, medzi nimi m\u00e4siari, \u010di\u017em\u00e1ri, \u0161evci, tk\u00e1\u010di, ko\u017eu\u0161n\u00edci, stol\u00e1ri, kraj\u010d\u00edri, kov\u00e1\u010di, mur\u00e1ri, z\u00e1mo\u010dn\u00edci hrn\u010diari, debn\u00e1ri a\u00a0in\u00ed<\/em>, \u201c uviedol Michal Jureck\u00fd, historik Pova\u017esk\u00e9ho m\u00fazea v \u017diline a jeden z autorov v\u00fdstavy.<\/p>\n<p>Cechov\u00e9 spolo\u010denstv\u00e1, ktor\u00e9 mali ochra\u0148ova\u0165 hospod\u00e1rsko &#8211; spolo\u010densk\u00fa rovnos\u0165 remeseln\u00edkov dokumentuj\u00fa cechov\u00e9 kni\u017eky, zvol\u00e1vacie tabu\u013eky, pe\u010datidl\u00e1, cechov\u00e1 truhlica a\u00a0\u010fal\u0161ie z\u00e1kladn\u00e9 symboly,\u00a0 ktor\u00fdmi sa cechy prezentovali pred verejnos\u0165ou.<\/p>\n<p>P\u00f4sobenie remeseln\u00edkov v\u00a0meste zachyt\u00e1va aj vybavenie troch remeseln\u00edckych dieln\u00ed,\u00a0 obuvn\u00edckej,\u00a0klobu\u010dn\u00edckej a kraj\u010d\u00edrskej. Napr\u00edklad klob\u00fak bol v\u00a0minulosti neodmyslite\u013enou s\u00fa\u010das\u0165ou mu\u017esk\u00e9ho odevu, ako prvok symbolizuj\u00faci mu\u017ea a\u00a0jeho spolo\u010densk\u00e9 postavenie.<\/p>\n<p>\u201e<em>\u010eal\u0161ia \u010das\u0165 v\u00fdstavy informuje o\u00a0Priemyselnej v\u00fdstave Horn\u00e9ho Uhorska, ktor\u00e1 sa konala v\u00a0roku 1903 v\u00a0\u017diline, a\u00a0ktor\u00fa po\u010das jej trvania nav\u0161t\u00edvilo viac ako 60 tis\u00edc n\u00e1v\u0161tevn\u00edkov. Vystavovalo na nej 353 vystavovate\u013eov, z\u00a0ktor\u00fdch najv\u00e4\u010d\u0161\u00ed po\u010det \u2013 86 bolo zo \u017diliny<\/em>, \u201c dodala M\u00e1ria Ok\u00e1nikov\u00e1, histori\u010dka m\u00fazea a\u00a0\u010fal\u0161ia autorka v\u00fdstavy \u017dilina\/mesto remesiel.<\/p>\n<p><strong> <\/strong>Za\u010diatkom j\u00fana o\u017eije \u017dilina remeslami nielen na svojich n\u00e1mestiach, ale aj na Radnici mesta. Vernis\u00e1\u017e v\u00fdstavy <strong>\u017dilina<span style=\"font-weight: normal;\">|<strong>mesto remesiel <\/strong>sa uskuto\u010dn\u00ed v\u00a0stredu 8. j\u00fana 2011 o\u00a018,00h. V\u00fdstava \u017dilina|mesto remesiel a\u00a0v\u00fdstava Kostol sv. \u0160tefana kr\u00e1\u013ea s\u00fa spr\u00edstupnen\u00e9 verejnosti od 1. do 30. j\u00fana 2011 v\u00a0\u010dase od 11,000h do 16,00h. Od 1. j\u00fala do 31. augusta 2011 je mo\u017en\u00e9 prehliadku v\u00fdstav objedna\u0165 si prostredn\u00edctvom TIK \u017dilina alebo hovorcu mesta \u017dilina.<\/span><\/strong><\/p>\n<p>Organiz\u00e1torom je Mesto \u017dilina, \u017dilinsk\u00fd samospr\u00e1vny kraj a\u00a0Pova\u017esk\u00e9 m\u00fazeum v\u00a0\u017diline.<\/p>\n<p>&gt;<a href=\"http:\/\/www.pmza.sk\/plag\/zilina_mesto_remesiel.jpg\">Plag\u00e1t k v\u00fdstave<\/a>&lt;<\/p>\n","protected":false},"excerpt":{"rendered":"<p>\u017dilina|mesto remesiel je n\u00e1zov v\u00fdstavy, ktor\u00e1 spolu s\u00a0v\u00fdstavou Kostol sv. \u0160tefana kr\u00e1\u013ea patria k\u00a0jedn\u00fdm zo sprievodn\u00fdch podujat\u00ed XVII. ro\u010dn\u00edka Staromestsk\u00fdch sl\u00e1vnost\u00ed v\u00a0\u017diline. \u017dilinsk\u00e1 Radnica op\u00e4tovne spr\u00edstupnila svoje priestory, ktor\u00e9 bud\u00fa pon\u00faka\u0165 prostredn\u00edctvom v\u00fdstav najv\u00fdznamnej\u0161ie historick\u00e9 m\u00ed\u013eniky mesta. Hlavn\u00e1 t\u00e9ma prvej tohoro\u010dnej v\u00fdstavy na Radnici kore\u0161ponduje s\u00a0duchom Staromestsk\u00fdch sl\u00e1vnost\u00ed, a\u00a0t\u00fdm s\u00fa remesl\u00e1.<\/p>\n","protected":false},"author":1,"featured_media":0,"comment_status":"closed","ping_status":"closed","sticky":false,"template":"","format":"standard","meta":{"site-sidebar-layout":"default","site-content-layout":"","ast-site-content-layout":"","site-content-style":"default","site-sidebar-style":"default","ast-global-header-display":"","ast-banner-title-visibility":"","ast-main-header-display":"","ast-hfb-above-header-display":"","ast-hfb-below-header-display":"","ast-hfb-mobile-header-display":"","site-post-title":"","ast-breadcrumbs-content":"","ast-featured-img":"","footer-sml-layout":"","theme-transparent-header-meta":"","adv-header-id-meta":"","stick-header-meta":"","header-above-stick-meta":"","header-main-stick-meta":"","header-below-stick-meta":"","astra-migrate-meta-layouts":"default","ast-page-background-enabled":"default","ast-page-background-meta":{"desktop":{"background-color":"var(--ast-global-color-4)","background-image":"","background-repeat":"repeat","background-position":"center center","background-size":"auto","background-attachment":"scroll","background-type":"","background-media":"","overlay-type":"","overlay-color":"","overlay-opacity":"","overlay-gradient":""},"tablet":{"background-color":"","background-image":"","background-repeat":"repeat","background-position":"center center","background-size":"auto","background-attachment":"scroll","background-type":"","background-media":"","overlay-type":"","overlay-color":"","overlay-opacity":"","overlay-gradient":""},"mobile":{"background-color":"","background-image":"","background-repeat":"repeat","background-position":"center center","background-size":"auto","background-attachment":"scroll","background-type":"","background-media":"","overlay-type":"","overlay-color":"","overlay-opacity":"","overlay-gradient":""}},"ast-content-background-meta":{"desktop":{"background-color":"var(--ast-global-color-5)","background-image":"","background-repeat":"repeat","background-position":"center center","background-size":"auto","background-attachment":"scroll","background-type":"","background-media":"","overlay-type":"","overlay-color":"","overlay-opacity":"","overlay-gradient":""},"tablet":{"background-color":"var(--ast-global-color-5)","background-image":"","background-repeat":"repeat","background-position":"center center","background-size":"auto","background-attachment":"scroll","background-type":"","background-media":"","overlay-type":"","overlay-color":"","overlay-opacity":"","overlay-gradient":""},"mobile":{"background-color":"var(--ast-global-color-5)","background-image":"","background-repeat":"repeat","background-position":"center center","background-size":"auto","background-attachment":"scroll","background-type":"","background-media":"","overlay-type":"","overlay-color":"","overlay-opacity":"","overlay-gradient":""}},"footnotes":""},"categories":[30],"tags":[],"class_list":["post-2973","post","type-post","status-publish","format-standard","hentry","category-archiv-2011"],"yoast_head":"<!-- This site is optimized with the Yoast SEO plugin v27.4 - https:\/\/yoast.com\/product\/yoast-seo-wordpress\/ -->\n<title>Staromestsk\u00e9 remesl\u00e1 na Radnici - Pova\u017esk\u00e9 m\u00fazeum<\/title>\n<meta name=\"robots\" content=\"index, follow, max-snippet:-1, max-image-preview:large, max-video-preview:-1\" \/>\n<link rel=\"canonical\" href=\"https:\/\/pmza.sk\/?p=2973\" \/>\n<meta property=\"og:locale\" content=\"sk_SK\" \/>\n<meta property=\"og:type\" content=\"article\" \/>\n<meta property=\"og:title\" content=\"Staromestsk\u00e9 remesl\u00e1 na Radnici - Pova\u017esk\u00e9 m\u00fazeum\" \/>\n<meta property=\"og:description\" content=\"\u017dilina|mesto remesiel je n\u00e1zov v\u00fdstavy, ktor\u00e1 spolu s\u00a0v\u00fdstavou Kostol sv. \u0160tefana kr\u00e1\u013ea patria k\u00a0jedn\u00fdm zo sprievodn\u00fdch podujat\u00ed XVII. ro\u010dn\u00edka Staromestsk\u00fdch sl\u00e1vnost\u00ed v\u00a0\u017diline. \u017dilinsk\u00e1 Radnica op\u00e4tovne spr\u00edstupnila svoje priestory, ktor\u00e9 bud\u00fa pon\u00faka\u0165 prostredn\u00edctvom v\u00fdstav najv\u00fdznamnej\u0161ie historick\u00e9 m\u00ed\u013eniky mesta. Hlavn\u00e1 t\u00e9ma prvej tohoro\u010dnej v\u00fdstavy na Radnici kore\u0161ponduje s\u00a0duchom Staromestsk\u00fdch sl\u00e1vnost\u00ed, a\u00a0t\u00fdm s\u00fa remesl\u00e1.\" \/>\n<meta property=\"og:url\" content=\"https:\/\/pmza.sk\/?p=2973\" \/>\n<meta property=\"og:site_name\" content=\"Pova\u017esk\u00e9 m\u00fazeum\" \/>\n<meta property=\"article:publisher\" content=\"https:\/\/www.facebook.com\/povazskemuzeum\" \/>\n<meta property=\"article:published_time\" content=\"2011-06-02T08:41:31+00:00\" \/>\n<meta property=\"og:image\" content=\"https:\/\/pmza.sk.sk\/wp-content\/uploads\/2011\/06\/z-obuvnickej-dielne-300x199.jpg\" \/>\n<meta name=\"author\" content=\"libor\" \/>\n<meta name=\"twitter:card\" content=\"summary_large_image\" \/>\n<meta name=\"twitter:label1\" content=\"Autor\" \/>\n\t<meta name=\"twitter:data1\" content=\"libor\" \/>\n\t<meta name=\"twitter:label2\" content=\"Predpokladan\u00fd \u010das \u010d\u00edtania\" \/>\n\t<meta name=\"twitter:data2\" content=\"2 min\u00faty\" \/>\n<script type=\"application\/ld+json\" class=\"yoast-schema-graph\">{\"@context\":\"https:\\\/\\\/schema.org\",\"@graph\":[{\"@type\":\"Article\",\"@id\":\"https:\\\/\\\/pmza.sk\\\/?p=2973#article\",\"isPartOf\":{\"@id\":\"https:\\\/\\\/pmza.sk\\\/?p=2973\"},\"author\":{\"name\":\"libor\",\"@id\":\"https:\\\/\\\/pmza.sk\\\/#\\\/schema\\\/person\\\/f0b923a9aa8e1f67feef0d7cd9afde35\"},\"headline\":\"Staromestsk\u00e9 remesl\u00e1 na Radnici\",\"datePublished\":\"2011-06-02T08:41:31+00:00\",\"mainEntityOfPage\":{\"@id\":\"https:\\\/\\\/pmza.sk\\\/?p=2973\"},\"wordCount\":451,\"publisher\":{\"@id\":\"https:\\\/\\\/pmza.sk\\\/#organization\"},\"image\":{\"@id\":\"https:\\\/\\\/pmza.sk\\\/?p=2973#primaryimage\"},\"thumbnailUrl\":\"http:\\\/\\\/pmza.sk.sk\\\/wp-content\\\/uploads\\\/2011\\\/06\\\/z-obuvnickej-dielne-300x199.jpg\",\"articleSection\":[\"Arch\u00edv 2011\"],\"inLanguage\":\"sk-SK\"},{\"@type\":\"WebPage\",\"@id\":\"https:\\\/\\\/pmza.sk\\\/?p=2973\",\"url\":\"https:\\\/\\\/pmza.sk\\\/?p=2973\",\"name\":\"Staromestsk\u00e9 remesl\u00e1 na Radnici - Pova\u017esk\u00e9 m\u00fazeum\",\"isPartOf\":{\"@id\":\"https:\\\/\\\/pmza.sk\\\/#website\"},\"primaryImageOfPage\":{\"@id\":\"https:\\\/\\\/pmza.sk\\\/?p=2973#primaryimage\"},\"image\":{\"@id\":\"https:\\\/\\\/pmza.sk\\\/?p=2973#primaryimage\"},\"thumbnailUrl\":\"http:\\\/\\\/pmza.sk.sk\\\/wp-content\\\/uploads\\\/2011\\\/06\\\/z-obuvnickej-dielne-300x199.jpg\",\"datePublished\":\"2011-06-02T08:41:31+00:00\",\"breadcrumb\":{\"@id\":\"https:\\\/\\\/pmza.sk\\\/?p=2973#breadcrumb\"},\"inLanguage\":\"sk-SK\",\"potentialAction\":[{\"@type\":\"ReadAction\",\"target\":[\"https:\\\/\\\/pmza.sk\\\/?p=2973\"]}]},{\"@type\":\"ImageObject\",\"inLanguage\":\"sk-SK\",\"@id\":\"https:\\\/\\\/pmza.sk\\\/?p=2973#primaryimage\",\"url\":\"http:\\\/\\\/pmza.sk.sk\\\/wp-content\\\/uploads\\\/2011\\\/06\\\/z-obuvnickej-dielne-300x199.jpg\",\"contentUrl\":\"http:\\\/\\\/pmza.sk.sk\\\/wp-content\\\/uploads\\\/2011\\\/06\\\/z-obuvnickej-dielne-300x199.jpg\"},{\"@type\":\"BreadcrumbList\",\"@id\":\"https:\\\/\\\/pmza.sk\\\/?p=2973#breadcrumb\",\"itemListElement\":[{\"@type\":\"ListItem\",\"position\":1,\"name\":\"Domovsk\u00e1 str\u00e1nka\",\"item\":\"https:\\\/\\\/pmza.sk\\\/\"},{\"@type\":\"ListItem\",\"position\":2,\"name\":\"Staromestsk\u00e9 remesl\u00e1 na Radnici\"}]},{\"@type\":\"WebSite\",\"@id\":\"https:\\\/\\\/pmza.sk\\\/#website\",\"url\":\"https:\\\/\\\/pmza.sk\\\/\",\"name\":\"Pova\u017esk\u00e9 m\u00fazeum\",\"description\":\"Pova\u017esk\u00e9 m\u00fazeum v \u017diline je region\u00e1lne m\u00fazeum so s\u00eddlom v Budat\u00edne. Jeho expoz\u00edcie s\u00fa zameran\u00e9 na dejiny slovensk\u00e9ho umenia, kult\u00fary a dopravy.\",\"publisher\":{\"@id\":\"https:\\\/\\\/pmza.sk\\\/#organization\"},\"potentialAction\":[{\"@type\":\"SearchAction\",\"target\":{\"@type\":\"EntryPoint\",\"urlTemplate\":\"https:\\\/\\\/pmza.sk\\\/?s={search_term_string}\"},\"query-input\":{\"@type\":\"PropertyValueSpecification\",\"valueRequired\":true,\"valueName\":\"search_term_string\"}}],\"inLanguage\":\"sk-SK\"},{\"@type\":\"Organization\",\"@id\":\"https:\\\/\\\/pmza.sk\\\/#organization\",\"name\":\"Pova\u017esk\u00e9 m\u00fazeum\",\"url\":\"https:\\\/\\\/pmza.sk\\\/\",\"logo\":{\"@type\":\"ImageObject\",\"inLanguage\":\"sk-SK\",\"@id\":\"https:\\\/\\\/pmza.sk\\\/#\\\/schema\\\/logo\\\/image\\\/\",\"url\":\"https:\\\/\\\/pmza.sk\\\/wp-content\\\/uploads\\\/2022\\\/01\\\/logo_PM_horizontal.jpg\",\"contentUrl\":\"https:\\\/\\\/pmza.sk\\\/wp-content\\\/uploads\\\/2022\\\/01\\\/logo_PM_horizontal.jpg\",\"width\":231,\"height\":142,\"caption\":\"Pova\u017esk\u00e9 m\u00fazeum\"},\"image\":{\"@id\":\"https:\\\/\\\/pmza.sk\\\/#\\\/schema\\\/logo\\\/image\\\/\"},\"sameAs\":[\"https:\\\/\\\/www.facebook.com\\\/povazskemuzeum\",\"https:\\\/\\\/www.instagram.com\\\/povazskemuzeum\\\/\"]},{\"@type\":\"Person\",\"@id\":\"https:\\\/\\\/pmza.sk\\\/#\\\/schema\\\/person\\\/f0b923a9aa8e1f67feef0d7cd9afde35\",\"name\":\"libor\",\"image\":{\"@type\":\"ImageObject\",\"inLanguage\":\"sk-SK\",\"@id\":\"https:\\\/\\\/secure.gravatar.com\\\/avatar\\\/c583dbc698e594aacced1589eb8cf1673bd41d461e8b2ab635484ffc26fee7b0?s=96&d=mm&r=g\",\"url\":\"https:\\\/\\\/secure.gravatar.com\\\/avatar\\\/c583dbc698e594aacced1589eb8cf1673bd41d461e8b2ab635484ffc26fee7b0?s=96&d=mm&r=g\",\"contentUrl\":\"https:\\\/\\\/secure.gravatar.com\\\/avatar\\\/c583dbc698e594aacced1589eb8cf1673bd41d461e8b2ab635484ffc26fee7b0?s=96&d=mm&r=g\",\"caption\":\"libor\"}}]}<\/script>\n<!-- \/ Yoast SEO plugin. -->","yoast_head_json":{"title":"Staromestsk\u00e9 remesl\u00e1 na Radnici - Pova\u017esk\u00e9 m\u00fazeum","robots":{"index":"index","follow":"follow","max-snippet":"max-snippet:-1","max-image-preview":"max-image-preview:large","max-video-preview":"max-video-preview:-1"},"canonical":"https:\/\/pmza.sk\/?p=2973","og_locale":"sk_SK","og_type":"article","og_title":"Staromestsk\u00e9 remesl\u00e1 na Radnici - Pova\u017esk\u00e9 m\u00fazeum","og_description":"\u017dilina|mesto remesiel je n\u00e1zov v\u00fdstavy, ktor\u00e1 spolu s\u00a0v\u00fdstavou Kostol sv. \u0160tefana kr\u00e1\u013ea patria k\u00a0jedn\u00fdm zo sprievodn\u00fdch podujat\u00ed XVII. ro\u010dn\u00edka Staromestsk\u00fdch sl\u00e1vnost\u00ed v\u00a0\u017diline. \u017dilinsk\u00e1 Radnica op\u00e4tovne spr\u00edstupnila svoje priestory, ktor\u00e9 bud\u00fa pon\u00faka\u0165 prostredn\u00edctvom v\u00fdstav najv\u00fdznamnej\u0161ie historick\u00e9 m\u00ed\u013eniky mesta. Hlavn\u00e1 t\u00e9ma prvej tohoro\u010dnej v\u00fdstavy na Radnici kore\u0161ponduje s\u00a0duchom Staromestsk\u00fdch sl\u00e1vnost\u00ed, a\u00a0t\u00fdm s\u00fa remesl\u00e1.","og_url":"https:\/\/pmza.sk\/?p=2973","og_site_name":"Pova\u017esk\u00e9 m\u00fazeum","article_publisher":"https:\/\/www.facebook.com\/povazskemuzeum","article_published_time":"2011-06-02T08:41:31+00:00","og_image":[{"url":"https:\/\/pmza.sk.sk\/wp-content\/uploads\/2011\/06\/z-obuvnickej-dielne-300x199.jpg","type":"","width":"","height":""}],"author":"libor","twitter_card":"summary_large_image","twitter_misc":{"Autor":"libor","Predpokladan\u00fd \u010das \u010d\u00edtania":"2 min\u00faty"},"schema":{"@context":"https:\/\/schema.org","@graph":[{"@type":"Article","@id":"https:\/\/pmza.sk\/?p=2973#article","isPartOf":{"@id":"https:\/\/pmza.sk\/?p=2973"},"author":{"name":"libor","@id":"https:\/\/pmza.sk\/#\/schema\/person\/f0b923a9aa8e1f67feef0d7cd9afde35"},"headline":"Staromestsk\u00e9 remesl\u00e1 na Radnici","datePublished":"2011-06-02T08:41:31+00:00","mainEntityOfPage":{"@id":"https:\/\/pmza.sk\/?p=2973"},"wordCount":451,"publisher":{"@id":"https:\/\/pmza.sk\/#organization"},"image":{"@id":"https:\/\/pmza.sk\/?p=2973#primaryimage"},"thumbnailUrl":"https:\/\/pmza.sk.sk\/wp-content\/uploads\/2011\/06\/z-obuvnickej-dielne-300x199.jpg","articleSection":["Arch\u00edv 2011"],"inLanguage":"sk-SK"},{"@type":"WebPage","@id":"https:\/\/pmza.sk\/?p=2973","url":"https:\/\/pmza.sk\/?p=2973","name":"Staromestsk\u00e9 remesl\u00e1 na Radnici - Pova\u017esk\u00e9 m\u00fazeum","isPartOf":{"@id":"https:\/\/pmza.sk\/#website"},"primaryImageOfPage":{"@id":"https:\/\/pmza.sk\/?p=2973#primaryimage"},"image":{"@id":"https:\/\/pmza.sk\/?p=2973#primaryimage"},"thumbnailUrl":"https:\/\/pmza.sk.sk\/wp-content\/uploads\/2011\/06\/z-obuvnickej-dielne-300x199.jpg","datePublished":"2011-06-02T08:41:31+00:00","breadcrumb":{"@id":"https:\/\/pmza.sk\/?p=2973#breadcrumb"},"inLanguage":"sk-SK","potentialAction":[{"@type":"ReadAction","target":["https:\/\/pmza.sk\/?p=2973"]}]},{"@type":"ImageObject","inLanguage":"sk-SK","@id":"https:\/\/pmza.sk\/?p=2973#primaryimage","url":"https:\/\/pmza.sk.sk\/wp-content\/uploads\/2011\/06\/z-obuvnickej-dielne-300x199.jpg","contentUrl":"https:\/\/pmza.sk.sk\/wp-content\/uploads\/2011\/06\/z-obuvnickej-dielne-300x199.jpg"},{"@type":"BreadcrumbList","@id":"https:\/\/pmza.sk\/?p=2973#breadcrumb","itemListElement":[{"@type":"ListItem","position":1,"name":"Domovsk\u00e1 str\u00e1nka","item":"https:\/\/pmza.sk\/"},{"@type":"ListItem","position":2,"name":"Staromestsk\u00e9 remesl\u00e1 na Radnici"}]},{"@type":"WebSite","@id":"https:\/\/pmza.sk\/#website","url":"https:\/\/pmza.sk\/","name":"Pova\u017esk\u00e9 m\u00fazeum","description":"Pova\u017esk\u00e9 m\u00fazeum v \u017diline je region\u00e1lne m\u00fazeum so s\u00eddlom v Budat\u00edne. Jeho expoz\u00edcie s\u00fa zameran\u00e9 na dejiny slovensk\u00e9ho umenia, kult\u00fary a dopravy.","publisher":{"@id":"https:\/\/pmza.sk\/#organization"},"potentialAction":[{"@type":"SearchAction","target":{"@type":"EntryPoint","urlTemplate":"https:\/\/pmza.sk\/?s={search_term_string}"},"query-input":{"@type":"PropertyValueSpecification","valueRequired":true,"valueName":"search_term_string"}}],"inLanguage":"sk-SK"},{"@type":"Organization","@id":"https:\/\/pmza.sk\/#organization","name":"Pova\u017esk\u00e9 m\u00fazeum","url":"https:\/\/pmza.sk\/","logo":{"@type":"ImageObject","inLanguage":"sk-SK","@id":"https:\/\/pmza.sk\/#\/schema\/logo\/image\/","url":"https:\/\/pmza.sk\/wp-content\/uploads\/2022\/01\/logo_PM_horizontal.jpg","contentUrl":"https:\/\/pmza.sk\/wp-content\/uploads\/2022\/01\/logo_PM_horizontal.jpg","width":231,"height":142,"caption":"Pova\u017esk\u00e9 m\u00fazeum"},"image":{"@id":"https:\/\/pmza.sk\/#\/schema\/logo\/image\/"},"sameAs":["https:\/\/www.facebook.com\/povazskemuzeum","https:\/\/www.instagram.com\/povazskemuzeum\/"]},{"@type":"Person","@id":"https:\/\/pmza.sk\/#\/schema\/person\/f0b923a9aa8e1f67feef0d7cd9afde35","name":"libor","image":{"@type":"ImageObject","inLanguage":"sk-SK","@id":"https:\/\/secure.gravatar.com\/avatar\/c583dbc698e594aacced1589eb8cf1673bd41d461e8b2ab635484ffc26fee7b0?s=96&d=mm&r=g","url":"https:\/\/secure.gravatar.com\/avatar\/c583dbc698e594aacced1589eb8cf1673bd41d461e8b2ab635484ffc26fee7b0?s=96&d=mm&r=g","contentUrl":"https:\/\/secure.gravatar.com\/avatar\/c583dbc698e594aacced1589eb8cf1673bd41d461e8b2ab635484ffc26fee7b0?s=96&d=mm&r=g","caption":"libor"}}]}},"_links":{"self":[{"href":"https:\/\/pmza.sk\/index.php?rest_route=\/wp\/v2\/posts\/2973","targetHints":{"allow":["GET"]}}],"collection":[{"href":"https:\/\/pmza.sk\/index.php?rest_route=\/wp\/v2\/posts"}],"about":[{"href":"https:\/\/pmza.sk\/index.php?rest_route=\/wp\/v2\/types\/post"}],"author":[{"embeddable":true,"href":"https:\/\/pmza.sk\/index.php?rest_route=\/wp\/v2\/users\/1"}],"replies":[{"embeddable":true,"href":"https:\/\/pmza.sk\/index.php?rest_route=%2Fwp%2Fv2%2Fcomments&post=2973"}],"version-history":[{"count":0,"href":"https:\/\/pmza.sk\/index.php?rest_route=\/wp\/v2\/posts\/2973\/revisions"}],"wp:attachment":[{"href":"https:\/\/pmza.sk\/index.php?rest_route=%2Fwp%2Fv2%2Fmedia&parent=2973"}],"wp:term":[{"taxonomy":"category","embeddable":true,"href":"https:\/\/pmza.sk\/index.php?rest_route=%2Fwp%2Fv2%2Fcategories&post=2973"},{"taxonomy":"post_tag","embeddable":true,"href":"https:\/\/pmza.sk\/index.php?rest_route=%2Fwp%2Fv2%2Ftags&post=2973"}],"curies":[{"name":"wp","href":"https:\/\/api.w.org\/{rel}","templated":true}]}}