{"id":29833,"date":"2018-09-25T12:28:55","date_gmt":"2018-09-25T10:28:55","guid":{"rendered":"https:\/\/pmza.sk\/?p=29833"},"modified":"2018-09-25T12:28:55","modified_gmt":"2018-09-25T10:28:55","slug":"nove-akvizicie-v-budatinskom-hrade","status":"publish","type":"post","link":"https:\/\/pmza.sk\/?p=29833","title":{"rendered":"Nov\u00e9 akviz\u00edcie v Budat\u00ednskom hrade"},"content":{"rendered":"<p>Tento rok bol pre PMZA ve\u013emi \u00faspe\u0161n\u00fd v\u00a0oblasti akviz\u00edcii. V\u010faka Fondu na podporu umenia sa n\u00e1m podarilo obohati\u0165 zbierkov\u00fd fond hist\u00f3ria o\u00a0cenn\u00e9 umelecko-historick\u00e9 predmety. \u00a0Ide o\u00a0n\u00e1bytok z\u00a0prvej polovice\u00a020. storo\u010dia,\u00a0 ktor\u00e9ho zast\u00fapenie je v\u00a0historickom fonde minim\u00e1lne. Z\u00edskan\u00edm t\u00fdchto nov\u00fdch k\u00faskov sa n\u00e1m aspo\u0148 s\u010dasti podarilo zaplni\u0165\u00a0 ch\u00fdbaj\u00face hmotn\u00e9 kult\u00farne dedi\u010dstvo n\u00e1\u0161ho regi\u00f3nu.<\/p>\n<p><u>Akviz\u00edcia s\u00faboru n\u00e1bytku &#8211; jed\u00e1lne<\/u><\/p>\n<p><u><img decoding=\"async\" class=\"wp-image-29834 alignright\" src=\"https:\/\/pmza.sk\/wp-content\/uploads\/2018\/09\/jed\u00e1le\u0148-475x300.jpg\" alt=\"\" width=\"250\" height=\"158\" \/><\/u><\/p>\n<p>Prv\u00fdm podporen\u00fdm projektom je akviz\u00edcia jed\u00e1lensk\u00e9ho n\u00e1bytku. Tvoria ho dve komody, sklenen\u00e1 vitr\u00edna, rozkladac\u00ed jed\u00e1lensk\u00fd\u00a0 st\u00f4l a\u00a06 stoli\u010diek. Chronologicky mo\u017eno predmety zaradi\u0165 do rokov 1934 &#8211; 1935. P\u00f4vodn\u00fdm vlastn\u00edkom bol Otakar Bedna\u0159ik, ktor\u00fd v\u00a0tomto obdob\u00ed p\u00f4sobil v \u017diline ako po\u0161tov\u00fd riadite\u013e. Ich k\u00fapou z\u00edskalo PMZA vz\u00e1cne expon\u00e1ty pribli\u017euj\u00face b\u00fdvanie a atmosf\u00e9ru 30. rokov 20. storo\u010dia. Nov\u00e9 expon\u00e1ty s\u00fa prezentovan\u00e9 v expoz\u00edcii Budat\u00ednskeho hradu.<\/p>\n<p><u>Akviz\u00edcia kompletn\u00e9ho zariadenia kancel\u00e1rie<img decoding=\"async\" class=\"wp-image-29835 alignright\" src=\"https:\/\/pmza.sk\/wp-content\/uploads\/2018\/09\/kancel\u00e1ria-475x300.jpg\" alt=\"\" width=\"256\" height=\"162\" \/><\/u><\/p>\n<p>Druh\u00fdm podporen\u00fdm projektom bola akviz\u00edcia kompletne zariadenej kancel\u00e1rie po J\u00faliusovi Katrenovskom, ktor\u00fd v\u00a0roku 1944 z\u00edskal miesto prokuristu v\u00a0Mestskej sporite\u013eni v\u00a0\u017diline. Pr\u00e1ve v\u00a0tomto roku sa pres\u0165ahoval do \u017diliny a\u00a0zariadil si nanovo cel\u00fd byt, vr\u00e1tane kancel\u00e1rie. Spom\u00ednan\u00fa kancel\u00e1riu si s\u00e1m navrhol a\u00a0jeho n\u00e1vrh v\u00a0roku 1944 zrealizoval \u017eilinsk\u00fd stol\u00e1r Pavol Hulej, ktor\u00fd mal v\u00a030. &#8211; 50. rokoch otvoren\u00fa \u017eivnos\u0165 ako stol\u00e1r. Vybavenie kancel\u00e1rie pozost\u00e1va z\u00a0dvoch sekret\u00e1rov, konferen\u010dn\u00e9ho stol\u00edka, \u0161tyroch kresiel, rozkladacej pohovky, dvoch kobercov, kancel\u00e1rskeho stola, p\u00edsacieho stroja, stolov\u00fdch hod\u00edn a\u00a0p\u00edsac\u00edch potrieb. Ich k\u00fapou z\u00edskalo PMZA jedine\u010dn\u00e9 expon\u00e1ty,\u00a0 ktor\u00e9 na jednej strane zachyt\u00e1vaj\u00fa ka\u017edodenn\u00fd \u017eivot a\u00a0bytov\u00fa kult\u00faru v\u00a040. rokoch 20. storo\u010dia v\u00a0na\u0161om regi\u00f3ne, na strane druhej odr\u00e1\u017eaj\u00fa umeleck\u00fa pr\u00e1cu miestneho stol\u00e1ra. Nov\u00e9 expon\u00e1ty si m\u00f4\u017eete pozrie\u0165 v\u00a0expoz\u00edcii Budat\u00ednskeho hradu.<img fetchpriority=\"high\" decoding=\"async\" class=\"aligncenter  wp-image-29836\" src=\"https:\/\/pmza.sk\/wp-content\/uploads\/2018\/09\/FPU_logo1_modre-475x300.jpg\" alt=\"\" width=\"337\" height=\"213\" \/><\/p>\n<p><strong>Akviz\u00edciu dobov\u00e9ho n\u00e1bytku z verejn\u00fdch zdrojov podporil Fond na podporu umenia.<\/strong><\/p>\n","protected":false},"excerpt":{"rendered":"<p>Tento rok bol pre PMZA ve\u013emi \u00faspe\u0161n\u00fd v\u00a0oblasti akviz\u00edcii. V\u010faka Fondu na podporu umenia sa n\u00e1m podarilo obohati\u0165 zbierkov\u00fd fond hist\u00f3ria o\u00a0cenn\u00e9 umelecko-historick\u00e9 predmety. \u00a0Ide o\u00a0n\u00e1bytok z\u00a0prvej polovice\u00a020. storo\u010dia,\u00a0 ktor\u00e9ho zast\u00fapenie je v\u00a0historickom fonde minim\u00e1lne. Z\u00edskan\u00edm t\u00fdchto nov\u00fdch k\u00faskov sa n\u00e1m aspo\u0148 s\u010dasti podarilo zaplni\u0165\u00a0 ch\u00fdbaj\u00face hmotn\u00e9 kult\u00farne dedi\u010dstvo n\u00e1\u0161ho regi\u00f3nu. Akviz\u00edcia s\u00faboru n\u00e1bytku &#8211; [&hellip;]<\/p>\n","protected":false},"author":2,"featured_media":29836,"comment_status":"closed","ping_status":"closed","sticky":false,"template":"","format":"standard","meta":{"site-sidebar-layout":"default","site-content-layout":"","ast-site-content-layout":"","site-content-style":"default","site-sidebar-style":"default","ast-global-header-display":"","ast-banner-title-visibility":"","ast-main-header-display":"","ast-hfb-above-header-display":"","ast-hfb-below-header-display":"","ast-hfb-mobile-header-display":"","site-post-title":"","ast-breadcrumbs-content":"","ast-featured-img":"","footer-sml-layout":"","theme-transparent-header-meta":"","adv-header-id-meta":"","stick-header-meta":"","header-above-stick-meta":"","header-main-stick-meta":"","header-below-stick-meta":"","astra-migrate-meta-layouts":"default","ast-page-background-enabled":"default","ast-page-background-meta":{"desktop":{"background-color":"var(--ast-global-color-4)","background-image":"","background-repeat":"repeat","background-position":"center center","background-size":"auto","background-attachment":"scroll","background-type":"","background-media":"","overlay-type":"","overlay-color":"","overlay-opacity":"","overlay-gradient":""},"tablet":{"background-color":"","background-image":"","background-repeat":"repeat","background-position":"center center","background-size":"auto","background-attachment":"scroll","background-type":"","background-media":"","overlay-type":"","overlay-color":"","overlay-opacity":"","overlay-gradient":""},"mobile":{"background-color":"","background-image":"","background-repeat":"repeat","background-position":"center center","background-size":"auto","background-attachment":"scroll","background-type":"","background-media":"","overlay-type":"","overlay-color":"","overlay-opacity":"","overlay-gradient":""}},"ast-content-background-meta":{"desktop":{"background-color":"var(--ast-global-color-5)","background-image":"","background-repeat":"repeat","background-position":"center center","background-size":"auto","background-attachment":"scroll","background-type":"","background-media":"","overlay-type":"","overlay-color":"","overlay-opacity":"","overlay-gradient":""},"tablet":{"background-color":"var(--ast-global-color-5)","background-image":"","background-repeat":"repeat","background-position":"center center","background-size":"auto","background-attachment":"scroll","background-type":"","background-media":"","overlay-type":"","overlay-color":"","overlay-opacity":"","overlay-gradient":""},"mobile":{"background-color":"var(--ast-global-color-5)","background-image":"","background-repeat":"repeat","background-position":"center center","background-size":"auto","background-attachment":"scroll","background-type":"","background-media":"","overlay-type":"","overlay-color":"","overlay-opacity":"","overlay-gradient":""}},"footnotes":""},"categories":[1],"tags":[],"class_list":["post-29833","post","type-post","status-publish","format-standard","has-post-thumbnail","hentry","category-nezaradene"],"yoast_head":"<!-- This site is optimized with the Yoast SEO plugin v27.4 - https:\/\/yoast.com\/product\/yoast-seo-wordpress\/ -->\n<title>Nov\u00e9 akviz\u00edcie v Budat\u00ednskom hrade - Pova\u017esk\u00e9 m\u00fazeum<\/title>\n<meta name=\"robots\" content=\"index, follow, max-snippet:-1, max-image-preview:large, max-video-preview:-1\" \/>\n<link rel=\"canonical\" href=\"https:\/\/pmza.sk\/?p=29833\" \/>\n<meta property=\"og:locale\" content=\"sk_SK\" \/>\n<meta property=\"og:type\" content=\"article\" \/>\n<meta property=\"og:title\" content=\"Nov\u00e9 akviz\u00edcie v Budat\u00ednskom hrade - Pova\u017esk\u00e9 m\u00fazeum\" \/>\n<meta property=\"og:description\" content=\"Tento rok bol pre PMZA ve\u013emi \u00faspe\u0161n\u00fd v\u00a0oblasti akviz\u00edcii. V\u010faka Fondu na podporu umenia sa n\u00e1m podarilo obohati\u0165 zbierkov\u00fd fond hist\u00f3ria o\u00a0cenn\u00e9 umelecko-historick\u00e9 predmety. \u00a0Ide o\u00a0n\u00e1bytok z\u00a0prvej polovice\u00a020. storo\u010dia,\u00a0 ktor\u00e9ho zast\u00fapenie je v\u00a0historickom fonde minim\u00e1lne. Z\u00edskan\u00edm t\u00fdchto nov\u00fdch k\u00faskov sa n\u00e1m aspo\u0148 s\u010dasti podarilo zaplni\u0165\u00a0 ch\u00fdbaj\u00face hmotn\u00e9 kult\u00farne dedi\u010dstvo n\u00e1\u0161ho regi\u00f3nu. Akviz\u00edcia s\u00faboru n\u00e1bytku &#8211; [&hellip;]\" \/>\n<meta property=\"og:url\" content=\"https:\/\/pmza.sk\/?p=29833\" \/>\n<meta property=\"og:site_name\" content=\"Pova\u017esk\u00e9 m\u00fazeum\" \/>\n<meta property=\"article:publisher\" content=\"https:\/\/www.facebook.com\/povazskemuzeum\" \/>\n<meta property=\"article:published_time\" content=\"2018-09-25T10:28:55+00:00\" \/>\n<meta name=\"author\" content=\"Pova\u017esk\u00e9 m\u00fazeum\" \/>\n<meta name=\"twitter:card\" content=\"summary_large_image\" \/>\n<meta name=\"twitter:label1\" content=\"Autor\" \/>\n\t<meta name=\"twitter:data1\" content=\"Pova\u017esk\u00e9 m\u00fazeum\" \/>\n\t<meta name=\"twitter:label2\" content=\"Predpokladan\u00fd \u010das \u010d\u00edtania\" \/>\n\t<meta name=\"twitter:data2\" content=\"2 min\u00faty\" \/>\n<script type=\"application\/ld+json\" class=\"yoast-schema-graph\">{\"@context\":\"https:\\\/\\\/schema.org\",\"@graph\":[{\"@type\":\"Article\",\"@id\":\"https:\\\/\\\/pmza.sk\\\/?p=29833#article\",\"isPartOf\":{\"@id\":\"https:\\\/\\\/pmza.sk\\\/?p=29833\"},\"author\":{\"name\":\"Pova\u017esk\u00e9 m\u00fazeum\",\"@id\":\"https:\\\/\\\/pmza.sk\\\/#\\\/schema\\\/person\\\/595e6a2ce731ea94dcd5d7f50a41ae33\"},\"headline\":\"Nov\u00e9 akviz\u00edcie v Budat\u00ednskom hrade\",\"datePublished\":\"2018-09-25T10:28:55+00:00\",\"mainEntityOfPage\":{\"@id\":\"https:\\\/\\\/pmza.sk\\\/?p=29833\"},\"wordCount\":377,\"publisher\":{\"@id\":\"https:\\\/\\\/pmza.sk\\\/#organization\"},\"image\":{\"@id\":\"https:\\\/\\\/pmza.sk\\\/?p=29833#primaryimage\"},\"thumbnailUrl\":\"\",\"inLanguage\":\"sk-SK\"},{\"@type\":\"WebPage\",\"@id\":\"https:\\\/\\\/pmza.sk\\\/?p=29833\",\"url\":\"https:\\\/\\\/pmza.sk\\\/?p=29833\",\"name\":\"Nov\u00e9 akviz\u00edcie v Budat\u00ednskom hrade - Pova\u017esk\u00e9 m\u00fazeum\",\"isPartOf\":{\"@id\":\"https:\\\/\\\/pmza.sk\\\/#website\"},\"primaryImageOfPage\":{\"@id\":\"https:\\\/\\\/pmza.sk\\\/?p=29833#primaryimage\"},\"image\":{\"@id\":\"https:\\\/\\\/pmza.sk\\\/?p=29833#primaryimage\"},\"thumbnailUrl\":\"\",\"datePublished\":\"2018-09-25T10:28:55+00:00\",\"breadcrumb\":{\"@id\":\"https:\\\/\\\/pmza.sk\\\/?p=29833#breadcrumb\"},\"inLanguage\":\"sk-SK\",\"potentialAction\":[{\"@type\":\"ReadAction\",\"target\":[\"https:\\\/\\\/pmza.sk\\\/?p=29833\"]}]},{\"@type\":\"ImageObject\",\"inLanguage\":\"sk-SK\",\"@id\":\"https:\\\/\\\/pmza.sk\\\/?p=29833#primaryimage\",\"url\":\"\",\"contentUrl\":\"\"},{\"@type\":\"BreadcrumbList\",\"@id\":\"https:\\\/\\\/pmza.sk\\\/?p=29833#breadcrumb\",\"itemListElement\":[{\"@type\":\"ListItem\",\"position\":1,\"name\":\"Domovsk\u00e1 str\u00e1nka\",\"item\":\"https:\\\/\\\/pmza.sk\\\/\"},{\"@type\":\"ListItem\",\"position\":2,\"name\":\"Nov\u00e9 akviz\u00edcie v Budat\u00ednskom hrade\"}]},{\"@type\":\"WebSite\",\"@id\":\"https:\\\/\\\/pmza.sk\\\/#website\",\"url\":\"https:\\\/\\\/pmza.sk\\\/\",\"name\":\"Pova\u017esk\u00e9 m\u00fazeum\",\"description\":\"Pova\u017esk\u00e9 m\u00fazeum v \u017diline je region\u00e1lne m\u00fazeum so s\u00eddlom v Budat\u00edne. Jeho expoz\u00edcie s\u00fa zameran\u00e9 na dejiny slovensk\u00e9ho umenia, kult\u00fary a dopravy.\",\"publisher\":{\"@id\":\"https:\\\/\\\/pmza.sk\\\/#organization\"},\"potentialAction\":[{\"@type\":\"SearchAction\",\"target\":{\"@type\":\"EntryPoint\",\"urlTemplate\":\"https:\\\/\\\/pmza.sk\\\/?s={search_term_string}\"},\"query-input\":{\"@type\":\"PropertyValueSpecification\",\"valueRequired\":true,\"valueName\":\"search_term_string\"}}],\"inLanguage\":\"sk-SK\"},{\"@type\":\"Organization\",\"@id\":\"https:\\\/\\\/pmza.sk\\\/#organization\",\"name\":\"Pova\u017esk\u00e9 m\u00fazeum\",\"url\":\"https:\\\/\\\/pmza.sk\\\/\",\"logo\":{\"@type\":\"ImageObject\",\"inLanguage\":\"sk-SK\",\"@id\":\"https:\\\/\\\/pmza.sk\\\/#\\\/schema\\\/logo\\\/image\\\/\",\"url\":\"https:\\\/\\\/pmza.sk\\\/wp-content\\\/uploads\\\/2022\\\/01\\\/logo_PM_horizontal.jpg\",\"contentUrl\":\"https:\\\/\\\/pmza.sk\\\/wp-content\\\/uploads\\\/2022\\\/01\\\/logo_PM_horizontal.jpg\",\"width\":231,\"height\":142,\"caption\":\"Pova\u017esk\u00e9 m\u00fazeum\"},\"image\":{\"@id\":\"https:\\\/\\\/pmza.sk\\\/#\\\/schema\\\/logo\\\/image\\\/\"},\"sameAs\":[\"https:\\\/\\\/www.facebook.com\\\/povazskemuzeum\",\"https:\\\/\\\/www.instagram.com\\\/povazskemuzeum\\\/\"]},{\"@type\":\"Person\",\"@id\":\"https:\\\/\\\/pmza.sk\\\/#\\\/schema\\\/person\\\/595e6a2ce731ea94dcd5d7f50a41ae33\",\"name\":\"Pova\u017esk\u00e9 m\u00fazeum\",\"image\":{\"@type\":\"ImageObject\",\"inLanguage\":\"sk-SK\",\"@id\":\"https:\\\/\\\/secure.gravatar.com\\\/avatar\\\/2bb7f1561282132fb5826dfeccc66c7996d11ee392ac6aaf7ced8a1c2027fbb2?s=96&d=mm&r=g\",\"url\":\"https:\\\/\\\/secure.gravatar.com\\\/avatar\\\/2bb7f1561282132fb5826dfeccc66c7996d11ee392ac6aaf7ced8a1c2027fbb2?s=96&d=mm&r=g\",\"contentUrl\":\"https:\\\/\\\/secure.gravatar.com\\\/avatar\\\/2bb7f1561282132fb5826dfeccc66c7996d11ee392ac6aaf7ced8a1c2027fbb2?s=96&d=mm&r=g\",\"caption\":\"Pova\u017esk\u00e9 m\u00fazeum\"}}]}<\/script>\n<!-- \/ Yoast SEO plugin. -->","yoast_head_json":{"title":"Nov\u00e9 akviz\u00edcie v Budat\u00ednskom hrade - Pova\u017esk\u00e9 m\u00fazeum","robots":{"index":"index","follow":"follow","max-snippet":"max-snippet:-1","max-image-preview":"max-image-preview:large","max-video-preview":"max-video-preview:-1"},"canonical":"https:\/\/pmza.sk\/?p=29833","og_locale":"sk_SK","og_type":"article","og_title":"Nov\u00e9 akviz\u00edcie v Budat\u00ednskom hrade - Pova\u017esk\u00e9 m\u00fazeum","og_description":"Tento rok bol pre PMZA ve\u013emi \u00faspe\u0161n\u00fd v\u00a0oblasti akviz\u00edcii. V\u010faka Fondu na podporu umenia sa n\u00e1m podarilo obohati\u0165 zbierkov\u00fd fond hist\u00f3ria o\u00a0cenn\u00e9 umelecko-historick\u00e9 predmety. \u00a0Ide o\u00a0n\u00e1bytok z\u00a0prvej polovice\u00a020. storo\u010dia,\u00a0 ktor\u00e9ho zast\u00fapenie je v\u00a0historickom fonde minim\u00e1lne. Z\u00edskan\u00edm t\u00fdchto nov\u00fdch k\u00faskov sa n\u00e1m aspo\u0148 s\u010dasti podarilo zaplni\u0165\u00a0 ch\u00fdbaj\u00face hmotn\u00e9 kult\u00farne dedi\u010dstvo n\u00e1\u0161ho regi\u00f3nu. Akviz\u00edcia s\u00faboru n\u00e1bytku &#8211; [&hellip;]","og_url":"https:\/\/pmza.sk\/?p=29833","og_site_name":"Pova\u017esk\u00e9 m\u00fazeum","article_publisher":"https:\/\/www.facebook.com\/povazskemuzeum","article_published_time":"2018-09-25T10:28:55+00:00","author":"Pova\u017esk\u00e9 m\u00fazeum","twitter_card":"summary_large_image","twitter_misc":{"Autor":"Pova\u017esk\u00e9 m\u00fazeum","Predpokladan\u00fd \u010das \u010d\u00edtania":"2 min\u00faty"},"schema":{"@context":"https:\/\/schema.org","@graph":[{"@type":"Article","@id":"https:\/\/pmza.sk\/?p=29833#article","isPartOf":{"@id":"https:\/\/pmza.sk\/?p=29833"},"author":{"name":"Pova\u017esk\u00e9 m\u00fazeum","@id":"https:\/\/pmza.sk\/#\/schema\/person\/595e6a2ce731ea94dcd5d7f50a41ae33"},"headline":"Nov\u00e9 akviz\u00edcie v Budat\u00ednskom hrade","datePublished":"2018-09-25T10:28:55+00:00","mainEntityOfPage":{"@id":"https:\/\/pmza.sk\/?p=29833"},"wordCount":377,"publisher":{"@id":"https:\/\/pmza.sk\/#organization"},"image":{"@id":"https:\/\/pmza.sk\/?p=29833#primaryimage"},"thumbnailUrl":"","inLanguage":"sk-SK"},{"@type":"WebPage","@id":"https:\/\/pmza.sk\/?p=29833","url":"https:\/\/pmza.sk\/?p=29833","name":"Nov\u00e9 akviz\u00edcie v Budat\u00ednskom hrade - Pova\u017esk\u00e9 m\u00fazeum","isPartOf":{"@id":"https:\/\/pmza.sk\/#website"},"primaryImageOfPage":{"@id":"https:\/\/pmza.sk\/?p=29833#primaryimage"},"image":{"@id":"https:\/\/pmza.sk\/?p=29833#primaryimage"},"thumbnailUrl":"","datePublished":"2018-09-25T10:28:55+00:00","breadcrumb":{"@id":"https:\/\/pmza.sk\/?p=29833#breadcrumb"},"inLanguage":"sk-SK","potentialAction":[{"@type":"ReadAction","target":["https:\/\/pmza.sk\/?p=29833"]}]},{"@type":"ImageObject","inLanguage":"sk-SK","@id":"https:\/\/pmza.sk\/?p=29833#primaryimage","url":"","contentUrl":""},{"@type":"BreadcrumbList","@id":"https:\/\/pmza.sk\/?p=29833#breadcrumb","itemListElement":[{"@type":"ListItem","position":1,"name":"Domovsk\u00e1 str\u00e1nka","item":"https:\/\/pmza.sk\/"},{"@type":"ListItem","position":2,"name":"Nov\u00e9 akviz\u00edcie v Budat\u00ednskom hrade"}]},{"@type":"WebSite","@id":"https:\/\/pmza.sk\/#website","url":"https:\/\/pmza.sk\/","name":"Pova\u017esk\u00e9 m\u00fazeum","description":"Pova\u017esk\u00e9 m\u00fazeum v \u017diline je region\u00e1lne m\u00fazeum so s\u00eddlom v Budat\u00edne. Jeho expoz\u00edcie s\u00fa zameran\u00e9 na dejiny slovensk\u00e9ho umenia, kult\u00fary a dopravy.","publisher":{"@id":"https:\/\/pmza.sk\/#organization"},"potentialAction":[{"@type":"SearchAction","target":{"@type":"EntryPoint","urlTemplate":"https:\/\/pmza.sk\/?s={search_term_string}"},"query-input":{"@type":"PropertyValueSpecification","valueRequired":true,"valueName":"search_term_string"}}],"inLanguage":"sk-SK"},{"@type":"Organization","@id":"https:\/\/pmza.sk\/#organization","name":"Pova\u017esk\u00e9 m\u00fazeum","url":"https:\/\/pmza.sk\/","logo":{"@type":"ImageObject","inLanguage":"sk-SK","@id":"https:\/\/pmza.sk\/#\/schema\/logo\/image\/","url":"https:\/\/pmza.sk\/wp-content\/uploads\/2022\/01\/logo_PM_horizontal.jpg","contentUrl":"https:\/\/pmza.sk\/wp-content\/uploads\/2022\/01\/logo_PM_horizontal.jpg","width":231,"height":142,"caption":"Pova\u017esk\u00e9 m\u00fazeum"},"image":{"@id":"https:\/\/pmza.sk\/#\/schema\/logo\/image\/"},"sameAs":["https:\/\/www.facebook.com\/povazskemuzeum","https:\/\/www.instagram.com\/povazskemuzeum\/"]},{"@type":"Person","@id":"https:\/\/pmza.sk\/#\/schema\/person\/595e6a2ce731ea94dcd5d7f50a41ae33","name":"Pova\u017esk\u00e9 m\u00fazeum","image":{"@type":"ImageObject","inLanguage":"sk-SK","@id":"https:\/\/secure.gravatar.com\/avatar\/2bb7f1561282132fb5826dfeccc66c7996d11ee392ac6aaf7ced8a1c2027fbb2?s=96&d=mm&r=g","url":"https:\/\/secure.gravatar.com\/avatar\/2bb7f1561282132fb5826dfeccc66c7996d11ee392ac6aaf7ced8a1c2027fbb2?s=96&d=mm&r=g","contentUrl":"https:\/\/secure.gravatar.com\/avatar\/2bb7f1561282132fb5826dfeccc66c7996d11ee392ac6aaf7ced8a1c2027fbb2?s=96&d=mm&r=g","caption":"Pova\u017esk\u00e9 m\u00fazeum"}}]}},"_links":{"self":[{"href":"https:\/\/pmza.sk\/index.php?rest_route=\/wp\/v2\/posts\/29833","targetHints":{"allow":["GET"]}}],"collection":[{"href":"https:\/\/pmza.sk\/index.php?rest_route=\/wp\/v2\/posts"}],"about":[{"href":"https:\/\/pmza.sk\/index.php?rest_route=\/wp\/v2\/types\/post"}],"author":[{"embeddable":true,"href":"https:\/\/pmza.sk\/index.php?rest_route=\/wp\/v2\/users\/2"}],"replies":[{"embeddable":true,"href":"https:\/\/pmza.sk\/index.php?rest_route=%2Fwp%2Fv2%2Fcomments&post=29833"}],"version-history":[{"count":0,"href":"https:\/\/pmza.sk\/index.php?rest_route=\/wp\/v2\/posts\/29833\/revisions"}],"wp:featuredmedia":[{"embeddable":true,"href":"https:\/\/pmza.sk\/index.php?rest_route=\/"}],"wp:attachment":[{"href":"https:\/\/pmza.sk\/index.php?rest_route=%2Fwp%2Fv2%2Fmedia&parent=29833"}],"wp:term":[{"taxonomy":"category","embeddable":true,"href":"https:\/\/pmza.sk\/index.php?rest_route=%2Fwp%2Fv2%2Fcategories&post=29833"},{"taxonomy":"post_tag","embeddable":true,"href":"https:\/\/pmza.sk\/index.php?rest_route=%2Fwp%2Fv2%2Ftags&post=29833"}],"curies":[{"name":"wp","href":"https:\/\/api.w.org\/{rel}","templated":true}]}}