{"id":29848,"date":"2018-09-20T16:57:45","date_gmt":"2018-09-20T14:57:45","guid":{"rendered":"https:\/\/pmza.sk\/?p=29848"},"modified":"2018-09-20T16:57:45","modified_gmt":"2018-09-20T14:57:45","slug":"zbierkovy-predmet-mesiaca-september","status":"publish","type":"post","link":"https:\/\/pmza.sk\/?p=29848","title":{"rendered":"Zbierkov\u00fd predmet mesiaca september"},"content":{"rendered":"<p><strong>Zbierkov\u00fd predmet mesiaca september sa t\u00fdka 135. v\u00fdro\u010dia trate Tren\u010d\u00edn &#8211; \u017dilina.\u00a0<\/strong><\/p>\n<p>V\u00a0\u010dasoch, ke\u010f sa stavali \u017eeleznice, existovalo viacero \u017eelezni\u010dn\u00fdch podnikov, \u0161t\u00e1tne\u00a0\u017eeleznice (M\u00c1V \u2013 Magyar kir\u00e1lyi \u00e1ll\u00e1mvas\u00fatak \u2013 Uhorsk\u00e9 kr\u00e1\u013eovsk\u00e9 \u0161t\u00e1tne \u017eeleznice)\u00a0i\u00a0mno\u017estvo s\u00fakromn\u00fdch. Najv\u00e4\u010d\u0161\u00edm s\u00fakromn\u00fdm podnikom bola spolo\u010dnos\u0165 StEG. T\u00e1 v\u00a0roku\u00a01883 postavila \u017eelezni\u010dn\u00fa tra\u0165 Tren\u010d\u00edn \u2013 \u017dilina. V\u00a0tomto roku si pripom\u00edname 135. v\u00fdro\u010die\u00a0otvorenia tohto \u00faseku Pova\u017eskej \u017eeleznice. Pl\u00e1ny na v\u00fdstavbu \u017eeleznice z\u00a0Bratislavy na sever Uhorska existovali u\u017e v\u00a0roku 1856.\u00a0Potrebn\u00e9 bolo spoji\u0165 Budape\u0161\u0165 cez \u00fadolie V\u00e1hu so severn\u00fdm Slovenskom, rak\u00faskym\u00a0Sliezskom a\u00a0Hali\u010dou. Bratislavu s\u00a0Budape\u0161\u0165ou u\u017e sp\u00e1jala Uhorsk\u00e1 centr\u00e1lna \u017eeleznica\u00a0a\u00a0s\u00a0Trnavou konsk\u00e1 \u017eeleznica otvoren\u00e1 v\u00a0roku 1846. V\u00a02. polovici 60. rokov bola vydan\u00e1\u00a0koncesia na v\u00fdstavbu Ko\u0161icko-bohum\u00ednskej trate, ktor\u00e1 zah\u0155\u0148ala aj \u00fasek Bohum\u00edn \u2013 \u017dilina.\u00a0Z\u00e1ujemcom o\u00a0v\u00fdstavbu Pova\u017eskej \u017eeleznice, s\u00fakromn\u00fdm podnikate\u013eom knie\u017ea\u0165u\u00a0Windi\u0161gr\u00e9covi a\u00a0gr\u00f3fovi Breunerovi sta\u010dilo postavi\u0165 nov\u00fa 150-km dlh\u00fa tra\u0165 \u00fadol\u00edm V\u00e1hu<br \/>z\u00a0Trnavy do \u017diliny a odk\u00fapi\u0165 konsk\u00fa tra\u0165 a\u00a0prestava\u0165 ju na parn\u00fa prev\u00e1dzku. Po vydan\u00ed\u00a0koncesie v\u00a01. polovici 70. rokov sa za\u010dal stava\u0165 \u00fasek z\u00a0Trnavy do Tren\u010d\u00edna, av\u0161ak konzorcium\u00a0t\u00fdchto podnikate\u013eov sa dostalo do finan\u010dn\u00fdch probl\u00e9mov, a\u017e napokon odk\u00fapil rozostavan\u00fa tra\u0165 \u0161t\u00e1t a\u00a0prev\u00e1dzku zabezpe\u010doval \u0161t\u00e1tny podnik M\u00c1V. Dohodou z\u00a0roku 1880 medzi M\u00c1V a\u00a0StEG pre\u0161la pova\u017esk\u00e1 \u017eeleznica pod\u00a0StEG. \u00dasek z\u00a0Tren\u010d\u00edna do \u017diliny sa za\u010dal stava\u0165 vo febru\u00e1ri 1883 a\u00a0u\u017e 1. 11. 1883 bola\u00a0jednoko\u013eajn\u00e1 tra\u0165 uveden\u00e1 do prev\u00e1dzky.\u00a0<\/p>\n<figure id=\"attachment_29850\" aria-describedby=\"caption-attachment-29850\" style=\"width: 810px\" class=\"wp-caption aligncenter\"><img fetchpriority=\"high\" decoding=\"async\" class=\"wp-image-29850 size-large\" src=\"https:\/\/pmza.sk\/wp-content\/uploads\/2018\/09\/Obr.-2-810x736.jpg\" alt=\"\" width=\"810\" height=\"736\" \/><figcaption id=\"caption-attachment-29850\" class=\"wp-caption-text\">?????????<\/figcaption><\/figure>\n<p><strong>Pri pr\u00edle\u017eitosti tohto v\u00fdro\u010dia sme sa rozhodli v\u00a0Budat\u00ednskom hrade vystavi\u0165 list z\u00a0katal\u00f3gu\u00a0spolo\u010dnosti StEG, ktor\u00fd popisuje v\u00fdstavbu trate Tren\u010d\u00edn \u2013 \u017dilina.<\/strong> V\u00a0uvedenom katal\u00f3gu,\u00a0vydanom v\u00a0roku 1887, je chronologicky pop\u00edsan\u00e1 hist\u00f3ria podniku. Texty v\u00a0katal\u00f3gu s\u00fa\u00a0doplnen\u00e9 kr\u00e1snymi bohat\u00fdmi ilustr\u00e1ciami. Dva v\u00fdseky z\u00a0tohto katal\u00f3gov\u00e9ho listu priklad\u00e1me\u00a0k\u00a0tomuto \u010dl\u00e1nku. Na jednom z\u00a0nich je ilustr\u00e1cia zobrazuj\u00faca mest\u00e1 Tren\u010d\u00edn a\u00a0\u017dilina, na<br \/>druhom text via\u017euci sa k\u00a0trati Tren\u010d\u00edn \u2013 \u017dilina. V\u00a0preklade znie:<\/p>\n<p>Pova\u017esk\u00e1 \u017eeleznica:<br \/>Prepojovacia ko\u013eaj k\u00a0hlavnej trati Viede\u0148 \u2013 Budape\u0161\u0165, d\u013a\u017eka 1.3 km, stavba za\u010dala v\u00a0okt\u00f3bri\u00a01882, skon\u010dila vo febru\u00e1ri 1883, n\u00e1klady 92.000,- (ide o\u00a0spojku Bratislava-Ra\u010da \u2013 Vajnory)<br \/>Pr\u00edstavby v\u00a0stanici Bratislava, december 1882 \u2013 apr\u00edl 1884, 64\u00a0800,-<br \/>Stavba trate Tren\u010d\u00edn \u2013 \u017dilina 79.873 km, december 1882 \u2013 november 1883, 7.160.000,-<br \/>Invest\u00edcie a\u00a0prestavba na trati Bratislava \u2013 Tren\u010d\u00edn, december 1882 \u2013 december 1886,\u00a0300.000,-<br \/>Nadobudnutie trate Bratislava \u2013 Tren\u010d\u00edn v\u00fdmenou za tra\u0165 Bruck \u2013 Neu-Szony 120.918 km,\u00a0december 1882<br \/>V\u00fdstavba trate Galanta \u2013 Sere\u010f 11.632 km, september 1883 \u2013 november 1883, 608.000,-<\/p>\n<p><img decoding=\"async\" class=\"aligncenter wp-image-29851 size-large\" src=\"https:\/\/pmza.sk\/wp-content\/uploads\/2018\/09\/obr.-1-1170x167.jpg\" alt=\"\" width=\"1170\" height=\"167\" \/><\/p>\n","protected":false},"excerpt":{"rendered":"<p>Zbierkov\u00fd predmet mesiaca september sa t\u00fdka 135. v\u00fdro\u010dia trate Tren\u010d\u00edn &#8211; \u017dilina.\u00a0 V\u00a0\u010dasoch, ke\u010f sa stavali \u017eeleznice, existovalo viacero \u017eelezni\u010dn\u00fdch podnikov, \u0161t\u00e1tne\u00a0\u017eeleznice (M\u00c1V \u2013 Magyar kir\u00e1lyi \u00e1ll\u00e1mvas\u00fatak \u2013 Uhorsk\u00e9 kr\u00e1\u013eovsk\u00e9 \u0161t\u00e1tne \u017eeleznice)\u00a0i\u00a0mno\u017estvo s\u00fakromn\u00fdch. Najv\u00e4\u010d\u0161\u00edm s\u00fakromn\u00fdm podnikom bola spolo\u010dnos\u0165 StEG. T\u00e1 v\u00a0roku\u00a01883 postavila \u017eelezni\u010dn\u00fa tra\u0165 Tren\u010d\u00edn \u2013 \u017dilina. V\u00a0tomto roku si pripom\u00edname 135. v\u00fdro\u010die\u00a0otvorenia tohto \u00faseku [&hellip;]<\/p>\n","protected":false},"author":2,"featured_media":29849,"comment_status":"closed","ping_status":"closed","sticky":false,"template":"","format":"standard","meta":{"site-sidebar-layout":"default","site-content-layout":"","ast-site-content-layout":"","site-content-style":"default","site-sidebar-style":"default","ast-global-header-display":"","ast-banner-title-visibility":"","ast-main-header-display":"","ast-hfb-above-header-display":"","ast-hfb-below-header-display":"","ast-hfb-mobile-header-display":"","site-post-title":"","ast-breadcrumbs-content":"","ast-featured-img":"","footer-sml-layout":"","theme-transparent-header-meta":"","adv-header-id-meta":"","stick-header-meta":"","header-above-stick-meta":"","header-main-stick-meta":"","header-below-stick-meta":"","astra-migrate-meta-layouts":"default","ast-page-background-enabled":"default","ast-page-background-meta":{"desktop":{"background-color":"var(--ast-global-color-4)","background-image":"","background-repeat":"repeat","background-position":"center center","background-size":"auto","background-attachment":"scroll","background-type":"","background-media":"","overlay-type":"","overlay-color":"","overlay-opacity":"","overlay-gradient":""},"tablet":{"background-color":"","background-image":"","background-repeat":"repeat","background-position":"center center","background-size":"auto","background-attachment":"scroll","background-type":"","background-media":"","overlay-type":"","overlay-color":"","overlay-opacity":"","overlay-gradient":""},"mobile":{"background-color":"","background-image":"","background-repeat":"repeat","background-position":"center center","background-size":"auto","background-attachment":"scroll","background-type":"","background-media":"","overlay-type":"","overlay-color":"","overlay-opacity":"","overlay-gradient":""}},"ast-content-background-meta":{"desktop":{"background-color":"var(--ast-global-color-5)","background-image":"","background-repeat":"repeat","background-position":"center center","background-size":"auto","background-attachment":"scroll","background-type":"","background-media":"","overlay-type":"","overlay-color":"","overlay-opacity":"","overlay-gradient":""},"tablet":{"background-color":"var(--ast-global-color-5)","background-image":"","background-repeat":"repeat","background-position":"center center","background-size":"auto","background-attachment":"scroll","background-type":"","background-media":"","overlay-type":"","overlay-color":"","overlay-opacity":"","overlay-gradient":""},"mobile":{"background-color":"var(--ast-global-color-5)","background-image":"","background-repeat":"repeat","background-position":"center center","background-size":"auto","background-attachment":"scroll","background-type":"","background-media":"","overlay-type":"","overlay-color":"","overlay-opacity":"","overlay-gradient":""}},"footnotes":""},"categories":[1],"tags":[],"class_list":["post-29848","post","type-post","status-publish","format-standard","has-post-thumbnail","hentry","category-nezaradene"],"yoast_head":"<!-- This site is optimized with the Yoast SEO plugin v27.4 - https:\/\/yoast.com\/product\/yoast-seo-wordpress\/ -->\n<title>Zbierkov\u00fd predmet mesiaca september - Pova\u017esk\u00e9 m\u00fazeum<\/title>\n<meta name=\"robots\" content=\"index, follow, max-snippet:-1, max-image-preview:large, max-video-preview:-1\" \/>\n<link rel=\"canonical\" href=\"https:\/\/pmza.sk\/?p=29848\" \/>\n<meta property=\"og:locale\" content=\"sk_SK\" \/>\n<meta property=\"og:type\" content=\"article\" \/>\n<meta property=\"og:title\" content=\"Zbierkov\u00fd predmet mesiaca september - Pova\u017esk\u00e9 m\u00fazeum\" \/>\n<meta property=\"og:description\" content=\"Zbierkov\u00fd predmet mesiaca september sa t\u00fdka 135. v\u00fdro\u010dia trate Tren\u010d\u00edn &#8211; \u017dilina.\u00a0 V\u00a0\u010dasoch, ke\u010f sa stavali \u017eeleznice, existovalo viacero \u017eelezni\u010dn\u00fdch podnikov, \u0161t\u00e1tne\u00a0\u017eeleznice (M\u00c1V \u2013 Magyar kir\u00e1lyi \u00e1ll\u00e1mvas\u00fatak \u2013 Uhorsk\u00e9 kr\u00e1\u013eovsk\u00e9 \u0161t\u00e1tne \u017eeleznice)\u00a0i\u00a0mno\u017estvo s\u00fakromn\u00fdch. Najv\u00e4\u010d\u0161\u00edm s\u00fakromn\u00fdm podnikom bola spolo\u010dnos\u0165 StEG. T\u00e1 v\u00a0roku\u00a01883 postavila \u017eelezni\u010dn\u00fa tra\u0165 Tren\u010d\u00edn \u2013 \u017dilina. V\u00a0tomto roku si pripom\u00edname 135. v\u00fdro\u010die\u00a0otvorenia tohto \u00faseku [&hellip;]\" \/>\n<meta property=\"og:url\" content=\"https:\/\/pmza.sk\/?p=29848\" \/>\n<meta property=\"og:site_name\" content=\"Pova\u017esk\u00e9 m\u00fazeum\" \/>\n<meta property=\"article:publisher\" content=\"https:\/\/www.facebook.com\/povazskemuzeum\" \/>\n<meta property=\"article:published_time\" content=\"2018-09-20T14:57:45+00:00\" \/>\n<meta name=\"author\" content=\"Pova\u017esk\u00e9 m\u00fazeum\" \/>\n<meta name=\"twitter:card\" content=\"summary_large_image\" \/>\n<meta name=\"twitter:label1\" content=\"Autor\" \/>\n\t<meta name=\"twitter:data1\" content=\"Pova\u017esk\u00e9 m\u00fazeum\" \/>\n\t<meta name=\"twitter:label2\" content=\"Predpokladan\u00fd \u010das \u010d\u00edtania\" \/>\n\t<meta name=\"twitter:data2\" content=\"2 min\u00faty\" \/>\n<script type=\"application\/ld+json\" class=\"yoast-schema-graph\">{\"@context\":\"https:\\\/\\\/schema.org\",\"@graph\":[{\"@type\":\"Article\",\"@id\":\"https:\\\/\\\/pmza.sk\\\/?p=29848#article\",\"isPartOf\":{\"@id\":\"https:\\\/\\\/pmza.sk\\\/?p=29848\"},\"author\":{\"name\":\"Pova\u017esk\u00e9 m\u00fazeum\",\"@id\":\"https:\\\/\\\/pmza.sk\\\/#\\\/schema\\\/person\\\/595e6a2ce731ea94dcd5d7f50a41ae33\"},\"headline\":\"Zbierkov\u00fd predmet mesiaca september\",\"datePublished\":\"2018-09-20T14:57:45+00:00\",\"mainEntityOfPage\":{\"@id\":\"https:\\\/\\\/pmza.sk\\\/?p=29848\"},\"wordCount\":486,\"publisher\":{\"@id\":\"https:\\\/\\\/pmza.sk\\\/#organization\"},\"image\":{\"@id\":\"https:\\\/\\\/pmza.sk\\\/?p=29848#primaryimage\"},\"thumbnailUrl\":\"\",\"inLanguage\":\"sk-SK\"},{\"@type\":\"WebPage\",\"@id\":\"https:\\\/\\\/pmza.sk\\\/?p=29848\",\"url\":\"https:\\\/\\\/pmza.sk\\\/?p=29848\",\"name\":\"Zbierkov\u00fd predmet mesiaca september - Pova\u017esk\u00e9 m\u00fazeum\",\"isPartOf\":{\"@id\":\"https:\\\/\\\/pmza.sk\\\/#website\"},\"primaryImageOfPage\":{\"@id\":\"https:\\\/\\\/pmza.sk\\\/?p=29848#primaryimage\"},\"image\":{\"@id\":\"https:\\\/\\\/pmza.sk\\\/?p=29848#primaryimage\"},\"thumbnailUrl\":\"\",\"datePublished\":\"2018-09-20T14:57:45+00:00\",\"breadcrumb\":{\"@id\":\"https:\\\/\\\/pmza.sk\\\/?p=29848#breadcrumb\"},\"inLanguage\":\"sk-SK\",\"potentialAction\":[{\"@type\":\"ReadAction\",\"target\":[\"https:\\\/\\\/pmza.sk\\\/?p=29848\"]}]},{\"@type\":\"ImageObject\",\"inLanguage\":\"sk-SK\",\"@id\":\"https:\\\/\\\/pmza.sk\\\/?p=29848#primaryimage\",\"url\":\"\",\"contentUrl\":\"\"},{\"@type\":\"BreadcrumbList\",\"@id\":\"https:\\\/\\\/pmza.sk\\\/?p=29848#breadcrumb\",\"itemListElement\":[{\"@type\":\"ListItem\",\"position\":1,\"name\":\"Domovsk\u00e1 str\u00e1nka\",\"item\":\"https:\\\/\\\/pmza.sk\\\/\"},{\"@type\":\"ListItem\",\"position\":2,\"name\":\"Zbierkov\u00fd predmet mesiaca september\"}]},{\"@type\":\"WebSite\",\"@id\":\"https:\\\/\\\/pmza.sk\\\/#website\",\"url\":\"https:\\\/\\\/pmza.sk\\\/\",\"name\":\"Pova\u017esk\u00e9 m\u00fazeum\",\"description\":\"Pova\u017esk\u00e9 m\u00fazeum v \u017diline je region\u00e1lne m\u00fazeum so s\u00eddlom v Budat\u00edne. Jeho expoz\u00edcie s\u00fa zameran\u00e9 na dejiny slovensk\u00e9ho umenia, kult\u00fary a dopravy.\",\"publisher\":{\"@id\":\"https:\\\/\\\/pmza.sk\\\/#organization\"},\"potentialAction\":[{\"@type\":\"SearchAction\",\"target\":{\"@type\":\"EntryPoint\",\"urlTemplate\":\"https:\\\/\\\/pmza.sk\\\/?s={search_term_string}\"},\"query-input\":{\"@type\":\"PropertyValueSpecification\",\"valueRequired\":true,\"valueName\":\"search_term_string\"}}],\"inLanguage\":\"sk-SK\"},{\"@type\":\"Organization\",\"@id\":\"https:\\\/\\\/pmza.sk\\\/#organization\",\"name\":\"Pova\u017esk\u00e9 m\u00fazeum\",\"url\":\"https:\\\/\\\/pmza.sk\\\/\",\"logo\":{\"@type\":\"ImageObject\",\"inLanguage\":\"sk-SK\",\"@id\":\"https:\\\/\\\/pmza.sk\\\/#\\\/schema\\\/logo\\\/image\\\/\",\"url\":\"https:\\\/\\\/pmza.sk\\\/wp-content\\\/uploads\\\/2022\\\/01\\\/logo_PM_horizontal.jpg\",\"contentUrl\":\"https:\\\/\\\/pmza.sk\\\/wp-content\\\/uploads\\\/2022\\\/01\\\/logo_PM_horizontal.jpg\",\"width\":231,\"height\":142,\"caption\":\"Pova\u017esk\u00e9 m\u00fazeum\"},\"image\":{\"@id\":\"https:\\\/\\\/pmza.sk\\\/#\\\/schema\\\/logo\\\/image\\\/\"},\"sameAs\":[\"https:\\\/\\\/www.facebook.com\\\/povazskemuzeum\",\"https:\\\/\\\/www.instagram.com\\\/povazskemuzeum\\\/\"]},{\"@type\":\"Person\",\"@id\":\"https:\\\/\\\/pmza.sk\\\/#\\\/schema\\\/person\\\/595e6a2ce731ea94dcd5d7f50a41ae33\",\"name\":\"Pova\u017esk\u00e9 m\u00fazeum\",\"image\":{\"@type\":\"ImageObject\",\"inLanguage\":\"sk-SK\",\"@id\":\"https:\\\/\\\/secure.gravatar.com\\\/avatar\\\/2bb7f1561282132fb5826dfeccc66c7996d11ee392ac6aaf7ced8a1c2027fbb2?s=96&d=mm&r=g\",\"url\":\"https:\\\/\\\/secure.gravatar.com\\\/avatar\\\/2bb7f1561282132fb5826dfeccc66c7996d11ee392ac6aaf7ced8a1c2027fbb2?s=96&d=mm&r=g\",\"contentUrl\":\"https:\\\/\\\/secure.gravatar.com\\\/avatar\\\/2bb7f1561282132fb5826dfeccc66c7996d11ee392ac6aaf7ced8a1c2027fbb2?s=96&d=mm&r=g\",\"caption\":\"Pova\u017esk\u00e9 m\u00fazeum\"}}]}<\/script>\n<!-- \/ Yoast SEO plugin. -->","yoast_head_json":{"title":"Zbierkov\u00fd predmet mesiaca september - Pova\u017esk\u00e9 m\u00fazeum","robots":{"index":"index","follow":"follow","max-snippet":"max-snippet:-1","max-image-preview":"max-image-preview:large","max-video-preview":"max-video-preview:-1"},"canonical":"https:\/\/pmza.sk\/?p=29848","og_locale":"sk_SK","og_type":"article","og_title":"Zbierkov\u00fd predmet mesiaca september - Pova\u017esk\u00e9 m\u00fazeum","og_description":"Zbierkov\u00fd predmet mesiaca september sa t\u00fdka 135. v\u00fdro\u010dia trate Tren\u010d\u00edn &#8211; \u017dilina.\u00a0 V\u00a0\u010dasoch, ke\u010f sa stavali \u017eeleznice, existovalo viacero \u017eelezni\u010dn\u00fdch podnikov, \u0161t\u00e1tne\u00a0\u017eeleznice (M\u00c1V \u2013 Magyar kir\u00e1lyi \u00e1ll\u00e1mvas\u00fatak \u2013 Uhorsk\u00e9 kr\u00e1\u013eovsk\u00e9 \u0161t\u00e1tne \u017eeleznice)\u00a0i\u00a0mno\u017estvo s\u00fakromn\u00fdch. Najv\u00e4\u010d\u0161\u00edm s\u00fakromn\u00fdm podnikom bola spolo\u010dnos\u0165 StEG. T\u00e1 v\u00a0roku\u00a01883 postavila \u017eelezni\u010dn\u00fa tra\u0165 Tren\u010d\u00edn \u2013 \u017dilina. V\u00a0tomto roku si pripom\u00edname 135. v\u00fdro\u010die\u00a0otvorenia tohto \u00faseku [&hellip;]","og_url":"https:\/\/pmza.sk\/?p=29848","og_site_name":"Pova\u017esk\u00e9 m\u00fazeum","article_publisher":"https:\/\/www.facebook.com\/povazskemuzeum","article_published_time":"2018-09-20T14:57:45+00:00","author":"Pova\u017esk\u00e9 m\u00fazeum","twitter_card":"summary_large_image","twitter_misc":{"Autor":"Pova\u017esk\u00e9 m\u00fazeum","Predpokladan\u00fd \u010das \u010d\u00edtania":"2 min\u00faty"},"schema":{"@context":"https:\/\/schema.org","@graph":[{"@type":"Article","@id":"https:\/\/pmza.sk\/?p=29848#article","isPartOf":{"@id":"https:\/\/pmza.sk\/?p=29848"},"author":{"name":"Pova\u017esk\u00e9 m\u00fazeum","@id":"https:\/\/pmza.sk\/#\/schema\/person\/595e6a2ce731ea94dcd5d7f50a41ae33"},"headline":"Zbierkov\u00fd predmet mesiaca september","datePublished":"2018-09-20T14:57:45+00:00","mainEntityOfPage":{"@id":"https:\/\/pmza.sk\/?p=29848"},"wordCount":486,"publisher":{"@id":"https:\/\/pmza.sk\/#organization"},"image":{"@id":"https:\/\/pmza.sk\/?p=29848#primaryimage"},"thumbnailUrl":"","inLanguage":"sk-SK"},{"@type":"WebPage","@id":"https:\/\/pmza.sk\/?p=29848","url":"https:\/\/pmza.sk\/?p=29848","name":"Zbierkov\u00fd predmet mesiaca september - Pova\u017esk\u00e9 m\u00fazeum","isPartOf":{"@id":"https:\/\/pmza.sk\/#website"},"primaryImageOfPage":{"@id":"https:\/\/pmza.sk\/?p=29848#primaryimage"},"image":{"@id":"https:\/\/pmza.sk\/?p=29848#primaryimage"},"thumbnailUrl":"","datePublished":"2018-09-20T14:57:45+00:00","breadcrumb":{"@id":"https:\/\/pmza.sk\/?p=29848#breadcrumb"},"inLanguage":"sk-SK","potentialAction":[{"@type":"ReadAction","target":["https:\/\/pmza.sk\/?p=29848"]}]},{"@type":"ImageObject","inLanguage":"sk-SK","@id":"https:\/\/pmza.sk\/?p=29848#primaryimage","url":"","contentUrl":""},{"@type":"BreadcrumbList","@id":"https:\/\/pmza.sk\/?p=29848#breadcrumb","itemListElement":[{"@type":"ListItem","position":1,"name":"Domovsk\u00e1 str\u00e1nka","item":"https:\/\/pmza.sk\/"},{"@type":"ListItem","position":2,"name":"Zbierkov\u00fd predmet mesiaca september"}]},{"@type":"WebSite","@id":"https:\/\/pmza.sk\/#website","url":"https:\/\/pmza.sk\/","name":"Pova\u017esk\u00e9 m\u00fazeum","description":"Pova\u017esk\u00e9 m\u00fazeum v \u017diline je region\u00e1lne m\u00fazeum so s\u00eddlom v Budat\u00edne. Jeho expoz\u00edcie s\u00fa zameran\u00e9 na dejiny slovensk\u00e9ho umenia, kult\u00fary a dopravy.","publisher":{"@id":"https:\/\/pmza.sk\/#organization"},"potentialAction":[{"@type":"SearchAction","target":{"@type":"EntryPoint","urlTemplate":"https:\/\/pmza.sk\/?s={search_term_string}"},"query-input":{"@type":"PropertyValueSpecification","valueRequired":true,"valueName":"search_term_string"}}],"inLanguage":"sk-SK"},{"@type":"Organization","@id":"https:\/\/pmza.sk\/#organization","name":"Pova\u017esk\u00e9 m\u00fazeum","url":"https:\/\/pmza.sk\/","logo":{"@type":"ImageObject","inLanguage":"sk-SK","@id":"https:\/\/pmza.sk\/#\/schema\/logo\/image\/","url":"https:\/\/pmza.sk\/wp-content\/uploads\/2022\/01\/logo_PM_horizontal.jpg","contentUrl":"https:\/\/pmza.sk\/wp-content\/uploads\/2022\/01\/logo_PM_horizontal.jpg","width":231,"height":142,"caption":"Pova\u017esk\u00e9 m\u00fazeum"},"image":{"@id":"https:\/\/pmza.sk\/#\/schema\/logo\/image\/"},"sameAs":["https:\/\/www.facebook.com\/povazskemuzeum","https:\/\/www.instagram.com\/povazskemuzeum\/"]},{"@type":"Person","@id":"https:\/\/pmza.sk\/#\/schema\/person\/595e6a2ce731ea94dcd5d7f50a41ae33","name":"Pova\u017esk\u00e9 m\u00fazeum","image":{"@type":"ImageObject","inLanguage":"sk-SK","@id":"https:\/\/secure.gravatar.com\/avatar\/2bb7f1561282132fb5826dfeccc66c7996d11ee392ac6aaf7ced8a1c2027fbb2?s=96&d=mm&r=g","url":"https:\/\/secure.gravatar.com\/avatar\/2bb7f1561282132fb5826dfeccc66c7996d11ee392ac6aaf7ced8a1c2027fbb2?s=96&d=mm&r=g","contentUrl":"https:\/\/secure.gravatar.com\/avatar\/2bb7f1561282132fb5826dfeccc66c7996d11ee392ac6aaf7ced8a1c2027fbb2?s=96&d=mm&r=g","caption":"Pova\u017esk\u00e9 m\u00fazeum"}}]}},"_links":{"self":[{"href":"https:\/\/pmza.sk\/index.php?rest_route=\/wp\/v2\/posts\/29848","targetHints":{"allow":["GET"]}}],"collection":[{"href":"https:\/\/pmza.sk\/index.php?rest_route=\/wp\/v2\/posts"}],"about":[{"href":"https:\/\/pmza.sk\/index.php?rest_route=\/wp\/v2\/types\/post"}],"author":[{"embeddable":true,"href":"https:\/\/pmza.sk\/index.php?rest_route=\/wp\/v2\/users\/2"}],"replies":[{"embeddable":true,"href":"https:\/\/pmza.sk\/index.php?rest_route=%2Fwp%2Fv2%2Fcomments&post=29848"}],"version-history":[{"count":0,"href":"https:\/\/pmza.sk\/index.php?rest_route=\/wp\/v2\/posts\/29848\/revisions"}],"wp:featuredmedia":[{"embeddable":true,"href":"https:\/\/pmza.sk\/index.php?rest_route=\/"}],"wp:attachment":[{"href":"https:\/\/pmza.sk\/index.php?rest_route=%2Fwp%2Fv2%2Fmedia&parent=29848"}],"wp:term":[{"taxonomy":"category","embeddable":true,"href":"https:\/\/pmza.sk\/index.php?rest_route=%2Fwp%2Fv2%2Fcategories&post=29848"},{"taxonomy":"post_tag","embeddable":true,"href":"https:\/\/pmza.sk\/index.php?rest_route=%2Fwp%2Fv2%2Ftags&post=29848"}],"curies":[{"name":"wp","href":"https:\/\/api.w.org\/{rel}","templated":true}]}}