{"id":3015,"date":"2011-06-08T12:27:24","date_gmt":"2011-06-08T10:27:24","guid":{"rendered":"https:\/\/pmza.sk.sk\/?p=3015"},"modified":"2011-06-08T12:27:24","modified_gmt":"2011-06-08T10:27:24","slug":"o-netradicne-svadbovanie-v-palaci-v-parku-a-na-hrade-je-velky-zaujem","status":"publish","type":"post","link":"https:\/\/pmza.sk\/?p=3015","title":{"rendered":"O netradi\u010dn\u00e9 svadbovanie v pal\u00e1ci, v parku a na hrade je ve\u013ek\u00fd z\u00e1ujem"},"content":{"rendered":"<p><a href=\"https:\/\/pmza.sk\/wp-content\/uploads\/2011\/06\/Z9H9744.jpg\"><img fetchpriority=\"high\" decoding=\"async\" class=\"alignleft size-medium wp-image-3032\" style=\"border: 2px solid black; margin: 4px;\" title=\"_Z9H9744\" src=\"https:\/\/pmza.sk.sk\/wp-content\/uploads\/2011\/06\/Z9H9744-300x200.jpg\" alt=\"\" width=\"300\" height=\"200\" \/><\/a>M\u00e1j 2011 bol mesiacom kedy sa v\u00a0Sob\u00e1\u0161nom pal\u00e1ci v\u00a0Byt\u010di uskuto\u010dnili\u00a0 svadby dvoch v\u00ed\u0165azn\u00fdch sn\u00fabeneck\u00fdch p\u00e1rov s\u00fa\u0165a\u017ee <strong>Svadobn\u00fd dar palat\u00edna Turzu<\/strong>, vyhl\u00e1senej presne pred rokom \u017dilinsk\u00fdm samospr\u00e1vnym krajom a\u00a0Pova\u017esk\u00fdm m\u00fazeom v\u00a0\u017diline. Miroslava Sobolov\u00e1 a\u00a0\u013dubo\u0161 Mo\u0161\u010dovi\u010d z\u00a0Pova\u017eskej Bystrice a\u00a0Jana Kri\u0161tofov\u00e1 a\u00a0Tom\u00e1\u0161 Matu\u0161kovi\u010d zo \u017diliny, ktor\u00ed pod\u013ea pravidiel s\u00fa\u0165a\u017ee putovali po historick\u00fdch pamiatkach \u017eilinsk\u00e9ho kraja, boli nakoniec vylosovan\u00ed ako v\u00ed\u0165azi s\u00fa\u0165a\u017ee na svadobnom ve\u013etrhu v\u00a0Bratislave, kde z\u00edskali okrem mo\u017enosti zrealizova\u0165 svoju svadbu v luxusn\u00fdch priestoroch Turzovho pal\u00e1ca aj \u010fal\u0161ie atrakt\u00edvne svadobn\u00e9 ceny.<!--more--><\/p>\n<p>\u201e <em>\u010eakujeme \u017dilinsk\u00e9mu samospr\u00e1vnemu kraju a Pova\u017esk\u00e9mu m\u00fazeu v \u017diline za mo\u017enos\u0165 zrealizova\u0165 svadbu ako v rozpr\u00e1vke v priestoroch Sob\u00e1\u0161neho pal\u00e1ca v\u00a0Byt\u010di. D\u00fafame, \u017ee aj n\u00e1\u0161 spolo\u010dn\u00fd \u017eivot bude rozpr\u00e1vkov\u00fd. A t\u00edm, \u010do pl\u00e1nuj\u00fa svadbu bud\u00faci rok, vrelo odpor\u00fa\u010dame zapoji\u0165 sa do druh\u00e9ho ro\u010dn\u00edka s\u00fa\u0165a\u017ee Svadobn\u00fd dar palat\u00edna Turzu,<\/em>\u201c povedali man\u017eelia Mo\u0161\u010dovi\u010dovci. Pripom\u00edname, \u017ee druh\u00fd ro\u010dn\u00edk s\u00fa\u0165a\u017ee je u\u017e v\u00a0plnom pr\u00fade a pre dva v\u00ed\u0165azn\u00e9 sn\u00fabeneck\u00e9 p\u00e1ry bud\u00fa op\u00e4\u0165 pripraven\u00e9 zauj\u00edmav\u00e9 svadobn\u00e9 bonusy, sta\u010d\u00ed si len pozorne pre\u010d\u00edta\u0165 kri\u00e9ria s\u00fa\u0165a\u017ee na <a href=\"http:\/\/www.pmza.sk\/\">www.pmza.sk<\/a>. Losovanie o\u00a0svadbu v\u00a0Sob\u00e1\u0161nom pal\u00e1ci v\u00a0Byt\u010di v roku 2012 bude za\u010diatkom roku 2012 na najv\u00e4\u010d\u0161om svadobnom ve\u013etrhu na Slovensku &#8211; v\u00a0Bratislave.<\/p>\n<p>Aj v\u00a0zrevitalizovanom Budat\u00ednskom parku sa\u00a0 v sobotu 4. j\u00fana 2011 konal historicky prv\u00fd svadobn\u00fd obrad. Svoje \u00e1no si zopakoval slovensko-nemeck\u00fd p\u00e1r. \u201e <em>O sob\u00e1\u0161ny obrad v\u00a0na\u0161om parku je ve\u013ek\u00fd z\u00e1ujem. Sme radi, \u017ee prv\u00e9mu obradu konaj\u00facemu sa v\u00a0parku po\u010dasie prialo a\u00a0svadobn\u00ed hostia boli spokojn\u00ed,<\/em> \u201cdodal Boris Schubert, riadite\u013e Pova\u017esk\u00e9ho m\u00fazea v\u00a0\u017diline. <em><\/em><\/p>\n<p>Najob\u013e\u00fabenej\u0161ie netradi\u010dn\u00e9 svadbovanie v\u00a0 priestoroch Pova\u017esk\u00e9ho m\u00fazea v\u00a0\u017diline je okrem Sob\u00e1\u0161neho pal\u00e1ca v\u00a0Byt\u010di a\u00a0Budat\u00ednskeho parku najm\u00e4 na hrade Stre\u010dno. Ka\u017edoro\u010dne sa tu kon\u00e1 nieko\u013eko desiatok sob\u00e1\u0161ov. Azda najkuri\u00f3znej\u0161\u00ed bol sob\u00e1\u0161, na ktorom\u00a0 \u017een\u00edch pris\u013e\u00fabil svoj\u00a0 man\u017eelsk\u00fd s\u013eub v\u00a0rytierskom brnen\u00ed.<\/p>\n","protected":false},"excerpt":{"rendered":"<p>M\u00e1j 2011 bol mesiacom kedy sa v\u00a0Sob\u00e1\u0161nom pal\u00e1ci v\u00a0Byt\u010di uskuto\u010dnili\u00a0 svadby dvoch v\u00ed\u0165azn\u00fdch sn\u00fabeneck\u00fdch p\u00e1rov s\u00fa\u0165a\u017ee Svadobn\u00fd dar palat\u00edna Turzu, vyhl\u00e1senej presne pred rokom \u017dilinsk\u00fdm samospr\u00e1vnym krajom a\u00a0Pova\u017esk\u00fdm m\u00fazeom v\u00a0\u017diline. Miroslava Sobolov\u00e1 a\u00a0\u013dubo\u0161 Mo\u0161\u010dovi\u010d z\u00a0Pova\u017eskej Bystrice a\u00a0Jana Kri\u0161tofov\u00e1 a\u00a0Tom\u00e1\u0161 Matu\u0161kovi\u010d zo \u017diliny, ktor\u00ed pod\u013ea pravidiel s\u00fa\u0165a\u017ee putovali po historick\u00fdch pamiatkach \u017eilinsk\u00e9ho kraja, boli nakoniec vylosovan\u00ed [&hellip;]<\/p>\n","protected":false},"author":1,"featured_media":0,"comment_status":"closed","ping_status":"closed","sticky":false,"template":"","format":"standard","meta":{"site-sidebar-layout":"default","site-content-layout":"","ast-site-content-layout":"","site-content-style":"default","site-sidebar-style":"default","ast-global-header-display":"","ast-banner-title-visibility":"","ast-main-header-display":"","ast-hfb-above-header-display":"","ast-hfb-below-header-display":"","ast-hfb-mobile-header-display":"","site-post-title":"","ast-breadcrumbs-content":"","ast-featured-img":"","footer-sml-layout":"","theme-transparent-header-meta":"","adv-header-id-meta":"","stick-header-meta":"","header-above-stick-meta":"","header-main-stick-meta":"","header-below-stick-meta":"","astra-migrate-meta-layouts":"default","ast-page-background-enabled":"default","ast-page-background-meta":{"desktop":{"background-color":"var(--ast-global-color-4)","background-image":"","background-repeat":"repeat","background-position":"center center","background-size":"auto","background-attachment":"scroll","background-type":"","background-media":"","overlay-type":"","overlay-color":"","overlay-opacity":"","overlay-gradient":""},"tablet":{"background-color":"","background-image":"","background-repeat":"repeat","background-position":"center center","background-size":"auto","background-attachment":"scroll","background-type":"","background-media":"","overlay-type":"","overlay-color":"","overlay-opacity":"","overlay-gradient":""},"mobile":{"background-color":"","background-image":"","background-repeat":"repeat","background-position":"center center","background-size":"auto","background-attachment":"scroll","background-type":"","background-media":"","overlay-type":"","overlay-color":"","overlay-opacity":"","overlay-gradient":""}},"ast-content-background-meta":{"desktop":{"background-color":"var(--ast-global-color-5)","background-image":"","background-repeat":"repeat","background-position":"center center","background-size":"auto","background-attachment":"scroll","background-type":"","background-media":"","overlay-type":"","overlay-color":"","overlay-opacity":"","overlay-gradient":""},"tablet":{"background-color":"var(--ast-global-color-5)","background-image":"","background-repeat":"repeat","background-position":"center center","background-size":"auto","background-attachment":"scroll","background-type":"","background-media":"","overlay-type":"","overlay-color":"","overlay-opacity":"","overlay-gradient":""},"mobile":{"background-color":"var(--ast-global-color-5)","background-image":"","background-repeat":"repeat","background-position":"center center","background-size":"auto","background-attachment":"scroll","background-type":"","background-media":"","overlay-type":"","overlay-color":"","overlay-opacity":"","overlay-gradient":""}},"footnotes":""},"categories":[30],"tags":[],"class_list":["post-3015","post","type-post","status-publish","format-standard","hentry","category-archiv-2011"],"yoast_head":"<!-- This site is optimized with the Yoast SEO plugin v27.4 - https:\/\/yoast.com\/product\/yoast-seo-wordpress\/ -->\n<title>O netradi\u010dn\u00e9 svadbovanie v pal\u00e1ci, v parku a na hrade je ve\u013ek\u00fd z\u00e1ujem - Pova\u017esk\u00e9 m\u00fazeum<\/title>\n<meta name=\"robots\" content=\"index, follow, max-snippet:-1, max-image-preview:large, max-video-preview:-1\" \/>\n<link rel=\"canonical\" href=\"https:\/\/pmza.sk\/?p=3015\" \/>\n<meta property=\"og:locale\" content=\"sk_SK\" \/>\n<meta property=\"og:type\" content=\"article\" \/>\n<meta property=\"og:title\" content=\"O netradi\u010dn\u00e9 svadbovanie v pal\u00e1ci, v parku a na hrade je ve\u013ek\u00fd z\u00e1ujem - Pova\u017esk\u00e9 m\u00fazeum\" \/>\n<meta property=\"og:description\" content=\"M\u00e1j 2011 bol mesiacom kedy sa v\u00a0Sob\u00e1\u0161nom pal\u00e1ci v\u00a0Byt\u010di uskuto\u010dnili\u00a0 svadby dvoch v\u00ed\u0165azn\u00fdch sn\u00fabeneck\u00fdch p\u00e1rov s\u00fa\u0165a\u017ee Svadobn\u00fd dar palat\u00edna Turzu, vyhl\u00e1senej presne pred rokom \u017dilinsk\u00fdm samospr\u00e1vnym krajom a\u00a0Pova\u017esk\u00fdm m\u00fazeom v\u00a0\u017diline. Miroslava Sobolov\u00e1 a\u00a0\u013dubo\u0161 Mo\u0161\u010dovi\u010d z\u00a0Pova\u017eskej Bystrice a\u00a0Jana Kri\u0161tofov\u00e1 a\u00a0Tom\u00e1\u0161 Matu\u0161kovi\u010d zo \u017diliny, ktor\u00ed pod\u013ea pravidiel s\u00fa\u0165a\u017ee putovali po historick\u00fdch pamiatkach \u017eilinsk\u00e9ho kraja, boli nakoniec vylosovan\u00ed [&hellip;]\" \/>\n<meta property=\"og:url\" content=\"https:\/\/pmza.sk\/?p=3015\" \/>\n<meta property=\"og:site_name\" content=\"Pova\u017esk\u00e9 m\u00fazeum\" \/>\n<meta property=\"article:publisher\" content=\"https:\/\/www.facebook.com\/povazskemuzeum\" \/>\n<meta property=\"article:published_time\" content=\"2011-06-08T10:27:24+00:00\" \/>\n<meta property=\"og:image\" content=\"https:\/\/pmza.sk.sk\/wp-content\/uploads\/2011\/06\/Z9H9744-300x200.jpg\" \/>\n<meta name=\"author\" content=\"libor\" \/>\n<meta name=\"twitter:card\" content=\"summary_large_image\" \/>\n<meta name=\"twitter:label1\" content=\"Autor\" \/>\n\t<meta name=\"twitter:data1\" content=\"libor\" \/>\n\t<meta name=\"twitter:label2\" content=\"Predpokladan\u00fd \u010das \u010d\u00edtania\" \/>\n\t<meta name=\"twitter:data2\" content=\"2 min\u00faty\" \/>\n<script type=\"application\/ld+json\" class=\"yoast-schema-graph\">{\"@context\":\"https:\\\/\\\/schema.org\",\"@graph\":[{\"@type\":\"Article\",\"@id\":\"https:\\\/\\\/pmza.sk\\\/?p=3015#article\",\"isPartOf\":{\"@id\":\"https:\\\/\\\/pmza.sk\\\/?p=3015\"},\"author\":{\"name\":\"libor\",\"@id\":\"https:\\\/\\\/pmza.sk\\\/#\\\/schema\\\/person\\\/f0b923a9aa8e1f67feef0d7cd9afde35\"},\"headline\":\"O netradi\u010dn\u00e9 svadbovanie v pal\u00e1ci, v parku a na hrade je ve\u013ek\u00fd z\u00e1ujem\",\"datePublished\":\"2011-06-08T10:27:24+00:00\",\"mainEntityOfPage\":{\"@id\":\"https:\\\/\\\/pmza.sk\\\/?p=3015\"},\"wordCount\":424,\"publisher\":{\"@id\":\"https:\\\/\\\/pmza.sk\\\/#organization\"},\"image\":{\"@id\":\"https:\\\/\\\/pmza.sk\\\/?p=3015#primaryimage\"},\"thumbnailUrl\":\"http:\\\/\\\/pmza.sk.sk\\\/wp-content\\\/uploads\\\/2011\\\/06\\\/Z9H9744-300x200.jpg\",\"articleSection\":[\"Arch\u00edv 2011\"],\"inLanguage\":\"sk-SK\"},{\"@type\":\"WebPage\",\"@id\":\"https:\\\/\\\/pmza.sk\\\/?p=3015\",\"url\":\"https:\\\/\\\/pmza.sk\\\/?p=3015\",\"name\":\"O netradi\u010dn\u00e9 svadbovanie v pal\u00e1ci, v parku a na hrade je ve\u013ek\u00fd z\u00e1ujem - Pova\u017esk\u00e9 m\u00fazeum\",\"isPartOf\":{\"@id\":\"https:\\\/\\\/pmza.sk\\\/#website\"},\"primaryImageOfPage\":{\"@id\":\"https:\\\/\\\/pmza.sk\\\/?p=3015#primaryimage\"},\"image\":{\"@id\":\"https:\\\/\\\/pmza.sk\\\/?p=3015#primaryimage\"},\"thumbnailUrl\":\"http:\\\/\\\/pmza.sk.sk\\\/wp-content\\\/uploads\\\/2011\\\/06\\\/Z9H9744-300x200.jpg\",\"datePublished\":\"2011-06-08T10:27:24+00:00\",\"breadcrumb\":{\"@id\":\"https:\\\/\\\/pmza.sk\\\/?p=3015#breadcrumb\"},\"inLanguage\":\"sk-SK\",\"potentialAction\":[{\"@type\":\"ReadAction\",\"target\":[\"https:\\\/\\\/pmza.sk\\\/?p=3015\"]}]},{\"@type\":\"ImageObject\",\"inLanguage\":\"sk-SK\",\"@id\":\"https:\\\/\\\/pmza.sk\\\/?p=3015#primaryimage\",\"url\":\"http:\\\/\\\/pmza.sk.sk\\\/wp-content\\\/uploads\\\/2011\\\/06\\\/Z9H9744-300x200.jpg\",\"contentUrl\":\"http:\\\/\\\/pmza.sk.sk\\\/wp-content\\\/uploads\\\/2011\\\/06\\\/Z9H9744-300x200.jpg\"},{\"@type\":\"BreadcrumbList\",\"@id\":\"https:\\\/\\\/pmza.sk\\\/?p=3015#breadcrumb\",\"itemListElement\":[{\"@type\":\"ListItem\",\"position\":1,\"name\":\"Domovsk\u00e1 str\u00e1nka\",\"item\":\"https:\\\/\\\/pmza.sk\\\/\"},{\"@type\":\"ListItem\",\"position\":2,\"name\":\"O netradi\u010dn\u00e9 svadbovanie v pal\u00e1ci, v parku a na hrade je ve\u013ek\u00fd z\u00e1ujem\"}]},{\"@type\":\"WebSite\",\"@id\":\"https:\\\/\\\/pmza.sk\\\/#website\",\"url\":\"https:\\\/\\\/pmza.sk\\\/\",\"name\":\"Pova\u017esk\u00e9 m\u00fazeum\",\"description\":\"Pova\u017esk\u00e9 m\u00fazeum v \u017diline je region\u00e1lne m\u00fazeum so s\u00eddlom v Budat\u00edne. Jeho expoz\u00edcie s\u00fa zameran\u00e9 na dejiny slovensk\u00e9ho umenia, kult\u00fary a dopravy.\",\"publisher\":{\"@id\":\"https:\\\/\\\/pmza.sk\\\/#organization\"},\"potentialAction\":[{\"@type\":\"SearchAction\",\"target\":{\"@type\":\"EntryPoint\",\"urlTemplate\":\"https:\\\/\\\/pmza.sk\\\/?s={search_term_string}\"},\"query-input\":{\"@type\":\"PropertyValueSpecification\",\"valueRequired\":true,\"valueName\":\"search_term_string\"}}],\"inLanguage\":\"sk-SK\"},{\"@type\":\"Organization\",\"@id\":\"https:\\\/\\\/pmza.sk\\\/#organization\",\"name\":\"Pova\u017esk\u00e9 m\u00fazeum\",\"url\":\"https:\\\/\\\/pmza.sk\\\/\",\"logo\":{\"@type\":\"ImageObject\",\"inLanguage\":\"sk-SK\",\"@id\":\"https:\\\/\\\/pmza.sk\\\/#\\\/schema\\\/logo\\\/image\\\/\",\"url\":\"https:\\\/\\\/pmza.sk\\\/wp-content\\\/uploads\\\/2022\\\/01\\\/logo_PM_horizontal.jpg\",\"contentUrl\":\"https:\\\/\\\/pmza.sk\\\/wp-content\\\/uploads\\\/2022\\\/01\\\/logo_PM_horizontal.jpg\",\"width\":231,\"height\":142,\"caption\":\"Pova\u017esk\u00e9 m\u00fazeum\"},\"image\":{\"@id\":\"https:\\\/\\\/pmza.sk\\\/#\\\/schema\\\/logo\\\/image\\\/\"},\"sameAs\":[\"https:\\\/\\\/www.facebook.com\\\/povazskemuzeum\",\"https:\\\/\\\/www.instagram.com\\\/povazskemuzeum\\\/\"]},{\"@type\":\"Person\",\"@id\":\"https:\\\/\\\/pmza.sk\\\/#\\\/schema\\\/person\\\/f0b923a9aa8e1f67feef0d7cd9afde35\",\"name\":\"libor\",\"image\":{\"@type\":\"ImageObject\",\"inLanguage\":\"sk-SK\",\"@id\":\"https:\\\/\\\/secure.gravatar.com\\\/avatar\\\/c583dbc698e594aacced1589eb8cf1673bd41d461e8b2ab635484ffc26fee7b0?s=96&d=mm&r=g\",\"url\":\"https:\\\/\\\/secure.gravatar.com\\\/avatar\\\/c583dbc698e594aacced1589eb8cf1673bd41d461e8b2ab635484ffc26fee7b0?s=96&d=mm&r=g\",\"contentUrl\":\"https:\\\/\\\/secure.gravatar.com\\\/avatar\\\/c583dbc698e594aacced1589eb8cf1673bd41d461e8b2ab635484ffc26fee7b0?s=96&d=mm&r=g\",\"caption\":\"libor\"}}]}<\/script>\n<!-- \/ Yoast SEO plugin. -->","yoast_head_json":{"title":"O netradi\u010dn\u00e9 svadbovanie v pal\u00e1ci, v parku a na hrade je ve\u013ek\u00fd z\u00e1ujem - Pova\u017esk\u00e9 m\u00fazeum","robots":{"index":"index","follow":"follow","max-snippet":"max-snippet:-1","max-image-preview":"max-image-preview:large","max-video-preview":"max-video-preview:-1"},"canonical":"https:\/\/pmza.sk\/?p=3015","og_locale":"sk_SK","og_type":"article","og_title":"O netradi\u010dn\u00e9 svadbovanie v pal\u00e1ci, v parku a na hrade je ve\u013ek\u00fd z\u00e1ujem - Pova\u017esk\u00e9 m\u00fazeum","og_description":"M\u00e1j 2011 bol mesiacom kedy sa v\u00a0Sob\u00e1\u0161nom pal\u00e1ci v\u00a0Byt\u010di uskuto\u010dnili\u00a0 svadby dvoch v\u00ed\u0165azn\u00fdch sn\u00fabeneck\u00fdch p\u00e1rov s\u00fa\u0165a\u017ee Svadobn\u00fd dar palat\u00edna Turzu, vyhl\u00e1senej presne pred rokom \u017dilinsk\u00fdm samospr\u00e1vnym krajom a\u00a0Pova\u017esk\u00fdm m\u00fazeom v\u00a0\u017diline. Miroslava Sobolov\u00e1 a\u00a0\u013dubo\u0161 Mo\u0161\u010dovi\u010d z\u00a0Pova\u017eskej Bystrice a\u00a0Jana Kri\u0161tofov\u00e1 a\u00a0Tom\u00e1\u0161 Matu\u0161kovi\u010d zo \u017diliny, ktor\u00ed pod\u013ea pravidiel s\u00fa\u0165a\u017ee putovali po historick\u00fdch pamiatkach \u017eilinsk\u00e9ho kraja, boli nakoniec vylosovan\u00ed [&hellip;]","og_url":"https:\/\/pmza.sk\/?p=3015","og_site_name":"Pova\u017esk\u00e9 m\u00fazeum","article_publisher":"https:\/\/www.facebook.com\/povazskemuzeum","article_published_time":"2011-06-08T10:27:24+00:00","og_image":[{"url":"https:\/\/pmza.sk.sk\/wp-content\/uploads\/2011\/06\/Z9H9744-300x200.jpg","type":"","width":"","height":""}],"author":"libor","twitter_card":"summary_large_image","twitter_misc":{"Autor":"libor","Predpokladan\u00fd \u010das \u010d\u00edtania":"2 min\u00faty"},"schema":{"@context":"https:\/\/schema.org","@graph":[{"@type":"Article","@id":"https:\/\/pmza.sk\/?p=3015#article","isPartOf":{"@id":"https:\/\/pmza.sk\/?p=3015"},"author":{"name":"libor","@id":"https:\/\/pmza.sk\/#\/schema\/person\/f0b923a9aa8e1f67feef0d7cd9afde35"},"headline":"O netradi\u010dn\u00e9 svadbovanie v pal\u00e1ci, v parku a na hrade je ve\u013ek\u00fd z\u00e1ujem","datePublished":"2011-06-08T10:27:24+00:00","mainEntityOfPage":{"@id":"https:\/\/pmza.sk\/?p=3015"},"wordCount":424,"publisher":{"@id":"https:\/\/pmza.sk\/#organization"},"image":{"@id":"https:\/\/pmza.sk\/?p=3015#primaryimage"},"thumbnailUrl":"https:\/\/pmza.sk.sk\/wp-content\/uploads\/2011\/06\/Z9H9744-300x200.jpg","articleSection":["Arch\u00edv 2011"],"inLanguage":"sk-SK"},{"@type":"WebPage","@id":"https:\/\/pmza.sk\/?p=3015","url":"https:\/\/pmza.sk\/?p=3015","name":"O netradi\u010dn\u00e9 svadbovanie v pal\u00e1ci, v parku a na hrade je ve\u013ek\u00fd z\u00e1ujem - Pova\u017esk\u00e9 m\u00fazeum","isPartOf":{"@id":"https:\/\/pmza.sk\/#website"},"primaryImageOfPage":{"@id":"https:\/\/pmza.sk\/?p=3015#primaryimage"},"image":{"@id":"https:\/\/pmza.sk\/?p=3015#primaryimage"},"thumbnailUrl":"https:\/\/pmza.sk.sk\/wp-content\/uploads\/2011\/06\/Z9H9744-300x200.jpg","datePublished":"2011-06-08T10:27:24+00:00","breadcrumb":{"@id":"https:\/\/pmza.sk\/?p=3015#breadcrumb"},"inLanguage":"sk-SK","potentialAction":[{"@type":"ReadAction","target":["https:\/\/pmza.sk\/?p=3015"]}]},{"@type":"ImageObject","inLanguage":"sk-SK","@id":"https:\/\/pmza.sk\/?p=3015#primaryimage","url":"https:\/\/pmza.sk.sk\/wp-content\/uploads\/2011\/06\/Z9H9744-300x200.jpg","contentUrl":"https:\/\/pmza.sk.sk\/wp-content\/uploads\/2011\/06\/Z9H9744-300x200.jpg"},{"@type":"BreadcrumbList","@id":"https:\/\/pmza.sk\/?p=3015#breadcrumb","itemListElement":[{"@type":"ListItem","position":1,"name":"Domovsk\u00e1 str\u00e1nka","item":"https:\/\/pmza.sk\/"},{"@type":"ListItem","position":2,"name":"O netradi\u010dn\u00e9 svadbovanie v pal\u00e1ci, v parku a na hrade je ve\u013ek\u00fd z\u00e1ujem"}]},{"@type":"WebSite","@id":"https:\/\/pmza.sk\/#website","url":"https:\/\/pmza.sk\/","name":"Pova\u017esk\u00e9 m\u00fazeum","description":"Pova\u017esk\u00e9 m\u00fazeum v \u017diline je region\u00e1lne m\u00fazeum so s\u00eddlom v Budat\u00edne. Jeho expoz\u00edcie s\u00fa zameran\u00e9 na dejiny slovensk\u00e9ho umenia, kult\u00fary a dopravy.","publisher":{"@id":"https:\/\/pmza.sk\/#organization"},"potentialAction":[{"@type":"SearchAction","target":{"@type":"EntryPoint","urlTemplate":"https:\/\/pmza.sk\/?s={search_term_string}"},"query-input":{"@type":"PropertyValueSpecification","valueRequired":true,"valueName":"search_term_string"}}],"inLanguage":"sk-SK"},{"@type":"Organization","@id":"https:\/\/pmza.sk\/#organization","name":"Pova\u017esk\u00e9 m\u00fazeum","url":"https:\/\/pmza.sk\/","logo":{"@type":"ImageObject","inLanguage":"sk-SK","@id":"https:\/\/pmza.sk\/#\/schema\/logo\/image\/","url":"https:\/\/pmza.sk\/wp-content\/uploads\/2022\/01\/logo_PM_horizontal.jpg","contentUrl":"https:\/\/pmza.sk\/wp-content\/uploads\/2022\/01\/logo_PM_horizontal.jpg","width":231,"height":142,"caption":"Pova\u017esk\u00e9 m\u00fazeum"},"image":{"@id":"https:\/\/pmza.sk\/#\/schema\/logo\/image\/"},"sameAs":["https:\/\/www.facebook.com\/povazskemuzeum","https:\/\/www.instagram.com\/povazskemuzeum\/"]},{"@type":"Person","@id":"https:\/\/pmza.sk\/#\/schema\/person\/f0b923a9aa8e1f67feef0d7cd9afde35","name":"libor","image":{"@type":"ImageObject","inLanguage":"sk-SK","@id":"https:\/\/secure.gravatar.com\/avatar\/c583dbc698e594aacced1589eb8cf1673bd41d461e8b2ab635484ffc26fee7b0?s=96&d=mm&r=g","url":"https:\/\/secure.gravatar.com\/avatar\/c583dbc698e594aacced1589eb8cf1673bd41d461e8b2ab635484ffc26fee7b0?s=96&d=mm&r=g","contentUrl":"https:\/\/secure.gravatar.com\/avatar\/c583dbc698e594aacced1589eb8cf1673bd41d461e8b2ab635484ffc26fee7b0?s=96&d=mm&r=g","caption":"libor"}}]}},"_links":{"self":[{"href":"https:\/\/pmza.sk\/index.php?rest_route=\/wp\/v2\/posts\/3015","targetHints":{"allow":["GET"]}}],"collection":[{"href":"https:\/\/pmza.sk\/index.php?rest_route=\/wp\/v2\/posts"}],"about":[{"href":"https:\/\/pmza.sk\/index.php?rest_route=\/wp\/v2\/types\/post"}],"author":[{"embeddable":true,"href":"https:\/\/pmza.sk\/index.php?rest_route=\/wp\/v2\/users\/1"}],"replies":[{"embeddable":true,"href":"https:\/\/pmza.sk\/index.php?rest_route=%2Fwp%2Fv2%2Fcomments&post=3015"}],"version-history":[{"count":0,"href":"https:\/\/pmza.sk\/index.php?rest_route=\/wp\/v2\/posts\/3015\/revisions"}],"wp:attachment":[{"href":"https:\/\/pmza.sk\/index.php?rest_route=%2Fwp%2Fv2%2Fmedia&parent=3015"}],"wp:term":[{"taxonomy":"category","embeddable":true,"href":"https:\/\/pmza.sk\/index.php?rest_route=%2Fwp%2Fv2%2Fcategories&post=3015"},{"taxonomy":"post_tag","embeddable":true,"href":"https:\/\/pmza.sk\/index.php?rest_route=%2Fwp%2Fv2%2Ftags&post=3015"}],"curies":[{"name":"wp","href":"https:\/\/api.w.org\/{rel}","templated":true}]}}