{"id":305,"date":"2010-04-05T13:01:49","date_gmt":"2010-04-05T12:01:49","guid":{"rendered":"https:\/\/pmza.sk.sk\/info\/?p=305"},"modified":"2010-04-05T13:01:49","modified_gmt":"2010-04-05T12:01:49","slug":"dali-miro-picasso-svetovi-velikani-v-ziline","status":"publish","type":"post","link":"https:\/\/pmza.sk\/?p=305","title":{"rendered":"Dal\u00ed, Mir\u00f3, Picasso &#8211; svetov\u00ed velik\u00e1ni v \u017diline"},"content":{"rendered":"<table style=\"text-align: justify;\" border=\"0\" cellspacing=\"0\" cellpadding=\"0\" width=\"97%\">\n<tbody>\n<tr>\n<td width=\"100%\" valign=\"top\">\n<table cellspacing=\"0\" cellpadding=\"2\" width=\"100%\">\n<tbody>\n<tr>\n<td>\n<p style=\"text-align: justify;\"><a href=\"https:\/\/pmza.sk.sk\/wp-content\/uploads\/2010\/04\/dali.jpg\"><img decoding=\"async\" width=\"250\" height=\"179\" class=\"size-full wp-image-308 alignleft\" style=\"margin-left: 4px; margin-right: 4px; border: black 2px solid;\" title=\"dali\" src=\"https:\/\/pmza.sk.sk\/wp-content\/uploads\/2010\/04\/dali.jpg\" alt=\"\" \/><\/a>Nieko\u013ekoro\u010dn\u00e1 spolupr\u00e1ca s\u00a0nemeckou Gal\u00e9riou Sundermann W\u00fcrzburg, vr\u00facny vz\u0165ah zapo\u017ei\u010diavate\u013ea k\u00a0Budat\u00ednskemu hradu a\u00a0v\u00a0neposlednom rade podpora mecen\u00e1\u0161ov umenia priniesli jedine\u010dn\u00e9 ovocie. V\u00a0\u017diline a\u00a0v\u00f4bec na Slovensku prv\u00fdkr\u00e1t bude verejnosti spr\u00edstupnen\u00e1 jedine\u010dn\u00e1 kolekcia<!--more-->, takmer 60 grafick\u00fdch listov a\u00a0ryt\u00edn svetov\u00fdch maliarov \u2013 Dal\u00edho, Mir\u00f3a a\u00a0Picassa v\u00a0piatok 16. apr\u00edla 2010 v\u00a0are\u00e1li Budat\u00ednskeho hradu. Ka\u017ed\u00fd z vystavovan\u00fdch autorov prispel svojou tvorbou do zlatej klenotnice v\u00fdtvarn\u00e9ho umenia osobit\u00fdm a nezastupite\u013en\u00fdm dielom. Ich tvorbu sp\u00e1ja aura v\u00fdnimo\u010dnosti, \u0161panielsky p\u00f4vod a\u00a0Par\u00ed\u017e. <em>\u201ePablo Picasso v\u00e4\u010d\u0161iu \u010das\u0165 svojho \u017eivota pre\u017eil v Par\u00ed\u017ei. Bol zakladate\u013eom kubizmu. Patril k najzn\u00e1mej\u0161\u00edm osobnostiam, ktor\u00e9 ovplyvnili cel\u00e9 modern\u00e9 dejiny v\u00fdtvarn\u00e9ho umenia. Joan Mir\u00f3 bol presl\u00e1ven\u00fd svojou nezvy\u010dajne hravou, minimalistickou tvorbou v duchu surrealizmu. Od roku 1956 a\u017e do svojej smrti \u017eil na ostrove Mallorca. Okrem in\u00e9ho ho presl\u00e1vili aj mnoh\u00e9 pozoruhodn\u00e9 monument\u00e1lne realiz\u00e1cie v Eur\u00f3pe i\u00a0v Amerike. Tvorba Salvadora Dal\u00edho sa jednozna\u010dne sp\u00e1ja so surrealizmom \u2013 patr\u00ed k\u00a0najvplyvnej\u0161\u00edm predstavite\u013eom tohto popul\u00e1rneho smeru. Jeho diela fascinuj\u00fa a \u0161okuj\u00fa z\u00e1rove\u0148, <\/em>\u201c povedal na margo v\u00fdstavy Milan Maz\u00far, kur\u00e1tor v\u00fdstavy. Diela v\u0161etk\u00fdch troch umelcov Dal\u00edho, Mir\u00f3a aj Picassa s\u00fa zast\u00fapen\u00e9 v najv\u00fdznamnej\u0161\u00edch gal\u00e9ri\u00e1ch svetov\u00fdch metropol\u00ed. Sp\u00e1ja ich v\u00fdnimo\u010dnos\u0165 a\u00a0uznanie.Grafick\u00e1 tvorba patr\u00ed k neodelite\u013enej s\u00fa\u010dasti umeleck\u00e9ho prejavu t\u00fdchto autorov a\u00a0jedine\u010dn\u00e1 mo\u017enos\u0165 vidie\u0165 ju na vlastn\u00e9 o\u010di v pomerne rozsiahlej kolekcii diel, aj mimo tradi\u010dn\u00fdch kult\u00farnych centier, je nesporne jedn\u00fdm z najv\u00fdznamnej\u0161\u00edch pr\u00ednosov tejto v\u00fdstavy. <em>\u201e\u00a0Je to pr\u00edle\u017eitos\u0165,\u00a0\u00a0ak\u00e1 sa nenaskytne ka\u017ed\u00fd de\u0148 a realiz\u00e1cia tohto projektu je v\u00fdnimo\u010dnou udalos\u0165ou aj pre Pova\u017esk\u00e9 m\u00fazeum v\u00a0\u017diline,\u201c<\/em>dodal Boris Schubert, riadite\u013e Pova\u017esk\u00e9ho m\u00fazea v\u00a0\u017diline. N\u00e1v\u0161tevn\u00edkov v\u00fdstavy\u00a0Dal\u00ed, Mir\u00f3, Picasso \u010dak\u00e1 stretnutie s\u00a0Alicou v\u00a0Krajine z\u00e1zrakov v podan\u00ed Salvadora Dal\u00edho,b\u00fdkmi a Carmen o\u010dami Pabla Picassa \u010di\u00a0Z\u00e1zrakov Joana Mir\u00f3a.Vernis\u00e1\u017e v\u00fdstavy sa uskuto\u010dn\u00ed 16. apr\u00edla 2010 o\u00a017,00h, v\u00fdstava bude spr\u00edstupnen\u00e1 verejnosti do 23. m\u00e1ja 2010. Organiz\u00e1torom v\u00fdstavy je \u017dilinsk\u00fd samospr\u00e1vny kraj, Pova\u017esk\u00e9 m\u00fazeum v\u00a0\u017diline a\u00a0Seale n.f.<\/p>\n<\/td>\n<\/tr>\n<\/tbody>\n<\/table>\n<\/td>\n<\/tr>\n<\/tbody>\n<\/table>\n","protected":false},"excerpt":{"rendered":"<p>Nieko\u013ekoro\u010dn\u00e1 spolupr\u00e1ca s\u00a0nemeckou Gal\u00e9riou Sundermann W\u00fcrzburg, vr\u00facny vz\u0165ah zapo\u017ei\u010diavate\u013ea k\u00a0Budat\u00ednskemu hradu a\u00a0v\u00a0neposlednom rade podpora mecen\u00e1\u0161ov umenia priniesli jedine\u010dn\u00e9 ovocie. V\u00a0\u017diline a\u00a0v\u00f4bec na Slovensku prv\u00fdkr\u00e1t bude verejnosti spr\u00edstupnen\u00e1 jedine\u010dn\u00e1 kolekcia<\/p>\n","protected":false},"author":2,"featured_media":0,"comment_status":"closed","ping_status":"closed","sticky":false,"template":"","format":"standard","meta":{"site-sidebar-layout":"default","site-content-layout":"","ast-site-content-layout":"","site-content-style":"default","site-sidebar-style":"default","ast-global-header-display":"","ast-banner-title-visibility":"","ast-main-header-display":"","ast-hfb-above-header-display":"","ast-hfb-below-header-display":"","ast-hfb-mobile-header-display":"","site-post-title":"","ast-breadcrumbs-content":"","ast-featured-img":"","footer-sml-layout":"","theme-transparent-header-meta":"","adv-header-id-meta":"","stick-header-meta":"","header-above-stick-meta":"","header-main-stick-meta":"","header-below-stick-meta":"","astra-migrate-meta-layouts":"default","ast-page-background-enabled":"default","ast-page-background-meta":{"desktop":{"background-color":"var(--ast-global-color-4)","background-image":"","background-repeat":"repeat","background-position":"center center","background-size":"auto","background-attachment":"scroll","background-type":"","background-media":"","overlay-type":"","overlay-color":"","overlay-opacity":"","overlay-gradient":""},"tablet":{"background-color":"","background-image":"","background-repeat":"repeat","background-position":"center center","background-size":"auto","background-attachment":"scroll","background-type":"","background-media":"","overlay-type":"","overlay-color":"","overlay-opacity":"","overlay-gradient":""},"mobile":{"background-color":"","background-image":"","background-repeat":"repeat","background-position":"center center","background-size":"auto","background-attachment":"scroll","background-type":"","background-media":"","overlay-type":"","overlay-color":"","overlay-opacity":"","overlay-gradient":""}},"ast-content-background-meta":{"desktop":{"background-color":"var(--ast-global-color-5)","background-image":"","background-repeat":"repeat","background-position":"center center","background-size":"auto","background-attachment":"scroll","background-type":"","background-media":"","overlay-type":"","overlay-color":"","overlay-opacity":"","overlay-gradient":""},"tablet":{"background-color":"var(--ast-global-color-5)","background-image":"","background-repeat":"repeat","background-position":"center center","background-size":"auto","background-attachment":"scroll","background-type":"","background-media":"","overlay-type":"","overlay-color":"","overlay-opacity":"","overlay-gradient":""},"mobile":{"background-color":"var(--ast-global-color-5)","background-image":"","background-repeat":"repeat","background-position":"center center","background-size":"auto","background-attachment":"scroll","background-type":"","background-media":"","overlay-type":"","overlay-color":"","overlay-opacity":"","overlay-gradient":""}},"footnotes":""},"categories":[29],"tags":[],"class_list":["post-305","post","type-post","status-publish","format-standard","hentry","category-archiv-2010"],"yoast_head":"<!-- This site is optimized with the Yoast SEO plugin v27.4 - https:\/\/yoast.com\/product\/yoast-seo-wordpress\/ -->\n<title>Dal\u00ed, Mir\u00f3, Picasso - svetov\u00ed velik\u00e1ni v \u017diline - Pova\u017esk\u00e9 m\u00fazeum<\/title>\n<meta name=\"robots\" content=\"index, follow, max-snippet:-1, max-image-preview:large, max-video-preview:-1\" \/>\n<link rel=\"canonical\" href=\"https:\/\/pmza.sk\/?p=305\" \/>\n<meta property=\"og:locale\" content=\"sk_SK\" \/>\n<meta property=\"og:type\" content=\"article\" \/>\n<meta property=\"og:title\" content=\"Dal\u00ed, Mir\u00f3, Picasso - svetov\u00ed velik\u00e1ni v \u017diline - Pova\u017esk\u00e9 m\u00fazeum\" \/>\n<meta property=\"og:description\" content=\"Nieko\u013ekoro\u010dn\u00e1 spolupr\u00e1ca s\u00a0nemeckou Gal\u00e9riou Sundermann W\u00fcrzburg, vr\u00facny vz\u0165ah zapo\u017ei\u010diavate\u013ea k\u00a0Budat\u00ednskemu hradu a\u00a0v\u00a0neposlednom rade podpora mecen\u00e1\u0161ov umenia priniesli jedine\u010dn\u00e9 ovocie. V\u00a0\u017diline a\u00a0v\u00f4bec na Slovensku prv\u00fdkr\u00e1t bude verejnosti spr\u00edstupnen\u00e1 jedine\u010dn\u00e1 kolekcia\" \/>\n<meta property=\"og:url\" content=\"https:\/\/pmza.sk\/?p=305\" \/>\n<meta property=\"og:site_name\" content=\"Pova\u017esk\u00e9 m\u00fazeum\" \/>\n<meta property=\"article:publisher\" content=\"https:\/\/www.facebook.com\/povazskemuzeum\" \/>\n<meta property=\"article:published_time\" content=\"2010-04-05T12:01:49+00:00\" \/>\n<meta property=\"og:image\" content=\"https:\/\/pmza.sk.sk\/wp-content\/uploads\/2010\/04\/dali.jpg\" \/>\n<meta name=\"author\" content=\"Pova\u017esk\u00e9 m\u00fazeum\" \/>\n<meta name=\"twitter:card\" content=\"summary_large_image\" \/>\n<meta name=\"twitter:label1\" content=\"Autor\" \/>\n\t<meta name=\"twitter:data1\" content=\"Pova\u017esk\u00e9 m\u00fazeum\" \/>\n\t<meta name=\"twitter:label2\" content=\"Predpokladan\u00fd \u010das \u010d\u00edtania\" \/>\n\t<meta name=\"twitter:data2\" content=\"2 min\u00faty\" \/>\n<script type=\"application\/ld+json\" class=\"yoast-schema-graph\">{\"@context\":\"https:\\\/\\\/schema.org\",\"@graph\":[{\"@type\":\"Article\",\"@id\":\"https:\\\/\\\/pmza.sk\\\/?p=305#article\",\"isPartOf\":{\"@id\":\"https:\\\/\\\/pmza.sk\\\/?p=305\"},\"author\":{\"name\":\"Pova\u017esk\u00e9 m\u00fazeum\",\"@id\":\"https:\\\/\\\/pmza.sk\\\/#\\\/schema\\\/person\\\/595e6a2ce731ea94dcd5d7f50a41ae33\"},\"headline\":\"Dal\u00ed, Mir\u00f3, Picasso &#8211; svetov\u00ed velik\u00e1ni v \u017diline\",\"datePublished\":\"2010-04-05T12:01:49+00:00\",\"mainEntityOfPage\":{\"@id\":\"https:\\\/\\\/pmza.sk\\\/?p=305\"},\"wordCount\":437,\"publisher\":{\"@id\":\"https:\\\/\\\/pmza.sk\\\/#organization\"},\"image\":{\"@id\":\"https:\\\/\\\/pmza.sk\\\/?p=305#primaryimage\"},\"thumbnailUrl\":\"http:\\\/\\\/pmza.sk.sk\\\/wp-content\\\/uploads\\\/2010\\\/04\\\/dali.jpg\",\"articleSection\":[\"Arch\u00edv 2010\"],\"inLanguage\":\"sk-SK\"},{\"@type\":\"WebPage\",\"@id\":\"https:\\\/\\\/pmza.sk\\\/?p=305\",\"url\":\"https:\\\/\\\/pmza.sk\\\/?p=305\",\"name\":\"Dal\u00ed, Mir\u00f3, Picasso - svetov\u00ed velik\u00e1ni v \u017diline - Pova\u017esk\u00e9 m\u00fazeum\",\"isPartOf\":{\"@id\":\"https:\\\/\\\/pmza.sk\\\/#website\"},\"primaryImageOfPage\":{\"@id\":\"https:\\\/\\\/pmza.sk\\\/?p=305#primaryimage\"},\"image\":{\"@id\":\"https:\\\/\\\/pmza.sk\\\/?p=305#primaryimage\"},\"thumbnailUrl\":\"http:\\\/\\\/pmza.sk.sk\\\/wp-content\\\/uploads\\\/2010\\\/04\\\/dali.jpg\",\"datePublished\":\"2010-04-05T12:01:49+00:00\",\"breadcrumb\":{\"@id\":\"https:\\\/\\\/pmza.sk\\\/?p=305#breadcrumb\"},\"inLanguage\":\"sk-SK\",\"potentialAction\":[{\"@type\":\"ReadAction\",\"target\":[\"https:\\\/\\\/pmza.sk\\\/?p=305\"]}]},{\"@type\":\"ImageObject\",\"inLanguage\":\"sk-SK\",\"@id\":\"https:\\\/\\\/pmza.sk\\\/?p=305#primaryimage\",\"url\":\"http:\\\/\\\/pmza.sk.sk\\\/wp-content\\\/uploads\\\/2010\\\/04\\\/dali.jpg\",\"contentUrl\":\"http:\\\/\\\/pmza.sk.sk\\\/wp-content\\\/uploads\\\/2010\\\/04\\\/dali.jpg\"},{\"@type\":\"BreadcrumbList\",\"@id\":\"https:\\\/\\\/pmza.sk\\\/?p=305#breadcrumb\",\"itemListElement\":[{\"@type\":\"ListItem\",\"position\":1,\"name\":\"Domovsk\u00e1 str\u00e1nka\",\"item\":\"https:\\\/\\\/pmza.sk\\\/\"},{\"@type\":\"ListItem\",\"position\":2,\"name\":\"Dal\u00ed, Mir\u00f3, Picasso &#8211; svetov\u00ed velik\u00e1ni v \u017diline\"}]},{\"@type\":\"WebSite\",\"@id\":\"https:\\\/\\\/pmza.sk\\\/#website\",\"url\":\"https:\\\/\\\/pmza.sk\\\/\",\"name\":\"Pova\u017esk\u00e9 m\u00fazeum\",\"description\":\"Pova\u017esk\u00e9 m\u00fazeum v \u017diline je region\u00e1lne m\u00fazeum so s\u00eddlom v Budat\u00edne. Jeho expoz\u00edcie s\u00fa zameran\u00e9 na dejiny slovensk\u00e9ho umenia, kult\u00fary a dopravy.\",\"publisher\":{\"@id\":\"https:\\\/\\\/pmza.sk\\\/#organization\"},\"potentialAction\":[{\"@type\":\"SearchAction\",\"target\":{\"@type\":\"EntryPoint\",\"urlTemplate\":\"https:\\\/\\\/pmza.sk\\\/?s={search_term_string}\"},\"query-input\":{\"@type\":\"PropertyValueSpecification\",\"valueRequired\":true,\"valueName\":\"search_term_string\"}}],\"inLanguage\":\"sk-SK\"},{\"@type\":\"Organization\",\"@id\":\"https:\\\/\\\/pmza.sk\\\/#organization\",\"name\":\"Pova\u017esk\u00e9 m\u00fazeum\",\"url\":\"https:\\\/\\\/pmza.sk\\\/\",\"logo\":{\"@type\":\"ImageObject\",\"inLanguage\":\"sk-SK\",\"@id\":\"https:\\\/\\\/pmza.sk\\\/#\\\/schema\\\/logo\\\/image\\\/\",\"url\":\"https:\\\/\\\/pmza.sk\\\/wp-content\\\/uploads\\\/2022\\\/01\\\/logo_PM_horizontal.jpg\",\"contentUrl\":\"https:\\\/\\\/pmza.sk\\\/wp-content\\\/uploads\\\/2022\\\/01\\\/logo_PM_horizontal.jpg\",\"width\":231,\"height\":142,\"caption\":\"Pova\u017esk\u00e9 m\u00fazeum\"},\"image\":{\"@id\":\"https:\\\/\\\/pmza.sk\\\/#\\\/schema\\\/logo\\\/image\\\/\"},\"sameAs\":[\"https:\\\/\\\/www.facebook.com\\\/povazskemuzeum\",\"https:\\\/\\\/www.instagram.com\\\/povazskemuzeum\\\/\"]},{\"@type\":\"Person\",\"@id\":\"https:\\\/\\\/pmza.sk\\\/#\\\/schema\\\/person\\\/595e6a2ce731ea94dcd5d7f50a41ae33\",\"name\":\"Pova\u017esk\u00e9 m\u00fazeum\",\"image\":{\"@type\":\"ImageObject\",\"inLanguage\":\"sk-SK\",\"@id\":\"https:\\\/\\\/secure.gravatar.com\\\/avatar\\\/2bb7f1561282132fb5826dfeccc66c7996d11ee392ac6aaf7ced8a1c2027fbb2?s=96&d=mm&r=g\",\"url\":\"https:\\\/\\\/secure.gravatar.com\\\/avatar\\\/2bb7f1561282132fb5826dfeccc66c7996d11ee392ac6aaf7ced8a1c2027fbb2?s=96&d=mm&r=g\",\"contentUrl\":\"https:\\\/\\\/secure.gravatar.com\\\/avatar\\\/2bb7f1561282132fb5826dfeccc66c7996d11ee392ac6aaf7ced8a1c2027fbb2?s=96&d=mm&r=g\",\"caption\":\"Pova\u017esk\u00e9 m\u00fazeum\"}}]}<\/script>\n<!-- \/ Yoast SEO plugin. -->","yoast_head_json":{"title":"Dal\u00ed, Mir\u00f3, Picasso - svetov\u00ed velik\u00e1ni v \u017diline - Pova\u017esk\u00e9 m\u00fazeum","robots":{"index":"index","follow":"follow","max-snippet":"max-snippet:-1","max-image-preview":"max-image-preview:large","max-video-preview":"max-video-preview:-1"},"canonical":"https:\/\/pmza.sk\/?p=305","og_locale":"sk_SK","og_type":"article","og_title":"Dal\u00ed, Mir\u00f3, Picasso - svetov\u00ed velik\u00e1ni v \u017diline - Pova\u017esk\u00e9 m\u00fazeum","og_description":"Nieko\u013ekoro\u010dn\u00e1 spolupr\u00e1ca s\u00a0nemeckou Gal\u00e9riou Sundermann W\u00fcrzburg, vr\u00facny vz\u0165ah zapo\u017ei\u010diavate\u013ea k\u00a0Budat\u00ednskemu hradu a\u00a0v\u00a0neposlednom rade podpora mecen\u00e1\u0161ov umenia priniesli jedine\u010dn\u00e9 ovocie. V\u00a0\u017diline a\u00a0v\u00f4bec na Slovensku prv\u00fdkr\u00e1t bude verejnosti spr\u00edstupnen\u00e1 jedine\u010dn\u00e1 kolekcia","og_url":"https:\/\/pmza.sk\/?p=305","og_site_name":"Pova\u017esk\u00e9 m\u00fazeum","article_publisher":"https:\/\/www.facebook.com\/povazskemuzeum","article_published_time":"2010-04-05T12:01:49+00:00","og_image":[{"url":"https:\/\/pmza.sk.sk\/wp-content\/uploads\/2010\/04\/dali.jpg","type":"","width":"","height":""}],"author":"Pova\u017esk\u00e9 m\u00fazeum","twitter_card":"summary_large_image","twitter_misc":{"Autor":"Pova\u017esk\u00e9 m\u00fazeum","Predpokladan\u00fd \u010das \u010d\u00edtania":"2 min\u00faty"},"schema":{"@context":"https:\/\/schema.org","@graph":[{"@type":"Article","@id":"https:\/\/pmza.sk\/?p=305#article","isPartOf":{"@id":"https:\/\/pmza.sk\/?p=305"},"author":{"name":"Pova\u017esk\u00e9 m\u00fazeum","@id":"https:\/\/pmza.sk\/#\/schema\/person\/595e6a2ce731ea94dcd5d7f50a41ae33"},"headline":"Dal\u00ed, Mir\u00f3, Picasso &#8211; svetov\u00ed velik\u00e1ni v \u017diline","datePublished":"2010-04-05T12:01:49+00:00","mainEntityOfPage":{"@id":"https:\/\/pmza.sk\/?p=305"},"wordCount":437,"publisher":{"@id":"https:\/\/pmza.sk\/#organization"},"image":{"@id":"https:\/\/pmza.sk\/?p=305#primaryimage"},"thumbnailUrl":"https:\/\/pmza.sk.sk\/wp-content\/uploads\/2010\/04\/dali.jpg","articleSection":["Arch\u00edv 2010"],"inLanguage":"sk-SK"},{"@type":"WebPage","@id":"https:\/\/pmza.sk\/?p=305","url":"https:\/\/pmza.sk\/?p=305","name":"Dal\u00ed, Mir\u00f3, Picasso - svetov\u00ed velik\u00e1ni v \u017diline - Pova\u017esk\u00e9 m\u00fazeum","isPartOf":{"@id":"https:\/\/pmza.sk\/#website"},"primaryImageOfPage":{"@id":"https:\/\/pmza.sk\/?p=305#primaryimage"},"image":{"@id":"https:\/\/pmza.sk\/?p=305#primaryimage"},"thumbnailUrl":"https:\/\/pmza.sk.sk\/wp-content\/uploads\/2010\/04\/dali.jpg","datePublished":"2010-04-05T12:01:49+00:00","breadcrumb":{"@id":"https:\/\/pmza.sk\/?p=305#breadcrumb"},"inLanguage":"sk-SK","potentialAction":[{"@type":"ReadAction","target":["https:\/\/pmza.sk\/?p=305"]}]},{"@type":"ImageObject","inLanguage":"sk-SK","@id":"https:\/\/pmza.sk\/?p=305#primaryimage","url":"https:\/\/pmza.sk.sk\/wp-content\/uploads\/2010\/04\/dali.jpg","contentUrl":"https:\/\/pmza.sk.sk\/wp-content\/uploads\/2010\/04\/dali.jpg"},{"@type":"BreadcrumbList","@id":"https:\/\/pmza.sk\/?p=305#breadcrumb","itemListElement":[{"@type":"ListItem","position":1,"name":"Domovsk\u00e1 str\u00e1nka","item":"https:\/\/pmza.sk\/"},{"@type":"ListItem","position":2,"name":"Dal\u00ed, Mir\u00f3, Picasso &#8211; svetov\u00ed velik\u00e1ni v \u017diline"}]},{"@type":"WebSite","@id":"https:\/\/pmza.sk\/#website","url":"https:\/\/pmza.sk\/","name":"Pova\u017esk\u00e9 m\u00fazeum","description":"Pova\u017esk\u00e9 m\u00fazeum v \u017diline je region\u00e1lne m\u00fazeum so s\u00eddlom v Budat\u00edne. Jeho expoz\u00edcie s\u00fa zameran\u00e9 na dejiny slovensk\u00e9ho umenia, kult\u00fary a dopravy.","publisher":{"@id":"https:\/\/pmza.sk\/#organization"},"potentialAction":[{"@type":"SearchAction","target":{"@type":"EntryPoint","urlTemplate":"https:\/\/pmza.sk\/?s={search_term_string}"},"query-input":{"@type":"PropertyValueSpecification","valueRequired":true,"valueName":"search_term_string"}}],"inLanguage":"sk-SK"},{"@type":"Organization","@id":"https:\/\/pmza.sk\/#organization","name":"Pova\u017esk\u00e9 m\u00fazeum","url":"https:\/\/pmza.sk\/","logo":{"@type":"ImageObject","inLanguage":"sk-SK","@id":"https:\/\/pmza.sk\/#\/schema\/logo\/image\/","url":"https:\/\/pmza.sk\/wp-content\/uploads\/2022\/01\/logo_PM_horizontal.jpg","contentUrl":"https:\/\/pmza.sk\/wp-content\/uploads\/2022\/01\/logo_PM_horizontal.jpg","width":231,"height":142,"caption":"Pova\u017esk\u00e9 m\u00fazeum"},"image":{"@id":"https:\/\/pmza.sk\/#\/schema\/logo\/image\/"},"sameAs":["https:\/\/www.facebook.com\/povazskemuzeum","https:\/\/www.instagram.com\/povazskemuzeum\/"]},{"@type":"Person","@id":"https:\/\/pmza.sk\/#\/schema\/person\/595e6a2ce731ea94dcd5d7f50a41ae33","name":"Pova\u017esk\u00e9 m\u00fazeum","image":{"@type":"ImageObject","inLanguage":"sk-SK","@id":"https:\/\/secure.gravatar.com\/avatar\/2bb7f1561282132fb5826dfeccc66c7996d11ee392ac6aaf7ced8a1c2027fbb2?s=96&d=mm&r=g","url":"https:\/\/secure.gravatar.com\/avatar\/2bb7f1561282132fb5826dfeccc66c7996d11ee392ac6aaf7ced8a1c2027fbb2?s=96&d=mm&r=g","contentUrl":"https:\/\/secure.gravatar.com\/avatar\/2bb7f1561282132fb5826dfeccc66c7996d11ee392ac6aaf7ced8a1c2027fbb2?s=96&d=mm&r=g","caption":"Pova\u017esk\u00e9 m\u00fazeum"}}]}},"_links":{"self":[{"href":"https:\/\/pmza.sk\/index.php?rest_route=\/wp\/v2\/posts\/305","targetHints":{"allow":["GET"]}}],"collection":[{"href":"https:\/\/pmza.sk\/index.php?rest_route=\/wp\/v2\/posts"}],"about":[{"href":"https:\/\/pmza.sk\/index.php?rest_route=\/wp\/v2\/types\/post"}],"author":[{"embeddable":true,"href":"https:\/\/pmza.sk\/index.php?rest_route=\/wp\/v2\/users\/2"}],"replies":[{"embeddable":true,"href":"https:\/\/pmza.sk\/index.php?rest_route=%2Fwp%2Fv2%2Fcomments&post=305"}],"version-history":[{"count":0,"href":"https:\/\/pmza.sk\/index.php?rest_route=\/wp\/v2\/posts\/305\/revisions"}],"wp:attachment":[{"href":"https:\/\/pmza.sk\/index.php?rest_route=%2Fwp%2Fv2%2Fmedia&parent=305"}],"wp:term":[{"taxonomy":"category","embeddable":true,"href":"https:\/\/pmza.sk\/index.php?rest_route=%2Fwp%2Fv2%2Fcategories&post=305"},{"taxonomy":"post_tag","embeddable":true,"href":"https:\/\/pmza.sk\/index.php?rest_route=%2Fwp%2Fv2%2Ftags&post=305"}],"curies":[{"name":"wp","href":"https:\/\/api.w.org\/{rel}","templated":true}]}}