{"id":3050,"date":"2011-06-10T13:36:55","date_gmt":"2011-06-10T11:36:55","guid":{"rendered":"https:\/\/pmza.sk.sk\/?p=3050"},"modified":"2011-06-10T13:36:55","modified_gmt":"2011-06-10T11:36:55","slug":"v-radenovom-dom-sa-bude-mliet-muka","status":"publish","type":"post","link":"https:\/\/pmza.sk\/?p=3050","title":{"rendered":"V Radenovom dome sa bude mlie\u0165 m\u00faka"},"content":{"rendered":"<p><strong><\/strong><a href=\"https:\/\/pmza.sk\/wp-content\/uploads\/2011\/06\/z-vystavy-v-Radenovom-dome-scaled-1.jpg\"><img fetchpriority=\"high\" decoding=\"async\" class=\"alignleft size-medium wp-image-3051\" style=\"border: 2px solid black; margin: 4px;\" title=\"z vystavy v Radenovom dome\" src=\"https:\/\/pmza.sk.sk\/wp-content\/uploads\/2011\/06\/z-vystavy-v-Radenovom-dome-300x191.jpg\" alt=\"\" width=\"300\" height=\"191\" \/><\/a>Str\u00faha\u0165 \u0161indle obojru\u010dn\u00fdm no\u017eom, mlie\u0165 m\u00faku v\u00a0kamennom \u017earnove alebo drvi\u0165 zrno v\u00a0ma\u017eiari, to v\u0161etko si m\u00f4\u017eu po\u010das cel\u00e9ho j\u00fana a\u00a0j\u00fala vysk\u00fa\u0161a\u0165 n\u00e1v\u0161tevn\u00edci Radenovho domu v\u00a0\u010ci\u010dmanoch. Poslednou implementa\u010dnou aktivitou projektu cezhrani\u010dnej spolupr\u00e1ce PL \u2013 SK 2007\/2013 pod n\u00e1zvom Tradi\u010dn\u00e1 \u013eudov\u00e1 architekt\u00fara a\u00a0sp\u00f4sob b\u00fdvania v\u00a0pamiatkovej rezerv\u00e1cii \u010ci\u010dmany je v\u00fdstava pod n\u00e1zvom <strong>Zabudnut\u00e9 stavebn\u00e9 kon\u0161trukcie. <!--more-->\u201e<\/strong><em>V r\u00e1mci tohto projektu sa zrealizovalo nieko\u013eko spolo\u010dn\u00fdch\u00a0 podujat\u00ed, ako napr. konferencia, workshopy a\u00a0v\u00fdstavy, ktor\u00fdch hlavn\u00fdm cie\u013eom bolo zachova\u0165 dreven\u00fa \u013eudov\u00fa architekt\u00faru po\u013esko-slovensk\u00e9ho pohrani\u010dia. Zauj\u00edmav\u00e9 boli tvoriv\u00e9 remeseln\u00edcke dielne, kde sa \u00fa\u010dastn\u00edci\u00a0 u\u010dili tradi\u010dn\u00e9 techniky spracovania dreva, star\u00e9 kov\u00e1\u010dske \u010di pokr\u00fdva\u010dsk\u00e9 technol\u00f3gie,\u201c <\/em>upozornila Katar\u00edna Koz\u00e1kov\u00e1, etnologi\u010dka Pova\u017esk\u00e9ho m\u00fazea v\u00a0\u017diline a\u00a0hlavn\u00e1 koordin\u00e1torka projektu. V\u00fdstava nain\u0161talovan\u00e1 v\u00a0Radenovom dome predstavuje projekt po\u013esk\u00e9ho partnera z\u00a0region\u00e1lneho m\u00fazea v\u00a0Kamojowke a\u00a0z\u00e1rove\u0148 pon\u00faka ich expon\u00e1ty, na ktor\u00fdch je mo\u017en\u00e9 vysk\u00fa\u0161a\u0165 si niektor\u00e9 tradi\u010dn\u00e9 remeseln\u00edcke technol\u00f3gie.\u00a0Zav\u0155\u0161en\u00edm projektu bude otvorenie a\u00a0op\u00e4tovn\u00e9 spr\u00edstupnenie domu \u010d. 42 v\u00a0\u010ci\u010dmanoch u\u017e v letn\u00fdch mesiacoch toho roku, ktor\u00fd bude po viac ako dvadsiatich rokoch \u010diasto\u010dne obnoven\u00fd. \u201e<em>Od marca 2011 sa na dome \u010d. 42 vykonala v\u00fdmena po\u0161koden\u00fdch obvodov\u00fdch tr\u00e1mov, oprava murovan\u00fdch stien, hydroizol\u00e1cia. V\u00a0r\u00e1mci pr\u00e1c sa v\u00a0interi\u00e9ri domu realizuj\u00fa aj nov\u00e9 hlinen\u00e9 omietky, oprava podl\u00e1h a\u00a0oprava elektroin\u0161tal\u00e1cie,<\/em>\u201c dodala Katar\u00edna Koz\u00e1kov\u00e1.<\/p>\n<p>Vernis\u00e1\u017e v\u00fdstavy <strong>Zabudnut\u00e9 stavebn\u00e9 kon\u0161trukcie<\/strong> sa uskuto\u010dn\u00ed v\u00a0sobotu 18. j\u00fana 2011 o\u00a015.00 h v\u00a0Radenovom dome v\u00a0\u010ci\u010dmanoch. V\u00fdstava potrv\u00e1 do 31. j\u00fala 2011. Organiz\u00e1torom v\u00fdstavy je \u017dilinsk\u00fd samospr\u00e1vny kraj, Pova\u017esk\u00e9 m\u00fazeum v\u00a0\u017diline a\u00a0M\u00fazeum region\u00e1lne v\u00a0Kamojowke.<\/p>\n","protected":false},"excerpt":{"rendered":"<p>Str\u00faha\u0165 \u0161indle obojru\u010dn\u00fdm no\u017eom, mlie\u0165 m\u00faku v\u00a0kamennom \u017earnove alebo drvi\u0165 zrno v\u00a0ma\u017eiari, to v\u0161etko si m\u00f4\u017eu po\u010das cel\u00e9ho j\u00fana a\u00a0j\u00fala vysk\u00fa\u0161a\u0165 n\u00e1v\u0161tevn\u00edci Radenovho domu v\u00a0\u010ci\u010dmanoch. Poslednou implementa\u010dnou aktivitou projektu cezhrani\u010dnej spolupr\u00e1ce PL \u2013 SK 2007\/2013 pod n\u00e1zvom Tradi\u010dn\u00e1 \u013eudov\u00e1 architekt\u00fara a\u00a0sp\u00f4sob b\u00fdvania v\u00a0pamiatkovej rezerv\u00e1cii \u010ci\u010dmany je v\u00fdstava pod n\u00e1zvom Zabudnut\u00e9 stavebn\u00e9 kon\u0161trukcie.<\/p>\n","protected":false},"author":1,"featured_media":0,"comment_status":"closed","ping_status":"closed","sticky":false,"template":"","format":"standard","meta":{"site-sidebar-layout":"default","site-content-layout":"","ast-site-content-layout":"","site-content-style":"default","site-sidebar-style":"default","ast-global-header-display":"","ast-banner-title-visibility":"","ast-main-header-display":"","ast-hfb-above-header-display":"","ast-hfb-below-header-display":"","ast-hfb-mobile-header-display":"","site-post-title":"","ast-breadcrumbs-content":"","ast-featured-img":"","footer-sml-layout":"","theme-transparent-header-meta":"","adv-header-id-meta":"","stick-header-meta":"","header-above-stick-meta":"","header-main-stick-meta":"","header-below-stick-meta":"","astra-migrate-meta-layouts":"default","ast-page-background-enabled":"default","ast-page-background-meta":{"desktop":{"background-color":"var(--ast-global-color-4)","background-image":"","background-repeat":"repeat","background-position":"center center","background-size":"auto","background-attachment":"scroll","background-type":"","background-media":"","overlay-type":"","overlay-color":"","overlay-opacity":"","overlay-gradient":""},"tablet":{"background-color":"","background-image":"","background-repeat":"repeat","background-position":"center center","background-size":"auto","background-attachment":"scroll","background-type":"","background-media":"","overlay-type":"","overlay-color":"","overlay-opacity":"","overlay-gradient":""},"mobile":{"background-color":"","background-image":"","background-repeat":"repeat","background-position":"center center","background-size":"auto","background-attachment":"scroll","background-type":"","background-media":"","overlay-type":"","overlay-color":"","overlay-opacity":"","overlay-gradient":""}},"ast-content-background-meta":{"desktop":{"background-color":"var(--ast-global-color-5)","background-image":"","background-repeat":"repeat","background-position":"center center","background-size":"auto","background-attachment":"scroll","background-type":"","background-media":"","overlay-type":"","overlay-color":"","overlay-opacity":"","overlay-gradient":""},"tablet":{"background-color":"var(--ast-global-color-5)","background-image":"","background-repeat":"repeat","background-position":"center center","background-size":"auto","background-attachment":"scroll","background-type":"","background-media":"","overlay-type":"","overlay-color":"","overlay-opacity":"","overlay-gradient":""},"mobile":{"background-color":"var(--ast-global-color-5)","background-image":"","background-repeat":"repeat","background-position":"center center","background-size":"auto","background-attachment":"scroll","background-type":"","background-media":"","overlay-type":"","overlay-color":"","overlay-opacity":"","overlay-gradient":""}},"footnotes":""},"categories":[30],"tags":[],"class_list":["post-3050","post","type-post","status-publish","format-standard","hentry","category-archiv-2011"],"yoast_head":"<!-- This site is optimized with the Yoast SEO plugin v27.4 - https:\/\/yoast.com\/product\/yoast-seo-wordpress\/ -->\n<title>V Radenovom dome sa bude mlie\u0165 m\u00faka - Pova\u017esk\u00e9 m\u00fazeum<\/title>\n<meta name=\"robots\" content=\"index, follow, max-snippet:-1, max-image-preview:large, max-video-preview:-1\" \/>\n<link rel=\"canonical\" href=\"https:\/\/pmza.sk\/?p=3050\" \/>\n<meta property=\"og:locale\" content=\"sk_SK\" \/>\n<meta property=\"og:type\" content=\"article\" \/>\n<meta property=\"og:title\" content=\"V Radenovom dome sa bude mlie\u0165 m\u00faka - Pova\u017esk\u00e9 m\u00fazeum\" \/>\n<meta property=\"og:description\" content=\"Str\u00faha\u0165 \u0161indle obojru\u010dn\u00fdm no\u017eom, mlie\u0165 m\u00faku v\u00a0kamennom \u017earnove alebo drvi\u0165 zrno v\u00a0ma\u017eiari, to v\u0161etko si m\u00f4\u017eu po\u010das cel\u00e9ho j\u00fana a\u00a0j\u00fala vysk\u00fa\u0161a\u0165 n\u00e1v\u0161tevn\u00edci Radenovho domu v\u00a0\u010ci\u010dmanoch. Poslednou implementa\u010dnou aktivitou projektu cezhrani\u010dnej spolupr\u00e1ce PL \u2013 SK 2007\/2013 pod n\u00e1zvom Tradi\u010dn\u00e1 \u013eudov\u00e1 architekt\u00fara a\u00a0sp\u00f4sob b\u00fdvania v\u00a0pamiatkovej rezerv\u00e1cii \u010ci\u010dmany je v\u00fdstava pod n\u00e1zvom Zabudnut\u00e9 stavebn\u00e9 kon\u0161trukcie.\" \/>\n<meta property=\"og:url\" content=\"https:\/\/pmza.sk\/?p=3050\" \/>\n<meta property=\"og:site_name\" content=\"Pova\u017esk\u00e9 m\u00fazeum\" \/>\n<meta property=\"article:publisher\" content=\"https:\/\/www.facebook.com\/povazskemuzeum\" \/>\n<meta property=\"article:published_time\" content=\"2011-06-10T11:36:55+00:00\" \/>\n<meta property=\"og:image\" content=\"https:\/\/pmza.sk.sk\/wp-content\/uploads\/2011\/06\/z-vystavy-v-Radenovom-dome-300x191.jpg\" \/>\n<meta name=\"author\" content=\"libor\" \/>\n<meta name=\"twitter:card\" content=\"summary_large_image\" \/>\n<meta name=\"twitter:label1\" content=\"Autor\" \/>\n\t<meta name=\"twitter:data1\" content=\"libor\" \/>\n\t<meta name=\"twitter:label2\" content=\"Predpokladan\u00fd \u010das \u010d\u00edtania\" \/>\n\t<meta name=\"twitter:data2\" content=\"2 min\u00faty\" \/>\n<script type=\"application\/ld+json\" class=\"yoast-schema-graph\">{\"@context\":\"https:\\\/\\\/schema.org\",\"@graph\":[{\"@type\":\"Article\",\"@id\":\"https:\\\/\\\/pmza.sk\\\/?p=3050#article\",\"isPartOf\":{\"@id\":\"https:\\\/\\\/pmza.sk\\\/?p=3050\"},\"author\":{\"name\":\"libor\",\"@id\":\"https:\\\/\\\/pmza.sk\\\/#\\\/schema\\\/person\\\/f0b923a9aa8e1f67feef0d7cd9afde35\"},\"headline\":\"V Radenovom dome sa bude mlie\u0165 m\u00faka\",\"datePublished\":\"2011-06-10T11:36:55+00:00\",\"mainEntityOfPage\":{\"@id\":\"https:\\\/\\\/pmza.sk\\\/?p=3050\"},\"wordCount\":352,\"publisher\":{\"@id\":\"https:\\\/\\\/pmza.sk\\\/#organization\"},\"image\":{\"@id\":\"https:\\\/\\\/pmza.sk\\\/?p=3050#primaryimage\"},\"thumbnailUrl\":\"http:\\\/\\\/pmza.sk.sk\\\/wp-content\\\/uploads\\\/2011\\\/06\\\/z-vystavy-v-Radenovom-dome-300x191.jpg\",\"articleSection\":[\"Arch\u00edv 2011\"],\"inLanguage\":\"sk-SK\"},{\"@type\":\"WebPage\",\"@id\":\"https:\\\/\\\/pmza.sk\\\/?p=3050\",\"url\":\"https:\\\/\\\/pmza.sk\\\/?p=3050\",\"name\":\"V Radenovom dome sa bude mlie\u0165 m\u00faka - Pova\u017esk\u00e9 m\u00fazeum\",\"isPartOf\":{\"@id\":\"https:\\\/\\\/pmza.sk\\\/#website\"},\"primaryImageOfPage\":{\"@id\":\"https:\\\/\\\/pmza.sk\\\/?p=3050#primaryimage\"},\"image\":{\"@id\":\"https:\\\/\\\/pmza.sk\\\/?p=3050#primaryimage\"},\"thumbnailUrl\":\"http:\\\/\\\/pmza.sk.sk\\\/wp-content\\\/uploads\\\/2011\\\/06\\\/z-vystavy-v-Radenovom-dome-300x191.jpg\",\"datePublished\":\"2011-06-10T11:36:55+00:00\",\"breadcrumb\":{\"@id\":\"https:\\\/\\\/pmza.sk\\\/?p=3050#breadcrumb\"},\"inLanguage\":\"sk-SK\",\"potentialAction\":[{\"@type\":\"ReadAction\",\"target\":[\"https:\\\/\\\/pmza.sk\\\/?p=3050\"]}]},{\"@type\":\"ImageObject\",\"inLanguage\":\"sk-SK\",\"@id\":\"https:\\\/\\\/pmza.sk\\\/?p=3050#primaryimage\",\"url\":\"http:\\\/\\\/pmza.sk.sk\\\/wp-content\\\/uploads\\\/2011\\\/06\\\/z-vystavy-v-Radenovom-dome-300x191.jpg\",\"contentUrl\":\"http:\\\/\\\/pmza.sk.sk\\\/wp-content\\\/uploads\\\/2011\\\/06\\\/z-vystavy-v-Radenovom-dome-300x191.jpg\"},{\"@type\":\"BreadcrumbList\",\"@id\":\"https:\\\/\\\/pmza.sk\\\/?p=3050#breadcrumb\",\"itemListElement\":[{\"@type\":\"ListItem\",\"position\":1,\"name\":\"Domovsk\u00e1 str\u00e1nka\",\"item\":\"https:\\\/\\\/pmza.sk\\\/\"},{\"@type\":\"ListItem\",\"position\":2,\"name\":\"V Radenovom dome sa bude mlie\u0165 m\u00faka\"}]},{\"@type\":\"WebSite\",\"@id\":\"https:\\\/\\\/pmza.sk\\\/#website\",\"url\":\"https:\\\/\\\/pmza.sk\\\/\",\"name\":\"Pova\u017esk\u00e9 m\u00fazeum\",\"description\":\"Pova\u017esk\u00e9 m\u00fazeum v \u017diline je region\u00e1lne m\u00fazeum so s\u00eddlom v Budat\u00edne. Jeho expoz\u00edcie s\u00fa zameran\u00e9 na dejiny slovensk\u00e9ho umenia, kult\u00fary a dopravy.\",\"publisher\":{\"@id\":\"https:\\\/\\\/pmza.sk\\\/#organization\"},\"potentialAction\":[{\"@type\":\"SearchAction\",\"target\":{\"@type\":\"EntryPoint\",\"urlTemplate\":\"https:\\\/\\\/pmza.sk\\\/?s={search_term_string}\"},\"query-input\":{\"@type\":\"PropertyValueSpecification\",\"valueRequired\":true,\"valueName\":\"search_term_string\"}}],\"inLanguage\":\"sk-SK\"},{\"@type\":\"Organization\",\"@id\":\"https:\\\/\\\/pmza.sk\\\/#organization\",\"name\":\"Pova\u017esk\u00e9 m\u00fazeum\",\"url\":\"https:\\\/\\\/pmza.sk\\\/\",\"logo\":{\"@type\":\"ImageObject\",\"inLanguage\":\"sk-SK\",\"@id\":\"https:\\\/\\\/pmza.sk\\\/#\\\/schema\\\/logo\\\/image\\\/\",\"url\":\"https:\\\/\\\/pmza.sk\\\/wp-content\\\/uploads\\\/2022\\\/01\\\/logo_PM_horizontal.jpg\",\"contentUrl\":\"https:\\\/\\\/pmza.sk\\\/wp-content\\\/uploads\\\/2022\\\/01\\\/logo_PM_horizontal.jpg\",\"width\":231,\"height\":142,\"caption\":\"Pova\u017esk\u00e9 m\u00fazeum\"},\"image\":{\"@id\":\"https:\\\/\\\/pmza.sk\\\/#\\\/schema\\\/logo\\\/image\\\/\"},\"sameAs\":[\"https:\\\/\\\/www.facebook.com\\\/povazskemuzeum\",\"https:\\\/\\\/www.instagram.com\\\/povazskemuzeum\\\/\"]},{\"@type\":\"Person\",\"@id\":\"https:\\\/\\\/pmza.sk\\\/#\\\/schema\\\/person\\\/f0b923a9aa8e1f67feef0d7cd9afde35\",\"name\":\"libor\",\"image\":{\"@type\":\"ImageObject\",\"inLanguage\":\"sk-SK\",\"@id\":\"https:\\\/\\\/secure.gravatar.com\\\/avatar\\\/c583dbc698e594aacced1589eb8cf1673bd41d461e8b2ab635484ffc26fee7b0?s=96&d=mm&r=g\",\"url\":\"https:\\\/\\\/secure.gravatar.com\\\/avatar\\\/c583dbc698e594aacced1589eb8cf1673bd41d461e8b2ab635484ffc26fee7b0?s=96&d=mm&r=g\",\"contentUrl\":\"https:\\\/\\\/secure.gravatar.com\\\/avatar\\\/c583dbc698e594aacced1589eb8cf1673bd41d461e8b2ab635484ffc26fee7b0?s=96&d=mm&r=g\",\"caption\":\"libor\"}}]}<\/script>\n<!-- \/ Yoast SEO plugin. -->","yoast_head_json":{"title":"V Radenovom dome sa bude mlie\u0165 m\u00faka - Pova\u017esk\u00e9 m\u00fazeum","robots":{"index":"index","follow":"follow","max-snippet":"max-snippet:-1","max-image-preview":"max-image-preview:large","max-video-preview":"max-video-preview:-1"},"canonical":"https:\/\/pmza.sk\/?p=3050","og_locale":"sk_SK","og_type":"article","og_title":"V Radenovom dome sa bude mlie\u0165 m\u00faka - Pova\u017esk\u00e9 m\u00fazeum","og_description":"Str\u00faha\u0165 \u0161indle obojru\u010dn\u00fdm no\u017eom, mlie\u0165 m\u00faku v\u00a0kamennom \u017earnove alebo drvi\u0165 zrno v\u00a0ma\u017eiari, to v\u0161etko si m\u00f4\u017eu po\u010das cel\u00e9ho j\u00fana a\u00a0j\u00fala vysk\u00fa\u0161a\u0165 n\u00e1v\u0161tevn\u00edci Radenovho domu v\u00a0\u010ci\u010dmanoch. Poslednou implementa\u010dnou aktivitou projektu cezhrani\u010dnej spolupr\u00e1ce PL \u2013 SK 2007\/2013 pod n\u00e1zvom Tradi\u010dn\u00e1 \u013eudov\u00e1 architekt\u00fara a\u00a0sp\u00f4sob b\u00fdvania v\u00a0pamiatkovej rezerv\u00e1cii \u010ci\u010dmany je v\u00fdstava pod n\u00e1zvom Zabudnut\u00e9 stavebn\u00e9 kon\u0161trukcie.","og_url":"https:\/\/pmza.sk\/?p=3050","og_site_name":"Pova\u017esk\u00e9 m\u00fazeum","article_publisher":"https:\/\/www.facebook.com\/povazskemuzeum","article_published_time":"2011-06-10T11:36:55+00:00","og_image":[{"url":"https:\/\/pmza.sk.sk\/wp-content\/uploads\/2011\/06\/z-vystavy-v-Radenovom-dome-300x191.jpg","type":"","width":"","height":""}],"author":"libor","twitter_card":"summary_large_image","twitter_misc":{"Autor":"libor","Predpokladan\u00fd \u010das \u010d\u00edtania":"2 min\u00faty"},"schema":{"@context":"https:\/\/schema.org","@graph":[{"@type":"Article","@id":"https:\/\/pmza.sk\/?p=3050#article","isPartOf":{"@id":"https:\/\/pmza.sk\/?p=3050"},"author":{"name":"libor","@id":"https:\/\/pmza.sk\/#\/schema\/person\/f0b923a9aa8e1f67feef0d7cd9afde35"},"headline":"V Radenovom dome sa bude mlie\u0165 m\u00faka","datePublished":"2011-06-10T11:36:55+00:00","mainEntityOfPage":{"@id":"https:\/\/pmza.sk\/?p=3050"},"wordCount":352,"publisher":{"@id":"https:\/\/pmza.sk\/#organization"},"image":{"@id":"https:\/\/pmza.sk\/?p=3050#primaryimage"},"thumbnailUrl":"https:\/\/pmza.sk.sk\/wp-content\/uploads\/2011\/06\/z-vystavy-v-Radenovom-dome-300x191.jpg","articleSection":["Arch\u00edv 2011"],"inLanguage":"sk-SK"},{"@type":"WebPage","@id":"https:\/\/pmza.sk\/?p=3050","url":"https:\/\/pmza.sk\/?p=3050","name":"V Radenovom dome sa bude mlie\u0165 m\u00faka - Pova\u017esk\u00e9 m\u00fazeum","isPartOf":{"@id":"https:\/\/pmza.sk\/#website"},"primaryImageOfPage":{"@id":"https:\/\/pmza.sk\/?p=3050#primaryimage"},"image":{"@id":"https:\/\/pmza.sk\/?p=3050#primaryimage"},"thumbnailUrl":"https:\/\/pmza.sk.sk\/wp-content\/uploads\/2011\/06\/z-vystavy-v-Radenovom-dome-300x191.jpg","datePublished":"2011-06-10T11:36:55+00:00","breadcrumb":{"@id":"https:\/\/pmza.sk\/?p=3050#breadcrumb"},"inLanguage":"sk-SK","potentialAction":[{"@type":"ReadAction","target":["https:\/\/pmza.sk\/?p=3050"]}]},{"@type":"ImageObject","inLanguage":"sk-SK","@id":"https:\/\/pmza.sk\/?p=3050#primaryimage","url":"https:\/\/pmza.sk.sk\/wp-content\/uploads\/2011\/06\/z-vystavy-v-Radenovom-dome-300x191.jpg","contentUrl":"https:\/\/pmza.sk.sk\/wp-content\/uploads\/2011\/06\/z-vystavy-v-Radenovom-dome-300x191.jpg"},{"@type":"BreadcrumbList","@id":"https:\/\/pmza.sk\/?p=3050#breadcrumb","itemListElement":[{"@type":"ListItem","position":1,"name":"Domovsk\u00e1 str\u00e1nka","item":"https:\/\/pmza.sk\/"},{"@type":"ListItem","position":2,"name":"V Radenovom dome sa bude mlie\u0165 m\u00faka"}]},{"@type":"WebSite","@id":"https:\/\/pmza.sk\/#website","url":"https:\/\/pmza.sk\/","name":"Pova\u017esk\u00e9 m\u00fazeum","description":"Pova\u017esk\u00e9 m\u00fazeum v \u017diline je region\u00e1lne m\u00fazeum so s\u00eddlom v Budat\u00edne. Jeho expoz\u00edcie s\u00fa zameran\u00e9 na dejiny slovensk\u00e9ho umenia, kult\u00fary a dopravy.","publisher":{"@id":"https:\/\/pmza.sk\/#organization"},"potentialAction":[{"@type":"SearchAction","target":{"@type":"EntryPoint","urlTemplate":"https:\/\/pmza.sk\/?s={search_term_string}"},"query-input":{"@type":"PropertyValueSpecification","valueRequired":true,"valueName":"search_term_string"}}],"inLanguage":"sk-SK"},{"@type":"Organization","@id":"https:\/\/pmza.sk\/#organization","name":"Pova\u017esk\u00e9 m\u00fazeum","url":"https:\/\/pmza.sk\/","logo":{"@type":"ImageObject","inLanguage":"sk-SK","@id":"https:\/\/pmza.sk\/#\/schema\/logo\/image\/","url":"https:\/\/pmza.sk\/wp-content\/uploads\/2022\/01\/logo_PM_horizontal.jpg","contentUrl":"https:\/\/pmza.sk\/wp-content\/uploads\/2022\/01\/logo_PM_horizontal.jpg","width":231,"height":142,"caption":"Pova\u017esk\u00e9 m\u00fazeum"},"image":{"@id":"https:\/\/pmza.sk\/#\/schema\/logo\/image\/"},"sameAs":["https:\/\/www.facebook.com\/povazskemuzeum","https:\/\/www.instagram.com\/povazskemuzeum\/"]},{"@type":"Person","@id":"https:\/\/pmza.sk\/#\/schema\/person\/f0b923a9aa8e1f67feef0d7cd9afde35","name":"libor","image":{"@type":"ImageObject","inLanguage":"sk-SK","@id":"https:\/\/secure.gravatar.com\/avatar\/c583dbc698e594aacced1589eb8cf1673bd41d461e8b2ab635484ffc26fee7b0?s=96&d=mm&r=g","url":"https:\/\/secure.gravatar.com\/avatar\/c583dbc698e594aacced1589eb8cf1673bd41d461e8b2ab635484ffc26fee7b0?s=96&d=mm&r=g","contentUrl":"https:\/\/secure.gravatar.com\/avatar\/c583dbc698e594aacced1589eb8cf1673bd41d461e8b2ab635484ffc26fee7b0?s=96&d=mm&r=g","caption":"libor"}}]}},"_links":{"self":[{"href":"https:\/\/pmza.sk\/index.php?rest_route=\/wp\/v2\/posts\/3050","targetHints":{"allow":["GET"]}}],"collection":[{"href":"https:\/\/pmza.sk\/index.php?rest_route=\/wp\/v2\/posts"}],"about":[{"href":"https:\/\/pmza.sk\/index.php?rest_route=\/wp\/v2\/types\/post"}],"author":[{"embeddable":true,"href":"https:\/\/pmza.sk\/index.php?rest_route=\/wp\/v2\/users\/1"}],"replies":[{"embeddable":true,"href":"https:\/\/pmza.sk\/index.php?rest_route=%2Fwp%2Fv2%2Fcomments&post=3050"}],"version-history":[{"count":0,"href":"https:\/\/pmza.sk\/index.php?rest_route=\/wp\/v2\/posts\/3050\/revisions"}],"wp:attachment":[{"href":"https:\/\/pmza.sk\/index.php?rest_route=%2Fwp%2Fv2%2Fmedia&parent=3050"}],"wp:term":[{"taxonomy":"category","embeddable":true,"href":"https:\/\/pmza.sk\/index.php?rest_route=%2Fwp%2Fv2%2Fcategories&post=3050"},{"taxonomy":"post_tag","embeddable":true,"href":"https:\/\/pmza.sk\/index.php?rest_route=%2Fwp%2Fv2%2Ftags&post=3050"}],"curies":[{"name":"wp","href":"https:\/\/api.w.org\/{rel}","templated":true}]}}