{"id":30590,"date":"2018-10-29T09:48:20","date_gmt":"2018-10-29T08:48:20","guid":{"rendered":"https:\/\/pmza.sk\/?p=30590"},"modified":"2018-10-29T09:48:20","modified_gmt":"2018-10-29T08:48:20","slug":"rekonstrukcie-na-hrade-strecno","status":"publish","type":"post","link":"https:\/\/pmza.sk\/?p=30590","title":{"rendered":"Rekon\u0161trukcie na hrade Stre\u010dno"},"content":{"rendered":"<p>Po skon\u010den\u00ed hlavnej letnej sez\u00f3ny na hrade Stre\u010dno op\u00e4\u0165 zavl\u00e1dol pracovn\u00fd ruch. Prebiehaj\u00fa na \u0148om s\u00fa\u010dasne tri rekon\u0161truk\u010dn\u00e9 invest\u00edcie.<\/p>\n<p>Dve z\u00a0t\u00fdchto stavieb s\u00fa orientovan\u00e9 na hradn\u00e9 muriv\u00e1, ich stabilitu a bezpe\u010dnos\u0165. Prv\u00e9 pr\u00e1ce za\u010dali na san\u00e1cii skaln\u00e9ho v\u00fd\u010dnelku pod v\u00fdchodnou stenou hradn\u00e9ho opevnenia. Pomocou mikropilot\u00e1\u017ee a\u00a0sana\u010dn\u00fdch kotiev sa zais\u0165uje skaln\u00fd v\u00fd\u010dnelok, kde hrozilo nebezpe\u010denstvo zosuvu. \u010eal\u0161ie pr\u00e1ce prebiehaj\u00fa pri san\u00e1cii hradn\u00fdch m\u00farov. Na z\u00e1klade statickej pastportiz\u00e1cie sa rekon\u0161truuj\u00fa tie \u010dasti, kde hrozil rozpad hradn\u00e9ho muriva. Tieto rekon\u0161truk\u010dn\u00e9 pr\u00e1ce investi\u010dne podporil \u017dilinsk\u00fd samospr\u00e1vny kraj.<\/p>\n<p>V\u010faka projektu <u>II. etapa re\u0161taurovania interi\u00e9ru hradnej kaplnky<\/u>\u00a0prebieha na hrade Stre\u010dno aj obnova interi\u00e9ru gotickej hradnej kaplnky. D\u00f4raz sa kladie na prinavr\u00e1tenie v\u00fdtvarnej a\u00a0estetickej hodnoty odstr\u00e1nen\u00edm pr\u00ed\u010din degrad\u00e1cie pri zachovan\u00ed a\u00a0maxim\u00e1lnom re\u0161pektovan\u00ed origin\u00e1lu s\u00a0obmedzen\u00edm z\u00e1sahov do p\u00f4vodiny na bezpodmiene\u010dn\u00e9 minimum. Obnova sa za\u010dala realizova\u0165 v\u00a0roku 2012 v\u00a0rozsahu odborn\u00e9ho pos\u00fadenia vlhkostn\u00e9ho stavu interi\u00e9ru s\u00a0n\u00e1vrhom san\u00e1cie a\u00a0re\u0161taur\u00e1torsk\u00e9ho v\u00fdskumu. N\u00e1sledne boli v\u00a0roku 2013 \u010diasto\u010dne zrealizovan\u00e9 odstr\u00e1nenia sekund\u00e1rnych z\u00e1sahov, v\u00a0ktor\u00fdch sa bude v\u00a0II. etape pokra\u010dova\u0165. Cie\u013eom samotn\u00e9ho re\u0161taurovania bude \u00fasilie o\u00a0z\u00e1chranu origin\u00e1lu a\u00a0z\u00e1rove\u0148 o\u00a0obnovenie p\u00f4vodn\u00e9ho v\u00fdrazu kult\u00farnej pamiatky s\u00a0prezent\u00e1ciou zachovan\u00fdch pl\u00f4ch stredovek\u00fdch omietok. Re\u0161taurovanie bude veden\u00e9 nielen \u00fasil\u00edm o\u00a0z\u00e1chranu, ale z\u00e1rove\u0148 o\u00a0umo\u017enenie verejnej prezent\u00e1cie a\u00a0spr\u00edstupnenie v\u00a0s\u00falade so skvalitnen\u00edm celkov\u00e9ho v\u00fdrazu interi\u00e9ru. Tento projekt finan\u010dne podporilo Ministerstvo kult\u00fary Slovenskej republiky z\u00a0grantov\u00e9ho syst\u00e9mu Obnovme si svoj dom.<\/p>\n<p>Rekon\u0161truk\u010dn\u00e9 pr\u00e1ce, ktor\u00e9 prebiehaj\u00fa na hrade Stre\u010dno, s\u00fa d\u00f4le\u017eit\u00e9 nielen z\u00a0h\u013eadiska bezpe\u010dnosti n\u00e1v\u0161tevn\u00edkov, ale aj z\u00a0h\u013eadiska st\u00e1le lep\u0161ieho estetick\u00e9ho z\u00e1\u017eitku z\u00a0prehliadky hradu. V\u00a0tomto trende chce m\u00fazeum aj na\u010falej pokra\u010dova\u0165 a\u00a0ver\u00edme, \u017ee prinesieme pre verejnos\u0165 e\u0161te nejedno prekvapenie ved\u00face k\u00a0zlep\u0161eniu a\u00a0inov\u00e1cii expoz\u00edcie.<\/p>\n<p><img fetchpriority=\"high\" decoding=\"async\" class=\"aligncenter size-thumbnail wp-image-30595\" src=\"https:\/\/pmza.sk\/wp-content\/uploads\/2018\/10\/44855430_1830288770402236_454227529247490048_n-475x300.jpg\" alt=\"\" width=\"475\" height=\"300\" \/><\/p>\n<p><img decoding=\"async\" class=\"aligncenter size-thumbnail wp-image-30593\" src=\"https:\/\/pmza.sk\/wp-content\/uploads\/2018\/10\/san\u00e1cia-hradn\u00fdch-m\u00farov2-475x300.jpg\" alt=\"\" width=\"475\" height=\"300\" \/><\/p>\n<p><img decoding=\"async\" class=\"aligncenter size-thumbnail wp-image-30592\" src=\"https:\/\/pmza.sk\/wp-content\/uploads\/2018\/10\/san\u00e1cia-hradn\u00fdch-m\u00farov1-475x300.jpg\" alt=\"\" width=\"475\" height=\"300\" \/><\/p>\n<p><img loading=\"lazy\" decoding=\"async\" class=\"aligncenter size-thumbnail wp-image-30594\" src=\"https:\/\/pmza.sk\/wp-content\/uploads\/2018\/10\/san\u00e1cia-skaln\u00e9ho-v\u00fd\u010dnelku-475x300.jpg\" alt=\"\" width=\"475\" height=\"300\" \/><\/p>\n<p><img loading=\"lazy\" decoding=\"async\" class=\"aligncenter size-thumbnail wp-image-30591\" src=\"https:\/\/pmza.sk\/wp-content\/uploads\/2018\/10\/re\u0161taurovanie-hradnej-kaplnky-475x300.jpg\" alt=\"\" width=\"475\" height=\"300\" \/><\/p>\n","protected":false},"excerpt":{"rendered":"<p>Po skon\u010den\u00ed hlavnej letnej sez\u00f3ny na hrade Stre\u010dno op\u00e4\u0165 zavl\u00e1dol pracovn\u00fd ruch. Prebiehaj\u00fa na \u0148om s\u00fa\u010dasne tri rekon\u0161truk\u010dn\u00e9 invest\u00edcie. Dve z\u00a0t\u00fdchto stavieb s\u00fa orientovan\u00e9 na hradn\u00e9 muriv\u00e1, ich stabilitu a bezpe\u010dnos\u0165. Prv\u00e9 pr\u00e1ce za\u010dali na san\u00e1cii skaln\u00e9ho v\u00fd\u010dnelku pod v\u00fdchodnou stenou hradn\u00e9ho opevnenia. Pomocou mikropilot\u00e1\u017ee a\u00a0sana\u010dn\u00fdch kotiev sa zais\u0165uje skaln\u00fd v\u00fd\u010dnelok, kde hrozilo nebezpe\u010denstvo zosuvu. [&hellip;]<\/p>\n","protected":false},"author":2,"featured_media":30596,"comment_status":"closed","ping_status":"closed","sticky":false,"template":"","format":"standard","meta":{"site-sidebar-layout":"default","site-content-layout":"","ast-site-content-layout":"","site-content-style":"default","site-sidebar-style":"default","ast-global-header-display":"","ast-banner-title-visibility":"","ast-main-header-display":"","ast-hfb-above-header-display":"","ast-hfb-below-header-display":"","ast-hfb-mobile-header-display":"","site-post-title":"","ast-breadcrumbs-content":"","ast-featured-img":"","footer-sml-layout":"","theme-transparent-header-meta":"","adv-header-id-meta":"","stick-header-meta":"","header-above-stick-meta":"","header-main-stick-meta":"","header-below-stick-meta":"","astra-migrate-meta-layouts":"default","ast-page-background-enabled":"default","ast-page-background-meta":{"desktop":{"background-color":"var(--ast-global-color-4)","background-image":"","background-repeat":"repeat","background-position":"center center","background-size":"auto","background-attachment":"scroll","background-type":"","background-media":"","overlay-type":"","overlay-color":"","overlay-opacity":"","overlay-gradient":""},"tablet":{"background-color":"","background-image":"","background-repeat":"repeat","background-position":"center center","background-size":"auto","background-attachment":"scroll","background-type":"","background-media":"","overlay-type":"","overlay-color":"","overlay-opacity":"","overlay-gradient":""},"mobile":{"background-color":"","background-image":"","background-repeat":"repeat","background-position":"center center","background-size":"auto","background-attachment":"scroll","background-type":"","background-media":"","overlay-type":"","overlay-color":"","overlay-opacity":"","overlay-gradient":""}},"ast-content-background-meta":{"desktop":{"background-color":"var(--ast-global-color-5)","background-image":"","background-repeat":"repeat","background-position":"center center","background-size":"auto","background-attachment":"scroll","background-type":"","background-media":"","overlay-type":"","overlay-color":"","overlay-opacity":"","overlay-gradient":""},"tablet":{"background-color":"var(--ast-global-color-5)","background-image":"","background-repeat":"repeat","background-position":"center center","background-size":"auto","background-attachment":"scroll","background-type":"","background-media":"","overlay-type":"","overlay-color":"","overlay-opacity":"","overlay-gradient":""},"mobile":{"background-color":"var(--ast-global-color-5)","background-image":"","background-repeat":"repeat","background-position":"center center","background-size":"auto","background-attachment":"scroll","background-type":"","background-media":"","overlay-type":"","overlay-color":"","overlay-opacity":"","overlay-gradient":""}},"footnotes":""},"categories":[1],"tags":[],"class_list":["post-30590","post","type-post","status-publish","format-standard","has-post-thumbnail","hentry","category-nezaradene"],"yoast_head":"<!-- This site is optimized with the Yoast SEO plugin v27.4 - https:\/\/yoast.com\/product\/yoast-seo-wordpress\/ -->\n<title>Rekon\u0161trukcie na hrade Stre\u010dno - Pova\u017esk\u00e9 m\u00fazeum<\/title>\n<meta name=\"robots\" content=\"index, follow, max-snippet:-1, max-image-preview:large, max-video-preview:-1\" \/>\n<link rel=\"canonical\" href=\"https:\/\/pmza.sk\/?p=30590\" \/>\n<meta property=\"og:locale\" content=\"sk_SK\" \/>\n<meta property=\"og:type\" content=\"article\" \/>\n<meta property=\"og:title\" content=\"Rekon\u0161trukcie na hrade Stre\u010dno - Pova\u017esk\u00e9 m\u00fazeum\" \/>\n<meta property=\"og:description\" content=\"Po skon\u010den\u00ed hlavnej letnej sez\u00f3ny na hrade Stre\u010dno op\u00e4\u0165 zavl\u00e1dol pracovn\u00fd ruch. Prebiehaj\u00fa na \u0148om s\u00fa\u010dasne tri rekon\u0161truk\u010dn\u00e9 invest\u00edcie. Dve z\u00a0t\u00fdchto stavieb s\u00fa orientovan\u00e9 na hradn\u00e9 muriv\u00e1, ich stabilitu a bezpe\u010dnos\u0165. Prv\u00e9 pr\u00e1ce za\u010dali na san\u00e1cii skaln\u00e9ho v\u00fd\u010dnelku pod v\u00fdchodnou stenou hradn\u00e9ho opevnenia. Pomocou mikropilot\u00e1\u017ee a\u00a0sana\u010dn\u00fdch kotiev sa zais\u0165uje skaln\u00fd v\u00fd\u010dnelok, kde hrozilo nebezpe\u010denstvo zosuvu. [&hellip;]\" \/>\n<meta property=\"og:url\" content=\"https:\/\/pmza.sk\/?p=30590\" \/>\n<meta property=\"og:site_name\" content=\"Pova\u017esk\u00e9 m\u00fazeum\" \/>\n<meta property=\"article:publisher\" content=\"https:\/\/www.facebook.com\/povazskemuzeum\" \/>\n<meta property=\"article:published_time\" content=\"2018-10-29T08:48:20+00:00\" \/>\n<meta name=\"author\" content=\"Pova\u017esk\u00e9 m\u00fazeum\" \/>\n<meta name=\"twitter:card\" content=\"summary_large_image\" \/>\n<meta name=\"twitter:label1\" content=\"Autor\" \/>\n\t<meta name=\"twitter:data1\" content=\"Pova\u017esk\u00e9 m\u00fazeum\" \/>\n\t<meta name=\"twitter:label2\" content=\"Predpokladan\u00fd \u010das \u010d\u00edtania\" \/>\n\t<meta name=\"twitter:data2\" content=\"2 min\u00faty\" \/>\n<script type=\"application\/ld+json\" class=\"yoast-schema-graph\">{\"@context\":\"https:\\\/\\\/schema.org\",\"@graph\":[{\"@type\":\"Article\",\"@id\":\"https:\\\/\\\/pmza.sk\\\/?p=30590#article\",\"isPartOf\":{\"@id\":\"https:\\\/\\\/pmza.sk\\\/?p=30590\"},\"author\":{\"name\":\"Pova\u017esk\u00e9 m\u00fazeum\",\"@id\":\"https:\\\/\\\/pmza.sk\\\/#\\\/schema\\\/person\\\/595e6a2ce731ea94dcd5d7f50a41ae33\"},\"headline\":\"Rekon\u0161trukcie na hrade Stre\u010dno\",\"datePublished\":\"2018-10-29T08:48:20+00:00\",\"mainEntityOfPage\":{\"@id\":\"https:\\\/\\\/pmza.sk\\\/?p=30590\"},\"wordCount\":407,\"publisher\":{\"@id\":\"https:\\\/\\\/pmza.sk\\\/#organization\"},\"image\":{\"@id\":\"https:\\\/\\\/pmza.sk\\\/?p=30590#primaryimage\"},\"thumbnailUrl\":\"\",\"inLanguage\":\"sk-SK\"},{\"@type\":\"WebPage\",\"@id\":\"https:\\\/\\\/pmza.sk\\\/?p=30590\",\"url\":\"https:\\\/\\\/pmza.sk\\\/?p=30590\",\"name\":\"Rekon\u0161trukcie na hrade Stre\u010dno - Pova\u017esk\u00e9 m\u00fazeum\",\"isPartOf\":{\"@id\":\"https:\\\/\\\/pmza.sk\\\/#website\"},\"primaryImageOfPage\":{\"@id\":\"https:\\\/\\\/pmza.sk\\\/?p=30590#primaryimage\"},\"image\":{\"@id\":\"https:\\\/\\\/pmza.sk\\\/?p=30590#primaryimage\"},\"thumbnailUrl\":\"\",\"datePublished\":\"2018-10-29T08:48:20+00:00\",\"breadcrumb\":{\"@id\":\"https:\\\/\\\/pmza.sk\\\/?p=30590#breadcrumb\"},\"inLanguage\":\"sk-SK\",\"potentialAction\":[{\"@type\":\"ReadAction\",\"target\":[\"https:\\\/\\\/pmza.sk\\\/?p=30590\"]}]},{\"@type\":\"ImageObject\",\"inLanguage\":\"sk-SK\",\"@id\":\"https:\\\/\\\/pmza.sk\\\/?p=30590#primaryimage\",\"url\":\"\",\"contentUrl\":\"\"},{\"@type\":\"BreadcrumbList\",\"@id\":\"https:\\\/\\\/pmza.sk\\\/?p=30590#breadcrumb\",\"itemListElement\":[{\"@type\":\"ListItem\",\"position\":1,\"name\":\"Domovsk\u00e1 str\u00e1nka\",\"item\":\"https:\\\/\\\/pmza.sk\\\/\"},{\"@type\":\"ListItem\",\"position\":2,\"name\":\"Rekon\u0161trukcie na hrade Stre\u010dno\"}]},{\"@type\":\"WebSite\",\"@id\":\"https:\\\/\\\/pmza.sk\\\/#website\",\"url\":\"https:\\\/\\\/pmza.sk\\\/\",\"name\":\"Pova\u017esk\u00e9 m\u00fazeum\",\"description\":\"Pova\u017esk\u00e9 m\u00fazeum v \u017diline je region\u00e1lne m\u00fazeum so s\u00eddlom v Budat\u00edne. Jeho expoz\u00edcie s\u00fa zameran\u00e9 na dejiny slovensk\u00e9ho umenia, kult\u00fary a dopravy.\",\"publisher\":{\"@id\":\"https:\\\/\\\/pmza.sk\\\/#organization\"},\"potentialAction\":[{\"@type\":\"SearchAction\",\"target\":{\"@type\":\"EntryPoint\",\"urlTemplate\":\"https:\\\/\\\/pmza.sk\\\/?s={search_term_string}\"},\"query-input\":{\"@type\":\"PropertyValueSpecification\",\"valueRequired\":true,\"valueName\":\"search_term_string\"}}],\"inLanguage\":\"sk-SK\"},{\"@type\":\"Organization\",\"@id\":\"https:\\\/\\\/pmza.sk\\\/#organization\",\"name\":\"Pova\u017esk\u00e9 m\u00fazeum\",\"url\":\"https:\\\/\\\/pmza.sk\\\/\",\"logo\":{\"@type\":\"ImageObject\",\"inLanguage\":\"sk-SK\",\"@id\":\"https:\\\/\\\/pmza.sk\\\/#\\\/schema\\\/logo\\\/image\\\/\",\"url\":\"https:\\\/\\\/pmza.sk\\\/wp-content\\\/uploads\\\/2022\\\/01\\\/logo_PM_horizontal.jpg\",\"contentUrl\":\"https:\\\/\\\/pmza.sk\\\/wp-content\\\/uploads\\\/2022\\\/01\\\/logo_PM_horizontal.jpg\",\"width\":231,\"height\":142,\"caption\":\"Pova\u017esk\u00e9 m\u00fazeum\"},\"image\":{\"@id\":\"https:\\\/\\\/pmza.sk\\\/#\\\/schema\\\/logo\\\/image\\\/\"},\"sameAs\":[\"https:\\\/\\\/www.facebook.com\\\/povazskemuzeum\",\"https:\\\/\\\/www.instagram.com\\\/povazskemuzeum\\\/\"]},{\"@type\":\"Person\",\"@id\":\"https:\\\/\\\/pmza.sk\\\/#\\\/schema\\\/person\\\/595e6a2ce731ea94dcd5d7f50a41ae33\",\"name\":\"Pova\u017esk\u00e9 m\u00fazeum\",\"image\":{\"@type\":\"ImageObject\",\"inLanguage\":\"sk-SK\",\"@id\":\"https:\\\/\\\/secure.gravatar.com\\\/avatar\\\/2bb7f1561282132fb5826dfeccc66c7996d11ee392ac6aaf7ced8a1c2027fbb2?s=96&d=mm&r=g\",\"url\":\"https:\\\/\\\/secure.gravatar.com\\\/avatar\\\/2bb7f1561282132fb5826dfeccc66c7996d11ee392ac6aaf7ced8a1c2027fbb2?s=96&d=mm&r=g\",\"contentUrl\":\"https:\\\/\\\/secure.gravatar.com\\\/avatar\\\/2bb7f1561282132fb5826dfeccc66c7996d11ee392ac6aaf7ced8a1c2027fbb2?s=96&d=mm&r=g\",\"caption\":\"Pova\u017esk\u00e9 m\u00fazeum\"}}]}<\/script>\n<!-- \/ Yoast SEO plugin. -->","yoast_head_json":{"title":"Rekon\u0161trukcie na hrade Stre\u010dno - Pova\u017esk\u00e9 m\u00fazeum","robots":{"index":"index","follow":"follow","max-snippet":"max-snippet:-1","max-image-preview":"max-image-preview:large","max-video-preview":"max-video-preview:-1"},"canonical":"https:\/\/pmza.sk\/?p=30590","og_locale":"sk_SK","og_type":"article","og_title":"Rekon\u0161trukcie na hrade Stre\u010dno - Pova\u017esk\u00e9 m\u00fazeum","og_description":"Po skon\u010den\u00ed hlavnej letnej sez\u00f3ny na hrade Stre\u010dno op\u00e4\u0165 zavl\u00e1dol pracovn\u00fd ruch. Prebiehaj\u00fa na \u0148om s\u00fa\u010dasne tri rekon\u0161truk\u010dn\u00e9 invest\u00edcie. Dve z\u00a0t\u00fdchto stavieb s\u00fa orientovan\u00e9 na hradn\u00e9 muriv\u00e1, ich stabilitu a bezpe\u010dnos\u0165. Prv\u00e9 pr\u00e1ce za\u010dali na san\u00e1cii skaln\u00e9ho v\u00fd\u010dnelku pod v\u00fdchodnou stenou hradn\u00e9ho opevnenia. Pomocou mikropilot\u00e1\u017ee a\u00a0sana\u010dn\u00fdch kotiev sa zais\u0165uje skaln\u00fd v\u00fd\u010dnelok, kde hrozilo nebezpe\u010denstvo zosuvu. [&hellip;]","og_url":"https:\/\/pmza.sk\/?p=30590","og_site_name":"Pova\u017esk\u00e9 m\u00fazeum","article_publisher":"https:\/\/www.facebook.com\/povazskemuzeum","article_published_time":"2018-10-29T08:48:20+00:00","author":"Pova\u017esk\u00e9 m\u00fazeum","twitter_card":"summary_large_image","twitter_misc":{"Autor":"Pova\u017esk\u00e9 m\u00fazeum","Predpokladan\u00fd \u010das \u010d\u00edtania":"2 min\u00faty"},"schema":{"@context":"https:\/\/schema.org","@graph":[{"@type":"Article","@id":"https:\/\/pmza.sk\/?p=30590#article","isPartOf":{"@id":"https:\/\/pmza.sk\/?p=30590"},"author":{"name":"Pova\u017esk\u00e9 m\u00fazeum","@id":"https:\/\/pmza.sk\/#\/schema\/person\/595e6a2ce731ea94dcd5d7f50a41ae33"},"headline":"Rekon\u0161trukcie na hrade Stre\u010dno","datePublished":"2018-10-29T08:48:20+00:00","mainEntityOfPage":{"@id":"https:\/\/pmza.sk\/?p=30590"},"wordCount":407,"publisher":{"@id":"https:\/\/pmza.sk\/#organization"},"image":{"@id":"https:\/\/pmza.sk\/?p=30590#primaryimage"},"thumbnailUrl":"","inLanguage":"sk-SK"},{"@type":"WebPage","@id":"https:\/\/pmza.sk\/?p=30590","url":"https:\/\/pmza.sk\/?p=30590","name":"Rekon\u0161trukcie na hrade Stre\u010dno - Pova\u017esk\u00e9 m\u00fazeum","isPartOf":{"@id":"https:\/\/pmza.sk\/#website"},"primaryImageOfPage":{"@id":"https:\/\/pmza.sk\/?p=30590#primaryimage"},"image":{"@id":"https:\/\/pmza.sk\/?p=30590#primaryimage"},"thumbnailUrl":"","datePublished":"2018-10-29T08:48:20+00:00","breadcrumb":{"@id":"https:\/\/pmza.sk\/?p=30590#breadcrumb"},"inLanguage":"sk-SK","potentialAction":[{"@type":"ReadAction","target":["https:\/\/pmza.sk\/?p=30590"]}]},{"@type":"ImageObject","inLanguage":"sk-SK","@id":"https:\/\/pmza.sk\/?p=30590#primaryimage","url":"","contentUrl":""},{"@type":"BreadcrumbList","@id":"https:\/\/pmza.sk\/?p=30590#breadcrumb","itemListElement":[{"@type":"ListItem","position":1,"name":"Domovsk\u00e1 str\u00e1nka","item":"https:\/\/pmza.sk\/"},{"@type":"ListItem","position":2,"name":"Rekon\u0161trukcie na hrade Stre\u010dno"}]},{"@type":"WebSite","@id":"https:\/\/pmza.sk\/#website","url":"https:\/\/pmza.sk\/","name":"Pova\u017esk\u00e9 m\u00fazeum","description":"Pova\u017esk\u00e9 m\u00fazeum v \u017diline je region\u00e1lne m\u00fazeum so s\u00eddlom v Budat\u00edne. Jeho expoz\u00edcie s\u00fa zameran\u00e9 na dejiny slovensk\u00e9ho umenia, kult\u00fary a dopravy.","publisher":{"@id":"https:\/\/pmza.sk\/#organization"},"potentialAction":[{"@type":"SearchAction","target":{"@type":"EntryPoint","urlTemplate":"https:\/\/pmza.sk\/?s={search_term_string}"},"query-input":{"@type":"PropertyValueSpecification","valueRequired":true,"valueName":"search_term_string"}}],"inLanguage":"sk-SK"},{"@type":"Organization","@id":"https:\/\/pmza.sk\/#organization","name":"Pova\u017esk\u00e9 m\u00fazeum","url":"https:\/\/pmza.sk\/","logo":{"@type":"ImageObject","inLanguage":"sk-SK","@id":"https:\/\/pmza.sk\/#\/schema\/logo\/image\/","url":"https:\/\/pmza.sk\/wp-content\/uploads\/2022\/01\/logo_PM_horizontal.jpg","contentUrl":"https:\/\/pmza.sk\/wp-content\/uploads\/2022\/01\/logo_PM_horizontal.jpg","width":231,"height":142,"caption":"Pova\u017esk\u00e9 m\u00fazeum"},"image":{"@id":"https:\/\/pmza.sk\/#\/schema\/logo\/image\/"},"sameAs":["https:\/\/www.facebook.com\/povazskemuzeum","https:\/\/www.instagram.com\/povazskemuzeum\/"]},{"@type":"Person","@id":"https:\/\/pmza.sk\/#\/schema\/person\/595e6a2ce731ea94dcd5d7f50a41ae33","name":"Pova\u017esk\u00e9 m\u00fazeum","image":{"@type":"ImageObject","inLanguage":"sk-SK","@id":"https:\/\/secure.gravatar.com\/avatar\/2bb7f1561282132fb5826dfeccc66c7996d11ee392ac6aaf7ced8a1c2027fbb2?s=96&d=mm&r=g","url":"https:\/\/secure.gravatar.com\/avatar\/2bb7f1561282132fb5826dfeccc66c7996d11ee392ac6aaf7ced8a1c2027fbb2?s=96&d=mm&r=g","contentUrl":"https:\/\/secure.gravatar.com\/avatar\/2bb7f1561282132fb5826dfeccc66c7996d11ee392ac6aaf7ced8a1c2027fbb2?s=96&d=mm&r=g","caption":"Pova\u017esk\u00e9 m\u00fazeum"}}]}},"_links":{"self":[{"href":"https:\/\/pmza.sk\/index.php?rest_route=\/wp\/v2\/posts\/30590","targetHints":{"allow":["GET"]}}],"collection":[{"href":"https:\/\/pmza.sk\/index.php?rest_route=\/wp\/v2\/posts"}],"about":[{"href":"https:\/\/pmza.sk\/index.php?rest_route=\/wp\/v2\/types\/post"}],"author":[{"embeddable":true,"href":"https:\/\/pmza.sk\/index.php?rest_route=\/wp\/v2\/users\/2"}],"replies":[{"embeddable":true,"href":"https:\/\/pmza.sk\/index.php?rest_route=%2Fwp%2Fv2%2Fcomments&post=30590"}],"version-history":[{"count":0,"href":"https:\/\/pmza.sk\/index.php?rest_route=\/wp\/v2\/posts\/30590\/revisions"}],"wp:featuredmedia":[{"embeddable":true,"href":"https:\/\/pmza.sk\/index.php?rest_route=\/"}],"wp:attachment":[{"href":"https:\/\/pmza.sk\/index.php?rest_route=%2Fwp%2Fv2%2Fmedia&parent=30590"}],"wp:term":[{"taxonomy":"category","embeddable":true,"href":"https:\/\/pmza.sk\/index.php?rest_route=%2Fwp%2Fv2%2Fcategories&post=30590"},{"taxonomy":"post_tag","embeddable":true,"href":"https:\/\/pmza.sk\/index.php?rest_route=%2Fwp%2Fv2%2Ftags&post=30590"}],"curies":[{"name":"wp","href":"https:\/\/api.w.org\/{rel}","templated":true}]}}