{"id":30634,"date":"2018-11-08T08:27:29","date_gmt":"2018-11-08T07:27:29","guid":{"rendered":"https:\/\/pmza.sk\/?p=30634"},"modified":"2018-11-08T08:27:29","modified_gmt":"2018-11-08T07:27:29","slug":"muzeum-pre-vas-seminar-historicke-vyrocia-v-roku-2018-aj-v-budatine","status":"publish","type":"post","link":"https:\/\/pmza.sk\/?p=30634","title":{"rendered":"M\u00fazeum pre V\u00e1s: Semin\u00e1r &#8222;Historick\u00e9 v\u00fdro\u010dia v roku 2018&#8220; aj v Budat\u00edne"},"content":{"rendered":"<p>V\u00a0septembri sa v\u00a0Sob\u00e1\u0161nom pal\u00e1ci v\u00a0Byt\u010di konal medzin\u00e1rodn\u00fd odborn\u00fd semin\u00e1r venovan\u00fd v\u00fdznamn\u00fdm v\u00fdro\u010diam, ktor\u00e9 si pripom\u00edname v\u00a0roku 2018. Pre ve\u013ek\u00fd z\u00e1ujem a\u00a0pozit\u00edvne ohlasy sa Pova\u017esk\u00e9 m\u00fazeum v\u00a0\u017diline rozhodlo uskuto\u010dni\u0165 tento semin\u00e1r aj v\u00a0Budat\u00ednskom hrade a\u00a0prinies\u0165 tak v\u00fdber\u00a0t\u00fdch najzauj\u00edmavej\u0161\u00edch pr\u00edspevkov \u0161irokej verejnosti.<\/p>\n<p>Semin\u00e1r sa uskuto\u010dn\u00ed vo \u0161tvrtok 15. 11. 2018 so za\u010diatkom o\u00a016.00 v\u00a0priestoroch v\u00fdchodn\u00e9ho pal\u00e1ca Budat\u00ednskeho hradu. Traja predn\u00e1\u0161aj\u00faci, odborn\u00ed pracovn\u00edci Pova\u017esk\u00e9ho m\u00fazea v\u00a0\u017diline a\u00a0pracovn\u00edci \u0160t\u00e1tneho arch\u00edvu v\u00a0\u017diline so s\u00eddlom v\u00a0Byt\u010di, bud\u00fa rozpr\u00e1va\u0165 na t\u00e9my nielen oh\u013eadom st\u00e9ho v\u00fdro\u010dia vzniku \u010ceskoslovenskej republiky, ale aj o\u00a0ostatn\u00fdch v\u00fdro\u010diach, ktor\u00e9 si pripom\u00edname v\u00a0roku 2018.<\/p>\n<p>Bitku pri Kote\u0161ovej, ktor\u00e1 sa odohrala 5. decembra 1918, n\u00e1m pribl\u00ed\u017ei vo svojom pr\u00edspevku Miroslav Martinsk\u00fd, zo \u0160t\u00e1tneho arch\u00edvu. Jeho kolegy\u0148a, M\u00e1ria Weinbergerov\u00e1, bude ma\u0165 predn\u00e1\u0161ku na t\u00e9mu: V\u00fdro\u010dia, na ktor\u00e9 tie\u017e nezab\u00fadame. O\u00a0\u010deskoslovensk\u00fdch \u017eelezniciach, ktor\u00e9 osl\u00e1vili tento rok svoje st\u00e9 v\u00fdro\u010die na Hornom Pova\u017e\u00ed, bude predn\u00e1\u0161a\u0165 historik dopravy Pova\u017esk\u00e9ho m\u00fazea v\u00a0\u017diline, Peter \u0160imko. Po skon\u010den\u00ed predn\u00e1\u0161ok bude priestor nielen na zodpovedanie ot\u00e1zok publika, ale aj na diskusiu s\u00a0odborn\u00edkmi o\u00a0na\u0161ej hist\u00f3rii.<\/p>\n<p>V\u00a0roku 2018 si Slovensko pripom\u00edna hne\u010f nieko\u013eko zn\u00e1mych aj menej zn\u00e1mych v\u00fdro\u010d\u00ed. Pevne ver\u00edme, \u017ee n\u00e1\u0161 odborn\u00fd semin\u00e1r dok\u00e1\u017ee pribl\u00ed\u017ei\u0165 tieto m\u00ed\u013eniky tak, aby zaujal nielen pam\u00e4tn\u00edkov, ale aj laikov a\u00a0\u0161irok\u00fa verejnos\u0165.<\/p>\n<p>Vstup na semin\u00e1r je zadarmo.<\/p>\n<p>Te\u0161\u00edme sa na V\u00e1s.<\/p>\n","protected":false},"excerpt":{"rendered":"<p>V\u00a0septembri sa v\u00a0Sob\u00e1\u0161nom pal\u00e1ci v\u00a0Byt\u010di konal medzin\u00e1rodn\u00fd odborn\u00fd semin\u00e1r venovan\u00fd v\u00fdznamn\u00fdm v\u00fdro\u010diam, ktor\u00e9 si pripom\u00edname v\u00a0roku 2018. Pre ve\u013ek\u00fd z\u00e1ujem a\u00a0pozit\u00edvne ohlasy sa Pova\u017esk\u00e9 m\u00fazeum v\u00a0\u017diline rozhodlo uskuto\u010dni\u0165 tento semin\u00e1r aj v\u00a0Budat\u00ednskom hrade a\u00a0prinies\u0165 tak v\u00fdber\u00a0t\u00fdch najzauj\u00edmavej\u0161\u00edch pr\u00edspevkov \u0161irokej verejnosti. Semin\u00e1r sa uskuto\u010dn\u00ed vo \u0161tvrtok 15. 11. 2018 so za\u010diatkom o\u00a016.00 v\u00a0priestoroch v\u00fdchodn\u00e9ho pal\u00e1ca Budat\u00ednskeho [&hellip;]<\/p>\n","protected":false},"author":2,"featured_media":30633,"comment_status":"closed","ping_status":"closed","sticky":false,"template":"","format":"standard","meta":{"site-sidebar-layout":"default","site-content-layout":"","ast-site-content-layout":"","site-content-style":"default","site-sidebar-style":"default","ast-global-header-display":"","ast-banner-title-visibility":"","ast-main-header-display":"","ast-hfb-above-header-display":"","ast-hfb-below-header-display":"","ast-hfb-mobile-header-display":"","site-post-title":"","ast-breadcrumbs-content":"","ast-featured-img":"","footer-sml-layout":"","theme-transparent-header-meta":"","adv-header-id-meta":"","stick-header-meta":"","header-above-stick-meta":"","header-main-stick-meta":"","header-below-stick-meta":"","astra-migrate-meta-layouts":"default","ast-page-background-enabled":"default","ast-page-background-meta":{"desktop":{"background-color":"var(--ast-global-color-4)","background-image":"","background-repeat":"repeat","background-position":"center center","background-size":"auto","background-attachment":"scroll","background-type":"","background-media":"","overlay-type":"","overlay-color":"","overlay-opacity":"","overlay-gradient":""},"tablet":{"background-color":"","background-image":"","background-repeat":"repeat","background-position":"center center","background-size":"auto","background-attachment":"scroll","background-type":"","background-media":"","overlay-type":"","overlay-color":"","overlay-opacity":"","overlay-gradient":""},"mobile":{"background-color":"","background-image":"","background-repeat":"repeat","background-position":"center center","background-size":"auto","background-attachment":"scroll","background-type":"","background-media":"","overlay-type":"","overlay-color":"","overlay-opacity":"","overlay-gradient":""}},"ast-content-background-meta":{"desktop":{"background-color":"var(--ast-global-color-5)","background-image":"","background-repeat":"repeat","background-position":"center center","background-size":"auto","background-attachment":"scroll","background-type":"","background-media":"","overlay-type":"","overlay-color":"","overlay-opacity":"","overlay-gradient":""},"tablet":{"background-color":"var(--ast-global-color-5)","background-image":"","background-repeat":"repeat","background-position":"center center","background-size":"auto","background-attachment":"scroll","background-type":"","background-media":"","overlay-type":"","overlay-color":"","overlay-opacity":"","overlay-gradient":""},"mobile":{"background-color":"var(--ast-global-color-5)","background-image":"","background-repeat":"repeat","background-position":"center center","background-size":"auto","background-attachment":"scroll","background-type":"","background-media":"","overlay-type":"","overlay-color":"","overlay-opacity":"","overlay-gradient":""}},"footnotes":""},"categories":[31],"tags":[],"class_list":["post-30634","post","type-post","status-publish","format-standard","has-post-thumbnail","hentry","category-aktuality"],"yoast_head":"<!-- This site is optimized with the Yoast SEO plugin v27.4 - https:\/\/yoast.com\/product\/yoast-seo-wordpress\/ -->\n<title>M\u00fazeum pre V\u00e1s: Semin\u00e1r &quot;Historick\u00e9 v\u00fdro\u010dia v roku 2018&quot; aj v Budat\u00edne - Pova\u017esk\u00e9 m\u00fazeum<\/title>\n<meta name=\"robots\" content=\"index, follow, max-snippet:-1, max-image-preview:large, max-video-preview:-1\" \/>\n<link rel=\"canonical\" href=\"https:\/\/pmza.sk\/?p=30634\" \/>\n<meta property=\"og:locale\" content=\"sk_SK\" \/>\n<meta property=\"og:type\" content=\"article\" \/>\n<meta property=\"og:title\" content=\"M\u00fazeum pre V\u00e1s: Semin\u00e1r &quot;Historick\u00e9 v\u00fdro\u010dia v roku 2018&quot; aj v Budat\u00edne - Pova\u017esk\u00e9 m\u00fazeum\" \/>\n<meta property=\"og:description\" content=\"V\u00a0septembri sa v\u00a0Sob\u00e1\u0161nom pal\u00e1ci v\u00a0Byt\u010di konal medzin\u00e1rodn\u00fd odborn\u00fd semin\u00e1r venovan\u00fd v\u00fdznamn\u00fdm v\u00fdro\u010diam, ktor\u00e9 si pripom\u00edname v\u00a0roku 2018. Pre ve\u013ek\u00fd z\u00e1ujem a\u00a0pozit\u00edvne ohlasy sa Pova\u017esk\u00e9 m\u00fazeum v\u00a0\u017diline rozhodlo uskuto\u010dni\u0165 tento semin\u00e1r aj v\u00a0Budat\u00ednskom hrade a\u00a0prinies\u0165 tak v\u00fdber\u00a0t\u00fdch najzauj\u00edmavej\u0161\u00edch pr\u00edspevkov \u0161irokej verejnosti. Semin\u00e1r sa uskuto\u010dn\u00ed vo \u0161tvrtok 15. 11. 2018 so za\u010diatkom o\u00a016.00 v\u00a0priestoroch v\u00fdchodn\u00e9ho pal\u00e1ca Budat\u00ednskeho [&hellip;]\" \/>\n<meta property=\"og:url\" content=\"https:\/\/pmza.sk\/?p=30634\" \/>\n<meta property=\"og:site_name\" content=\"Pova\u017esk\u00e9 m\u00fazeum\" \/>\n<meta property=\"article:publisher\" content=\"https:\/\/www.facebook.com\/povazskemuzeum\" \/>\n<meta property=\"article:published_time\" content=\"2018-11-08T07:27:29+00:00\" \/>\n<meta name=\"author\" content=\"Pova\u017esk\u00e9 m\u00fazeum\" \/>\n<meta name=\"twitter:card\" content=\"summary_large_image\" \/>\n<meta name=\"twitter:label1\" content=\"Autor\" \/>\n\t<meta name=\"twitter:data1\" content=\"Pova\u017esk\u00e9 m\u00fazeum\" \/>\n\t<meta name=\"twitter:label2\" content=\"Predpokladan\u00fd \u010das \u010d\u00edtania\" \/>\n\t<meta name=\"twitter:data2\" content=\"2 min\u00faty\" \/>\n<script type=\"application\/ld+json\" class=\"yoast-schema-graph\">{\"@context\":\"https:\\\/\\\/schema.org\",\"@graph\":[{\"@type\":\"Article\",\"@id\":\"https:\\\/\\\/pmza.sk\\\/?p=30634#article\",\"isPartOf\":{\"@id\":\"https:\\\/\\\/pmza.sk\\\/?p=30634\"},\"author\":{\"name\":\"Pova\u017esk\u00e9 m\u00fazeum\",\"@id\":\"https:\\\/\\\/pmza.sk\\\/#\\\/schema\\\/person\\\/595e6a2ce731ea94dcd5d7f50a41ae33\"},\"headline\":\"M\u00fazeum pre V\u00e1s: Semin\u00e1r &#8222;Historick\u00e9 v\u00fdro\u010dia v roku 2018&#8220; aj v Budat\u00edne\",\"datePublished\":\"2018-11-08T07:27:29+00:00\",\"mainEntityOfPage\":{\"@id\":\"https:\\\/\\\/pmza.sk\\\/?p=30634\"},\"wordCount\":326,\"publisher\":{\"@id\":\"https:\\\/\\\/pmza.sk\\\/#organization\"},\"image\":{\"@id\":\"https:\\\/\\\/pmza.sk\\\/?p=30634#primaryimage\"},\"thumbnailUrl\":\"\",\"articleSection\":[\"Aktuality\"],\"inLanguage\":\"sk-SK\"},{\"@type\":\"WebPage\",\"@id\":\"https:\\\/\\\/pmza.sk\\\/?p=30634\",\"url\":\"https:\\\/\\\/pmza.sk\\\/?p=30634\",\"name\":\"M\u00fazeum pre V\u00e1s: Semin\u00e1r \\\"Historick\u00e9 v\u00fdro\u010dia v roku 2018\\\" aj v Budat\u00edne - Pova\u017esk\u00e9 m\u00fazeum\",\"isPartOf\":{\"@id\":\"https:\\\/\\\/pmza.sk\\\/#website\"},\"primaryImageOfPage\":{\"@id\":\"https:\\\/\\\/pmza.sk\\\/?p=30634#primaryimage\"},\"image\":{\"@id\":\"https:\\\/\\\/pmza.sk\\\/?p=30634#primaryimage\"},\"thumbnailUrl\":\"\",\"datePublished\":\"2018-11-08T07:27:29+00:00\",\"breadcrumb\":{\"@id\":\"https:\\\/\\\/pmza.sk\\\/?p=30634#breadcrumb\"},\"inLanguage\":\"sk-SK\",\"potentialAction\":[{\"@type\":\"ReadAction\",\"target\":[\"https:\\\/\\\/pmza.sk\\\/?p=30634\"]}]},{\"@type\":\"ImageObject\",\"inLanguage\":\"sk-SK\",\"@id\":\"https:\\\/\\\/pmza.sk\\\/?p=30634#primaryimage\",\"url\":\"\",\"contentUrl\":\"\"},{\"@type\":\"BreadcrumbList\",\"@id\":\"https:\\\/\\\/pmza.sk\\\/?p=30634#breadcrumb\",\"itemListElement\":[{\"@type\":\"ListItem\",\"position\":1,\"name\":\"Domovsk\u00e1 str\u00e1nka\",\"item\":\"https:\\\/\\\/pmza.sk\\\/\"},{\"@type\":\"ListItem\",\"position\":2,\"name\":\"M\u00fazeum pre V\u00e1s: Semin\u00e1r &#8222;Historick\u00e9 v\u00fdro\u010dia v roku 2018&#8220; aj v Budat\u00edne\"}]},{\"@type\":\"WebSite\",\"@id\":\"https:\\\/\\\/pmza.sk\\\/#website\",\"url\":\"https:\\\/\\\/pmza.sk\\\/\",\"name\":\"Pova\u017esk\u00e9 m\u00fazeum\",\"description\":\"Pova\u017esk\u00e9 m\u00fazeum v \u017diline je region\u00e1lne m\u00fazeum so s\u00eddlom v Budat\u00edne. Jeho expoz\u00edcie s\u00fa zameran\u00e9 na dejiny slovensk\u00e9ho umenia, kult\u00fary a dopravy.\",\"publisher\":{\"@id\":\"https:\\\/\\\/pmza.sk\\\/#organization\"},\"potentialAction\":[{\"@type\":\"SearchAction\",\"target\":{\"@type\":\"EntryPoint\",\"urlTemplate\":\"https:\\\/\\\/pmza.sk\\\/?s={search_term_string}\"},\"query-input\":{\"@type\":\"PropertyValueSpecification\",\"valueRequired\":true,\"valueName\":\"search_term_string\"}}],\"inLanguage\":\"sk-SK\"},{\"@type\":\"Organization\",\"@id\":\"https:\\\/\\\/pmza.sk\\\/#organization\",\"name\":\"Pova\u017esk\u00e9 m\u00fazeum\",\"url\":\"https:\\\/\\\/pmza.sk\\\/\",\"logo\":{\"@type\":\"ImageObject\",\"inLanguage\":\"sk-SK\",\"@id\":\"https:\\\/\\\/pmza.sk\\\/#\\\/schema\\\/logo\\\/image\\\/\",\"url\":\"https:\\\/\\\/pmza.sk\\\/wp-content\\\/uploads\\\/2022\\\/01\\\/logo_PM_horizontal.jpg\",\"contentUrl\":\"https:\\\/\\\/pmza.sk\\\/wp-content\\\/uploads\\\/2022\\\/01\\\/logo_PM_horizontal.jpg\",\"width\":231,\"height\":142,\"caption\":\"Pova\u017esk\u00e9 m\u00fazeum\"},\"image\":{\"@id\":\"https:\\\/\\\/pmza.sk\\\/#\\\/schema\\\/logo\\\/image\\\/\"},\"sameAs\":[\"https:\\\/\\\/www.facebook.com\\\/povazskemuzeum\",\"https:\\\/\\\/www.instagram.com\\\/povazskemuzeum\\\/\"]},{\"@type\":\"Person\",\"@id\":\"https:\\\/\\\/pmza.sk\\\/#\\\/schema\\\/person\\\/595e6a2ce731ea94dcd5d7f50a41ae33\",\"name\":\"Pova\u017esk\u00e9 m\u00fazeum\",\"image\":{\"@type\":\"ImageObject\",\"inLanguage\":\"sk-SK\",\"@id\":\"https:\\\/\\\/secure.gravatar.com\\\/avatar\\\/2bb7f1561282132fb5826dfeccc66c7996d11ee392ac6aaf7ced8a1c2027fbb2?s=96&d=mm&r=g\",\"url\":\"https:\\\/\\\/secure.gravatar.com\\\/avatar\\\/2bb7f1561282132fb5826dfeccc66c7996d11ee392ac6aaf7ced8a1c2027fbb2?s=96&d=mm&r=g\",\"contentUrl\":\"https:\\\/\\\/secure.gravatar.com\\\/avatar\\\/2bb7f1561282132fb5826dfeccc66c7996d11ee392ac6aaf7ced8a1c2027fbb2?s=96&d=mm&r=g\",\"caption\":\"Pova\u017esk\u00e9 m\u00fazeum\"}}]}<\/script>\n<!-- \/ Yoast SEO plugin. -->","yoast_head_json":{"title":"M\u00fazeum pre V\u00e1s: Semin\u00e1r \"Historick\u00e9 v\u00fdro\u010dia v roku 2018\" aj v Budat\u00edne - Pova\u017esk\u00e9 m\u00fazeum","robots":{"index":"index","follow":"follow","max-snippet":"max-snippet:-1","max-image-preview":"max-image-preview:large","max-video-preview":"max-video-preview:-1"},"canonical":"https:\/\/pmza.sk\/?p=30634","og_locale":"sk_SK","og_type":"article","og_title":"M\u00fazeum pre V\u00e1s: Semin\u00e1r \"Historick\u00e9 v\u00fdro\u010dia v roku 2018\" aj v Budat\u00edne - Pova\u017esk\u00e9 m\u00fazeum","og_description":"V\u00a0septembri sa v\u00a0Sob\u00e1\u0161nom pal\u00e1ci v\u00a0Byt\u010di konal medzin\u00e1rodn\u00fd odborn\u00fd semin\u00e1r venovan\u00fd v\u00fdznamn\u00fdm v\u00fdro\u010diam, ktor\u00e9 si pripom\u00edname v\u00a0roku 2018. Pre ve\u013ek\u00fd z\u00e1ujem a\u00a0pozit\u00edvne ohlasy sa Pova\u017esk\u00e9 m\u00fazeum v\u00a0\u017diline rozhodlo uskuto\u010dni\u0165 tento semin\u00e1r aj v\u00a0Budat\u00ednskom hrade a\u00a0prinies\u0165 tak v\u00fdber\u00a0t\u00fdch najzauj\u00edmavej\u0161\u00edch pr\u00edspevkov \u0161irokej verejnosti. Semin\u00e1r sa uskuto\u010dn\u00ed vo \u0161tvrtok 15. 11. 2018 so za\u010diatkom o\u00a016.00 v\u00a0priestoroch v\u00fdchodn\u00e9ho pal\u00e1ca Budat\u00ednskeho [&hellip;]","og_url":"https:\/\/pmza.sk\/?p=30634","og_site_name":"Pova\u017esk\u00e9 m\u00fazeum","article_publisher":"https:\/\/www.facebook.com\/povazskemuzeum","article_published_time":"2018-11-08T07:27:29+00:00","author":"Pova\u017esk\u00e9 m\u00fazeum","twitter_card":"summary_large_image","twitter_misc":{"Autor":"Pova\u017esk\u00e9 m\u00fazeum","Predpokladan\u00fd \u010das \u010d\u00edtania":"2 min\u00faty"},"schema":{"@context":"https:\/\/schema.org","@graph":[{"@type":"Article","@id":"https:\/\/pmza.sk\/?p=30634#article","isPartOf":{"@id":"https:\/\/pmza.sk\/?p=30634"},"author":{"name":"Pova\u017esk\u00e9 m\u00fazeum","@id":"https:\/\/pmza.sk\/#\/schema\/person\/595e6a2ce731ea94dcd5d7f50a41ae33"},"headline":"M\u00fazeum pre V\u00e1s: Semin\u00e1r &#8222;Historick\u00e9 v\u00fdro\u010dia v roku 2018&#8220; aj v Budat\u00edne","datePublished":"2018-11-08T07:27:29+00:00","mainEntityOfPage":{"@id":"https:\/\/pmza.sk\/?p=30634"},"wordCount":326,"publisher":{"@id":"https:\/\/pmza.sk\/#organization"},"image":{"@id":"https:\/\/pmza.sk\/?p=30634#primaryimage"},"thumbnailUrl":"","articleSection":["Aktuality"],"inLanguage":"sk-SK"},{"@type":"WebPage","@id":"https:\/\/pmza.sk\/?p=30634","url":"https:\/\/pmza.sk\/?p=30634","name":"M\u00fazeum pre V\u00e1s: Semin\u00e1r \"Historick\u00e9 v\u00fdro\u010dia v roku 2018\" aj v Budat\u00edne - Pova\u017esk\u00e9 m\u00fazeum","isPartOf":{"@id":"https:\/\/pmza.sk\/#website"},"primaryImageOfPage":{"@id":"https:\/\/pmza.sk\/?p=30634#primaryimage"},"image":{"@id":"https:\/\/pmza.sk\/?p=30634#primaryimage"},"thumbnailUrl":"","datePublished":"2018-11-08T07:27:29+00:00","breadcrumb":{"@id":"https:\/\/pmza.sk\/?p=30634#breadcrumb"},"inLanguage":"sk-SK","potentialAction":[{"@type":"ReadAction","target":["https:\/\/pmza.sk\/?p=30634"]}]},{"@type":"ImageObject","inLanguage":"sk-SK","@id":"https:\/\/pmza.sk\/?p=30634#primaryimage","url":"","contentUrl":""},{"@type":"BreadcrumbList","@id":"https:\/\/pmza.sk\/?p=30634#breadcrumb","itemListElement":[{"@type":"ListItem","position":1,"name":"Domovsk\u00e1 str\u00e1nka","item":"https:\/\/pmza.sk\/"},{"@type":"ListItem","position":2,"name":"M\u00fazeum pre V\u00e1s: Semin\u00e1r &#8222;Historick\u00e9 v\u00fdro\u010dia v roku 2018&#8220; aj v Budat\u00edne"}]},{"@type":"WebSite","@id":"https:\/\/pmza.sk\/#website","url":"https:\/\/pmza.sk\/","name":"Pova\u017esk\u00e9 m\u00fazeum","description":"Pova\u017esk\u00e9 m\u00fazeum v \u017diline je region\u00e1lne m\u00fazeum so s\u00eddlom v Budat\u00edne. Jeho expoz\u00edcie s\u00fa zameran\u00e9 na dejiny slovensk\u00e9ho umenia, kult\u00fary a dopravy.","publisher":{"@id":"https:\/\/pmza.sk\/#organization"},"potentialAction":[{"@type":"SearchAction","target":{"@type":"EntryPoint","urlTemplate":"https:\/\/pmza.sk\/?s={search_term_string}"},"query-input":{"@type":"PropertyValueSpecification","valueRequired":true,"valueName":"search_term_string"}}],"inLanguage":"sk-SK"},{"@type":"Organization","@id":"https:\/\/pmza.sk\/#organization","name":"Pova\u017esk\u00e9 m\u00fazeum","url":"https:\/\/pmza.sk\/","logo":{"@type":"ImageObject","inLanguage":"sk-SK","@id":"https:\/\/pmza.sk\/#\/schema\/logo\/image\/","url":"https:\/\/pmza.sk\/wp-content\/uploads\/2022\/01\/logo_PM_horizontal.jpg","contentUrl":"https:\/\/pmza.sk\/wp-content\/uploads\/2022\/01\/logo_PM_horizontal.jpg","width":231,"height":142,"caption":"Pova\u017esk\u00e9 m\u00fazeum"},"image":{"@id":"https:\/\/pmza.sk\/#\/schema\/logo\/image\/"},"sameAs":["https:\/\/www.facebook.com\/povazskemuzeum","https:\/\/www.instagram.com\/povazskemuzeum\/"]},{"@type":"Person","@id":"https:\/\/pmza.sk\/#\/schema\/person\/595e6a2ce731ea94dcd5d7f50a41ae33","name":"Pova\u017esk\u00e9 m\u00fazeum","image":{"@type":"ImageObject","inLanguage":"sk-SK","@id":"https:\/\/secure.gravatar.com\/avatar\/2bb7f1561282132fb5826dfeccc66c7996d11ee392ac6aaf7ced8a1c2027fbb2?s=96&d=mm&r=g","url":"https:\/\/secure.gravatar.com\/avatar\/2bb7f1561282132fb5826dfeccc66c7996d11ee392ac6aaf7ced8a1c2027fbb2?s=96&d=mm&r=g","contentUrl":"https:\/\/secure.gravatar.com\/avatar\/2bb7f1561282132fb5826dfeccc66c7996d11ee392ac6aaf7ced8a1c2027fbb2?s=96&d=mm&r=g","caption":"Pova\u017esk\u00e9 m\u00fazeum"}}]}},"_links":{"self":[{"href":"https:\/\/pmza.sk\/index.php?rest_route=\/wp\/v2\/posts\/30634","targetHints":{"allow":["GET"]}}],"collection":[{"href":"https:\/\/pmza.sk\/index.php?rest_route=\/wp\/v2\/posts"}],"about":[{"href":"https:\/\/pmza.sk\/index.php?rest_route=\/wp\/v2\/types\/post"}],"author":[{"embeddable":true,"href":"https:\/\/pmza.sk\/index.php?rest_route=\/wp\/v2\/users\/2"}],"replies":[{"embeddable":true,"href":"https:\/\/pmza.sk\/index.php?rest_route=%2Fwp%2Fv2%2Fcomments&post=30634"}],"version-history":[{"count":0,"href":"https:\/\/pmza.sk\/index.php?rest_route=\/wp\/v2\/posts\/30634\/revisions"}],"wp:featuredmedia":[{"embeddable":true,"href":"https:\/\/pmza.sk\/index.php?rest_route=\/"}],"wp:attachment":[{"href":"https:\/\/pmza.sk\/index.php?rest_route=%2Fwp%2Fv2%2Fmedia&parent=30634"}],"wp:term":[{"taxonomy":"category","embeddable":true,"href":"https:\/\/pmza.sk\/index.php?rest_route=%2Fwp%2Fv2%2Fcategories&post=30634"},{"taxonomy":"post_tag","embeddable":true,"href":"https:\/\/pmza.sk\/index.php?rest_route=%2Fwp%2Fv2%2Ftags&post=30634"}],"curies":[{"name":"wp","href":"https:\/\/api.w.org\/{rel}","templated":true}]}}