{"id":30645,"date":"2018-11-08T12:07:03","date_gmt":"2018-11-08T11:07:03","guid":{"rendered":"https:\/\/pmza.sk\/?p=30645"},"modified":"2018-11-08T12:07:03","modified_gmt":"2018-11-08T11:07:03","slug":"dni-europskeho-kulturneho-dedicstva-2018-podakovanie-za-spolupracu","status":"publish","type":"post","link":"https:\/\/pmza.sk\/?p=30645","title":{"rendered":"Dni eur\u00f3pskeho kult\u00farneho dedi\u010dstva 2018 &#8211; po\u010fakovanie za spolupr\u00e1cu"},"content":{"rendered":"<p>Dni eur\u00f3pskeho kult\u00farneho dedi\u010dstva sa ka\u017edoro\u010dne konaj\u00fa v mesiaci september v 49 \u0161t\u00e1toch Eur\u00f3py. Ide o podujatie, ktor\u00e9ho cie\u013eom je preh\u013abi\u0165 z\u00e1ujem \u013eud\u00ed o kult\u00farne dedi\u010dstvo a jeho ochranu, zv\u00fd\u0161i\u0165 kult\u00farnu identitu n\u00e1roda cez spr\u00edstupnenie be\u017ene nepr\u00edstupn\u00fdch pamiatok, be\u017ene pr\u00edstupn\u00fdch pamiatok \u201ev inom svetle\u201c, semin\u00e1re, predn\u00e1\u0161ky, v\u00fdstavy, turistick\u00e9 aktivity, s\u00fa\u0165a\u017ee a hry s\u00favisiace s historick\u00fdm prostred\u00edm a jeho hodnotami.<\/p>\n<p>Ro\u010dn\u00edk 2018 sa niesol v duchu t\u00e9my Zdie\u013ean\u00e9 dedi\u010dstvo. Z\u00e1ujemci mali mo\u017enos\u0165 nav\u0161t\u00edvi\u0165 v r\u00e1mci Slovenska 403 aktiv\u00edt, ktor\u00e9 pre nich pripravili in\u0161tit\u00facie \u0161t\u00e1tnej a verejnej spr\u00e1vy, \u00fazemnej samospr\u00e1vy, samospr\u00e1vy miest a obc\u00ed, \u0161koly, cirkvi, mimovl\u00e1dne a neziskov\u00e9 organiz\u00e1cie, kult\u00farno-osvetov\u00e9 in\u0161tit\u00facie, ob\u010dianske zdru\u017eenia, majitelia a spr\u00e1vcovia n\u00e1rodn\u00fdch kult\u00farnych pamiatok a historick\u00fdch objektov, ale aj akt\u00edvni ob\u010dania. Ich katal\u00f3g je pr\u00edstupn\u00fd na str\u00e1nke <a href=\"http:\/\/www.dekd.sk\/\">www.dekd.sk.<\/a><\/p>\n<p>Hos\u0165uj\u00facim mestom otv\u00e1racieho ceremoni\u00e1lu bolo mesto Nitra, ktor\u00e9 v tomto roku osl\u00e1vilo 770. v\u00fdro\u010die udelenia mestsk\u00fdch v\u00fdsad kr\u00e1\u013eom Belom IV. Otv\u00e1rac\u00ed ceremoni\u00e1l sa uskuto\u010dnil 2. septembra na Sv\u00e4toplukovom n\u00e1mest\u00ed v r\u00e1mci benefi\u010dn\u00e9ho koncertu a sl\u00e1vnostn\u00e9ho galaprogramu Hoj, vlas\u0165 moja\u00a0\u00a0\u00a0\u00a0 a pokra\u010doval tradi\u010dn\u00fdm odovzd\u00e1van\u00edm v\u00fdro\u010dn\u00fdch cien revue Pamiatky a m\u00faze\u00e1 7. septembra v s\u00e1le \u017dupn\u00e9ho domu. V tom \u010dase sa v meste konalo viacero podujat\u00ed: historick\u00fd sprievod s uk\u00e1\u017ekami dobov\u00e9ho \u017eivota, jarmok \u013eudov\u00fdch remesiel, tvoriv\u00e9 dielne, divadeln\u00fa inscen\u00e1ciu Kr\u00e1\u013e Belo IV. a jeho rodina, bola uveden\u00e1 publik\u00e1cia Najstar\u0161ia kniha mesta Nitry 1681 \u2013 1693, konala sa v\u00fdstava dokumentov \u0160t\u00e1tneho arch\u00edvu v Nitre, vernis\u00e1\u017e filatelistickej v\u00fdstavy 100 rokov \u010deskoslovenskej po\u0161tovej zn\u00e1mky a medzin\u00e1rodn\u00e1\u00a0 konferencia\u00a0 30\u00a0 rokov\u00a0 v\u00fdskumu\u00a0 Nitrianskeho\u00a0 hradu.\u00a0 V r\u00e1mci\u00a0 cel\u00e9ho\u00a0 mesiaca\u00a0 sa\u00a0\u00a0\u00a0\u00a0\u00a0 v Nitrianskom samospr\u00e1vnom kraji konalo v r\u00e1mci Dn\u00ed eur\u00f3pskeho kult\u00farneho dedi\u010dstva spolu 63 aktiv\u00edt.<\/p>\n<p>V\u00ed\u0165azn\u00fd n\u00e1vrh zo s\u00fa\u0165a\u017ee grafickej prezent\u00e1cie podujatia bol pou\u017eit\u00fd ako hlavn\u00fd plag\u00e1t podujatia\u00a0\u00a0 a nesk\u00f4r aj pri tvorbe krajsk\u00fdch plag\u00e1tov a pozv\u00e1nok. Okrem toho bola pre tento ro\u010dn\u00edk vyroben\u00e1 aj s\u00e9ria reklamn\u00fdch a spomienkov\u00fdch predmetov: per\u00e1, odznaky, tri\u010dk\u00e1, bal\u00f3ny, poh\u013eadnice a vlajky s logom Dn\u00ed eur\u00f3pskeho kult\u00farneho dedi\u010dstva, ktor\u00e9ho pr\u00edtomnos\u0165 na mieste konania aktivity bola podmienkou jej zaradenia do podujatia.<\/p>\n<p>V r\u00e1mci koordin\u00e1cie Dn\u00ed eur\u00f3pskeho kult\u00farneho dedi\u010dstva, ktor\u00fa na Slovensku zastre\u0161ovalo ICOMOS Slovensko a Zdru\u017eenie historick\u00fdch miest a obc\u00ed Slovenska, mali v\u0161etky samospr\u00e1vne kraje Slovenska krajsk\u00fdch koordin\u00e1torov, ktor\u00ed poskytovali potrebn\u00e9 inform\u00e1cie pri tvorbe aktiv\u00edt a ich zaraden\u00ed do vznikaj\u00faceho syst\u00e9mu tak, aby spolu s\u00faviseli, nadv\u00e4zovali na seba, pr\u00edpadne sa navz\u00e1jom neblokovali. Pom\u00e1hali s medializ\u00e1ciou a propag\u00e1ciou aktiv\u00edt, distribuovali reklamn\u00e9 predmety, nav\u0161tevovali vybran\u00e9 aktivity.\u00a0 V Bratislavskom\u00a0\u00a0 samospr\u00e1vnom\u00a0\u00a0 kraji\u00a0\u00a0 sa\u00a0\u00a0 konalo\u00a0\u00a0 16\u00a0\u00a0 aktiv\u00edt,\u00a0\u00a0 v Trnavskom\u00a0\u00a0 92\u00a0\u00a0 aktiv\u00edt,\u00a0\u00a0 v Tren\u010dianskom 39 aktiv\u00edt, v \u017dilinskom 38 aktiv\u00edt, v Banskobystrickom 73 aktiv\u00edt, v Pre\u0161ovskom 46 aktiv\u00edt a v Ko\u0161ickom samospr\u00e1vnom kraji 36 aktiv\u00edt.<\/p>\n<p>Sp\u00e4tn\u00fa v\u00e4zbu sa n\u00e1m podarilo z\u00edska\u0165 z konania 194 aktiv\u00edt (48%), ktor\u00e9 organiza\u010dne zabezpe\u010dilo 987 \u013eud\u00ed, n\u00e1klady na ich konanie boli takmer 54 000 eur a nav\u0161t\u00edvilo ich 45 670 n\u00e1v\u0161tevn\u00edkov.<\/p>\n<p>V Prievidzi 22. 10. 2018\u00a0\u00a0\u00a0\u00a0\u00a0\u00a0\u00a0\u00a0\u00a0\u00a0\u00a0\u00a0\u00a0\u00a0\u00a0\u00a0\u00a0\u00a0\u00a0\u00a0\u00a0\u00a0\u00a0\u00a0\u00a0\u00a0\u00a0\u00a0\u00a0\u00a0\u00a0\u00a0\u00a0\u00a0\u00a0\u00a0\u00a0\u00a0\u00a0\u00a0\u00a0\u00a0\u00a0\u00a0\u00a0\u00a0\u00a0\u00a0\u00a0\u00a0<\/p>\n<p>spracovala: Ing. arch. Silvia Petr\u00e1\u0161ov\u00e1, PhD. hlavn\u00e1 koordin\u00e1torka DEKD na Slovensku<\/p>\n<p><img fetchpriority=\"high\" decoding=\"async\" class=\"aligncenter size-thumbnail wp-image-30644\" src=\"https:\/\/pmza.sk\/wp-content\/uploads\/2018\/11\/\u010fakovn\u00fd-list-dekd-2018-475x300.jpg\" alt=\"\" width=\"475\" height=\"300\" \/><\/p>\n","protected":false},"excerpt":{"rendered":"<p>Dni eur\u00f3pskeho kult\u00farneho dedi\u010dstva sa ka\u017edoro\u010dne konaj\u00fa v mesiaci september v 49 \u0161t\u00e1toch Eur\u00f3py. Ide o podujatie, ktor\u00e9ho cie\u013eom je preh\u013abi\u0165 z\u00e1ujem \u013eud\u00ed o kult\u00farne dedi\u010dstvo a jeho ochranu, zv\u00fd\u0161i\u0165 kult\u00farnu identitu n\u00e1roda cez spr\u00edstupnenie be\u017ene nepr\u00edstupn\u00fdch pamiatok, be\u017ene pr\u00edstupn\u00fdch pamiatok \u201ev inom svetle\u201c, semin\u00e1re, predn\u00e1\u0161ky, v\u00fdstavy, turistick\u00e9 aktivity, s\u00fa\u0165a\u017ee a hry s\u00favisiace s historick\u00fdm [&hellip;]<\/p>\n","protected":false},"author":2,"featured_media":30644,"comment_status":"closed","ping_status":"closed","sticky":false,"template":"","format":"standard","meta":{"site-sidebar-layout":"default","site-content-layout":"","ast-site-content-layout":"","site-content-style":"default","site-sidebar-style":"default","ast-global-header-display":"","ast-banner-title-visibility":"","ast-main-header-display":"","ast-hfb-above-header-display":"","ast-hfb-below-header-display":"","ast-hfb-mobile-header-display":"","site-post-title":"","ast-breadcrumbs-content":"","ast-featured-img":"","footer-sml-layout":"","theme-transparent-header-meta":"","adv-header-id-meta":"","stick-header-meta":"","header-above-stick-meta":"","header-main-stick-meta":"","header-below-stick-meta":"","astra-migrate-meta-layouts":"default","ast-page-background-enabled":"default","ast-page-background-meta":{"desktop":{"background-color":"var(--ast-global-color-4)","background-image":"","background-repeat":"repeat","background-position":"center center","background-size":"auto","background-attachment":"scroll","background-type":"","background-media":"","overlay-type":"","overlay-color":"","overlay-opacity":"","overlay-gradient":""},"tablet":{"background-color":"","background-image":"","background-repeat":"repeat","background-position":"center center","background-size":"auto","background-attachment":"scroll","background-type":"","background-media":"","overlay-type":"","overlay-color":"","overlay-opacity":"","overlay-gradient":""},"mobile":{"background-color":"","background-image":"","background-repeat":"repeat","background-position":"center center","background-size":"auto","background-attachment":"scroll","background-type":"","background-media":"","overlay-type":"","overlay-color":"","overlay-opacity":"","overlay-gradient":""}},"ast-content-background-meta":{"desktop":{"background-color":"var(--ast-global-color-5)","background-image":"","background-repeat":"repeat","background-position":"center center","background-size":"auto","background-attachment":"scroll","background-type":"","background-media":"","overlay-type":"","overlay-color":"","overlay-opacity":"","overlay-gradient":""},"tablet":{"background-color":"var(--ast-global-color-5)","background-image":"","background-repeat":"repeat","background-position":"center center","background-size":"auto","background-attachment":"scroll","background-type":"","background-media":"","overlay-type":"","overlay-color":"","overlay-opacity":"","overlay-gradient":""},"mobile":{"background-color":"var(--ast-global-color-5)","background-image":"","background-repeat":"repeat","background-position":"center center","background-size":"auto","background-attachment":"scroll","background-type":"","background-media":"","overlay-type":"","overlay-color":"","overlay-opacity":"","overlay-gradient":""}},"footnotes":""},"categories":[1],"tags":[],"class_list":["post-30645","post","type-post","status-publish","format-standard","has-post-thumbnail","hentry","category-nezaradene"],"yoast_head":"<!-- This site is optimized with the Yoast SEO plugin v27.4 - https:\/\/yoast.com\/product\/yoast-seo-wordpress\/ -->\n<title>Dni eur\u00f3pskeho kult\u00farneho dedi\u010dstva 2018 - po\u010fakovanie za spolupr\u00e1cu - Pova\u017esk\u00e9 m\u00fazeum<\/title>\n<meta name=\"robots\" content=\"index, follow, max-snippet:-1, max-image-preview:large, max-video-preview:-1\" \/>\n<link rel=\"canonical\" href=\"https:\/\/pmza.sk\/?p=30645\" \/>\n<meta property=\"og:locale\" content=\"sk_SK\" \/>\n<meta property=\"og:type\" content=\"article\" \/>\n<meta property=\"og:title\" content=\"Dni eur\u00f3pskeho kult\u00farneho dedi\u010dstva 2018 - po\u010fakovanie za spolupr\u00e1cu - Pova\u017esk\u00e9 m\u00fazeum\" \/>\n<meta property=\"og:description\" content=\"Dni eur\u00f3pskeho kult\u00farneho dedi\u010dstva sa ka\u017edoro\u010dne konaj\u00fa v mesiaci september v 49 \u0161t\u00e1toch Eur\u00f3py. Ide o podujatie, ktor\u00e9ho cie\u013eom je preh\u013abi\u0165 z\u00e1ujem \u013eud\u00ed o kult\u00farne dedi\u010dstvo a jeho ochranu, zv\u00fd\u0161i\u0165 kult\u00farnu identitu n\u00e1roda cez spr\u00edstupnenie be\u017ene nepr\u00edstupn\u00fdch pamiatok, be\u017ene pr\u00edstupn\u00fdch pamiatok \u201ev inom svetle\u201c, semin\u00e1re, predn\u00e1\u0161ky, v\u00fdstavy, turistick\u00e9 aktivity, s\u00fa\u0165a\u017ee a hry s\u00favisiace s historick\u00fdm [&hellip;]\" \/>\n<meta property=\"og:url\" content=\"https:\/\/pmza.sk\/?p=30645\" \/>\n<meta property=\"og:site_name\" content=\"Pova\u017esk\u00e9 m\u00fazeum\" \/>\n<meta property=\"article:publisher\" content=\"https:\/\/www.facebook.com\/povazskemuzeum\" \/>\n<meta property=\"article:published_time\" content=\"2018-11-08T11:07:03+00:00\" \/>\n<meta name=\"author\" content=\"Pova\u017esk\u00e9 m\u00fazeum\" \/>\n<meta name=\"twitter:card\" content=\"summary_large_image\" \/>\n<meta name=\"twitter:label1\" content=\"Autor\" \/>\n\t<meta name=\"twitter:data1\" content=\"Pova\u017esk\u00e9 m\u00fazeum\" \/>\n\t<meta name=\"twitter:label2\" content=\"Predpokladan\u00fd \u010das \u010d\u00edtania\" \/>\n\t<meta name=\"twitter:data2\" content=\"3 min\u00faty\" \/>\n<script type=\"application\/ld+json\" class=\"yoast-schema-graph\">{\"@context\":\"https:\\\/\\\/schema.org\",\"@graph\":[{\"@type\":\"Article\",\"@id\":\"https:\\\/\\\/pmza.sk\\\/?p=30645#article\",\"isPartOf\":{\"@id\":\"https:\\\/\\\/pmza.sk\\\/?p=30645\"},\"author\":{\"name\":\"Pova\u017esk\u00e9 m\u00fazeum\",\"@id\":\"https:\\\/\\\/pmza.sk\\\/#\\\/schema\\\/person\\\/595e6a2ce731ea94dcd5d7f50a41ae33\"},\"headline\":\"Dni eur\u00f3pskeho kult\u00farneho dedi\u010dstva 2018 &#8211; po\u010fakovanie za spolupr\u00e1cu\",\"datePublished\":\"2018-11-08T11:07:03+00:00\",\"mainEntityOfPage\":{\"@id\":\"https:\\\/\\\/pmza.sk\\\/?p=30645\"},\"wordCount\":643,\"publisher\":{\"@id\":\"https:\\\/\\\/pmza.sk\\\/#organization\"},\"image\":{\"@id\":\"https:\\\/\\\/pmza.sk\\\/?p=30645#primaryimage\"},\"thumbnailUrl\":\"\",\"inLanguage\":\"sk-SK\"},{\"@type\":\"WebPage\",\"@id\":\"https:\\\/\\\/pmza.sk\\\/?p=30645\",\"url\":\"https:\\\/\\\/pmza.sk\\\/?p=30645\",\"name\":\"Dni eur\u00f3pskeho kult\u00farneho dedi\u010dstva 2018 - po\u010fakovanie za spolupr\u00e1cu - Pova\u017esk\u00e9 m\u00fazeum\",\"isPartOf\":{\"@id\":\"https:\\\/\\\/pmza.sk\\\/#website\"},\"primaryImageOfPage\":{\"@id\":\"https:\\\/\\\/pmza.sk\\\/?p=30645#primaryimage\"},\"image\":{\"@id\":\"https:\\\/\\\/pmza.sk\\\/?p=30645#primaryimage\"},\"thumbnailUrl\":\"\",\"datePublished\":\"2018-11-08T11:07:03+00:00\",\"breadcrumb\":{\"@id\":\"https:\\\/\\\/pmza.sk\\\/?p=30645#breadcrumb\"},\"inLanguage\":\"sk-SK\",\"potentialAction\":[{\"@type\":\"ReadAction\",\"target\":[\"https:\\\/\\\/pmza.sk\\\/?p=30645\"]}]},{\"@type\":\"ImageObject\",\"inLanguage\":\"sk-SK\",\"@id\":\"https:\\\/\\\/pmza.sk\\\/?p=30645#primaryimage\",\"url\":\"\",\"contentUrl\":\"\"},{\"@type\":\"BreadcrumbList\",\"@id\":\"https:\\\/\\\/pmza.sk\\\/?p=30645#breadcrumb\",\"itemListElement\":[{\"@type\":\"ListItem\",\"position\":1,\"name\":\"Domovsk\u00e1 str\u00e1nka\",\"item\":\"https:\\\/\\\/pmza.sk\\\/\"},{\"@type\":\"ListItem\",\"position\":2,\"name\":\"Dni eur\u00f3pskeho kult\u00farneho dedi\u010dstva 2018 &#8211; po\u010fakovanie za spolupr\u00e1cu\"}]},{\"@type\":\"WebSite\",\"@id\":\"https:\\\/\\\/pmza.sk\\\/#website\",\"url\":\"https:\\\/\\\/pmza.sk\\\/\",\"name\":\"Pova\u017esk\u00e9 m\u00fazeum\",\"description\":\"Pova\u017esk\u00e9 m\u00fazeum v \u017diline je region\u00e1lne m\u00fazeum so s\u00eddlom v Budat\u00edne. Jeho expoz\u00edcie s\u00fa zameran\u00e9 na dejiny slovensk\u00e9ho umenia, kult\u00fary a dopravy.\",\"publisher\":{\"@id\":\"https:\\\/\\\/pmza.sk\\\/#organization\"},\"potentialAction\":[{\"@type\":\"SearchAction\",\"target\":{\"@type\":\"EntryPoint\",\"urlTemplate\":\"https:\\\/\\\/pmza.sk\\\/?s={search_term_string}\"},\"query-input\":{\"@type\":\"PropertyValueSpecification\",\"valueRequired\":true,\"valueName\":\"search_term_string\"}}],\"inLanguage\":\"sk-SK\"},{\"@type\":\"Organization\",\"@id\":\"https:\\\/\\\/pmza.sk\\\/#organization\",\"name\":\"Pova\u017esk\u00e9 m\u00fazeum\",\"url\":\"https:\\\/\\\/pmza.sk\\\/\",\"logo\":{\"@type\":\"ImageObject\",\"inLanguage\":\"sk-SK\",\"@id\":\"https:\\\/\\\/pmza.sk\\\/#\\\/schema\\\/logo\\\/image\\\/\",\"url\":\"https:\\\/\\\/pmza.sk\\\/wp-content\\\/uploads\\\/2022\\\/01\\\/logo_PM_horizontal.jpg\",\"contentUrl\":\"https:\\\/\\\/pmza.sk\\\/wp-content\\\/uploads\\\/2022\\\/01\\\/logo_PM_horizontal.jpg\",\"width\":231,\"height\":142,\"caption\":\"Pova\u017esk\u00e9 m\u00fazeum\"},\"image\":{\"@id\":\"https:\\\/\\\/pmza.sk\\\/#\\\/schema\\\/logo\\\/image\\\/\"},\"sameAs\":[\"https:\\\/\\\/www.facebook.com\\\/povazskemuzeum\",\"https:\\\/\\\/www.instagram.com\\\/povazskemuzeum\\\/\"]},{\"@type\":\"Person\",\"@id\":\"https:\\\/\\\/pmza.sk\\\/#\\\/schema\\\/person\\\/595e6a2ce731ea94dcd5d7f50a41ae33\",\"name\":\"Pova\u017esk\u00e9 m\u00fazeum\",\"image\":{\"@type\":\"ImageObject\",\"inLanguage\":\"sk-SK\",\"@id\":\"https:\\\/\\\/secure.gravatar.com\\\/avatar\\\/2bb7f1561282132fb5826dfeccc66c7996d11ee392ac6aaf7ced8a1c2027fbb2?s=96&d=mm&r=g\",\"url\":\"https:\\\/\\\/secure.gravatar.com\\\/avatar\\\/2bb7f1561282132fb5826dfeccc66c7996d11ee392ac6aaf7ced8a1c2027fbb2?s=96&d=mm&r=g\",\"contentUrl\":\"https:\\\/\\\/secure.gravatar.com\\\/avatar\\\/2bb7f1561282132fb5826dfeccc66c7996d11ee392ac6aaf7ced8a1c2027fbb2?s=96&d=mm&r=g\",\"caption\":\"Pova\u017esk\u00e9 m\u00fazeum\"}}]}<\/script>\n<!-- \/ Yoast SEO plugin. -->","yoast_head_json":{"title":"Dni eur\u00f3pskeho kult\u00farneho dedi\u010dstva 2018 - po\u010fakovanie za spolupr\u00e1cu - Pova\u017esk\u00e9 m\u00fazeum","robots":{"index":"index","follow":"follow","max-snippet":"max-snippet:-1","max-image-preview":"max-image-preview:large","max-video-preview":"max-video-preview:-1"},"canonical":"https:\/\/pmza.sk\/?p=30645","og_locale":"sk_SK","og_type":"article","og_title":"Dni eur\u00f3pskeho kult\u00farneho dedi\u010dstva 2018 - po\u010fakovanie za spolupr\u00e1cu - Pova\u017esk\u00e9 m\u00fazeum","og_description":"Dni eur\u00f3pskeho kult\u00farneho dedi\u010dstva sa ka\u017edoro\u010dne konaj\u00fa v mesiaci september v 49 \u0161t\u00e1toch Eur\u00f3py. Ide o podujatie, ktor\u00e9ho cie\u013eom je preh\u013abi\u0165 z\u00e1ujem \u013eud\u00ed o kult\u00farne dedi\u010dstvo a jeho ochranu, zv\u00fd\u0161i\u0165 kult\u00farnu identitu n\u00e1roda cez spr\u00edstupnenie be\u017ene nepr\u00edstupn\u00fdch pamiatok, be\u017ene pr\u00edstupn\u00fdch pamiatok \u201ev inom svetle\u201c, semin\u00e1re, predn\u00e1\u0161ky, v\u00fdstavy, turistick\u00e9 aktivity, s\u00fa\u0165a\u017ee a hry s\u00favisiace s historick\u00fdm [&hellip;]","og_url":"https:\/\/pmza.sk\/?p=30645","og_site_name":"Pova\u017esk\u00e9 m\u00fazeum","article_publisher":"https:\/\/www.facebook.com\/povazskemuzeum","article_published_time":"2018-11-08T11:07:03+00:00","author":"Pova\u017esk\u00e9 m\u00fazeum","twitter_card":"summary_large_image","twitter_misc":{"Autor":"Pova\u017esk\u00e9 m\u00fazeum","Predpokladan\u00fd \u010das \u010d\u00edtania":"3 min\u00faty"},"schema":{"@context":"https:\/\/schema.org","@graph":[{"@type":"Article","@id":"https:\/\/pmza.sk\/?p=30645#article","isPartOf":{"@id":"https:\/\/pmza.sk\/?p=30645"},"author":{"name":"Pova\u017esk\u00e9 m\u00fazeum","@id":"https:\/\/pmza.sk\/#\/schema\/person\/595e6a2ce731ea94dcd5d7f50a41ae33"},"headline":"Dni eur\u00f3pskeho kult\u00farneho dedi\u010dstva 2018 &#8211; po\u010fakovanie za spolupr\u00e1cu","datePublished":"2018-11-08T11:07:03+00:00","mainEntityOfPage":{"@id":"https:\/\/pmza.sk\/?p=30645"},"wordCount":643,"publisher":{"@id":"https:\/\/pmza.sk\/#organization"},"image":{"@id":"https:\/\/pmza.sk\/?p=30645#primaryimage"},"thumbnailUrl":"","inLanguage":"sk-SK"},{"@type":"WebPage","@id":"https:\/\/pmza.sk\/?p=30645","url":"https:\/\/pmza.sk\/?p=30645","name":"Dni eur\u00f3pskeho kult\u00farneho dedi\u010dstva 2018 - po\u010fakovanie za spolupr\u00e1cu - Pova\u017esk\u00e9 m\u00fazeum","isPartOf":{"@id":"https:\/\/pmza.sk\/#website"},"primaryImageOfPage":{"@id":"https:\/\/pmza.sk\/?p=30645#primaryimage"},"image":{"@id":"https:\/\/pmza.sk\/?p=30645#primaryimage"},"thumbnailUrl":"","datePublished":"2018-11-08T11:07:03+00:00","breadcrumb":{"@id":"https:\/\/pmza.sk\/?p=30645#breadcrumb"},"inLanguage":"sk-SK","potentialAction":[{"@type":"ReadAction","target":["https:\/\/pmza.sk\/?p=30645"]}]},{"@type":"ImageObject","inLanguage":"sk-SK","@id":"https:\/\/pmza.sk\/?p=30645#primaryimage","url":"","contentUrl":""},{"@type":"BreadcrumbList","@id":"https:\/\/pmza.sk\/?p=30645#breadcrumb","itemListElement":[{"@type":"ListItem","position":1,"name":"Domovsk\u00e1 str\u00e1nka","item":"https:\/\/pmza.sk\/"},{"@type":"ListItem","position":2,"name":"Dni eur\u00f3pskeho kult\u00farneho dedi\u010dstva 2018 &#8211; po\u010fakovanie za spolupr\u00e1cu"}]},{"@type":"WebSite","@id":"https:\/\/pmza.sk\/#website","url":"https:\/\/pmza.sk\/","name":"Pova\u017esk\u00e9 m\u00fazeum","description":"Pova\u017esk\u00e9 m\u00fazeum v \u017diline je region\u00e1lne m\u00fazeum so s\u00eddlom v Budat\u00edne. Jeho expoz\u00edcie s\u00fa zameran\u00e9 na dejiny slovensk\u00e9ho umenia, kult\u00fary a dopravy.","publisher":{"@id":"https:\/\/pmza.sk\/#organization"},"potentialAction":[{"@type":"SearchAction","target":{"@type":"EntryPoint","urlTemplate":"https:\/\/pmza.sk\/?s={search_term_string}"},"query-input":{"@type":"PropertyValueSpecification","valueRequired":true,"valueName":"search_term_string"}}],"inLanguage":"sk-SK"},{"@type":"Organization","@id":"https:\/\/pmza.sk\/#organization","name":"Pova\u017esk\u00e9 m\u00fazeum","url":"https:\/\/pmza.sk\/","logo":{"@type":"ImageObject","inLanguage":"sk-SK","@id":"https:\/\/pmza.sk\/#\/schema\/logo\/image\/","url":"https:\/\/pmza.sk\/wp-content\/uploads\/2022\/01\/logo_PM_horizontal.jpg","contentUrl":"https:\/\/pmza.sk\/wp-content\/uploads\/2022\/01\/logo_PM_horizontal.jpg","width":231,"height":142,"caption":"Pova\u017esk\u00e9 m\u00fazeum"},"image":{"@id":"https:\/\/pmza.sk\/#\/schema\/logo\/image\/"},"sameAs":["https:\/\/www.facebook.com\/povazskemuzeum","https:\/\/www.instagram.com\/povazskemuzeum\/"]},{"@type":"Person","@id":"https:\/\/pmza.sk\/#\/schema\/person\/595e6a2ce731ea94dcd5d7f50a41ae33","name":"Pova\u017esk\u00e9 m\u00fazeum","image":{"@type":"ImageObject","inLanguage":"sk-SK","@id":"https:\/\/secure.gravatar.com\/avatar\/2bb7f1561282132fb5826dfeccc66c7996d11ee392ac6aaf7ced8a1c2027fbb2?s=96&d=mm&r=g","url":"https:\/\/secure.gravatar.com\/avatar\/2bb7f1561282132fb5826dfeccc66c7996d11ee392ac6aaf7ced8a1c2027fbb2?s=96&d=mm&r=g","contentUrl":"https:\/\/secure.gravatar.com\/avatar\/2bb7f1561282132fb5826dfeccc66c7996d11ee392ac6aaf7ced8a1c2027fbb2?s=96&d=mm&r=g","caption":"Pova\u017esk\u00e9 m\u00fazeum"}}]}},"_links":{"self":[{"href":"https:\/\/pmza.sk\/index.php?rest_route=\/wp\/v2\/posts\/30645","targetHints":{"allow":["GET"]}}],"collection":[{"href":"https:\/\/pmza.sk\/index.php?rest_route=\/wp\/v2\/posts"}],"about":[{"href":"https:\/\/pmza.sk\/index.php?rest_route=\/wp\/v2\/types\/post"}],"author":[{"embeddable":true,"href":"https:\/\/pmza.sk\/index.php?rest_route=\/wp\/v2\/users\/2"}],"replies":[{"embeddable":true,"href":"https:\/\/pmza.sk\/index.php?rest_route=%2Fwp%2Fv2%2Fcomments&post=30645"}],"version-history":[{"count":0,"href":"https:\/\/pmza.sk\/index.php?rest_route=\/wp\/v2\/posts\/30645\/revisions"}],"wp:featuredmedia":[{"embeddable":true,"href":"https:\/\/pmza.sk\/index.php?rest_route=\/"}],"wp:attachment":[{"href":"https:\/\/pmza.sk\/index.php?rest_route=%2Fwp%2Fv2%2Fmedia&parent=30645"}],"wp:term":[{"taxonomy":"category","embeddable":true,"href":"https:\/\/pmza.sk\/index.php?rest_route=%2Fwp%2Fv2%2Fcategories&post=30645"},{"taxonomy":"post_tag","embeddable":true,"href":"https:\/\/pmza.sk\/index.php?rest_route=%2Fwp%2Fv2%2Ftags&post=30645"}],"curies":[{"name":"wp","href":"https:\/\/api.w.org\/{rel}","templated":true}]}}