{"id":30688,"date":"2018-11-14T10:19:00","date_gmt":"2018-11-14T09:19:00","guid":{"rendered":"https:\/\/pmza.sk\/?p=30688"},"modified":"2018-11-14T10:19:00","modified_gmt":"2018-11-14T09:19:00","slug":"budatinsky-hrad-bude-fialovy","status":"publish","type":"post","link":"https:\/\/pmza.sk\/?p=30688","title":{"rendered":"Budat\u00ednsky hrad bude fialov\u00fd"},"content":{"rendered":"<p><img fetchpriority=\"high\" decoding=\"async\" class=\"aligncenter wp-image-30687 size-large\" src=\"https:\/\/pmza.sk\/wp-content\/uploads\/2018\/11\/Rakovina-1170x161.jpg\" alt=\"\" width=\"1170\" height=\"161\" \/><\/p>\n<p><span style=\"color: #800080;\"><strong>Slovensk\u00e9 i svetov\u00e9 dominanty\u00a0bud\u00fa fialov\u00e9<\/strong><\/span><\/p>\n<ul class=\"default-lists\">\n<li><span style=\"color: #800080;\"><strong>na znak podpory bojuj\u00facich s\u00a0rakovinou pankreasu<\/strong><\/span><\/li>\n<li><span style=\"color: #800080;\"><strong>pre viac pozornosti naj\u0165a\u017e\u0161ej z\u00a0onkologick\u00fdch diagn\u00f3z<\/strong><\/span><\/li>\n<li><span style=\"color: #800080;\"><strong>pre lep\u0161iu znalos\u0165 \u00a0pr\u00edznakov<\/strong><\/span><\/li>\n<li><span style=\"color: #800080;\"><strong>pre hlasnej\u0161ie NIE RAKOVINE!<\/strong><\/span><\/li>\n<\/ul>\n<p><strong><em>BRATISLAVA, TRNAVA, BANSK\u00c1 BYSTRICA, \u017dILINA, KO\u0160ICE, 15. november 2018 <\/em><\/strong><em>&#8211; <\/em>Po piatykr\u00e1t v\u00a0hist\u00f3rii bude 15. november Svetov\u00fdm d\u0148om boja proti rakovine pankreasu. Rakovina pankreasu je najz\u00e1kernej\u0161\u00edm druhom rakoviny, ktor\u00e9mu a\u017e 95% pacientov pod\u013eahne.<\/p>\n<p>Slovensko je vo v\u00fdskyte tejto diagn\u00f3zy <strong>na smutnom druhom mieste na svete<\/strong>!<\/p>\n<p>Pod\u013ea prieskumov viac ako 60% op\u00fdtan\u00fdch <strong>nevie<\/strong> o\u00a0tejto chorobe a<strong>\u00a0<\/strong>jej pr\u00edznakoch<strong> takmer ni\u010d<\/strong>. Prv\u00fdm krokom k\u00a0zlep\u0161eniu situ\u00e1cie je <strong>osveta<\/strong> ruka v\u00a0ruke s\u00a0upozornen\u00edm na jej\u00a0z\u00e1va\u017enos\u0165 s\u00a0cie\u013eom podpory v\u010dasnej diagnostiky a\u00a0intenz\u00edvnej\u0161ieho v\u00fdskumu v\u00a0tejto oblasti.<\/p>\n<p>Preto sa cel\u00e1 Eur\u00f3pa a svet sp\u00e1ja a\u00a015. novembra 2018 organizuje kampane na podporu boja s\u00a0rakovinou pankreasu. Symbolom pomoci pacientom s\u00a0touto diagn\u00f3zou sa stala fialov\u00e1 farba. Do fialovej farby sa preto rozsvietia desiatky v\u00fdznamn\u00fdch budov a\u00a0monumentov po celom svete, medzi nimi Opera v\u00a0Sydney ci Eiffelova ve\u017ea v\u00a0Par\u00ed\u017ei.<\/p>\n<p>A\u00a0prip\u00e1ja sa aj Slovensko! Vo \u0161tvrtok, 15. novembra, si verejnos\u0165 prip\u00edna fialov\u00e9 stu\u017eky, oblieka fialov\u00e9 tri\u010dk\u00e1, oble\u010denie a\u00a0doplnky a\u00a0rozsvecuje slovensk\u00e9 dominanty.<\/p>\n<p>Na v\u00fdzvu pacientskej aliancie NIE RAKOVINE a\u00a0pacientskeho zdru\u017eenia EUROPACOLON SLOVENSKO zareagovali spr\u00e1vcovia viacer\u00fdch v\u00fdznamn\u00fdch objektov na Slovensku, ktor\u00ed sa rozhodli vyjadri\u0165 podporu formou ich rozsvietenia na fialovo. Solidaritu s\u00a0pacientmi a\u00a0ich rodinn\u00fdmi pr\u00edslu\u0161n\u00edkmi vyjadruj\u00fa spolo\u010dne z\u00e1stupcovia samospr\u00e1vy, \u0161t\u00e1tnej spr\u00e1vy i\u00a0s\u00fakromn\u00e9ho sektora.<\/p>\n<p>Na Slovensku bud\u00fa 15. novembra na fialovo \u017eiari\u0165 tieto slovensk\u00e9\u00a0 dominanty (v z\u00e1tvorke spr\u00e1vcovia objektov, ktor\u00fdm \u010fakujeme za podporu):<\/p>\n<ul class=\"default-lists\">\n<li>Most SNP v Bratislave (Magistr\u00e1t hl. mesta SR Bratislava a spol. Siemens)<\/li>\n<li>Twin City Tower v\u00a0Bratislave (HB Reavis)<\/li>\n<li>Budat\u00ednsky hrad (Pova\u017esk\u00e9 m\u00fazeum a\u00a0\u017dilinsk\u00fd samospr\u00e1vny kraj)<\/li>\n<li>Divadlo Andreja Bagara v\u00a0Nitre (DAB Nitra)<\/li>\n<li>Trnavsk\u00e1 radnica (Mesto Trnava)<\/li>\n<li>Europa Business Center v Banskej Bystrici (EBC Bansk\u00e1 Bystrica)<\/li>\n<li>D\u00f3m Sv. Al\u017ebety v Ko\u0161iciach (R\u00edmskokatol\u00edcka cirkev, Farnos\u0165 sv. Al\u017ebety Ko\u0161ice)<\/li>\n<li>Mestsk\u00fd \u00farad v\u00a0Pre\u0161ove (Mesto Pre\u0161ov)<\/li>\n<li>Vod\u00e1rensk\u00e1 ve\u017ea v\u00a0Pre\u0161ove (Pre\u0161ov Real)<\/li>\n<li>Radnica v\u00a0Bardejove (mesto Bardejov)<\/li>\n<li>Bazilika sv. Eg\u00eddia (mesto Bardejov) \u00a0<\/li>\n<\/ul>\n<p>Vysvieten\u00edm svojich prev\u00e1dzok na fialovo sa do v\u00fdzvy na znak solidarity rozhodli zapoji\u0165 aj viacer\u00e9 s\u00fakromn\u00e9 spolo\u010dnosti, medzi nimi:<\/p>\n<ul class=\"default-lists\">\n<li>Penzion ARTin v\u00a0Nitre<\/li>\n<li>CK Happy travel v\u00a0Nitre<\/li>\n<li>Quest bar v\u00a0Trnave<\/li>\n<li>Autoprofit\u00a0<\/li>\n<\/ul>\n<p>Zakladatelia pacientskeho hnutia a\u00a0ambas\u00e1dori Jana Pifflov\u00e1 \u0160pankov\u00e1, Bibiana Ondrejkov\u00e1 a Patrik Herman \u2013 tv\u00e1re troch slovensk\u00fdch telev\u00edzi\u00ed, spolu s\u00a0pacientskymi aktivistami i odborn\u00edkmi burcuj\u00fa verejnos\u0165 do akcie. \u201ePovedzte aj vy: NIE RAKOVINE pankreasu!\u201c<\/p>\n<p>Jana Pifflov\u00e1-\u0160pankov\u00e1: \u201e<em>Pripnite si v\u00a0tento de\u0148 fialov\u00fa stu\u017eku na svoje oble\u010denie alebo prostredn\u00edctvom facebookov\u00e9ho profilu aliancie NIE RAKOVINE si virtu\u00e1lnu fialov\u00fa stu\u017eku umiestnite k\u00a0svojej profilovej fotografii, nap\u00ed\u0161te svoj pr\u00edbeh \u010di po\u0161lite podporn\u00fd odkaz pacientom \u010di konkr\u00e9tnym \u013eu\u010fom, ktor\u00fdm t\u00e1to choroba zasiahla do \u017eivota.\u201c <\/em><\/p>\n<p>Bibiana Ondrejkov\u00e1: <em>\u201eVyjadrite povzbudenie chor\u00fdm, \u0161\u00edrte slov\u00e1 podpory spolu s\u00a0osvetou o pr\u00edznakoch elektronickou po\u0161tou i na soci\u00e1lnych sie\u0165ach. Upozor\u0148ujme, \u017ee pankreas &#8211; mal\u00e1 pod\u017eal\u00fadkov\u00e1 \u017e\u013eaza &#8211; a\u00a0\u013eudia trpiaci jej zhubn\u00fdm ochoren\u00edm, si vy\u017eaduj\u00fa viac pozornosti a\u00a0 starostlivosti.\u201c<\/em><\/p>\n<p>Patrik Herman: <em>\u201ePovedzme v\u0161etk\u00fdm, ktor\u00ed maj\u00fa vplyv na stav onkol\u00f3gie v\u00a0na\u0161ej krajine, \u017ee chceme zmenu! \u017de nechceme str\u00e1ca\u0165 svojich bl\u00edzkych! Oble\u010dme si preto 15. novembra \u010doko\u013evek fialov\u00e9 a\u00a0dajme im najavo, \u017ee n\u00e1s je ve\u013ea a\u00a0\u017ee n\u00e1m na na\u0161ich \u017eivotoch a\u00a0\u017eivotoch na\u0161ich bl\u00edzkych z\u00e1le\u017e\u00ed.\u201c<\/em><\/p>\n<p>Pacientska aliancia NIE RAKOVINE a\u00a0pacientske zdru\u017eenie EUROPACOLON SLOVENSKO v spolupr\u00e1ci s\u00a0N\u00e1rodn\u00fdm onkologick\u00fdm \u00fastavom v\u00a0Bratislave i\u00a0V\u00fdchodoslovensk\u00fdm onkologick\u00fdm \u00fastavom v Ko\u0161iciach pri tejto pr\u00edle\u017eitosti organizuje aj stretnutia pacientov a ich bl\u00edzkych, odborn\u00edkov, dobrovo\u013en\u00edkov i z\u00e1stupcov m\u00e9di\u00ed v\u00a0priestoroch svojich poradn\u00ed v\u00a0spom\u00ednan\u00fdch \u00fastavoch.<\/p>\n<p>Dodato\u010dn\u00e9 info:<\/p>\n<p>Pomoc a podporu onkologick\u00fdm pacientom u\u017e jeden\u00e1sty rok prin\u00e1\u0161a pacientska organiz\u00e1cia Europacolon Slovensko a piaty rok aj \u013eu\u010fom trpiacim karcin\u00f3mom pankreasu aliancia NIE RAKOVINE, na \u010dele s ambas\u00e1dormi a\u00a0zakladate\u013emi zdru\u017een\u00ed &#8211; Janou Pifflovou\u00a0 \u0160pankovou, Patrikom Hermanom a\u00a0 Bibianou Ondrejkovou &#8211; osobnos\u0165ami troch r\u00f4znych telev\u00edzi\u00ed.\u00a0<\/p>\n<p>Spolu s dobrovo\u013en\u00edkmi z\u00a0radov b\u00fdval\u00fdch onkologick\u00fdch pacientov sa intenz\u00edvne venuj\u00fa \u00a0\u00a0tejto v\u00e1\u017enej onkologickej diagn\u00f3ze, \u0161\u00edria osvetu o\u00a0pr\u00edznakoch i prevencii, vzdel\u00e1vaj\u00fa verejnos\u0165, pom\u00e1haj\u00fa pacientom v\u00a0ich lie\u010dbe, poskytuj\u00fa psychologick\u00fa a\u00a0soci\u00e1lnu podporu v\u00a0priamom osobnom kontakte v\u00a0pacientskych poradniach, ktor\u00e9 funguj\u00fa v\u00a0N\u00e1rodnom onkologickom \u00fastave v\u00a0Bratislave a\u00a0V\u00fdchodoslovenskom onkologickom \u00fastave v\u00a0Ko\u0161iciach.<\/p>\n<p>Pacientske zdru\u017eenie je zakladaj\u00facim \u010dlenom Eur\u00f3pskej platformy karcin\u00f3mu pankreasu na p\u00f4de Eur\u00f3pskeho parlamentu, organiz\u00e1cie Digestive Cancers Europe a\u00a0Pancreatic Cancer Europe a Svetovej koal\u00edcie World Pancreatic Cancer Coalition.<\/p>\n<p><strong>\u00a0<\/strong>Odborne spr\u00e1vne inform\u00e1cie o\u00a0pankrease a\u00a0jeho karcin\u00f3me, ako aj \u201efialov\u00e9\u201c fotografie a odkazy, vysvieten\u00e9 dominanty, inform\u00e1cie o\u00a0mo\u017enostiach podpory, s\u00fa k\u00a0dispoz\u00edcii na <a href=\"http:\/\/www.nierakovne.sk\">www.nierakovne.sk<\/a> alebo <a href=\"http:\/\/www.europacolon.sk\">www.europacolon.sk<\/a>.\u00a0<\/p>\n<p><strong><em>aliancia\u00a0 NIE RAKOVINE<br \/>o.z\u00a0 Europacolon Slovensko <\/em><\/strong><em><br \/>Cukrov\u00e1 14<\/em><\/p>\n<p><em>Bratislava 811 01<\/p>\n<p><strong>Bezplatn\u00e1 infolinka : 0800 800 183<br \/>Online pacientske poradne: <\/strong>www.nierakovine.sk,www.europacolon.sk<br \/><strong>Pacientske poradne: <br \/>Bratislava, NO\u00da<\/strong>\u00a0 &#8211; v pondelok, utorok, v stredu od 9:00 hod. do 12:00 hod.<br \/><strong>Ko\u0161ice, VO\u00da<\/strong> -KA\u017dD\u00da STREDU od 9:00 hod. do 12:00 hod.<\/em><\/p>\n","protected":false},"excerpt":{"rendered":"<p>Slovensk\u00e9 i svetov\u00e9 dominanty\u00a0bud\u00fa fialov\u00e9 na znak podpory bojuj\u00facich s\u00a0rakovinou pankreasu pre viac pozornosti naj\u0165a\u017e\u0161ej z\u00a0onkologick\u00fdch diagn\u00f3z pre lep\u0161iu znalos\u0165 \u00a0pr\u00edznakov pre hlasnej\u0161ie NIE RAKOVINE! BRATISLAVA, TRNAVA, BANSK\u00c1 BYSTRICA, \u017dILINA, KO\u0160ICE, 15. november 2018 &#8211; Po piatykr\u00e1t v\u00a0hist\u00f3rii bude 15. november Svetov\u00fdm d\u0148om boja proti rakovine pankreasu. Rakovina pankreasu je najz\u00e1kernej\u0161\u00edm druhom rakoviny, ktor\u00e9mu a\u017e [&hellip;]<\/p>\n","protected":false},"author":2,"featured_media":30686,"comment_status":"closed","ping_status":"closed","sticky":false,"template":"","format":"standard","meta":{"site-sidebar-layout":"default","site-content-layout":"","ast-site-content-layout":"","site-content-style":"default","site-sidebar-style":"default","ast-global-header-display":"","ast-banner-title-visibility":"","ast-main-header-display":"","ast-hfb-above-header-display":"","ast-hfb-below-header-display":"","ast-hfb-mobile-header-display":"","site-post-title":"","ast-breadcrumbs-content":"","ast-featured-img":"","footer-sml-layout":"","theme-transparent-header-meta":"","adv-header-id-meta":"","stick-header-meta":"","header-above-stick-meta":"","header-main-stick-meta":"","header-below-stick-meta":"","astra-migrate-meta-layouts":"default","ast-page-background-enabled":"default","ast-page-background-meta":{"desktop":{"background-color":"var(--ast-global-color-4)","background-image":"","background-repeat":"repeat","background-position":"center center","background-size":"auto","background-attachment":"scroll","background-type":"","background-media":"","overlay-type":"","overlay-color":"","overlay-opacity":"","overlay-gradient":""},"tablet":{"background-color":"","background-image":"","background-repeat":"repeat","background-position":"center center","background-size":"auto","background-attachment":"scroll","background-type":"","background-media":"","overlay-type":"","overlay-color":"","overlay-opacity":"","overlay-gradient":""},"mobile":{"background-color":"","background-image":"","background-repeat":"repeat","background-position":"center center","background-size":"auto","background-attachment":"scroll","background-type":"","background-media":"","overlay-type":"","overlay-color":"","overlay-opacity":"","overlay-gradient":""}},"ast-content-background-meta":{"desktop":{"background-color":"var(--ast-global-color-5)","background-image":"","background-repeat":"repeat","background-position":"center center","background-size":"auto","background-attachment":"scroll","background-type":"","background-media":"","overlay-type":"","overlay-color":"","overlay-opacity":"","overlay-gradient":""},"tablet":{"background-color":"var(--ast-global-color-5)","background-image":"","background-repeat":"repeat","background-position":"center center","background-size":"auto","background-attachment":"scroll","background-type":"","background-media":"","overlay-type":"","overlay-color":"","overlay-opacity":"","overlay-gradient":""},"mobile":{"background-color":"var(--ast-global-color-5)","background-image":"","background-repeat":"repeat","background-position":"center center","background-size":"auto","background-attachment":"scroll","background-type":"","background-media":"","overlay-type":"","overlay-color":"","overlay-opacity":"","overlay-gradient":""}},"footnotes":""},"categories":[31],"tags":[],"class_list":["post-30688","post","type-post","status-publish","format-standard","has-post-thumbnail","hentry","category-aktuality"],"yoast_head":"<!-- This site is optimized with the Yoast SEO plugin v27.4 - https:\/\/yoast.com\/product\/yoast-seo-wordpress\/ -->\n<title>Budat\u00ednsky hrad bude fialov\u00fd - Pova\u017esk\u00e9 m\u00fazeum<\/title>\n<meta name=\"robots\" content=\"index, follow, max-snippet:-1, max-image-preview:large, max-video-preview:-1\" \/>\n<link rel=\"canonical\" href=\"https:\/\/pmza.sk\/?p=30688\" \/>\n<meta property=\"og:locale\" content=\"sk_SK\" \/>\n<meta property=\"og:type\" content=\"article\" \/>\n<meta property=\"og:title\" content=\"Budat\u00ednsky hrad bude fialov\u00fd - Pova\u017esk\u00e9 m\u00fazeum\" \/>\n<meta property=\"og:description\" content=\"Slovensk\u00e9 i svetov\u00e9 dominanty\u00a0bud\u00fa fialov\u00e9 na znak podpory bojuj\u00facich s\u00a0rakovinou pankreasu pre viac pozornosti naj\u0165a\u017e\u0161ej z\u00a0onkologick\u00fdch diagn\u00f3z pre lep\u0161iu znalos\u0165 \u00a0pr\u00edznakov pre hlasnej\u0161ie NIE RAKOVINE! BRATISLAVA, TRNAVA, BANSK\u00c1 BYSTRICA, \u017dILINA, KO\u0160ICE, 15. november 2018 &#8211; Po piatykr\u00e1t v\u00a0hist\u00f3rii bude 15. november Svetov\u00fdm d\u0148om boja proti rakovine pankreasu. Rakovina pankreasu je najz\u00e1kernej\u0161\u00edm druhom rakoviny, ktor\u00e9mu a\u017e [&hellip;]\" \/>\n<meta property=\"og:url\" content=\"https:\/\/pmza.sk\/?p=30688\" \/>\n<meta property=\"og:site_name\" content=\"Pova\u017esk\u00e9 m\u00fazeum\" \/>\n<meta property=\"article:publisher\" content=\"https:\/\/www.facebook.com\/povazskemuzeum\" \/>\n<meta property=\"article:published_time\" content=\"2018-11-14T09:19:00+00:00\" \/>\n<meta name=\"author\" content=\"Pova\u017esk\u00e9 m\u00fazeum\" \/>\n<meta name=\"twitter:card\" content=\"summary_large_image\" \/>\n<meta name=\"twitter:label1\" content=\"Autor\" \/>\n\t<meta name=\"twitter:data1\" content=\"Pova\u017esk\u00e9 m\u00fazeum\" \/>\n\t<meta name=\"twitter:label2\" content=\"Predpokladan\u00fd \u010das \u010d\u00edtania\" \/>\n\t<meta name=\"twitter:data2\" content=\"5 min\u00fat\" \/>\n<script type=\"application\/ld+json\" class=\"yoast-schema-graph\">{\"@context\":\"https:\\\/\\\/schema.org\",\"@graph\":[{\"@type\":\"Article\",\"@id\":\"https:\\\/\\\/pmza.sk\\\/?p=30688#article\",\"isPartOf\":{\"@id\":\"https:\\\/\\\/pmza.sk\\\/?p=30688\"},\"author\":{\"name\":\"Pova\u017esk\u00e9 m\u00fazeum\",\"@id\":\"https:\\\/\\\/pmza.sk\\\/#\\\/schema\\\/person\\\/595e6a2ce731ea94dcd5d7f50a41ae33\"},\"headline\":\"Budat\u00ednsky hrad bude fialov\u00fd\",\"datePublished\":\"2018-11-14T09:19:00+00:00\",\"mainEntityOfPage\":{\"@id\":\"https:\\\/\\\/pmza.sk\\\/?p=30688\"},\"wordCount\":973,\"publisher\":{\"@id\":\"https:\\\/\\\/pmza.sk\\\/#organization\"},\"image\":{\"@id\":\"https:\\\/\\\/pmza.sk\\\/?p=30688#primaryimage\"},\"thumbnailUrl\":\"\",\"articleSection\":[\"Aktuality\"],\"inLanguage\":\"sk-SK\"},{\"@type\":\"WebPage\",\"@id\":\"https:\\\/\\\/pmza.sk\\\/?p=30688\",\"url\":\"https:\\\/\\\/pmza.sk\\\/?p=30688\",\"name\":\"Budat\u00ednsky hrad bude fialov\u00fd - Pova\u017esk\u00e9 m\u00fazeum\",\"isPartOf\":{\"@id\":\"https:\\\/\\\/pmza.sk\\\/#website\"},\"primaryImageOfPage\":{\"@id\":\"https:\\\/\\\/pmza.sk\\\/?p=30688#primaryimage\"},\"image\":{\"@id\":\"https:\\\/\\\/pmza.sk\\\/?p=30688#primaryimage\"},\"thumbnailUrl\":\"\",\"datePublished\":\"2018-11-14T09:19:00+00:00\",\"breadcrumb\":{\"@id\":\"https:\\\/\\\/pmza.sk\\\/?p=30688#breadcrumb\"},\"inLanguage\":\"sk-SK\",\"potentialAction\":[{\"@type\":\"ReadAction\",\"target\":[\"https:\\\/\\\/pmza.sk\\\/?p=30688\"]}]},{\"@type\":\"ImageObject\",\"inLanguage\":\"sk-SK\",\"@id\":\"https:\\\/\\\/pmza.sk\\\/?p=30688#primaryimage\",\"url\":\"\",\"contentUrl\":\"\"},{\"@type\":\"BreadcrumbList\",\"@id\":\"https:\\\/\\\/pmza.sk\\\/?p=30688#breadcrumb\",\"itemListElement\":[{\"@type\":\"ListItem\",\"position\":1,\"name\":\"Domovsk\u00e1 str\u00e1nka\",\"item\":\"https:\\\/\\\/pmza.sk\\\/\"},{\"@type\":\"ListItem\",\"position\":2,\"name\":\"Budat\u00ednsky hrad bude fialov\u00fd\"}]},{\"@type\":\"WebSite\",\"@id\":\"https:\\\/\\\/pmza.sk\\\/#website\",\"url\":\"https:\\\/\\\/pmza.sk\\\/\",\"name\":\"Pova\u017esk\u00e9 m\u00fazeum\",\"description\":\"Pova\u017esk\u00e9 m\u00fazeum v \u017diline je region\u00e1lne m\u00fazeum so s\u00eddlom v Budat\u00edne. Jeho expoz\u00edcie s\u00fa zameran\u00e9 na dejiny slovensk\u00e9ho umenia, kult\u00fary a dopravy.\",\"publisher\":{\"@id\":\"https:\\\/\\\/pmza.sk\\\/#organization\"},\"potentialAction\":[{\"@type\":\"SearchAction\",\"target\":{\"@type\":\"EntryPoint\",\"urlTemplate\":\"https:\\\/\\\/pmza.sk\\\/?s={search_term_string}\"},\"query-input\":{\"@type\":\"PropertyValueSpecification\",\"valueRequired\":true,\"valueName\":\"search_term_string\"}}],\"inLanguage\":\"sk-SK\"},{\"@type\":\"Organization\",\"@id\":\"https:\\\/\\\/pmza.sk\\\/#organization\",\"name\":\"Pova\u017esk\u00e9 m\u00fazeum\",\"url\":\"https:\\\/\\\/pmza.sk\\\/\",\"logo\":{\"@type\":\"ImageObject\",\"inLanguage\":\"sk-SK\",\"@id\":\"https:\\\/\\\/pmza.sk\\\/#\\\/schema\\\/logo\\\/image\\\/\",\"url\":\"https:\\\/\\\/pmza.sk\\\/wp-content\\\/uploads\\\/2022\\\/01\\\/logo_PM_horizontal.jpg\",\"contentUrl\":\"https:\\\/\\\/pmza.sk\\\/wp-content\\\/uploads\\\/2022\\\/01\\\/logo_PM_horizontal.jpg\",\"width\":231,\"height\":142,\"caption\":\"Pova\u017esk\u00e9 m\u00fazeum\"},\"image\":{\"@id\":\"https:\\\/\\\/pmza.sk\\\/#\\\/schema\\\/logo\\\/image\\\/\"},\"sameAs\":[\"https:\\\/\\\/www.facebook.com\\\/povazskemuzeum\",\"https:\\\/\\\/www.instagram.com\\\/povazskemuzeum\\\/\"]},{\"@type\":\"Person\",\"@id\":\"https:\\\/\\\/pmza.sk\\\/#\\\/schema\\\/person\\\/595e6a2ce731ea94dcd5d7f50a41ae33\",\"name\":\"Pova\u017esk\u00e9 m\u00fazeum\",\"image\":{\"@type\":\"ImageObject\",\"inLanguage\":\"sk-SK\",\"@id\":\"https:\\\/\\\/secure.gravatar.com\\\/avatar\\\/2bb7f1561282132fb5826dfeccc66c7996d11ee392ac6aaf7ced8a1c2027fbb2?s=96&d=mm&r=g\",\"url\":\"https:\\\/\\\/secure.gravatar.com\\\/avatar\\\/2bb7f1561282132fb5826dfeccc66c7996d11ee392ac6aaf7ced8a1c2027fbb2?s=96&d=mm&r=g\",\"contentUrl\":\"https:\\\/\\\/secure.gravatar.com\\\/avatar\\\/2bb7f1561282132fb5826dfeccc66c7996d11ee392ac6aaf7ced8a1c2027fbb2?s=96&d=mm&r=g\",\"caption\":\"Pova\u017esk\u00e9 m\u00fazeum\"}}]}<\/script>\n<!-- \/ Yoast SEO plugin. -->","yoast_head_json":{"title":"Budat\u00ednsky hrad bude fialov\u00fd - Pova\u017esk\u00e9 m\u00fazeum","robots":{"index":"index","follow":"follow","max-snippet":"max-snippet:-1","max-image-preview":"max-image-preview:large","max-video-preview":"max-video-preview:-1"},"canonical":"https:\/\/pmza.sk\/?p=30688","og_locale":"sk_SK","og_type":"article","og_title":"Budat\u00ednsky hrad bude fialov\u00fd - Pova\u017esk\u00e9 m\u00fazeum","og_description":"Slovensk\u00e9 i svetov\u00e9 dominanty\u00a0bud\u00fa fialov\u00e9 na znak podpory bojuj\u00facich s\u00a0rakovinou pankreasu pre viac pozornosti naj\u0165a\u017e\u0161ej z\u00a0onkologick\u00fdch diagn\u00f3z pre lep\u0161iu znalos\u0165 \u00a0pr\u00edznakov pre hlasnej\u0161ie NIE RAKOVINE! BRATISLAVA, TRNAVA, BANSK\u00c1 BYSTRICA, \u017dILINA, KO\u0160ICE, 15. november 2018 &#8211; Po piatykr\u00e1t v\u00a0hist\u00f3rii bude 15. november Svetov\u00fdm d\u0148om boja proti rakovine pankreasu. Rakovina pankreasu je najz\u00e1kernej\u0161\u00edm druhom rakoviny, ktor\u00e9mu a\u017e [&hellip;]","og_url":"https:\/\/pmza.sk\/?p=30688","og_site_name":"Pova\u017esk\u00e9 m\u00fazeum","article_publisher":"https:\/\/www.facebook.com\/povazskemuzeum","article_published_time":"2018-11-14T09:19:00+00:00","author":"Pova\u017esk\u00e9 m\u00fazeum","twitter_card":"summary_large_image","twitter_misc":{"Autor":"Pova\u017esk\u00e9 m\u00fazeum","Predpokladan\u00fd \u010das \u010d\u00edtania":"5 min\u00fat"},"schema":{"@context":"https:\/\/schema.org","@graph":[{"@type":"Article","@id":"https:\/\/pmza.sk\/?p=30688#article","isPartOf":{"@id":"https:\/\/pmza.sk\/?p=30688"},"author":{"name":"Pova\u017esk\u00e9 m\u00fazeum","@id":"https:\/\/pmza.sk\/#\/schema\/person\/595e6a2ce731ea94dcd5d7f50a41ae33"},"headline":"Budat\u00ednsky hrad bude fialov\u00fd","datePublished":"2018-11-14T09:19:00+00:00","mainEntityOfPage":{"@id":"https:\/\/pmza.sk\/?p=30688"},"wordCount":973,"publisher":{"@id":"https:\/\/pmza.sk\/#organization"},"image":{"@id":"https:\/\/pmza.sk\/?p=30688#primaryimage"},"thumbnailUrl":"","articleSection":["Aktuality"],"inLanguage":"sk-SK"},{"@type":"WebPage","@id":"https:\/\/pmza.sk\/?p=30688","url":"https:\/\/pmza.sk\/?p=30688","name":"Budat\u00ednsky hrad bude fialov\u00fd - Pova\u017esk\u00e9 m\u00fazeum","isPartOf":{"@id":"https:\/\/pmza.sk\/#website"},"primaryImageOfPage":{"@id":"https:\/\/pmza.sk\/?p=30688#primaryimage"},"image":{"@id":"https:\/\/pmza.sk\/?p=30688#primaryimage"},"thumbnailUrl":"","datePublished":"2018-11-14T09:19:00+00:00","breadcrumb":{"@id":"https:\/\/pmza.sk\/?p=30688#breadcrumb"},"inLanguage":"sk-SK","potentialAction":[{"@type":"ReadAction","target":["https:\/\/pmza.sk\/?p=30688"]}]},{"@type":"ImageObject","inLanguage":"sk-SK","@id":"https:\/\/pmza.sk\/?p=30688#primaryimage","url":"","contentUrl":""},{"@type":"BreadcrumbList","@id":"https:\/\/pmza.sk\/?p=30688#breadcrumb","itemListElement":[{"@type":"ListItem","position":1,"name":"Domovsk\u00e1 str\u00e1nka","item":"https:\/\/pmza.sk\/"},{"@type":"ListItem","position":2,"name":"Budat\u00ednsky hrad bude fialov\u00fd"}]},{"@type":"WebSite","@id":"https:\/\/pmza.sk\/#website","url":"https:\/\/pmza.sk\/","name":"Pova\u017esk\u00e9 m\u00fazeum","description":"Pova\u017esk\u00e9 m\u00fazeum v \u017diline je region\u00e1lne m\u00fazeum so s\u00eddlom v Budat\u00edne. Jeho expoz\u00edcie s\u00fa zameran\u00e9 na dejiny slovensk\u00e9ho umenia, kult\u00fary a dopravy.","publisher":{"@id":"https:\/\/pmza.sk\/#organization"},"potentialAction":[{"@type":"SearchAction","target":{"@type":"EntryPoint","urlTemplate":"https:\/\/pmza.sk\/?s={search_term_string}"},"query-input":{"@type":"PropertyValueSpecification","valueRequired":true,"valueName":"search_term_string"}}],"inLanguage":"sk-SK"},{"@type":"Organization","@id":"https:\/\/pmza.sk\/#organization","name":"Pova\u017esk\u00e9 m\u00fazeum","url":"https:\/\/pmza.sk\/","logo":{"@type":"ImageObject","inLanguage":"sk-SK","@id":"https:\/\/pmza.sk\/#\/schema\/logo\/image\/","url":"https:\/\/pmza.sk\/wp-content\/uploads\/2022\/01\/logo_PM_horizontal.jpg","contentUrl":"https:\/\/pmza.sk\/wp-content\/uploads\/2022\/01\/logo_PM_horizontal.jpg","width":231,"height":142,"caption":"Pova\u017esk\u00e9 m\u00fazeum"},"image":{"@id":"https:\/\/pmza.sk\/#\/schema\/logo\/image\/"},"sameAs":["https:\/\/www.facebook.com\/povazskemuzeum","https:\/\/www.instagram.com\/povazskemuzeum\/"]},{"@type":"Person","@id":"https:\/\/pmza.sk\/#\/schema\/person\/595e6a2ce731ea94dcd5d7f50a41ae33","name":"Pova\u017esk\u00e9 m\u00fazeum","image":{"@type":"ImageObject","inLanguage":"sk-SK","@id":"https:\/\/secure.gravatar.com\/avatar\/2bb7f1561282132fb5826dfeccc66c7996d11ee392ac6aaf7ced8a1c2027fbb2?s=96&d=mm&r=g","url":"https:\/\/secure.gravatar.com\/avatar\/2bb7f1561282132fb5826dfeccc66c7996d11ee392ac6aaf7ced8a1c2027fbb2?s=96&d=mm&r=g","contentUrl":"https:\/\/secure.gravatar.com\/avatar\/2bb7f1561282132fb5826dfeccc66c7996d11ee392ac6aaf7ced8a1c2027fbb2?s=96&d=mm&r=g","caption":"Pova\u017esk\u00e9 m\u00fazeum"}}]}},"_links":{"self":[{"href":"https:\/\/pmza.sk\/index.php?rest_route=\/wp\/v2\/posts\/30688","targetHints":{"allow":["GET"]}}],"collection":[{"href":"https:\/\/pmza.sk\/index.php?rest_route=\/wp\/v2\/posts"}],"about":[{"href":"https:\/\/pmza.sk\/index.php?rest_route=\/wp\/v2\/types\/post"}],"author":[{"embeddable":true,"href":"https:\/\/pmza.sk\/index.php?rest_route=\/wp\/v2\/users\/2"}],"replies":[{"embeddable":true,"href":"https:\/\/pmza.sk\/index.php?rest_route=%2Fwp%2Fv2%2Fcomments&post=30688"}],"version-history":[{"count":0,"href":"https:\/\/pmza.sk\/index.php?rest_route=\/wp\/v2\/posts\/30688\/revisions"}],"wp:featuredmedia":[{"embeddable":true,"href":"https:\/\/pmza.sk\/index.php?rest_route=\/"}],"wp:attachment":[{"href":"https:\/\/pmza.sk\/index.php?rest_route=%2Fwp%2Fv2%2Fmedia&parent=30688"}],"wp:term":[{"taxonomy":"category","embeddable":true,"href":"https:\/\/pmza.sk\/index.php?rest_route=%2Fwp%2Fv2%2Fcategories&post=30688"},{"taxonomy":"post_tag","embeddable":true,"href":"https:\/\/pmza.sk\/index.php?rest_route=%2Fwp%2Fv2%2Ftags&post=30688"}],"curies":[{"name":"wp","href":"https:\/\/api.w.org\/{rel}","templated":true}]}}