{"id":3093,"date":"2011-06-16T09:04:07","date_gmt":"2011-06-16T07:04:07","guid":{"rendered":"https:\/\/pmza.sk.sk\/?p=3093"},"modified":"2011-06-16T09:04:07","modified_gmt":"2011-06-16T07:04:07","slug":"v-budatinskom-parku-zazijete-zlaty-vek-ziliny","status":"publish","type":"post","link":"https:\/\/pmza.sk\/?p=3093","title":{"rendered":"V Budat\u00ednskom parku za\u017eijete zlat\u00fd vek \u017diliny"},"content":{"rendered":"<p><strong><\/strong><a href=\"https:\/\/pmza.sk\/wp-content\/uploads\/2011\/06\/z-Budatinskeho-parku.jpg\"><img fetchpriority=\"high\" decoding=\"async\" class=\"alignleft size-medium wp-image-3095\" style=\"margin: 4px; border: 2px solid black;\" title=\"z Budatinskeho parku\" src=\"https:\/\/pmza.sk.sk\/wp-content\/uploads\/2011\/06\/z-Budatinskeho-parku-300x200.jpg\" alt=\"\" width=\"300\" height=\"200\" \/><\/a>Chcete za\u017ei\u0165 atmosf\u00e9ru 30. a 40. rokov minul\u00e9ho storo\u010dia \u2013 zabavi\u0165 sa v zlatom veku \u017diliny \u010di vnori\u0165 sa do nepokojn\u00fdch \u010dias druhej svetovej vojny v\u00a0na\u0161om meste? Letn\u00fa sez\u00f3nu v\u00a0Budat\u00ednskom parku otv\u00e1ra podujatie pod n\u00e1zvom <strong>Pohybliv\u00e9 obr\u00e1zky zo \u017diliny<\/strong>, ktor\u00e9 zauj\u00edmavou formou pribl\u00ed\u017ei pr\u00e1ve \u00e9ru prvej polovice 20. storo\u010dia, tzv. zlat\u00fd vek \u017diliny. \u201e<em>\u017dilina sa v\u00a020. \u2013 40. rokoch 20. storo\u010dia te\u0161ila v\u0161eobecn\u00e9mu rozmachu. Napr\u00edklad v roku 1942 bol polo\u017een\u00fd z\u00e1kladn\u00fd kame\u0148 budovy Reprezenta\u010dn\u00e9ho domu, dne\u0161n\u00e9 Mestsk\u00e9 divadlo, prib\u00fadali stavby vo funkcionalistickom \u0161t\u00fdle ako napr. tr\u017enica, \u017eelezni\u010dn\u00e1 stanica, finan\u010dn\u00fd pal\u00e1c, budova elektr\u00e1rn\u00ed a\u00a0pod. Darilo sa aj drobn\u00fdm podnikate\u013eom \u00a0\u2013 \u017eivnostn\u00edkom vo v\u0161etk\u00fdch oblastiach hospod\u00e1rstva<\/em>,\u201c upozornil Peter \u0160imko, historik Pova\u017esk\u00e9ho m\u00fazea v\u00a0\u017diline a\u00a0jeden z\u00a0organiz\u00e1torov podujatia.<!--more--><\/p>\n<p><strong>V\u00a0piatok 24. j\u00fana 2011 u\u017e od 19,00h<\/strong> v\u00a0Budat\u00ednskom parku, ktor\u00fd mimochodom v\u00a0spom\u00ednanom \u010dase zast\u00e1val funkciu promen\u00e1dneho miesta obyvate\u013eov \u017diliny, sa bude korzova\u0165, bud\u00fa sa zaklada\u0165 bizarn\u00e9 spolky, a vyu\u010dova\u0165 noblesn\u00e1 etiketa. Atmosf\u00e9ru cel\u00e9ho podujatia podfarbia mel\u00f3die slovensk\u00e9\u00a0 tang\u00e1 a\u00a0oldtime hudba kapely V8 band. Taktie\u017e sa bude s\u00fa\u0165a\u017ei\u0165 sa \u00a0o\u00a0naj\u0161armantnej\u0161ieho d\u017eentlmena a\u00a0naj\u0161armantnej\u0161iu d\u00e1mu ve\u010dera. Vyvrcholen\u00edm bude premietanie unik\u00e1tnych filmov z\u00a0arch\u00edvu Pova\u017esk\u00e9ho m\u00fazea v\u00a0\u017diline, ktor\u00e9 zachyt\u00e1vaj\u00fa v\u00fdznamn\u00e9 udalosti z\u00a0hist\u00f3rie mesta \u017diliny a\u00a0okolia \u2013 n\u00e1v\u0161teva prezidenta E. Bene\u0161a v\u00a0\u017diline v\u00a0roku 1936, z\u00e1bery zo \u0161portov\u00fdch podujat\u00ed a\u00a0osl\u00e1v dn\u00ed matiek v\u00a0rokoch 1936- 1937, pochod \u017eivnostn\u00edkov v\u00a0rokoch 1942 \u2013 1943, oslavy prv\u00e9ho v\u00fdro\u010dia \u201eoslobodenia\u201c \u017diliny a\u00a0in\u00e9. \u201e<em>Medzi filmami, ktor\u00e9 sa bud\u00fa prezentova\u0165, bude aj sn\u00edmka o\u00a0stavebnej likvid\u00e1cii budovy slovensk\u00e9ho diev\u010densk\u00e9ho gymn\u00e1zia v\u00a0\u017diline. T\u00e1to budova, s\u00eddliaca oproti b\u00fdval\u00e9mu finan\u010dn\u00e9mu pal\u00e1cu, mala ve\u013emi pohnut\u00fd osud. Po skon\u010den\u00ed vojny bola asanovan\u00e1, \u010d\u00edm vzniklo Franti\u0161k\u00e1nske n\u00e1mestie,<\/em>\u201c dodal Peter \u0160imko. Pripraven\u00e1 je tie\u017e s\u00e9ria historick\u00fdch fotografi\u00ed v prekvapivom\u00a0spracovan\u00ed fotografa Du\u0161ana Dobi\u00e1\u0161a.<\/p>\n<p>Na podujat\u00ed <strong>Pohybliv\u00e9 obr\u00e1zky zo \u017diliny v\u00a0piatok 24. j\u00fana 2011<\/strong> bude v\u00edtan\u00fd ka\u017ed\u00fd. Zvl\u00e1\u0161\u0165 bud\u00fa odmenen\u00ed n\u00e1v\u0161tevn\u00edci parku oble\u010den\u00ed pod\u013ea m\u00f3dnych trendov 20. a\u017e 40. rokov minul\u00e9ho storo\u010dia. Pr\u00edle\u017eitos\u0165 dostan\u00fa aj s\u00fakromn\u00e9 fotografick\u00e9 arch\u00edvy n\u00e1v\u0161tevn\u00edkov zo spom\u00ednan\u00e9ho obdobia, ktor\u00e9 bud\u00fa taktie\u017e prezentovan\u00e9. Novinkou bude aj mobiln\u00fd historick\u00fd fotoateli\u00e9r, ktor\u00fd m\u00f4\u017eu n\u00e1v\u0161tevn\u00edci parku vyu\u017ei\u0165 len v\u00a0tento de\u0148.<\/p>\n<p>\u201e <em>Te\u0161\u00edme sa, \u017ee letn\u00fa sez\u00f3nu v\u00a0parku otv\u00e1ra pr\u00e1ve podujatie zameran\u00e9 na \u00e9ru Zlat\u00e9ho veku \u017diliny<\/em>. <em>Prv\u00e1 polovica minul\u00e9ho storo\u010dia je v\u00fdznamn\u00e1 aj pre na\u0161e m\u00fazeum, ktor\u00e9 v\u00a0roku 1942 vzniklo ako Mestsk\u00e9 m\u00fazeum a\u00a0v\u00a0bud\u00facom roku oslavuje svoje sedemdesiate narodeniny,<\/em>\u201c povedal na z\u00e1ver Boris Schubert, riadite\u013e Pova\u017esk\u00e9ho m\u00fazea v\u00a0\u017diline.<\/p>\n<p><strong>24. j\u00fan 2011<\/strong> bude v\u00fdznamn\u00fd pre Budat\u00ednsky park a\u00a0pre jeho n\u00e1v\u0161tevn\u00edkov aj t\u00fdm, \u017ee sa stane druhou otvorenou verejnou <strong>wifi z\u00f3nou <\/strong>v\u00a0meste \u017dilina.<\/p>\n<p>Organiz\u00e1torom podujatia Pohybliv\u00e9 obr\u00e1zky zo \u017diliny je \u017dilinsk\u00fd samospr\u00e1vny kraj a\u00a0Pova\u017esk\u00e9 m\u00fazeum v \u017diline.<\/p>\n","protected":false},"excerpt":{"rendered":"<p>Chcete za\u017ei\u0165 atmosf\u00e9ru 30. a 40. rokov minul\u00e9ho storo\u010dia \u2013 zabavi\u0165 sa v zlatom veku \u017diliny \u010di vnori\u0165 sa do nepokojn\u00fdch \u010dias druhej svetovej vojny v\u00a0na\u0161om meste? Letn\u00fa sez\u00f3nu v\u00a0Budat\u00ednskom parku otv\u00e1ra podujatie pod n\u00e1zvom Pohybliv\u00e9 obr\u00e1zky zo \u017diliny, ktor\u00e9 zauj\u00edmavou formou pribl\u00ed\u017ei pr\u00e1ve \u00e9ru prvej polovice 20. storo\u010dia, tzv. zlat\u00fd vek \u017diliny. \u201e\u017dilina sa [&hellip;]<\/p>\n","protected":false},"author":1,"featured_media":0,"comment_status":"closed","ping_status":"closed","sticky":false,"template":"","format":"standard","meta":{"site-sidebar-layout":"default","site-content-layout":"","ast-site-content-layout":"","site-content-style":"default","site-sidebar-style":"default","ast-global-header-display":"","ast-banner-title-visibility":"","ast-main-header-display":"","ast-hfb-above-header-display":"","ast-hfb-below-header-display":"","ast-hfb-mobile-header-display":"","site-post-title":"","ast-breadcrumbs-content":"","ast-featured-img":"","footer-sml-layout":"","theme-transparent-header-meta":"","adv-header-id-meta":"","stick-header-meta":"","header-above-stick-meta":"","header-main-stick-meta":"","header-below-stick-meta":"","astra-migrate-meta-layouts":"default","ast-page-background-enabled":"default","ast-page-background-meta":{"desktop":{"background-color":"var(--ast-global-color-4)","background-image":"","background-repeat":"repeat","background-position":"center center","background-size":"auto","background-attachment":"scroll","background-type":"","background-media":"","overlay-type":"","overlay-color":"","overlay-opacity":"","overlay-gradient":""},"tablet":{"background-color":"","background-image":"","background-repeat":"repeat","background-position":"center center","background-size":"auto","background-attachment":"scroll","background-type":"","background-media":"","overlay-type":"","overlay-color":"","overlay-opacity":"","overlay-gradient":""},"mobile":{"background-color":"","background-image":"","background-repeat":"repeat","background-position":"center center","background-size":"auto","background-attachment":"scroll","background-type":"","background-media":"","overlay-type":"","overlay-color":"","overlay-opacity":"","overlay-gradient":""}},"ast-content-background-meta":{"desktop":{"background-color":"var(--ast-global-color-5)","background-image":"","background-repeat":"repeat","background-position":"center center","background-size":"auto","background-attachment":"scroll","background-type":"","background-media":"","overlay-type":"","overlay-color":"","overlay-opacity":"","overlay-gradient":""},"tablet":{"background-color":"var(--ast-global-color-5)","background-image":"","background-repeat":"repeat","background-position":"center center","background-size":"auto","background-attachment":"scroll","background-type":"","background-media":"","overlay-type":"","overlay-color":"","overlay-opacity":"","overlay-gradient":""},"mobile":{"background-color":"var(--ast-global-color-5)","background-image":"","background-repeat":"repeat","background-position":"center center","background-size":"auto","background-attachment":"scroll","background-type":"","background-media":"","overlay-type":"","overlay-color":"","overlay-opacity":"","overlay-gradient":""}},"footnotes":""},"categories":[30],"tags":[],"class_list":["post-3093","post","type-post","status-publish","format-standard","hentry","category-archiv-2011"],"yoast_head":"<!-- This site is optimized with the Yoast SEO plugin v27.4 - https:\/\/yoast.com\/product\/yoast-seo-wordpress\/ -->\n<title>V Budat\u00ednskom parku za\u017eijete zlat\u00fd vek \u017diliny - Pova\u017esk\u00e9 m\u00fazeum<\/title>\n<meta name=\"robots\" content=\"index, follow, max-snippet:-1, max-image-preview:large, max-video-preview:-1\" \/>\n<link rel=\"canonical\" href=\"https:\/\/pmza.sk\/?p=3093\" \/>\n<meta property=\"og:locale\" content=\"sk_SK\" \/>\n<meta property=\"og:type\" content=\"article\" \/>\n<meta property=\"og:title\" content=\"V Budat\u00ednskom parku za\u017eijete zlat\u00fd vek \u017diliny - Pova\u017esk\u00e9 m\u00fazeum\" \/>\n<meta property=\"og:description\" content=\"Chcete za\u017ei\u0165 atmosf\u00e9ru 30. a 40. rokov minul\u00e9ho storo\u010dia \u2013 zabavi\u0165 sa v zlatom veku \u017diliny \u010di vnori\u0165 sa do nepokojn\u00fdch \u010dias druhej svetovej vojny v\u00a0na\u0161om meste? Letn\u00fa sez\u00f3nu v\u00a0Budat\u00ednskom parku otv\u00e1ra podujatie pod n\u00e1zvom Pohybliv\u00e9 obr\u00e1zky zo \u017diliny, ktor\u00e9 zauj\u00edmavou formou pribl\u00ed\u017ei pr\u00e1ve \u00e9ru prvej polovice 20. storo\u010dia, tzv. zlat\u00fd vek \u017diliny. \u201e\u017dilina sa [&hellip;]\" \/>\n<meta property=\"og:url\" content=\"https:\/\/pmza.sk\/?p=3093\" \/>\n<meta property=\"og:site_name\" content=\"Pova\u017esk\u00e9 m\u00fazeum\" \/>\n<meta property=\"article:publisher\" content=\"https:\/\/www.facebook.com\/povazskemuzeum\" \/>\n<meta property=\"article:published_time\" content=\"2011-06-16T07:04:07+00:00\" \/>\n<meta property=\"og:image\" content=\"https:\/\/pmza.sk.sk\/wp-content\/uploads\/2011\/06\/z-Budatinskeho-parku-300x200.jpg\" \/>\n<meta name=\"author\" content=\"libor\" \/>\n<meta name=\"twitter:card\" content=\"summary_large_image\" \/>\n<meta name=\"twitter:label1\" content=\"Autor\" \/>\n\t<meta name=\"twitter:data1\" content=\"libor\" \/>\n\t<meta name=\"twitter:label2\" content=\"Predpokladan\u00fd \u010das \u010d\u00edtania\" \/>\n\t<meta name=\"twitter:data2\" content=\"3 min\u00faty\" \/>\n<script type=\"application\/ld+json\" class=\"yoast-schema-graph\">{\"@context\":\"https:\\\/\\\/schema.org\",\"@graph\":[{\"@type\":\"Article\",\"@id\":\"https:\\\/\\\/pmza.sk\\\/?p=3093#article\",\"isPartOf\":{\"@id\":\"https:\\\/\\\/pmza.sk\\\/?p=3093\"},\"author\":{\"name\":\"libor\",\"@id\":\"https:\\\/\\\/pmza.sk\\\/#\\\/schema\\\/person\\\/f0b923a9aa8e1f67feef0d7cd9afde35\"},\"headline\":\"V Budat\u00ednskom parku za\u017eijete zlat\u00fd vek \u017diliny\",\"datePublished\":\"2011-06-16T07:04:07+00:00\",\"mainEntityOfPage\":{\"@id\":\"https:\\\/\\\/pmza.sk\\\/?p=3093\"},\"wordCount\":582,\"publisher\":{\"@id\":\"https:\\\/\\\/pmza.sk\\\/#organization\"},\"image\":{\"@id\":\"https:\\\/\\\/pmza.sk\\\/?p=3093#primaryimage\"},\"thumbnailUrl\":\"http:\\\/\\\/pmza.sk.sk\\\/wp-content\\\/uploads\\\/2011\\\/06\\\/z-Budatinskeho-parku-300x200.jpg\",\"articleSection\":[\"Arch\u00edv 2011\"],\"inLanguage\":\"sk-SK\"},{\"@type\":\"WebPage\",\"@id\":\"https:\\\/\\\/pmza.sk\\\/?p=3093\",\"url\":\"https:\\\/\\\/pmza.sk\\\/?p=3093\",\"name\":\"V Budat\u00ednskom parku za\u017eijete zlat\u00fd vek \u017diliny - Pova\u017esk\u00e9 m\u00fazeum\",\"isPartOf\":{\"@id\":\"https:\\\/\\\/pmza.sk\\\/#website\"},\"primaryImageOfPage\":{\"@id\":\"https:\\\/\\\/pmza.sk\\\/?p=3093#primaryimage\"},\"image\":{\"@id\":\"https:\\\/\\\/pmza.sk\\\/?p=3093#primaryimage\"},\"thumbnailUrl\":\"http:\\\/\\\/pmza.sk.sk\\\/wp-content\\\/uploads\\\/2011\\\/06\\\/z-Budatinskeho-parku-300x200.jpg\",\"datePublished\":\"2011-06-16T07:04:07+00:00\",\"breadcrumb\":{\"@id\":\"https:\\\/\\\/pmza.sk\\\/?p=3093#breadcrumb\"},\"inLanguage\":\"sk-SK\",\"potentialAction\":[{\"@type\":\"ReadAction\",\"target\":[\"https:\\\/\\\/pmza.sk\\\/?p=3093\"]}]},{\"@type\":\"ImageObject\",\"inLanguage\":\"sk-SK\",\"@id\":\"https:\\\/\\\/pmza.sk\\\/?p=3093#primaryimage\",\"url\":\"http:\\\/\\\/pmza.sk.sk\\\/wp-content\\\/uploads\\\/2011\\\/06\\\/z-Budatinskeho-parku-300x200.jpg\",\"contentUrl\":\"http:\\\/\\\/pmza.sk.sk\\\/wp-content\\\/uploads\\\/2011\\\/06\\\/z-Budatinskeho-parku-300x200.jpg\"},{\"@type\":\"BreadcrumbList\",\"@id\":\"https:\\\/\\\/pmza.sk\\\/?p=3093#breadcrumb\",\"itemListElement\":[{\"@type\":\"ListItem\",\"position\":1,\"name\":\"Domovsk\u00e1 str\u00e1nka\",\"item\":\"https:\\\/\\\/pmza.sk\\\/\"},{\"@type\":\"ListItem\",\"position\":2,\"name\":\"V Budat\u00ednskom parku za\u017eijete zlat\u00fd vek \u017diliny\"}]},{\"@type\":\"WebSite\",\"@id\":\"https:\\\/\\\/pmza.sk\\\/#website\",\"url\":\"https:\\\/\\\/pmza.sk\\\/\",\"name\":\"Pova\u017esk\u00e9 m\u00fazeum\",\"description\":\"Pova\u017esk\u00e9 m\u00fazeum v \u017diline je region\u00e1lne m\u00fazeum so s\u00eddlom v Budat\u00edne. Jeho expoz\u00edcie s\u00fa zameran\u00e9 na dejiny slovensk\u00e9ho umenia, kult\u00fary a dopravy.\",\"publisher\":{\"@id\":\"https:\\\/\\\/pmza.sk\\\/#organization\"},\"potentialAction\":[{\"@type\":\"SearchAction\",\"target\":{\"@type\":\"EntryPoint\",\"urlTemplate\":\"https:\\\/\\\/pmza.sk\\\/?s={search_term_string}\"},\"query-input\":{\"@type\":\"PropertyValueSpecification\",\"valueRequired\":true,\"valueName\":\"search_term_string\"}}],\"inLanguage\":\"sk-SK\"},{\"@type\":\"Organization\",\"@id\":\"https:\\\/\\\/pmza.sk\\\/#organization\",\"name\":\"Pova\u017esk\u00e9 m\u00fazeum\",\"url\":\"https:\\\/\\\/pmza.sk\\\/\",\"logo\":{\"@type\":\"ImageObject\",\"inLanguage\":\"sk-SK\",\"@id\":\"https:\\\/\\\/pmza.sk\\\/#\\\/schema\\\/logo\\\/image\\\/\",\"url\":\"https:\\\/\\\/pmza.sk\\\/wp-content\\\/uploads\\\/2022\\\/01\\\/logo_PM_horizontal.jpg\",\"contentUrl\":\"https:\\\/\\\/pmza.sk\\\/wp-content\\\/uploads\\\/2022\\\/01\\\/logo_PM_horizontal.jpg\",\"width\":231,\"height\":142,\"caption\":\"Pova\u017esk\u00e9 m\u00fazeum\"},\"image\":{\"@id\":\"https:\\\/\\\/pmza.sk\\\/#\\\/schema\\\/logo\\\/image\\\/\"},\"sameAs\":[\"https:\\\/\\\/www.facebook.com\\\/povazskemuzeum\",\"https:\\\/\\\/www.instagram.com\\\/povazskemuzeum\\\/\"]},{\"@type\":\"Person\",\"@id\":\"https:\\\/\\\/pmza.sk\\\/#\\\/schema\\\/person\\\/f0b923a9aa8e1f67feef0d7cd9afde35\",\"name\":\"libor\",\"image\":{\"@type\":\"ImageObject\",\"inLanguage\":\"sk-SK\",\"@id\":\"https:\\\/\\\/secure.gravatar.com\\\/avatar\\\/c583dbc698e594aacced1589eb8cf1673bd41d461e8b2ab635484ffc26fee7b0?s=96&d=mm&r=g\",\"url\":\"https:\\\/\\\/secure.gravatar.com\\\/avatar\\\/c583dbc698e594aacced1589eb8cf1673bd41d461e8b2ab635484ffc26fee7b0?s=96&d=mm&r=g\",\"contentUrl\":\"https:\\\/\\\/secure.gravatar.com\\\/avatar\\\/c583dbc698e594aacced1589eb8cf1673bd41d461e8b2ab635484ffc26fee7b0?s=96&d=mm&r=g\",\"caption\":\"libor\"}}]}<\/script>\n<!-- \/ Yoast SEO plugin. -->","yoast_head_json":{"title":"V Budat\u00ednskom parku za\u017eijete zlat\u00fd vek \u017diliny - Pova\u017esk\u00e9 m\u00fazeum","robots":{"index":"index","follow":"follow","max-snippet":"max-snippet:-1","max-image-preview":"max-image-preview:large","max-video-preview":"max-video-preview:-1"},"canonical":"https:\/\/pmza.sk\/?p=3093","og_locale":"sk_SK","og_type":"article","og_title":"V Budat\u00ednskom parku za\u017eijete zlat\u00fd vek \u017diliny - Pova\u017esk\u00e9 m\u00fazeum","og_description":"Chcete za\u017ei\u0165 atmosf\u00e9ru 30. a 40. rokov minul\u00e9ho storo\u010dia \u2013 zabavi\u0165 sa v zlatom veku \u017diliny \u010di vnori\u0165 sa do nepokojn\u00fdch \u010dias druhej svetovej vojny v\u00a0na\u0161om meste? Letn\u00fa sez\u00f3nu v\u00a0Budat\u00ednskom parku otv\u00e1ra podujatie pod n\u00e1zvom Pohybliv\u00e9 obr\u00e1zky zo \u017diliny, ktor\u00e9 zauj\u00edmavou formou pribl\u00ed\u017ei pr\u00e1ve \u00e9ru prvej polovice 20. storo\u010dia, tzv. zlat\u00fd vek \u017diliny. \u201e\u017dilina sa [&hellip;]","og_url":"https:\/\/pmza.sk\/?p=3093","og_site_name":"Pova\u017esk\u00e9 m\u00fazeum","article_publisher":"https:\/\/www.facebook.com\/povazskemuzeum","article_published_time":"2011-06-16T07:04:07+00:00","og_image":[{"url":"https:\/\/pmza.sk.sk\/wp-content\/uploads\/2011\/06\/z-Budatinskeho-parku-300x200.jpg","type":"","width":"","height":""}],"author":"libor","twitter_card":"summary_large_image","twitter_misc":{"Autor":"libor","Predpokladan\u00fd \u010das \u010d\u00edtania":"3 min\u00faty"},"schema":{"@context":"https:\/\/schema.org","@graph":[{"@type":"Article","@id":"https:\/\/pmza.sk\/?p=3093#article","isPartOf":{"@id":"https:\/\/pmza.sk\/?p=3093"},"author":{"name":"libor","@id":"https:\/\/pmza.sk\/#\/schema\/person\/f0b923a9aa8e1f67feef0d7cd9afde35"},"headline":"V Budat\u00ednskom parku za\u017eijete zlat\u00fd vek \u017diliny","datePublished":"2011-06-16T07:04:07+00:00","mainEntityOfPage":{"@id":"https:\/\/pmza.sk\/?p=3093"},"wordCount":582,"publisher":{"@id":"https:\/\/pmza.sk\/#organization"},"image":{"@id":"https:\/\/pmza.sk\/?p=3093#primaryimage"},"thumbnailUrl":"https:\/\/pmza.sk.sk\/wp-content\/uploads\/2011\/06\/z-Budatinskeho-parku-300x200.jpg","articleSection":["Arch\u00edv 2011"],"inLanguage":"sk-SK"},{"@type":"WebPage","@id":"https:\/\/pmza.sk\/?p=3093","url":"https:\/\/pmza.sk\/?p=3093","name":"V Budat\u00ednskom parku za\u017eijete zlat\u00fd vek \u017diliny - Pova\u017esk\u00e9 m\u00fazeum","isPartOf":{"@id":"https:\/\/pmza.sk\/#website"},"primaryImageOfPage":{"@id":"https:\/\/pmza.sk\/?p=3093#primaryimage"},"image":{"@id":"https:\/\/pmza.sk\/?p=3093#primaryimage"},"thumbnailUrl":"https:\/\/pmza.sk.sk\/wp-content\/uploads\/2011\/06\/z-Budatinskeho-parku-300x200.jpg","datePublished":"2011-06-16T07:04:07+00:00","breadcrumb":{"@id":"https:\/\/pmza.sk\/?p=3093#breadcrumb"},"inLanguage":"sk-SK","potentialAction":[{"@type":"ReadAction","target":["https:\/\/pmza.sk\/?p=3093"]}]},{"@type":"ImageObject","inLanguage":"sk-SK","@id":"https:\/\/pmza.sk\/?p=3093#primaryimage","url":"https:\/\/pmza.sk.sk\/wp-content\/uploads\/2011\/06\/z-Budatinskeho-parku-300x200.jpg","contentUrl":"https:\/\/pmza.sk.sk\/wp-content\/uploads\/2011\/06\/z-Budatinskeho-parku-300x200.jpg"},{"@type":"BreadcrumbList","@id":"https:\/\/pmza.sk\/?p=3093#breadcrumb","itemListElement":[{"@type":"ListItem","position":1,"name":"Domovsk\u00e1 str\u00e1nka","item":"https:\/\/pmza.sk\/"},{"@type":"ListItem","position":2,"name":"V Budat\u00ednskom parku za\u017eijete zlat\u00fd vek \u017diliny"}]},{"@type":"WebSite","@id":"https:\/\/pmza.sk\/#website","url":"https:\/\/pmza.sk\/","name":"Pova\u017esk\u00e9 m\u00fazeum","description":"Pova\u017esk\u00e9 m\u00fazeum v \u017diline je region\u00e1lne m\u00fazeum so s\u00eddlom v Budat\u00edne. Jeho expoz\u00edcie s\u00fa zameran\u00e9 na dejiny slovensk\u00e9ho umenia, kult\u00fary a dopravy.","publisher":{"@id":"https:\/\/pmza.sk\/#organization"},"potentialAction":[{"@type":"SearchAction","target":{"@type":"EntryPoint","urlTemplate":"https:\/\/pmza.sk\/?s={search_term_string}"},"query-input":{"@type":"PropertyValueSpecification","valueRequired":true,"valueName":"search_term_string"}}],"inLanguage":"sk-SK"},{"@type":"Organization","@id":"https:\/\/pmza.sk\/#organization","name":"Pova\u017esk\u00e9 m\u00fazeum","url":"https:\/\/pmza.sk\/","logo":{"@type":"ImageObject","inLanguage":"sk-SK","@id":"https:\/\/pmza.sk\/#\/schema\/logo\/image\/","url":"https:\/\/pmza.sk\/wp-content\/uploads\/2022\/01\/logo_PM_horizontal.jpg","contentUrl":"https:\/\/pmza.sk\/wp-content\/uploads\/2022\/01\/logo_PM_horizontal.jpg","width":231,"height":142,"caption":"Pova\u017esk\u00e9 m\u00fazeum"},"image":{"@id":"https:\/\/pmza.sk\/#\/schema\/logo\/image\/"},"sameAs":["https:\/\/www.facebook.com\/povazskemuzeum","https:\/\/www.instagram.com\/povazskemuzeum\/"]},{"@type":"Person","@id":"https:\/\/pmza.sk\/#\/schema\/person\/f0b923a9aa8e1f67feef0d7cd9afde35","name":"libor","image":{"@type":"ImageObject","inLanguage":"sk-SK","@id":"https:\/\/secure.gravatar.com\/avatar\/c583dbc698e594aacced1589eb8cf1673bd41d461e8b2ab635484ffc26fee7b0?s=96&d=mm&r=g","url":"https:\/\/secure.gravatar.com\/avatar\/c583dbc698e594aacced1589eb8cf1673bd41d461e8b2ab635484ffc26fee7b0?s=96&d=mm&r=g","contentUrl":"https:\/\/secure.gravatar.com\/avatar\/c583dbc698e594aacced1589eb8cf1673bd41d461e8b2ab635484ffc26fee7b0?s=96&d=mm&r=g","caption":"libor"}}]}},"_links":{"self":[{"href":"https:\/\/pmza.sk\/index.php?rest_route=\/wp\/v2\/posts\/3093","targetHints":{"allow":["GET"]}}],"collection":[{"href":"https:\/\/pmza.sk\/index.php?rest_route=\/wp\/v2\/posts"}],"about":[{"href":"https:\/\/pmza.sk\/index.php?rest_route=\/wp\/v2\/types\/post"}],"author":[{"embeddable":true,"href":"https:\/\/pmza.sk\/index.php?rest_route=\/wp\/v2\/users\/1"}],"replies":[{"embeddable":true,"href":"https:\/\/pmza.sk\/index.php?rest_route=%2Fwp%2Fv2%2Fcomments&post=3093"}],"version-history":[{"count":0,"href":"https:\/\/pmza.sk\/index.php?rest_route=\/wp\/v2\/posts\/3093\/revisions"}],"wp:attachment":[{"href":"https:\/\/pmza.sk\/index.php?rest_route=%2Fwp%2Fv2%2Fmedia&parent=3093"}],"wp:term":[{"taxonomy":"category","embeddable":true,"href":"https:\/\/pmza.sk\/index.php?rest_route=%2Fwp%2Fv2%2Fcategories&post=3093"},{"taxonomy":"post_tag","embeddable":true,"href":"https:\/\/pmza.sk\/index.php?rest_route=%2Fwp%2Fv2%2Ftags&post=3093"}],"curies":[{"name":"wp","href":"https:\/\/api.w.org\/{rel}","templated":true}]}}