{"id":3101,"date":"2011-06-16T14:12:46","date_gmt":"2011-06-16T12:12:46","guid":{"rendered":"https:\/\/pmza.sk.sk\/?p=3101"},"modified":"2011-06-16T14:12:46","modified_gmt":"2011-06-16T12:12:46","slug":"festival-drotarstva-2011-z-budatina-do-bytce","status":"publish","type":"post","link":"https:\/\/pmza.sk\/?p=3101","title":{"rendered":"Festival drot\u00e1rstva 2011 &#8211; z Budat\u00edna do Byt\u010de"},"content":{"rendered":"<p><a href=\"https:\/\/pmza.sk\/wp-content\/uploads\/2011\/06\/Festival-drotarstva-2010-scaled-1.jpg\"><img fetchpriority=\"high\" decoding=\"async\" class=\"alignleft size-medium wp-image-3102\" style=\"margin: 4px; border: 2px solid black;\" title=\"Festival drotarstva 2010\" src=\"https:\/\/pmza.sk.sk\/wp-content\/uploads\/2011\/06\/Festival-drotarstva-2010-300x200.jpg\" alt=\"\" width=\"300\" height=\"200\" \/><\/a>Najv\u00e4\u010d\u0161\u00ed festival drot\u00e1rskeho remesla a\u00a0umenia na Slovensku tentokr\u00e1t otv\u00e1ra svoj XXI. ro\u010dn\u00edk u\u017e 24. j\u00fana 2011 v\u00a0are\u00e1li Budat\u00ednskeho hradu v\u00a0\u017diline. \u201e <em>Medzin\u00e1rodn\u00e9 stretnutie drot\u00e1rskych majstrov patr\u00ed k\u00a0najreprezentat\u00edvnej\u0161\u00edm podujatiam v\u00a0oblasti drot\u00e1rstva v\u00a0r\u00e1mci cel\u00e9ho Slovenska. Ke\u010f\u017ee drot\u00e1rstvo presiahlo hranice na\u0161ej krajiny a\u00a0ovplyvnilo nielen dom\u00e1cich umelcov, ale aj tvorcov v\u00a0zahrani\u010d\u00ed, o\u010dak\u00e1vame \u00fa\u010das\u0165 remeseln\u00edkov a\u00a0v\u00fdtvarn\u00edkov akt\u00edvne pracuj\u00facich s\u00a0dr\u00f4tom zo Slovenska, \u010ciech a\u00a0Moravy,\u201c <\/em>povedala na \u00favod Katar\u00edna Hallonov\u00e1, histori\u010dka drot\u00e1rstva Pova\u017esk\u00e9ho m\u00fazea v\u00a0\u017diline a\u00a0organiz\u00e1torka podujatia.<\/p>\n<p><!--more-->Vernis\u00e1\u017e v\u00fdstavy pod n\u00e1zvom <strong>Ke\u010f sa drot\u00e1r narodil<\/strong> v\u00a0piatok 24. j\u00fana 2011 o\u00a018,00 hod. vo v\u00fdstavn\u00fdch priestoroch Budat\u00ednskeho hradu bude z\u00e1rove\u0148 sl\u00e1vnostn\u00fdm otvoren\u00edm <strong>Festivalu drot\u00e1rstva 2011<\/strong>. \u201e<em>T\u00e1to v\u00fdstava\u00a0 prezentuje najm\u00e4 pozoruhodn\u00e9 drot\u00e1rske oby\u010daje, ktor\u00e9 boli typick\u00e9 pre regi\u00f3n severoz\u00e1padn\u00e9ho Slovenska. Okrem drot\u00e1rskeho zvykoslovia sa n\u00e1v\u0161tevn\u00edci v\u00fdstavy dozvedia viacej aj o sp\u00f4soboch \u017eivota, b\u00fdvania a\u00a0odievania drot\u00e1rov v spom\u00ednan\u00fdch lokalit\u00e1ch,<\/em>\u201c\u00a0 uviedla Katar\u00edna Kendrov\u00e1, etnologi\u010dka drot\u00e1rstva m\u00fazea a\u00a0autorka v\u00fdstavy.<\/p>\n<p>Festival drot\u00e1rstva\u00a0 2011 sa v\u00a0posledn\u00fd j\u00fanov\u00fd v\u00edkend \u00a025. \u2013 26. j\u00fan 2011 presunie z\u00a0Budat\u00edna do Sob\u00e1\u0161neho pal\u00e1ca v\u00a0Byt\u010di. Tam \u00a0sa u\u017e od r\u00e1na\u00a0 drot\u00e1ri bud\u00fa musie\u0165 \u00a0popasova\u0165 s\u00a0hlavnou t\u00e9mou festivalu\u00a0 &#8211; <strong>Moje druh\u00e9 ja. <\/strong>\u201e<em>Drot\u00e1ri bud\u00fa ma\u0165 za \u00falohu po\u010das dvoch dn\u00ed vytvori\u0165 v\u00fdtvarn\u00fd artefakt\u00a0 ako napr\u00edlad plastiku, objekt, reli\u00e9f, obr\u00e1zok a \u010fal\u0161ie, v ktor\u00fdch zhmotnia svoju osobnos\u0165, n\u00e1zory, \u017eivotn\u00e9 kr\u00e9do \u010di \u00a0poslanie,<\/em>\u201c dodala Katar\u00edna Hallonov\u00e1.<\/p>\n<p>Festival drot\u00e1rstva nie je len o\u00a0v\u00fdmene sk\u00fasenost\u00ed drot\u00e1rskych majstrov, ale aj o\u00a0zauj\u00edmav\u00fdch drotarworkshopoch\u00a0 a\u00a0\u010fal\u0161\u00edch sprievodn\u00fdch aktivit\u00e1ch pre \u0161irok\u00fa verejnos\u0165 . Cel\u00fa sobotu a\u00a0nede\u013eu bude n\u00e1v\u0161tevn\u00edkom Sob\u00e1\u0161neho pal\u00e1ca v\u00a0Byt\u010di pon\u00fakan\u00e1 <strong>\u0160kola dr\u00f4tovania,<\/strong> kde si pod odborn\u00fdm veden\u00edm pracovn\u00edkov m\u00fazea m\u00f4\u017ee vysk\u00fa\u0161a\u0165 \u00a0z\u00e1klady drot\u00e1rskej technol\u00f3gie.<\/p>\n<p>Novinkou XXI. ro\u010dn\u00edka Fesivalu drot\u00e1rstav bude prezent\u00e1cia filmov s drot\u00e1rskou tematikou,\u00a0 ktor\u00e9 dokumentuj\u00fa \u00a0autentick\u00e9 spomienky vtedy e\u0161te \u017eij\u00facich drot\u00e1rov na \u010dasy ich vandrova\u010diek.<\/p>\n<p>Organit\u00e1torom XXI. ro\u010dn\u00edka <strong>Festivalu drot\u00e1rstva\u00a0 v\u00a0d\u0148och 24. a\u017e 26. j\u00fan 2011<\/strong> v\u00a0are\u00e1li Budat\u00ednskeho hradu a\u00a0v\u00a0Sob\u00e1\u0161nom pal\u00e1ci v\u00a0Byt\u010di\u00a0 je \u017dilinsk\u00fd samospr\u00e1vny kraj a\u00a0Pova\u017esk\u00e9 m\u00fazeum v\u00a0\u017diline.<\/p>\n","protected":false},"excerpt":{"rendered":"<p>Najv\u00e4\u010d\u0161\u00ed festival drot\u00e1rskeho remesla a\u00a0umenia na Slovensku tentokr\u00e1t otv\u00e1ra svoj XXI. ro\u010dn\u00edk u\u017e 24. j\u00fana 2011 v\u00a0are\u00e1li Budat\u00ednskeho hradu v\u00a0\u017diline. \u201e Medzin\u00e1rodn\u00e9 stretnutie drot\u00e1rskych majstrov patr\u00ed k\u00a0najreprezentat\u00edvnej\u0161\u00edm podujatiam v\u00a0oblasti drot\u00e1rstva v\u00a0r\u00e1mci cel\u00e9ho Slovenska. Ke\u010f\u017ee drot\u00e1rstvo presiahlo hranice na\u0161ej krajiny a\u00a0ovplyvnilo nielen dom\u00e1cich umelcov, ale aj tvorcov v\u00a0zahrani\u010d\u00ed, o\u010dak\u00e1vame \u00fa\u010das\u0165 remeseln\u00edkov a\u00a0v\u00fdtvarn\u00edkov akt\u00edvne pracuj\u00facich s\u00a0dr\u00f4tom zo [&hellip;]<\/p>\n","protected":false},"author":1,"featured_media":0,"comment_status":"closed","ping_status":"closed","sticky":false,"template":"","format":"standard","meta":{"site-sidebar-layout":"default","site-content-layout":"","ast-site-content-layout":"","site-content-style":"default","site-sidebar-style":"default","ast-global-header-display":"","ast-banner-title-visibility":"","ast-main-header-display":"","ast-hfb-above-header-display":"","ast-hfb-below-header-display":"","ast-hfb-mobile-header-display":"","site-post-title":"","ast-breadcrumbs-content":"","ast-featured-img":"","footer-sml-layout":"","theme-transparent-header-meta":"","adv-header-id-meta":"","stick-header-meta":"","header-above-stick-meta":"","header-main-stick-meta":"","header-below-stick-meta":"","astra-migrate-meta-layouts":"default","ast-page-background-enabled":"default","ast-page-background-meta":{"desktop":{"background-color":"var(--ast-global-color-4)","background-image":"","background-repeat":"repeat","background-position":"center center","background-size":"auto","background-attachment":"scroll","background-type":"","background-media":"","overlay-type":"","overlay-color":"","overlay-opacity":"","overlay-gradient":""},"tablet":{"background-color":"","background-image":"","background-repeat":"repeat","background-position":"center center","background-size":"auto","background-attachment":"scroll","background-type":"","background-media":"","overlay-type":"","overlay-color":"","overlay-opacity":"","overlay-gradient":""},"mobile":{"background-color":"","background-image":"","background-repeat":"repeat","background-position":"center center","background-size":"auto","background-attachment":"scroll","background-type":"","background-media":"","overlay-type":"","overlay-color":"","overlay-opacity":"","overlay-gradient":""}},"ast-content-background-meta":{"desktop":{"background-color":"var(--ast-global-color-5)","background-image":"","background-repeat":"repeat","background-position":"center center","background-size":"auto","background-attachment":"scroll","background-type":"","background-media":"","overlay-type":"","overlay-color":"","overlay-opacity":"","overlay-gradient":""},"tablet":{"background-color":"var(--ast-global-color-5)","background-image":"","background-repeat":"repeat","background-position":"center center","background-size":"auto","background-attachment":"scroll","background-type":"","background-media":"","overlay-type":"","overlay-color":"","overlay-opacity":"","overlay-gradient":""},"mobile":{"background-color":"var(--ast-global-color-5)","background-image":"","background-repeat":"repeat","background-position":"center center","background-size":"auto","background-attachment":"scroll","background-type":"","background-media":"","overlay-type":"","overlay-color":"","overlay-opacity":"","overlay-gradient":""}},"footnotes":""},"categories":[30],"tags":[],"class_list":["post-3101","post","type-post","status-publish","format-standard","hentry","category-archiv-2011"],"yoast_head":"<!-- This site is optimized with the Yoast SEO plugin v27.4 - https:\/\/yoast.com\/product\/yoast-seo-wordpress\/ -->\n<title>Festival drot\u00e1rstva 2011 - z Budat\u00edna do Byt\u010de - Pova\u017esk\u00e9 m\u00fazeum<\/title>\n<meta name=\"robots\" content=\"index, follow, max-snippet:-1, max-image-preview:large, max-video-preview:-1\" \/>\n<link rel=\"canonical\" href=\"https:\/\/pmza.sk\/?p=3101\" \/>\n<meta property=\"og:locale\" content=\"sk_SK\" \/>\n<meta property=\"og:type\" content=\"article\" \/>\n<meta property=\"og:title\" content=\"Festival drot\u00e1rstva 2011 - z Budat\u00edna do Byt\u010de - Pova\u017esk\u00e9 m\u00fazeum\" \/>\n<meta property=\"og:description\" content=\"Najv\u00e4\u010d\u0161\u00ed festival drot\u00e1rskeho remesla a\u00a0umenia na Slovensku tentokr\u00e1t otv\u00e1ra svoj XXI. ro\u010dn\u00edk u\u017e 24. j\u00fana 2011 v\u00a0are\u00e1li Budat\u00ednskeho hradu v\u00a0\u017diline. \u201e Medzin\u00e1rodn\u00e9 stretnutie drot\u00e1rskych majstrov patr\u00ed k\u00a0najreprezentat\u00edvnej\u0161\u00edm podujatiam v\u00a0oblasti drot\u00e1rstva v\u00a0r\u00e1mci cel\u00e9ho Slovenska. Ke\u010f\u017ee drot\u00e1rstvo presiahlo hranice na\u0161ej krajiny a\u00a0ovplyvnilo nielen dom\u00e1cich umelcov, ale aj tvorcov v\u00a0zahrani\u010d\u00ed, o\u010dak\u00e1vame \u00fa\u010das\u0165 remeseln\u00edkov a\u00a0v\u00fdtvarn\u00edkov akt\u00edvne pracuj\u00facich s\u00a0dr\u00f4tom zo [&hellip;]\" \/>\n<meta property=\"og:url\" content=\"https:\/\/pmza.sk\/?p=3101\" \/>\n<meta property=\"og:site_name\" content=\"Pova\u017esk\u00e9 m\u00fazeum\" \/>\n<meta property=\"article:publisher\" content=\"https:\/\/www.facebook.com\/povazskemuzeum\" \/>\n<meta property=\"article:published_time\" content=\"2011-06-16T12:12:46+00:00\" \/>\n<meta property=\"og:image\" content=\"https:\/\/pmza.sk.sk\/wp-content\/uploads\/2011\/06\/Festival-drotarstva-2010-300x200.jpg\" \/>\n<meta name=\"author\" content=\"libor\" \/>\n<meta name=\"twitter:card\" content=\"summary_large_image\" \/>\n<meta name=\"twitter:label1\" content=\"Autor\" \/>\n\t<meta name=\"twitter:data1\" content=\"libor\" \/>\n\t<meta name=\"twitter:label2\" content=\"Predpokladan\u00fd \u010das \u010d\u00edtania\" \/>\n\t<meta name=\"twitter:data2\" content=\"2 min\u00faty\" \/>\n<script type=\"application\/ld+json\" class=\"yoast-schema-graph\">{\"@context\":\"https:\\\/\\\/schema.org\",\"@graph\":[{\"@type\":\"Article\",\"@id\":\"https:\\\/\\\/pmza.sk\\\/?p=3101#article\",\"isPartOf\":{\"@id\":\"https:\\\/\\\/pmza.sk\\\/?p=3101\"},\"author\":{\"name\":\"libor\",\"@id\":\"https:\\\/\\\/pmza.sk\\\/#\\\/schema\\\/person\\\/f0b923a9aa8e1f67feef0d7cd9afde35\"},\"headline\":\"Festival drot\u00e1rstva 2011 &#8211; z Budat\u00edna do Byt\u010de\",\"datePublished\":\"2011-06-16T12:12:46+00:00\",\"mainEntityOfPage\":{\"@id\":\"https:\\\/\\\/pmza.sk\\\/?p=3101\"},\"wordCount\":460,\"publisher\":{\"@id\":\"https:\\\/\\\/pmza.sk\\\/#organization\"},\"image\":{\"@id\":\"https:\\\/\\\/pmza.sk\\\/?p=3101#primaryimage\"},\"thumbnailUrl\":\"http:\\\/\\\/pmza.sk.sk\\\/wp-content\\\/uploads\\\/2011\\\/06\\\/Festival-drotarstva-2010-300x200.jpg\",\"articleSection\":[\"Arch\u00edv 2011\"],\"inLanguage\":\"sk-SK\"},{\"@type\":\"WebPage\",\"@id\":\"https:\\\/\\\/pmza.sk\\\/?p=3101\",\"url\":\"https:\\\/\\\/pmza.sk\\\/?p=3101\",\"name\":\"Festival drot\u00e1rstva 2011 - z Budat\u00edna do Byt\u010de - Pova\u017esk\u00e9 m\u00fazeum\",\"isPartOf\":{\"@id\":\"https:\\\/\\\/pmza.sk\\\/#website\"},\"primaryImageOfPage\":{\"@id\":\"https:\\\/\\\/pmza.sk\\\/?p=3101#primaryimage\"},\"image\":{\"@id\":\"https:\\\/\\\/pmza.sk\\\/?p=3101#primaryimage\"},\"thumbnailUrl\":\"http:\\\/\\\/pmza.sk.sk\\\/wp-content\\\/uploads\\\/2011\\\/06\\\/Festival-drotarstva-2010-300x200.jpg\",\"datePublished\":\"2011-06-16T12:12:46+00:00\",\"breadcrumb\":{\"@id\":\"https:\\\/\\\/pmza.sk\\\/?p=3101#breadcrumb\"},\"inLanguage\":\"sk-SK\",\"potentialAction\":[{\"@type\":\"ReadAction\",\"target\":[\"https:\\\/\\\/pmza.sk\\\/?p=3101\"]}]},{\"@type\":\"ImageObject\",\"inLanguage\":\"sk-SK\",\"@id\":\"https:\\\/\\\/pmza.sk\\\/?p=3101#primaryimage\",\"url\":\"http:\\\/\\\/pmza.sk.sk\\\/wp-content\\\/uploads\\\/2011\\\/06\\\/Festival-drotarstva-2010-300x200.jpg\",\"contentUrl\":\"http:\\\/\\\/pmza.sk.sk\\\/wp-content\\\/uploads\\\/2011\\\/06\\\/Festival-drotarstva-2010-300x200.jpg\"},{\"@type\":\"BreadcrumbList\",\"@id\":\"https:\\\/\\\/pmza.sk\\\/?p=3101#breadcrumb\",\"itemListElement\":[{\"@type\":\"ListItem\",\"position\":1,\"name\":\"Domovsk\u00e1 str\u00e1nka\",\"item\":\"https:\\\/\\\/pmza.sk\\\/\"},{\"@type\":\"ListItem\",\"position\":2,\"name\":\"Festival drot\u00e1rstva 2011 &#8211; z Budat\u00edna do Byt\u010de\"}]},{\"@type\":\"WebSite\",\"@id\":\"https:\\\/\\\/pmza.sk\\\/#website\",\"url\":\"https:\\\/\\\/pmza.sk\\\/\",\"name\":\"Pova\u017esk\u00e9 m\u00fazeum\",\"description\":\"Pova\u017esk\u00e9 m\u00fazeum v \u017diline je region\u00e1lne m\u00fazeum so s\u00eddlom v Budat\u00edne. Jeho expoz\u00edcie s\u00fa zameran\u00e9 na dejiny slovensk\u00e9ho umenia, kult\u00fary a dopravy.\",\"publisher\":{\"@id\":\"https:\\\/\\\/pmza.sk\\\/#organization\"},\"potentialAction\":[{\"@type\":\"SearchAction\",\"target\":{\"@type\":\"EntryPoint\",\"urlTemplate\":\"https:\\\/\\\/pmza.sk\\\/?s={search_term_string}\"},\"query-input\":{\"@type\":\"PropertyValueSpecification\",\"valueRequired\":true,\"valueName\":\"search_term_string\"}}],\"inLanguage\":\"sk-SK\"},{\"@type\":\"Organization\",\"@id\":\"https:\\\/\\\/pmza.sk\\\/#organization\",\"name\":\"Pova\u017esk\u00e9 m\u00fazeum\",\"url\":\"https:\\\/\\\/pmza.sk\\\/\",\"logo\":{\"@type\":\"ImageObject\",\"inLanguage\":\"sk-SK\",\"@id\":\"https:\\\/\\\/pmza.sk\\\/#\\\/schema\\\/logo\\\/image\\\/\",\"url\":\"https:\\\/\\\/pmza.sk\\\/wp-content\\\/uploads\\\/2022\\\/01\\\/logo_PM_horizontal.jpg\",\"contentUrl\":\"https:\\\/\\\/pmza.sk\\\/wp-content\\\/uploads\\\/2022\\\/01\\\/logo_PM_horizontal.jpg\",\"width\":231,\"height\":142,\"caption\":\"Pova\u017esk\u00e9 m\u00fazeum\"},\"image\":{\"@id\":\"https:\\\/\\\/pmza.sk\\\/#\\\/schema\\\/logo\\\/image\\\/\"},\"sameAs\":[\"https:\\\/\\\/www.facebook.com\\\/povazskemuzeum\",\"https:\\\/\\\/www.instagram.com\\\/povazskemuzeum\\\/\"]},{\"@type\":\"Person\",\"@id\":\"https:\\\/\\\/pmza.sk\\\/#\\\/schema\\\/person\\\/f0b923a9aa8e1f67feef0d7cd9afde35\",\"name\":\"libor\",\"image\":{\"@type\":\"ImageObject\",\"inLanguage\":\"sk-SK\",\"@id\":\"https:\\\/\\\/secure.gravatar.com\\\/avatar\\\/c583dbc698e594aacced1589eb8cf1673bd41d461e8b2ab635484ffc26fee7b0?s=96&d=mm&r=g\",\"url\":\"https:\\\/\\\/secure.gravatar.com\\\/avatar\\\/c583dbc698e594aacced1589eb8cf1673bd41d461e8b2ab635484ffc26fee7b0?s=96&d=mm&r=g\",\"contentUrl\":\"https:\\\/\\\/secure.gravatar.com\\\/avatar\\\/c583dbc698e594aacced1589eb8cf1673bd41d461e8b2ab635484ffc26fee7b0?s=96&d=mm&r=g\",\"caption\":\"libor\"}}]}<\/script>\n<!-- \/ Yoast SEO plugin. -->","yoast_head_json":{"title":"Festival drot\u00e1rstva 2011 - z Budat\u00edna do Byt\u010de - Pova\u017esk\u00e9 m\u00fazeum","robots":{"index":"index","follow":"follow","max-snippet":"max-snippet:-1","max-image-preview":"max-image-preview:large","max-video-preview":"max-video-preview:-1"},"canonical":"https:\/\/pmza.sk\/?p=3101","og_locale":"sk_SK","og_type":"article","og_title":"Festival drot\u00e1rstva 2011 - z Budat\u00edna do Byt\u010de - Pova\u017esk\u00e9 m\u00fazeum","og_description":"Najv\u00e4\u010d\u0161\u00ed festival drot\u00e1rskeho remesla a\u00a0umenia na Slovensku tentokr\u00e1t otv\u00e1ra svoj XXI. ro\u010dn\u00edk u\u017e 24. j\u00fana 2011 v\u00a0are\u00e1li Budat\u00ednskeho hradu v\u00a0\u017diline. \u201e Medzin\u00e1rodn\u00e9 stretnutie drot\u00e1rskych majstrov patr\u00ed k\u00a0najreprezentat\u00edvnej\u0161\u00edm podujatiam v\u00a0oblasti drot\u00e1rstva v\u00a0r\u00e1mci cel\u00e9ho Slovenska. Ke\u010f\u017ee drot\u00e1rstvo presiahlo hranice na\u0161ej krajiny a\u00a0ovplyvnilo nielen dom\u00e1cich umelcov, ale aj tvorcov v\u00a0zahrani\u010d\u00ed, o\u010dak\u00e1vame \u00fa\u010das\u0165 remeseln\u00edkov a\u00a0v\u00fdtvarn\u00edkov akt\u00edvne pracuj\u00facich s\u00a0dr\u00f4tom zo [&hellip;]","og_url":"https:\/\/pmza.sk\/?p=3101","og_site_name":"Pova\u017esk\u00e9 m\u00fazeum","article_publisher":"https:\/\/www.facebook.com\/povazskemuzeum","article_published_time":"2011-06-16T12:12:46+00:00","og_image":[{"url":"https:\/\/pmza.sk.sk\/wp-content\/uploads\/2011\/06\/Festival-drotarstva-2010-300x200.jpg","type":"","width":"","height":""}],"author":"libor","twitter_card":"summary_large_image","twitter_misc":{"Autor":"libor","Predpokladan\u00fd \u010das \u010d\u00edtania":"2 min\u00faty"},"schema":{"@context":"https:\/\/schema.org","@graph":[{"@type":"Article","@id":"https:\/\/pmza.sk\/?p=3101#article","isPartOf":{"@id":"https:\/\/pmza.sk\/?p=3101"},"author":{"name":"libor","@id":"https:\/\/pmza.sk\/#\/schema\/person\/f0b923a9aa8e1f67feef0d7cd9afde35"},"headline":"Festival drot\u00e1rstva 2011 &#8211; z Budat\u00edna do Byt\u010de","datePublished":"2011-06-16T12:12:46+00:00","mainEntityOfPage":{"@id":"https:\/\/pmza.sk\/?p=3101"},"wordCount":460,"publisher":{"@id":"https:\/\/pmza.sk\/#organization"},"image":{"@id":"https:\/\/pmza.sk\/?p=3101#primaryimage"},"thumbnailUrl":"https:\/\/pmza.sk.sk\/wp-content\/uploads\/2011\/06\/Festival-drotarstva-2010-300x200.jpg","articleSection":["Arch\u00edv 2011"],"inLanguage":"sk-SK"},{"@type":"WebPage","@id":"https:\/\/pmza.sk\/?p=3101","url":"https:\/\/pmza.sk\/?p=3101","name":"Festival drot\u00e1rstva 2011 - z Budat\u00edna do Byt\u010de - Pova\u017esk\u00e9 m\u00fazeum","isPartOf":{"@id":"https:\/\/pmza.sk\/#website"},"primaryImageOfPage":{"@id":"https:\/\/pmza.sk\/?p=3101#primaryimage"},"image":{"@id":"https:\/\/pmza.sk\/?p=3101#primaryimage"},"thumbnailUrl":"https:\/\/pmza.sk.sk\/wp-content\/uploads\/2011\/06\/Festival-drotarstva-2010-300x200.jpg","datePublished":"2011-06-16T12:12:46+00:00","breadcrumb":{"@id":"https:\/\/pmza.sk\/?p=3101#breadcrumb"},"inLanguage":"sk-SK","potentialAction":[{"@type":"ReadAction","target":["https:\/\/pmza.sk\/?p=3101"]}]},{"@type":"ImageObject","inLanguage":"sk-SK","@id":"https:\/\/pmza.sk\/?p=3101#primaryimage","url":"https:\/\/pmza.sk.sk\/wp-content\/uploads\/2011\/06\/Festival-drotarstva-2010-300x200.jpg","contentUrl":"https:\/\/pmza.sk.sk\/wp-content\/uploads\/2011\/06\/Festival-drotarstva-2010-300x200.jpg"},{"@type":"BreadcrumbList","@id":"https:\/\/pmza.sk\/?p=3101#breadcrumb","itemListElement":[{"@type":"ListItem","position":1,"name":"Domovsk\u00e1 str\u00e1nka","item":"https:\/\/pmza.sk\/"},{"@type":"ListItem","position":2,"name":"Festival drot\u00e1rstva 2011 &#8211; z Budat\u00edna do Byt\u010de"}]},{"@type":"WebSite","@id":"https:\/\/pmza.sk\/#website","url":"https:\/\/pmza.sk\/","name":"Pova\u017esk\u00e9 m\u00fazeum","description":"Pova\u017esk\u00e9 m\u00fazeum v \u017diline je region\u00e1lne m\u00fazeum so s\u00eddlom v Budat\u00edne. Jeho expoz\u00edcie s\u00fa zameran\u00e9 na dejiny slovensk\u00e9ho umenia, kult\u00fary a dopravy.","publisher":{"@id":"https:\/\/pmza.sk\/#organization"},"potentialAction":[{"@type":"SearchAction","target":{"@type":"EntryPoint","urlTemplate":"https:\/\/pmza.sk\/?s={search_term_string}"},"query-input":{"@type":"PropertyValueSpecification","valueRequired":true,"valueName":"search_term_string"}}],"inLanguage":"sk-SK"},{"@type":"Organization","@id":"https:\/\/pmza.sk\/#organization","name":"Pova\u017esk\u00e9 m\u00fazeum","url":"https:\/\/pmza.sk\/","logo":{"@type":"ImageObject","inLanguage":"sk-SK","@id":"https:\/\/pmza.sk\/#\/schema\/logo\/image\/","url":"https:\/\/pmza.sk\/wp-content\/uploads\/2022\/01\/logo_PM_horizontal.jpg","contentUrl":"https:\/\/pmza.sk\/wp-content\/uploads\/2022\/01\/logo_PM_horizontal.jpg","width":231,"height":142,"caption":"Pova\u017esk\u00e9 m\u00fazeum"},"image":{"@id":"https:\/\/pmza.sk\/#\/schema\/logo\/image\/"},"sameAs":["https:\/\/www.facebook.com\/povazskemuzeum","https:\/\/www.instagram.com\/povazskemuzeum\/"]},{"@type":"Person","@id":"https:\/\/pmza.sk\/#\/schema\/person\/f0b923a9aa8e1f67feef0d7cd9afde35","name":"libor","image":{"@type":"ImageObject","inLanguage":"sk-SK","@id":"https:\/\/secure.gravatar.com\/avatar\/c583dbc698e594aacced1589eb8cf1673bd41d461e8b2ab635484ffc26fee7b0?s=96&d=mm&r=g","url":"https:\/\/secure.gravatar.com\/avatar\/c583dbc698e594aacced1589eb8cf1673bd41d461e8b2ab635484ffc26fee7b0?s=96&d=mm&r=g","contentUrl":"https:\/\/secure.gravatar.com\/avatar\/c583dbc698e594aacced1589eb8cf1673bd41d461e8b2ab635484ffc26fee7b0?s=96&d=mm&r=g","caption":"libor"}}]}},"_links":{"self":[{"href":"https:\/\/pmza.sk\/index.php?rest_route=\/wp\/v2\/posts\/3101","targetHints":{"allow":["GET"]}}],"collection":[{"href":"https:\/\/pmza.sk\/index.php?rest_route=\/wp\/v2\/posts"}],"about":[{"href":"https:\/\/pmza.sk\/index.php?rest_route=\/wp\/v2\/types\/post"}],"author":[{"embeddable":true,"href":"https:\/\/pmza.sk\/index.php?rest_route=\/wp\/v2\/users\/1"}],"replies":[{"embeddable":true,"href":"https:\/\/pmza.sk\/index.php?rest_route=%2Fwp%2Fv2%2Fcomments&post=3101"}],"version-history":[{"count":0,"href":"https:\/\/pmza.sk\/index.php?rest_route=\/wp\/v2\/posts\/3101\/revisions"}],"wp:attachment":[{"href":"https:\/\/pmza.sk\/index.php?rest_route=%2Fwp%2Fv2%2Fmedia&parent=3101"}],"wp:term":[{"taxonomy":"category","embeddable":true,"href":"https:\/\/pmza.sk\/index.php?rest_route=%2Fwp%2Fv2%2Fcategories&post=3101"},{"taxonomy":"post_tag","embeddable":true,"href":"https:\/\/pmza.sk\/index.php?rest_route=%2Fwp%2Fv2%2Ftags&post=3101"}],"curies":[{"name":"wp","href":"https:\/\/api.w.org\/{rel}","templated":true}]}}