{"id":31190,"date":"2018-12-19T09:10:15","date_gmt":"2018-12-19T08:10:15","guid":{"rendered":"https:\/\/pmza.sk\/?p=31190"},"modified":"2018-12-19T09:10:15","modified_gmt":"2018-12-19T08:10:15","slug":"muza-nove-cislo-elektronickeho-casopisu","status":"publish","type":"post","link":"https:\/\/pmza.sk\/?p=31190","title":{"rendered":"M\u00daZA &#8211; nov\u00e9 \u010d\u00edslo elektronick\u00e9ho \u010dasopisu"},"content":{"rendered":"<p>Pova\u017esk\u00e9 m\u00fazeum v\u00a0\u017diline pre V\u00e1s pripravilo \u010fal\u0161ie \u010d\u00edslo elektronick\u00e9ho \u010dasopisu M\u00daZA. Jeho hlavnou t\u00e9mou je vznik \u010ceskoslovenska, ktor\u00e9ho st\u00e9 v\u00fdro\u010die sme si pripom\u00ednali v\u00a0celom tomto, u\u017e kon\u010diacom, roku 2018. Pr\u00edspevky, ktor\u00e9 v\u00a0M\u00faze n\u00e1jdete, odkazuj\u00fa na kr\u00e1tke dejiny \u010ceskoslovenskej republiky, ale s\u00fa taktie\u017e d\u00f4kazom pretrv\u00e1vaj\u00facej spolupatri\u010dnosti medzi, dnes u\u017e samostatn\u00fdmi \u0161t\u00e1tmi, \u010ceskou a\u00a0Slovenskou republikou. Po \u00favodn\u00fdch riadkoch z\u00a0pera riadite\u013ea Pova\u017esk\u00e9ho m\u00fazea sa v\u00a0jednotliv\u00fdch pr\u00edspevkoch do\u010d\u00edtate napr\u00edklad o\u00a0vzniku \u010ceskoslovenska a\u00a0o\u00a0ministerstve s\u00a0plnou mocou pre spr\u00e1vu Slovenska, ktor\u00e9 p\u00f4sobilo v\u00a0\u017diline. Tu sprostredkovane n\u00e1jdete aj autentick\u00fd text Vavra \u0160rob\u00e1ra o\u00a0Slovenskej vl\u00e1de v\u00a0\u017diline. Dozviete sa aj o\u00a0mimoriadnej n\u00e1rodopisnej \u010deskoslovanskej v\u00fdstave, ktor\u00e1 sa uskuto\u010dnila v\u00a0Prahe a\u00a0mala ve\u013ek\u00fd ohlas. Zauj\u00edmavou t\u00e9mou je poh\u013ead na \u017eelezni\u010dn\u00e9 stanice\u00a0\u017dilina a\u00a0Nov\u00e1 \u017dilina v\u00a0\u010dase vzniku \u010ceskoslovenskej republiky. Samostatn\u00fd pr\u00edspevok je venovan\u00fd\u00a0priebehu n\u00e1v\u0161tevy prezidenta Edvarda Bene\u0161a v\u00a0\u017diline, ale aj\u00a0po\u010diatkom archeol\u00f3gie na Slovensku v\u00a0medzivojnovom obdob\u00ed. Niektor\u00e9 \u010fal\u0161ie z\u00a0mnoh\u00fdch pr\u00edspevkov hovoria nielen o drot\u00e1roch a\u00a0ich vz\u00e1jomn\u00fdch \u010desko-slovensk\u00fdch vz\u0165ahoch, ale aj o drot\u00e1rskej koledn\u00edckej trad\u00edcii v\u00a0\u010cech\u00e1ch. Taktie\u017e Bo\u017eena N\u011bmcov\u00e1 vo svojom diele p\u00edsala o\u00a0drot\u00e1roch, \u010d\u00edm sa zaober\u00e1 \u010fal\u0161\u00ed z\u00a0radu pr\u00edspevkov. Nasleduj\u00face strany V\u00e1s prenes\u00fa do oblasti pr\u00edrodn\u00fdch vied, kde sa dozviete viac o\u00a0historick\u00fdch botanick\u00fdch zberoch v\u00a0okol\u00ed \u017diliny v\u00a0rokoch 1933 \u2013 1940, ktor\u00e9 s\u00fa s\u00fa\u010das\u0165ou zbierok Ostravsk\u00e9ho m\u00fazea a\u00a0takisto o\u00a0na\u0161ich zoologick\u00fdch zbierkach v\u00a0\u010deskoslovensk\u00fdch kompendi\u00e1ch. V\u00a0aktu\u00e1lnej M\u00faze je pozornos\u0165 venovan\u00e1 aj osobe Juraja J\u00e1no\u0161\u00edka, no v\u00a0jednom z\u00a0mnoh\u00fdch pr\u00edspevkov budete ma\u0165 taktie\u017e mo\u017enos\u0165 dozvedie\u0165 sa viac o\u00a0po\u010diatkoch autobusovej dopravy a\u00a0prv\u00fdch autobusoch v\u00a0okol\u00ed \u017diliny.<\/p>\n<p>\u010eal\u0161ie pr\u00edspevky s\u00fa venovan\u00e9 postupn\u00e9mu rozvoju Pova\u017esk\u00e9ho m\u00fazea. Do\u010d\u00edtate sa nielen o vzniku a\u00a0budovan\u00ed odbornej kni\u017enice m\u00fazea, ale aj o\u00a0niektor\u00fdch s\u00fa\u010dasn\u00fdch aktivit\u00e1ch m\u00fazea, ktor\u00fdch cie\u013eom je zv\u00fd\u0161enie ochrany zbierkov\u00fdch fondov v\u00a0depozit\u00e1roch a\u00a0expoz\u00edci\u00e1ch a\u00a0neodmyslite\u013en\u00e9 z\u00edskavanie nov\u00fdch akviz\u00edci\u00ed, u\u017e aj prezentovan\u00fdch verejnosti v\u00a0priestoroch Budat\u00ednskeho hradu.<\/p>\n<p>O pretrv\u00e1vaj\u00facich dobr\u00fdch vz\u00e1jomn\u00fdch vz\u0165ahoch \u010cechov a\u00a0Slov\u00e1kov vypovedaj\u00fa pr\u00edspevky o\u00a0vzniku novej \u010desko-slovenskej monografie o\u00a0hradoch Hukvaldy a\u00a0Budat\u00edn, \u010dl\u00e1nok o\u00a0v\u00fdstave Drot\u00e1rov rok, ale aj pr\u00edspevok o\u00a0nakr\u00facan\u00ed \u010desko-slovenskej rozpr\u00e1vky \u201eKe\u010f draka bol\u00ed hlava\u201c v\u00a0priestoroch Budat\u00ednskeho hradu. V\u00a0z\u00e1vere \u010d\u00edsla sa dozviete viac aj o\u00a0podujat\u00ed s\u00a0n\u00e1zvom Ke\u010f sa stavia z\u00a0dr\u00f4tu, ktor\u00e1 bola s\u00fa\u010das\u0165ou 27. ro\u010dn\u00edka Stretnutia drot\u00e1rskych majstrov na p\u00f4de Budat\u00ednskeho hradu.<\/p>\n<p>Autori jednotliv\u00fdch pr\u00edspevkov ako aj redak\u010dn\u00e1 rada veria, \u017ee nov\u00e9 \u010d\u00edslo elektronick\u00e9ho \u010dasopisu M\u00faza si n\u00e1jde svojich spokojn\u00fdch \u010ditate\u013eov.<\/p>\n<p>Link na \u010daspis:\u00a0<a href=\"https:\/\/pmza.sk\/muza-2-2018-3\/\">https:\/\/pmza.sk\/muza-2-2018-3\/<\/a><\/p>\n<p>Zuzana Stanekov\u00e1<\/p>\n<p><figure id=\"attachment_31192\" aria-describedby=\"caption-attachment-31192\" style=\"width: 475px\" class=\"wp-caption alignleft\"><img fetchpriority=\"high\" decoding=\"async\" class=\"wp-image-31192\" src=\"https:\/\/pmza.sk\/wp-content\/uploads\/2018\/12\/akviz\u00edcie-475x300.jpg\" alt=\"\" width=\"475\" height=\"300\" \/><figcaption id=\"caption-attachment-31192\" class=\"wp-caption-text\">Nov\u00e9 akviz\u00edcie v Budat\u00ednskom hrade<\/figcaption><\/figure><figure id=\"attachment_31194\" aria-describedby=\"caption-attachment-31194\" style=\"width: 475px\" class=\"wp-caption alignleft\"><img decoding=\"async\" class=\"wp-image-31194 size-thumbnail\" src=\"https:\/\/pmza.sk\/wp-content\/uploads\/2018\/12\/autobus-475x300.jpg\" alt=\"\" width=\"475\" height=\"300\" \/><figcaption id=\"caption-attachment-31194\" class=\"wp-caption-text\">Star\u00e1 autobusov\u00e1 doprava v \u017diline<\/figcaption><\/figure><figure id=\"attachment_31195\" aria-describedby=\"caption-attachment-31195\" style=\"width: 475px\" class=\"wp-caption alignleft\"><img decoding=\"async\" class=\"wp-image-31195 size-thumbnail\" src=\"https:\/\/pmza.sk\/wp-content\/uploads\/2018\/12\/Bene\u0161-475x300.jpg\" alt=\"\" width=\"475\" height=\"300\" \/><figcaption id=\"caption-attachment-31195\" class=\"wp-caption-text\">Edvard Bene\u0161<\/figcaption><\/figure><figure id=\"attachment_31196\" aria-describedby=\"caption-attachment-31196\" style=\"width: 475px\" class=\"wp-caption alignleft\"><img loading=\"lazy\" decoding=\"async\" class=\"wp-image-31196 size-thumbnail\" src=\"https:\/\/pmza.sk\/wp-content\/uploads\/2018\/12\/bene\u0161ova-n\u00e1v\u0161teva-475x300.jpg\" alt=\"\" width=\"475\" height=\"300\" \/><figcaption id=\"caption-attachment-31196\" class=\"wp-caption-text\">Bene\u0161ova n\u00e1v\u0161teva v \u017diline<\/figcaption><\/figure><figure id=\"attachment_31197\" aria-describedby=\"caption-attachment-31197\" style=\"width: 475px\" class=\"wp-caption alignleft\"><img loading=\"lazy\" decoding=\"async\" class=\"wp-image-31197 size-thumbnail\" src=\"https:\/\/pmza.sk\/wp-content\/uploads\/2018\/12\/drot\u00e1r-G\u00e1lik-475x300.jpg\" alt=\"\" width=\"475\" height=\"300\" \/><figcaption id=\"caption-attachment-31197\" class=\"wp-caption-text\">Drot\u00e1r G\u00e1lik<\/figcaption><\/figure><figure id=\"attachment_31198\" aria-describedby=\"caption-attachment-31198\" style=\"width: 475px\" class=\"wp-caption alignleft\"><img loading=\"lazy\" decoding=\"async\" class=\"wp-image-31198 size-thumbnail\" src=\"https:\/\/pmza.sk\/wp-content\/uploads\/2018\/12\/Du\u0161an-Rapo\u0161-475x300.jpg\" alt=\"\" width=\"475\" height=\"300\" \/><figcaption id=\"caption-attachment-31198\" class=\"wp-caption-text\">Re\u017eis\u00e9r Rapo\u0161 na Budat\u00ednskom hrade<\/figcaption><\/figure><figure id=\"attachment_31199\" aria-describedby=\"caption-attachment-31199\" style=\"width: 475px\" class=\"wp-caption alignleft\"><img loading=\"lazy\" decoding=\"async\" class=\"wp-image-31199 size-thumbnail\" src=\"https:\/\/pmza.sk\/wp-content\/uploads\/2018\/12\/koledn\u00edci-475x300.jpg\" alt=\"\" width=\"475\" height=\"300\" \/><figcaption id=\"caption-attachment-31199\" class=\"wp-caption-text\">Koledn\u00edci<\/figcaption><\/figure><figure id=\"attachment_31200\" aria-describedby=\"caption-attachment-31200\" style=\"width: 475px\" class=\"wp-caption alignleft\"><img loading=\"lazy\" decoding=\"async\" class=\"wp-image-31200 size-thumbnail\" src=\"https:\/\/pmza.sk\/wp-content\/uploads\/2018\/12\/kr\u00e1\u013eovn\u00e1-kr\u00e1\u013e-a-princ-475x300.jpg\" alt=\"\" width=\"475\" height=\"300\" \/><figcaption id=\"caption-attachment-31200\" class=\"wp-caption-text\">Kr\u00e1\u013eovn\u00e1, kr\u00e1\u013e a princ &#8211; nat\u00e1\u010danie rozpr\u00e1vky Ke\u010f draka bol\u00ed hlava<\/figcaption><\/figure><figure id=\"attachment_31201\" aria-describedby=\"caption-attachment-31201\" style=\"width: 475px\" class=\"wp-caption alignleft\"><img loading=\"lazy\" decoding=\"async\" class=\"wp-image-31201 size-thumbnail\" src=\"https:\/\/pmza.sk\/wp-content\/uploads\/2018\/12\/n\u00e1rodopisn\u00e1-v\u00fdstava-475x300.jpg\" alt=\"\" width=\"475\" height=\"300\" \/><figcaption id=\"caption-attachment-31201\" class=\"wp-caption-text\">N\u00e1rodopisn\u00e1 v\u00fdstava<\/figcaption><\/figure><figure id=\"attachment_31202\" aria-describedby=\"caption-attachment-31202\" style=\"width: 475px\" class=\"wp-caption alignleft\"><img loading=\"lazy\" decoding=\"async\" class=\"wp-image-31202 size-thumbnail\" src=\"https:\/\/pmza.sk\/wp-content\/uploads\/2018\/12\/obr_4-475x300.jpg\" alt=\"\" width=\"475\" height=\"300\" \/><figcaption id=\"caption-attachment-31202\" class=\"wp-caption-text\">Drot\u00e1rska expoz\u00edcia<\/figcaption><\/figure><figure id=\"attachment_31203\" aria-describedby=\"caption-attachment-31203\" style=\"width: 475px\" class=\"wp-caption alignleft\"><img loading=\"lazy\" decoding=\"async\" class=\"wp-image-31203 size-thumbnail\" src=\"https:\/\/pmza.sk\/wp-content\/uploads\/2018\/12\/pohorsk\u00e1-vesnice_B_Nemcov\u00e1-475x300.jpg\" alt=\"\" width=\"475\" height=\"300\" \/><figcaption id=\"caption-attachment-31203\" class=\"wp-caption-text\">Pohronsk\u00e1 vesnice<\/figcaption><\/figure><figure id=\"attachment_31204\" aria-describedby=\"caption-attachment-31204\" style=\"width: 475px\" class=\"wp-caption alignleft\"><img loading=\"lazy\" decoding=\"async\" class=\"wp-image-31204 size-thumbnail\" src=\"https:\/\/pmza.sk\/wp-content\/uploads\/2018\/12\/stretnutie-drot\u00e1rskych-majstrov-475x300.jpg\" alt=\"\" width=\"475\" height=\"300\" \/><figcaption id=\"caption-attachment-31204\" class=\"wp-caption-text\">Stretnutie drot\u00e1rskych majstrov<\/figcaption><\/figure><figure id=\"attachment_31205\" aria-describedby=\"caption-attachment-31205\" style=\"width: 475px\" class=\"wp-caption alignleft\"><img loading=\"lazy\" decoding=\"async\" class=\"wp-image-31205 size-thumbnail\" src=\"https:\/\/pmza.sk\/wp-content\/uploads\/2018\/12\/\u017eelezni\u010dn\u00e9-stanice-475x300.jpg\" alt=\"\" width=\"475\" height=\"300\" \/><figcaption id=\"caption-attachment-31205\" class=\"wp-caption-text\">\u017delezni\u010dn\u00e1 stanica<\/figcaption><\/figure><figure id=\"attachment_31206\" aria-describedby=\"caption-attachment-31206\" style=\"width: 475px\" class=\"wp-caption alignleft\"><img loading=\"lazy\" decoding=\"async\" class=\"wp-image-31206 size-thumbnail\" src=\"https:\/\/pmza.sk\/wp-content\/uploads\/2018\/12\/\u017dilinavyzdoben\u00e1-stanica-475x300.jpg\" alt=\"\" width=\"475\" height=\"300\" \/><figcaption id=\"caption-attachment-31206\" class=\"wp-caption-text\">Vyzdoben\u00e1 \u017eelezni\u010dn\u00e1 stanica v \u017diline<\/figcaption><\/figure><\/p>\n","protected":false},"excerpt":{"rendered":"<p>Pova\u017esk\u00e9 m\u00fazeum v\u00a0\u017diline pre V\u00e1s pripravilo \u010fal\u0161ie \u010d\u00edslo elektronick\u00e9ho \u010dasopisu M\u00daZA. Jeho hlavnou t\u00e9mou je vznik \u010ceskoslovenska, ktor\u00e9ho st\u00e9 v\u00fdro\u010die sme si pripom\u00ednali v\u00a0celom tomto, u\u017e kon\u010diacom, roku 2018. Pr\u00edspevky, ktor\u00e9 v\u00a0M\u00faze n\u00e1jdete, odkazuj\u00fa na kr\u00e1tke dejiny \u010ceskoslovenskej republiky, ale s\u00fa taktie\u017e d\u00f4kazom pretrv\u00e1vaj\u00facej spolupatri\u010dnosti medzi, dnes u\u017e samostatn\u00fdmi \u0161t\u00e1tmi, \u010ceskou a\u00a0Slovenskou republikou. Po \u00favodn\u00fdch [&hellip;]<\/p>\n","protected":false},"author":2,"featured_media":31191,"comment_status":"closed","ping_status":"closed","sticky":false,"template":"","format":"standard","meta":{"site-sidebar-layout":"default","site-content-layout":"","ast-site-content-layout":"","site-content-style":"default","site-sidebar-style":"default","ast-global-header-display":"","ast-banner-title-visibility":"","ast-main-header-display":"","ast-hfb-above-header-display":"","ast-hfb-below-header-display":"","ast-hfb-mobile-header-display":"","site-post-title":"","ast-breadcrumbs-content":"","ast-featured-img":"","footer-sml-layout":"","theme-transparent-header-meta":"","adv-header-id-meta":"","stick-header-meta":"","header-above-stick-meta":"","header-main-stick-meta":"","header-below-stick-meta":"","astra-migrate-meta-layouts":"default","ast-page-background-enabled":"default","ast-page-background-meta":{"desktop":{"background-color":"var(--ast-global-color-4)","background-image":"","background-repeat":"repeat","background-position":"center center","background-size":"auto","background-attachment":"scroll","background-type":"","background-media":"","overlay-type":"","overlay-color":"","overlay-opacity":"","overlay-gradient":""},"tablet":{"background-color":"","background-image":"","background-repeat":"repeat","background-position":"center center","background-size":"auto","background-attachment":"scroll","background-type":"","background-media":"","overlay-type":"","overlay-color":"","overlay-opacity":"","overlay-gradient":""},"mobile":{"background-color":"","background-image":"","background-repeat":"repeat","background-position":"center center","background-size":"auto","background-attachment":"scroll","background-type":"","background-media":"","overlay-type":"","overlay-color":"","overlay-opacity":"","overlay-gradient":""}},"ast-content-background-meta":{"desktop":{"background-color":"var(--ast-global-color-5)","background-image":"","background-repeat":"repeat","background-position":"center center","background-size":"auto","background-attachment":"scroll","background-type":"","background-media":"","overlay-type":"","overlay-color":"","overlay-opacity":"","overlay-gradient":""},"tablet":{"background-color":"var(--ast-global-color-5)","background-image":"","background-repeat":"repeat","background-position":"center center","background-size":"auto","background-attachment":"scroll","background-type":"","background-media":"","overlay-type":"","overlay-color":"","overlay-opacity":"","overlay-gradient":""},"mobile":{"background-color":"var(--ast-global-color-5)","background-image":"","background-repeat":"repeat","background-position":"center center","background-size":"auto","background-attachment":"scroll","background-type":"","background-media":"","overlay-type":"","overlay-color":"","overlay-opacity":"","overlay-gradient":""}},"footnotes":""},"categories":[1],"tags":[],"class_list":["post-31190","post","type-post","status-publish","format-standard","has-post-thumbnail","hentry","category-nezaradene"],"yoast_head":"<!-- This site is optimized with the Yoast SEO plugin v27.4 - https:\/\/yoast.com\/product\/yoast-seo-wordpress\/ -->\n<title>M\u00daZA - nov\u00e9 \u010d\u00edslo elektronick\u00e9ho \u010dasopisu - Pova\u017esk\u00e9 m\u00fazeum<\/title>\n<meta name=\"robots\" content=\"index, follow, max-snippet:-1, max-image-preview:large, max-video-preview:-1\" \/>\n<link rel=\"canonical\" href=\"https:\/\/pmza.sk\/?p=31190\" \/>\n<meta property=\"og:locale\" content=\"sk_SK\" \/>\n<meta property=\"og:type\" content=\"article\" \/>\n<meta property=\"og:title\" content=\"M\u00daZA - nov\u00e9 \u010d\u00edslo elektronick\u00e9ho \u010dasopisu - Pova\u017esk\u00e9 m\u00fazeum\" \/>\n<meta property=\"og:description\" content=\"Pova\u017esk\u00e9 m\u00fazeum v\u00a0\u017diline pre V\u00e1s pripravilo \u010fal\u0161ie \u010d\u00edslo elektronick\u00e9ho \u010dasopisu M\u00daZA. Jeho hlavnou t\u00e9mou je vznik \u010ceskoslovenska, ktor\u00e9ho st\u00e9 v\u00fdro\u010die sme si pripom\u00ednali v\u00a0celom tomto, u\u017e kon\u010diacom, roku 2018. Pr\u00edspevky, ktor\u00e9 v\u00a0M\u00faze n\u00e1jdete, odkazuj\u00fa na kr\u00e1tke dejiny \u010ceskoslovenskej republiky, ale s\u00fa taktie\u017e d\u00f4kazom pretrv\u00e1vaj\u00facej spolupatri\u010dnosti medzi, dnes u\u017e samostatn\u00fdmi \u0161t\u00e1tmi, \u010ceskou a\u00a0Slovenskou republikou. Po \u00favodn\u00fdch [&hellip;]\" \/>\n<meta property=\"og:url\" content=\"https:\/\/pmza.sk\/?p=31190\" \/>\n<meta property=\"og:site_name\" content=\"Pova\u017esk\u00e9 m\u00fazeum\" \/>\n<meta property=\"article:publisher\" content=\"https:\/\/www.facebook.com\/povazskemuzeum\" \/>\n<meta property=\"article:published_time\" content=\"2018-12-19T08:10:15+00:00\" \/>\n<meta name=\"author\" content=\"Pova\u017esk\u00e9 m\u00fazeum\" \/>\n<meta name=\"twitter:card\" content=\"summary_large_image\" \/>\n<meta name=\"twitter:label1\" content=\"Autor\" \/>\n\t<meta name=\"twitter:data1\" content=\"Pova\u017esk\u00e9 m\u00fazeum\" \/>\n\t<meta name=\"twitter:label2\" content=\"Predpokladan\u00fd \u010das \u010d\u00edtania\" \/>\n\t<meta name=\"twitter:data2\" content=\"4 min\u00faty\" \/>\n<script type=\"application\/ld+json\" class=\"yoast-schema-graph\">{\"@context\":\"https:\\\/\\\/schema.org\",\"@graph\":[{\"@type\":\"Article\",\"@id\":\"https:\\\/\\\/pmza.sk\\\/?p=31190#article\",\"isPartOf\":{\"@id\":\"https:\\\/\\\/pmza.sk\\\/?p=31190\"},\"author\":{\"name\":\"Pova\u017esk\u00e9 m\u00fazeum\",\"@id\":\"https:\\\/\\\/pmza.sk\\\/#\\\/schema\\\/person\\\/595e6a2ce731ea94dcd5d7f50a41ae33\"},\"headline\":\"M\u00daZA &#8211; nov\u00e9 \u010d\u00edslo elektronick\u00e9ho \u010dasopisu\",\"datePublished\":\"2018-12-19T08:10:15+00:00\",\"mainEntityOfPage\":{\"@id\":\"https:\\\/\\\/pmza.sk\\\/?p=31190\"},\"wordCount\":734,\"publisher\":{\"@id\":\"https:\\\/\\\/pmza.sk\\\/#organization\"},\"image\":{\"@id\":\"https:\\\/\\\/pmza.sk\\\/?p=31190#primaryimage\"},\"thumbnailUrl\":\"\",\"inLanguage\":\"sk-SK\"},{\"@type\":\"WebPage\",\"@id\":\"https:\\\/\\\/pmza.sk\\\/?p=31190\",\"url\":\"https:\\\/\\\/pmza.sk\\\/?p=31190\",\"name\":\"M\u00daZA - nov\u00e9 \u010d\u00edslo elektronick\u00e9ho \u010dasopisu - Pova\u017esk\u00e9 m\u00fazeum\",\"isPartOf\":{\"@id\":\"https:\\\/\\\/pmza.sk\\\/#website\"},\"primaryImageOfPage\":{\"@id\":\"https:\\\/\\\/pmza.sk\\\/?p=31190#primaryimage\"},\"image\":{\"@id\":\"https:\\\/\\\/pmza.sk\\\/?p=31190#primaryimage\"},\"thumbnailUrl\":\"\",\"datePublished\":\"2018-12-19T08:10:15+00:00\",\"breadcrumb\":{\"@id\":\"https:\\\/\\\/pmza.sk\\\/?p=31190#breadcrumb\"},\"inLanguage\":\"sk-SK\",\"potentialAction\":[{\"@type\":\"ReadAction\",\"target\":[\"https:\\\/\\\/pmza.sk\\\/?p=31190\"]}]},{\"@type\":\"ImageObject\",\"inLanguage\":\"sk-SK\",\"@id\":\"https:\\\/\\\/pmza.sk\\\/?p=31190#primaryimage\",\"url\":\"\",\"contentUrl\":\"\"},{\"@type\":\"BreadcrumbList\",\"@id\":\"https:\\\/\\\/pmza.sk\\\/?p=31190#breadcrumb\",\"itemListElement\":[{\"@type\":\"ListItem\",\"position\":1,\"name\":\"Domovsk\u00e1 str\u00e1nka\",\"item\":\"https:\\\/\\\/pmza.sk\\\/\"},{\"@type\":\"ListItem\",\"position\":2,\"name\":\"M\u00daZA &#8211; nov\u00e9 \u010d\u00edslo elektronick\u00e9ho \u010dasopisu\"}]},{\"@type\":\"WebSite\",\"@id\":\"https:\\\/\\\/pmza.sk\\\/#website\",\"url\":\"https:\\\/\\\/pmza.sk\\\/\",\"name\":\"Pova\u017esk\u00e9 m\u00fazeum\",\"description\":\"Pova\u017esk\u00e9 m\u00fazeum v \u017diline je region\u00e1lne m\u00fazeum so s\u00eddlom v Budat\u00edne. Jeho expoz\u00edcie s\u00fa zameran\u00e9 na dejiny slovensk\u00e9ho umenia, kult\u00fary a dopravy.\",\"publisher\":{\"@id\":\"https:\\\/\\\/pmza.sk\\\/#organization\"},\"potentialAction\":[{\"@type\":\"SearchAction\",\"target\":{\"@type\":\"EntryPoint\",\"urlTemplate\":\"https:\\\/\\\/pmza.sk\\\/?s={search_term_string}\"},\"query-input\":{\"@type\":\"PropertyValueSpecification\",\"valueRequired\":true,\"valueName\":\"search_term_string\"}}],\"inLanguage\":\"sk-SK\"},{\"@type\":\"Organization\",\"@id\":\"https:\\\/\\\/pmza.sk\\\/#organization\",\"name\":\"Pova\u017esk\u00e9 m\u00fazeum\",\"url\":\"https:\\\/\\\/pmza.sk\\\/\",\"logo\":{\"@type\":\"ImageObject\",\"inLanguage\":\"sk-SK\",\"@id\":\"https:\\\/\\\/pmza.sk\\\/#\\\/schema\\\/logo\\\/image\\\/\",\"url\":\"https:\\\/\\\/pmza.sk\\\/wp-content\\\/uploads\\\/2022\\\/01\\\/logo_PM_horizontal.jpg\",\"contentUrl\":\"https:\\\/\\\/pmza.sk\\\/wp-content\\\/uploads\\\/2022\\\/01\\\/logo_PM_horizontal.jpg\",\"width\":231,\"height\":142,\"caption\":\"Pova\u017esk\u00e9 m\u00fazeum\"},\"image\":{\"@id\":\"https:\\\/\\\/pmza.sk\\\/#\\\/schema\\\/logo\\\/image\\\/\"},\"sameAs\":[\"https:\\\/\\\/www.facebook.com\\\/povazskemuzeum\",\"https:\\\/\\\/www.instagram.com\\\/povazskemuzeum\\\/\"]},{\"@type\":\"Person\",\"@id\":\"https:\\\/\\\/pmza.sk\\\/#\\\/schema\\\/person\\\/595e6a2ce731ea94dcd5d7f50a41ae33\",\"name\":\"Pova\u017esk\u00e9 m\u00fazeum\",\"image\":{\"@type\":\"ImageObject\",\"inLanguage\":\"sk-SK\",\"@id\":\"https:\\\/\\\/secure.gravatar.com\\\/avatar\\\/2bb7f1561282132fb5826dfeccc66c7996d11ee392ac6aaf7ced8a1c2027fbb2?s=96&d=mm&r=g\",\"url\":\"https:\\\/\\\/secure.gravatar.com\\\/avatar\\\/2bb7f1561282132fb5826dfeccc66c7996d11ee392ac6aaf7ced8a1c2027fbb2?s=96&d=mm&r=g\",\"contentUrl\":\"https:\\\/\\\/secure.gravatar.com\\\/avatar\\\/2bb7f1561282132fb5826dfeccc66c7996d11ee392ac6aaf7ced8a1c2027fbb2?s=96&d=mm&r=g\",\"caption\":\"Pova\u017esk\u00e9 m\u00fazeum\"}}]}<\/script>\n<!-- \/ Yoast SEO plugin. -->","yoast_head_json":{"title":"M\u00daZA - nov\u00e9 \u010d\u00edslo elektronick\u00e9ho \u010dasopisu - Pova\u017esk\u00e9 m\u00fazeum","robots":{"index":"index","follow":"follow","max-snippet":"max-snippet:-1","max-image-preview":"max-image-preview:large","max-video-preview":"max-video-preview:-1"},"canonical":"https:\/\/pmza.sk\/?p=31190","og_locale":"sk_SK","og_type":"article","og_title":"M\u00daZA - nov\u00e9 \u010d\u00edslo elektronick\u00e9ho \u010dasopisu - Pova\u017esk\u00e9 m\u00fazeum","og_description":"Pova\u017esk\u00e9 m\u00fazeum v\u00a0\u017diline pre V\u00e1s pripravilo \u010fal\u0161ie \u010d\u00edslo elektronick\u00e9ho \u010dasopisu M\u00daZA. Jeho hlavnou t\u00e9mou je vznik \u010ceskoslovenska, ktor\u00e9ho st\u00e9 v\u00fdro\u010die sme si pripom\u00ednali v\u00a0celom tomto, u\u017e kon\u010diacom, roku 2018. Pr\u00edspevky, ktor\u00e9 v\u00a0M\u00faze n\u00e1jdete, odkazuj\u00fa na kr\u00e1tke dejiny \u010ceskoslovenskej republiky, ale s\u00fa taktie\u017e d\u00f4kazom pretrv\u00e1vaj\u00facej spolupatri\u010dnosti medzi, dnes u\u017e samostatn\u00fdmi \u0161t\u00e1tmi, \u010ceskou a\u00a0Slovenskou republikou. Po \u00favodn\u00fdch [&hellip;]","og_url":"https:\/\/pmza.sk\/?p=31190","og_site_name":"Pova\u017esk\u00e9 m\u00fazeum","article_publisher":"https:\/\/www.facebook.com\/povazskemuzeum","article_published_time":"2018-12-19T08:10:15+00:00","author":"Pova\u017esk\u00e9 m\u00fazeum","twitter_card":"summary_large_image","twitter_misc":{"Autor":"Pova\u017esk\u00e9 m\u00fazeum","Predpokladan\u00fd \u010das \u010d\u00edtania":"4 min\u00faty"},"schema":{"@context":"https:\/\/schema.org","@graph":[{"@type":"Article","@id":"https:\/\/pmza.sk\/?p=31190#article","isPartOf":{"@id":"https:\/\/pmza.sk\/?p=31190"},"author":{"name":"Pova\u017esk\u00e9 m\u00fazeum","@id":"https:\/\/pmza.sk\/#\/schema\/person\/595e6a2ce731ea94dcd5d7f50a41ae33"},"headline":"M\u00daZA &#8211; nov\u00e9 \u010d\u00edslo elektronick\u00e9ho \u010dasopisu","datePublished":"2018-12-19T08:10:15+00:00","mainEntityOfPage":{"@id":"https:\/\/pmza.sk\/?p=31190"},"wordCount":734,"publisher":{"@id":"https:\/\/pmza.sk\/#organization"},"image":{"@id":"https:\/\/pmza.sk\/?p=31190#primaryimage"},"thumbnailUrl":"","inLanguage":"sk-SK"},{"@type":"WebPage","@id":"https:\/\/pmza.sk\/?p=31190","url":"https:\/\/pmza.sk\/?p=31190","name":"M\u00daZA - nov\u00e9 \u010d\u00edslo elektronick\u00e9ho \u010dasopisu - Pova\u017esk\u00e9 m\u00fazeum","isPartOf":{"@id":"https:\/\/pmza.sk\/#website"},"primaryImageOfPage":{"@id":"https:\/\/pmza.sk\/?p=31190#primaryimage"},"image":{"@id":"https:\/\/pmza.sk\/?p=31190#primaryimage"},"thumbnailUrl":"","datePublished":"2018-12-19T08:10:15+00:00","breadcrumb":{"@id":"https:\/\/pmza.sk\/?p=31190#breadcrumb"},"inLanguage":"sk-SK","potentialAction":[{"@type":"ReadAction","target":["https:\/\/pmza.sk\/?p=31190"]}]},{"@type":"ImageObject","inLanguage":"sk-SK","@id":"https:\/\/pmza.sk\/?p=31190#primaryimage","url":"","contentUrl":""},{"@type":"BreadcrumbList","@id":"https:\/\/pmza.sk\/?p=31190#breadcrumb","itemListElement":[{"@type":"ListItem","position":1,"name":"Domovsk\u00e1 str\u00e1nka","item":"https:\/\/pmza.sk\/"},{"@type":"ListItem","position":2,"name":"M\u00daZA &#8211; nov\u00e9 \u010d\u00edslo elektronick\u00e9ho \u010dasopisu"}]},{"@type":"WebSite","@id":"https:\/\/pmza.sk\/#website","url":"https:\/\/pmza.sk\/","name":"Pova\u017esk\u00e9 m\u00fazeum","description":"Pova\u017esk\u00e9 m\u00fazeum v \u017diline je region\u00e1lne m\u00fazeum so s\u00eddlom v Budat\u00edne. Jeho expoz\u00edcie s\u00fa zameran\u00e9 na dejiny slovensk\u00e9ho umenia, kult\u00fary a dopravy.","publisher":{"@id":"https:\/\/pmza.sk\/#organization"},"potentialAction":[{"@type":"SearchAction","target":{"@type":"EntryPoint","urlTemplate":"https:\/\/pmza.sk\/?s={search_term_string}"},"query-input":{"@type":"PropertyValueSpecification","valueRequired":true,"valueName":"search_term_string"}}],"inLanguage":"sk-SK"},{"@type":"Organization","@id":"https:\/\/pmza.sk\/#organization","name":"Pova\u017esk\u00e9 m\u00fazeum","url":"https:\/\/pmza.sk\/","logo":{"@type":"ImageObject","inLanguage":"sk-SK","@id":"https:\/\/pmza.sk\/#\/schema\/logo\/image\/","url":"https:\/\/pmza.sk\/wp-content\/uploads\/2022\/01\/logo_PM_horizontal.jpg","contentUrl":"https:\/\/pmza.sk\/wp-content\/uploads\/2022\/01\/logo_PM_horizontal.jpg","width":231,"height":142,"caption":"Pova\u017esk\u00e9 m\u00fazeum"},"image":{"@id":"https:\/\/pmza.sk\/#\/schema\/logo\/image\/"},"sameAs":["https:\/\/www.facebook.com\/povazskemuzeum","https:\/\/www.instagram.com\/povazskemuzeum\/"]},{"@type":"Person","@id":"https:\/\/pmza.sk\/#\/schema\/person\/595e6a2ce731ea94dcd5d7f50a41ae33","name":"Pova\u017esk\u00e9 m\u00fazeum","image":{"@type":"ImageObject","inLanguage":"sk-SK","@id":"https:\/\/secure.gravatar.com\/avatar\/2bb7f1561282132fb5826dfeccc66c7996d11ee392ac6aaf7ced8a1c2027fbb2?s=96&d=mm&r=g","url":"https:\/\/secure.gravatar.com\/avatar\/2bb7f1561282132fb5826dfeccc66c7996d11ee392ac6aaf7ced8a1c2027fbb2?s=96&d=mm&r=g","contentUrl":"https:\/\/secure.gravatar.com\/avatar\/2bb7f1561282132fb5826dfeccc66c7996d11ee392ac6aaf7ced8a1c2027fbb2?s=96&d=mm&r=g","caption":"Pova\u017esk\u00e9 m\u00fazeum"}}]}},"_links":{"self":[{"href":"https:\/\/pmza.sk\/index.php?rest_route=\/wp\/v2\/posts\/31190","targetHints":{"allow":["GET"]}}],"collection":[{"href":"https:\/\/pmza.sk\/index.php?rest_route=\/wp\/v2\/posts"}],"about":[{"href":"https:\/\/pmza.sk\/index.php?rest_route=\/wp\/v2\/types\/post"}],"author":[{"embeddable":true,"href":"https:\/\/pmza.sk\/index.php?rest_route=\/wp\/v2\/users\/2"}],"replies":[{"embeddable":true,"href":"https:\/\/pmza.sk\/index.php?rest_route=%2Fwp%2Fv2%2Fcomments&post=31190"}],"version-history":[{"count":0,"href":"https:\/\/pmza.sk\/index.php?rest_route=\/wp\/v2\/posts\/31190\/revisions"}],"wp:featuredmedia":[{"embeddable":true,"href":"https:\/\/pmza.sk\/index.php?rest_route=\/"}],"wp:attachment":[{"href":"https:\/\/pmza.sk\/index.php?rest_route=%2Fwp%2Fv2%2Fmedia&parent=31190"}],"wp:term":[{"taxonomy":"category","embeddable":true,"href":"https:\/\/pmza.sk\/index.php?rest_route=%2Fwp%2Fv2%2Fcategories&post=31190"},{"taxonomy":"post_tag","embeddable":true,"href":"https:\/\/pmza.sk\/index.php?rest_route=%2Fwp%2Fv2%2Ftags&post=31190"}],"curies":[{"name":"wp","href":"https:\/\/api.w.org\/{rel}","templated":true}]}}