{"id":31870,"date":"2019-02-13T13:59:55","date_gmt":"2019-02-13T12:59:55","guid":{"rendered":"https:\/\/pmza.sk\/?p=31870"},"modified":"2019-02-13T13:59:55","modified_gmt":"2019-02-13T12:59:55","slug":"komentovana-prehliadka-vystavy-od-alexandra-k-dzingischanovi","status":"publish","type":"post","link":"https:\/\/pmza.sk\/?p=31870","title":{"rendered":"Komentovan\u00e1 prehliadka v\u00fdstavy Od Alexandra k D\u017eingisch\u00e1novi"},"content":{"rendered":"<p>Historik umenia a z\u00e1rove\u0148 autor v\u00fdstavy PhDr. David Majer prostredn\u00edctvom komentovanej prehliadky pribl\u00ed\u017ei atrakt\u00edvnu t\u00e9mu vojensk\u00fdch \u0165a\u017een\u00ed na Hodv\u00e1bnej ceste.\u00a0 T\u00e1to cesta sp\u00e1jala od staroveku Eur\u00f3pu s\u00a0\u010ealek\u00fdm v\u00fdchodom. Jej s\u00fa\u010das\u0165ou boli mnoh\u00e9 v\u00fdznamn\u00e9 aj polozabudnut\u00e9 \u0161t\u00e1ty a\u00a0civiliza\u010dn\u00e9 \u00fatvary.\u00a0 Priebeh Hodv\u00e1bnej cesty bol \u010dasto ovplyv\u0148ovan\u00fd historick\u00fdmi udalos\u0165ami a vojensk\u00fdmi \u0165a\u017eeniami, z\u00a0ktor\u00fdch mnoh\u00e9 sa stali s\u00fa\u010das\u0165ou svetov\u00fdch dej\u00edn. Vojenstvo je zlo\u017eit\u00fdm komplexom, ktor\u00fd zah\u0155\u0148a vojensk\u00fa organiz\u00e1ciu, strat\u00e9giu, taktiku boja, v\u00fdzbroj bojovn\u00edkov a\u00a0mnoh\u00e9 in\u00e9 aspekty. V\u00e4\u010d\u0161ina ko\u010dovn\u00fdch etn\u00edk mala vojsko zlo\u017een\u00e9 z\u00a0dokonal\u00fdch jazdcov, nom\u00e1dsky sp\u00f4sob \u017eivota ich k\u00a0tomu toti\u017e predur\u010doval. T\u00edto jazdci vl\u00e1dli po mnoho storo\u010d\u00ed a na\u0161a v\u00fdstava dokumentuje aj t\u00fato skuto\u010dnos\u0165. N\u00e1v\u0161tevn\u00edci\u00a0 sa tak m\u00f4\u017eu te\u0161i\u0165 na zauj\u00edmav\u00e9 pr\u00edbehy t\u00fdkaj\u00face sa vystaven\u00fdch expon\u00e1tov a v\u00fdklad odborn\u00edka, ktor\u00fd sa fenom\u00e9nu Hodv\u00e1bnej cesty venuje u\u017e 15 rokov. \u00a0 <\/p>\n","protected":false},"excerpt":{"rendered":"<p>Historik umenia a z\u00e1rove\u0148 autor v\u00fdstavy PhDr. David Majer prostredn\u00edctvom komentovanej prehliadky pribl\u00ed\u017ei atrakt\u00edvnu t\u00e9mu vojensk\u00fdch \u0165a\u017een\u00ed na Hodv\u00e1bnej ceste.\u00a0 T\u00e1to cesta sp\u00e1jala od staroveku Eur\u00f3pu s\u00a0\u010ealek\u00fdm v\u00fdchodom. Jej s\u00fa\u010das\u0165ou boli mnoh\u00e9 v\u00fdznamn\u00e9 aj polozabudnut\u00e9 \u0161t\u00e1ty a\u00a0civiliza\u010dn\u00e9 \u00fatvary.\u00a0 Priebeh Hodv\u00e1bnej cesty bol \u010dasto ovplyv\u0148ovan\u00fd historick\u00fdmi udalos\u0165ami a vojensk\u00fdmi \u0165a\u017eeniami, z\u00a0ktor\u00fdch mnoh\u00e9 sa stali s\u00fa\u010das\u0165ou svetov\u00fdch [&hellip;]<\/p>\n","protected":false},"author":2,"featured_media":31871,"comment_status":"closed","ping_status":"closed","sticky":false,"template":"","format":"standard","meta":{"site-sidebar-layout":"default","site-content-layout":"","ast-site-content-layout":"","site-content-style":"default","site-sidebar-style":"default","ast-global-header-display":"","ast-banner-title-visibility":"","ast-main-header-display":"","ast-hfb-above-header-display":"","ast-hfb-below-header-display":"","ast-hfb-mobile-header-display":"","site-post-title":"","ast-breadcrumbs-content":"","ast-featured-img":"","footer-sml-layout":"","theme-transparent-header-meta":"","adv-header-id-meta":"","stick-header-meta":"","header-above-stick-meta":"","header-main-stick-meta":"","header-below-stick-meta":"","astra-migrate-meta-layouts":"default","ast-page-background-enabled":"default","ast-page-background-meta":{"desktop":{"background-color":"var(--ast-global-color-4)","background-image":"","background-repeat":"repeat","background-position":"center center","background-size":"auto","background-attachment":"scroll","background-type":"","background-media":"","overlay-type":"","overlay-color":"","overlay-opacity":"","overlay-gradient":""},"tablet":{"background-color":"","background-image":"","background-repeat":"repeat","background-position":"center center","background-size":"auto","background-attachment":"scroll","background-type":"","background-media":"","overlay-type":"","overlay-color":"","overlay-opacity":"","overlay-gradient":""},"mobile":{"background-color":"","background-image":"","background-repeat":"repeat","background-position":"center center","background-size":"auto","background-attachment":"scroll","background-type":"","background-media":"","overlay-type":"","overlay-color":"","overlay-opacity":"","overlay-gradient":""}},"ast-content-background-meta":{"desktop":{"background-color":"var(--ast-global-color-5)","background-image":"","background-repeat":"repeat","background-position":"center center","background-size":"auto","background-attachment":"scroll","background-type":"","background-media":"","overlay-type":"","overlay-color":"","overlay-opacity":"","overlay-gradient":""},"tablet":{"background-color":"var(--ast-global-color-5)","background-image":"","background-repeat":"repeat","background-position":"center center","background-size":"auto","background-attachment":"scroll","background-type":"","background-media":"","overlay-type":"","overlay-color":"","overlay-opacity":"","overlay-gradient":""},"mobile":{"background-color":"var(--ast-global-color-5)","background-image":"","background-repeat":"repeat","background-position":"center center","background-size":"auto","background-attachment":"scroll","background-type":"","background-media":"","overlay-type":"","overlay-color":"","overlay-opacity":"","overlay-gradient":""}},"footnotes":""},"categories":[31],"tags":[],"class_list":["post-31870","post","type-post","status-publish","format-standard","has-post-thumbnail","hentry","category-aktuality"],"yoast_head":"<!-- This site is optimized with the Yoast SEO plugin v27.4 - https:\/\/yoast.com\/product\/yoast-seo-wordpress\/ -->\n<title>Komentovan\u00e1 prehliadka v\u00fdstavy Od Alexandra k D\u017eingisch\u00e1novi - Pova\u017esk\u00e9 m\u00fazeum<\/title>\n<meta name=\"robots\" content=\"index, follow, max-snippet:-1, max-image-preview:large, max-video-preview:-1\" \/>\n<link rel=\"canonical\" href=\"https:\/\/pmza.sk\/?p=31870\" \/>\n<meta property=\"og:locale\" content=\"sk_SK\" \/>\n<meta property=\"og:type\" content=\"article\" \/>\n<meta property=\"og:title\" content=\"Komentovan\u00e1 prehliadka v\u00fdstavy Od Alexandra k D\u017eingisch\u00e1novi - Pova\u017esk\u00e9 m\u00fazeum\" \/>\n<meta property=\"og:description\" content=\"Historik umenia a z\u00e1rove\u0148 autor v\u00fdstavy PhDr. David Majer prostredn\u00edctvom komentovanej prehliadky pribl\u00ed\u017ei atrakt\u00edvnu t\u00e9mu vojensk\u00fdch \u0165a\u017een\u00ed na Hodv\u00e1bnej ceste.\u00a0 T\u00e1to cesta sp\u00e1jala od staroveku Eur\u00f3pu s\u00a0\u010ealek\u00fdm v\u00fdchodom. Jej s\u00fa\u010das\u0165ou boli mnoh\u00e9 v\u00fdznamn\u00e9 aj polozabudnut\u00e9 \u0161t\u00e1ty a\u00a0civiliza\u010dn\u00e9 \u00fatvary.\u00a0 Priebeh Hodv\u00e1bnej cesty bol \u010dasto ovplyv\u0148ovan\u00fd historick\u00fdmi udalos\u0165ami a vojensk\u00fdmi \u0165a\u017eeniami, z\u00a0ktor\u00fdch mnoh\u00e9 sa stali s\u00fa\u010das\u0165ou svetov\u00fdch [&hellip;]\" \/>\n<meta property=\"og:url\" content=\"https:\/\/pmza.sk\/?p=31870\" \/>\n<meta property=\"og:site_name\" content=\"Pova\u017esk\u00e9 m\u00fazeum\" \/>\n<meta property=\"article:publisher\" content=\"https:\/\/www.facebook.com\/povazskemuzeum\" \/>\n<meta property=\"article:published_time\" content=\"2019-02-13T12:59:55+00:00\" \/>\n<meta property=\"og:image\" content=\"https:\/\/pmza.sk\/wp-content\/uploads\/2019\/02\/prehliadka.jpg\" \/>\n\t<meta property=\"og:image:width\" content=\"566\" \/>\n\t<meta property=\"og:image:height\" content=\"800\" \/>\n\t<meta property=\"og:image:type\" content=\"image\/jpeg\" \/>\n<meta name=\"author\" content=\"Pova\u017esk\u00e9 m\u00fazeum\" \/>\n<meta name=\"twitter:card\" content=\"summary_large_image\" \/>\n<meta name=\"twitter:label1\" content=\"Autor\" \/>\n\t<meta name=\"twitter:data1\" content=\"Pova\u017esk\u00e9 m\u00fazeum\" \/>\n\t<meta name=\"twitter:label2\" content=\"Predpokladan\u00fd \u010das \u010d\u00edtania\" \/>\n\t<meta name=\"twitter:data2\" content=\"1 min\u00fata\" \/>\n<script type=\"application\/ld+json\" class=\"yoast-schema-graph\">{\"@context\":\"https:\\\/\\\/schema.org\",\"@graph\":[{\"@type\":\"Article\",\"@id\":\"https:\\\/\\\/pmza.sk\\\/?p=31870#article\",\"isPartOf\":{\"@id\":\"https:\\\/\\\/pmza.sk\\\/?p=31870\"},\"author\":{\"name\":\"Pova\u017esk\u00e9 m\u00fazeum\",\"@id\":\"https:\\\/\\\/pmza.sk\\\/#\\\/schema\\\/person\\\/595e6a2ce731ea94dcd5d7f50a41ae33\"},\"headline\":\"Komentovan\u00e1 prehliadka v\u00fdstavy Od Alexandra k D\u017eingisch\u00e1novi\",\"datePublished\":\"2019-02-13T12:59:55+00:00\",\"mainEntityOfPage\":{\"@id\":\"https:\\\/\\\/pmza.sk\\\/?p=31870\"},\"wordCount\":206,\"publisher\":{\"@id\":\"https:\\\/\\\/pmza.sk\\\/#organization\"},\"image\":{\"@id\":\"https:\\\/\\\/pmza.sk\\\/?p=31870#primaryimage\"},\"thumbnailUrl\":\"https:\\\/\\\/pmza.sk\\\/wp-content\\\/uploads\\\/2019\\\/02\\\/prehliadka.jpg\",\"articleSection\":[\"Aktuality\"],\"inLanguage\":\"sk-SK\"},{\"@type\":\"WebPage\",\"@id\":\"https:\\\/\\\/pmza.sk\\\/?p=31870\",\"url\":\"https:\\\/\\\/pmza.sk\\\/?p=31870\",\"name\":\"Komentovan\u00e1 prehliadka v\u00fdstavy Od Alexandra k D\u017eingisch\u00e1novi - Pova\u017esk\u00e9 m\u00fazeum\",\"isPartOf\":{\"@id\":\"https:\\\/\\\/pmza.sk\\\/#website\"},\"primaryImageOfPage\":{\"@id\":\"https:\\\/\\\/pmza.sk\\\/?p=31870#primaryimage\"},\"image\":{\"@id\":\"https:\\\/\\\/pmza.sk\\\/?p=31870#primaryimage\"},\"thumbnailUrl\":\"https:\\\/\\\/pmza.sk\\\/wp-content\\\/uploads\\\/2019\\\/02\\\/prehliadka.jpg\",\"datePublished\":\"2019-02-13T12:59:55+00:00\",\"breadcrumb\":{\"@id\":\"https:\\\/\\\/pmza.sk\\\/?p=31870#breadcrumb\"},\"inLanguage\":\"sk-SK\",\"potentialAction\":[{\"@type\":\"ReadAction\",\"target\":[\"https:\\\/\\\/pmza.sk\\\/?p=31870\"]}]},{\"@type\":\"ImageObject\",\"inLanguage\":\"sk-SK\",\"@id\":\"https:\\\/\\\/pmza.sk\\\/?p=31870#primaryimage\",\"url\":\"https:\\\/\\\/pmza.sk\\\/wp-content\\\/uploads\\\/2019\\\/02\\\/prehliadka.jpg\",\"contentUrl\":\"https:\\\/\\\/pmza.sk\\\/wp-content\\\/uploads\\\/2019\\\/02\\\/prehliadka.jpg\",\"width\":566,\"height\":800},{\"@type\":\"BreadcrumbList\",\"@id\":\"https:\\\/\\\/pmza.sk\\\/?p=31870#breadcrumb\",\"itemListElement\":[{\"@type\":\"ListItem\",\"position\":1,\"name\":\"Domovsk\u00e1 str\u00e1nka\",\"item\":\"https:\\\/\\\/pmza.sk\\\/\"},{\"@type\":\"ListItem\",\"position\":2,\"name\":\"Komentovan\u00e1 prehliadka v\u00fdstavy Od Alexandra k D\u017eingisch\u00e1novi\"}]},{\"@type\":\"WebSite\",\"@id\":\"https:\\\/\\\/pmza.sk\\\/#website\",\"url\":\"https:\\\/\\\/pmza.sk\\\/\",\"name\":\"Pova\u017esk\u00e9 m\u00fazeum\",\"description\":\"Pova\u017esk\u00e9 m\u00fazeum v \u017diline je region\u00e1lne m\u00fazeum so s\u00eddlom v Budat\u00edne. Jeho expoz\u00edcie s\u00fa zameran\u00e9 na dejiny slovensk\u00e9ho umenia, kult\u00fary a dopravy.\",\"publisher\":{\"@id\":\"https:\\\/\\\/pmza.sk\\\/#organization\"},\"potentialAction\":[{\"@type\":\"SearchAction\",\"target\":{\"@type\":\"EntryPoint\",\"urlTemplate\":\"https:\\\/\\\/pmza.sk\\\/?s={search_term_string}\"},\"query-input\":{\"@type\":\"PropertyValueSpecification\",\"valueRequired\":true,\"valueName\":\"search_term_string\"}}],\"inLanguage\":\"sk-SK\"},{\"@type\":\"Organization\",\"@id\":\"https:\\\/\\\/pmza.sk\\\/#organization\",\"name\":\"Pova\u017esk\u00e9 m\u00fazeum\",\"url\":\"https:\\\/\\\/pmza.sk\\\/\",\"logo\":{\"@type\":\"ImageObject\",\"inLanguage\":\"sk-SK\",\"@id\":\"https:\\\/\\\/pmza.sk\\\/#\\\/schema\\\/logo\\\/image\\\/\",\"url\":\"https:\\\/\\\/pmza.sk\\\/wp-content\\\/uploads\\\/2022\\\/01\\\/logo_PM_horizontal.jpg\",\"contentUrl\":\"https:\\\/\\\/pmza.sk\\\/wp-content\\\/uploads\\\/2022\\\/01\\\/logo_PM_horizontal.jpg\",\"width\":231,\"height\":142,\"caption\":\"Pova\u017esk\u00e9 m\u00fazeum\"},\"image\":{\"@id\":\"https:\\\/\\\/pmza.sk\\\/#\\\/schema\\\/logo\\\/image\\\/\"},\"sameAs\":[\"https:\\\/\\\/www.facebook.com\\\/povazskemuzeum\",\"https:\\\/\\\/www.instagram.com\\\/povazskemuzeum\\\/\"]},{\"@type\":\"Person\",\"@id\":\"https:\\\/\\\/pmza.sk\\\/#\\\/schema\\\/person\\\/595e6a2ce731ea94dcd5d7f50a41ae33\",\"name\":\"Pova\u017esk\u00e9 m\u00fazeum\",\"image\":{\"@type\":\"ImageObject\",\"inLanguage\":\"sk-SK\",\"@id\":\"https:\\\/\\\/secure.gravatar.com\\\/avatar\\\/2bb7f1561282132fb5826dfeccc66c7996d11ee392ac6aaf7ced8a1c2027fbb2?s=96&d=mm&r=g\",\"url\":\"https:\\\/\\\/secure.gravatar.com\\\/avatar\\\/2bb7f1561282132fb5826dfeccc66c7996d11ee392ac6aaf7ced8a1c2027fbb2?s=96&d=mm&r=g\",\"contentUrl\":\"https:\\\/\\\/secure.gravatar.com\\\/avatar\\\/2bb7f1561282132fb5826dfeccc66c7996d11ee392ac6aaf7ced8a1c2027fbb2?s=96&d=mm&r=g\",\"caption\":\"Pova\u017esk\u00e9 m\u00fazeum\"}}]}<\/script>\n<!-- \/ Yoast SEO plugin. -->","yoast_head_json":{"title":"Komentovan\u00e1 prehliadka v\u00fdstavy Od Alexandra k D\u017eingisch\u00e1novi - Pova\u017esk\u00e9 m\u00fazeum","robots":{"index":"index","follow":"follow","max-snippet":"max-snippet:-1","max-image-preview":"max-image-preview:large","max-video-preview":"max-video-preview:-1"},"canonical":"https:\/\/pmza.sk\/?p=31870","og_locale":"sk_SK","og_type":"article","og_title":"Komentovan\u00e1 prehliadka v\u00fdstavy Od Alexandra k D\u017eingisch\u00e1novi - Pova\u017esk\u00e9 m\u00fazeum","og_description":"Historik umenia a z\u00e1rove\u0148 autor v\u00fdstavy PhDr. David Majer prostredn\u00edctvom komentovanej prehliadky pribl\u00ed\u017ei atrakt\u00edvnu t\u00e9mu vojensk\u00fdch \u0165a\u017een\u00ed na Hodv\u00e1bnej ceste.\u00a0 T\u00e1to cesta sp\u00e1jala od staroveku Eur\u00f3pu s\u00a0\u010ealek\u00fdm v\u00fdchodom. Jej s\u00fa\u010das\u0165ou boli mnoh\u00e9 v\u00fdznamn\u00e9 aj polozabudnut\u00e9 \u0161t\u00e1ty a\u00a0civiliza\u010dn\u00e9 \u00fatvary.\u00a0 Priebeh Hodv\u00e1bnej cesty bol \u010dasto ovplyv\u0148ovan\u00fd historick\u00fdmi udalos\u0165ami a vojensk\u00fdmi \u0165a\u017eeniami, z\u00a0ktor\u00fdch mnoh\u00e9 sa stali s\u00fa\u010das\u0165ou svetov\u00fdch [&hellip;]","og_url":"https:\/\/pmza.sk\/?p=31870","og_site_name":"Pova\u017esk\u00e9 m\u00fazeum","article_publisher":"https:\/\/www.facebook.com\/povazskemuzeum","article_published_time":"2019-02-13T12:59:55+00:00","og_image":[{"width":566,"height":800,"url":"https:\/\/pmza.sk\/wp-content\/uploads\/2019\/02\/prehliadka.jpg","type":"image\/jpeg"}],"author":"Pova\u017esk\u00e9 m\u00fazeum","twitter_card":"summary_large_image","twitter_misc":{"Autor":"Pova\u017esk\u00e9 m\u00fazeum","Predpokladan\u00fd \u010das \u010d\u00edtania":"1 min\u00fata"},"schema":{"@context":"https:\/\/schema.org","@graph":[{"@type":"Article","@id":"https:\/\/pmza.sk\/?p=31870#article","isPartOf":{"@id":"https:\/\/pmza.sk\/?p=31870"},"author":{"name":"Pova\u017esk\u00e9 m\u00fazeum","@id":"https:\/\/pmza.sk\/#\/schema\/person\/595e6a2ce731ea94dcd5d7f50a41ae33"},"headline":"Komentovan\u00e1 prehliadka v\u00fdstavy Od Alexandra k D\u017eingisch\u00e1novi","datePublished":"2019-02-13T12:59:55+00:00","mainEntityOfPage":{"@id":"https:\/\/pmza.sk\/?p=31870"},"wordCount":206,"publisher":{"@id":"https:\/\/pmza.sk\/#organization"},"image":{"@id":"https:\/\/pmza.sk\/?p=31870#primaryimage"},"thumbnailUrl":"https:\/\/pmza.sk\/wp-content\/uploads\/2019\/02\/prehliadka.jpg","articleSection":["Aktuality"],"inLanguage":"sk-SK"},{"@type":"WebPage","@id":"https:\/\/pmza.sk\/?p=31870","url":"https:\/\/pmza.sk\/?p=31870","name":"Komentovan\u00e1 prehliadka v\u00fdstavy Od Alexandra k D\u017eingisch\u00e1novi - Pova\u017esk\u00e9 m\u00fazeum","isPartOf":{"@id":"https:\/\/pmza.sk\/#website"},"primaryImageOfPage":{"@id":"https:\/\/pmza.sk\/?p=31870#primaryimage"},"image":{"@id":"https:\/\/pmza.sk\/?p=31870#primaryimage"},"thumbnailUrl":"https:\/\/pmza.sk\/wp-content\/uploads\/2019\/02\/prehliadka.jpg","datePublished":"2019-02-13T12:59:55+00:00","breadcrumb":{"@id":"https:\/\/pmza.sk\/?p=31870#breadcrumb"},"inLanguage":"sk-SK","potentialAction":[{"@type":"ReadAction","target":["https:\/\/pmza.sk\/?p=31870"]}]},{"@type":"ImageObject","inLanguage":"sk-SK","@id":"https:\/\/pmza.sk\/?p=31870#primaryimage","url":"https:\/\/pmza.sk\/wp-content\/uploads\/2019\/02\/prehliadka.jpg","contentUrl":"https:\/\/pmza.sk\/wp-content\/uploads\/2019\/02\/prehliadka.jpg","width":566,"height":800},{"@type":"BreadcrumbList","@id":"https:\/\/pmza.sk\/?p=31870#breadcrumb","itemListElement":[{"@type":"ListItem","position":1,"name":"Domovsk\u00e1 str\u00e1nka","item":"https:\/\/pmza.sk\/"},{"@type":"ListItem","position":2,"name":"Komentovan\u00e1 prehliadka v\u00fdstavy Od Alexandra k D\u017eingisch\u00e1novi"}]},{"@type":"WebSite","@id":"https:\/\/pmza.sk\/#website","url":"https:\/\/pmza.sk\/","name":"Pova\u017esk\u00e9 m\u00fazeum","description":"Pova\u017esk\u00e9 m\u00fazeum v \u017diline je region\u00e1lne m\u00fazeum so s\u00eddlom v Budat\u00edne. Jeho expoz\u00edcie s\u00fa zameran\u00e9 na dejiny slovensk\u00e9ho umenia, kult\u00fary a dopravy.","publisher":{"@id":"https:\/\/pmza.sk\/#organization"},"potentialAction":[{"@type":"SearchAction","target":{"@type":"EntryPoint","urlTemplate":"https:\/\/pmza.sk\/?s={search_term_string}"},"query-input":{"@type":"PropertyValueSpecification","valueRequired":true,"valueName":"search_term_string"}}],"inLanguage":"sk-SK"},{"@type":"Organization","@id":"https:\/\/pmza.sk\/#organization","name":"Pova\u017esk\u00e9 m\u00fazeum","url":"https:\/\/pmza.sk\/","logo":{"@type":"ImageObject","inLanguage":"sk-SK","@id":"https:\/\/pmza.sk\/#\/schema\/logo\/image\/","url":"https:\/\/pmza.sk\/wp-content\/uploads\/2022\/01\/logo_PM_horizontal.jpg","contentUrl":"https:\/\/pmza.sk\/wp-content\/uploads\/2022\/01\/logo_PM_horizontal.jpg","width":231,"height":142,"caption":"Pova\u017esk\u00e9 m\u00fazeum"},"image":{"@id":"https:\/\/pmza.sk\/#\/schema\/logo\/image\/"},"sameAs":["https:\/\/www.facebook.com\/povazskemuzeum","https:\/\/www.instagram.com\/povazskemuzeum\/"]},{"@type":"Person","@id":"https:\/\/pmza.sk\/#\/schema\/person\/595e6a2ce731ea94dcd5d7f50a41ae33","name":"Pova\u017esk\u00e9 m\u00fazeum","image":{"@type":"ImageObject","inLanguage":"sk-SK","@id":"https:\/\/secure.gravatar.com\/avatar\/2bb7f1561282132fb5826dfeccc66c7996d11ee392ac6aaf7ced8a1c2027fbb2?s=96&d=mm&r=g","url":"https:\/\/secure.gravatar.com\/avatar\/2bb7f1561282132fb5826dfeccc66c7996d11ee392ac6aaf7ced8a1c2027fbb2?s=96&d=mm&r=g","contentUrl":"https:\/\/secure.gravatar.com\/avatar\/2bb7f1561282132fb5826dfeccc66c7996d11ee392ac6aaf7ced8a1c2027fbb2?s=96&d=mm&r=g","caption":"Pova\u017esk\u00e9 m\u00fazeum"}}]}},"_links":{"self":[{"href":"https:\/\/pmza.sk\/index.php?rest_route=\/wp\/v2\/posts\/31870","targetHints":{"allow":["GET"]}}],"collection":[{"href":"https:\/\/pmza.sk\/index.php?rest_route=\/wp\/v2\/posts"}],"about":[{"href":"https:\/\/pmza.sk\/index.php?rest_route=\/wp\/v2\/types\/post"}],"author":[{"embeddable":true,"href":"https:\/\/pmza.sk\/index.php?rest_route=\/wp\/v2\/users\/2"}],"replies":[{"embeddable":true,"href":"https:\/\/pmza.sk\/index.php?rest_route=%2Fwp%2Fv2%2Fcomments&post=31870"}],"version-history":[{"count":0,"href":"https:\/\/pmza.sk\/index.php?rest_route=\/wp\/v2\/posts\/31870\/revisions"}],"wp:featuredmedia":[{"embeddable":true,"href":"https:\/\/pmza.sk\/index.php?rest_route=\/wp\/v2\/media\/31871"}],"wp:attachment":[{"href":"https:\/\/pmza.sk\/index.php?rest_route=%2Fwp%2Fv2%2Fmedia&parent=31870"}],"wp:term":[{"taxonomy":"category","embeddable":true,"href":"https:\/\/pmza.sk\/index.php?rest_route=%2Fwp%2Fv2%2Fcategories&post=31870"},{"taxonomy":"post_tag","embeddable":true,"href":"https:\/\/pmza.sk\/index.php?rest_route=%2Fwp%2Fv2%2Ftags&post=31870"}],"curies":[{"name":"wp","href":"https:\/\/api.w.org\/{rel}","templated":true}]}}