{"id":32024,"date":"2019-02-21T14:09:07","date_gmt":"2019-02-21T13:09:07","guid":{"rendered":"https:\/\/pmza.sk\/?p=32024"},"modified":"2019-02-21T14:09:07","modified_gmt":"2019-02-21T13:09:07","slug":"maska-turona-v-cicmanoch","status":"publish","type":"post","link":"https:\/\/pmza.sk\/?p=32024","title":{"rendered":"Maska Turo\u0148a v \u010ci\u010dmanoch"},"content":{"rendered":"<p>Fa\u0161iangy s\u00fa v\u00a0plnom pr\u00fade a\u00a0na vyvrcholenie v\u00a0podobe fa\u0161iangov\u00e9ho sprievodu sa te\u0161ia \u013eudia v\u00a0mnoh\u00fdch obciach. V\u00fdnimkou nebude ani r\u00e1zovit\u00e1 obec \u010ci\u010dmany, kde bude sprievod v\u00a0sobotu 2. marca 2019. Masku turo\u0148a, ktor\u00e1 je s\u00fa\u010das\u0165ou zbierkov\u00e9ho fondu Pova\u017esk\u00e9ho m\u00fazea v\u00a0\u017diline, m\u00f4\u017eu n\u00e1v\u0161tevn\u00edci vidie\u0165 v\u00a0Radenom dome v\u00a0\u010ci\u010dmanoch v\u00a0expoz\u00edcii \u010ci\u010dmany, \u010ci\u010dmany, chim\u00e1rna dedina.<\/p>\n<p>Autorom masky je ro\u013en\u00edk a\u00a0tes\u00e1r Ondrej Vrchovsk\u00fd. Masku vyrobil pre v\u00fdstavn\u00e9 \u00fa\u010dely m\u00fazea v\u00a0roku 1967. Z\u00e1kladom je dreven\u00e1 kostra vysok\u00e1 pribli\u017ene dva metre. Hlava a\u00a0aj telo s\u00fa potiahnut\u00e9 ov\u010dou ko\u017eu\u0161inou. Ku spodnej \u010dasti je na\u0161it\u00e1 vrecovina. Papu\u013ea sa otv\u00e1ra pomocou mot\u00faza.<\/p>\n<p><em>Turo\u0148<\/em>, naz\u00fdvan\u00fd aj <em>tur\u00f4\u0148<\/em>, pr\u00edpadne <em>chriapa<\/em>, predstavuje fa\u0161iangov\u00fa masku, ktor\u00e1 bola zn\u00e1ma nielen na celom \u00fazem\u00ed Slovenska, ale aj v\u00a0Po\u013esku a\u00a0v \u010cech\u00e1ch. Jej n\u00e1zov je odvoden\u00fd od tura, zviera\u0165a podobn\u00e9ho volovi, ktor\u00e9 na Slovensku vyhynulo v\u00a017. storo\u010d\u00ed a\u00a0v\u00a0magick\u00fdch predstav\u00e1ch na\u0161ich predkov symbolizovalo silu a\u00a0plodnos\u0165.<\/p>\n<p>Masku tvor\u00ed \u0161tylizovan\u00e1 hlava vola s\u00a0otv\u00e1rate\u013enou papu\u013eou (chriapou), ktor\u00e1 je pripevnen\u00e1 na ty\u010di pokrytej vrecovinou alebo ko\u017eu\u0161inou. Pod \u0148ou je ukryt\u00fd mu\u017e, ktor\u00fd masku niesol. Postavu niekedy tvoril p\u00e1r, pri\u010dom jeden dr\u017eal hlavu a\u00a0druh\u00fd sa mu opieral rukami o\u00a0ramen\u00e1. Neoddelite\u013enou s\u00fa\u010das\u0165ou boli aj rohy, \u010dasto ove\u0161an\u00e9 zvoncami.<\/p>\n<p>Ceremoni\u00e1lnou \u00falohou turo\u0148a bolo pov\u00e1\u013ea\u0165 sa v\u00a0ka\u017edom dvore na hnojisku, kde ho za vesel\u00e9ho spevu pr\u00edtomn\u00fdch, obradne podrezali drevenou \u0161ab\u013eou, \u010doho n\u00e1sledkom hnoj nadobudol magick\u00fa silu, ktor\u00e1 mala zabezpe\u010di\u0165 dobr\u00fa \u00farodu. Do hnojiska napokon \u010dasto zapichli pr\u00fatik, ktor\u00fdm po\u0161ibali st\u00e1do pri prvom vyh\u00e1\u0148an\u00ed dobytka. S\u00fa\u010das\u0165ou sprievodu bola muzika a\u00a0tanec, ktor\u00fd op\u00e4\u0165 sledoval zabezpe\u010denie prosperity gazdovstva, o\u00a0\u010dom sved\u010d\u00ed aj nasleduj\u00face porekadlo: <em>\u201eDobre sa konope v\u00a0mo\u010didle vymo\u010d\u00ed, ke\u010f sebe Turvonko s\u00a0gazdinou zasko\u010d\u00ed.\u201c<\/em><\/p>\n<p>&nbsp;<\/p>\n<p><img fetchpriority=\"high\" decoding=\"async\" class=\"aligncenter wp-image-32031 size-large\" src=\"https:\/\/pmza.sk\/wp-content\/uploads\/2019\/02\/Mladenci-s-turonom-Cicmany-1-497x736.jpg\" alt=\"\" width=\"497\" height=\"736\" srcset=\"https:\/\/pmza.sk\/wp-content\/uploads\/2019\/02\/Mladenci-s-turonom-Cicmany-1-497x736.jpg 497w, https:\/\/pmza.sk\/wp-content\/uploads\/2019\/02\/Mladenci-s-turonom-Cicmany-1-243x360.jpg 243w, https:\/\/pmza.sk\/wp-content\/uploads\/2019\/02\/Mladenci-s-turonom-Cicmany-1-600x889.jpg 600w, https:\/\/pmza.sk\/wp-content\/uploads\/2019\/02\/Mladenci-s-turonom-Cicmany-1.jpg 691w\" sizes=\"(max-width: 497px) 100vw, 497px\" \/><\/p>\n<p>&nbsp;<\/p>\n<p><img decoding=\"async\" class=\"aligncenter wp-image-32032 size-large\" src=\"https:\/\/pmza.sk\/wp-content\/uploads\/2019\/02\/Chodenie-s-turonom-Cicmany-2-493x736.jpg\" alt=\"\" width=\"493\" height=\"736\" srcset=\"https:\/\/pmza.sk\/wp-content\/uploads\/2019\/02\/Chodenie-s-turonom-Cicmany-2-493x736.jpg 493w, https:\/\/pmza.sk\/wp-content\/uploads\/2019\/02\/Chodenie-s-turonom-Cicmany-2-241x360.jpg 241w, https:\/\/pmza.sk\/wp-content\/uploads\/2019\/02\/Chodenie-s-turonom-Cicmany-2-600x896.jpg 600w, https:\/\/pmza.sk\/wp-content\/uploads\/2019\/02\/Chodenie-s-turonom-Cicmany-2.jpg 686w\" sizes=\"(max-width: 493px) 100vw, 493px\" \/><\/p>\n<p>&nbsp;<\/p>\n<p>&nbsp;<\/p>\n<p>&nbsp;<\/p>\n<p>&nbsp;<\/p>\n","protected":false},"excerpt":{"rendered":"<p>Fa\u0161iangy s\u00fa v\u00a0plnom pr\u00fade a\u00a0na vyvrcholenie v\u00a0podobe fa\u0161iangov\u00e9ho sprievodu sa te\u0161ia \u013eudia v\u00a0mnoh\u00fdch obciach. V\u00fdnimkou nebude ani r\u00e1zovit\u00e1 obec \u010ci\u010dmany, kde bude sprievod v\u00a0sobotu 2. marca 2019. Masku turo\u0148a, ktor\u00e1 je s\u00fa\u010das\u0165ou zbierkov\u00e9ho fondu Pova\u017esk\u00e9ho m\u00fazea v\u00a0\u017diline, m\u00f4\u017eu n\u00e1v\u0161tevn\u00edci vidie\u0165 v\u00a0Radenom dome v\u00a0\u010ci\u010dmanoch v\u00a0expoz\u00edcii \u010ci\u010dmany, \u010ci\u010dmany, chim\u00e1rna dedina. Autorom masky je ro\u013en\u00edk a\u00a0tes\u00e1r Ondrej Vrchovsk\u00fd. [&hellip;]<\/p>\n","protected":false},"author":2,"featured_media":32037,"comment_status":"closed","ping_status":"closed","sticky":false,"template":"","format":"standard","meta":{"site-sidebar-layout":"default","site-content-layout":"","ast-site-content-layout":"","site-content-style":"default","site-sidebar-style":"default","ast-global-header-display":"","ast-banner-title-visibility":"","ast-main-header-display":"","ast-hfb-above-header-display":"","ast-hfb-below-header-display":"","ast-hfb-mobile-header-display":"","site-post-title":"","ast-breadcrumbs-content":"","ast-featured-img":"","footer-sml-layout":"","theme-transparent-header-meta":"","adv-header-id-meta":"","stick-header-meta":"","header-above-stick-meta":"","header-main-stick-meta":"","header-below-stick-meta":"","astra-migrate-meta-layouts":"default","ast-page-background-enabled":"default","ast-page-background-meta":{"desktop":{"background-color":"var(--ast-global-color-4)","background-image":"","background-repeat":"repeat","background-position":"center center","background-size":"auto","background-attachment":"scroll","background-type":"","background-media":"","overlay-type":"","overlay-color":"","overlay-opacity":"","overlay-gradient":""},"tablet":{"background-color":"","background-image":"","background-repeat":"repeat","background-position":"center center","background-size":"auto","background-attachment":"scroll","background-type":"","background-media":"","overlay-type":"","overlay-color":"","overlay-opacity":"","overlay-gradient":""},"mobile":{"background-color":"","background-image":"","background-repeat":"repeat","background-position":"center center","background-size":"auto","background-attachment":"scroll","background-type":"","background-media":"","overlay-type":"","overlay-color":"","overlay-opacity":"","overlay-gradient":""}},"ast-content-background-meta":{"desktop":{"background-color":"var(--ast-global-color-5)","background-image":"","background-repeat":"repeat","background-position":"center center","background-size":"auto","background-attachment":"scroll","background-type":"","background-media":"","overlay-type":"","overlay-color":"","overlay-opacity":"","overlay-gradient":""},"tablet":{"background-color":"var(--ast-global-color-5)","background-image":"","background-repeat":"repeat","background-position":"center center","background-size":"auto","background-attachment":"scroll","background-type":"","background-media":"","overlay-type":"","overlay-color":"","overlay-opacity":"","overlay-gradient":""},"mobile":{"background-color":"var(--ast-global-color-5)","background-image":"","background-repeat":"repeat","background-position":"center center","background-size":"auto","background-attachment":"scroll","background-type":"","background-media":"","overlay-type":"","overlay-color":"","overlay-opacity":"","overlay-gradient":""}},"footnotes":""},"categories":[31],"tags":[],"class_list":["post-32024","post","type-post","status-publish","format-standard","has-post-thumbnail","hentry","category-aktuality"],"yoast_head":"<!-- This site is optimized with the Yoast SEO plugin v27.4 - https:\/\/yoast.com\/product\/yoast-seo-wordpress\/ -->\n<title>Maska Turo\u0148a v \u010ci\u010dmanoch - Pova\u017esk\u00e9 m\u00fazeum<\/title>\n<meta name=\"robots\" content=\"index, follow, max-snippet:-1, max-image-preview:large, max-video-preview:-1\" \/>\n<link rel=\"canonical\" href=\"https:\/\/pmza.sk\/?p=32024\" \/>\n<meta property=\"og:locale\" content=\"sk_SK\" \/>\n<meta property=\"og:type\" content=\"article\" \/>\n<meta property=\"og:title\" content=\"Maska Turo\u0148a v \u010ci\u010dmanoch - Pova\u017esk\u00e9 m\u00fazeum\" \/>\n<meta property=\"og:description\" content=\"Fa\u0161iangy s\u00fa v\u00a0plnom pr\u00fade a\u00a0na vyvrcholenie v\u00a0podobe fa\u0161iangov\u00e9ho sprievodu sa te\u0161ia \u013eudia v\u00a0mnoh\u00fdch obciach. V\u00fdnimkou nebude ani r\u00e1zovit\u00e1 obec \u010ci\u010dmany, kde bude sprievod v\u00a0sobotu 2. marca 2019. Masku turo\u0148a, ktor\u00e1 je s\u00fa\u010das\u0165ou zbierkov\u00e9ho fondu Pova\u017esk\u00e9ho m\u00fazea v\u00a0\u017diline, m\u00f4\u017eu n\u00e1v\u0161tevn\u00edci vidie\u0165 v\u00a0Radenom dome v\u00a0\u010ci\u010dmanoch v\u00a0expoz\u00edcii \u010ci\u010dmany, \u010ci\u010dmany, chim\u00e1rna dedina. Autorom masky je ro\u013en\u00edk a\u00a0tes\u00e1r Ondrej Vrchovsk\u00fd. [&hellip;]\" \/>\n<meta property=\"og:url\" content=\"https:\/\/pmza.sk\/?p=32024\" \/>\n<meta property=\"og:site_name\" content=\"Pova\u017esk\u00e9 m\u00fazeum\" \/>\n<meta property=\"article:publisher\" content=\"https:\/\/www.facebook.com\/povazskemuzeum\" \/>\n<meta property=\"article:published_time\" content=\"2019-02-21T13:09:07+00:00\" \/>\n<meta property=\"og:image\" content=\"https:\/\/pmza.sk\/wp-content\/uploads\/2019\/02\/IMG_2833-1.jpg\" \/>\n\t<meta property=\"og:image:width\" content=\"768\" \/>\n\t<meta property=\"og:image:height\" content=\"1024\" \/>\n\t<meta property=\"og:image:type\" content=\"image\/jpeg\" \/>\n<meta name=\"author\" content=\"Pova\u017esk\u00e9 m\u00fazeum\" \/>\n<meta name=\"twitter:card\" content=\"summary_large_image\" \/>\n<meta name=\"twitter:label1\" content=\"Autor\" \/>\n\t<meta name=\"twitter:data1\" content=\"Pova\u017esk\u00e9 m\u00fazeum\" \/>\n\t<meta name=\"twitter:label2\" content=\"Predpokladan\u00fd \u010das \u010d\u00edtania\" \/>\n\t<meta name=\"twitter:data2\" content=\"2 min\u00faty\" \/>\n<script type=\"application\/ld+json\" class=\"yoast-schema-graph\">{\"@context\":\"https:\\\/\\\/schema.org\",\"@graph\":[{\"@type\":\"Article\",\"@id\":\"https:\\\/\\\/pmza.sk\\\/?p=32024#article\",\"isPartOf\":{\"@id\":\"https:\\\/\\\/pmza.sk\\\/?p=32024\"},\"author\":{\"name\":\"Pova\u017esk\u00e9 m\u00fazeum\",\"@id\":\"https:\\\/\\\/pmza.sk\\\/#\\\/schema\\\/person\\\/595e6a2ce731ea94dcd5d7f50a41ae33\"},\"headline\":\"Maska Turo\u0148a v \u010ci\u010dmanoch\",\"datePublished\":\"2019-02-21T13:09:07+00:00\",\"mainEntityOfPage\":{\"@id\":\"https:\\\/\\\/pmza.sk\\\/?p=32024\"},\"wordCount\":368,\"publisher\":{\"@id\":\"https:\\\/\\\/pmza.sk\\\/#organization\"},\"image\":{\"@id\":\"https:\\\/\\\/pmza.sk\\\/?p=32024#primaryimage\"},\"thumbnailUrl\":\"https:\\\/\\\/pmza.sk\\\/wp-content\\\/uploads\\\/2019\\\/02\\\/IMG_2833-1.jpg\",\"articleSection\":[\"Aktuality\"],\"inLanguage\":\"sk-SK\"},{\"@type\":\"WebPage\",\"@id\":\"https:\\\/\\\/pmza.sk\\\/?p=32024\",\"url\":\"https:\\\/\\\/pmza.sk\\\/?p=32024\",\"name\":\"Maska Turo\u0148a v \u010ci\u010dmanoch - Pova\u017esk\u00e9 m\u00fazeum\",\"isPartOf\":{\"@id\":\"https:\\\/\\\/pmza.sk\\\/#website\"},\"primaryImageOfPage\":{\"@id\":\"https:\\\/\\\/pmza.sk\\\/?p=32024#primaryimage\"},\"image\":{\"@id\":\"https:\\\/\\\/pmza.sk\\\/?p=32024#primaryimage\"},\"thumbnailUrl\":\"https:\\\/\\\/pmza.sk\\\/wp-content\\\/uploads\\\/2019\\\/02\\\/IMG_2833-1.jpg\",\"datePublished\":\"2019-02-21T13:09:07+00:00\",\"breadcrumb\":{\"@id\":\"https:\\\/\\\/pmza.sk\\\/?p=32024#breadcrumb\"},\"inLanguage\":\"sk-SK\",\"potentialAction\":[{\"@type\":\"ReadAction\",\"target\":[\"https:\\\/\\\/pmza.sk\\\/?p=32024\"]}]},{\"@type\":\"ImageObject\",\"inLanguage\":\"sk-SK\",\"@id\":\"https:\\\/\\\/pmza.sk\\\/?p=32024#primaryimage\",\"url\":\"https:\\\/\\\/pmza.sk\\\/wp-content\\\/uploads\\\/2019\\\/02\\\/IMG_2833-1.jpg\",\"contentUrl\":\"https:\\\/\\\/pmza.sk\\\/wp-content\\\/uploads\\\/2019\\\/02\\\/IMG_2833-1.jpg\",\"width\":768,\"height\":1024},{\"@type\":\"BreadcrumbList\",\"@id\":\"https:\\\/\\\/pmza.sk\\\/?p=32024#breadcrumb\",\"itemListElement\":[{\"@type\":\"ListItem\",\"position\":1,\"name\":\"Domovsk\u00e1 str\u00e1nka\",\"item\":\"https:\\\/\\\/pmza.sk\\\/\"},{\"@type\":\"ListItem\",\"position\":2,\"name\":\"Maska Turo\u0148a v \u010ci\u010dmanoch\"}]},{\"@type\":\"WebSite\",\"@id\":\"https:\\\/\\\/pmza.sk\\\/#website\",\"url\":\"https:\\\/\\\/pmza.sk\\\/\",\"name\":\"Pova\u017esk\u00e9 m\u00fazeum\",\"description\":\"Pova\u017esk\u00e9 m\u00fazeum v \u017diline je region\u00e1lne m\u00fazeum so s\u00eddlom v Budat\u00edne. Jeho expoz\u00edcie s\u00fa zameran\u00e9 na dejiny slovensk\u00e9ho umenia, kult\u00fary a dopravy.\",\"publisher\":{\"@id\":\"https:\\\/\\\/pmza.sk\\\/#organization\"},\"potentialAction\":[{\"@type\":\"SearchAction\",\"target\":{\"@type\":\"EntryPoint\",\"urlTemplate\":\"https:\\\/\\\/pmza.sk\\\/?s={search_term_string}\"},\"query-input\":{\"@type\":\"PropertyValueSpecification\",\"valueRequired\":true,\"valueName\":\"search_term_string\"}}],\"inLanguage\":\"sk-SK\"},{\"@type\":\"Organization\",\"@id\":\"https:\\\/\\\/pmza.sk\\\/#organization\",\"name\":\"Pova\u017esk\u00e9 m\u00fazeum\",\"url\":\"https:\\\/\\\/pmza.sk\\\/\",\"logo\":{\"@type\":\"ImageObject\",\"inLanguage\":\"sk-SK\",\"@id\":\"https:\\\/\\\/pmza.sk\\\/#\\\/schema\\\/logo\\\/image\\\/\",\"url\":\"https:\\\/\\\/pmza.sk\\\/wp-content\\\/uploads\\\/2022\\\/01\\\/logo_PM_horizontal.jpg\",\"contentUrl\":\"https:\\\/\\\/pmza.sk\\\/wp-content\\\/uploads\\\/2022\\\/01\\\/logo_PM_horizontal.jpg\",\"width\":231,\"height\":142,\"caption\":\"Pova\u017esk\u00e9 m\u00fazeum\"},\"image\":{\"@id\":\"https:\\\/\\\/pmza.sk\\\/#\\\/schema\\\/logo\\\/image\\\/\"},\"sameAs\":[\"https:\\\/\\\/www.facebook.com\\\/povazskemuzeum\",\"https:\\\/\\\/www.instagram.com\\\/povazskemuzeum\\\/\"]},{\"@type\":\"Person\",\"@id\":\"https:\\\/\\\/pmza.sk\\\/#\\\/schema\\\/person\\\/595e6a2ce731ea94dcd5d7f50a41ae33\",\"name\":\"Pova\u017esk\u00e9 m\u00fazeum\",\"image\":{\"@type\":\"ImageObject\",\"inLanguage\":\"sk-SK\",\"@id\":\"https:\\\/\\\/secure.gravatar.com\\\/avatar\\\/2bb7f1561282132fb5826dfeccc66c7996d11ee392ac6aaf7ced8a1c2027fbb2?s=96&d=mm&r=g\",\"url\":\"https:\\\/\\\/secure.gravatar.com\\\/avatar\\\/2bb7f1561282132fb5826dfeccc66c7996d11ee392ac6aaf7ced8a1c2027fbb2?s=96&d=mm&r=g\",\"contentUrl\":\"https:\\\/\\\/secure.gravatar.com\\\/avatar\\\/2bb7f1561282132fb5826dfeccc66c7996d11ee392ac6aaf7ced8a1c2027fbb2?s=96&d=mm&r=g\",\"caption\":\"Pova\u017esk\u00e9 m\u00fazeum\"}}]}<\/script>\n<!-- \/ Yoast SEO plugin. -->","yoast_head_json":{"title":"Maska Turo\u0148a v \u010ci\u010dmanoch - Pova\u017esk\u00e9 m\u00fazeum","robots":{"index":"index","follow":"follow","max-snippet":"max-snippet:-1","max-image-preview":"max-image-preview:large","max-video-preview":"max-video-preview:-1"},"canonical":"https:\/\/pmza.sk\/?p=32024","og_locale":"sk_SK","og_type":"article","og_title":"Maska Turo\u0148a v \u010ci\u010dmanoch - Pova\u017esk\u00e9 m\u00fazeum","og_description":"Fa\u0161iangy s\u00fa v\u00a0plnom pr\u00fade a\u00a0na vyvrcholenie v\u00a0podobe fa\u0161iangov\u00e9ho sprievodu sa te\u0161ia \u013eudia v\u00a0mnoh\u00fdch obciach. V\u00fdnimkou nebude ani r\u00e1zovit\u00e1 obec \u010ci\u010dmany, kde bude sprievod v\u00a0sobotu 2. marca 2019. Masku turo\u0148a, ktor\u00e1 je s\u00fa\u010das\u0165ou zbierkov\u00e9ho fondu Pova\u017esk\u00e9ho m\u00fazea v\u00a0\u017diline, m\u00f4\u017eu n\u00e1v\u0161tevn\u00edci vidie\u0165 v\u00a0Radenom dome v\u00a0\u010ci\u010dmanoch v\u00a0expoz\u00edcii \u010ci\u010dmany, \u010ci\u010dmany, chim\u00e1rna dedina. Autorom masky je ro\u013en\u00edk a\u00a0tes\u00e1r Ondrej Vrchovsk\u00fd. [&hellip;]","og_url":"https:\/\/pmza.sk\/?p=32024","og_site_name":"Pova\u017esk\u00e9 m\u00fazeum","article_publisher":"https:\/\/www.facebook.com\/povazskemuzeum","article_published_time":"2019-02-21T13:09:07+00:00","og_image":[{"width":768,"height":1024,"url":"https:\/\/pmza.sk\/wp-content\/uploads\/2019\/02\/IMG_2833-1.jpg","type":"image\/jpeg"}],"author":"Pova\u017esk\u00e9 m\u00fazeum","twitter_card":"summary_large_image","twitter_misc":{"Autor":"Pova\u017esk\u00e9 m\u00fazeum","Predpokladan\u00fd \u010das \u010d\u00edtania":"2 min\u00faty"},"schema":{"@context":"https:\/\/schema.org","@graph":[{"@type":"Article","@id":"https:\/\/pmza.sk\/?p=32024#article","isPartOf":{"@id":"https:\/\/pmza.sk\/?p=32024"},"author":{"name":"Pova\u017esk\u00e9 m\u00fazeum","@id":"https:\/\/pmza.sk\/#\/schema\/person\/595e6a2ce731ea94dcd5d7f50a41ae33"},"headline":"Maska Turo\u0148a v \u010ci\u010dmanoch","datePublished":"2019-02-21T13:09:07+00:00","mainEntityOfPage":{"@id":"https:\/\/pmza.sk\/?p=32024"},"wordCount":368,"publisher":{"@id":"https:\/\/pmza.sk\/#organization"},"image":{"@id":"https:\/\/pmza.sk\/?p=32024#primaryimage"},"thumbnailUrl":"https:\/\/pmza.sk\/wp-content\/uploads\/2019\/02\/IMG_2833-1.jpg","articleSection":["Aktuality"],"inLanguage":"sk-SK"},{"@type":"WebPage","@id":"https:\/\/pmza.sk\/?p=32024","url":"https:\/\/pmza.sk\/?p=32024","name":"Maska Turo\u0148a v \u010ci\u010dmanoch - Pova\u017esk\u00e9 m\u00fazeum","isPartOf":{"@id":"https:\/\/pmza.sk\/#website"},"primaryImageOfPage":{"@id":"https:\/\/pmza.sk\/?p=32024#primaryimage"},"image":{"@id":"https:\/\/pmza.sk\/?p=32024#primaryimage"},"thumbnailUrl":"https:\/\/pmza.sk\/wp-content\/uploads\/2019\/02\/IMG_2833-1.jpg","datePublished":"2019-02-21T13:09:07+00:00","breadcrumb":{"@id":"https:\/\/pmza.sk\/?p=32024#breadcrumb"},"inLanguage":"sk-SK","potentialAction":[{"@type":"ReadAction","target":["https:\/\/pmza.sk\/?p=32024"]}]},{"@type":"ImageObject","inLanguage":"sk-SK","@id":"https:\/\/pmza.sk\/?p=32024#primaryimage","url":"https:\/\/pmza.sk\/wp-content\/uploads\/2019\/02\/IMG_2833-1.jpg","contentUrl":"https:\/\/pmza.sk\/wp-content\/uploads\/2019\/02\/IMG_2833-1.jpg","width":768,"height":1024},{"@type":"BreadcrumbList","@id":"https:\/\/pmza.sk\/?p=32024#breadcrumb","itemListElement":[{"@type":"ListItem","position":1,"name":"Domovsk\u00e1 str\u00e1nka","item":"https:\/\/pmza.sk\/"},{"@type":"ListItem","position":2,"name":"Maska Turo\u0148a v \u010ci\u010dmanoch"}]},{"@type":"WebSite","@id":"https:\/\/pmza.sk\/#website","url":"https:\/\/pmza.sk\/","name":"Pova\u017esk\u00e9 m\u00fazeum","description":"Pova\u017esk\u00e9 m\u00fazeum v \u017diline je region\u00e1lne m\u00fazeum so s\u00eddlom v Budat\u00edne. Jeho expoz\u00edcie s\u00fa zameran\u00e9 na dejiny slovensk\u00e9ho umenia, kult\u00fary a dopravy.","publisher":{"@id":"https:\/\/pmza.sk\/#organization"},"potentialAction":[{"@type":"SearchAction","target":{"@type":"EntryPoint","urlTemplate":"https:\/\/pmza.sk\/?s={search_term_string}"},"query-input":{"@type":"PropertyValueSpecification","valueRequired":true,"valueName":"search_term_string"}}],"inLanguage":"sk-SK"},{"@type":"Organization","@id":"https:\/\/pmza.sk\/#organization","name":"Pova\u017esk\u00e9 m\u00fazeum","url":"https:\/\/pmza.sk\/","logo":{"@type":"ImageObject","inLanguage":"sk-SK","@id":"https:\/\/pmza.sk\/#\/schema\/logo\/image\/","url":"https:\/\/pmza.sk\/wp-content\/uploads\/2022\/01\/logo_PM_horizontal.jpg","contentUrl":"https:\/\/pmza.sk\/wp-content\/uploads\/2022\/01\/logo_PM_horizontal.jpg","width":231,"height":142,"caption":"Pova\u017esk\u00e9 m\u00fazeum"},"image":{"@id":"https:\/\/pmza.sk\/#\/schema\/logo\/image\/"},"sameAs":["https:\/\/www.facebook.com\/povazskemuzeum","https:\/\/www.instagram.com\/povazskemuzeum\/"]},{"@type":"Person","@id":"https:\/\/pmza.sk\/#\/schema\/person\/595e6a2ce731ea94dcd5d7f50a41ae33","name":"Pova\u017esk\u00e9 m\u00fazeum","image":{"@type":"ImageObject","inLanguage":"sk-SK","@id":"https:\/\/secure.gravatar.com\/avatar\/2bb7f1561282132fb5826dfeccc66c7996d11ee392ac6aaf7ced8a1c2027fbb2?s=96&d=mm&r=g","url":"https:\/\/secure.gravatar.com\/avatar\/2bb7f1561282132fb5826dfeccc66c7996d11ee392ac6aaf7ced8a1c2027fbb2?s=96&d=mm&r=g","contentUrl":"https:\/\/secure.gravatar.com\/avatar\/2bb7f1561282132fb5826dfeccc66c7996d11ee392ac6aaf7ced8a1c2027fbb2?s=96&d=mm&r=g","caption":"Pova\u017esk\u00e9 m\u00fazeum"}}]}},"_links":{"self":[{"href":"https:\/\/pmza.sk\/index.php?rest_route=\/wp\/v2\/posts\/32024","targetHints":{"allow":["GET"]}}],"collection":[{"href":"https:\/\/pmza.sk\/index.php?rest_route=\/wp\/v2\/posts"}],"about":[{"href":"https:\/\/pmza.sk\/index.php?rest_route=\/wp\/v2\/types\/post"}],"author":[{"embeddable":true,"href":"https:\/\/pmza.sk\/index.php?rest_route=\/wp\/v2\/users\/2"}],"replies":[{"embeddable":true,"href":"https:\/\/pmza.sk\/index.php?rest_route=%2Fwp%2Fv2%2Fcomments&post=32024"}],"version-history":[{"count":0,"href":"https:\/\/pmza.sk\/index.php?rest_route=\/wp\/v2\/posts\/32024\/revisions"}],"wp:featuredmedia":[{"embeddable":true,"href":"https:\/\/pmza.sk\/index.php?rest_route=\/wp\/v2\/media\/32037"}],"wp:attachment":[{"href":"https:\/\/pmza.sk\/index.php?rest_route=%2Fwp%2Fv2%2Fmedia&parent=32024"}],"wp:term":[{"taxonomy":"category","embeddable":true,"href":"https:\/\/pmza.sk\/index.php?rest_route=%2Fwp%2Fv2%2Fcategories&post=32024"},{"taxonomy":"post_tag","embeddable":true,"href":"https:\/\/pmza.sk\/index.php?rest_route=%2Fwp%2Fv2%2Ftags&post=32024"}],"curies":[{"name":"wp","href":"https:\/\/api.w.org\/{rel}","templated":true}]}}