{"id":3212,"date":"2011-06-29T15:56:48","date_gmt":"2011-06-29T13:56:48","guid":{"rendered":"https:\/\/pmza.sk.sk\/?p=3212"},"modified":"2011-06-29T15:56:48","modified_gmt":"2011-06-29T13:56:48","slug":"strasidla-najstrasnejsie-zavitaju-na-hrad-strecno-uz-zaciatkom-prazdnin","status":"publish","type":"post","link":"https:\/\/pmza.sk\/?p=3212","title":{"rendered":"Stra\u0161idl\u00e1 najstra\u0161nej\u0161ie zav\u00edtaj\u00fa na hrad Stre\u010dno u\u017e za\u010diatkom pr\u00e1zdnin"},"content":{"rendered":"<p><a href=\"https:\/\/pmza.sk\/wp-content\/uploads\/2011\/06\/nocna-prehliadka-2010-scaled-1.jpg\"><img fetchpriority=\"high\" decoding=\"async\" class=\"size-medium wp-image-3213 alignleft\" style=\"border: 2px solid black; margin: 4px;\" title=\"nocna prehliadka 2010\" src=\"https:\/\/pmza.sk.sk\/wp-content\/uploads\/2011\/06\/nocna-prehliadka-2010-300x225.jpg\" alt=\"\" width=\"300\" height=\"225\" \/><\/a>Pr\u00e1zdniny na hrade Stre\u010dno za\u010d\u00ednaj\u00fa u\u017e v piatok 1. j\u00fala 2011 ka\u017edodenn\u00fdmi divadeln\u00fdmi predstaveniami a hudobn\u00fdmi  koncertami pod n\u00e1zvom Letn\u00e9 pr\u00edbehy hradu Stre\u010dno a Hudobn\u00e9 impresie, ktor\u00e9 Pova\u017esk\u00e9 m\u00fazeum v \u017diline pon\u00faka u\u017e od minuloro\u010dnej sez\u00f3ny. Ka\u017ed\u00fd de\u0148 n\u00e1v\u0161tevn\u00edkov hradu \u010dakaj\u00fa nielen vynoven\u00e9 expoz\u00edcie, ale aj koncerty v hradnej kaplnke a divadeln\u00e9 z\u00e1\u017eitky z najob\u013e\u00fabenej\u0161\u00edch podujat\u00ed. U\u017e onedlho sa n\u00e1v\u0161tevn\u00edci m\u00f4\u017eu stretn\u00fa\u0165 s knie\u017ea\u0165om Drakulom, ktor\u00fd je na odvykacej k\u00fare a po\u010das leta 2011 sa dozvedia ako pokra\u010duje vo svojej abstinencii. <!--more-->\u201e Leto na hrade Stre\u010dno bude naozaj atrakt\u00edvne. Okrem Letn\u00fdch pr\u00edbehov, ktor\u00e9 m\u00fazeum pripravilo ako t\u00fd\u017edenn\u00fa ponuku, bud\u00fa zauj\u00edmav\u00e9 aj v\u00edkendy. Po\u010das nich  sa  bud\u00fa strieda\u0165 podujatia ako s\u00fa stra\u0161ideln\u00e9 prehliadky, rozpr\u00e1vky na hrade, Hradn\u00e9 hry \u017dofie Bosniakovej, druh\u00fd ro\u010dn\u00edk podujatia Chod\u00fa\u013eami na hrad Stre\u010dno alebo v\u00fdstavy slovensk\u00fdch v\u00fdtvarn\u00edkov,\u201c povedal Boris Schubert, riadite\u013e Pova\u017esk\u00e9ho m\u00fazea v \u017diline. Nov\u00ed hrdinovia stre\u010dnianskeho panstva sa predstavia aj na prvej tohoro\u010dnej stra\u0161idelnej prehliadke v piatok 8. j\u00fala 2011, ktor\u00e1 na hrade otv\u00e1ra tret\u00ed ro\u010dn\u00edk popul\u00e1rneho cyklu stra\u0161ideln\u00fdch podujat\u00ed Duchovia, elfovia, stre\u010dniansky des. Stra\u0161i\u0165, ale najm\u00e4 zab\u00e1va\u0165  sa bude op\u00e4\u0165 do neskor\u00fdch no\u010dn\u00fdch hod\u00edn. Prv\u00fd kr\u00e1t sa uk\u00e1\u017ee a odhal\u00ed svoje tajomstv\u00e1 stre\u010dnianska Biela pani, predstav\u00ed sa duch hradn\u00e9ho kata, ale aj slovansk\u00fd boh Per\u00fan. Novinkou bude elektrick\u00e9 kreslo, ktor\u00e9 si bud\u00fa m\u00f4c\u0165 div\u00e1ci no\u010dnej prehliadky osobne vysk\u00fa\u0161a\u0165. Organiz\u00e1torom pr\u00e1zdninov\u00fdch podujat\u00ed Letn\u00e9 pr\u00edbehy hradu Stre\u010dno a prvej tohoro\u010dnej stra\u0161idelnej prehliadky hradu Stre\u010dno pod n\u00e1zvom Duchovia, elfovia, stre\u010dniansky des v piatok 8.j\u00fala 2011 od 20,30 do 23,00h je \u017dilinsk\u00fd samospr\u00e1vny kraj a Pova\u017esk\u00e9 m\u00fazeum v \u017diline.<\/p>\n","protected":false},"excerpt":{"rendered":"<p>Pr\u00e1zdniny na hrade Stre\u010dno za\u010d\u00ednaj\u00fa u\u017e v piatok 1. j\u00fala 2011 ka\u017edodenn\u00fdmi divadeln\u00fdmi predstaveniami a hudobn\u00fdmi koncertami pod n\u00e1zvom Letn\u00e9 pr\u00edbehy hradu Stre\u010dno a Hudobn\u00e9 impresie, ktor\u00e9 Pova\u017esk\u00e9 m\u00fazeum v \u017diline pon\u00faka u\u017e od minuloro\u010dnej sez\u00f3ny. Ka\u017ed\u00fd de\u0148 n\u00e1v\u0161tevn\u00edkov hradu \u010dakaj\u00fa nielen vynoven\u00e9 expoz\u00edcie, ale aj koncerty v hradnej kaplnke a divadeln\u00e9 z\u00e1\u017eitky z najob\u013e\u00fabenej\u0161\u00edch [&hellip;]<\/p>\n","protected":false},"author":1,"featured_media":0,"comment_status":"closed","ping_status":"closed","sticky":false,"template":"","format":"standard","meta":{"site-sidebar-layout":"default","site-content-layout":"","ast-site-content-layout":"","site-content-style":"default","site-sidebar-style":"default","ast-global-header-display":"","ast-banner-title-visibility":"","ast-main-header-display":"","ast-hfb-above-header-display":"","ast-hfb-below-header-display":"","ast-hfb-mobile-header-display":"","site-post-title":"","ast-breadcrumbs-content":"","ast-featured-img":"","footer-sml-layout":"","theme-transparent-header-meta":"","adv-header-id-meta":"","stick-header-meta":"","header-above-stick-meta":"","header-main-stick-meta":"","header-below-stick-meta":"","astra-migrate-meta-layouts":"default","ast-page-background-enabled":"default","ast-page-background-meta":{"desktop":{"background-color":"var(--ast-global-color-4)","background-image":"","background-repeat":"repeat","background-position":"center center","background-size":"auto","background-attachment":"scroll","background-type":"","background-media":"","overlay-type":"","overlay-color":"","overlay-opacity":"","overlay-gradient":""},"tablet":{"background-color":"","background-image":"","background-repeat":"repeat","background-position":"center center","background-size":"auto","background-attachment":"scroll","background-type":"","background-media":"","overlay-type":"","overlay-color":"","overlay-opacity":"","overlay-gradient":""},"mobile":{"background-color":"","background-image":"","background-repeat":"repeat","background-position":"center center","background-size":"auto","background-attachment":"scroll","background-type":"","background-media":"","overlay-type":"","overlay-color":"","overlay-opacity":"","overlay-gradient":""}},"ast-content-background-meta":{"desktop":{"background-color":"var(--ast-global-color-5)","background-image":"","background-repeat":"repeat","background-position":"center center","background-size":"auto","background-attachment":"scroll","background-type":"","background-media":"","overlay-type":"","overlay-color":"","overlay-opacity":"","overlay-gradient":""},"tablet":{"background-color":"var(--ast-global-color-5)","background-image":"","background-repeat":"repeat","background-position":"center center","background-size":"auto","background-attachment":"scroll","background-type":"","background-media":"","overlay-type":"","overlay-color":"","overlay-opacity":"","overlay-gradient":""},"mobile":{"background-color":"var(--ast-global-color-5)","background-image":"","background-repeat":"repeat","background-position":"center center","background-size":"auto","background-attachment":"scroll","background-type":"","background-media":"","overlay-type":"","overlay-color":"","overlay-opacity":"","overlay-gradient":""}},"footnotes":""},"categories":[30],"tags":[],"class_list":["post-3212","post","type-post","status-publish","format-standard","hentry","category-archiv-2011"],"yoast_head":"<!-- This site is optimized with the Yoast SEO plugin v27.4 - https:\/\/yoast.com\/product\/yoast-seo-wordpress\/ -->\n<title>Stra\u0161idl\u00e1 najstra\u0161nej\u0161ie zav\u00edtaj\u00fa na hrad Stre\u010dno u\u017e za\u010diatkom pr\u00e1zdnin - Pova\u017esk\u00e9 m\u00fazeum<\/title>\n<meta name=\"robots\" content=\"index, follow, max-snippet:-1, max-image-preview:large, max-video-preview:-1\" \/>\n<link rel=\"canonical\" href=\"https:\/\/pmza.sk\/?p=3212\" \/>\n<meta property=\"og:locale\" content=\"sk_SK\" \/>\n<meta property=\"og:type\" content=\"article\" \/>\n<meta property=\"og:title\" content=\"Stra\u0161idl\u00e1 najstra\u0161nej\u0161ie zav\u00edtaj\u00fa na hrad Stre\u010dno u\u017e za\u010diatkom pr\u00e1zdnin - Pova\u017esk\u00e9 m\u00fazeum\" \/>\n<meta property=\"og:description\" content=\"Pr\u00e1zdniny na hrade Stre\u010dno za\u010d\u00ednaj\u00fa u\u017e v piatok 1. j\u00fala 2011 ka\u017edodenn\u00fdmi divadeln\u00fdmi predstaveniami a hudobn\u00fdmi koncertami pod n\u00e1zvom Letn\u00e9 pr\u00edbehy hradu Stre\u010dno a Hudobn\u00e9 impresie, ktor\u00e9 Pova\u017esk\u00e9 m\u00fazeum v \u017diline pon\u00faka u\u017e od minuloro\u010dnej sez\u00f3ny. Ka\u017ed\u00fd de\u0148 n\u00e1v\u0161tevn\u00edkov hradu \u010dakaj\u00fa nielen vynoven\u00e9 expoz\u00edcie, ale aj koncerty v hradnej kaplnke a divadeln\u00e9 z\u00e1\u017eitky z najob\u013e\u00fabenej\u0161\u00edch [&hellip;]\" \/>\n<meta property=\"og:url\" content=\"https:\/\/pmza.sk\/?p=3212\" \/>\n<meta property=\"og:site_name\" content=\"Pova\u017esk\u00e9 m\u00fazeum\" \/>\n<meta property=\"article:publisher\" content=\"https:\/\/www.facebook.com\/povazskemuzeum\" \/>\n<meta property=\"article:published_time\" content=\"2011-06-29T13:56:48+00:00\" \/>\n<meta property=\"og:image\" content=\"https:\/\/pmza.sk.sk\/wp-content\/uploads\/2011\/06\/nocna-prehliadka-2010-300x225.jpg\" \/>\n<meta name=\"author\" content=\"libor\" \/>\n<meta name=\"twitter:card\" content=\"summary_large_image\" \/>\n<meta name=\"twitter:label1\" content=\"Autor\" \/>\n\t<meta name=\"twitter:data1\" content=\"libor\" \/>\n\t<meta name=\"twitter:label2\" content=\"Predpokladan\u00fd \u010das \u010d\u00edtania\" \/>\n\t<meta name=\"twitter:data2\" content=\"2 min\u00faty\" \/>\n<script type=\"application\/ld+json\" class=\"yoast-schema-graph\">{\"@context\":\"https:\\\/\\\/schema.org\",\"@graph\":[{\"@type\":\"Article\",\"@id\":\"https:\\\/\\\/pmza.sk\\\/?p=3212#article\",\"isPartOf\":{\"@id\":\"https:\\\/\\\/pmza.sk\\\/?p=3212\"},\"author\":{\"name\":\"libor\",\"@id\":\"https:\\\/\\\/pmza.sk\\\/#\\\/schema\\\/person\\\/f0b923a9aa8e1f67feef0d7cd9afde35\"},\"headline\":\"Stra\u0161idl\u00e1 najstra\u0161nej\u0161ie zav\u00edtaj\u00fa na hrad Stre\u010dno u\u017e za\u010diatkom pr\u00e1zdnin\",\"datePublished\":\"2011-06-29T13:56:48+00:00\",\"mainEntityOfPage\":{\"@id\":\"https:\\\/\\\/pmza.sk\\\/?p=3212\"},\"wordCount\":354,\"publisher\":{\"@id\":\"https:\\\/\\\/pmza.sk\\\/#organization\"},\"image\":{\"@id\":\"https:\\\/\\\/pmza.sk\\\/?p=3212#primaryimage\"},\"thumbnailUrl\":\"http:\\\/\\\/pmza.sk.sk\\\/wp-content\\\/uploads\\\/2011\\\/06\\\/nocna-prehliadka-2010-300x225.jpg\",\"articleSection\":[\"Arch\u00edv 2011\"],\"inLanguage\":\"sk-SK\"},{\"@type\":\"WebPage\",\"@id\":\"https:\\\/\\\/pmza.sk\\\/?p=3212\",\"url\":\"https:\\\/\\\/pmza.sk\\\/?p=3212\",\"name\":\"Stra\u0161idl\u00e1 najstra\u0161nej\u0161ie zav\u00edtaj\u00fa na hrad Stre\u010dno u\u017e za\u010diatkom pr\u00e1zdnin - Pova\u017esk\u00e9 m\u00fazeum\",\"isPartOf\":{\"@id\":\"https:\\\/\\\/pmza.sk\\\/#website\"},\"primaryImageOfPage\":{\"@id\":\"https:\\\/\\\/pmza.sk\\\/?p=3212#primaryimage\"},\"image\":{\"@id\":\"https:\\\/\\\/pmza.sk\\\/?p=3212#primaryimage\"},\"thumbnailUrl\":\"http:\\\/\\\/pmza.sk.sk\\\/wp-content\\\/uploads\\\/2011\\\/06\\\/nocna-prehliadka-2010-300x225.jpg\",\"datePublished\":\"2011-06-29T13:56:48+00:00\",\"breadcrumb\":{\"@id\":\"https:\\\/\\\/pmza.sk\\\/?p=3212#breadcrumb\"},\"inLanguage\":\"sk-SK\",\"potentialAction\":[{\"@type\":\"ReadAction\",\"target\":[\"https:\\\/\\\/pmza.sk\\\/?p=3212\"]}]},{\"@type\":\"ImageObject\",\"inLanguage\":\"sk-SK\",\"@id\":\"https:\\\/\\\/pmza.sk\\\/?p=3212#primaryimage\",\"url\":\"http:\\\/\\\/pmza.sk.sk\\\/wp-content\\\/uploads\\\/2011\\\/06\\\/nocna-prehliadka-2010-300x225.jpg\",\"contentUrl\":\"http:\\\/\\\/pmza.sk.sk\\\/wp-content\\\/uploads\\\/2011\\\/06\\\/nocna-prehliadka-2010-300x225.jpg\"},{\"@type\":\"BreadcrumbList\",\"@id\":\"https:\\\/\\\/pmza.sk\\\/?p=3212#breadcrumb\",\"itemListElement\":[{\"@type\":\"ListItem\",\"position\":1,\"name\":\"Domovsk\u00e1 str\u00e1nka\",\"item\":\"https:\\\/\\\/pmza.sk\\\/\"},{\"@type\":\"ListItem\",\"position\":2,\"name\":\"Stra\u0161idl\u00e1 najstra\u0161nej\u0161ie zav\u00edtaj\u00fa na hrad Stre\u010dno u\u017e za\u010diatkom pr\u00e1zdnin\"}]},{\"@type\":\"WebSite\",\"@id\":\"https:\\\/\\\/pmza.sk\\\/#website\",\"url\":\"https:\\\/\\\/pmza.sk\\\/\",\"name\":\"Pova\u017esk\u00e9 m\u00fazeum\",\"description\":\"Pova\u017esk\u00e9 m\u00fazeum v \u017diline je region\u00e1lne m\u00fazeum so s\u00eddlom v Budat\u00edne. Jeho expoz\u00edcie s\u00fa zameran\u00e9 na dejiny slovensk\u00e9ho umenia, kult\u00fary a dopravy.\",\"publisher\":{\"@id\":\"https:\\\/\\\/pmza.sk\\\/#organization\"},\"potentialAction\":[{\"@type\":\"SearchAction\",\"target\":{\"@type\":\"EntryPoint\",\"urlTemplate\":\"https:\\\/\\\/pmza.sk\\\/?s={search_term_string}\"},\"query-input\":{\"@type\":\"PropertyValueSpecification\",\"valueRequired\":true,\"valueName\":\"search_term_string\"}}],\"inLanguage\":\"sk-SK\"},{\"@type\":\"Organization\",\"@id\":\"https:\\\/\\\/pmza.sk\\\/#organization\",\"name\":\"Pova\u017esk\u00e9 m\u00fazeum\",\"url\":\"https:\\\/\\\/pmza.sk\\\/\",\"logo\":{\"@type\":\"ImageObject\",\"inLanguage\":\"sk-SK\",\"@id\":\"https:\\\/\\\/pmza.sk\\\/#\\\/schema\\\/logo\\\/image\\\/\",\"url\":\"https:\\\/\\\/pmza.sk\\\/wp-content\\\/uploads\\\/2022\\\/01\\\/logo_PM_horizontal.jpg\",\"contentUrl\":\"https:\\\/\\\/pmza.sk\\\/wp-content\\\/uploads\\\/2022\\\/01\\\/logo_PM_horizontal.jpg\",\"width\":231,\"height\":142,\"caption\":\"Pova\u017esk\u00e9 m\u00fazeum\"},\"image\":{\"@id\":\"https:\\\/\\\/pmza.sk\\\/#\\\/schema\\\/logo\\\/image\\\/\"},\"sameAs\":[\"https:\\\/\\\/www.facebook.com\\\/povazskemuzeum\",\"https:\\\/\\\/www.instagram.com\\\/povazskemuzeum\\\/\"]},{\"@type\":\"Person\",\"@id\":\"https:\\\/\\\/pmza.sk\\\/#\\\/schema\\\/person\\\/f0b923a9aa8e1f67feef0d7cd9afde35\",\"name\":\"libor\",\"image\":{\"@type\":\"ImageObject\",\"inLanguage\":\"sk-SK\",\"@id\":\"https:\\\/\\\/secure.gravatar.com\\\/avatar\\\/c583dbc698e594aacced1589eb8cf1673bd41d461e8b2ab635484ffc26fee7b0?s=96&d=mm&r=g\",\"url\":\"https:\\\/\\\/secure.gravatar.com\\\/avatar\\\/c583dbc698e594aacced1589eb8cf1673bd41d461e8b2ab635484ffc26fee7b0?s=96&d=mm&r=g\",\"contentUrl\":\"https:\\\/\\\/secure.gravatar.com\\\/avatar\\\/c583dbc698e594aacced1589eb8cf1673bd41d461e8b2ab635484ffc26fee7b0?s=96&d=mm&r=g\",\"caption\":\"libor\"}}]}<\/script>\n<!-- \/ Yoast SEO plugin. -->","yoast_head_json":{"title":"Stra\u0161idl\u00e1 najstra\u0161nej\u0161ie zav\u00edtaj\u00fa na hrad Stre\u010dno u\u017e za\u010diatkom pr\u00e1zdnin - Pova\u017esk\u00e9 m\u00fazeum","robots":{"index":"index","follow":"follow","max-snippet":"max-snippet:-1","max-image-preview":"max-image-preview:large","max-video-preview":"max-video-preview:-1"},"canonical":"https:\/\/pmza.sk\/?p=3212","og_locale":"sk_SK","og_type":"article","og_title":"Stra\u0161idl\u00e1 najstra\u0161nej\u0161ie zav\u00edtaj\u00fa na hrad Stre\u010dno u\u017e za\u010diatkom pr\u00e1zdnin - Pova\u017esk\u00e9 m\u00fazeum","og_description":"Pr\u00e1zdniny na hrade Stre\u010dno za\u010d\u00ednaj\u00fa u\u017e v piatok 1. j\u00fala 2011 ka\u017edodenn\u00fdmi divadeln\u00fdmi predstaveniami a hudobn\u00fdmi koncertami pod n\u00e1zvom Letn\u00e9 pr\u00edbehy hradu Stre\u010dno a Hudobn\u00e9 impresie, ktor\u00e9 Pova\u017esk\u00e9 m\u00fazeum v \u017diline pon\u00faka u\u017e od minuloro\u010dnej sez\u00f3ny. Ka\u017ed\u00fd de\u0148 n\u00e1v\u0161tevn\u00edkov hradu \u010dakaj\u00fa nielen vynoven\u00e9 expoz\u00edcie, ale aj koncerty v hradnej kaplnke a divadeln\u00e9 z\u00e1\u017eitky z najob\u013e\u00fabenej\u0161\u00edch [&hellip;]","og_url":"https:\/\/pmza.sk\/?p=3212","og_site_name":"Pova\u017esk\u00e9 m\u00fazeum","article_publisher":"https:\/\/www.facebook.com\/povazskemuzeum","article_published_time":"2011-06-29T13:56:48+00:00","og_image":[{"url":"https:\/\/pmza.sk.sk\/wp-content\/uploads\/2011\/06\/nocna-prehliadka-2010-300x225.jpg","type":"","width":"","height":""}],"author":"libor","twitter_card":"summary_large_image","twitter_misc":{"Autor":"libor","Predpokladan\u00fd \u010das \u010d\u00edtania":"2 min\u00faty"},"schema":{"@context":"https:\/\/schema.org","@graph":[{"@type":"Article","@id":"https:\/\/pmza.sk\/?p=3212#article","isPartOf":{"@id":"https:\/\/pmza.sk\/?p=3212"},"author":{"name":"libor","@id":"https:\/\/pmza.sk\/#\/schema\/person\/f0b923a9aa8e1f67feef0d7cd9afde35"},"headline":"Stra\u0161idl\u00e1 najstra\u0161nej\u0161ie zav\u00edtaj\u00fa na hrad Stre\u010dno u\u017e za\u010diatkom pr\u00e1zdnin","datePublished":"2011-06-29T13:56:48+00:00","mainEntityOfPage":{"@id":"https:\/\/pmza.sk\/?p=3212"},"wordCount":354,"publisher":{"@id":"https:\/\/pmza.sk\/#organization"},"image":{"@id":"https:\/\/pmza.sk\/?p=3212#primaryimage"},"thumbnailUrl":"https:\/\/pmza.sk.sk\/wp-content\/uploads\/2011\/06\/nocna-prehliadka-2010-300x225.jpg","articleSection":["Arch\u00edv 2011"],"inLanguage":"sk-SK"},{"@type":"WebPage","@id":"https:\/\/pmza.sk\/?p=3212","url":"https:\/\/pmza.sk\/?p=3212","name":"Stra\u0161idl\u00e1 najstra\u0161nej\u0161ie zav\u00edtaj\u00fa na hrad Stre\u010dno u\u017e za\u010diatkom pr\u00e1zdnin - Pova\u017esk\u00e9 m\u00fazeum","isPartOf":{"@id":"https:\/\/pmza.sk\/#website"},"primaryImageOfPage":{"@id":"https:\/\/pmza.sk\/?p=3212#primaryimage"},"image":{"@id":"https:\/\/pmza.sk\/?p=3212#primaryimage"},"thumbnailUrl":"https:\/\/pmza.sk.sk\/wp-content\/uploads\/2011\/06\/nocna-prehliadka-2010-300x225.jpg","datePublished":"2011-06-29T13:56:48+00:00","breadcrumb":{"@id":"https:\/\/pmza.sk\/?p=3212#breadcrumb"},"inLanguage":"sk-SK","potentialAction":[{"@type":"ReadAction","target":["https:\/\/pmza.sk\/?p=3212"]}]},{"@type":"ImageObject","inLanguage":"sk-SK","@id":"https:\/\/pmza.sk\/?p=3212#primaryimage","url":"https:\/\/pmza.sk.sk\/wp-content\/uploads\/2011\/06\/nocna-prehliadka-2010-300x225.jpg","contentUrl":"https:\/\/pmza.sk.sk\/wp-content\/uploads\/2011\/06\/nocna-prehliadka-2010-300x225.jpg"},{"@type":"BreadcrumbList","@id":"https:\/\/pmza.sk\/?p=3212#breadcrumb","itemListElement":[{"@type":"ListItem","position":1,"name":"Domovsk\u00e1 str\u00e1nka","item":"https:\/\/pmza.sk\/"},{"@type":"ListItem","position":2,"name":"Stra\u0161idl\u00e1 najstra\u0161nej\u0161ie zav\u00edtaj\u00fa na hrad Stre\u010dno u\u017e za\u010diatkom pr\u00e1zdnin"}]},{"@type":"WebSite","@id":"https:\/\/pmza.sk\/#website","url":"https:\/\/pmza.sk\/","name":"Pova\u017esk\u00e9 m\u00fazeum","description":"Pova\u017esk\u00e9 m\u00fazeum v \u017diline je region\u00e1lne m\u00fazeum so s\u00eddlom v Budat\u00edne. Jeho expoz\u00edcie s\u00fa zameran\u00e9 na dejiny slovensk\u00e9ho umenia, kult\u00fary a dopravy.","publisher":{"@id":"https:\/\/pmza.sk\/#organization"},"potentialAction":[{"@type":"SearchAction","target":{"@type":"EntryPoint","urlTemplate":"https:\/\/pmza.sk\/?s={search_term_string}"},"query-input":{"@type":"PropertyValueSpecification","valueRequired":true,"valueName":"search_term_string"}}],"inLanguage":"sk-SK"},{"@type":"Organization","@id":"https:\/\/pmza.sk\/#organization","name":"Pova\u017esk\u00e9 m\u00fazeum","url":"https:\/\/pmza.sk\/","logo":{"@type":"ImageObject","inLanguage":"sk-SK","@id":"https:\/\/pmza.sk\/#\/schema\/logo\/image\/","url":"https:\/\/pmza.sk\/wp-content\/uploads\/2022\/01\/logo_PM_horizontal.jpg","contentUrl":"https:\/\/pmza.sk\/wp-content\/uploads\/2022\/01\/logo_PM_horizontal.jpg","width":231,"height":142,"caption":"Pova\u017esk\u00e9 m\u00fazeum"},"image":{"@id":"https:\/\/pmza.sk\/#\/schema\/logo\/image\/"},"sameAs":["https:\/\/www.facebook.com\/povazskemuzeum","https:\/\/www.instagram.com\/povazskemuzeum\/"]},{"@type":"Person","@id":"https:\/\/pmza.sk\/#\/schema\/person\/f0b923a9aa8e1f67feef0d7cd9afde35","name":"libor","image":{"@type":"ImageObject","inLanguage":"sk-SK","@id":"https:\/\/secure.gravatar.com\/avatar\/c583dbc698e594aacced1589eb8cf1673bd41d461e8b2ab635484ffc26fee7b0?s=96&d=mm&r=g","url":"https:\/\/secure.gravatar.com\/avatar\/c583dbc698e594aacced1589eb8cf1673bd41d461e8b2ab635484ffc26fee7b0?s=96&d=mm&r=g","contentUrl":"https:\/\/secure.gravatar.com\/avatar\/c583dbc698e594aacced1589eb8cf1673bd41d461e8b2ab635484ffc26fee7b0?s=96&d=mm&r=g","caption":"libor"}}]}},"_links":{"self":[{"href":"https:\/\/pmza.sk\/index.php?rest_route=\/wp\/v2\/posts\/3212","targetHints":{"allow":["GET"]}}],"collection":[{"href":"https:\/\/pmza.sk\/index.php?rest_route=\/wp\/v2\/posts"}],"about":[{"href":"https:\/\/pmza.sk\/index.php?rest_route=\/wp\/v2\/types\/post"}],"author":[{"embeddable":true,"href":"https:\/\/pmza.sk\/index.php?rest_route=\/wp\/v2\/users\/1"}],"replies":[{"embeddable":true,"href":"https:\/\/pmza.sk\/index.php?rest_route=%2Fwp%2Fv2%2Fcomments&post=3212"}],"version-history":[{"count":0,"href":"https:\/\/pmza.sk\/index.php?rest_route=\/wp\/v2\/posts\/3212\/revisions"}],"wp:attachment":[{"href":"https:\/\/pmza.sk\/index.php?rest_route=%2Fwp%2Fv2%2Fmedia&parent=3212"}],"wp:term":[{"taxonomy":"category","embeddable":true,"href":"https:\/\/pmza.sk\/index.php?rest_route=%2Fwp%2Fv2%2Fcategories&post=3212"},{"taxonomy":"post_tag","embeddable":true,"href":"https:\/\/pmza.sk\/index.php?rest_route=%2Fwp%2Fv2%2Ftags&post=3212"}],"curies":[{"name":"wp","href":"https:\/\/api.w.org\/{rel}","templated":true}]}}