{"id":32131,"date":"2019-02-28T12:49:59","date_gmt":"2019-02-28T11:49:59","guid":{"rendered":"https:\/\/pmza.sk\/?p=32131"},"modified":"2019-02-28T12:49:59","modified_gmt":"2019-02-28T11:49:59","slug":"den-otvorenych-dveri-odbornej-kniznice-2","status":"publish","type":"post","link":"https:\/\/pmza.sk\/?p=32131","title":{"rendered":"De\u0148 otvoren\u00fdch dver\u00ed odbornej kni\u017enice"},"content":{"rendered":"<p>Radi \u010d\u00edtate a e\u0161te ste neboli v odbornej kni\u017enici v Pova\u017eskom m\u00fazeu v \u017diline? Tak je najvy\u0161\u0161\u00ed \u010das to zmeni\u0165. V stredu 20. marca m\u00e1me De\u0148 otvoren\u00fdch dver\u00ed. Okrem toho, \u017ee sa m\u00f4\u017eete zaregistrova\u0165 bezplatne, str\u00e1vite de\u0148 v pr\u00edjemnom prostred\u00ed. \u010cak\u00e1 na v\u00e1s viac ako 12 000 kni\u017eni\u010dn\u00fdch jednotiek, z toho viac ako 300 star\u00fdch tla\u010d\u00ed do roku 1918.<\/p>\n<p>Kni\u017enica s\u00eddli v\u00a0are\u00e1li Budat\u00ednskeho hradu a\u00a0jej fond tvor\u00ed spolo\u010denskovedn\u00e1, pr\u00edrodovedn\u00e1 a\u00a0vlastivedn\u00e1 literat\u00fara. Kni\u017enica taktie\u017e disponuje mno\u017estvom zborn\u00edkov a\u00a0periodickej literat\u00fary z\u00a0hist\u00f3rie, archeol\u00f3gie, geol\u00f3gie, botaniky, zool\u00f3gie, dopravy, n\u00e1rodopisu a\u00a0budovan\u00fdm fondom z\u00a0drot\u00e1rstva a\u00a0dej\u00edn dopravy. Publik\u00e1cie poch\u00e1dzaj\u00fa z\u00a0dom\u00e1cej aj zahrani\u010dnej produkcie. \u201e<em>Medzi najstar\u0161ie a\u00a0najvz\u00e1cnej\u0161ie publik\u00e1cie, ktor\u00e9 kni\u017enica vlastn\u00ed, patr\u00ed Uhorsk\u00e9 pr\u00e1vo a\u00a0Nariadenia slov\u00fatnej vl\u00e1dy Uhorska Corpus Juris Hungarici z\u00a0roku 1740,\u201c <\/em>uviedla knihovn\u00ed\u010dka Janka Sakalov\u00e1.<\/p>\n<p>Zna\u010dn\u00fd z\u00e1ujem verejnosti je o\u00a0Vlastivedn\u00e9 zborn\u00edky Pova\u017eia, ktor\u00e9 vych\u00e1dzaj\u00fa z\u00a0edi\u010dnej \u010dinnosti m\u00fazea. Mo\u017eno v\u00a0nich n\u00e1js\u0165 odborn\u00e9 \u010dl\u00e1nky, ktor\u00e9 s\u00fa v\u00fdsledkami v\u00fdskumu z\u00a0oblasti spolo\u010densk\u00fdch a\u00a0pr\u00edrodn\u00fdch vied v\u00a0regi\u00f3ne Horn\u00e9ho Pova\u017eia. Tento rok vyjde u\u017e jeho 29. \u010d\u00edslo.<\/p>\n<p>Kni\u017enicu vyu\u017e\u00edvaj\u00fa najm\u00e4 \u0161tudenti pri p\u00edsan\u00ed bakal\u00e1rskych, diplomov\u00fdch alebo dizerta\u010dn\u00fdch pr\u00e1c, ale tie\u017e odborn\u00e1 verejnos\u0165, preto\u017ee umo\u017e\u0148uje pr\u00edstup k\u00a0inform\u00e1ci\u00e1m s\u00a0komplexn\u00fdm poh\u013eadom na regi\u00f3n Horn\u00e9ho Pova\u017eia. N\u00e1v\u0161tevn\u00edci kni\u017enice maj\u00fa k\u00a0dispoz\u00edcii online katal\u00f3g, prostredn\u00edctvom ktor\u00e9ho m\u00f4\u017eu z\u00edska\u0165 potrebn\u00e9 inform\u00e1cie.<\/p>\n<p>Z\u00e1ujemcovia s\u00fa v\u00edtan\u00ed v \u010dase od 8.00 do 17.00 hod. a v de\u0148 registr\u00e1cie bud\u00fa odmenen\u00ed zauj\u00edmavou publik\u00e1ciou.<\/p>\n<p>&nbsp;<\/p>\n","protected":false},"excerpt":{"rendered":"<p>Radi \u010d\u00edtate a e\u0161te ste neboli v odbornej kni\u017enici v Pova\u017eskom m\u00fazeu v \u017diline? Tak je najvy\u0161\u0161\u00ed \u010das to zmeni\u0165. V stredu 20. marca m\u00e1me De\u0148 otvoren\u00fdch dver\u00ed. Okrem toho, \u017ee sa m\u00f4\u017eete zaregistrova\u0165 bezplatne, str\u00e1vite de\u0148 v pr\u00edjemnom prostred\u00ed. \u010cak\u00e1 na v\u00e1s viac ako 12 000 kni\u017eni\u010dn\u00fdch jednotiek, z toho viac ako 300 star\u00fdch [&hellip;]<\/p>\n","protected":false},"author":2,"featured_media":32132,"comment_status":"closed","ping_status":"closed","sticky":false,"template":"","format":"standard","meta":{"site-sidebar-layout":"default","site-content-layout":"","ast-site-content-layout":"","site-content-style":"default","site-sidebar-style":"default","ast-global-header-display":"","ast-banner-title-visibility":"","ast-main-header-display":"","ast-hfb-above-header-display":"","ast-hfb-below-header-display":"","ast-hfb-mobile-header-display":"","site-post-title":"","ast-breadcrumbs-content":"","ast-featured-img":"","footer-sml-layout":"","theme-transparent-header-meta":"","adv-header-id-meta":"","stick-header-meta":"","header-above-stick-meta":"","header-main-stick-meta":"","header-below-stick-meta":"","astra-migrate-meta-layouts":"default","ast-page-background-enabled":"default","ast-page-background-meta":{"desktop":{"background-color":"var(--ast-global-color-4)","background-image":"","background-repeat":"repeat","background-position":"center center","background-size":"auto","background-attachment":"scroll","background-type":"","background-media":"","overlay-type":"","overlay-color":"","overlay-opacity":"","overlay-gradient":""},"tablet":{"background-color":"","background-image":"","background-repeat":"repeat","background-position":"center center","background-size":"auto","background-attachment":"scroll","background-type":"","background-media":"","overlay-type":"","overlay-color":"","overlay-opacity":"","overlay-gradient":""},"mobile":{"background-color":"","background-image":"","background-repeat":"repeat","background-position":"center center","background-size":"auto","background-attachment":"scroll","background-type":"","background-media":"","overlay-type":"","overlay-color":"","overlay-opacity":"","overlay-gradient":""}},"ast-content-background-meta":{"desktop":{"background-color":"var(--ast-global-color-5)","background-image":"","background-repeat":"repeat","background-position":"center center","background-size":"auto","background-attachment":"scroll","background-type":"","background-media":"","overlay-type":"","overlay-color":"","overlay-opacity":"","overlay-gradient":""},"tablet":{"background-color":"var(--ast-global-color-5)","background-image":"","background-repeat":"repeat","background-position":"center center","background-size":"auto","background-attachment":"scroll","background-type":"","background-media":"","overlay-type":"","overlay-color":"","overlay-opacity":"","overlay-gradient":""},"mobile":{"background-color":"var(--ast-global-color-5)","background-image":"","background-repeat":"repeat","background-position":"center center","background-size":"auto","background-attachment":"scroll","background-type":"","background-media":"","overlay-type":"","overlay-color":"","overlay-opacity":"","overlay-gradient":""}},"footnotes":""},"categories":[31],"tags":[],"class_list":["post-32131","post","type-post","status-publish","format-standard","has-post-thumbnail","hentry","category-aktuality"],"yoast_head":"<!-- This site is optimized with the Yoast SEO plugin v27.4 - https:\/\/yoast.com\/product\/yoast-seo-wordpress\/ -->\n<title>De\u0148 otvoren\u00fdch dver\u00ed odbornej kni\u017enice - Pova\u017esk\u00e9 m\u00fazeum<\/title>\n<meta name=\"robots\" content=\"index, follow, max-snippet:-1, max-image-preview:large, max-video-preview:-1\" \/>\n<link rel=\"canonical\" href=\"https:\/\/pmza.sk\/?p=32131\" \/>\n<meta property=\"og:locale\" content=\"sk_SK\" \/>\n<meta property=\"og:type\" content=\"article\" \/>\n<meta property=\"og:title\" content=\"De\u0148 otvoren\u00fdch dver\u00ed odbornej kni\u017enice - Pova\u017esk\u00e9 m\u00fazeum\" \/>\n<meta property=\"og:description\" content=\"Radi \u010d\u00edtate a e\u0161te ste neboli v odbornej kni\u017enici v Pova\u017eskom m\u00fazeu v \u017diline? Tak je najvy\u0161\u0161\u00ed \u010das to zmeni\u0165. V stredu 20. marca m\u00e1me De\u0148 otvoren\u00fdch dver\u00ed. Okrem toho, \u017ee sa m\u00f4\u017eete zaregistrova\u0165 bezplatne, str\u00e1vite de\u0148 v pr\u00edjemnom prostred\u00ed. \u010cak\u00e1 na v\u00e1s viac ako 12 000 kni\u017eni\u010dn\u00fdch jednotiek, z toho viac ako 300 star\u00fdch [&hellip;]\" \/>\n<meta property=\"og:url\" content=\"https:\/\/pmza.sk\/?p=32131\" \/>\n<meta property=\"og:site_name\" content=\"Pova\u017esk\u00e9 m\u00fazeum\" \/>\n<meta property=\"article:publisher\" content=\"https:\/\/www.facebook.com\/povazskemuzeum\" \/>\n<meta property=\"article:published_time\" content=\"2019-02-28T11:49:59+00:00\" \/>\n<meta property=\"og:image\" content=\"https:\/\/pmza.sk\/wp-content\/uploads\/2019\/02\/kniznica_www-2-scaled-1.jpg\" \/>\n\t<meta property=\"og:image:width\" content=\"1813\" \/>\n\t<meta property=\"og:image:height\" content=\"2560\" \/>\n\t<meta property=\"og:image:type\" content=\"image\/jpeg\" \/>\n<meta name=\"author\" content=\"Pova\u017esk\u00e9 m\u00fazeum\" \/>\n<meta name=\"twitter:card\" content=\"summary_large_image\" \/>\n<meta name=\"twitter:label1\" content=\"Autor\" \/>\n\t<meta name=\"twitter:data1\" content=\"Pova\u017esk\u00e9 m\u00fazeum\" \/>\n\t<meta name=\"twitter:label2\" content=\"Predpokladan\u00fd \u010das \u010d\u00edtania\" \/>\n\t<meta name=\"twitter:data2\" content=\"2 min\u00faty\" \/>\n<script type=\"application\/ld+json\" class=\"yoast-schema-graph\">{\"@context\":\"https:\\\/\\\/schema.org\",\"@graph\":[{\"@type\":\"Article\",\"@id\":\"https:\\\/\\\/pmza.sk\\\/?p=32131#article\",\"isPartOf\":{\"@id\":\"https:\\\/\\\/pmza.sk\\\/?p=32131\"},\"author\":{\"name\":\"Pova\u017esk\u00e9 m\u00fazeum\",\"@id\":\"https:\\\/\\\/pmza.sk\\\/#\\\/schema\\\/person\\\/595e6a2ce731ea94dcd5d7f50a41ae33\"},\"headline\":\"De\u0148 otvoren\u00fdch dver\u00ed odbornej kni\u017enice\",\"datePublished\":\"2019-02-28T11:49:59+00:00\",\"mainEntityOfPage\":{\"@id\":\"https:\\\/\\\/pmza.sk\\\/?p=32131\"},\"wordCount\":328,\"publisher\":{\"@id\":\"https:\\\/\\\/pmza.sk\\\/#organization\"},\"image\":{\"@id\":\"https:\\\/\\\/pmza.sk\\\/?p=32131#primaryimage\"},\"thumbnailUrl\":\"https:\\\/\\\/pmza.sk\\\/wp-content\\\/uploads\\\/2019\\\/02\\\/kniznica_www-2-scaled-1.jpg\",\"articleSection\":[\"Aktuality\"],\"inLanguage\":\"sk-SK\"},{\"@type\":\"WebPage\",\"@id\":\"https:\\\/\\\/pmza.sk\\\/?p=32131\",\"url\":\"https:\\\/\\\/pmza.sk\\\/?p=32131\",\"name\":\"De\u0148 otvoren\u00fdch dver\u00ed odbornej kni\u017enice - Pova\u017esk\u00e9 m\u00fazeum\",\"isPartOf\":{\"@id\":\"https:\\\/\\\/pmza.sk\\\/#website\"},\"primaryImageOfPage\":{\"@id\":\"https:\\\/\\\/pmza.sk\\\/?p=32131#primaryimage\"},\"image\":{\"@id\":\"https:\\\/\\\/pmza.sk\\\/?p=32131#primaryimage\"},\"thumbnailUrl\":\"https:\\\/\\\/pmza.sk\\\/wp-content\\\/uploads\\\/2019\\\/02\\\/kniznica_www-2-scaled-1.jpg\",\"datePublished\":\"2019-02-28T11:49:59+00:00\",\"breadcrumb\":{\"@id\":\"https:\\\/\\\/pmza.sk\\\/?p=32131#breadcrumb\"},\"inLanguage\":\"sk-SK\",\"potentialAction\":[{\"@type\":\"ReadAction\",\"target\":[\"https:\\\/\\\/pmza.sk\\\/?p=32131\"]}]},{\"@type\":\"ImageObject\",\"inLanguage\":\"sk-SK\",\"@id\":\"https:\\\/\\\/pmza.sk\\\/?p=32131#primaryimage\",\"url\":\"https:\\\/\\\/pmza.sk\\\/wp-content\\\/uploads\\\/2019\\\/02\\\/kniznica_www-2-scaled-1.jpg\",\"contentUrl\":\"https:\\\/\\\/pmza.sk\\\/wp-content\\\/uploads\\\/2019\\\/02\\\/kniznica_www-2-scaled-1.jpg\",\"width\":1813,\"height\":2560},{\"@type\":\"BreadcrumbList\",\"@id\":\"https:\\\/\\\/pmza.sk\\\/?p=32131#breadcrumb\",\"itemListElement\":[{\"@type\":\"ListItem\",\"position\":1,\"name\":\"Domovsk\u00e1 str\u00e1nka\",\"item\":\"https:\\\/\\\/pmza.sk\\\/\"},{\"@type\":\"ListItem\",\"position\":2,\"name\":\"De\u0148 otvoren\u00fdch dver\u00ed odbornej kni\u017enice\"}]},{\"@type\":\"WebSite\",\"@id\":\"https:\\\/\\\/pmza.sk\\\/#website\",\"url\":\"https:\\\/\\\/pmza.sk\\\/\",\"name\":\"Pova\u017esk\u00e9 m\u00fazeum\",\"description\":\"Pova\u017esk\u00e9 m\u00fazeum v \u017diline je region\u00e1lne m\u00fazeum so s\u00eddlom v Budat\u00edne. Jeho expoz\u00edcie s\u00fa zameran\u00e9 na dejiny slovensk\u00e9ho umenia, kult\u00fary a dopravy.\",\"publisher\":{\"@id\":\"https:\\\/\\\/pmza.sk\\\/#organization\"},\"potentialAction\":[{\"@type\":\"SearchAction\",\"target\":{\"@type\":\"EntryPoint\",\"urlTemplate\":\"https:\\\/\\\/pmza.sk\\\/?s={search_term_string}\"},\"query-input\":{\"@type\":\"PropertyValueSpecification\",\"valueRequired\":true,\"valueName\":\"search_term_string\"}}],\"inLanguage\":\"sk-SK\"},{\"@type\":\"Organization\",\"@id\":\"https:\\\/\\\/pmza.sk\\\/#organization\",\"name\":\"Pova\u017esk\u00e9 m\u00fazeum\",\"url\":\"https:\\\/\\\/pmza.sk\\\/\",\"logo\":{\"@type\":\"ImageObject\",\"inLanguage\":\"sk-SK\",\"@id\":\"https:\\\/\\\/pmza.sk\\\/#\\\/schema\\\/logo\\\/image\\\/\",\"url\":\"https:\\\/\\\/pmza.sk\\\/wp-content\\\/uploads\\\/2022\\\/01\\\/logo_PM_horizontal.jpg\",\"contentUrl\":\"https:\\\/\\\/pmza.sk\\\/wp-content\\\/uploads\\\/2022\\\/01\\\/logo_PM_horizontal.jpg\",\"width\":231,\"height\":142,\"caption\":\"Pova\u017esk\u00e9 m\u00fazeum\"},\"image\":{\"@id\":\"https:\\\/\\\/pmza.sk\\\/#\\\/schema\\\/logo\\\/image\\\/\"},\"sameAs\":[\"https:\\\/\\\/www.facebook.com\\\/povazskemuzeum\",\"https:\\\/\\\/www.instagram.com\\\/povazskemuzeum\\\/\"]},{\"@type\":\"Person\",\"@id\":\"https:\\\/\\\/pmza.sk\\\/#\\\/schema\\\/person\\\/595e6a2ce731ea94dcd5d7f50a41ae33\",\"name\":\"Pova\u017esk\u00e9 m\u00fazeum\",\"image\":{\"@type\":\"ImageObject\",\"inLanguage\":\"sk-SK\",\"@id\":\"https:\\\/\\\/secure.gravatar.com\\\/avatar\\\/2bb7f1561282132fb5826dfeccc66c7996d11ee392ac6aaf7ced8a1c2027fbb2?s=96&d=mm&r=g\",\"url\":\"https:\\\/\\\/secure.gravatar.com\\\/avatar\\\/2bb7f1561282132fb5826dfeccc66c7996d11ee392ac6aaf7ced8a1c2027fbb2?s=96&d=mm&r=g\",\"contentUrl\":\"https:\\\/\\\/secure.gravatar.com\\\/avatar\\\/2bb7f1561282132fb5826dfeccc66c7996d11ee392ac6aaf7ced8a1c2027fbb2?s=96&d=mm&r=g\",\"caption\":\"Pova\u017esk\u00e9 m\u00fazeum\"}}]}<\/script>\n<!-- \/ Yoast SEO plugin. -->","yoast_head_json":{"title":"De\u0148 otvoren\u00fdch dver\u00ed odbornej kni\u017enice - Pova\u017esk\u00e9 m\u00fazeum","robots":{"index":"index","follow":"follow","max-snippet":"max-snippet:-1","max-image-preview":"max-image-preview:large","max-video-preview":"max-video-preview:-1"},"canonical":"https:\/\/pmza.sk\/?p=32131","og_locale":"sk_SK","og_type":"article","og_title":"De\u0148 otvoren\u00fdch dver\u00ed odbornej kni\u017enice - Pova\u017esk\u00e9 m\u00fazeum","og_description":"Radi \u010d\u00edtate a e\u0161te ste neboli v odbornej kni\u017enici v Pova\u017eskom m\u00fazeu v \u017diline? Tak je najvy\u0161\u0161\u00ed \u010das to zmeni\u0165. V stredu 20. marca m\u00e1me De\u0148 otvoren\u00fdch dver\u00ed. Okrem toho, \u017ee sa m\u00f4\u017eete zaregistrova\u0165 bezplatne, str\u00e1vite de\u0148 v pr\u00edjemnom prostred\u00ed. \u010cak\u00e1 na v\u00e1s viac ako 12 000 kni\u017eni\u010dn\u00fdch jednotiek, z toho viac ako 300 star\u00fdch [&hellip;]","og_url":"https:\/\/pmza.sk\/?p=32131","og_site_name":"Pova\u017esk\u00e9 m\u00fazeum","article_publisher":"https:\/\/www.facebook.com\/povazskemuzeum","article_published_time":"2019-02-28T11:49:59+00:00","og_image":[{"width":1813,"height":2560,"url":"https:\/\/pmza.sk\/wp-content\/uploads\/2019\/02\/kniznica_www-2-scaled-1.jpg","type":"image\/jpeg"}],"author":"Pova\u017esk\u00e9 m\u00fazeum","twitter_card":"summary_large_image","twitter_misc":{"Autor":"Pova\u017esk\u00e9 m\u00fazeum","Predpokladan\u00fd \u010das \u010d\u00edtania":"2 min\u00faty"},"schema":{"@context":"https:\/\/schema.org","@graph":[{"@type":"Article","@id":"https:\/\/pmza.sk\/?p=32131#article","isPartOf":{"@id":"https:\/\/pmza.sk\/?p=32131"},"author":{"name":"Pova\u017esk\u00e9 m\u00fazeum","@id":"https:\/\/pmza.sk\/#\/schema\/person\/595e6a2ce731ea94dcd5d7f50a41ae33"},"headline":"De\u0148 otvoren\u00fdch dver\u00ed odbornej kni\u017enice","datePublished":"2019-02-28T11:49:59+00:00","mainEntityOfPage":{"@id":"https:\/\/pmza.sk\/?p=32131"},"wordCount":328,"publisher":{"@id":"https:\/\/pmza.sk\/#organization"},"image":{"@id":"https:\/\/pmza.sk\/?p=32131#primaryimage"},"thumbnailUrl":"https:\/\/pmza.sk\/wp-content\/uploads\/2019\/02\/kniznica_www-2-scaled-1.jpg","articleSection":["Aktuality"],"inLanguage":"sk-SK"},{"@type":"WebPage","@id":"https:\/\/pmza.sk\/?p=32131","url":"https:\/\/pmza.sk\/?p=32131","name":"De\u0148 otvoren\u00fdch dver\u00ed odbornej kni\u017enice - Pova\u017esk\u00e9 m\u00fazeum","isPartOf":{"@id":"https:\/\/pmza.sk\/#website"},"primaryImageOfPage":{"@id":"https:\/\/pmza.sk\/?p=32131#primaryimage"},"image":{"@id":"https:\/\/pmza.sk\/?p=32131#primaryimage"},"thumbnailUrl":"https:\/\/pmza.sk\/wp-content\/uploads\/2019\/02\/kniznica_www-2-scaled-1.jpg","datePublished":"2019-02-28T11:49:59+00:00","breadcrumb":{"@id":"https:\/\/pmza.sk\/?p=32131#breadcrumb"},"inLanguage":"sk-SK","potentialAction":[{"@type":"ReadAction","target":["https:\/\/pmza.sk\/?p=32131"]}]},{"@type":"ImageObject","inLanguage":"sk-SK","@id":"https:\/\/pmza.sk\/?p=32131#primaryimage","url":"https:\/\/pmza.sk\/wp-content\/uploads\/2019\/02\/kniznica_www-2-scaled-1.jpg","contentUrl":"https:\/\/pmza.sk\/wp-content\/uploads\/2019\/02\/kniznica_www-2-scaled-1.jpg","width":1813,"height":2560},{"@type":"BreadcrumbList","@id":"https:\/\/pmza.sk\/?p=32131#breadcrumb","itemListElement":[{"@type":"ListItem","position":1,"name":"Domovsk\u00e1 str\u00e1nka","item":"https:\/\/pmza.sk\/"},{"@type":"ListItem","position":2,"name":"De\u0148 otvoren\u00fdch dver\u00ed odbornej kni\u017enice"}]},{"@type":"WebSite","@id":"https:\/\/pmza.sk\/#website","url":"https:\/\/pmza.sk\/","name":"Pova\u017esk\u00e9 m\u00fazeum","description":"Pova\u017esk\u00e9 m\u00fazeum v \u017diline je region\u00e1lne m\u00fazeum so s\u00eddlom v Budat\u00edne. Jeho expoz\u00edcie s\u00fa zameran\u00e9 na dejiny slovensk\u00e9ho umenia, kult\u00fary a dopravy.","publisher":{"@id":"https:\/\/pmza.sk\/#organization"},"potentialAction":[{"@type":"SearchAction","target":{"@type":"EntryPoint","urlTemplate":"https:\/\/pmza.sk\/?s={search_term_string}"},"query-input":{"@type":"PropertyValueSpecification","valueRequired":true,"valueName":"search_term_string"}}],"inLanguage":"sk-SK"},{"@type":"Organization","@id":"https:\/\/pmza.sk\/#organization","name":"Pova\u017esk\u00e9 m\u00fazeum","url":"https:\/\/pmza.sk\/","logo":{"@type":"ImageObject","inLanguage":"sk-SK","@id":"https:\/\/pmza.sk\/#\/schema\/logo\/image\/","url":"https:\/\/pmza.sk\/wp-content\/uploads\/2022\/01\/logo_PM_horizontal.jpg","contentUrl":"https:\/\/pmza.sk\/wp-content\/uploads\/2022\/01\/logo_PM_horizontal.jpg","width":231,"height":142,"caption":"Pova\u017esk\u00e9 m\u00fazeum"},"image":{"@id":"https:\/\/pmza.sk\/#\/schema\/logo\/image\/"},"sameAs":["https:\/\/www.facebook.com\/povazskemuzeum","https:\/\/www.instagram.com\/povazskemuzeum\/"]},{"@type":"Person","@id":"https:\/\/pmza.sk\/#\/schema\/person\/595e6a2ce731ea94dcd5d7f50a41ae33","name":"Pova\u017esk\u00e9 m\u00fazeum","image":{"@type":"ImageObject","inLanguage":"sk-SK","@id":"https:\/\/secure.gravatar.com\/avatar\/2bb7f1561282132fb5826dfeccc66c7996d11ee392ac6aaf7ced8a1c2027fbb2?s=96&d=mm&r=g","url":"https:\/\/secure.gravatar.com\/avatar\/2bb7f1561282132fb5826dfeccc66c7996d11ee392ac6aaf7ced8a1c2027fbb2?s=96&d=mm&r=g","contentUrl":"https:\/\/secure.gravatar.com\/avatar\/2bb7f1561282132fb5826dfeccc66c7996d11ee392ac6aaf7ced8a1c2027fbb2?s=96&d=mm&r=g","caption":"Pova\u017esk\u00e9 m\u00fazeum"}}]}},"_links":{"self":[{"href":"https:\/\/pmza.sk\/index.php?rest_route=\/wp\/v2\/posts\/32131","targetHints":{"allow":["GET"]}}],"collection":[{"href":"https:\/\/pmza.sk\/index.php?rest_route=\/wp\/v2\/posts"}],"about":[{"href":"https:\/\/pmza.sk\/index.php?rest_route=\/wp\/v2\/types\/post"}],"author":[{"embeddable":true,"href":"https:\/\/pmza.sk\/index.php?rest_route=\/wp\/v2\/users\/2"}],"replies":[{"embeddable":true,"href":"https:\/\/pmza.sk\/index.php?rest_route=%2Fwp%2Fv2%2Fcomments&post=32131"}],"version-history":[{"count":0,"href":"https:\/\/pmza.sk\/index.php?rest_route=\/wp\/v2\/posts\/32131\/revisions"}],"wp:featuredmedia":[{"embeddable":true,"href":"https:\/\/pmza.sk\/index.php?rest_route=\/wp\/v2\/media\/32132"}],"wp:attachment":[{"href":"https:\/\/pmza.sk\/index.php?rest_route=%2Fwp%2Fv2%2Fmedia&parent=32131"}],"wp:term":[{"taxonomy":"category","embeddable":true,"href":"https:\/\/pmza.sk\/index.php?rest_route=%2Fwp%2Fv2%2Fcategories&post=32131"},{"taxonomy":"post_tag","embeddable":true,"href":"https:\/\/pmza.sk\/index.php?rest_route=%2Fwp%2Fv2%2Ftags&post=32131"}],"curies":[{"name":"wp","href":"https:\/\/api.w.org\/{rel}","templated":true}]}}