{"id":32261,"date":"2019-03-06T10:44:28","date_gmt":"2019-03-06T09:44:28","guid":{"rendered":"https:\/\/pmza.sk\/?p=32261"},"modified":"2019-03-06T10:44:28","modified_gmt":"2019-03-06T09:44:28","slug":"vystava-velka-noc-ide","status":"publish","type":"post","link":"https:\/\/pmza.sk\/?p=32261","title":{"rendered":"\u201e&#8230;Ve\u013ek\u00e1 noc ide&#8230;\u201c v\u00fdstava"},"content":{"rendered":"<p>K\u00a0jarn\u00e9mu obdobiu neodmyslite\u013ene patria zdoben\u00e9 vaj\u00ed\u010dka \u2013 kraslice, ktor\u00e9 v\u00a0s\u00fa\u010dasnosti plnia predov\u0161etk\u00fdm estetick\u00fa funkciu. S\u00fa nielen pekn\u00fdm symbolom jari, ale aj d\u00f4kazom \u0161ikovnosti r\u00fak ich tvorcov a\u00a0v\u00fdtvarn\u00e9ho nadania. Na Slovensku pozn\u00e1me nieko\u013eko sp\u00f4sobov ich v\u00fdzdoby, \u010di u\u017e je to jednoduch\u00e9 farbenie, voskovanie, leptanie kyselinou, obliepanie slamou a\u00a0mnoho \u010fal\u0161\u00edch. Medzi najn\u00e1ro\u010dnej\u0161ie a\u00a0bezpochyby aj umelecky najp\u00f4sobivej\u0161ie patria\u00a0 kraslice odr\u00f4tovan\u00e9. S\u00fa jedine\u010dn\u00fdm fenom\u00e9nom Slovenska a\u00a0s\u00favisia s\u00a0existenciou drot\u00e1rskeho remesla, ktor\u00e9 vzniklo v\u00a0severoz\u00e1padnej \u010dasti tejto krajiny.<\/p>\n<p>Vznik vaj\u00ed\u010dok \u201ema\u013eovan\u00fdch dr\u00f4tom\u201c a\u00a0p\u00f4vodn\u00e9 vzory s\u00fa tak trochu tajomstvom. Jedin\u00fdm hodnovern\u00fdm d\u00f4kazom ich existencie v\u00a0minulosti je fotografia z\u00a0v\u00fdstavy drot\u00e1rstva v\u00a0roku 1940 v\u00a0Dlhom Poli. V\u00fdznamn\u00fdm medzn\u00edkom v\u00a0rozvoji drot\u00e1rskej ozdobnej techniky na Slovensku bola v\u00fdstava krasl\u00edc Petra Musila a\u00a0jeho \u017eiakov na Budat\u00ednskom hrade v\u00a0roku 1993. O\u00a010 rokov nesk\u00f4r bolo Pova\u017esk\u00e9 m\u00fazeum v\u00a0\u017diline dokonca zap\u00edsan\u00e9 do Guinessovej knihy rekordov ako m\u00fazeum s\u00a0najv\u00e4\u010d\u0161\u00edm po\u010dtom zozbieran\u00fdch odr\u00f4tovan\u00fdch krasl\u00edc. U\u017e vtedy ich bolo viac ako 400.<\/p>\n<p>V\u00fdstava \u201e&#8230;Ve\u013ek\u00e1 noc ide&#8230;\u201c v\u00a0Pavil\u00f3ne drot\u00e1rstva predstavuje kolekciu opletan\u00fdch vaj\u00ed\u010dok. Ich \u010das\u0165 poch\u00e1dza zo zbierkov\u00e9ho fondu drot\u00e1rstva a\u00a0\u010das\u0165 od s\u00fa\u010dasn\u00fdch autorov pracuj\u00facich s\u00a0dr\u00f4tom. <em>\u201ePreva\u017en\u00e1 \u010das\u0165 vaj\u00ed\u010dok je zdoben\u00e1 textiln\u00fdmi technikami. V\u00a0najv\u00e4\u010d\u0161om po\u010dte s\u00fa zast\u00fapen\u00e9 kraslice zhotoven\u00e9 slu\u010dkov\u00fdm v\u00fdpletom vych\u00e1dzaj\u00facim zo \u0161itej \u010dipky. Na in\u00fdch remeseln\u00edci uplatnili princ\u00edp pali\u010dkovania \u010di \u00a0h\u00e1\u010dkovania. Rovnako zauj\u00edmav\u00e9 s\u00fa aj vaj\u00ed\u010dka s\u00a0tradi\u010dn\u00fdmi\u00a0 sie\u0165ami so \u0161tvorcov\u00fdmi, \u010di koso\u0161tvorcov\u00fdmi okami, ale aj\u00a0 tie, ktor\u00e9 s\u00fa opletan\u00e9 n\u00e1ro\u010dnou ko\u0161ik\u00e1rskou technikou. Niektor\u00ed autori zasa pri ich zdoben\u00ed vyu\u017eili\u00a0 svoju fant\u00e1ziu a\u00a0do nezvy\u010dajn\u00fdch dr\u00f4ten\u00fdch v\u00fdpletov vlo\u017eili star\u00e9 drot\u00e1rske, ale aj modern\u00e9, abstraktn\u00e9 \u010di\u00a0figur\u00e1lne prvky.\u201c<\/em> pribl\u00ed\u017eila etnologi\u010dka drot\u00e1rstva Mgr. Katar\u00edna Kendrov\u00e1.\u00a0<\/p>\n<p>Dr\u00f4t poskytuje remeseln\u00edkom \u0161irok\u00e9 mo\u017enosti vyu\u017eitia aj pri tak \u0161pecifickej pr\u00e1ci ako je opletanie vaj\u00ed\u010dok. V\u00fdstava \u201e&#8230;Ve\u013ek\u00e1 noc ide&#8230;\u201c, ktor\u00fa autorsky pripravili pracovn\u00ed\u010dky drot\u00e1rskeho oddelenia Mgr. Katar\u00edna Hallonov\u00e1 a\u00a0Mgr.\u00a0Katar\u00edna Kendrov\u00e1, je toho najlep\u0161\u00edm d\u00f4kazom. Pre verejnos\u0165 bude otvoren\u00e1 od 21. marca do 12. m\u00e1ja 2019 a n\u00e1v\u0161tevn\u00edci\u00a0uvidia takmer 360 zdoben\u00fdch krasl\u00edc od tridsiatky slovensk\u00fdch a\u00a0\u010desk\u00fdch autorov. \u00a0<\/p>\n","protected":false},"excerpt":{"rendered":"<p>K\u00a0jarn\u00e9mu obdobiu neodmyslite\u013ene patria zdoben\u00e9 vaj\u00ed\u010dka \u2013 kraslice, ktor\u00e9 v\u00a0s\u00fa\u010dasnosti plnia predov\u0161etk\u00fdm estetick\u00fa funkciu. S\u00fa nielen pekn\u00fdm symbolom jari, ale aj d\u00f4kazom \u0161ikovnosti r\u00fak ich tvorcov a\u00a0v\u00fdtvarn\u00e9ho nadania. Na Slovensku pozn\u00e1me nieko\u013eko sp\u00f4sobov ich v\u00fdzdoby, \u010di u\u017e je to jednoduch\u00e9 farbenie, voskovanie, leptanie kyselinou, obliepanie slamou a\u00a0mnoho \u010fal\u0161\u00edch. Medzi najn\u00e1ro\u010dnej\u0161ie a\u00a0bezpochyby aj umelecky najp\u00f4sobivej\u0161ie patria\u00a0 [&hellip;]<\/p>\n","protected":false},"author":2,"featured_media":32262,"comment_status":"closed","ping_status":"closed","sticky":false,"template":"","format":"standard","meta":{"site-sidebar-layout":"default","site-content-layout":"","ast-site-content-layout":"","site-content-style":"default","site-sidebar-style":"default","ast-global-header-display":"","ast-banner-title-visibility":"","ast-main-header-display":"","ast-hfb-above-header-display":"","ast-hfb-below-header-display":"","ast-hfb-mobile-header-display":"","site-post-title":"","ast-breadcrumbs-content":"","ast-featured-img":"","footer-sml-layout":"","theme-transparent-header-meta":"","adv-header-id-meta":"","stick-header-meta":"","header-above-stick-meta":"","header-main-stick-meta":"","header-below-stick-meta":"","astra-migrate-meta-layouts":"default","ast-page-background-enabled":"default","ast-page-background-meta":{"desktop":{"background-color":"var(--ast-global-color-4)","background-image":"","background-repeat":"repeat","background-position":"center center","background-size":"auto","background-attachment":"scroll","background-type":"","background-media":"","overlay-type":"","overlay-color":"","overlay-opacity":"","overlay-gradient":""},"tablet":{"background-color":"","background-image":"","background-repeat":"repeat","background-position":"center center","background-size":"auto","background-attachment":"scroll","background-type":"","background-media":"","overlay-type":"","overlay-color":"","overlay-opacity":"","overlay-gradient":""},"mobile":{"background-color":"","background-image":"","background-repeat":"repeat","background-position":"center center","background-size":"auto","background-attachment":"scroll","background-type":"","background-media":"","overlay-type":"","overlay-color":"","overlay-opacity":"","overlay-gradient":""}},"ast-content-background-meta":{"desktop":{"background-color":"var(--ast-global-color-5)","background-image":"","background-repeat":"repeat","background-position":"center center","background-size":"auto","background-attachment":"scroll","background-type":"","background-media":"","overlay-type":"","overlay-color":"","overlay-opacity":"","overlay-gradient":""},"tablet":{"background-color":"var(--ast-global-color-5)","background-image":"","background-repeat":"repeat","background-position":"center center","background-size":"auto","background-attachment":"scroll","background-type":"","background-media":"","overlay-type":"","overlay-color":"","overlay-opacity":"","overlay-gradient":""},"mobile":{"background-color":"var(--ast-global-color-5)","background-image":"","background-repeat":"repeat","background-position":"center center","background-size":"auto","background-attachment":"scroll","background-type":"","background-media":"","overlay-type":"","overlay-color":"","overlay-opacity":"","overlay-gradient":""}},"footnotes":""},"categories":[31],"tags":[],"class_list":["post-32261","post","type-post","status-publish","format-standard","has-post-thumbnail","hentry","category-aktuality"],"yoast_head":"<!-- This site is optimized with the Yoast SEO plugin v27.4 - https:\/\/yoast.com\/product\/yoast-seo-wordpress\/ -->\n<title>\u201e...Ve\u013ek\u00e1 noc ide...\u201c v\u00fdstava - Pova\u017esk\u00e9 m\u00fazeum<\/title>\n<meta name=\"robots\" content=\"index, follow, max-snippet:-1, max-image-preview:large, max-video-preview:-1\" \/>\n<link rel=\"canonical\" href=\"https:\/\/pmza.sk\/?p=32261\" \/>\n<meta property=\"og:locale\" content=\"sk_SK\" \/>\n<meta property=\"og:type\" content=\"article\" \/>\n<meta property=\"og:title\" content=\"\u201e...Ve\u013ek\u00e1 noc ide...\u201c v\u00fdstava - Pova\u017esk\u00e9 m\u00fazeum\" \/>\n<meta property=\"og:description\" content=\"K\u00a0jarn\u00e9mu obdobiu neodmyslite\u013ene patria zdoben\u00e9 vaj\u00ed\u010dka \u2013 kraslice, ktor\u00e9 v\u00a0s\u00fa\u010dasnosti plnia predov\u0161etk\u00fdm estetick\u00fa funkciu. S\u00fa nielen pekn\u00fdm symbolom jari, ale aj d\u00f4kazom \u0161ikovnosti r\u00fak ich tvorcov a\u00a0v\u00fdtvarn\u00e9ho nadania. Na Slovensku pozn\u00e1me nieko\u013eko sp\u00f4sobov ich v\u00fdzdoby, \u010di u\u017e je to jednoduch\u00e9 farbenie, voskovanie, leptanie kyselinou, obliepanie slamou a\u00a0mnoho \u010fal\u0161\u00edch. Medzi najn\u00e1ro\u010dnej\u0161ie a\u00a0bezpochyby aj umelecky najp\u00f4sobivej\u0161ie patria\u00a0 [&hellip;]\" \/>\n<meta property=\"og:url\" content=\"https:\/\/pmza.sk\/?p=32261\" \/>\n<meta property=\"og:site_name\" content=\"Pova\u017esk\u00e9 m\u00fazeum\" \/>\n<meta property=\"article:publisher\" content=\"https:\/\/www.facebook.com\/povazskemuzeum\" \/>\n<meta property=\"article:published_time\" content=\"2019-03-06T09:44:28+00:00\" \/>\n<meta property=\"og:image\" content=\"https:\/\/pmza.sk\/wp-content\/uploads\/2019\/03\/velka_noc_www.jpg\" \/>\n\t<meta property=\"og:image:width\" content=\"566\" \/>\n\t<meta property=\"og:image:height\" content=\"800\" \/>\n\t<meta property=\"og:image:type\" content=\"image\/jpeg\" \/>\n<meta name=\"author\" content=\"Pova\u017esk\u00e9 m\u00fazeum\" \/>\n<meta name=\"twitter:card\" content=\"summary_large_image\" \/>\n<meta name=\"twitter:label1\" content=\"Autor\" \/>\n\t<meta name=\"twitter:data1\" content=\"Pova\u017esk\u00e9 m\u00fazeum\" \/>\n\t<meta name=\"twitter:label2\" content=\"Predpokladan\u00fd \u010das \u010d\u00edtania\" \/>\n\t<meta name=\"twitter:data2\" content=\"2 min\u00faty\" \/>\n<script type=\"application\/ld+json\" class=\"yoast-schema-graph\">{\"@context\":\"https:\\\/\\\/schema.org\",\"@graph\":[{\"@type\":\"Article\",\"@id\":\"https:\\\/\\\/pmza.sk\\\/?p=32261#article\",\"isPartOf\":{\"@id\":\"https:\\\/\\\/pmza.sk\\\/?p=32261\"},\"author\":{\"name\":\"Pova\u017esk\u00e9 m\u00fazeum\",\"@id\":\"https:\\\/\\\/pmza.sk\\\/#\\\/schema\\\/person\\\/595e6a2ce731ea94dcd5d7f50a41ae33\"},\"headline\":\"\u201e&#8230;Ve\u013ek\u00e1 noc ide&#8230;\u201c v\u00fdstava\",\"datePublished\":\"2019-03-06T09:44:28+00:00\",\"mainEntityOfPage\":{\"@id\":\"https:\\\/\\\/pmza.sk\\\/?p=32261\"},\"wordCount\":457,\"publisher\":{\"@id\":\"https:\\\/\\\/pmza.sk\\\/#organization\"},\"image\":{\"@id\":\"https:\\\/\\\/pmza.sk\\\/?p=32261#primaryimage\"},\"thumbnailUrl\":\"https:\\\/\\\/pmza.sk\\\/wp-content\\\/uploads\\\/2019\\\/03\\\/velka_noc_www.jpg\",\"articleSection\":[\"Aktuality\"],\"inLanguage\":\"sk-SK\"},{\"@type\":\"WebPage\",\"@id\":\"https:\\\/\\\/pmza.sk\\\/?p=32261\",\"url\":\"https:\\\/\\\/pmza.sk\\\/?p=32261\",\"name\":\"\u201e...Ve\u013ek\u00e1 noc ide...\u201c v\u00fdstava - Pova\u017esk\u00e9 m\u00fazeum\",\"isPartOf\":{\"@id\":\"https:\\\/\\\/pmza.sk\\\/#website\"},\"primaryImageOfPage\":{\"@id\":\"https:\\\/\\\/pmza.sk\\\/?p=32261#primaryimage\"},\"image\":{\"@id\":\"https:\\\/\\\/pmza.sk\\\/?p=32261#primaryimage\"},\"thumbnailUrl\":\"https:\\\/\\\/pmza.sk\\\/wp-content\\\/uploads\\\/2019\\\/03\\\/velka_noc_www.jpg\",\"datePublished\":\"2019-03-06T09:44:28+00:00\",\"breadcrumb\":{\"@id\":\"https:\\\/\\\/pmza.sk\\\/?p=32261#breadcrumb\"},\"inLanguage\":\"sk-SK\",\"potentialAction\":[{\"@type\":\"ReadAction\",\"target\":[\"https:\\\/\\\/pmza.sk\\\/?p=32261\"]}]},{\"@type\":\"ImageObject\",\"inLanguage\":\"sk-SK\",\"@id\":\"https:\\\/\\\/pmza.sk\\\/?p=32261#primaryimage\",\"url\":\"https:\\\/\\\/pmza.sk\\\/wp-content\\\/uploads\\\/2019\\\/03\\\/velka_noc_www.jpg\",\"contentUrl\":\"https:\\\/\\\/pmza.sk\\\/wp-content\\\/uploads\\\/2019\\\/03\\\/velka_noc_www.jpg\",\"width\":566,\"height\":800},{\"@type\":\"BreadcrumbList\",\"@id\":\"https:\\\/\\\/pmza.sk\\\/?p=32261#breadcrumb\",\"itemListElement\":[{\"@type\":\"ListItem\",\"position\":1,\"name\":\"Domovsk\u00e1 str\u00e1nka\",\"item\":\"https:\\\/\\\/pmza.sk\\\/\"},{\"@type\":\"ListItem\",\"position\":2,\"name\":\"\u201e&#8230;Ve\u013ek\u00e1 noc ide&#8230;\u201c v\u00fdstava\"}]},{\"@type\":\"WebSite\",\"@id\":\"https:\\\/\\\/pmza.sk\\\/#website\",\"url\":\"https:\\\/\\\/pmza.sk\\\/\",\"name\":\"Pova\u017esk\u00e9 m\u00fazeum\",\"description\":\"Pova\u017esk\u00e9 m\u00fazeum v \u017diline je region\u00e1lne m\u00fazeum so s\u00eddlom v Budat\u00edne. Jeho expoz\u00edcie s\u00fa zameran\u00e9 na dejiny slovensk\u00e9ho umenia, kult\u00fary a dopravy.\",\"publisher\":{\"@id\":\"https:\\\/\\\/pmza.sk\\\/#organization\"},\"potentialAction\":[{\"@type\":\"SearchAction\",\"target\":{\"@type\":\"EntryPoint\",\"urlTemplate\":\"https:\\\/\\\/pmza.sk\\\/?s={search_term_string}\"},\"query-input\":{\"@type\":\"PropertyValueSpecification\",\"valueRequired\":true,\"valueName\":\"search_term_string\"}}],\"inLanguage\":\"sk-SK\"},{\"@type\":\"Organization\",\"@id\":\"https:\\\/\\\/pmza.sk\\\/#organization\",\"name\":\"Pova\u017esk\u00e9 m\u00fazeum\",\"url\":\"https:\\\/\\\/pmza.sk\\\/\",\"logo\":{\"@type\":\"ImageObject\",\"inLanguage\":\"sk-SK\",\"@id\":\"https:\\\/\\\/pmza.sk\\\/#\\\/schema\\\/logo\\\/image\\\/\",\"url\":\"https:\\\/\\\/pmza.sk\\\/wp-content\\\/uploads\\\/2022\\\/01\\\/logo_PM_horizontal.jpg\",\"contentUrl\":\"https:\\\/\\\/pmza.sk\\\/wp-content\\\/uploads\\\/2022\\\/01\\\/logo_PM_horizontal.jpg\",\"width\":231,\"height\":142,\"caption\":\"Pova\u017esk\u00e9 m\u00fazeum\"},\"image\":{\"@id\":\"https:\\\/\\\/pmza.sk\\\/#\\\/schema\\\/logo\\\/image\\\/\"},\"sameAs\":[\"https:\\\/\\\/www.facebook.com\\\/povazskemuzeum\",\"https:\\\/\\\/www.instagram.com\\\/povazskemuzeum\\\/\"]},{\"@type\":\"Person\",\"@id\":\"https:\\\/\\\/pmza.sk\\\/#\\\/schema\\\/person\\\/595e6a2ce731ea94dcd5d7f50a41ae33\",\"name\":\"Pova\u017esk\u00e9 m\u00fazeum\",\"image\":{\"@type\":\"ImageObject\",\"inLanguage\":\"sk-SK\",\"@id\":\"https:\\\/\\\/secure.gravatar.com\\\/avatar\\\/2bb7f1561282132fb5826dfeccc66c7996d11ee392ac6aaf7ced8a1c2027fbb2?s=96&d=mm&r=g\",\"url\":\"https:\\\/\\\/secure.gravatar.com\\\/avatar\\\/2bb7f1561282132fb5826dfeccc66c7996d11ee392ac6aaf7ced8a1c2027fbb2?s=96&d=mm&r=g\",\"contentUrl\":\"https:\\\/\\\/secure.gravatar.com\\\/avatar\\\/2bb7f1561282132fb5826dfeccc66c7996d11ee392ac6aaf7ced8a1c2027fbb2?s=96&d=mm&r=g\",\"caption\":\"Pova\u017esk\u00e9 m\u00fazeum\"}}]}<\/script>\n<!-- \/ Yoast SEO plugin. -->","yoast_head_json":{"title":"\u201e...Ve\u013ek\u00e1 noc ide...\u201c v\u00fdstava - Pova\u017esk\u00e9 m\u00fazeum","robots":{"index":"index","follow":"follow","max-snippet":"max-snippet:-1","max-image-preview":"max-image-preview:large","max-video-preview":"max-video-preview:-1"},"canonical":"https:\/\/pmza.sk\/?p=32261","og_locale":"sk_SK","og_type":"article","og_title":"\u201e...Ve\u013ek\u00e1 noc ide...\u201c v\u00fdstava - Pova\u017esk\u00e9 m\u00fazeum","og_description":"K\u00a0jarn\u00e9mu obdobiu neodmyslite\u013ene patria zdoben\u00e9 vaj\u00ed\u010dka \u2013 kraslice, ktor\u00e9 v\u00a0s\u00fa\u010dasnosti plnia predov\u0161etk\u00fdm estetick\u00fa funkciu. S\u00fa nielen pekn\u00fdm symbolom jari, ale aj d\u00f4kazom \u0161ikovnosti r\u00fak ich tvorcov a\u00a0v\u00fdtvarn\u00e9ho nadania. Na Slovensku pozn\u00e1me nieko\u013eko sp\u00f4sobov ich v\u00fdzdoby, \u010di u\u017e je to jednoduch\u00e9 farbenie, voskovanie, leptanie kyselinou, obliepanie slamou a\u00a0mnoho \u010fal\u0161\u00edch. Medzi najn\u00e1ro\u010dnej\u0161ie a\u00a0bezpochyby aj umelecky najp\u00f4sobivej\u0161ie patria\u00a0 [&hellip;]","og_url":"https:\/\/pmza.sk\/?p=32261","og_site_name":"Pova\u017esk\u00e9 m\u00fazeum","article_publisher":"https:\/\/www.facebook.com\/povazskemuzeum","article_published_time":"2019-03-06T09:44:28+00:00","og_image":[{"width":566,"height":800,"url":"https:\/\/pmza.sk\/wp-content\/uploads\/2019\/03\/velka_noc_www.jpg","type":"image\/jpeg"}],"author":"Pova\u017esk\u00e9 m\u00fazeum","twitter_card":"summary_large_image","twitter_misc":{"Autor":"Pova\u017esk\u00e9 m\u00fazeum","Predpokladan\u00fd \u010das \u010d\u00edtania":"2 min\u00faty"},"schema":{"@context":"https:\/\/schema.org","@graph":[{"@type":"Article","@id":"https:\/\/pmza.sk\/?p=32261#article","isPartOf":{"@id":"https:\/\/pmza.sk\/?p=32261"},"author":{"name":"Pova\u017esk\u00e9 m\u00fazeum","@id":"https:\/\/pmza.sk\/#\/schema\/person\/595e6a2ce731ea94dcd5d7f50a41ae33"},"headline":"\u201e&#8230;Ve\u013ek\u00e1 noc ide&#8230;\u201c v\u00fdstava","datePublished":"2019-03-06T09:44:28+00:00","mainEntityOfPage":{"@id":"https:\/\/pmza.sk\/?p=32261"},"wordCount":457,"publisher":{"@id":"https:\/\/pmza.sk\/#organization"},"image":{"@id":"https:\/\/pmza.sk\/?p=32261#primaryimage"},"thumbnailUrl":"https:\/\/pmza.sk\/wp-content\/uploads\/2019\/03\/velka_noc_www.jpg","articleSection":["Aktuality"],"inLanguage":"sk-SK"},{"@type":"WebPage","@id":"https:\/\/pmza.sk\/?p=32261","url":"https:\/\/pmza.sk\/?p=32261","name":"\u201e...Ve\u013ek\u00e1 noc ide...\u201c v\u00fdstava - Pova\u017esk\u00e9 m\u00fazeum","isPartOf":{"@id":"https:\/\/pmza.sk\/#website"},"primaryImageOfPage":{"@id":"https:\/\/pmza.sk\/?p=32261#primaryimage"},"image":{"@id":"https:\/\/pmza.sk\/?p=32261#primaryimage"},"thumbnailUrl":"https:\/\/pmza.sk\/wp-content\/uploads\/2019\/03\/velka_noc_www.jpg","datePublished":"2019-03-06T09:44:28+00:00","breadcrumb":{"@id":"https:\/\/pmza.sk\/?p=32261#breadcrumb"},"inLanguage":"sk-SK","potentialAction":[{"@type":"ReadAction","target":["https:\/\/pmza.sk\/?p=32261"]}]},{"@type":"ImageObject","inLanguage":"sk-SK","@id":"https:\/\/pmza.sk\/?p=32261#primaryimage","url":"https:\/\/pmza.sk\/wp-content\/uploads\/2019\/03\/velka_noc_www.jpg","contentUrl":"https:\/\/pmza.sk\/wp-content\/uploads\/2019\/03\/velka_noc_www.jpg","width":566,"height":800},{"@type":"BreadcrumbList","@id":"https:\/\/pmza.sk\/?p=32261#breadcrumb","itemListElement":[{"@type":"ListItem","position":1,"name":"Domovsk\u00e1 str\u00e1nka","item":"https:\/\/pmza.sk\/"},{"@type":"ListItem","position":2,"name":"\u201e&#8230;Ve\u013ek\u00e1 noc ide&#8230;\u201c v\u00fdstava"}]},{"@type":"WebSite","@id":"https:\/\/pmza.sk\/#website","url":"https:\/\/pmza.sk\/","name":"Pova\u017esk\u00e9 m\u00fazeum","description":"Pova\u017esk\u00e9 m\u00fazeum v \u017diline je region\u00e1lne m\u00fazeum so s\u00eddlom v Budat\u00edne. Jeho expoz\u00edcie s\u00fa zameran\u00e9 na dejiny slovensk\u00e9ho umenia, kult\u00fary a dopravy.","publisher":{"@id":"https:\/\/pmza.sk\/#organization"},"potentialAction":[{"@type":"SearchAction","target":{"@type":"EntryPoint","urlTemplate":"https:\/\/pmza.sk\/?s={search_term_string}"},"query-input":{"@type":"PropertyValueSpecification","valueRequired":true,"valueName":"search_term_string"}}],"inLanguage":"sk-SK"},{"@type":"Organization","@id":"https:\/\/pmza.sk\/#organization","name":"Pova\u017esk\u00e9 m\u00fazeum","url":"https:\/\/pmza.sk\/","logo":{"@type":"ImageObject","inLanguage":"sk-SK","@id":"https:\/\/pmza.sk\/#\/schema\/logo\/image\/","url":"https:\/\/pmza.sk\/wp-content\/uploads\/2022\/01\/logo_PM_horizontal.jpg","contentUrl":"https:\/\/pmza.sk\/wp-content\/uploads\/2022\/01\/logo_PM_horizontal.jpg","width":231,"height":142,"caption":"Pova\u017esk\u00e9 m\u00fazeum"},"image":{"@id":"https:\/\/pmza.sk\/#\/schema\/logo\/image\/"},"sameAs":["https:\/\/www.facebook.com\/povazskemuzeum","https:\/\/www.instagram.com\/povazskemuzeum\/"]},{"@type":"Person","@id":"https:\/\/pmza.sk\/#\/schema\/person\/595e6a2ce731ea94dcd5d7f50a41ae33","name":"Pova\u017esk\u00e9 m\u00fazeum","image":{"@type":"ImageObject","inLanguage":"sk-SK","@id":"https:\/\/secure.gravatar.com\/avatar\/2bb7f1561282132fb5826dfeccc66c7996d11ee392ac6aaf7ced8a1c2027fbb2?s=96&d=mm&r=g","url":"https:\/\/secure.gravatar.com\/avatar\/2bb7f1561282132fb5826dfeccc66c7996d11ee392ac6aaf7ced8a1c2027fbb2?s=96&d=mm&r=g","contentUrl":"https:\/\/secure.gravatar.com\/avatar\/2bb7f1561282132fb5826dfeccc66c7996d11ee392ac6aaf7ced8a1c2027fbb2?s=96&d=mm&r=g","caption":"Pova\u017esk\u00e9 m\u00fazeum"}}]}},"_links":{"self":[{"href":"https:\/\/pmza.sk\/index.php?rest_route=\/wp\/v2\/posts\/32261","targetHints":{"allow":["GET"]}}],"collection":[{"href":"https:\/\/pmza.sk\/index.php?rest_route=\/wp\/v2\/posts"}],"about":[{"href":"https:\/\/pmza.sk\/index.php?rest_route=\/wp\/v2\/types\/post"}],"author":[{"embeddable":true,"href":"https:\/\/pmza.sk\/index.php?rest_route=\/wp\/v2\/users\/2"}],"replies":[{"embeddable":true,"href":"https:\/\/pmza.sk\/index.php?rest_route=%2Fwp%2Fv2%2Fcomments&post=32261"}],"version-history":[{"count":0,"href":"https:\/\/pmza.sk\/index.php?rest_route=\/wp\/v2\/posts\/32261\/revisions"}],"wp:featuredmedia":[{"embeddable":true,"href":"https:\/\/pmza.sk\/index.php?rest_route=\/wp\/v2\/media\/32262"}],"wp:attachment":[{"href":"https:\/\/pmza.sk\/index.php?rest_route=%2Fwp%2Fv2%2Fmedia&parent=32261"}],"wp:term":[{"taxonomy":"category","embeddable":true,"href":"https:\/\/pmza.sk\/index.php?rest_route=%2Fwp%2Fv2%2Fcategories&post=32261"},{"taxonomy":"post_tag","embeddable":true,"href":"https:\/\/pmza.sk\/index.php?rest_route=%2Fwp%2Fv2%2Ftags&post=32261"}],"curies":[{"name":"wp","href":"https:\/\/api.w.org\/{rel}","templated":true}]}}