{"id":3243,"date":"2011-07-06T15:15:27","date_gmt":"2011-07-06T13:15:27","guid":{"rendered":"https:\/\/pmza.sk.sk\/?p=3243"},"modified":"2011-07-06T15:15:27","modified_gmt":"2011-07-06T13:15:27","slug":"chodulami-na-hrad-strecno","status":"publish","type":"post","link":"https:\/\/pmza.sk\/?p=3243","title":{"rendered":"Chod\u00fa\u013eami na hrad Stre\u010dno"},"content":{"rendered":"<p><strong><\/strong><a href=\"https:\/\/pmza.sk\/wp-content\/uploads\/2011\/07\/chodule-1-2010-scaled-1.jpg\"><img fetchpriority=\"high\" decoding=\"async\" class=\"alignleft size-medium wp-image-3244\" style=\"margin: 4px; border: 2px solid black;\" title=\"chodule 1 2010\" src=\"https:\/\/pmza.sk.sk\/wp-content\/uploads\/2011\/07\/chodule-1-2010-300x199.jpg\" alt=\"\" width=\"300\" height=\"199\" \/><\/a>V sobotu 16. j\u00fala 2011 od\u0161tartuje druh\u00fd ro\u010dn\u00edk \u0161portovo \u2013 z\u00e1bavn\u00e9ho popoludnia pod n\u00e1zvom <strong>Chod\u00fa\u013eami na hrad Stre\u010dno.<\/strong> Adrenal\u00ednov\u00e9 s\u00fa\u0165a\u017eenie za\u010d\u00edna o\u00a014,00h tr\u00e9ningom a\u00a0registr\u00e1ciou v\u0161etk\u00fdch chod\u00fa\u013eov\u00fdch discipl\u00edn. U\u017e o\u00a015,00h za\u010d\u00edna chod\u00fa\u013eov\u00fd \u0161print a\u00a0 k\u013eu\u010dkovanie na chod\u00fa\u013eoch ur\u010den\u00e9 predov\u0161etk\u00fdm najmlad\u0161\u00edm s\u00fa\u0165a\u017eiacim. Pre dospel\u00fdch je pripraven\u00e1 posledn\u00e1 discipl\u00edna Chod\u00fa\u013eov\u00fd marat\u00f3n, ktorej hlavn\u00fdm cie\u013eom je dosta\u0165 sa a\u017e k\u00a0br\u00e1nam hradu Stre\u010dno maxim\u00e1lne s\u00a0piatimi povolen\u00fdmi zoskokmi z\u00a0chod\u00fa\u013eov.<!--more-->\u201e<em>Pilotn\u00e9ho ro\u010dn\u00edka podujatia Chod\u00fa\u013eami na hrad Stre\u010dno sa prekvapivo z\u00fa\u010dastnilo viac ako 140 s\u00fa\u0165a\u017eiacich nielen zo Slovenska, ale aj z\u00a0\u010ciech. Traja z nich dok\u00e1zali prejs\u0165 t\u00fato n\u00e1ro\u010dn\u00fa trasu na chod\u00fa\u013eoch dokonca bez jedin\u00e9ho zoskoku<\/em>,\u201c povedala Katar\u00edna Taba\u010dkov\u00e1, organiz\u00e1torka podujatia a\u00a0riadite\u013eka In\u0161tit\u00fatu vzdel\u00e1vania a\u00a0starostlivosti v\u00a0\u017diline.<\/p>\n<p>Pre v\u00ed\u0165azov v\u00a0jednotliv\u00fdch discipl\u00ednach s\u00fa pripraven\u00e9 atrakt\u00edvne ceny a\u00a0bezplatn\u00fd vstup na hrad Stre\u010dno. \u201e<em>Aj v\u00a0tento de\u0148 \u010dakaj\u00fa nielen \u00a0chod\u00fa\u013eov\u00fdch n\u00e1v\u0161tevn\u00edkov, ale \u00a0v\u0161etk\u00fdch n\u00e1v\u0161tevn\u00edkov hradu Stre\u010dno okrem vynoven\u00fdch expoz\u00edci\u00ed mal\u00e9 hudobn\u00e9 koncerty v\u00a0hradnej kaplnke a\u00a0div\u00e1cky najob\u013e\u00fabenej\u0161ie divadeln\u00e9 predstavenia minuloro\u010dnej hradnej sez\u00f3ny,<\/em> \u201c dodal Boris Schubert, riadite\u013e Pova\u017esk\u00e9ho m\u00fazea v\u00a0\u017diline.<\/p>\n<p>K \u010fal\u0161\u00edm sprievodn\u00fdm aktivit\u00e1m \u0161portovo \u2013 z\u00e1bavn\u00e9ho d\u0148a pod hradom Stre\u010dno bude patri\u0165 s\u00fa\u0165a\u017e vo f\u00fakan\u00ed bal\u00f3nov, s\u00fa\u0165a\u017e v\u00a0pit\u00ed piva, \u0161kola \u017eonglovania alebo ochutn\u00e1vka gastronomick\u00fdch \u0161pecial\u00edt. Cel\u00fdm programom bude sprev\u00e1dza\u0165 chod\u00fa\u013eov\u00e1 skupina ERVE divadla Maj\u00e1k zo \u017diliny.<\/p>\n<p>\u0160portovo \u2013 z\u00e1bavn\u00fd de\u0148 <strong>Chod\u00fa\u013eami na hrad<\/strong> <strong>Stre\u010dno<\/strong> <strong>d\u0148a 16. j\u00fala 2011<\/strong> organizuje In\u0161tit\u00fat vzdel\u00e1vania a\u00a0starostlivosti, s.r.o. v\u00a0spolupr\u00e1ci s\u00a0Pova\u017esk\u00fdm m\u00fazeom v\u00a0\u017diline.<\/p>\n","protected":false},"excerpt":{"rendered":"<p>V sobotu 16. j\u00fala 2011 od\u0161tartuje druh\u00fd ro\u010dn\u00edk \u0161portovo \u2013 z\u00e1bavn\u00e9ho popoludnia pod n\u00e1zvom Chod\u00fa\u013eami na hrad Stre\u010dno. Adrenal\u00ednov\u00e9 s\u00fa\u0165a\u017eenie za\u010d\u00edna o\u00a014,00h tr\u00e9ningom a\u00a0registr\u00e1ciou v\u0161etk\u00fdch chod\u00fa\u013eov\u00fdch discipl\u00edn. U\u017e o\u00a015,00h za\u010d\u00edna chod\u00fa\u013eov\u00fd \u0161print a\u00a0 k\u013eu\u010dkovanie na chod\u00fa\u013eoch ur\u010den\u00e9 predov\u0161etk\u00fdm najmlad\u0161\u00edm s\u00fa\u0165a\u017eiacim. Pre dospel\u00fdch je pripraven\u00e1 posledn\u00e1 discipl\u00edna Chod\u00fa\u013eov\u00fd marat\u00f3n, ktorej hlavn\u00fdm cie\u013eom je dosta\u0165 sa a\u017e [&hellip;]<\/p>\n","protected":false},"author":1,"featured_media":0,"comment_status":"closed","ping_status":"closed","sticky":false,"template":"","format":"standard","meta":{"site-sidebar-layout":"default","site-content-layout":"","ast-site-content-layout":"","site-content-style":"default","site-sidebar-style":"default","ast-global-header-display":"","ast-banner-title-visibility":"","ast-main-header-display":"","ast-hfb-above-header-display":"","ast-hfb-below-header-display":"","ast-hfb-mobile-header-display":"","site-post-title":"","ast-breadcrumbs-content":"","ast-featured-img":"","footer-sml-layout":"","theme-transparent-header-meta":"","adv-header-id-meta":"","stick-header-meta":"","header-above-stick-meta":"","header-main-stick-meta":"","header-below-stick-meta":"","astra-migrate-meta-layouts":"default","ast-page-background-enabled":"default","ast-page-background-meta":{"desktop":{"background-color":"var(--ast-global-color-4)","background-image":"","background-repeat":"repeat","background-position":"center center","background-size":"auto","background-attachment":"scroll","background-type":"","background-media":"","overlay-type":"","overlay-color":"","overlay-opacity":"","overlay-gradient":""},"tablet":{"background-color":"","background-image":"","background-repeat":"repeat","background-position":"center center","background-size":"auto","background-attachment":"scroll","background-type":"","background-media":"","overlay-type":"","overlay-color":"","overlay-opacity":"","overlay-gradient":""},"mobile":{"background-color":"","background-image":"","background-repeat":"repeat","background-position":"center center","background-size":"auto","background-attachment":"scroll","background-type":"","background-media":"","overlay-type":"","overlay-color":"","overlay-opacity":"","overlay-gradient":""}},"ast-content-background-meta":{"desktop":{"background-color":"var(--ast-global-color-5)","background-image":"","background-repeat":"repeat","background-position":"center center","background-size":"auto","background-attachment":"scroll","background-type":"","background-media":"","overlay-type":"","overlay-color":"","overlay-opacity":"","overlay-gradient":""},"tablet":{"background-color":"var(--ast-global-color-5)","background-image":"","background-repeat":"repeat","background-position":"center center","background-size":"auto","background-attachment":"scroll","background-type":"","background-media":"","overlay-type":"","overlay-color":"","overlay-opacity":"","overlay-gradient":""},"mobile":{"background-color":"var(--ast-global-color-5)","background-image":"","background-repeat":"repeat","background-position":"center center","background-size":"auto","background-attachment":"scroll","background-type":"","background-media":"","overlay-type":"","overlay-color":"","overlay-opacity":"","overlay-gradient":""}},"footnotes":""},"categories":[30],"tags":[],"class_list":["post-3243","post","type-post","status-publish","format-standard","hentry","category-archiv-2011"],"yoast_head":"<!-- This site is optimized with the Yoast SEO plugin v27.4 - https:\/\/yoast.com\/product\/yoast-seo-wordpress\/ -->\n<title>Chod\u00fa\u013eami na hrad Stre\u010dno - Pova\u017esk\u00e9 m\u00fazeum<\/title>\n<meta name=\"robots\" content=\"index, follow, max-snippet:-1, max-image-preview:large, max-video-preview:-1\" \/>\n<link rel=\"canonical\" href=\"https:\/\/pmza.sk\/?p=3243\" \/>\n<meta property=\"og:locale\" content=\"sk_SK\" \/>\n<meta property=\"og:type\" content=\"article\" \/>\n<meta property=\"og:title\" content=\"Chod\u00fa\u013eami na hrad Stre\u010dno - Pova\u017esk\u00e9 m\u00fazeum\" \/>\n<meta property=\"og:description\" content=\"V sobotu 16. j\u00fala 2011 od\u0161tartuje druh\u00fd ro\u010dn\u00edk \u0161portovo \u2013 z\u00e1bavn\u00e9ho popoludnia pod n\u00e1zvom Chod\u00fa\u013eami na hrad Stre\u010dno. Adrenal\u00ednov\u00e9 s\u00fa\u0165a\u017eenie za\u010d\u00edna o\u00a014,00h tr\u00e9ningom a\u00a0registr\u00e1ciou v\u0161etk\u00fdch chod\u00fa\u013eov\u00fdch discipl\u00edn. U\u017e o\u00a015,00h za\u010d\u00edna chod\u00fa\u013eov\u00fd \u0161print a\u00a0 k\u013eu\u010dkovanie na chod\u00fa\u013eoch ur\u010den\u00e9 predov\u0161etk\u00fdm najmlad\u0161\u00edm s\u00fa\u0165a\u017eiacim. Pre dospel\u00fdch je pripraven\u00e1 posledn\u00e1 discipl\u00edna Chod\u00fa\u013eov\u00fd marat\u00f3n, ktorej hlavn\u00fdm cie\u013eom je dosta\u0165 sa a\u017e [&hellip;]\" \/>\n<meta property=\"og:url\" content=\"https:\/\/pmza.sk\/?p=3243\" \/>\n<meta property=\"og:site_name\" content=\"Pova\u017esk\u00e9 m\u00fazeum\" \/>\n<meta property=\"article:publisher\" content=\"https:\/\/www.facebook.com\/povazskemuzeum\" \/>\n<meta property=\"article:published_time\" content=\"2011-07-06T13:15:27+00:00\" \/>\n<meta property=\"og:image\" content=\"https:\/\/pmza.sk.sk\/wp-content\/uploads\/2011\/07\/chodule-1-2010-300x199.jpg\" \/>\n<meta name=\"author\" content=\"libor\" \/>\n<meta name=\"twitter:card\" content=\"summary_large_image\" \/>\n<meta name=\"twitter:label1\" content=\"Autor\" \/>\n\t<meta name=\"twitter:data1\" content=\"libor\" \/>\n\t<meta name=\"twitter:label2\" content=\"Predpokladan\u00fd \u010das \u010d\u00edtania\" \/>\n\t<meta name=\"twitter:data2\" content=\"2 min\u00faty\" \/>\n<script type=\"application\/ld+json\" class=\"yoast-schema-graph\">{\"@context\":\"https:\\\/\\\/schema.org\",\"@graph\":[{\"@type\":\"Article\",\"@id\":\"https:\\\/\\\/pmza.sk\\\/?p=3243#article\",\"isPartOf\":{\"@id\":\"https:\\\/\\\/pmza.sk\\\/?p=3243\"},\"author\":{\"name\":\"libor\",\"@id\":\"https:\\\/\\\/pmza.sk\\\/#\\\/schema\\\/person\\\/f0b923a9aa8e1f67feef0d7cd9afde35\"},\"headline\":\"Chod\u00fa\u013eami na hrad Stre\u010dno\",\"datePublished\":\"2011-07-06T13:15:27+00:00\",\"mainEntityOfPage\":{\"@id\":\"https:\\\/\\\/pmza.sk\\\/?p=3243\"},\"wordCount\":352,\"publisher\":{\"@id\":\"https:\\\/\\\/pmza.sk\\\/#organization\"},\"image\":{\"@id\":\"https:\\\/\\\/pmza.sk\\\/?p=3243#primaryimage\"},\"thumbnailUrl\":\"http:\\\/\\\/pmza.sk.sk\\\/wp-content\\\/uploads\\\/2011\\\/07\\\/chodule-1-2010-300x199.jpg\",\"articleSection\":[\"Arch\u00edv 2011\"],\"inLanguage\":\"sk-SK\"},{\"@type\":\"WebPage\",\"@id\":\"https:\\\/\\\/pmza.sk\\\/?p=3243\",\"url\":\"https:\\\/\\\/pmza.sk\\\/?p=3243\",\"name\":\"Chod\u00fa\u013eami na hrad Stre\u010dno - Pova\u017esk\u00e9 m\u00fazeum\",\"isPartOf\":{\"@id\":\"https:\\\/\\\/pmza.sk\\\/#website\"},\"primaryImageOfPage\":{\"@id\":\"https:\\\/\\\/pmza.sk\\\/?p=3243#primaryimage\"},\"image\":{\"@id\":\"https:\\\/\\\/pmza.sk\\\/?p=3243#primaryimage\"},\"thumbnailUrl\":\"http:\\\/\\\/pmza.sk.sk\\\/wp-content\\\/uploads\\\/2011\\\/07\\\/chodule-1-2010-300x199.jpg\",\"datePublished\":\"2011-07-06T13:15:27+00:00\",\"breadcrumb\":{\"@id\":\"https:\\\/\\\/pmza.sk\\\/?p=3243#breadcrumb\"},\"inLanguage\":\"sk-SK\",\"potentialAction\":[{\"@type\":\"ReadAction\",\"target\":[\"https:\\\/\\\/pmza.sk\\\/?p=3243\"]}]},{\"@type\":\"ImageObject\",\"inLanguage\":\"sk-SK\",\"@id\":\"https:\\\/\\\/pmza.sk\\\/?p=3243#primaryimage\",\"url\":\"http:\\\/\\\/pmza.sk.sk\\\/wp-content\\\/uploads\\\/2011\\\/07\\\/chodule-1-2010-300x199.jpg\",\"contentUrl\":\"http:\\\/\\\/pmza.sk.sk\\\/wp-content\\\/uploads\\\/2011\\\/07\\\/chodule-1-2010-300x199.jpg\"},{\"@type\":\"BreadcrumbList\",\"@id\":\"https:\\\/\\\/pmza.sk\\\/?p=3243#breadcrumb\",\"itemListElement\":[{\"@type\":\"ListItem\",\"position\":1,\"name\":\"Domovsk\u00e1 str\u00e1nka\",\"item\":\"https:\\\/\\\/pmza.sk\\\/\"},{\"@type\":\"ListItem\",\"position\":2,\"name\":\"Chod\u00fa\u013eami na hrad Stre\u010dno\"}]},{\"@type\":\"WebSite\",\"@id\":\"https:\\\/\\\/pmza.sk\\\/#website\",\"url\":\"https:\\\/\\\/pmza.sk\\\/\",\"name\":\"Pova\u017esk\u00e9 m\u00fazeum\",\"description\":\"Pova\u017esk\u00e9 m\u00fazeum v \u017diline je region\u00e1lne m\u00fazeum so s\u00eddlom v Budat\u00edne. Jeho expoz\u00edcie s\u00fa zameran\u00e9 na dejiny slovensk\u00e9ho umenia, kult\u00fary a dopravy.\",\"publisher\":{\"@id\":\"https:\\\/\\\/pmza.sk\\\/#organization\"},\"potentialAction\":[{\"@type\":\"SearchAction\",\"target\":{\"@type\":\"EntryPoint\",\"urlTemplate\":\"https:\\\/\\\/pmza.sk\\\/?s={search_term_string}\"},\"query-input\":{\"@type\":\"PropertyValueSpecification\",\"valueRequired\":true,\"valueName\":\"search_term_string\"}}],\"inLanguage\":\"sk-SK\"},{\"@type\":\"Organization\",\"@id\":\"https:\\\/\\\/pmza.sk\\\/#organization\",\"name\":\"Pova\u017esk\u00e9 m\u00fazeum\",\"url\":\"https:\\\/\\\/pmza.sk\\\/\",\"logo\":{\"@type\":\"ImageObject\",\"inLanguage\":\"sk-SK\",\"@id\":\"https:\\\/\\\/pmza.sk\\\/#\\\/schema\\\/logo\\\/image\\\/\",\"url\":\"https:\\\/\\\/pmza.sk\\\/wp-content\\\/uploads\\\/2022\\\/01\\\/logo_PM_horizontal.jpg\",\"contentUrl\":\"https:\\\/\\\/pmza.sk\\\/wp-content\\\/uploads\\\/2022\\\/01\\\/logo_PM_horizontal.jpg\",\"width\":231,\"height\":142,\"caption\":\"Pova\u017esk\u00e9 m\u00fazeum\"},\"image\":{\"@id\":\"https:\\\/\\\/pmza.sk\\\/#\\\/schema\\\/logo\\\/image\\\/\"},\"sameAs\":[\"https:\\\/\\\/www.facebook.com\\\/povazskemuzeum\",\"https:\\\/\\\/www.instagram.com\\\/povazskemuzeum\\\/\"]},{\"@type\":\"Person\",\"@id\":\"https:\\\/\\\/pmza.sk\\\/#\\\/schema\\\/person\\\/f0b923a9aa8e1f67feef0d7cd9afde35\",\"name\":\"libor\",\"image\":{\"@type\":\"ImageObject\",\"inLanguage\":\"sk-SK\",\"@id\":\"https:\\\/\\\/secure.gravatar.com\\\/avatar\\\/c583dbc698e594aacced1589eb8cf1673bd41d461e8b2ab635484ffc26fee7b0?s=96&d=mm&r=g\",\"url\":\"https:\\\/\\\/secure.gravatar.com\\\/avatar\\\/c583dbc698e594aacced1589eb8cf1673bd41d461e8b2ab635484ffc26fee7b0?s=96&d=mm&r=g\",\"contentUrl\":\"https:\\\/\\\/secure.gravatar.com\\\/avatar\\\/c583dbc698e594aacced1589eb8cf1673bd41d461e8b2ab635484ffc26fee7b0?s=96&d=mm&r=g\",\"caption\":\"libor\"}}]}<\/script>\n<!-- \/ Yoast SEO plugin. -->","yoast_head_json":{"title":"Chod\u00fa\u013eami na hrad Stre\u010dno - Pova\u017esk\u00e9 m\u00fazeum","robots":{"index":"index","follow":"follow","max-snippet":"max-snippet:-1","max-image-preview":"max-image-preview:large","max-video-preview":"max-video-preview:-1"},"canonical":"https:\/\/pmza.sk\/?p=3243","og_locale":"sk_SK","og_type":"article","og_title":"Chod\u00fa\u013eami na hrad Stre\u010dno - Pova\u017esk\u00e9 m\u00fazeum","og_description":"V sobotu 16. j\u00fala 2011 od\u0161tartuje druh\u00fd ro\u010dn\u00edk \u0161portovo \u2013 z\u00e1bavn\u00e9ho popoludnia pod n\u00e1zvom Chod\u00fa\u013eami na hrad Stre\u010dno. Adrenal\u00ednov\u00e9 s\u00fa\u0165a\u017eenie za\u010d\u00edna o\u00a014,00h tr\u00e9ningom a\u00a0registr\u00e1ciou v\u0161etk\u00fdch chod\u00fa\u013eov\u00fdch discipl\u00edn. U\u017e o\u00a015,00h za\u010d\u00edna chod\u00fa\u013eov\u00fd \u0161print a\u00a0 k\u013eu\u010dkovanie na chod\u00fa\u013eoch ur\u010den\u00e9 predov\u0161etk\u00fdm najmlad\u0161\u00edm s\u00fa\u0165a\u017eiacim. Pre dospel\u00fdch je pripraven\u00e1 posledn\u00e1 discipl\u00edna Chod\u00fa\u013eov\u00fd marat\u00f3n, ktorej hlavn\u00fdm cie\u013eom je dosta\u0165 sa a\u017e [&hellip;]","og_url":"https:\/\/pmza.sk\/?p=3243","og_site_name":"Pova\u017esk\u00e9 m\u00fazeum","article_publisher":"https:\/\/www.facebook.com\/povazskemuzeum","article_published_time":"2011-07-06T13:15:27+00:00","og_image":[{"url":"https:\/\/pmza.sk.sk\/wp-content\/uploads\/2011\/07\/chodule-1-2010-300x199.jpg","type":"","width":"","height":""}],"author":"libor","twitter_card":"summary_large_image","twitter_misc":{"Autor":"libor","Predpokladan\u00fd \u010das \u010d\u00edtania":"2 min\u00faty"},"schema":{"@context":"https:\/\/schema.org","@graph":[{"@type":"Article","@id":"https:\/\/pmza.sk\/?p=3243#article","isPartOf":{"@id":"https:\/\/pmza.sk\/?p=3243"},"author":{"name":"libor","@id":"https:\/\/pmza.sk\/#\/schema\/person\/f0b923a9aa8e1f67feef0d7cd9afde35"},"headline":"Chod\u00fa\u013eami na hrad Stre\u010dno","datePublished":"2011-07-06T13:15:27+00:00","mainEntityOfPage":{"@id":"https:\/\/pmza.sk\/?p=3243"},"wordCount":352,"publisher":{"@id":"https:\/\/pmza.sk\/#organization"},"image":{"@id":"https:\/\/pmza.sk\/?p=3243#primaryimage"},"thumbnailUrl":"https:\/\/pmza.sk.sk\/wp-content\/uploads\/2011\/07\/chodule-1-2010-300x199.jpg","articleSection":["Arch\u00edv 2011"],"inLanguage":"sk-SK"},{"@type":"WebPage","@id":"https:\/\/pmza.sk\/?p=3243","url":"https:\/\/pmza.sk\/?p=3243","name":"Chod\u00fa\u013eami na hrad Stre\u010dno - Pova\u017esk\u00e9 m\u00fazeum","isPartOf":{"@id":"https:\/\/pmza.sk\/#website"},"primaryImageOfPage":{"@id":"https:\/\/pmza.sk\/?p=3243#primaryimage"},"image":{"@id":"https:\/\/pmza.sk\/?p=3243#primaryimage"},"thumbnailUrl":"https:\/\/pmza.sk.sk\/wp-content\/uploads\/2011\/07\/chodule-1-2010-300x199.jpg","datePublished":"2011-07-06T13:15:27+00:00","breadcrumb":{"@id":"https:\/\/pmza.sk\/?p=3243#breadcrumb"},"inLanguage":"sk-SK","potentialAction":[{"@type":"ReadAction","target":["https:\/\/pmza.sk\/?p=3243"]}]},{"@type":"ImageObject","inLanguage":"sk-SK","@id":"https:\/\/pmza.sk\/?p=3243#primaryimage","url":"https:\/\/pmza.sk.sk\/wp-content\/uploads\/2011\/07\/chodule-1-2010-300x199.jpg","contentUrl":"https:\/\/pmza.sk.sk\/wp-content\/uploads\/2011\/07\/chodule-1-2010-300x199.jpg"},{"@type":"BreadcrumbList","@id":"https:\/\/pmza.sk\/?p=3243#breadcrumb","itemListElement":[{"@type":"ListItem","position":1,"name":"Domovsk\u00e1 str\u00e1nka","item":"https:\/\/pmza.sk\/"},{"@type":"ListItem","position":2,"name":"Chod\u00fa\u013eami na hrad Stre\u010dno"}]},{"@type":"WebSite","@id":"https:\/\/pmza.sk\/#website","url":"https:\/\/pmza.sk\/","name":"Pova\u017esk\u00e9 m\u00fazeum","description":"Pova\u017esk\u00e9 m\u00fazeum v \u017diline je region\u00e1lne m\u00fazeum so s\u00eddlom v Budat\u00edne. Jeho expoz\u00edcie s\u00fa zameran\u00e9 na dejiny slovensk\u00e9ho umenia, kult\u00fary a dopravy.","publisher":{"@id":"https:\/\/pmza.sk\/#organization"},"potentialAction":[{"@type":"SearchAction","target":{"@type":"EntryPoint","urlTemplate":"https:\/\/pmza.sk\/?s={search_term_string}"},"query-input":{"@type":"PropertyValueSpecification","valueRequired":true,"valueName":"search_term_string"}}],"inLanguage":"sk-SK"},{"@type":"Organization","@id":"https:\/\/pmza.sk\/#organization","name":"Pova\u017esk\u00e9 m\u00fazeum","url":"https:\/\/pmza.sk\/","logo":{"@type":"ImageObject","inLanguage":"sk-SK","@id":"https:\/\/pmza.sk\/#\/schema\/logo\/image\/","url":"https:\/\/pmza.sk\/wp-content\/uploads\/2022\/01\/logo_PM_horizontal.jpg","contentUrl":"https:\/\/pmza.sk\/wp-content\/uploads\/2022\/01\/logo_PM_horizontal.jpg","width":231,"height":142,"caption":"Pova\u017esk\u00e9 m\u00fazeum"},"image":{"@id":"https:\/\/pmza.sk\/#\/schema\/logo\/image\/"},"sameAs":["https:\/\/www.facebook.com\/povazskemuzeum","https:\/\/www.instagram.com\/povazskemuzeum\/"]},{"@type":"Person","@id":"https:\/\/pmza.sk\/#\/schema\/person\/f0b923a9aa8e1f67feef0d7cd9afde35","name":"libor","image":{"@type":"ImageObject","inLanguage":"sk-SK","@id":"https:\/\/secure.gravatar.com\/avatar\/c583dbc698e594aacced1589eb8cf1673bd41d461e8b2ab635484ffc26fee7b0?s=96&d=mm&r=g","url":"https:\/\/secure.gravatar.com\/avatar\/c583dbc698e594aacced1589eb8cf1673bd41d461e8b2ab635484ffc26fee7b0?s=96&d=mm&r=g","contentUrl":"https:\/\/secure.gravatar.com\/avatar\/c583dbc698e594aacced1589eb8cf1673bd41d461e8b2ab635484ffc26fee7b0?s=96&d=mm&r=g","caption":"libor"}}]}},"_links":{"self":[{"href":"https:\/\/pmza.sk\/index.php?rest_route=\/wp\/v2\/posts\/3243","targetHints":{"allow":["GET"]}}],"collection":[{"href":"https:\/\/pmza.sk\/index.php?rest_route=\/wp\/v2\/posts"}],"about":[{"href":"https:\/\/pmza.sk\/index.php?rest_route=\/wp\/v2\/types\/post"}],"author":[{"embeddable":true,"href":"https:\/\/pmza.sk\/index.php?rest_route=\/wp\/v2\/users\/1"}],"replies":[{"embeddable":true,"href":"https:\/\/pmza.sk\/index.php?rest_route=%2Fwp%2Fv2%2Fcomments&post=3243"}],"version-history":[{"count":0,"href":"https:\/\/pmza.sk\/index.php?rest_route=\/wp\/v2\/posts\/3243\/revisions"}],"wp:attachment":[{"href":"https:\/\/pmza.sk\/index.php?rest_route=%2Fwp%2Fv2%2Fmedia&parent=3243"}],"wp:term":[{"taxonomy":"category","embeddable":true,"href":"https:\/\/pmza.sk\/index.php?rest_route=%2Fwp%2Fv2%2Fcategories&post=3243"},{"taxonomy":"post_tag","embeddable":true,"href":"https:\/\/pmza.sk\/index.php?rest_route=%2Fwp%2Fv2%2Ftags&post=3243"}],"curies":[{"name":"wp","href":"https:\/\/api.w.org\/{rel}","templated":true}]}}