{"id":32445,"date":"2019-03-18T12:57:33","date_gmt":"2019-03-18T11:57:33","guid":{"rendered":"https:\/\/pmza.sk\/?p=32445"},"modified":"2019-03-18T12:57:33","modified_gmt":"2019-03-18T11:57:33","slug":"do-vtipne-verne","status":"publish","type":"post","link":"https:\/\/pmza.sk\/?p=32445","title":{"rendered":"D\u00f4 (vtipne) verne"},"content":{"rendered":"<p>V\u00fdstava <strong>D\u00f4 (vtipne) verne <\/strong>pon\u00fakne n\u00e1v\u0161tevn\u00edkom diela troch autorov s\u00a0r\u00f4znymi sp\u00f4sobmi vyjadrenia, ktor\u00ed maj\u00fa jednu vec spolo\u010dn\u00fa: netradi\u010dn\u00fd poh\u013ead na svet. Obrazy Michala Jureck\u00e9ho, fotografie a\u00a0b\u00e1sne Magdal\u00e9ny Lackovej a\u00a0dr\u00f4tovan\u00e9 drobnosti Jana Ve\u010de\u0159u zaujm\u00fa a\u00a0pobavia z\u00e1rove\u0148. Dovolia nahliadnu\u0165 do d\u00f4verne zn\u00e1meho prostredia, ktor\u00e9 v\u010faka ich d\u00f4vtipu nadobudne \u00faplne in\u00fd rozmer.<\/p>\n<p>\u201eKe\u010f neberieme \u017eivot pr\u00edli\u0161 v\u00e1\u017ene, vid\u00edme veci, ktor\u00e9 by sme v\u00a0be\u017en\u00e9 dni nevideli. Mo\u017enos\u0165 podeli\u0165 sa o\u00a0ne s\u00a0in\u00fdmi \u013eu\u010fmi, chv\u00edle humoru len zn\u00e1sobuje. O\u00a0to viac, ke\u010f sa to deje v\u00a0priestoroch m\u00fazea. V\u00fdstava je tak d\u00f4kazom, \u017ee kult\u00fara m\u00f4\u017ee by\u0165 z\u00e1bavn\u00e1 a\u00a0aj za hradn\u00fdmi m\u00farmi pracuj\u00fa vn\u00edmav\u00e9 a\u00a0vtipn\u00e9 bytosti.\u201c prezradila marketingov\u00e1 pracovn\u00ed\u010dka Pova\u017esk\u00e9ho m\u00fazea a\u00a0jedna z\u00a0autorov v\u00fdstavy Magdal\u00e9na Lackov\u00e1.<\/p>\n<p>Hoci je de\u0148 bl\u00e1znov 1. apr\u00edla, v\u00a0Pova\u017eskom m\u00fazeu budeme ma\u0165 vtipn\u00fa n\u00e1ladu od 28. marca do 11. apr\u00edla, kedy bude v\u00fdstava in\u0161talovan\u00e1. A\u00a0ke\u010f\u017ee prv\u00fd apr\u00edl je aj medzin\u00e1rodn\u00fdm\u00a0 d\u0148om vt\u00e1ctva,\u00a0 n\u00e1v\u0161tevn\u00edkom odpor\u00fa\u010dame bra\u0165 ju s\u00a0nadh\u013eadom. Netradi\u010dn\u00e9 diela si m\u00f4\u017eu pozrie\u0165 v\u00a0komunitnej miestnosti kaplnky Budat\u00ednskeho hradu od utorka do nedele v\u00a0\u010dase od 9.00 do 17.00 hodiny.<\/p>\n","protected":false},"excerpt":{"rendered":"<p>V\u00fdstava D\u00f4 (vtipne) verne pon\u00fakne n\u00e1v\u0161tevn\u00edkom diela troch autorov s\u00a0r\u00f4znymi sp\u00f4sobmi vyjadrenia, ktor\u00ed maj\u00fa jednu vec spolo\u010dn\u00fa: netradi\u010dn\u00fd poh\u013ead na svet. Obrazy Michala Jureck\u00e9ho, fotografie a\u00a0b\u00e1sne Magdal\u00e9ny Lackovej a\u00a0dr\u00f4tovan\u00e9 drobnosti Jana Ve\u010de\u0159u zaujm\u00fa a\u00a0pobavia z\u00e1rove\u0148. Dovolia nahliadnu\u0165 do d\u00f4verne zn\u00e1meho prostredia, ktor\u00e9 v\u010faka ich d\u00f4vtipu nadobudne \u00faplne in\u00fd rozmer. \u201eKe\u010f neberieme \u017eivot pr\u00edli\u0161 v\u00e1\u017ene, vid\u00edme [&hellip;]<\/p>\n","protected":false},"author":2,"featured_media":32446,"comment_status":"closed","ping_status":"closed","sticky":false,"template":"","format":"standard","meta":{"site-sidebar-layout":"default","site-content-layout":"","ast-site-content-layout":"","site-content-style":"default","site-sidebar-style":"default","ast-global-header-display":"","ast-banner-title-visibility":"","ast-main-header-display":"","ast-hfb-above-header-display":"","ast-hfb-below-header-display":"","ast-hfb-mobile-header-display":"","site-post-title":"","ast-breadcrumbs-content":"","ast-featured-img":"","footer-sml-layout":"","theme-transparent-header-meta":"","adv-header-id-meta":"","stick-header-meta":"","header-above-stick-meta":"","header-main-stick-meta":"","header-below-stick-meta":"","astra-migrate-meta-layouts":"default","ast-page-background-enabled":"default","ast-page-background-meta":{"desktop":{"background-color":"var(--ast-global-color-4)","background-image":"","background-repeat":"repeat","background-position":"center center","background-size":"auto","background-attachment":"scroll","background-type":"","background-media":"","overlay-type":"","overlay-color":"","overlay-opacity":"","overlay-gradient":""},"tablet":{"background-color":"","background-image":"","background-repeat":"repeat","background-position":"center center","background-size":"auto","background-attachment":"scroll","background-type":"","background-media":"","overlay-type":"","overlay-color":"","overlay-opacity":"","overlay-gradient":""},"mobile":{"background-color":"","background-image":"","background-repeat":"repeat","background-position":"center center","background-size":"auto","background-attachment":"scroll","background-type":"","background-media":"","overlay-type":"","overlay-color":"","overlay-opacity":"","overlay-gradient":""}},"ast-content-background-meta":{"desktop":{"background-color":"var(--ast-global-color-5)","background-image":"","background-repeat":"repeat","background-position":"center center","background-size":"auto","background-attachment":"scroll","background-type":"","background-media":"","overlay-type":"","overlay-color":"","overlay-opacity":"","overlay-gradient":""},"tablet":{"background-color":"var(--ast-global-color-5)","background-image":"","background-repeat":"repeat","background-position":"center center","background-size":"auto","background-attachment":"scroll","background-type":"","background-media":"","overlay-type":"","overlay-color":"","overlay-opacity":"","overlay-gradient":""},"mobile":{"background-color":"var(--ast-global-color-5)","background-image":"","background-repeat":"repeat","background-position":"center center","background-size":"auto","background-attachment":"scroll","background-type":"","background-media":"","overlay-type":"","overlay-color":"","overlay-opacity":"","overlay-gradient":""}},"footnotes":""},"categories":[31],"tags":[],"class_list":["post-32445","post","type-post","status-publish","format-standard","has-post-thumbnail","hentry","category-aktuality"],"yoast_head":"<!-- This site is optimized with the Yoast SEO plugin v27.4 - https:\/\/yoast.com\/product\/yoast-seo-wordpress\/ -->\n<title>D\u00f4 (vtipne) verne - Pova\u017esk\u00e9 m\u00fazeum<\/title>\n<meta name=\"robots\" content=\"index, follow, max-snippet:-1, max-image-preview:large, max-video-preview:-1\" \/>\n<link rel=\"canonical\" href=\"https:\/\/pmza.sk\/?p=32445\" \/>\n<meta property=\"og:locale\" content=\"sk_SK\" \/>\n<meta property=\"og:type\" content=\"article\" \/>\n<meta property=\"og:title\" content=\"D\u00f4 (vtipne) verne - Pova\u017esk\u00e9 m\u00fazeum\" \/>\n<meta property=\"og:description\" content=\"V\u00fdstava D\u00f4 (vtipne) verne pon\u00fakne n\u00e1v\u0161tevn\u00edkom diela troch autorov s\u00a0r\u00f4znymi sp\u00f4sobmi vyjadrenia, ktor\u00ed maj\u00fa jednu vec spolo\u010dn\u00fa: netradi\u010dn\u00fd poh\u013ead na svet. Obrazy Michala Jureck\u00e9ho, fotografie a\u00a0b\u00e1sne Magdal\u00e9ny Lackovej a\u00a0dr\u00f4tovan\u00e9 drobnosti Jana Ve\u010de\u0159u zaujm\u00fa a\u00a0pobavia z\u00e1rove\u0148. Dovolia nahliadnu\u0165 do d\u00f4verne zn\u00e1meho prostredia, ktor\u00e9 v\u010faka ich d\u00f4vtipu nadobudne \u00faplne in\u00fd rozmer. \u201eKe\u010f neberieme \u017eivot pr\u00edli\u0161 v\u00e1\u017ene, vid\u00edme [&hellip;]\" \/>\n<meta property=\"og:url\" content=\"https:\/\/pmza.sk\/?p=32445\" \/>\n<meta property=\"og:site_name\" content=\"Pova\u017esk\u00e9 m\u00fazeum\" \/>\n<meta property=\"article:publisher\" content=\"https:\/\/www.facebook.com\/povazskemuzeum\" \/>\n<meta property=\"article:published_time\" content=\"2019-03-18T11:57:33+00:00\" \/>\n<meta property=\"og:image\" content=\"https:\/\/pmza.sk\/wp-content\/uploads\/2019\/03\/vtipna_vystava_www.jpg\" \/>\n\t<meta property=\"og:image:width\" content=\"566\" \/>\n\t<meta property=\"og:image:height\" content=\"800\" \/>\n\t<meta property=\"og:image:type\" content=\"image\/jpeg\" \/>\n<meta name=\"author\" content=\"Pova\u017esk\u00e9 m\u00fazeum\" \/>\n<meta name=\"twitter:card\" content=\"summary_large_image\" \/>\n<meta name=\"twitter:label1\" content=\"Autor\" \/>\n\t<meta name=\"twitter:data1\" content=\"Pova\u017esk\u00e9 m\u00fazeum\" \/>\n\t<meta name=\"twitter:label2\" content=\"Predpokladan\u00fd \u010das \u010d\u00edtania\" \/>\n\t<meta name=\"twitter:data2\" content=\"1 min\u00fata\" \/>\n<script type=\"application\/ld+json\" class=\"yoast-schema-graph\">{\"@context\":\"https:\\\/\\\/schema.org\",\"@graph\":[{\"@type\":\"Article\",\"@id\":\"https:\\\/\\\/pmza.sk\\\/?p=32445#article\",\"isPartOf\":{\"@id\":\"https:\\\/\\\/pmza.sk\\\/?p=32445\"},\"author\":{\"name\":\"Pova\u017esk\u00e9 m\u00fazeum\",\"@id\":\"https:\\\/\\\/pmza.sk\\\/#\\\/schema\\\/person\\\/595e6a2ce731ea94dcd5d7f50a41ae33\"},\"headline\":\"D\u00f4 (vtipne) verne\",\"datePublished\":\"2019-03-18T11:57:33+00:00\",\"mainEntityOfPage\":{\"@id\":\"https:\\\/\\\/pmza.sk\\\/?p=32445\"},\"wordCount\":245,\"publisher\":{\"@id\":\"https:\\\/\\\/pmza.sk\\\/#organization\"},\"image\":{\"@id\":\"https:\\\/\\\/pmza.sk\\\/?p=32445#primaryimage\"},\"thumbnailUrl\":\"https:\\\/\\\/pmza.sk\\\/wp-content\\\/uploads\\\/2019\\\/03\\\/vtipna_vystava_www.jpg\",\"articleSection\":[\"Aktuality\"],\"inLanguage\":\"sk-SK\"},{\"@type\":\"WebPage\",\"@id\":\"https:\\\/\\\/pmza.sk\\\/?p=32445\",\"url\":\"https:\\\/\\\/pmza.sk\\\/?p=32445\",\"name\":\"D\u00f4 (vtipne) verne - Pova\u017esk\u00e9 m\u00fazeum\",\"isPartOf\":{\"@id\":\"https:\\\/\\\/pmza.sk\\\/#website\"},\"primaryImageOfPage\":{\"@id\":\"https:\\\/\\\/pmza.sk\\\/?p=32445#primaryimage\"},\"image\":{\"@id\":\"https:\\\/\\\/pmza.sk\\\/?p=32445#primaryimage\"},\"thumbnailUrl\":\"https:\\\/\\\/pmza.sk\\\/wp-content\\\/uploads\\\/2019\\\/03\\\/vtipna_vystava_www.jpg\",\"datePublished\":\"2019-03-18T11:57:33+00:00\",\"breadcrumb\":{\"@id\":\"https:\\\/\\\/pmza.sk\\\/?p=32445#breadcrumb\"},\"inLanguage\":\"sk-SK\",\"potentialAction\":[{\"@type\":\"ReadAction\",\"target\":[\"https:\\\/\\\/pmza.sk\\\/?p=32445\"]}]},{\"@type\":\"ImageObject\",\"inLanguage\":\"sk-SK\",\"@id\":\"https:\\\/\\\/pmza.sk\\\/?p=32445#primaryimage\",\"url\":\"https:\\\/\\\/pmza.sk\\\/wp-content\\\/uploads\\\/2019\\\/03\\\/vtipna_vystava_www.jpg\",\"contentUrl\":\"https:\\\/\\\/pmza.sk\\\/wp-content\\\/uploads\\\/2019\\\/03\\\/vtipna_vystava_www.jpg\",\"width\":566,\"height\":800},{\"@type\":\"BreadcrumbList\",\"@id\":\"https:\\\/\\\/pmza.sk\\\/?p=32445#breadcrumb\",\"itemListElement\":[{\"@type\":\"ListItem\",\"position\":1,\"name\":\"Domovsk\u00e1 str\u00e1nka\",\"item\":\"https:\\\/\\\/pmza.sk\\\/\"},{\"@type\":\"ListItem\",\"position\":2,\"name\":\"D\u00f4 (vtipne) verne\"}]},{\"@type\":\"WebSite\",\"@id\":\"https:\\\/\\\/pmza.sk\\\/#website\",\"url\":\"https:\\\/\\\/pmza.sk\\\/\",\"name\":\"Pova\u017esk\u00e9 m\u00fazeum\",\"description\":\"Pova\u017esk\u00e9 m\u00fazeum v \u017diline je region\u00e1lne m\u00fazeum so s\u00eddlom v Budat\u00edne. Jeho expoz\u00edcie s\u00fa zameran\u00e9 na dejiny slovensk\u00e9ho umenia, kult\u00fary a dopravy.\",\"publisher\":{\"@id\":\"https:\\\/\\\/pmza.sk\\\/#organization\"},\"potentialAction\":[{\"@type\":\"SearchAction\",\"target\":{\"@type\":\"EntryPoint\",\"urlTemplate\":\"https:\\\/\\\/pmza.sk\\\/?s={search_term_string}\"},\"query-input\":{\"@type\":\"PropertyValueSpecification\",\"valueRequired\":true,\"valueName\":\"search_term_string\"}}],\"inLanguage\":\"sk-SK\"},{\"@type\":\"Organization\",\"@id\":\"https:\\\/\\\/pmza.sk\\\/#organization\",\"name\":\"Pova\u017esk\u00e9 m\u00fazeum\",\"url\":\"https:\\\/\\\/pmza.sk\\\/\",\"logo\":{\"@type\":\"ImageObject\",\"inLanguage\":\"sk-SK\",\"@id\":\"https:\\\/\\\/pmza.sk\\\/#\\\/schema\\\/logo\\\/image\\\/\",\"url\":\"https:\\\/\\\/pmza.sk\\\/wp-content\\\/uploads\\\/2022\\\/01\\\/logo_PM_horizontal.jpg\",\"contentUrl\":\"https:\\\/\\\/pmza.sk\\\/wp-content\\\/uploads\\\/2022\\\/01\\\/logo_PM_horizontal.jpg\",\"width\":231,\"height\":142,\"caption\":\"Pova\u017esk\u00e9 m\u00fazeum\"},\"image\":{\"@id\":\"https:\\\/\\\/pmza.sk\\\/#\\\/schema\\\/logo\\\/image\\\/\"},\"sameAs\":[\"https:\\\/\\\/www.facebook.com\\\/povazskemuzeum\",\"https:\\\/\\\/www.instagram.com\\\/povazskemuzeum\\\/\"]},{\"@type\":\"Person\",\"@id\":\"https:\\\/\\\/pmza.sk\\\/#\\\/schema\\\/person\\\/595e6a2ce731ea94dcd5d7f50a41ae33\",\"name\":\"Pova\u017esk\u00e9 m\u00fazeum\",\"image\":{\"@type\":\"ImageObject\",\"inLanguage\":\"sk-SK\",\"@id\":\"https:\\\/\\\/secure.gravatar.com\\\/avatar\\\/2bb7f1561282132fb5826dfeccc66c7996d11ee392ac6aaf7ced8a1c2027fbb2?s=96&d=mm&r=g\",\"url\":\"https:\\\/\\\/secure.gravatar.com\\\/avatar\\\/2bb7f1561282132fb5826dfeccc66c7996d11ee392ac6aaf7ced8a1c2027fbb2?s=96&d=mm&r=g\",\"contentUrl\":\"https:\\\/\\\/secure.gravatar.com\\\/avatar\\\/2bb7f1561282132fb5826dfeccc66c7996d11ee392ac6aaf7ced8a1c2027fbb2?s=96&d=mm&r=g\",\"caption\":\"Pova\u017esk\u00e9 m\u00fazeum\"}}]}<\/script>\n<!-- \/ Yoast SEO plugin. -->","yoast_head_json":{"title":"D\u00f4 (vtipne) verne - Pova\u017esk\u00e9 m\u00fazeum","robots":{"index":"index","follow":"follow","max-snippet":"max-snippet:-1","max-image-preview":"max-image-preview:large","max-video-preview":"max-video-preview:-1"},"canonical":"https:\/\/pmza.sk\/?p=32445","og_locale":"sk_SK","og_type":"article","og_title":"D\u00f4 (vtipne) verne - Pova\u017esk\u00e9 m\u00fazeum","og_description":"V\u00fdstava D\u00f4 (vtipne) verne pon\u00fakne n\u00e1v\u0161tevn\u00edkom diela troch autorov s\u00a0r\u00f4znymi sp\u00f4sobmi vyjadrenia, ktor\u00ed maj\u00fa jednu vec spolo\u010dn\u00fa: netradi\u010dn\u00fd poh\u013ead na svet. Obrazy Michala Jureck\u00e9ho, fotografie a\u00a0b\u00e1sne Magdal\u00e9ny Lackovej a\u00a0dr\u00f4tovan\u00e9 drobnosti Jana Ve\u010de\u0159u zaujm\u00fa a\u00a0pobavia z\u00e1rove\u0148. Dovolia nahliadnu\u0165 do d\u00f4verne zn\u00e1meho prostredia, ktor\u00e9 v\u010faka ich d\u00f4vtipu nadobudne \u00faplne in\u00fd rozmer. \u201eKe\u010f neberieme \u017eivot pr\u00edli\u0161 v\u00e1\u017ene, vid\u00edme [&hellip;]","og_url":"https:\/\/pmza.sk\/?p=32445","og_site_name":"Pova\u017esk\u00e9 m\u00fazeum","article_publisher":"https:\/\/www.facebook.com\/povazskemuzeum","article_published_time":"2019-03-18T11:57:33+00:00","og_image":[{"width":566,"height":800,"url":"https:\/\/pmza.sk\/wp-content\/uploads\/2019\/03\/vtipna_vystava_www.jpg","type":"image\/jpeg"}],"author":"Pova\u017esk\u00e9 m\u00fazeum","twitter_card":"summary_large_image","twitter_misc":{"Autor":"Pova\u017esk\u00e9 m\u00fazeum","Predpokladan\u00fd \u010das \u010d\u00edtania":"1 min\u00fata"},"schema":{"@context":"https:\/\/schema.org","@graph":[{"@type":"Article","@id":"https:\/\/pmza.sk\/?p=32445#article","isPartOf":{"@id":"https:\/\/pmza.sk\/?p=32445"},"author":{"name":"Pova\u017esk\u00e9 m\u00fazeum","@id":"https:\/\/pmza.sk\/#\/schema\/person\/595e6a2ce731ea94dcd5d7f50a41ae33"},"headline":"D\u00f4 (vtipne) verne","datePublished":"2019-03-18T11:57:33+00:00","mainEntityOfPage":{"@id":"https:\/\/pmza.sk\/?p=32445"},"wordCount":245,"publisher":{"@id":"https:\/\/pmza.sk\/#organization"},"image":{"@id":"https:\/\/pmza.sk\/?p=32445#primaryimage"},"thumbnailUrl":"https:\/\/pmza.sk\/wp-content\/uploads\/2019\/03\/vtipna_vystava_www.jpg","articleSection":["Aktuality"],"inLanguage":"sk-SK"},{"@type":"WebPage","@id":"https:\/\/pmza.sk\/?p=32445","url":"https:\/\/pmza.sk\/?p=32445","name":"D\u00f4 (vtipne) verne - Pova\u017esk\u00e9 m\u00fazeum","isPartOf":{"@id":"https:\/\/pmza.sk\/#website"},"primaryImageOfPage":{"@id":"https:\/\/pmza.sk\/?p=32445#primaryimage"},"image":{"@id":"https:\/\/pmza.sk\/?p=32445#primaryimage"},"thumbnailUrl":"https:\/\/pmza.sk\/wp-content\/uploads\/2019\/03\/vtipna_vystava_www.jpg","datePublished":"2019-03-18T11:57:33+00:00","breadcrumb":{"@id":"https:\/\/pmza.sk\/?p=32445#breadcrumb"},"inLanguage":"sk-SK","potentialAction":[{"@type":"ReadAction","target":["https:\/\/pmza.sk\/?p=32445"]}]},{"@type":"ImageObject","inLanguage":"sk-SK","@id":"https:\/\/pmza.sk\/?p=32445#primaryimage","url":"https:\/\/pmza.sk\/wp-content\/uploads\/2019\/03\/vtipna_vystava_www.jpg","contentUrl":"https:\/\/pmza.sk\/wp-content\/uploads\/2019\/03\/vtipna_vystava_www.jpg","width":566,"height":800},{"@type":"BreadcrumbList","@id":"https:\/\/pmza.sk\/?p=32445#breadcrumb","itemListElement":[{"@type":"ListItem","position":1,"name":"Domovsk\u00e1 str\u00e1nka","item":"https:\/\/pmza.sk\/"},{"@type":"ListItem","position":2,"name":"D\u00f4 (vtipne) verne"}]},{"@type":"WebSite","@id":"https:\/\/pmza.sk\/#website","url":"https:\/\/pmza.sk\/","name":"Pova\u017esk\u00e9 m\u00fazeum","description":"Pova\u017esk\u00e9 m\u00fazeum v \u017diline je region\u00e1lne m\u00fazeum so s\u00eddlom v Budat\u00edne. Jeho expoz\u00edcie s\u00fa zameran\u00e9 na dejiny slovensk\u00e9ho umenia, kult\u00fary a dopravy.","publisher":{"@id":"https:\/\/pmza.sk\/#organization"},"potentialAction":[{"@type":"SearchAction","target":{"@type":"EntryPoint","urlTemplate":"https:\/\/pmza.sk\/?s={search_term_string}"},"query-input":{"@type":"PropertyValueSpecification","valueRequired":true,"valueName":"search_term_string"}}],"inLanguage":"sk-SK"},{"@type":"Organization","@id":"https:\/\/pmza.sk\/#organization","name":"Pova\u017esk\u00e9 m\u00fazeum","url":"https:\/\/pmza.sk\/","logo":{"@type":"ImageObject","inLanguage":"sk-SK","@id":"https:\/\/pmza.sk\/#\/schema\/logo\/image\/","url":"https:\/\/pmza.sk\/wp-content\/uploads\/2022\/01\/logo_PM_horizontal.jpg","contentUrl":"https:\/\/pmza.sk\/wp-content\/uploads\/2022\/01\/logo_PM_horizontal.jpg","width":231,"height":142,"caption":"Pova\u017esk\u00e9 m\u00fazeum"},"image":{"@id":"https:\/\/pmza.sk\/#\/schema\/logo\/image\/"},"sameAs":["https:\/\/www.facebook.com\/povazskemuzeum","https:\/\/www.instagram.com\/povazskemuzeum\/"]},{"@type":"Person","@id":"https:\/\/pmza.sk\/#\/schema\/person\/595e6a2ce731ea94dcd5d7f50a41ae33","name":"Pova\u017esk\u00e9 m\u00fazeum","image":{"@type":"ImageObject","inLanguage":"sk-SK","@id":"https:\/\/secure.gravatar.com\/avatar\/2bb7f1561282132fb5826dfeccc66c7996d11ee392ac6aaf7ced8a1c2027fbb2?s=96&d=mm&r=g","url":"https:\/\/secure.gravatar.com\/avatar\/2bb7f1561282132fb5826dfeccc66c7996d11ee392ac6aaf7ced8a1c2027fbb2?s=96&d=mm&r=g","contentUrl":"https:\/\/secure.gravatar.com\/avatar\/2bb7f1561282132fb5826dfeccc66c7996d11ee392ac6aaf7ced8a1c2027fbb2?s=96&d=mm&r=g","caption":"Pova\u017esk\u00e9 m\u00fazeum"}}]}},"_links":{"self":[{"href":"https:\/\/pmza.sk\/index.php?rest_route=\/wp\/v2\/posts\/32445","targetHints":{"allow":["GET"]}}],"collection":[{"href":"https:\/\/pmza.sk\/index.php?rest_route=\/wp\/v2\/posts"}],"about":[{"href":"https:\/\/pmza.sk\/index.php?rest_route=\/wp\/v2\/types\/post"}],"author":[{"embeddable":true,"href":"https:\/\/pmza.sk\/index.php?rest_route=\/wp\/v2\/users\/2"}],"replies":[{"embeddable":true,"href":"https:\/\/pmza.sk\/index.php?rest_route=%2Fwp%2Fv2%2Fcomments&post=32445"}],"version-history":[{"count":0,"href":"https:\/\/pmza.sk\/index.php?rest_route=\/wp\/v2\/posts\/32445\/revisions"}],"wp:featuredmedia":[{"embeddable":true,"href":"https:\/\/pmza.sk\/index.php?rest_route=\/wp\/v2\/media\/32446"}],"wp:attachment":[{"href":"https:\/\/pmza.sk\/index.php?rest_route=%2Fwp%2Fv2%2Fmedia&parent=32445"}],"wp:term":[{"taxonomy":"category","embeddable":true,"href":"https:\/\/pmza.sk\/index.php?rest_route=%2Fwp%2Fv2%2Fcategories&post=32445"},{"taxonomy":"post_tag","embeddable":true,"href":"https:\/\/pmza.sk\/index.php?rest_route=%2Fwp%2Fv2%2Ftags&post=32445"}],"curies":[{"name":"wp","href":"https:\/\/api.w.org\/{rel}","templated":true}]}}