{"id":32508,"date":"2019-03-21T07:40:15","date_gmt":"2019-03-21T06:40:15","guid":{"rendered":"https:\/\/pmza.sk\/?p=32508"},"modified":"2019-03-21T07:40:15","modified_gmt":"2019-03-21T06:40:15","slug":"zmena-prevadzkoveho-poriadku-v-parku-budatinskeho-hradu","status":"publish","type":"post","link":"https:\/\/pmza.sk\/?p=32508","title":{"rendered":"Zmena prev\u00e1dzkov\u00e9ho poriadku v parku Budat\u00ednskeho hradu"},"content":{"rendered":"<p>Pova\u017esk\u00e9 m\u00fazeum v\u00a0\u017diline men\u00ed od 1. m\u00e1ja 2019 prev\u00e1dzkov\u00fd poriadok v\u00a0parku Budat\u00ednskeho hradu. Zmeny sa dotkn\u00fa najm\u00e4 majite\u013eov psov, ke\u010f\u017ee zvierat\u00e1 bud\u00fa ma\u0165 vstup do parku zak\u00e1zan\u00fd. Doteraz mohli psy vstupova\u0165 do parku len na v\u00f4dzke a\u00a0pod doh\u013eadom majite\u013eov, ktor\u00ed boli povinn\u00ed pozbiera\u0165 po nich exkrementy. Tieto regul\u00e1cie boli \u010dasto poru\u0161ovan\u00e9. <em>\u201eK tomuto kroku sme sa rozhodli prist\u00fapi\u0165 najm\u00e4 z\u00a0d\u00f4vodu nedisciplinovanosti majite\u013eov psov. Park bol v\u00a0nadmernej miere zne\u010disten\u00fd a\u00a0po\u0161koden\u00fd.\u201c<\/em> doplnil riadite\u013e Pova\u017esk\u00e9ho m\u00fazea v\u00a0\u017diline Mgr. Michal Jureck\u00fd.<\/p>\n<p>Na pr\u00edtomnos\u0165 vo\u013ene pusten\u00fdch zvierat sa \u010dasto s\u0165a\u017eovali samotn\u00ed n\u00e1v\u0161tevn\u00edci parku. Takmer 5 hekt\u00e1rov\u00e1 zelen\u00e1 plocha na s\u00fatoku riek V\u00e1h a\u00a0Kysuca je najm\u00e4 v\u00a0letn\u00fdch mesiacoch vyh\u013ead\u00e1van\u00fdm miestom na piknik alebo v\u00fdlet. Po\u010das slne\u010dn\u00fdch dn\u00ed tu tr\u00e1via \u010das stovky \u013eud\u00ed. Historick\u00fd park v\u00a0are\u00e1li Budat\u00ednskeho hradu je n\u00e1rodnou kult\u00farnou pamiatkou a\u00a0preto pre\u0148 platia \u0161pecifick\u00e9 pravidl\u00e1. Od m\u00e1ja k\u00a0nim pribudne i z\u00e1kaz vstupu so psom.<\/p>\n","protected":false},"excerpt":{"rendered":"<p>Pova\u017esk\u00e9 m\u00fazeum v\u00a0\u017diline men\u00ed od 1. m\u00e1ja 2019 prev\u00e1dzkov\u00fd poriadok v\u00a0parku Budat\u00ednskeho hradu. Zmeny sa dotkn\u00fa najm\u00e4 majite\u013eov psov, ke\u010f\u017ee zvierat\u00e1 bud\u00fa ma\u0165 vstup do parku zak\u00e1zan\u00fd. Doteraz mohli psy vstupova\u0165 do parku len na v\u00f4dzke a\u00a0pod doh\u013eadom majite\u013eov, ktor\u00ed boli povinn\u00ed pozbiera\u0165 po nich exkrementy. Tieto regul\u00e1cie boli \u010dasto poru\u0161ovan\u00e9. \u201eK tomuto kroku sme [&hellip;]<\/p>\n","protected":false},"author":2,"featured_media":32509,"comment_status":"closed","ping_status":"closed","sticky":false,"template":"","format":"standard","meta":{"site-sidebar-layout":"default","site-content-layout":"","ast-site-content-layout":"","site-content-style":"default","site-sidebar-style":"default","ast-global-header-display":"","ast-banner-title-visibility":"","ast-main-header-display":"","ast-hfb-above-header-display":"","ast-hfb-below-header-display":"","ast-hfb-mobile-header-display":"","site-post-title":"","ast-breadcrumbs-content":"","ast-featured-img":"","footer-sml-layout":"","theme-transparent-header-meta":"","adv-header-id-meta":"","stick-header-meta":"","header-above-stick-meta":"","header-main-stick-meta":"","header-below-stick-meta":"","astra-migrate-meta-layouts":"default","ast-page-background-enabled":"default","ast-page-background-meta":{"desktop":{"background-color":"var(--ast-global-color-4)","background-image":"","background-repeat":"repeat","background-position":"center center","background-size":"auto","background-attachment":"scroll","background-type":"","background-media":"","overlay-type":"","overlay-color":"","overlay-opacity":"","overlay-gradient":""},"tablet":{"background-color":"","background-image":"","background-repeat":"repeat","background-position":"center center","background-size":"auto","background-attachment":"scroll","background-type":"","background-media":"","overlay-type":"","overlay-color":"","overlay-opacity":"","overlay-gradient":""},"mobile":{"background-color":"","background-image":"","background-repeat":"repeat","background-position":"center center","background-size":"auto","background-attachment":"scroll","background-type":"","background-media":"","overlay-type":"","overlay-color":"","overlay-opacity":"","overlay-gradient":""}},"ast-content-background-meta":{"desktop":{"background-color":"var(--ast-global-color-5)","background-image":"","background-repeat":"repeat","background-position":"center center","background-size":"auto","background-attachment":"scroll","background-type":"","background-media":"","overlay-type":"","overlay-color":"","overlay-opacity":"","overlay-gradient":""},"tablet":{"background-color":"var(--ast-global-color-5)","background-image":"","background-repeat":"repeat","background-position":"center center","background-size":"auto","background-attachment":"scroll","background-type":"","background-media":"","overlay-type":"","overlay-color":"","overlay-opacity":"","overlay-gradient":""},"mobile":{"background-color":"var(--ast-global-color-5)","background-image":"","background-repeat":"repeat","background-position":"center center","background-size":"auto","background-attachment":"scroll","background-type":"","background-media":"","overlay-type":"","overlay-color":"","overlay-opacity":"","overlay-gradient":""}},"footnotes":""},"categories":[31],"tags":[],"class_list":["post-32508","post","type-post","status-publish","format-standard","has-post-thumbnail","hentry","category-aktuality"],"yoast_head":"<!-- This site is optimized with the Yoast SEO plugin v27.4 - https:\/\/yoast.com\/product\/yoast-seo-wordpress\/ -->\n<title>Zmena prev\u00e1dzkov\u00e9ho poriadku v parku Budat\u00ednskeho hradu - Pova\u017esk\u00e9 m\u00fazeum<\/title>\n<meta name=\"robots\" content=\"index, follow, max-snippet:-1, max-image-preview:large, max-video-preview:-1\" \/>\n<link rel=\"canonical\" href=\"https:\/\/pmza.sk\/?p=32508\" \/>\n<meta property=\"og:locale\" content=\"sk_SK\" \/>\n<meta property=\"og:type\" content=\"article\" \/>\n<meta property=\"og:title\" content=\"Zmena prev\u00e1dzkov\u00e9ho poriadku v parku Budat\u00ednskeho hradu - Pova\u017esk\u00e9 m\u00fazeum\" \/>\n<meta property=\"og:description\" content=\"Pova\u017esk\u00e9 m\u00fazeum v\u00a0\u017diline men\u00ed od 1. m\u00e1ja 2019 prev\u00e1dzkov\u00fd poriadok v\u00a0parku Budat\u00ednskeho hradu. Zmeny sa dotkn\u00fa najm\u00e4 majite\u013eov psov, ke\u010f\u017ee zvierat\u00e1 bud\u00fa ma\u0165 vstup do parku zak\u00e1zan\u00fd. Doteraz mohli psy vstupova\u0165 do parku len na v\u00f4dzke a\u00a0pod doh\u013eadom majite\u013eov, ktor\u00ed boli povinn\u00ed pozbiera\u0165 po nich exkrementy. Tieto regul\u00e1cie boli \u010dasto poru\u0161ovan\u00e9. \u201eK tomuto kroku sme [&hellip;]\" \/>\n<meta property=\"og:url\" content=\"https:\/\/pmza.sk\/?p=32508\" \/>\n<meta property=\"og:site_name\" content=\"Pova\u017esk\u00e9 m\u00fazeum\" \/>\n<meta property=\"article:publisher\" content=\"https:\/\/www.facebook.com\/povazskemuzeum\" \/>\n<meta property=\"article:published_time\" content=\"2019-03-21T06:40:15+00:00\" \/>\n<meta property=\"og:image\" content=\"https:\/\/pmza.sk\/wp-content\/uploads\/2019\/03\/zakaz_pes.jpg\" \/>\n\t<meta property=\"og:image:width\" content=\"566\" \/>\n\t<meta property=\"og:image:height\" content=\"800\" \/>\n\t<meta property=\"og:image:type\" content=\"image\/jpeg\" \/>\n<meta name=\"author\" content=\"Pova\u017esk\u00e9 m\u00fazeum\" \/>\n<meta name=\"twitter:card\" content=\"summary_large_image\" \/>\n<meta name=\"twitter:label1\" content=\"Autor\" \/>\n\t<meta name=\"twitter:data1\" content=\"Pova\u017esk\u00e9 m\u00fazeum\" \/>\n\t<meta name=\"twitter:label2\" content=\"Predpokladan\u00fd \u010das \u010d\u00edtania\" \/>\n\t<meta name=\"twitter:data2\" content=\"1 min\u00fata\" \/>\n<script type=\"application\/ld+json\" class=\"yoast-schema-graph\">{\"@context\":\"https:\\\/\\\/schema.org\",\"@graph\":[{\"@type\":\"Article\",\"@id\":\"https:\\\/\\\/pmza.sk\\\/?p=32508#article\",\"isPartOf\":{\"@id\":\"https:\\\/\\\/pmza.sk\\\/?p=32508\"},\"author\":{\"name\":\"Pova\u017esk\u00e9 m\u00fazeum\",\"@id\":\"https:\\\/\\\/pmza.sk\\\/#\\\/schema\\\/person\\\/595e6a2ce731ea94dcd5d7f50a41ae33\"},\"headline\":\"Zmena prev\u00e1dzkov\u00e9ho poriadku v parku Budat\u00ednskeho hradu\",\"datePublished\":\"2019-03-21T06:40:15+00:00\",\"mainEntityOfPage\":{\"@id\":\"https:\\\/\\\/pmza.sk\\\/?p=32508\"},\"wordCount\":205,\"publisher\":{\"@id\":\"https:\\\/\\\/pmza.sk\\\/#organization\"},\"image\":{\"@id\":\"https:\\\/\\\/pmza.sk\\\/?p=32508#primaryimage\"},\"thumbnailUrl\":\"https:\\\/\\\/pmza.sk\\\/wp-content\\\/uploads\\\/2019\\\/03\\\/zakaz_pes.jpg\",\"articleSection\":[\"Aktuality\"],\"inLanguage\":\"sk-SK\"},{\"@type\":\"WebPage\",\"@id\":\"https:\\\/\\\/pmza.sk\\\/?p=32508\",\"url\":\"https:\\\/\\\/pmza.sk\\\/?p=32508\",\"name\":\"Zmena prev\u00e1dzkov\u00e9ho poriadku v parku Budat\u00ednskeho hradu - Pova\u017esk\u00e9 m\u00fazeum\",\"isPartOf\":{\"@id\":\"https:\\\/\\\/pmza.sk\\\/#website\"},\"primaryImageOfPage\":{\"@id\":\"https:\\\/\\\/pmza.sk\\\/?p=32508#primaryimage\"},\"image\":{\"@id\":\"https:\\\/\\\/pmza.sk\\\/?p=32508#primaryimage\"},\"thumbnailUrl\":\"https:\\\/\\\/pmza.sk\\\/wp-content\\\/uploads\\\/2019\\\/03\\\/zakaz_pes.jpg\",\"datePublished\":\"2019-03-21T06:40:15+00:00\",\"breadcrumb\":{\"@id\":\"https:\\\/\\\/pmza.sk\\\/?p=32508#breadcrumb\"},\"inLanguage\":\"sk-SK\",\"potentialAction\":[{\"@type\":\"ReadAction\",\"target\":[\"https:\\\/\\\/pmza.sk\\\/?p=32508\"]}]},{\"@type\":\"ImageObject\",\"inLanguage\":\"sk-SK\",\"@id\":\"https:\\\/\\\/pmza.sk\\\/?p=32508#primaryimage\",\"url\":\"https:\\\/\\\/pmza.sk\\\/wp-content\\\/uploads\\\/2019\\\/03\\\/zakaz_pes.jpg\",\"contentUrl\":\"https:\\\/\\\/pmza.sk\\\/wp-content\\\/uploads\\\/2019\\\/03\\\/zakaz_pes.jpg\",\"width\":566,\"height\":800},{\"@type\":\"BreadcrumbList\",\"@id\":\"https:\\\/\\\/pmza.sk\\\/?p=32508#breadcrumb\",\"itemListElement\":[{\"@type\":\"ListItem\",\"position\":1,\"name\":\"Domovsk\u00e1 str\u00e1nka\",\"item\":\"https:\\\/\\\/pmza.sk\\\/\"},{\"@type\":\"ListItem\",\"position\":2,\"name\":\"Zmena prev\u00e1dzkov\u00e9ho poriadku v parku Budat\u00ednskeho hradu\"}]},{\"@type\":\"WebSite\",\"@id\":\"https:\\\/\\\/pmza.sk\\\/#website\",\"url\":\"https:\\\/\\\/pmza.sk\\\/\",\"name\":\"Pova\u017esk\u00e9 m\u00fazeum\",\"description\":\"Pova\u017esk\u00e9 m\u00fazeum v \u017diline je region\u00e1lne m\u00fazeum so s\u00eddlom v Budat\u00edne. Jeho expoz\u00edcie s\u00fa zameran\u00e9 na dejiny slovensk\u00e9ho umenia, kult\u00fary a dopravy.\",\"publisher\":{\"@id\":\"https:\\\/\\\/pmza.sk\\\/#organization\"},\"potentialAction\":[{\"@type\":\"SearchAction\",\"target\":{\"@type\":\"EntryPoint\",\"urlTemplate\":\"https:\\\/\\\/pmza.sk\\\/?s={search_term_string}\"},\"query-input\":{\"@type\":\"PropertyValueSpecification\",\"valueRequired\":true,\"valueName\":\"search_term_string\"}}],\"inLanguage\":\"sk-SK\"},{\"@type\":\"Organization\",\"@id\":\"https:\\\/\\\/pmza.sk\\\/#organization\",\"name\":\"Pova\u017esk\u00e9 m\u00fazeum\",\"url\":\"https:\\\/\\\/pmza.sk\\\/\",\"logo\":{\"@type\":\"ImageObject\",\"inLanguage\":\"sk-SK\",\"@id\":\"https:\\\/\\\/pmza.sk\\\/#\\\/schema\\\/logo\\\/image\\\/\",\"url\":\"https:\\\/\\\/pmza.sk\\\/wp-content\\\/uploads\\\/2022\\\/01\\\/logo_PM_horizontal.jpg\",\"contentUrl\":\"https:\\\/\\\/pmza.sk\\\/wp-content\\\/uploads\\\/2022\\\/01\\\/logo_PM_horizontal.jpg\",\"width\":231,\"height\":142,\"caption\":\"Pova\u017esk\u00e9 m\u00fazeum\"},\"image\":{\"@id\":\"https:\\\/\\\/pmza.sk\\\/#\\\/schema\\\/logo\\\/image\\\/\"},\"sameAs\":[\"https:\\\/\\\/www.facebook.com\\\/povazskemuzeum\",\"https:\\\/\\\/www.instagram.com\\\/povazskemuzeum\\\/\"]},{\"@type\":\"Person\",\"@id\":\"https:\\\/\\\/pmza.sk\\\/#\\\/schema\\\/person\\\/595e6a2ce731ea94dcd5d7f50a41ae33\",\"name\":\"Pova\u017esk\u00e9 m\u00fazeum\",\"image\":{\"@type\":\"ImageObject\",\"inLanguage\":\"sk-SK\",\"@id\":\"https:\\\/\\\/secure.gravatar.com\\\/avatar\\\/2bb7f1561282132fb5826dfeccc66c7996d11ee392ac6aaf7ced8a1c2027fbb2?s=96&d=mm&r=g\",\"url\":\"https:\\\/\\\/secure.gravatar.com\\\/avatar\\\/2bb7f1561282132fb5826dfeccc66c7996d11ee392ac6aaf7ced8a1c2027fbb2?s=96&d=mm&r=g\",\"contentUrl\":\"https:\\\/\\\/secure.gravatar.com\\\/avatar\\\/2bb7f1561282132fb5826dfeccc66c7996d11ee392ac6aaf7ced8a1c2027fbb2?s=96&d=mm&r=g\",\"caption\":\"Pova\u017esk\u00e9 m\u00fazeum\"}}]}<\/script>\n<!-- \/ Yoast SEO plugin. -->","yoast_head_json":{"title":"Zmena prev\u00e1dzkov\u00e9ho poriadku v parku Budat\u00ednskeho hradu - Pova\u017esk\u00e9 m\u00fazeum","robots":{"index":"index","follow":"follow","max-snippet":"max-snippet:-1","max-image-preview":"max-image-preview:large","max-video-preview":"max-video-preview:-1"},"canonical":"https:\/\/pmza.sk\/?p=32508","og_locale":"sk_SK","og_type":"article","og_title":"Zmena prev\u00e1dzkov\u00e9ho poriadku v parku Budat\u00ednskeho hradu - Pova\u017esk\u00e9 m\u00fazeum","og_description":"Pova\u017esk\u00e9 m\u00fazeum v\u00a0\u017diline men\u00ed od 1. m\u00e1ja 2019 prev\u00e1dzkov\u00fd poriadok v\u00a0parku Budat\u00ednskeho hradu. Zmeny sa dotkn\u00fa najm\u00e4 majite\u013eov psov, ke\u010f\u017ee zvierat\u00e1 bud\u00fa ma\u0165 vstup do parku zak\u00e1zan\u00fd. Doteraz mohli psy vstupova\u0165 do parku len na v\u00f4dzke a\u00a0pod doh\u013eadom majite\u013eov, ktor\u00ed boli povinn\u00ed pozbiera\u0165 po nich exkrementy. Tieto regul\u00e1cie boli \u010dasto poru\u0161ovan\u00e9. \u201eK tomuto kroku sme [&hellip;]","og_url":"https:\/\/pmza.sk\/?p=32508","og_site_name":"Pova\u017esk\u00e9 m\u00fazeum","article_publisher":"https:\/\/www.facebook.com\/povazskemuzeum","article_published_time":"2019-03-21T06:40:15+00:00","og_image":[{"width":566,"height":800,"url":"https:\/\/pmza.sk\/wp-content\/uploads\/2019\/03\/zakaz_pes.jpg","type":"image\/jpeg"}],"author":"Pova\u017esk\u00e9 m\u00fazeum","twitter_card":"summary_large_image","twitter_misc":{"Autor":"Pova\u017esk\u00e9 m\u00fazeum","Predpokladan\u00fd \u010das \u010d\u00edtania":"1 min\u00fata"},"schema":{"@context":"https:\/\/schema.org","@graph":[{"@type":"Article","@id":"https:\/\/pmza.sk\/?p=32508#article","isPartOf":{"@id":"https:\/\/pmza.sk\/?p=32508"},"author":{"name":"Pova\u017esk\u00e9 m\u00fazeum","@id":"https:\/\/pmza.sk\/#\/schema\/person\/595e6a2ce731ea94dcd5d7f50a41ae33"},"headline":"Zmena prev\u00e1dzkov\u00e9ho poriadku v parku Budat\u00ednskeho hradu","datePublished":"2019-03-21T06:40:15+00:00","mainEntityOfPage":{"@id":"https:\/\/pmza.sk\/?p=32508"},"wordCount":205,"publisher":{"@id":"https:\/\/pmza.sk\/#organization"},"image":{"@id":"https:\/\/pmza.sk\/?p=32508#primaryimage"},"thumbnailUrl":"https:\/\/pmza.sk\/wp-content\/uploads\/2019\/03\/zakaz_pes.jpg","articleSection":["Aktuality"],"inLanguage":"sk-SK"},{"@type":"WebPage","@id":"https:\/\/pmza.sk\/?p=32508","url":"https:\/\/pmza.sk\/?p=32508","name":"Zmena prev\u00e1dzkov\u00e9ho poriadku v parku Budat\u00ednskeho hradu - Pova\u017esk\u00e9 m\u00fazeum","isPartOf":{"@id":"https:\/\/pmza.sk\/#website"},"primaryImageOfPage":{"@id":"https:\/\/pmza.sk\/?p=32508#primaryimage"},"image":{"@id":"https:\/\/pmza.sk\/?p=32508#primaryimage"},"thumbnailUrl":"https:\/\/pmza.sk\/wp-content\/uploads\/2019\/03\/zakaz_pes.jpg","datePublished":"2019-03-21T06:40:15+00:00","breadcrumb":{"@id":"https:\/\/pmza.sk\/?p=32508#breadcrumb"},"inLanguage":"sk-SK","potentialAction":[{"@type":"ReadAction","target":["https:\/\/pmza.sk\/?p=32508"]}]},{"@type":"ImageObject","inLanguage":"sk-SK","@id":"https:\/\/pmza.sk\/?p=32508#primaryimage","url":"https:\/\/pmza.sk\/wp-content\/uploads\/2019\/03\/zakaz_pes.jpg","contentUrl":"https:\/\/pmza.sk\/wp-content\/uploads\/2019\/03\/zakaz_pes.jpg","width":566,"height":800},{"@type":"BreadcrumbList","@id":"https:\/\/pmza.sk\/?p=32508#breadcrumb","itemListElement":[{"@type":"ListItem","position":1,"name":"Domovsk\u00e1 str\u00e1nka","item":"https:\/\/pmza.sk\/"},{"@type":"ListItem","position":2,"name":"Zmena prev\u00e1dzkov\u00e9ho poriadku v parku Budat\u00ednskeho hradu"}]},{"@type":"WebSite","@id":"https:\/\/pmza.sk\/#website","url":"https:\/\/pmza.sk\/","name":"Pova\u017esk\u00e9 m\u00fazeum","description":"Pova\u017esk\u00e9 m\u00fazeum v \u017diline je region\u00e1lne m\u00fazeum so s\u00eddlom v Budat\u00edne. Jeho expoz\u00edcie s\u00fa zameran\u00e9 na dejiny slovensk\u00e9ho umenia, kult\u00fary a dopravy.","publisher":{"@id":"https:\/\/pmza.sk\/#organization"},"potentialAction":[{"@type":"SearchAction","target":{"@type":"EntryPoint","urlTemplate":"https:\/\/pmza.sk\/?s={search_term_string}"},"query-input":{"@type":"PropertyValueSpecification","valueRequired":true,"valueName":"search_term_string"}}],"inLanguage":"sk-SK"},{"@type":"Organization","@id":"https:\/\/pmza.sk\/#organization","name":"Pova\u017esk\u00e9 m\u00fazeum","url":"https:\/\/pmza.sk\/","logo":{"@type":"ImageObject","inLanguage":"sk-SK","@id":"https:\/\/pmza.sk\/#\/schema\/logo\/image\/","url":"https:\/\/pmza.sk\/wp-content\/uploads\/2022\/01\/logo_PM_horizontal.jpg","contentUrl":"https:\/\/pmza.sk\/wp-content\/uploads\/2022\/01\/logo_PM_horizontal.jpg","width":231,"height":142,"caption":"Pova\u017esk\u00e9 m\u00fazeum"},"image":{"@id":"https:\/\/pmza.sk\/#\/schema\/logo\/image\/"},"sameAs":["https:\/\/www.facebook.com\/povazskemuzeum","https:\/\/www.instagram.com\/povazskemuzeum\/"]},{"@type":"Person","@id":"https:\/\/pmza.sk\/#\/schema\/person\/595e6a2ce731ea94dcd5d7f50a41ae33","name":"Pova\u017esk\u00e9 m\u00fazeum","image":{"@type":"ImageObject","inLanguage":"sk-SK","@id":"https:\/\/secure.gravatar.com\/avatar\/2bb7f1561282132fb5826dfeccc66c7996d11ee392ac6aaf7ced8a1c2027fbb2?s=96&d=mm&r=g","url":"https:\/\/secure.gravatar.com\/avatar\/2bb7f1561282132fb5826dfeccc66c7996d11ee392ac6aaf7ced8a1c2027fbb2?s=96&d=mm&r=g","contentUrl":"https:\/\/secure.gravatar.com\/avatar\/2bb7f1561282132fb5826dfeccc66c7996d11ee392ac6aaf7ced8a1c2027fbb2?s=96&d=mm&r=g","caption":"Pova\u017esk\u00e9 m\u00fazeum"}}]}},"_links":{"self":[{"href":"https:\/\/pmza.sk\/index.php?rest_route=\/wp\/v2\/posts\/32508","targetHints":{"allow":["GET"]}}],"collection":[{"href":"https:\/\/pmza.sk\/index.php?rest_route=\/wp\/v2\/posts"}],"about":[{"href":"https:\/\/pmza.sk\/index.php?rest_route=\/wp\/v2\/types\/post"}],"author":[{"embeddable":true,"href":"https:\/\/pmza.sk\/index.php?rest_route=\/wp\/v2\/users\/2"}],"replies":[{"embeddable":true,"href":"https:\/\/pmza.sk\/index.php?rest_route=%2Fwp%2Fv2%2Fcomments&post=32508"}],"version-history":[{"count":0,"href":"https:\/\/pmza.sk\/index.php?rest_route=\/wp\/v2\/posts\/32508\/revisions"}],"wp:featuredmedia":[{"embeddable":true,"href":"https:\/\/pmza.sk\/index.php?rest_route=\/wp\/v2\/media\/32509"}],"wp:attachment":[{"href":"https:\/\/pmza.sk\/index.php?rest_route=%2Fwp%2Fv2%2Fmedia&parent=32508"}],"wp:term":[{"taxonomy":"category","embeddable":true,"href":"https:\/\/pmza.sk\/index.php?rest_route=%2Fwp%2Fv2%2Fcategories&post=32508"},{"taxonomy":"post_tag","embeddable":true,"href":"https:\/\/pmza.sk\/index.php?rest_route=%2Fwp%2Fv2%2Ftags&post=32508"}],"curies":[{"name":"wp","href":"https:\/\/api.w.org\/{rel}","templated":true}]}}