{"id":3252,"date":"2011-07-07T10:56:59","date_gmt":"2011-07-07T08:56:59","guid":{"rendered":"https:\/\/pmza.sk.sk\/?p=3252"},"modified":"2011-07-07T10:56:59","modified_gmt":"2011-07-07T08:56:59","slug":"hop-sa-hor-sa-hrad-otvor-sa-2","status":"publish","type":"post","link":"https:\/\/pmza.sk\/?p=3252","title":{"rendered":"Hop sa, hor sa, hrad otvor sa !"},"content":{"rendered":"<p><strong><\/strong><a href=\"https:\/\/pmza.sk\/wp-content\/uploads\/2011\/07\/hop-sa-hor-sa...-2010-scaled-1.jpg\"><img fetchpriority=\"high\" decoding=\"async\" class=\"alignleft size-medium wp-image-3253\" style=\"margin: 4px; border: 2px solid black;\" title=\"hop sa, hor sa... 2010\" src=\"https:\/\/pmza.sk.sk\/wp-content\/uploads\/2011\/07\/hop-sa-hor-sa...-2010-225x300.jpg\" alt=\"\" width=\"225\" height=\"300\" \/><\/a>Rozpr\u00e1vkov\u00e9 leto na hrade Stre\u010dno sa za\u010d\u00edna v\u00a0nede\u013eu 17. j\u00fala 2011 podujat\u00edm pod n\u00e1zvom <strong>Hop sa, hor sa, hrad otvor sa !<\/strong> \u201e<em>Minul\u00fd rok sme pilotne po prv\u00fdkr\u00e1t uviedli projekt Hop sa hor sa, hrad otvor sa! , ur\u010den\u00fd najm\u00e4 pre najmen\u0161\u00edch n\u00e1v\u0161tevn\u00edkov hradu, ktor\u00fd pon\u00faka prevedenie najzn\u00e1mej\u0161\u00edch slovensk\u00fdch rozpr\u00e1vok v\u00a0priestoroch hradu Stre\u010dno. Z\u00a0d\u00f4vodu ve\u013ekej \u00faspe\u0161nosti sme podujatie zopakovali po\u010das letnej sez\u00f3ny e\u0161te raz. Odohran\u00e9 boli tak\u00e9 rozpr\u00e1vky ako Dlh\u00fd nos, \u010euro Tru\u013eo, \u010cerven\u00e1 \u010ciapo\u010dka, O\u00a0\u0160\u00edpkovej Ru\u017eenke, Chudobn\u00fd mlyn\u00e1r a in\u00e9. Po\u010das t\u00fdchto dvoch dn\u00ed hrad nav\u0161t\u00edvilo okolo dvetis\u00edc det\u00ed s\u00a0rodi\u010dmi<\/em>,\u201c upozornil Boris Schubert, riadite\u013e Pova\u017esk\u00e9ho m\u00fazea v\u00a0\u017diline.<\/p>\n<p><!--more-->Po minuloro\u010dnom div\u00e1cky \u00faspe\u0161nom prijat\u00ed slovensk\u00fdch rozpr\u00e1vok v\u00a0priestoroch stre\u010dnianskeho hradu, podujatie Hop sa, hor sa, hrad otvor sa! pokra\u010duje pr\u00e1ve \u00a017. j\u00fala 2011. Rozpr\u00e1vky ako Martinko Kling\u00e1\u010d a\u00a0Zlat\u00e1 priadka, Mu\u0161ka, ktor\u00e1 kradla mlieko, rozpr\u00e1vka o\u00a0pe\u010den\u00fdch holuboch a\u00a0mnoho \u010fal\u0161\u00edch zabavia a spestria nede\u013en\u00fa n\u00e1v\u0161tevu hradu. Rozpr\u00e1vka, ktor\u00e1 bude n\u00e1v\u0161tevn\u00edkmi hradu ohodnoten\u00e1 ako najvydarenej\u0161ia, bude hran\u00e1 po\u010das cel\u00e9ho leta na hrade Stre\u010dno v\u00a0kontexte \u00a0t\u00fd\u017edennej ponuky podujat\u00ed m\u00fazea a\u00a0to ka\u017edodenn\u00fdch Letn\u00fdch pr\u00edbehov hradu Stre\u010dno.<\/p>\n<p>Organiz\u00e1torom podujatia <strong>Hop sa, hor sa, hrad otvor sa! v\u00a0nede\u013eu 17. j\u00fala 2011<\/strong> od 9,00 do 18,00h je \u017dilinsk\u00fd samospr\u00e1vny kraj a\u00a0Pova\u017esk\u00e9 m\u00fazeum v\u00a0\u017diline.<\/p>\n","protected":false},"excerpt":{"rendered":"<p>Rozpr\u00e1vkov\u00e9 leto na hrade Stre\u010dno sa za\u010d\u00edna v\u00a0nede\u013eu 17. j\u00fala 2011 podujat\u00edm pod n\u00e1zvom Hop sa, hor sa, hrad otvor sa ! \u201eMinul\u00fd rok sme pilotne po prv\u00fdkr\u00e1t uviedli projekt Hop sa hor sa, hrad otvor sa! , ur\u010den\u00fd najm\u00e4 pre najmen\u0161\u00edch n\u00e1v\u0161tevn\u00edkov hradu, ktor\u00fd pon\u00faka prevedenie najzn\u00e1mej\u0161\u00edch slovensk\u00fdch rozpr\u00e1vok v\u00a0priestoroch hradu Stre\u010dno. Z\u00a0d\u00f4vodu ve\u013ekej [&hellip;]<\/p>\n","protected":false},"author":1,"featured_media":0,"comment_status":"closed","ping_status":"closed","sticky":false,"template":"","format":"standard","meta":{"site-sidebar-layout":"default","site-content-layout":"","ast-site-content-layout":"","site-content-style":"default","site-sidebar-style":"default","ast-global-header-display":"","ast-banner-title-visibility":"","ast-main-header-display":"","ast-hfb-above-header-display":"","ast-hfb-below-header-display":"","ast-hfb-mobile-header-display":"","site-post-title":"","ast-breadcrumbs-content":"","ast-featured-img":"","footer-sml-layout":"","theme-transparent-header-meta":"","adv-header-id-meta":"","stick-header-meta":"","header-above-stick-meta":"","header-main-stick-meta":"","header-below-stick-meta":"","astra-migrate-meta-layouts":"default","ast-page-background-enabled":"default","ast-page-background-meta":{"desktop":{"background-color":"var(--ast-global-color-4)","background-image":"","background-repeat":"repeat","background-position":"center center","background-size":"auto","background-attachment":"scroll","background-type":"","background-media":"","overlay-type":"","overlay-color":"","overlay-opacity":"","overlay-gradient":""},"tablet":{"background-color":"","background-image":"","background-repeat":"repeat","background-position":"center center","background-size":"auto","background-attachment":"scroll","background-type":"","background-media":"","overlay-type":"","overlay-color":"","overlay-opacity":"","overlay-gradient":""},"mobile":{"background-color":"","background-image":"","background-repeat":"repeat","background-position":"center center","background-size":"auto","background-attachment":"scroll","background-type":"","background-media":"","overlay-type":"","overlay-color":"","overlay-opacity":"","overlay-gradient":""}},"ast-content-background-meta":{"desktop":{"background-color":"var(--ast-global-color-5)","background-image":"","background-repeat":"repeat","background-position":"center center","background-size":"auto","background-attachment":"scroll","background-type":"","background-media":"","overlay-type":"","overlay-color":"","overlay-opacity":"","overlay-gradient":""},"tablet":{"background-color":"var(--ast-global-color-5)","background-image":"","background-repeat":"repeat","background-position":"center center","background-size":"auto","background-attachment":"scroll","background-type":"","background-media":"","overlay-type":"","overlay-color":"","overlay-opacity":"","overlay-gradient":""},"mobile":{"background-color":"var(--ast-global-color-5)","background-image":"","background-repeat":"repeat","background-position":"center center","background-size":"auto","background-attachment":"scroll","background-type":"","background-media":"","overlay-type":"","overlay-color":"","overlay-opacity":"","overlay-gradient":""}},"footnotes":""},"categories":[30],"tags":[],"class_list":["post-3252","post","type-post","status-publish","format-standard","hentry","category-archiv-2011"],"yoast_head":"<!-- This site is optimized with the Yoast SEO plugin v27.4 - https:\/\/yoast.com\/product\/yoast-seo-wordpress\/ -->\n<title>Hop sa, hor sa, hrad otvor sa ! - Pova\u017esk\u00e9 m\u00fazeum<\/title>\n<meta name=\"robots\" content=\"index, follow, max-snippet:-1, max-image-preview:large, max-video-preview:-1\" \/>\n<link rel=\"canonical\" href=\"https:\/\/pmza.sk\/?p=3252\" \/>\n<meta property=\"og:locale\" content=\"sk_SK\" \/>\n<meta property=\"og:type\" content=\"article\" \/>\n<meta property=\"og:title\" content=\"Hop sa, hor sa, hrad otvor sa ! - Pova\u017esk\u00e9 m\u00fazeum\" \/>\n<meta property=\"og:description\" content=\"Rozpr\u00e1vkov\u00e9 leto na hrade Stre\u010dno sa za\u010d\u00edna v\u00a0nede\u013eu 17. j\u00fala 2011 podujat\u00edm pod n\u00e1zvom Hop sa, hor sa, hrad otvor sa ! \u201eMinul\u00fd rok sme pilotne po prv\u00fdkr\u00e1t uviedli projekt Hop sa hor sa, hrad otvor sa! , ur\u010den\u00fd najm\u00e4 pre najmen\u0161\u00edch n\u00e1v\u0161tevn\u00edkov hradu, ktor\u00fd pon\u00faka prevedenie najzn\u00e1mej\u0161\u00edch slovensk\u00fdch rozpr\u00e1vok v\u00a0priestoroch hradu Stre\u010dno. Z\u00a0d\u00f4vodu ve\u013ekej [&hellip;]\" \/>\n<meta property=\"og:url\" content=\"https:\/\/pmza.sk\/?p=3252\" \/>\n<meta property=\"og:site_name\" content=\"Pova\u017esk\u00e9 m\u00fazeum\" \/>\n<meta property=\"article:publisher\" content=\"https:\/\/www.facebook.com\/povazskemuzeum\" \/>\n<meta property=\"article:published_time\" content=\"2011-07-07T08:56:59+00:00\" \/>\n<meta property=\"og:image\" content=\"https:\/\/pmza.sk.sk\/wp-content\/uploads\/2011\/07\/hop-sa-hor-sa...-2010-225x300.jpg\" \/>\n<meta name=\"author\" content=\"libor\" \/>\n<meta name=\"twitter:card\" content=\"summary_large_image\" \/>\n<meta name=\"twitter:label1\" content=\"Autor\" \/>\n\t<meta name=\"twitter:data1\" content=\"libor\" \/>\n\t<meta name=\"twitter:label2\" content=\"Predpokladan\u00fd \u010das \u010d\u00edtania\" \/>\n\t<meta name=\"twitter:data2\" content=\"1 min\u00fata\" \/>\n<script type=\"application\/ld+json\" class=\"yoast-schema-graph\">{\"@context\":\"https:\\\/\\\/schema.org\",\"@graph\":[{\"@type\":\"Article\",\"@id\":\"https:\\\/\\\/pmza.sk\\\/?p=3252#article\",\"isPartOf\":{\"@id\":\"https:\\\/\\\/pmza.sk\\\/?p=3252\"},\"author\":{\"name\":\"libor\",\"@id\":\"https:\\\/\\\/pmza.sk\\\/#\\\/schema\\\/person\\\/f0b923a9aa8e1f67feef0d7cd9afde35\"},\"headline\":\"Hop sa, hor sa, hrad otvor sa !\",\"datePublished\":\"2011-07-07T08:56:59+00:00\",\"mainEntityOfPage\":{\"@id\":\"https:\\\/\\\/pmza.sk\\\/?p=3252\"},\"wordCount\":285,\"publisher\":{\"@id\":\"https:\\\/\\\/pmza.sk\\\/#organization\"},\"image\":{\"@id\":\"https:\\\/\\\/pmza.sk\\\/?p=3252#primaryimage\"},\"thumbnailUrl\":\"http:\\\/\\\/pmza.sk.sk\\\/wp-content\\\/uploads\\\/2011\\\/07\\\/hop-sa-hor-sa...-2010-225x300.jpg\",\"articleSection\":[\"Arch\u00edv 2011\"],\"inLanguage\":\"sk-SK\"},{\"@type\":\"WebPage\",\"@id\":\"https:\\\/\\\/pmza.sk\\\/?p=3252\",\"url\":\"https:\\\/\\\/pmza.sk\\\/?p=3252\",\"name\":\"Hop sa, hor sa, hrad otvor sa ! - Pova\u017esk\u00e9 m\u00fazeum\",\"isPartOf\":{\"@id\":\"https:\\\/\\\/pmza.sk\\\/#website\"},\"primaryImageOfPage\":{\"@id\":\"https:\\\/\\\/pmza.sk\\\/?p=3252#primaryimage\"},\"image\":{\"@id\":\"https:\\\/\\\/pmza.sk\\\/?p=3252#primaryimage\"},\"thumbnailUrl\":\"http:\\\/\\\/pmza.sk.sk\\\/wp-content\\\/uploads\\\/2011\\\/07\\\/hop-sa-hor-sa...-2010-225x300.jpg\",\"datePublished\":\"2011-07-07T08:56:59+00:00\",\"breadcrumb\":{\"@id\":\"https:\\\/\\\/pmza.sk\\\/?p=3252#breadcrumb\"},\"inLanguage\":\"sk-SK\",\"potentialAction\":[{\"@type\":\"ReadAction\",\"target\":[\"https:\\\/\\\/pmza.sk\\\/?p=3252\"]}]},{\"@type\":\"ImageObject\",\"inLanguage\":\"sk-SK\",\"@id\":\"https:\\\/\\\/pmza.sk\\\/?p=3252#primaryimage\",\"url\":\"http:\\\/\\\/pmza.sk.sk\\\/wp-content\\\/uploads\\\/2011\\\/07\\\/hop-sa-hor-sa...-2010-225x300.jpg\",\"contentUrl\":\"http:\\\/\\\/pmza.sk.sk\\\/wp-content\\\/uploads\\\/2011\\\/07\\\/hop-sa-hor-sa...-2010-225x300.jpg\"},{\"@type\":\"BreadcrumbList\",\"@id\":\"https:\\\/\\\/pmza.sk\\\/?p=3252#breadcrumb\",\"itemListElement\":[{\"@type\":\"ListItem\",\"position\":1,\"name\":\"Domovsk\u00e1 str\u00e1nka\",\"item\":\"https:\\\/\\\/pmza.sk\\\/\"},{\"@type\":\"ListItem\",\"position\":2,\"name\":\"Hop sa, hor sa, hrad otvor sa !\"}]},{\"@type\":\"WebSite\",\"@id\":\"https:\\\/\\\/pmza.sk\\\/#website\",\"url\":\"https:\\\/\\\/pmza.sk\\\/\",\"name\":\"Pova\u017esk\u00e9 m\u00fazeum\",\"description\":\"Pova\u017esk\u00e9 m\u00fazeum v \u017diline je region\u00e1lne m\u00fazeum so s\u00eddlom v Budat\u00edne. Jeho expoz\u00edcie s\u00fa zameran\u00e9 na dejiny slovensk\u00e9ho umenia, kult\u00fary a dopravy.\",\"publisher\":{\"@id\":\"https:\\\/\\\/pmza.sk\\\/#organization\"},\"potentialAction\":[{\"@type\":\"SearchAction\",\"target\":{\"@type\":\"EntryPoint\",\"urlTemplate\":\"https:\\\/\\\/pmza.sk\\\/?s={search_term_string}\"},\"query-input\":{\"@type\":\"PropertyValueSpecification\",\"valueRequired\":true,\"valueName\":\"search_term_string\"}}],\"inLanguage\":\"sk-SK\"},{\"@type\":\"Organization\",\"@id\":\"https:\\\/\\\/pmza.sk\\\/#organization\",\"name\":\"Pova\u017esk\u00e9 m\u00fazeum\",\"url\":\"https:\\\/\\\/pmza.sk\\\/\",\"logo\":{\"@type\":\"ImageObject\",\"inLanguage\":\"sk-SK\",\"@id\":\"https:\\\/\\\/pmza.sk\\\/#\\\/schema\\\/logo\\\/image\\\/\",\"url\":\"https:\\\/\\\/pmza.sk\\\/wp-content\\\/uploads\\\/2022\\\/01\\\/logo_PM_horizontal.jpg\",\"contentUrl\":\"https:\\\/\\\/pmza.sk\\\/wp-content\\\/uploads\\\/2022\\\/01\\\/logo_PM_horizontal.jpg\",\"width\":231,\"height\":142,\"caption\":\"Pova\u017esk\u00e9 m\u00fazeum\"},\"image\":{\"@id\":\"https:\\\/\\\/pmza.sk\\\/#\\\/schema\\\/logo\\\/image\\\/\"},\"sameAs\":[\"https:\\\/\\\/www.facebook.com\\\/povazskemuzeum\",\"https:\\\/\\\/www.instagram.com\\\/povazskemuzeum\\\/\"]},{\"@type\":\"Person\",\"@id\":\"https:\\\/\\\/pmza.sk\\\/#\\\/schema\\\/person\\\/f0b923a9aa8e1f67feef0d7cd9afde35\",\"name\":\"libor\",\"image\":{\"@type\":\"ImageObject\",\"inLanguage\":\"sk-SK\",\"@id\":\"https:\\\/\\\/secure.gravatar.com\\\/avatar\\\/c583dbc698e594aacced1589eb8cf1673bd41d461e8b2ab635484ffc26fee7b0?s=96&d=mm&r=g\",\"url\":\"https:\\\/\\\/secure.gravatar.com\\\/avatar\\\/c583dbc698e594aacced1589eb8cf1673bd41d461e8b2ab635484ffc26fee7b0?s=96&d=mm&r=g\",\"contentUrl\":\"https:\\\/\\\/secure.gravatar.com\\\/avatar\\\/c583dbc698e594aacced1589eb8cf1673bd41d461e8b2ab635484ffc26fee7b0?s=96&d=mm&r=g\",\"caption\":\"libor\"}}]}<\/script>\n<!-- \/ Yoast SEO plugin. -->","yoast_head_json":{"title":"Hop sa, hor sa, hrad otvor sa ! - Pova\u017esk\u00e9 m\u00fazeum","robots":{"index":"index","follow":"follow","max-snippet":"max-snippet:-1","max-image-preview":"max-image-preview:large","max-video-preview":"max-video-preview:-1"},"canonical":"https:\/\/pmza.sk\/?p=3252","og_locale":"sk_SK","og_type":"article","og_title":"Hop sa, hor sa, hrad otvor sa ! - Pova\u017esk\u00e9 m\u00fazeum","og_description":"Rozpr\u00e1vkov\u00e9 leto na hrade Stre\u010dno sa za\u010d\u00edna v\u00a0nede\u013eu 17. j\u00fala 2011 podujat\u00edm pod n\u00e1zvom Hop sa, hor sa, hrad otvor sa ! \u201eMinul\u00fd rok sme pilotne po prv\u00fdkr\u00e1t uviedli projekt Hop sa hor sa, hrad otvor sa! , ur\u010den\u00fd najm\u00e4 pre najmen\u0161\u00edch n\u00e1v\u0161tevn\u00edkov hradu, ktor\u00fd pon\u00faka prevedenie najzn\u00e1mej\u0161\u00edch slovensk\u00fdch rozpr\u00e1vok v\u00a0priestoroch hradu Stre\u010dno. Z\u00a0d\u00f4vodu ve\u013ekej [&hellip;]","og_url":"https:\/\/pmza.sk\/?p=3252","og_site_name":"Pova\u017esk\u00e9 m\u00fazeum","article_publisher":"https:\/\/www.facebook.com\/povazskemuzeum","article_published_time":"2011-07-07T08:56:59+00:00","og_image":[{"url":"https:\/\/pmza.sk.sk\/wp-content\/uploads\/2011\/07\/hop-sa-hor-sa...-2010-225x300.jpg","type":"","width":"","height":""}],"author":"libor","twitter_card":"summary_large_image","twitter_misc":{"Autor":"libor","Predpokladan\u00fd \u010das \u010d\u00edtania":"1 min\u00fata"},"schema":{"@context":"https:\/\/schema.org","@graph":[{"@type":"Article","@id":"https:\/\/pmza.sk\/?p=3252#article","isPartOf":{"@id":"https:\/\/pmza.sk\/?p=3252"},"author":{"name":"libor","@id":"https:\/\/pmza.sk\/#\/schema\/person\/f0b923a9aa8e1f67feef0d7cd9afde35"},"headline":"Hop sa, hor sa, hrad otvor sa !","datePublished":"2011-07-07T08:56:59+00:00","mainEntityOfPage":{"@id":"https:\/\/pmza.sk\/?p=3252"},"wordCount":285,"publisher":{"@id":"https:\/\/pmza.sk\/#organization"},"image":{"@id":"https:\/\/pmza.sk\/?p=3252#primaryimage"},"thumbnailUrl":"https:\/\/pmza.sk.sk\/wp-content\/uploads\/2011\/07\/hop-sa-hor-sa...-2010-225x300.jpg","articleSection":["Arch\u00edv 2011"],"inLanguage":"sk-SK"},{"@type":"WebPage","@id":"https:\/\/pmza.sk\/?p=3252","url":"https:\/\/pmza.sk\/?p=3252","name":"Hop sa, hor sa, hrad otvor sa ! - Pova\u017esk\u00e9 m\u00fazeum","isPartOf":{"@id":"https:\/\/pmza.sk\/#website"},"primaryImageOfPage":{"@id":"https:\/\/pmza.sk\/?p=3252#primaryimage"},"image":{"@id":"https:\/\/pmza.sk\/?p=3252#primaryimage"},"thumbnailUrl":"https:\/\/pmza.sk.sk\/wp-content\/uploads\/2011\/07\/hop-sa-hor-sa...-2010-225x300.jpg","datePublished":"2011-07-07T08:56:59+00:00","breadcrumb":{"@id":"https:\/\/pmza.sk\/?p=3252#breadcrumb"},"inLanguage":"sk-SK","potentialAction":[{"@type":"ReadAction","target":["https:\/\/pmza.sk\/?p=3252"]}]},{"@type":"ImageObject","inLanguage":"sk-SK","@id":"https:\/\/pmza.sk\/?p=3252#primaryimage","url":"https:\/\/pmza.sk.sk\/wp-content\/uploads\/2011\/07\/hop-sa-hor-sa...-2010-225x300.jpg","contentUrl":"https:\/\/pmza.sk.sk\/wp-content\/uploads\/2011\/07\/hop-sa-hor-sa...-2010-225x300.jpg"},{"@type":"BreadcrumbList","@id":"https:\/\/pmza.sk\/?p=3252#breadcrumb","itemListElement":[{"@type":"ListItem","position":1,"name":"Domovsk\u00e1 str\u00e1nka","item":"https:\/\/pmza.sk\/"},{"@type":"ListItem","position":2,"name":"Hop sa, hor sa, hrad otvor sa !"}]},{"@type":"WebSite","@id":"https:\/\/pmza.sk\/#website","url":"https:\/\/pmza.sk\/","name":"Pova\u017esk\u00e9 m\u00fazeum","description":"Pova\u017esk\u00e9 m\u00fazeum v \u017diline je region\u00e1lne m\u00fazeum so s\u00eddlom v Budat\u00edne. Jeho expoz\u00edcie s\u00fa zameran\u00e9 na dejiny slovensk\u00e9ho umenia, kult\u00fary a dopravy.","publisher":{"@id":"https:\/\/pmza.sk\/#organization"},"potentialAction":[{"@type":"SearchAction","target":{"@type":"EntryPoint","urlTemplate":"https:\/\/pmza.sk\/?s={search_term_string}"},"query-input":{"@type":"PropertyValueSpecification","valueRequired":true,"valueName":"search_term_string"}}],"inLanguage":"sk-SK"},{"@type":"Organization","@id":"https:\/\/pmza.sk\/#organization","name":"Pova\u017esk\u00e9 m\u00fazeum","url":"https:\/\/pmza.sk\/","logo":{"@type":"ImageObject","inLanguage":"sk-SK","@id":"https:\/\/pmza.sk\/#\/schema\/logo\/image\/","url":"https:\/\/pmza.sk\/wp-content\/uploads\/2022\/01\/logo_PM_horizontal.jpg","contentUrl":"https:\/\/pmza.sk\/wp-content\/uploads\/2022\/01\/logo_PM_horizontal.jpg","width":231,"height":142,"caption":"Pova\u017esk\u00e9 m\u00fazeum"},"image":{"@id":"https:\/\/pmza.sk\/#\/schema\/logo\/image\/"},"sameAs":["https:\/\/www.facebook.com\/povazskemuzeum","https:\/\/www.instagram.com\/povazskemuzeum\/"]},{"@type":"Person","@id":"https:\/\/pmza.sk\/#\/schema\/person\/f0b923a9aa8e1f67feef0d7cd9afde35","name":"libor","image":{"@type":"ImageObject","inLanguage":"sk-SK","@id":"https:\/\/secure.gravatar.com\/avatar\/c583dbc698e594aacced1589eb8cf1673bd41d461e8b2ab635484ffc26fee7b0?s=96&d=mm&r=g","url":"https:\/\/secure.gravatar.com\/avatar\/c583dbc698e594aacced1589eb8cf1673bd41d461e8b2ab635484ffc26fee7b0?s=96&d=mm&r=g","contentUrl":"https:\/\/secure.gravatar.com\/avatar\/c583dbc698e594aacced1589eb8cf1673bd41d461e8b2ab635484ffc26fee7b0?s=96&d=mm&r=g","caption":"libor"}}]}},"_links":{"self":[{"href":"https:\/\/pmza.sk\/index.php?rest_route=\/wp\/v2\/posts\/3252","targetHints":{"allow":["GET"]}}],"collection":[{"href":"https:\/\/pmza.sk\/index.php?rest_route=\/wp\/v2\/posts"}],"about":[{"href":"https:\/\/pmza.sk\/index.php?rest_route=\/wp\/v2\/types\/post"}],"author":[{"embeddable":true,"href":"https:\/\/pmza.sk\/index.php?rest_route=\/wp\/v2\/users\/1"}],"replies":[{"embeddable":true,"href":"https:\/\/pmza.sk\/index.php?rest_route=%2Fwp%2Fv2%2Fcomments&post=3252"}],"version-history":[{"count":0,"href":"https:\/\/pmza.sk\/index.php?rest_route=\/wp\/v2\/posts\/3252\/revisions"}],"wp:attachment":[{"href":"https:\/\/pmza.sk\/index.php?rest_route=%2Fwp%2Fv2%2Fmedia&parent=3252"}],"wp:term":[{"taxonomy":"category","embeddable":true,"href":"https:\/\/pmza.sk\/index.php?rest_route=%2Fwp%2Fv2%2Fcategories&post=3252"},{"taxonomy":"post_tag","embeddable":true,"href":"https:\/\/pmza.sk\/index.php?rest_route=%2Fwp%2Fv2%2Ftags&post=3252"}],"curies":[{"name":"wp","href":"https:\/\/api.w.org\/{rel}","templated":true}]}}