{"id":32720,"date":"2019-04-02T09:37:09","date_gmt":"2019-04-02T07:37:09","guid":{"rendered":"https:\/\/pmza.sk\/?p=32720"},"modified":"2019-04-02T09:37:09","modified_gmt":"2019-04-02T07:37:09","slug":"dni-polskej-kultury","status":"publish","type":"post","link":"https:\/\/pmza.sk\/?p=32720","title":{"rendered":"Dni po\u013eskej kult\u00fary"},"content":{"rendered":"<p>V\u00edkend pred Ve\u013ekou nocou bude na Budat\u00ednskom hrade pestr\u00fd. V\u00a0sobotu 13. apr\u00edla sa v\u00a0are\u00e1li Budat\u00ednskeho hradu uskuto\u010dnia Dni po\u013eskej kult\u00fary, ktor\u00e9 organizuje ob\u010dianske zdru\u017eenie Polonus.\u00a0\u00a0\u00a0 \u201e <em>N\u00e1v\u0161tevn\u00edci sa m\u00f4\u017eu te\u0161i\u0165 na v\u00fdstavu ve\u013ekono\u010dn\u00fdch paliem, ktor\u00e9 s\u00fa tradi\u010dn\u00fdm prvkom Ve\u013ekej noci v\u00a0Po\u013esku a\u00a0krasl\u00edc, ktor\u00e9 zhotovili obyvatelia obce Strumie\u0144. V\u00a0r\u00e1mci kult\u00farneho programu vyst\u00fapi \u013eudov\u00fd s\u00fabor z\u00a0obce Strumie\u0144 a\u00a0kapela Polana zo \u017divca. S\u00fa\u010das\u0165ou bud\u00fa aj kr\u00e1tke sc\u00e9nky a\u00a0uk\u00e1\u017eky ve\u013ekono\u010dn\u00fdch zvykov. Milovn\u00edci po\u013eskej ve\u013ekono\u010dnej kuchyne sa m\u00f4\u017eu te\u0161i\u0165 na tradi\u010dn\u00fa polievku \u017durek a\u00a0kol\u00e1\u010diky Mazureky. Pre rodi\u010dov s\u00a0de\u0165mi s\u00fa pripraven\u00e9 tvoriv\u00e9 dielne, ktor\u00e9 bud\u00fa skuto\u010dn\u00fdm jarmokom kreativity. Ka\u017ed\u00fd si m\u00f4\u017ee vyrobi\u0165 ve\u013ekono\u010dn\u00fa palmu, vyzdobi\u0165 kraslicu alebo sladk\u00fd medovn\u00edk.\u201c <\/em>pribl\u00ed\u017eila Katarzyna Bielik z\u00a0ob\u010dianskeho zdru\u017eenia Polonus. Podujatie za\u010d\u00edna o\u00a013.00 hod. a\u00a0v\u00edtan\u00ed s\u00fa v\u0161etci, ktor\u00fdm sa p\u00e1\u010dilo po minul\u00e9 roky, ale tie\u017e t\u00ed, ktor\u00ed sa rozhodn\u00fa pr\u00eds\u0165 po prv\u00fdkr\u00e1t. <em>\u00a0<\/em><\/p>\n<p><span style=\"font-size: 11.0pt;\">Projekt je spolufinancovan\u00fd Sen\u00e1tom Po\u013eskej republiky v r\u00e1mci podpory Po\u013eskej diasp\u00f3ry a Poliakov v zahrani\u010d\u00ed a Po\u013esk\u00fdm in\u0161tit\u00fatom v Bratislave.<\/span><\/p>\n<p><span style=\"font-size: 11.0pt;\">Podujatie je realizovan\u00e9 v r\u00e1mci udr\u017eate\u013enosti projektu: &#8222;Budat\u00edn &#8211; Strumie\u0144: spolupr\u00e1ca na pohrani\u010d\u00ed &#8211; II. etapa&#8220;.<\/span><\/p>\n<p>&nbsp;<\/p>\n","protected":false},"excerpt":{"rendered":"<p>V\u00edkend pred Ve\u013ekou nocou bude na Budat\u00ednskom hrade pestr\u00fd. V\u00a0sobotu 13. apr\u00edla sa v\u00a0are\u00e1li Budat\u00ednskeho hradu uskuto\u010dnia Dni po\u013eskej kult\u00fary, ktor\u00e9 organizuje ob\u010dianske zdru\u017eenie Polonus.\u00a0\u00a0\u00a0 \u201e N\u00e1v\u0161tevn\u00edci sa m\u00f4\u017eu te\u0161i\u0165 na v\u00fdstavu ve\u013ekono\u010dn\u00fdch paliem, ktor\u00e9 s\u00fa tradi\u010dn\u00fdm prvkom Ve\u013ekej noci v\u00a0Po\u013esku a\u00a0krasl\u00edc, ktor\u00e9 zhotovili obyvatelia obce Strumie\u0144. V\u00a0r\u00e1mci kult\u00farneho programu vyst\u00fapi \u013eudov\u00fd s\u00fabor z\u00a0obce Strumie\u0144 [&hellip;]<\/p>\n","protected":false},"author":2,"featured_media":32787,"comment_status":"closed","ping_status":"closed","sticky":false,"template":"","format":"standard","meta":{"site-sidebar-layout":"default","site-content-layout":"","ast-site-content-layout":"","site-content-style":"default","site-sidebar-style":"default","ast-global-header-display":"","ast-banner-title-visibility":"","ast-main-header-display":"","ast-hfb-above-header-display":"","ast-hfb-below-header-display":"","ast-hfb-mobile-header-display":"","site-post-title":"","ast-breadcrumbs-content":"","ast-featured-img":"","footer-sml-layout":"","theme-transparent-header-meta":"","adv-header-id-meta":"","stick-header-meta":"","header-above-stick-meta":"","header-main-stick-meta":"","header-below-stick-meta":"","astra-migrate-meta-layouts":"default","ast-page-background-enabled":"default","ast-page-background-meta":{"desktop":{"background-color":"var(--ast-global-color-4)","background-image":"","background-repeat":"repeat","background-position":"center center","background-size":"auto","background-attachment":"scroll","background-type":"","background-media":"","overlay-type":"","overlay-color":"","overlay-opacity":"","overlay-gradient":""},"tablet":{"background-color":"","background-image":"","background-repeat":"repeat","background-position":"center center","background-size":"auto","background-attachment":"scroll","background-type":"","background-media":"","overlay-type":"","overlay-color":"","overlay-opacity":"","overlay-gradient":""},"mobile":{"background-color":"","background-image":"","background-repeat":"repeat","background-position":"center center","background-size":"auto","background-attachment":"scroll","background-type":"","background-media":"","overlay-type":"","overlay-color":"","overlay-opacity":"","overlay-gradient":""}},"ast-content-background-meta":{"desktop":{"background-color":"var(--ast-global-color-5)","background-image":"","background-repeat":"repeat","background-position":"center center","background-size":"auto","background-attachment":"scroll","background-type":"","background-media":"","overlay-type":"","overlay-color":"","overlay-opacity":"","overlay-gradient":""},"tablet":{"background-color":"var(--ast-global-color-5)","background-image":"","background-repeat":"repeat","background-position":"center center","background-size":"auto","background-attachment":"scroll","background-type":"","background-media":"","overlay-type":"","overlay-color":"","overlay-opacity":"","overlay-gradient":""},"mobile":{"background-color":"var(--ast-global-color-5)","background-image":"","background-repeat":"repeat","background-position":"center center","background-size":"auto","background-attachment":"scroll","background-type":"","background-media":"","overlay-type":"","overlay-color":"","overlay-opacity":"","overlay-gradient":""}},"footnotes":""},"categories":[31],"tags":[],"class_list":["post-32720","post","type-post","status-publish","format-standard","has-post-thumbnail","hentry","category-aktuality"],"yoast_head":"<!-- This site is optimized with the Yoast SEO plugin v27.4 - https:\/\/yoast.com\/product\/yoast-seo-wordpress\/ -->\n<title>Dni po\u013eskej kult\u00fary - Pova\u017esk\u00e9 m\u00fazeum<\/title>\n<meta name=\"robots\" content=\"index, follow, max-snippet:-1, max-image-preview:large, max-video-preview:-1\" \/>\n<link rel=\"canonical\" href=\"https:\/\/pmza.sk\/?p=32720\" \/>\n<meta property=\"og:locale\" content=\"sk_SK\" \/>\n<meta property=\"og:type\" content=\"article\" \/>\n<meta property=\"og:title\" content=\"Dni po\u013eskej kult\u00fary - Pova\u017esk\u00e9 m\u00fazeum\" \/>\n<meta property=\"og:description\" content=\"V\u00edkend pred Ve\u013ekou nocou bude na Budat\u00ednskom hrade pestr\u00fd. V\u00a0sobotu 13. apr\u00edla sa v\u00a0are\u00e1li Budat\u00ednskeho hradu uskuto\u010dnia Dni po\u013eskej kult\u00fary, ktor\u00e9 organizuje ob\u010dianske zdru\u017eenie Polonus.\u00a0\u00a0\u00a0 \u201e N\u00e1v\u0161tevn\u00edci sa m\u00f4\u017eu te\u0161i\u0165 na v\u00fdstavu ve\u013ekono\u010dn\u00fdch paliem, ktor\u00e9 s\u00fa tradi\u010dn\u00fdm prvkom Ve\u013ekej noci v\u00a0Po\u013esku a\u00a0krasl\u00edc, ktor\u00e9 zhotovili obyvatelia obce Strumie\u0144. V\u00a0r\u00e1mci kult\u00farneho programu vyst\u00fapi \u013eudov\u00fd s\u00fabor z\u00a0obce Strumie\u0144 [&hellip;]\" \/>\n<meta property=\"og:url\" content=\"https:\/\/pmza.sk\/?p=32720\" \/>\n<meta property=\"og:site_name\" content=\"Pova\u017esk\u00e9 m\u00fazeum\" \/>\n<meta property=\"article:publisher\" content=\"https:\/\/www.facebook.com\/povazskemuzeum\" \/>\n<meta property=\"article:published_time\" content=\"2019-04-02T07:37:09+00:00\" \/>\n<meta property=\"og:image\" content=\"https:\/\/pmza.sk\/wp-content\/uploads\/2019\/04\/dni_polskej_kultury_www-1.jpg\" \/>\n\t<meta property=\"og:image:width\" content=\"566\" \/>\n\t<meta property=\"og:image:height\" content=\"800\" \/>\n\t<meta property=\"og:image:type\" content=\"image\/jpeg\" \/>\n<meta name=\"author\" content=\"Pova\u017esk\u00e9 m\u00fazeum\" \/>\n<meta name=\"twitter:card\" content=\"summary_large_image\" \/>\n<meta name=\"twitter:label1\" content=\"Autor\" \/>\n\t<meta name=\"twitter:data1\" content=\"Pova\u017esk\u00e9 m\u00fazeum\" \/>\n\t<meta name=\"twitter:label2\" content=\"Predpokladan\u00fd \u010das \u010d\u00edtania\" \/>\n\t<meta name=\"twitter:data2\" content=\"1 min\u00fata\" \/>\n<script type=\"application\/ld+json\" class=\"yoast-schema-graph\">{\"@context\":\"https:\\\/\\\/schema.org\",\"@graph\":[{\"@type\":\"Article\",\"@id\":\"https:\\\/\\\/pmza.sk\\\/?p=32720#article\",\"isPartOf\":{\"@id\":\"https:\\\/\\\/pmza.sk\\\/?p=32720\"},\"author\":{\"name\":\"Pova\u017esk\u00e9 m\u00fazeum\",\"@id\":\"https:\\\/\\\/pmza.sk\\\/#\\\/schema\\\/person\\\/595e6a2ce731ea94dcd5d7f50a41ae33\"},\"headline\":\"Dni po\u013eskej kult\u00fary\",\"datePublished\":\"2019-04-02T07:37:09+00:00\",\"mainEntityOfPage\":{\"@id\":\"https:\\\/\\\/pmza.sk\\\/?p=32720\"},\"wordCount\":262,\"publisher\":{\"@id\":\"https:\\\/\\\/pmza.sk\\\/#organization\"},\"image\":{\"@id\":\"https:\\\/\\\/pmza.sk\\\/?p=32720#primaryimage\"},\"thumbnailUrl\":\"https:\\\/\\\/pmza.sk\\\/wp-content\\\/uploads\\\/2019\\\/04\\\/dni_polskej_kultury_www-1.jpg\",\"articleSection\":[\"Aktuality\"],\"inLanguage\":\"sk-SK\"},{\"@type\":\"WebPage\",\"@id\":\"https:\\\/\\\/pmza.sk\\\/?p=32720\",\"url\":\"https:\\\/\\\/pmza.sk\\\/?p=32720\",\"name\":\"Dni po\u013eskej kult\u00fary - Pova\u017esk\u00e9 m\u00fazeum\",\"isPartOf\":{\"@id\":\"https:\\\/\\\/pmza.sk\\\/#website\"},\"primaryImageOfPage\":{\"@id\":\"https:\\\/\\\/pmza.sk\\\/?p=32720#primaryimage\"},\"image\":{\"@id\":\"https:\\\/\\\/pmza.sk\\\/?p=32720#primaryimage\"},\"thumbnailUrl\":\"https:\\\/\\\/pmza.sk\\\/wp-content\\\/uploads\\\/2019\\\/04\\\/dni_polskej_kultury_www-1.jpg\",\"datePublished\":\"2019-04-02T07:37:09+00:00\",\"breadcrumb\":{\"@id\":\"https:\\\/\\\/pmza.sk\\\/?p=32720#breadcrumb\"},\"inLanguage\":\"sk-SK\",\"potentialAction\":[{\"@type\":\"ReadAction\",\"target\":[\"https:\\\/\\\/pmza.sk\\\/?p=32720\"]}]},{\"@type\":\"ImageObject\",\"inLanguage\":\"sk-SK\",\"@id\":\"https:\\\/\\\/pmza.sk\\\/?p=32720#primaryimage\",\"url\":\"https:\\\/\\\/pmza.sk\\\/wp-content\\\/uploads\\\/2019\\\/04\\\/dni_polskej_kultury_www-1.jpg\",\"contentUrl\":\"https:\\\/\\\/pmza.sk\\\/wp-content\\\/uploads\\\/2019\\\/04\\\/dni_polskej_kultury_www-1.jpg\",\"width\":566,\"height\":800},{\"@type\":\"BreadcrumbList\",\"@id\":\"https:\\\/\\\/pmza.sk\\\/?p=32720#breadcrumb\",\"itemListElement\":[{\"@type\":\"ListItem\",\"position\":1,\"name\":\"Domovsk\u00e1 str\u00e1nka\",\"item\":\"https:\\\/\\\/pmza.sk\\\/\"},{\"@type\":\"ListItem\",\"position\":2,\"name\":\"Dni po\u013eskej kult\u00fary\"}]},{\"@type\":\"WebSite\",\"@id\":\"https:\\\/\\\/pmza.sk\\\/#website\",\"url\":\"https:\\\/\\\/pmza.sk\\\/\",\"name\":\"Pova\u017esk\u00e9 m\u00fazeum\",\"description\":\"Pova\u017esk\u00e9 m\u00fazeum v \u017diline je region\u00e1lne m\u00fazeum so s\u00eddlom v Budat\u00edne. Jeho expoz\u00edcie s\u00fa zameran\u00e9 na dejiny slovensk\u00e9ho umenia, kult\u00fary a dopravy.\",\"publisher\":{\"@id\":\"https:\\\/\\\/pmza.sk\\\/#organization\"},\"potentialAction\":[{\"@type\":\"SearchAction\",\"target\":{\"@type\":\"EntryPoint\",\"urlTemplate\":\"https:\\\/\\\/pmza.sk\\\/?s={search_term_string}\"},\"query-input\":{\"@type\":\"PropertyValueSpecification\",\"valueRequired\":true,\"valueName\":\"search_term_string\"}}],\"inLanguage\":\"sk-SK\"},{\"@type\":\"Organization\",\"@id\":\"https:\\\/\\\/pmza.sk\\\/#organization\",\"name\":\"Pova\u017esk\u00e9 m\u00fazeum\",\"url\":\"https:\\\/\\\/pmza.sk\\\/\",\"logo\":{\"@type\":\"ImageObject\",\"inLanguage\":\"sk-SK\",\"@id\":\"https:\\\/\\\/pmza.sk\\\/#\\\/schema\\\/logo\\\/image\\\/\",\"url\":\"https:\\\/\\\/pmza.sk\\\/wp-content\\\/uploads\\\/2022\\\/01\\\/logo_PM_horizontal.jpg\",\"contentUrl\":\"https:\\\/\\\/pmza.sk\\\/wp-content\\\/uploads\\\/2022\\\/01\\\/logo_PM_horizontal.jpg\",\"width\":231,\"height\":142,\"caption\":\"Pova\u017esk\u00e9 m\u00fazeum\"},\"image\":{\"@id\":\"https:\\\/\\\/pmza.sk\\\/#\\\/schema\\\/logo\\\/image\\\/\"},\"sameAs\":[\"https:\\\/\\\/www.facebook.com\\\/povazskemuzeum\",\"https:\\\/\\\/www.instagram.com\\\/povazskemuzeum\\\/\"]},{\"@type\":\"Person\",\"@id\":\"https:\\\/\\\/pmza.sk\\\/#\\\/schema\\\/person\\\/595e6a2ce731ea94dcd5d7f50a41ae33\",\"name\":\"Pova\u017esk\u00e9 m\u00fazeum\",\"image\":{\"@type\":\"ImageObject\",\"inLanguage\":\"sk-SK\",\"@id\":\"https:\\\/\\\/secure.gravatar.com\\\/avatar\\\/2bb7f1561282132fb5826dfeccc66c7996d11ee392ac6aaf7ced8a1c2027fbb2?s=96&d=mm&r=g\",\"url\":\"https:\\\/\\\/secure.gravatar.com\\\/avatar\\\/2bb7f1561282132fb5826dfeccc66c7996d11ee392ac6aaf7ced8a1c2027fbb2?s=96&d=mm&r=g\",\"contentUrl\":\"https:\\\/\\\/secure.gravatar.com\\\/avatar\\\/2bb7f1561282132fb5826dfeccc66c7996d11ee392ac6aaf7ced8a1c2027fbb2?s=96&d=mm&r=g\",\"caption\":\"Pova\u017esk\u00e9 m\u00fazeum\"}}]}<\/script>\n<!-- \/ Yoast SEO plugin. -->","yoast_head_json":{"title":"Dni po\u013eskej kult\u00fary - Pova\u017esk\u00e9 m\u00fazeum","robots":{"index":"index","follow":"follow","max-snippet":"max-snippet:-1","max-image-preview":"max-image-preview:large","max-video-preview":"max-video-preview:-1"},"canonical":"https:\/\/pmza.sk\/?p=32720","og_locale":"sk_SK","og_type":"article","og_title":"Dni po\u013eskej kult\u00fary - Pova\u017esk\u00e9 m\u00fazeum","og_description":"V\u00edkend pred Ve\u013ekou nocou bude na Budat\u00ednskom hrade pestr\u00fd. V\u00a0sobotu 13. apr\u00edla sa v\u00a0are\u00e1li Budat\u00ednskeho hradu uskuto\u010dnia Dni po\u013eskej kult\u00fary, ktor\u00e9 organizuje ob\u010dianske zdru\u017eenie Polonus.\u00a0\u00a0\u00a0 \u201e N\u00e1v\u0161tevn\u00edci sa m\u00f4\u017eu te\u0161i\u0165 na v\u00fdstavu ve\u013ekono\u010dn\u00fdch paliem, ktor\u00e9 s\u00fa tradi\u010dn\u00fdm prvkom Ve\u013ekej noci v\u00a0Po\u013esku a\u00a0krasl\u00edc, ktor\u00e9 zhotovili obyvatelia obce Strumie\u0144. V\u00a0r\u00e1mci kult\u00farneho programu vyst\u00fapi \u013eudov\u00fd s\u00fabor z\u00a0obce Strumie\u0144 [&hellip;]","og_url":"https:\/\/pmza.sk\/?p=32720","og_site_name":"Pova\u017esk\u00e9 m\u00fazeum","article_publisher":"https:\/\/www.facebook.com\/povazskemuzeum","article_published_time":"2019-04-02T07:37:09+00:00","og_image":[{"width":566,"height":800,"url":"https:\/\/pmza.sk\/wp-content\/uploads\/2019\/04\/dni_polskej_kultury_www-1.jpg","type":"image\/jpeg"}],"author":"Pova\u017esk\u00e9 m\u00fazeum","twitter_card":"summary_large_image","twitter_misc":{"Autor":"Pova\u017esk\u00e9 m\u00fazeum","Predpokladan\u00fd \u010das \u010d\u00edtania":"1 min\u00fata"},"schema":{"@context":"https:\/\/schema.org","@graph":[{"@type":"Article","@id":"https:\/\/pmza.sk\/?p=32720#article","isPartOf":{"@id":"https:\/\/pmza.sk\/?p=32720"},"author":{"name":"Pova\u017esk\u00e9 m\u00fazeum","@id":"https:\/\/pmza.sk\/#\/schema\/person\/595e6a2ce731ea94dcd5d7f50a41ae33"},"headline":"Dni po\u013eskej kult\u00fary","datePublished":"2019-04-02T07:37:09+00:00","mainEntityOfPage":{"@id":"https:\/\/pmza.sk\/?p=32720"},"wordCount":262,"publisher":{"@id":"https:\/\/pmza.sk\/#organization"},"image":{"@id":"https:\/\/pmza.sk\/?p=32720#primaryimage"},"thumbnailUrl":"https:\/\/pmza.sk\/wp-content\/uploads\/2019\/04\/dni_polskej_kultury_www-1.jpg","articleSection":["Aktuality"],"inLanguage":"sk-SK"},{"@type":"WebPage","@id":"https:\/\/pmza.sk\/?p=32720","url":"https:\/\/pmza.sk\/?p=32720","name":"Dni po\u013eskej kult\u00fary - Pova\u017esk\u00e9 m\u00fazeum","isPartOf":{"@id":"https:\/\/pmza.sk\/#website"},"primaryImageOfPage":{"@id":"https:\/\/pmza.sk\/?p=32720#primaryimage"},"image":{"@id":"https:\/\/pmza.sk\/?p=32720#primaryimage"},"thumbnailUrl":"https:\/\/pmza.sk\/wp-content\/uploads\/2019\/04\/dni_polskej_kultury_www-1.jpg","datePublished":"2019-04-02T07:37:09+00:00","breadcrumb":{"@id":"https:\/\/pmza.sk\/?p=32720#breadcrumb"},"inLanguage":"sk-SK","potentialAction":[{"@type":"ReadAction","target":["https:\/\/pmza.sk\/?p=32720"]}]},{"@type":"ImageObject","inLanguage":"sk-SK","@id":"https:\/\/pmza.sk\/?p=32720#primaryimage","url":"https:\/\/pmza.sk\/wp-content\/uploads\/2019\/04\/dni_polskej_kultury_www-1.jpg","contentUrl":"https:\/\/pmza.sk\/wp-content\/uploads\/2019\/04\/dni_polskej_kultury_www-1.jpg","width":566,"height":800},{"@type":"BreadcrumbList","@id":"https:\/\/pmza.sk\/?p=32720#breadcrumb","itemListElement":[{"@type":"ListItem","position":1,"name":"Domovsk\u00e1 str\u00e1nka","item":"https:\/\/pmza.sk\/"},{"@type":"ListItem","position":2,"name":"Dni po\u013eskej kult\u00fary"}]},{"@type":"WebSite","@id":"https:\/\/pmza.sk\/#website","url":"https:\/\/pmza.sk\/","name":"Pova\u017esk\u00e9 m\u00fazeum","description":"Pova\u017esk\u00e9 m\u00fazeum v \u017diline je region\u00e1lne m\u00fazeum so s\u00eddlom v Budat\u00edne. Jeho expoz\u00edcie s\u00fa zameran\u00e9 na dejiny slovensk\u00e9ho umenia, kult\u00fary a dopravy.","publisher":{"@id":"https:\/\/pmza.sk\/#organization"},"potentialAction":[{"@type":"SearchAction","target":{"@type":"EntryPoint","urlTemplate":"https:\/\/pmza.sk\/?s={search_term_string}"},"query-input":{"@type":"PropertyValueSpecification","valueRequired":true,"valueName":"search_term_string"}}],"inLanguage":"sk-SK"},{"@type":"Organization","@id":"https:\/\/pmza.sk\/#organization","name":"Pova\u017esk\u00e9 m\u00fazeum","url":"https:\/\/pmza.sk\/","logo":{"@type":"ImageObject","inLanguage":"sk-SK","@id":"https:\/\/pmza.sk\/#\/schema\/logo\/image\/","url":"https:\/\/pmza.sk\/wp-content\/uploads\/2022\/01\/logo_PM_horizontal.jpg","contentUrl":"https:\/\/pmza.sk\/wp-content\/uploads\/2022\/01\/logo_PM_horizontal.jpg","width":231,"height":142,"caption":"Pova\u017esk\u00e9 m\u00fazeum"},"image":{"@id":"https:\/\/pmza.sk\/#\/schema\/logo\/image\/"},"sameAs":["https:\/\/www.facebook.com\/povazskemuzeum","https:\/\/www.instagram.com\/povazskemuzeum\/"]},{"@type":"Person","@id":"https:\/\/pmza.sk\/#\/schema\/person\/595e6a2ce731ea94dcd5d7f50a41ae33","name":"Pova\u017esk\u00e9 m\u00fazeum","image":{"@type":"ImageObject","inLanguage":"sk-SK","@id":"https:\/\/secure.gravatar.com\/avatar\/2bb7f1561282132fb5826dfeccc66c7996d11ee392ac6aaf7ced8a1c2027fbb2?s=96&d=mm&r=g","url":"https:\/\/secure.gravatar.com\/avatar\/2bb7f1561282132fb5826dfeccc66c7996d11ee392ac6aaf7ced8a1c2027fbb2?s=96&d=mm&r=g","contentUrl":"https:\/\/secure.gravatar.com\/avatar\/2bb7f1561282132fb5826dfeccc66c7996d11ee392ac6aaf7ced8a1c2027fbb2?s=96&d=mm&r=g","caption":"Pova\u017esk\u00e9 m\u00fazeum"}}]}},"_links":{"self":[{"href":"https:\/\/pmza.sk\/index.php?rest_route=\/wp\/v2\/posts\/32720","targetHints":{"allow":["GET"]}}],"collection":[{"href":"https:\/\/pmza.sk\/index.php?rest_route=\/wp\/v2\/posts"}],"about":[{"href":"https:\/\/pmza.sk\/index.php?rest_route=\/wp\/v2\/types\/post"}],"author":[{"embeddable":true,"href":"https:\/\/pmza.sk\/index.php?rest_route=\/wp\/v2\/users\/2"}],"replies":[{"embeddable":true,"href":"https:\/\/pmza.sk\/index.php?rest_route=%2Fwp%2Fv2%2Fcomments&post=32720"}],"version-history":[{"count":0,"href":"https:\/\/pmza.sk\/index.php?rest_route=\/wp\/v2\/posts\/32720\/revisions"}],"wp:featuredmedia":[{"embeddable":true,"href":"https:\/\/pmza.sk\/index.php?rest_route=\/wp\/v2\/media\/32787"}],"wp:attachment":[{"href":"https:\/\/pmza.sk\/index.php?rest_route=%2Fwp%2Fv2%2Fmedia&parent=32720"}],"wp:term":[{"taxonomy":"category","embeddable":true,"href":"https:\/\/pmza.sk\/index.php?rest_route=%2Fwp%2Fv2%2Fcategories&post=32720"},{"taxonomy":"post_tag","embeddable":true,"href":"https:\/\/pmza.sk\/index.php?rest_route=%2Fwp%2Fv2%2Ftags&post=32720"}],"curies":[{"name":"wp","href":"https:\/\/api.w.org\/{rel}","templated":true}]}}