{"id":3277,"date":"2011-07-11T12:26:51","date_gmt":"2011-07-11T10:26:51","guid":{"rendered":"https:\/\/pmza.sk.sk\/?p=3277"},"modified":"2011-07-11T12:26:51","modified_gmt":"2011-07-11T10:26:51","slug":"strom-roka-2011","status":"publish","type":"post","link":"https:\/\/pmza.sk\/?p=3277","title":{"rendered":"&#8222;Strom roka 2011&#8220;"},"content":{"rendered":"<p><a href=\"https:\/\/pmza.sk\/wp-content\/uploads\/2011\/07\/IMG_7084.jpg\"><img decoding=\"async\" class=\"alignleft size-thumbnail wp-image-3278\" style=\"margin-left: 3px; margin-right: 3px; border: 3px solid black;\" title=\"IMG_7084\" src=\"https:\/\/pmza.sk.sk\/wp-content\/uploads\/2011\/07\/IMG_7084-150x150.jpg\" alt=\"\" width=\"150\" height=\"150\" \/><\/a>Nad\u00e1cia \u201eEkopolis\u201c vyhl\u00e1sila v\u00a0tomto roku u\u017e 9.ro\u010dn\u00edk\u00a0 ankety \u201eStrom roka\u201c. Pova\u017esk\u00e9 m\u00fazeum do tejto ankety zapojilo \u00a0po prv\u00fdkr\u00e1t svojho nominanta, lipu ve\u013ekolist\u00fa, ktor\u00e1 rastie v\u00a0parku pri Budat\u00ednskom hrade. Pod\u013ea inform\u00e1cii Nad\u00e1cie Ekopolis bolo v\u00a0tomto roku nominovan\u00fdch 91 stromov z\u00a0cel\u00e9ho Slovenska. Odborn\u00e1 porota vybrala do fin\u00e1le 12 stromov, medzi nimi aj n\u00e1\u0161ho nominanta. Finalisti boli zverejnen\u00ed 7. j\u00fala, kedy sa za\u010dalo aj verejn\u00e9 hlasovanie o\u00a0v\u00ed\u0165aza ankety na festivale Pohoda v\u00a0Tren\u010d\u00edne. Hlasovanie bude trva\u0165 do 30. septembra 2011. Na v\u00ed\u0165azn\u00fd strom bude vypracovan\u00fd odborn\u00fd dendrologick\u00fd posudok (ISA Slovensko) a bude o\u0161etren\u00fd (Nad\u00e1cia Slovensk\u00e1 sporite\u013e\u0148a).<!--more--><\/p>\n<p>N\u00e1\u0161 nominant:<\/p>\n<p><strong>Lipa ve\u013ekolist\u00e1 <\/strong>\u2013 obvod kme\u0148a\u00a0 620 cm, vysok\u00fd\u00a0 26,2 m, priemer koruny 22 m, vek odhadom\u00a0 350 rokov. Strom je najstar\u0161\u00edm v\u00a0parku. Je \u017eiv\u00fdm pam\u00e4tn\u00edkom dej\u00edn hradu. Vysaden\u00e1 bola pravdepodobne na za\u010diatku resp. v\u00a0polovici 18.storo\u010dia pri \u00faprave vtedaj\u0161ieho parku. Majite\u013emi hradu boli v\u00a0tom obdob\u00ed Su\u0148ogovci. \u00dapravy v\u00a0parku sa realizovali za J\u00e1na Su\u0148oga,\u00a0syna Antona Su\u0148oga. Pod\u013ea arch\u00edvnych materi\u00e1lov bol zahradn\u00edkom v\u00a0tom obdob\u00ed\u00a0 J\u00e1n Franti\u0161ek Roder zo Sliezska.<\/p>\n<p>Ako vyzer\u00e1 strom dnes dokumentuj\u00fa nasledovn\u00e9 fotografie:<\/p>\n<p><span style=\"color: #ffffff;\">&#8230;&#8230;&#8230;&#8230;&#8230;<\/span><a href=\"https:\/\/pmza.sk\/wp-content\/uploads\/2011\/07\/IMG_7090.jpg\"><span style=\"color: #ffffff;\"><span style=\"text-decoration: underline;\"><img fetchpriority=\"high\" decoding=\"async\" class=\"alignnone size-medium wp-image-3279\" title=\"IMG_7090\" src=\"https:\/\/pmza.sk.sk\/wp-content\/uploads\/2011\/07\/IMG_7090-200x300.jpg\" alt=\"\" width=\"200\" height=\"300\" \/>&#8230;&#8230;&#8230;&#8230;..<\/span><\/span><\/a> <a href=\"https:\/\/pmza.sk\/wp-content\/uploads\/2011\/07\/IMG_5854.jpg\"><img decoding=\"async\" class=\"alignnone size-medium wp-image-3280\" title=\"IMG_5854\" src=\"https:\/\/pmza.sk.sk\/wp-content\/uploads\/2011\/07\/IMG_5854-200x300.jpg\" alt=\"\" width=\"200\" height=\"300\" \/><\/a><\/p>\n<p>O\u00a0tom, \u017ee je to kr\u00e1sny a\u00a0majest\u00e1tny jedinec sa m\u00f4\u017eete presved\u010di\u0165 aj na vlastn\u00e9 o\u010di ak ste \u017dilin\u010dan alebo nav\u0161t\u00edvite\u00a0 \u017dilinu a park pri Budat\u00ednskom hrade. Strom sa nach\u00e1dza v\u00a0bl\u00edzkosti s\u00fatoku V\u00e1hu a\u00a0Kysuce, oproti\u00a0 plti s\u00a0pltn\u00edkmi.<\/p>\n<p><span style=\"color: #ffffff;\">&#8230;&#8230;&#8230;&#8230;&#8230;<span style=\"color: #000000;\"><a href=\"https:\/\/pmza.sk\/wp-content\/uploads\/2011\/07\/IMG_6080.jpg\"><img loading=\"lazy\" decoding=\"async\" class=\"alignnone size-medium wp-image-3281\" title=\"IMG_6080\" src=\"https:\/\/pmza.sk.sk\/wp-content\/uploads\/2011\/07\/IMG_6080-200x300.jpg\" alt=\"\" width=\"200\" height=\"300\" \/><\/a> <span style=\"color: #ffffff;\">&#8230;&#8230;&#8230;&#8230;..<\/span><span style=\"color: #ffffff;\">.<\/span><a href=\"https:\/\/pmza.sk\/wp-content\/uploads\/2011\/07\/IMG_7078.jpg\"><img loading=\"lazy\" decoding=\"async\" class=\"alignnone size-medium wp-image-3282\" title=\"IMG_7078\" src=\"https:\/\/pmza.sk.sk\/wp-content\/uploads\/2011\/07\/IMG_7078-200x300.jpg\" alt=\"\" width=\"200\" height=\"300\" \/><\/a><\/span><\/span><\/p>\n<p>&nbsp;<\/p>\n<p>Ak sa V\u00e1m strom bude p\u00e1\u010di\u0165, m\u00f4\u017eete mu venova\u0165 svoj hlas v\u00a0internetovom hlasovan\u00ed na str\u00e1nke Nad\u00e1cia Ekopolis, pod \u010d\u00edslom 8:\u00a0<a href=\"http:\/\/www.ekopolis.sk\/programy\/grantove-programy\/strom-roka.html\">http:\/\/www.ekopolis.sk\/programy\/grantove-programy\/strom-roka.html<\/a><\/p>\n<p>alebo prostredn\u00edctvom SMS spr\u00e1vy v tvare Strom (medzera) 8 na \u010d\u00edslo 7775.<\/p>\n<p>&nbsp;<\/p>\n<p>RNDr. Vikt\u00f3ria Urbanov\u00e1,CSc.<\/p>\n<p>botani\u010dka Pova\u017esk\u00e9ho m\u00fazea<\/p>\n<p>foto A. Kuchar\u010d\u00edkov\u00e1, arch\u00edv PM<\/p>\n<p>&nbsp;<\/p>\n","protected":false},"excerpt":{"rendered":"<p>Nad\u00e1cia \u201eEkopolis\u201c vyhl\u00e1sila v\u00a0tomto roku u\u017e 9.ro\u010dn\u00edk\u00a0 ankety \u201eStrom roka\u201c. Pova\u017esk\u00e9 m\u00fazeum do tejto ankety zapojilo \u00a0po prv\u00fdkr\u00e1t svojho nominanta, lipu ve\u013ekolist\u00fa, ktor\u00e1 rastie v\u00a0parku pri Budat\u00ednskom hrade. Pod\u013ea inform\u00e1cii Nad\u00e1cie Ekopolis bolo v\u00a0tomto roku nominovan\u00fdch 91 stromov z\u00a0cel\u00e9ho Slovenska. Odborn\u00e1 porota vybrala do fin\u00e1le 12 stromov, medzi nimi aj n\u00e1\u0161ho nominanta. Finalisti boli zverejnen\u00ed [&hellip;]<\/p>\n","protected":false},"author":1,"featured_media":0,"comment_status":"closed","ping_status":"closed","sticky":false,"template":"","format":"standard","meta":{"site-sidebar-layout":"default","site-content-layout":"","ast-site-content-layout":"","site-content-style":"default","site-sidebar-style":"default","ast-global-header-display":"","ast-banner-title-visibility":"","ast-main-header-display":"","ast-hfb-above-header-display":"","ast-hfb-below-header-display":"","ast-hfb-mobile-header-display":"","site-post-title":"","ast-breadcrumbs-content":"","ast-featured-img":"","footer-sml-layout":"","theme-transparent-header-meta":"","adv-header-id-meta":"","stick-header-meta":"","header-above-stick-meta":"","header-main-stick-meta":"","header-below-stick-meta":"","astra-migrate-meta-layouts":"default","ast-page-background-enabled":"default","ast-page-background-meta":{"desktop":{"background-color":"var(--ast-global-color-4)","background-image":"","background-repeat":"repeat","background-position":"center center","background-size":"auto","background-attachment":"scroll","background-type":"","background-media":"","overlay-type":"","overlay-color":"","overlay-opacity":"","overlay-gradient":""},"tablet":{"background-color":"","background-image":"","background-repeat":"repeat","background-position":"center center","background-size":"auto","background-attachment":"scroll","background-type":"","background-media":"","overlay-type":"","overlay-color":"","overlay-opacity":"","overlay-gradient":""},"mobile":{"background-color":"","background-image":"","background-repeat":"repeat","background-position":"center center","background-size":"auto","background-attachment":"scroll","background-type":"","background-media":"","overlay-type":"","overlay-color":"","overlay-opacity":"","overlay-gradient":""}},"ast-content-background-meta":{"desktop":{"background-color":"var(--ast-global-color-5)","background-image":"","background-repeat":"repeat","background-position":"center center","background-size":"auto","background-attachment":"scroll","background-type":"","background-media":"","overlay-type":"","overlay-color":"","overlay-opacity":"","overlay-gradient":""},"tablet":{"background-color":"var(--ast-global-color-5)","background-image":"","background-repeat":"repeat","background-position":"center center","background-size":"auto","background-attachment":"scroll","background-type":"","background-media":"","overlay-type":"","overlay-color":"","overlay-opacity":"","overlay-gradient":""},"mobile":{"background-color":"var(--ast-global-color-5)","background-image":"","background-repeat":"repeat","background-position":"center center","background-size":"auto","background-attachment":"scroll","background-type":"","background-media":"","overlay-type":"","overlay-color":"","overlay-opacity":"","overlay-gradient":""}},"footnotes":""},"categories":[30],"tags":[],"class_list":["post-3277","post","type-post","status-publish","format-standard","hentry","category-archiv-2011"],"yoast_head":"<!-- This site is optimized with the Yoast SEO plugin v27.4 - https:\/\/yoast.com\/product\/yoast-seo-wordpress\/ -->\n<title>&quot;Strom roka 2011&quot; - Pova\u017esk\u00e9 m\u00fazeum<\/title>\n<meta name=\"robots\" content=\"index, follow, max-snippet:-1, max-image-preview:large, max-video-preview:-1\" \/>\n<link rel=\"canonical\" href=\"https:\/\/pmza.sk\/?p=3277\" \/>\n<meta property=\"og:locale\" content=\"sk_SK\" \/>\n<meta property=\"og:type\" content=\"article\" \/>\n<meta property=\"og:title\" content=\"&quot;Strom roka 2011&quot; - Pova\u017esk\u00e9 m\u00fazeum\" \/>\n<meta property=\"og:description\" content=\"Nad\u00e1cia \u201eEkopolis\u201c vyhl\u00e1sila v\u00a0tomto roku u\u017e 9.ro\u010dn\u00edk\u00a0 ankety \u201eStrom roka\u201c. Pova\u017esk\u00e9 m\u00fazeum do tejto ankety zapojilo \u00a0po prv\u00fdkr\u00e1t svojho nominanta, lipu ve\u013ekolist\u00fa, ktor\u00e1 rastie v\u00a0parku pri Budat\u00ednskom hrade. Pod\u013ea inform\u00e1cii Nad\u00e1cie Ekopolis bolo v\u00a0tomto roku nominovan\u00fdch 91 stromov z\u00a0cel\u00e9ho Slovenska. Odborn\u00e1 porota vybrala do fin\u00e1le 12 stromov, medzi nimi aj n\u00e1\u0161ho nominanta. Finalisti boli zverejnen\u00ed [&hellip;]\" \/>\n<meta property=\"og:url\" content=\"https:\/\/pmza.sk\/?p=3277\" \/>\n<meta property=\"og:site_name\" content=\"Pova\u017esk\u00e9 m\u00fazeum\" \/>\n<meta property=\"article:publisher\" content=\"https:\/\/www.facebook.com\/povazskemuzeum\" \/>\n<meta property=\"article:published_time\" content=\"2011-07-11T10:26:51+00:00\" \/>\n<meta property=\"og:image\" content=\"https:\/\/pmza.sk.sk\/wp-content\/uploads\/2011\/07\/IMG_7084-150x150.jpg\" \/>\n<meta name=\"author\" content=\"libor\" \/>\n<meta name=\"twitter:card\" content=\"summary_large_image\" \/>\n<meta name=\"twitter:label1\" content=\"Autor\" \/>\n\t<meta name=\"twitter:data1\" content=\"libor\" \/>\n\t<meta name=\"twitter:label2\" content=\"Predpokladan\u00fd \u010das \u010d\u00edtania\" \/>\n\t<meta name=\"twitter:data2\" content=\"2 min\u00faty\" \/>\n<script type=\"application\/ld+json\" class=\"yoast-schema-graph\">{\"@context\":\"https:\\\/\\\/schema.org\",\"@graph\":[{\"@type\":\"Article\",\"@id\":\"https:\\\/\\\/pmza.sk\\\/?p=3277#article\",\"isPartOf\":{\"@id\":\"https:\\\/\\\/pmza.sk\\\/?p=3277\"},\"author\":{\"name\":\"libor\",\"@id\":\"https:\\\/\\\/pmza.sk\\\/#\\\/schema\\\/person\\\/f0b923a9aa8e1f67feef0d7cd9afde35\"},\"headline\":\"&#8222;Strom roka 2011&#8220;\",\"datePublished\":\"2011-07-11T10:26:51+00:00\",\"mainEntityOfPage\":{\"@id\":\"https:\\\/\\\/pmza.sk\\\/?p=3277\"},\"wordCount\":338,\"publisher\":{\"@id\":\"https:\\\/\\\/pmza.sk\\\/#organization\"},\"image\":{\"@id\":\"https:\\\/\\\/pmza.sk\\\/?p=3277#primaryimage\"},\"thumbnailUrl\":\"http:\\\/\\\/pmza.sk.sk\\\/wp-content\\\/uploads\\\/2011\\\/07\\\/IMG_7084-150x150.jpg\",\"articleSection\":[\"Arch\u00edv 2011\"],\"inLanguage\":\"sk-SK\"},{\"@type\":\"WebPage\",\"@id\":\"https:\\\/\\\/pmza.sk\\\/?p=3277\",\"url\":\"https:\\\/\\\/pmza.sk\\\/?p=3277\",\"name\":\"\\\"Strom roka 2011\\\" - Pova\u017esk\u00e9 m\u00fazeum\",\"isPartOf\":{\"@id\":\"https:\\\/\\\/pmza.sk\\\/#website\"},\"primaryImageOfPage\":{\"@id\":\"https:\\\/\\\/pmza.sk\\\/?p=3277#primaryimage\"},\"image\":{\"@id\":\"https:\\\/\\\/pmza.sk\\\/?p=3277#primaryimage\"},\"thumbnailUrl\":\"http:\\\/\\\/pmza.sk.sk\\\/wp-content\\\/uploads\\\/2011\\\/07\\\/IMG_7084-150x150.jpg\",\"datePublished\":\"2011-07-11T10:26:51+00:00\",\"breadcrumb\":{\"@id\":\"https:\\\/\\\/pmza.sk\\\/?p=3277#breadcrumb\"},\"inLanguage\":\"sk-SK\",\"potentialAction\":[{\"@type\":\"ReadAction\",\"target\":[\"https:\\\/\\\/pmza.sk\\\/?p=3277\"]}]},{\"@type\":\"ImageObject\",\"inLanguage\":\"sk-SK\",\"@id\":\"https:\\\/\\\/pmza.sk\\\/?p=3277#primaryimage\",\"url\":\"http:\\\/\\\/pmza.sk.sk\\\/wp-content\\\/uploads\\\/2011\\\/07\\\/IMG_7084-150x150.jpg\",\"contentUrl\":\"http:\\\/\\\/pmza.sk.sk\\\/wp-content\\\/uploads\\\/2011\\\/07\\\/IMG_7084-150x150.jpg\"},{\"@type\":\"BreadcrumbList\",\"@id\":\"https:\\\/\\\/pmza.sk\\\/?p=3277#breadcrumb\",\"itemListElement\":[{\"@type\":\"ListItem\",\"position\":1,\"name\":\"Domovsk\u00e1 str\u00e1nka\",\"item\":\"https:\\\/\\\/pmza.sk\\\/\"},{\"@type\":\"ListItem\",\"position\":2,\"name\":\"&#8222;Strom roka 2011&#8220;\"}]},{\"@type\":\"WebSite\",\"@id\":\"https:\\\/\\\/pmza.sk\\\/#website\",\"url\":\"https:\\\/\\\/pmza.sk\\\/\",\"name\":\"Pova\u017esk\u00e9 m\u00fazeum\",\"description\":\"Pova\u017esk\u00e9 m\u00fazeum v \u017diline je region\u00e1lne m\u00fazeum so s\u00eddlom v Budat\u00edne. Jeho expoz\u00edcie s\u00fa zameran\u00e9 na dejiny slovensk\u00e9ho umenia, kult\u00fary a dopravy.\",\"publisher\":{\"@id\":\"https:\\\/\\\/pmza.sk\\\/#organization\"},\"potentialAction\":[{\"@type\":\"SearchAction\",\"target\":{\"@type\":\"EntryPoint\",\"urlTemplate\":\"https:\\\/\\\/pmza.sk\\\/?s={search_term_string}\"},\"query-input\":{\"@type\":\"PropertyValueSpecification\",\"valueRequired\":true,\"valueName\":\"search_term_string\"}}],\"inLanguage\":\"sk-SK\"},{\"@type\":\"Organization\",\"@id\":\"https:\\\/\\\/pmza.sk\\\/#organization\",\"name\":\"Pova\u017esk\u00e9 m\u00fazeum\",\"url\":\"https:\\\/\\\/pmza.sk\\\/\",\"logo\":{\"@type\":\"ImageObject\",\"inLanguage\":\"sk-SK\",\"@id\":\"https:\\\/\\\/pmza.sk\\\/#\\\/schema\\\/logo\\\/image\\\/\",\"url\":\"https:\\\/\\\/pmza.sk\\\/wp-content\\\/uploads\\\/2022\\\/01\\\/logo_PM_horizontal.jpg\",\"contentUrl\":\"https:\\\/\\\/pmza.sk\\\/wp-content\\\/uploads\\\/2022\\\/01\\\/logo_PM_horizontal.jpg\",\"width\":231,\"height\":142,\"caption\":\"Pova\u017esk\u00e9 m\u00fazeum\"},\"image\":{\"@id\":\"https:\\\/\\\/pmza.sk\\\/#\\\/schema\\\/logo\\\/image\\\/\"},\"sameAs\":[\"https:\\\/\\\/www.facebook.com\\\/povazskemuzeum\",\"https:\\\/\\\/www.instagram.com\\\/povazskemuzeum\\\/\"]},{\"@type\":\"Person\",\"@id\":\"https:\\\/\\\/pmza.sk\\\/#\\\/schema\\\/person\\\/f0b923a9aa8e1f67feef0d7cd9afde35\",\"name\":\"libor\",\"image\":{\"@type\":\"ImageObject\",\"inLanguage\":\"sk-SK\",\"@id\":\"https:\\\/\\\/secure.gravatar.com\\\/avatar\\\/c583dbc698e594aacced1589eb8cf1673bd41d461e8b2ab635484ffc26fee7b0?s=96&d=mm&r=g\",\"url\":\"https:\\\/\\\/secure.gravatar.com\\\/avatar\\\/c583dbc698e594aacced1589eb8cf1673bd41d461e8b2ab635484ffc26fee7b0?s=96&d=mm&r=g\",\"contentUrl\":\"https:\\\/\\\/secure.gravatar.com\\\/avatar\\\/c583dbc698e594aacced1589eb8cf1673bd41d461e8b2ab635484ffc26fee7b0?s=96&d=mm&r=g\",\"caption\":\"libor\"}}]}<\/script>\n<!-- \/ Yoast SEO plugin. -->","yoast_head_json":{"title":"\"Strom roka 2011\" - Pova\u017esk\u00e9 m\u00fazeum","robots":{"index":"index","follow":"follow","max-snippet":"max-snippet:-1","max-image-preview":"max-image-preview:large","max-video-preview":"max-video-preview:-1"},"canonical":"https:\/\/pmza.sk\/?p=3277","og_locale":"sk_SK","og_type":"article","og_title":"\"Strom roka 2011\" - Pova\u017esk\u00e9 m\u00fazeum","og_description":"Nad\u00e1cia \u201eEkopolis\u201c vyhl\u00e1sila v\u00a0tomto roku u\u017e 9.ro\u010dn\u00edk\u00a0 ankety \u201eStrom roka\u201c. Pova\u017esk\u00e9 m\u00fazeum do tejto ankety zapojilo \u00a0po prv\u00fdkr\u00e1t svojho nominanta, lipu ve\u013ekolist\u00fa, ktor\u00e1 rastie v\u00a0parku pri Budat\u00ednskom hrade. Pod\u013ea inform\u00e1cii Nad\u00e1cie Ekopolis bolo v\u00a0tomto roku nominovan\u00fdch 91 stromov z\u00a0cel\u00e9ho Slovenska. Odborn\u00e1 porota vybrala do fin\u00e1le 12 stromov, medzi nimi aj n\u00e1\u0161ho nominanta. Finalisti boli zverejnen\u00ed [&hellip;]","og_url":"https:\/\/pmza.sk\/?p=3277","og_site_name":"Pova\u017esk\u00e9 m\u00fazeum","article_publisher":"https:\/\/www.facebook.com\/povazskemuzeum","article_published_time":"2011-07-11T10:26:51+00:00","og_image":[{"url":"https:\/\/pmza.sk.sk\/wp-content\/uploads\/2011\/07\/IMG_7084-150x150.jpg","type":"","width":"","height":""}],"author":"libor","twitter_card":"summary_large_image","twitter_misc":{"Autor":"libor","Predpokladan\u00fd \u010das \u010d\u00edtania":"2 min\u00faty"},"schema":{"@context":"https:\/\/schema.org","@graph":[{"@type":"Article","@id":"https:\/\/pmza.sk\/?p=3277#article","isPartOf":{"@id":"https:\/\/pmza.sk\/?p=3277"},"author":{"name":"libor","@id":"https:\/\/pmza.sk\/#\/schema\/person\/f0b923a9aa8e1f67feef0d7cd9afde35"},"headline":"&#8222;Strom roka 2011&#8220;","datePublished":"2011-07-11T10:26:51+00:00","mainEntityOfPage":{"@id":"https:\/\/pmza.sk\/?p=3277"},"wordCount":338,"publisher":{"@id":"https:\/\/pmza.sk\/#organization"},"image":{"@id":"https:\/\/pmza.sk\/?p=3277#primaryimage"},"thumbnailUrl":"https:\/\/pmza.sk.sk\/wp-content\/uploads\/2011\/07\/IMG_7084-150x150.jpg","articleSection":["Arch\u00edv 2011"],"inLanguage":"sk-SK"},{"@type":"WebPage","@id":"https:\/\/pmza.sk\/?p=3277","url":"https:\/\/pmza.sk\/?p=3277","name":"\"Strom roka 2011\" - Pova\u017esk\u00e9 m\u00fazeum","isPartOf":{"@id":"https:\/\/pmza.sk\/#website"},"primaryImageOfPage":{"@id":"https:\/\/pmza.sk\/?p=3277#primaryimage"},"image":{"@id":"https:\/\/pmza.sk\/?p=3277#primaryimage"},"thumbnailUrl":"https:\/\/pmza.sk.sk\/wp-content\/uploads\/2011\/07\/IMG_7084-150x150.jpg","datePublished":"2011-07-11T10:26:51+00:00","breadcrumb":{"@id":"https:\/\/pmza.sk\/?p=3277#breadcrumb"},"inLanguage":"sk-SK","potentialAction":[{"@type":"ReadAction","target":["https:\/\/pmza.sk\/?p=3277"]}]},{"@type":"ImageObject","inLanguage":"sk-SK","@id":"https:\/\/pmza.sk\/?p=3277#primaryimage","url":"https:\/\/pmza.sk.sk\/wp-content\/uploads\/2011\/07\/IMG_7084-150x150.jpg","contentUrl":"https:\/\/pmza.sk.sk\/wp-content\/uploads\/2011\/07\/IMG_7084-150x150.jpg"},{"@type":"BreadcrumbList","@id":"https:\/\/pmza.sk\/?p=3277#breadcrumb","itemListElement":[{"@type":"ListItem","position":1,"name":"Domovsk\u00e1 str\u00e1nka","item":"https:\/\/pmza.sk\/"},{"@type":"ListItem","position":2,"name":"&#8222;Strom roka 2011&#8220;"}]},{"@type":"WebSite","@id":"https:\/\/pmza.sk\/#website","url":"https:\/\/pmza.sk\/","name":"Pova\u017esk\u00e9 m\u00fazeum","description":"Pova\u017esk\u00e9 m\u00fazeum v \u017diline je region\u00e1lne m\u00fazeum so s\u00eddlom v Budat\u00edne. Jeho expoz\u00edcie s\u00fa zameran\u00e9 na dejiny slovensk\u00e9ho umenia, kult\u00fary a dopravy.","publisher":{"@id":"https:\/\/pmza.sk\/#organization"},"potentialAction":[{"@type":"SearchAction","target":{"@type":"EntryPoint","urlTemplate":"https:\/\/pmza.sk\/?s={search_term_string}"},"query-input":{"@type":"PropertyValueSpecification","valueRequired":true,"valueName":"search_term_string"}}],"inLanguage":"sk-SK"},{"@type":"Organization","@id":"https:\/\/pmza.sk\/#organization","name":"Pova\u017esk\u00e9 m\u00fazeum","url":"https:\/\/pmza.sk\/","logo":{"@type":"ImageObject","inLanguage":"sk-SK","@id":"https:\/\/pmza.sk\/#\/schema\/logo\/image\/","url":"https:\/\/pmza.sk\/wp-content\/uploads\/2022\/01\/logo_PM_horizontal.jpg","contentUrl":"https:\/\/pmza.sk\/wp-content\/uploads\/2022\/01\/logo_PM_horizontal.jpg","width":231,"height":142,"caption":"Pova\u017esk\u00e9 m\u00fazeum"},"image":{"@id":"https:\/\/pmza.sk\/#\/schema\/logo\/image\/"},"sameAs":["https:\/\/www.facebook.com\/povazskemuzeum","https:\/\/www.instagram.com\/povazskemuzeum\/"]},{"@type":"Person","@id":"https:\/\/pmza.sk\/#\/schema\/person\/f0b923a9aa8e1f67feef0d7cd9afde35","name":"libor","image":{"@type":"ImageObject","inLanguage":"sk-SK","@id":"https:\/\/secure.gravatar.com\/avatar\/c583dbc698e594aacced1589eb8cf1673bd41d461e8b2ab635484ffc26fee7b0?s=96&d=mm&r=g","url":"https:\/\/secure.gravatar.com\/avatar\/c583dbc698e594aacced1589eb8cf1673bd41d461e8b2ab635484ffc26fee7b0?s=96&d=mm&r=g","contentUrl":"https:\/\/secure.gravatar.com\/avatar\/c583dbc698e594aacced1589eb8cf1673bd41d461e8b2ab635484ffc26fee7b0?s=96&d=mm&r=g","caption":"libor"}}]}},"_links":{"self":[{"href":"https:\/\/pmza.sk\/index.php?rest_route=\/wp\/v2\/posts\/3277","targetHints":{"allow":["GET"]}}],"collection":[{"href":"https:\/\/pmza.sk\/index.php?rest_route=\/wp\/v2\/posts"}],"about":[{"href":"https:\/\/pmza.sk\/index.php?rest_route=\/wp\/v2\/types\/post"}],"author":[{"embeddable":true,"href":"https:\/\/pmza.sk\/index.php?rest_route=\/wp\/v2\/users\/1"}],"replies":[{"embeddable":true,"href":"https:\/\/pmza.sk\/index.php?rest_route=%2Fwp%2Fv2%2Fcomments&post=3277"}],"version-history":[{"count":0,"href":"https:\/\/pmza.sk\/index.php?rest_route=\/wp\/v2\/posts\/3277\/revisions"}],"wp:attachment":[{"href":"https:\/\/pmza.sk\/index.php?rest_route=%2Fwp%2Fv2%2Fmedia&parent=3277"}],"wp:term":[{"taxonomy":"category","embeddable":true,"href":"https:\/\/pmza.sk\/index.php?rest_route=%2Fwp%2Fv2%2Fcategories&post=3277"},{"taxonomy":"post_tag","embeddable":true,"href":"https:\/\/pmza.sk\/index.php?rest_route=%2Fwp%2Fv2%2Ftags&post=3277"}],"curies":[{"name":"wp","href":"https:\/\/api.w.org\/{rel}","templated":true}]}}