{"id":32840,"date":"2019-04-08T13:20:39","date_gmt":"2019-04-08T11:20:39","guid":{"rendered":"https:\/\/pmza.sk\/?p=32840"},"modified":"2019-04-08T13:20:39","modified_gmt":"2019-04-08T11:20:39","slug":"vyrub-stromov-v-budatinskom-parku","status":"publish","type":"post","link":"https:\/\/pmza.sk\/?p=32840","title":{"rendered":"V\u00fdrub stromov v Budat\u00ednskom parku"},"content":{"rendered":"<p>V\u00a0Budat\u00ednskom parku vyr\u00fabali na za\u010diatku apr\u00edla dva stromy. Lipa ve\u013ekolist\u00e1 a\u00a0javor horsk\u00fd boli napadnut\u00e9 hnilobou, z\u00e1sah odporu\u010dil arborista, ke\u010f\u017ee i\u0161lo o\u00a0havarijn\u00fa situ\u00e1ciu. V\u00a0pr\u00edpade lipy hrozilo aj nebezpe\u010denstvo p\u00e1du. <em>\u201eStrom sa roz\u0161tiepil po silnom vetre v oblasti koruny na dve \u010dasti a koruna sa celkom nerozlomila len v\u010faka zabezpe\u010dovac\u00edm lan\u00e1m, ktor\u00e9 u\u017e predt\u00fdm nestabiln\u00fa korunu dr\u017eali. Z d\u00f4vodu rizika ohrozenia n\u00e1v\u0161tevn\u00edkov parku sa prist\u00fapilo k v\u00fdrubu. Ten bol ohl\u00e1sen\u00fd pr\u00edslu\u0161n\u00e9mu odboru Okresn\u00e9ho \u00faradu. Situ\u00e1cia sa konzultovala rovnako s Krajsk\u00fdm pamiatkov\u00fdm \u00faradom. N\u00e1hradn\u00e1 v\u00fdsadba nie je nariaden\u00e1, ale v spolupr\u00e1ci s Krajsk\u00fdm pamiatkov\u00fdm \u00faradom, ktor\u00fd gestoruje pl\u00e1novan\u00fa starostlivos\u0165 o park, sa po\u010d\u00edta s novou drevinovou v\u00fdsadbou.\u201c<\/em> pribl\u00ed\u017eila botani\u010dka Pova\u017esk\u00e9ho m\u00fazea Kv\u011bta Kickov\u00e1.<\/p>\n<p><img fetchpriority=\"high\" decoding=\"async\" class=\"size-thumbnail wp-image-32841 alignleft\" src=\"https:\/\/pmza.sk\/wp-content\/uploads\/2019\/04\/20190312_141507-475x300.jpg\" alt=\"\" width=\"475\" height=\"300\" \/><\/p>\n<p><img decoding=\"async\" class=\"size-thumbnail wp-image-32842 alignleft\" src=\"https:\/\/pmza.sk\/wp-content\/uploads\/2019\/04\/20190404_093604-475x300.jpg\" alt=\"\" width=\"475\" height=\"300\" \/><\/p>\n<p>&nbsp;<\/p>\n<p><img decoding=\"async\" class=\"size-thumbnail wp-image-32843 alignleft\" src=\"https:\/\/pmza.sk\/wp-content\/uploads\/2019\/04\/20190404_112521-475x300.jpg\" alt=\"\" width=\"475\" height=\"300\" \/><\/p>\n<p>\u00a0\u00a0\u00a0\u00a0 <img loading=\"lazy\" decoding=\"async\" class=\"size-thumbnail wp-image-32844 alignleft\" src=\"https:\/\/pmza.sk\/wp-content\/uploads\/2019\/04\/20190404_113019-475x300.jpg\" alt=\"\" width=\"475\" height=\"300\" \/><\/p>\n<p><img loading=\"lazy\" decoding=\"async\" class=\"size-thumbnail wp-image-32846 alignleft\" src=\"https:\/\/pmza.sk\/wp-content\/uploads\/2019\/04\/20190404_113405-475x300.jpg\" alt=\"\" width=\"475\" height=\"300\" \/><\/p>\n<p><img loading=\"lazy\" decoding=\"async\" class=\"size-thumbnail wp-image-32845 alignleft\" src=\"https:\/\/pmza.sk\/wp-content\/uploads\/2019\/04\/20190404_113108-475x300.jpg\" alt=\"\" width=\"475\" height=\"300\" \/><\/p>\n","protected":false},"excerpt":{"rendered":"<p>V\u00a0Budat\u00ednskom parku vyr\u00fabali na za\u010diatku apr\u00edla dva stromy. Lipa ve\u013ekolist\u00e1 a\u00a0javor horsk\u00fd boli napadnut\u00e9 hnilobou, z\u00e1sah odporu\u010dil arborista, ke\u010f\u017ee i\u0161lo o\u00a0havarijn\u00fa situ\u00e1ciu. V\u00a0pr\u00edpade lipy hrozilo aj nebezpe\u010denstvo p\u00e1du. \u201eStrom sa roz\u0161tiepil po silnom vetre v oblasti koruny na dve \u010dasti a koruna sa celkom nerozlomila len v\u010faka zabezpe\u010dovac\u00edm lan\u00e1m, ktor\u00e9 u\u017e predt\u00fdm nestabiln\u00fa korunu dr\u017eali. [&hellip;]<\/p>\n","protected":false},"author":2,"featured_media":32841,"comment_status":"closed","ping_status":"closed","sticky":false,"template":"","format":"standard","meta":{"site-sidebar-layout":"default","site-content-layout":"","ast-site-content-layout":"","site-content-style":"default","site-sidebar-style":"default","ast-global-header-display":"","ast-banner-title-visibility":"","ast-main-header-display":"","ast-hfb-above-header-display":"","ast-hfb-below-header-display":"","ast-hfb-mobile-header-display":"","site-post-title":"","ast-breadcrumbs-content":"","ast-featured-img":"","footer-sml-layout":"","theme-transparent-header-meta":"","adv-header-id-meta":"","stick-header-meta":"","header-above-stick-meta":"","header-main-stick-meta":"","header-below-stick-meta":"","astra-migrate-meta-layouts":"default","ast-page-background-enabled":"default","ast-page-background-meta":{"desktop":{"background-color":"var(--ast-global-color-4)","background-image":"","background-repeat":"repeat","background-position":"center center","background-size":"auto","background-attachment":"scroll","background-type":"","background-media":"","overlay-type":"","overlay-color":"","overlay-opacity":"","overlay-gradient":""},"tablet":{"background-color":"","background-image":"","background-repeat":"repeat","background-position":"center center","background-size":"auto","background-attachment":"scroll","background-type":"","background-media":"","overlay-type":"","overlay-color":"","overlay-opacity":"","overlay-gradient":""},"mobile":{"background-color":"","background-image":"","background-repeat":"repeat","background-position":"center center","background-size":"auto","background-attachment":"scroll","background-type":"","background-media":"","overlay-type":"","overlay-color":"","overlay-opacity":"","overlay-gradient":""}},"ast-content-background-meta":{"desktop":{"background-color":"var(--ast-global-color-5)","background-image":"","background-repeat":"repeat","background-position":"center center","background-size":"auto","background-attachment":"scroll","background-type":"","background-media":"","overlay-type":"","overlay-color":"","overlay-opacity":"","overlay-gradient":""},"tablet":{"background-color":"var(--ast-global-color-5)","background-image":"","background-repeat":"repeat","background-position":"center center","background-size":"auto","background-attachment":"scroll","background-type":"","background-media":"","overlay-type":"","overlay-color":"","overlay-opacity":"","overlay-gradient":""},"mobile":{"background-color":"var(--ast-global-color-5)","background-image":"","background-repeat":"repeat","background-position":"center center","background-size":"auto","background-attachment":"scroll","background-type":"","background-media":"","overlay-type":"","overlay-color":"","overlay-opacity":"","overlay-gradient":""}},"footnotes":""},"categories":[31],"tags":[],"class_list":["post-32840","post","type-post","status-publish","format-standard","has-post-thumbnail","hentry","category-aktuality"],"yoast_head":"<!-- This site is optimized with the Yoast SEO plugin v27.4 - https:\/\/yoast.com\/product\/yoast-seo-wordpress\/ -->\n<title>V\u00fdrub stromov v Budat\u00ednskom parku - Pova\u017esk\u00e9 m\u00fazeum<\/title>\n<meta name=\"robots\" content=\"index, follow, max-snippet:-1, max-image-preview:large, max-video-preview:-1\" \/>\n<link rel=\"canonical\" href=\"https:\/\/pmza.sk\/?p=32840\" \/>\n<meta property=\"og:locale\" content=\"sk_SK\" \/>\n<meta property=\"og:type\" content=\"article\" \/>\n<meta property=\"og:title\" content=\"V\u00fdrub stromov v Budat\u00ednskom parku - Pova\u017esk\u00e9 m\u00fazeum\" \/>\n<meta property=\"og:description\" content=\"V\u00a0Budat\u00ednskom parku vyr\u00fabali na za\u010diatku apr\u00edla dva stromy. Lipa ve\u013ekolist\u00e1 a\u00a0javor horsk\u00fd boli napadnut\u00e9 hnilobou, z\u00e1sah odporu\u010dil arborista, ke\u010f\u017ee i\u0161lo o\u00a0havarijn\u00fa situ\u00e1ciu. V\u00a0pr\u00edpade lipy hrozilo aj nebezpe\u010denstvo p\u00e1du. \u201eStrom sa roz\u0161tiepil po silnom vetre v oblasti koruny na dve \u010dasti a koruna sa celkom nerozlomila len v\u010faka zabezpe\u010dovac\u00edm lan\u00e1m, ktor\u00e9 u\u017e predt\u00fdm nestabiln\u00fa korunu dr\u017eali. [&hellip;]\" \/>\n<meta property=\"og:url\" content=\"https:\/\/pmza.sk\/?p=32840\" \/>\n<meta property=\"og:site_name\" content=\"Pova\u017esk\u00e9 m\u00fazeum\" \/>\n<meta property=\"article:publisher\" content=\"https:\/\/www.facebook.com\/povazskemuzeum\" \/>\n<meta property=\"article:published_time\" content=\"2019-04-08T11:20:39+00:00\" \/>\n<meta property=\"og:image\" content=\"https:\/\/pmza.sk\/wp-content\/uploads\/2019\/04\/20190312_141507.jpg\" \/>\n\t<meta property=\"og:image:width\" content=\"768\" \/>\n\t<meta property=\"og:image:height\" content=\"1024\" \/>\n\t<meta property=\"og:image:type\" content=\"image\/jpeg\" \/>\n<meta name=\"author\" content=\"Pova\u017esk\u00e9 m\u00fazeum\" \/>\n<meta name=\"twitter:card\" content=\"summary_large_image\" \/>\n<meta name=\"twitter:label1\" content=\"Autor\" \/>\n\t<meta name=\"twitter:data1\" content=\"Pova\u017esk\u00e9 m\u00fazeum\" \/>\n\t<meta name=\"twitter:label2\" content=\"Predpokladan\u00fd \u010das \u010d\u00edtania\" \/>\n\t<meta name=\"twitter:data2\" content=\"1 min\u00fata\" \/>\n<script type=\"application\/ld+json\" class=\"yoast-schema-graph\">{\"@context\":\"https:\\\/\\\/schema.org\",\"@graph\":[{\"@type\":\"Article\",\"@id\":\"https:\\\/\\\/pmza.sk\\\/?p=32840#article\",\"isPartOf\":{\"@id\":\"https:\\\/\\\/pmza.sk\\\/?p=32840\"},\"author\":{\"name\":\"Pova\u017esk\u00e9 m\u00fazeum\",\"@id\":\"https:\\\/\\\/pmza.sk\\\/#\\\/schema\\\/person\\\/595e6a2ce731ea94dcd5d7f50a41ae33\"},\"headline\":\"V\u00fdrub stromov v Budat\u00ednskom parku\",\"datePublished\":\"2019-04-08T11:20:39+00:00\",\"mainEntityOfPage\":{\"@id\":\"https:\\\/\\\/pmza.sk\\\/?p=32840\"},\"wordCount\":170,\"publisher\":{\"@id\":\"https:\\\/\\\/pmza.sk\\\/#organization\"},\"image\":{\"@id\":\"https:\\\/\\\/pmza.sk\\\/?p=32840#primaryimage\"},\"thumbnailUrl\":\"https:\\\/\\\/pmza.sk\\\/wp-content\\\/uploads\\\/2019\\\/04\\\/20190312_141507.jpg\",\"articleSection\":[\"Aktuality\"],\"inLanguage\":\"sk-SK\"},{\"@type\":\"WebPage\",\"@id\":\"https:\\\/\\\/pmza.sk\\\/?p=32840\",\"url\":\"https:\\\/\\\/pmza.sk\\\/?p=32840\",\"name\":\"V\u00fdrub stromov v Budat\u00ednskom parku - Pova\u017esk\u00e9 m\u00fazeum\",\"isPartOf\":{\"@id\":\"https:\\\/\\\/pmza.sk\\\/#website\"},\"primaryImageOfPage\":{\"@id\":\"https:\\\/\\\/pmza.sk\\\/?p=32840#primaryimage\"},\"image\":{\"@id\":\"https:\\\/\\\/pmza.sk\\\/?p=32840#primaryimage\"},\"thumbnailUrl\":\"https:\\\/\\\/pmza.sk\\\/wp-content\\\/uploads\\\/2019\\\/04\\\/20190312_141507.jpg\",\"datePublished\":\"2019-04-08T11:20:39+00:00\",\"breadcrumb\":{\"@id\":\"https:\\\/\\\/pmza.sk\\\/?p=32840#breadcrumb\"},\"inLanguage\":\"sk-SK\",\"potentialAction\":[{\"@type\":\"ReadAction\",\"target\":[\"https:\\\/\\\/pmza.sk\\\/?p=32840\"]}]},{\"@type\":\"ImageObject\",\"inLanguage\":\"sk-SK\",\"@id\":\"https:\\\/\\\/pmza.sk\\\/?p=32840#primaryimage\",\"url\":\"https:\\\/\\\/pmza.sk\\\/wp-content\\\/uploads\\\/2019\\\/04\\\/20190312_141507.jpg\",\"contentUrl\":\"https:\\\/\\\/pmza.sk\\\/wp-content\\\/uploads\\\/2019\\\/04\\\/20190312_141507.jpg\",\"width\":768,\"height\":1024},{\"@type\":\"BreadcrumbList\",\"@id\":\"https:\\\/\\\/pmza.sk\\\/?p=32840#breadcrumb\",\"itemListElement\":[{\"@type\":\"ListItem\",\"position\":1,\"name\":\"Domovsk\u00e1 str\u00e1nka\",\"item\":\"https:\\\/\\\/pmza.sk\\\/\"},{\"@type\":\"ListItem\",\"position\":2,\"name\":\"V\u00fdrub stromov v Budat\u00ednskom parku\"}]},{\"@type\":\"WebSite\",\"@id\":\"https:\\\/\\\/pmza.sk\\\/#website\",\"url\":\"https:\\\/\\\/pmza.sk\\\/\",\"name\":\"Pova\u017esk\u00e9 m\u00fazeum\",\"description\":\"Pova\u017esk\u00e9 m\u00fazeum v \u017diline je region\u00e1lne m\u00fazeum so s\u00eddlom v Budat\u00edne. Jeho expoz\u00edcie s\u00fa zameran\u00e9 na dejiny slovensk\u00e9ho umenia, kult\u00fary a dopravy.\",\"publisher\":{\"@id\":\"https:\\\/\\\/pmza.sk\\\/#organization\"},\"potentialAction\":[{\"@type\":\"SearchAction\",\"target\":{\"@type\":\"EntryPoint\",\"urlTemplate\":\"https:\\\/\\\/pmza.sk\\\/?s={search_term_string}\"},\"query-input\":{\"@type\":\"PropertyValueSpecification\",\"valueRequired\":true,\"valueName\":\"search_term_string\"}}],\"inLanguage\":\"sk-SK\"},{\"@type\":\"Organization\",\"@id\":\"https:\\\/\\\/pmza.sk\\\/#organization\",\"name\":\"Pova\u017esk\u00e9 m\u00fazeum\",\"url\":\"https:\\\/\\\/pmza.sk\\\/\",\"logo\":{\"@type\":\"ImageObject\",\"inLanguage\":\"sk-SK\",\"@id\":\"https:\\\/\\\/pmza.sk\\\/#\\\/schema\\\/logo\\\/image\\\/\",\"url\":\"https:\\\/\\\/pmza.sk\\\/wp-content\\\/uploads\\\/2022\\\/01\\\/logo_PM_horizontal.jpg\",\"contentUrl\":\"https:\\\/\\\/pmza.sk\\\/wp-content\\\/uploads\\\/2022\\\/01\\\/logo_PM_horizontal.jpg\",\"width\":231,\"height\":142,\"caption\":\"Pova\u017esk\u00e9 m\u00fazeum\"},\"image\":{\"@id\":\"https:\\\/\\\/pmza.sk\\\/#\\\/schema\\\/logo\\\/image\\\/\"},\"sameAs\":[\"https:\\\/\\\/www.facebook.com\\\/povazskemuzeum\",\"https:\\\/\\\/www.instagram.com\\\/povazskemuzeum\\\/\"]},{\"@type\":\"Person\",\"@id\":\"https:\\\/\\\/pmza.sk\\\/#\\\/schema\\\/person\\\/595e6a2ce731ea94dcd5d7f50a41ae33\",\"name\":\"Pova\u017esk\u00e9 m\u00fazeum\",\"image\":{\"@type\":\"ImageObject\",\"inLanguage\":\"sk-SK\",\"@id\":\"https:\\\/\\\/secure.gravatar.com\\\/avatar\\\/2bb7f1561282132fb5826dfeccc66c7996d11ee392ac6aaf7ced8a1c2027fbb2?s=96&d=mm&r=g\",\"url\":\"https:\\\/\\\/secure.gravatar.com\\\/avatar\\\/2bb7f1561282132fb5826dfeccc66c7996d11ee392ac6aaf7ced8a1c2027fbb2?s=96&d=mm&r=g\",\"contentUrl\":\"https:\\\/\\\/secure.gravatar.com\\\/avatar\\\/2bb7f1561282132fb5826dfeccc66c7996d11ee392ac6aaf7ced8a1c2027fbb2?s=96&d=mm&r=g\",\"caption\":\"Pova\u017esk\u00e9 m\u00fazeum\"}}]}<\/script>\n<!-- \/ Yoast SEO plugin. -->","yoast_head_json":{"title":"V\u00fdrub stromov v Budat\u00ednskom parku - Pova\u017esk\u00e9 m\u00fazeum","robots":{"index":"index","follow":"follow","max-snippet":"max-snippet:-1","max-image-preview":"max-image-preview:large","max-video-preview":"max-video-preview:-1"},"canonical":"https:\/\/pmza.sk\/?p=32840","og_locale":"sk_SK","og_type":"article","og_title":"V\u00fdrub stromov v Budat\u00ednskom parku - Pova\u017esk\u00e9 m\u00fazeum","og_description":"V\u00a0Budat\u00ednskom parku vyr\u00fabali na za\u010diatku apr\u00edla dva stromy. Lipa ve\u013ekolist\u00e1 a\u00a0javor horsk\u00fd boli napadnut\u00e9 hnilobou, z\u00e1sah odporu\u010dil arborista, ke\u010f\u017ee i\u0161lo o\u00a0havarijn\u00fa situ\u00e1ciu. V\u00a0pr\u00edpade lipy hrozilo aj nebezpe\u010denstvo p\u00e1du. \u201eStrom sa roz\u0161tiepil po silnom vetre v oblasti koruny na dve \u010dasti a koruna sa celkom nerozlomila len v\u010faka zabezpe\u010dovac\u00edm lan\u00e1m, ktor\u00e9 u\u017e predt\u00fdm nestabiln\u00fa korunu dr\u017eali. [&hellip;]","og_url":"https:\/\/pmza.sk\/?p=32840","og_site_name":"Pova\u017esk\u00e9 m\u00fazeum","article_publisher":"https:\/\/www.facebook.com\/povazskemuzeum","article_published_time":"2019-04-08T11:20:39+00:00","og_image":[{"width":768,"height":1024,"url":"https:\/\/pmza.sk\/wp-content\/uploads\/2019\/04\/20190312_141507.jpg","type":"image\/jpeg"}],"author":"Pova\u017esk\u00e9 m\u00fazeum","twitter_card":"summary_large_image","twitter_misc":{"Autor":"Pova\u017esk\u00e9 m\u00fazeum","Predpokladan\u00fd \u010das \u010d\u00edtania":"1 min\u00fata"},"schema":{"@context":"https:\/\/schema.org","@graph":[{"@type":"Article","@id":"https:\/\/pmza.sk\/?p=32840#article","isPartOf":{"@id":"https:\/\/pmza.sk\/?p=32840"},"author":{"name":"Pova\u017esk\u00e9 m\u00fazeum","@id":"https:\/\/pmza.sk\/#\/schema\/person\/595e6a2ce731ea94dcd5d7f50a41ae33"},"headline":"V\u00fdrub stromov v Budat\u00ednskom parku","datePublished":"2019-04-08T11:20:39+00:00","mainEntityOfPage":{"@id":"https:\/\/pmza.sk\/?p=32840"},"wordCount":170,"publisher":{"@id":"https:\/\/pmza.sk\/#organization"},"image":{"@id":"https:\/\/pmza.sk\/?p=32840#primaryimage"},"thumbnailUrl":"https:\/\/pmza.sk\/wp-content\/uploads\/2019\/04\/20190312_141507.jpg","articleSection":["Aktuality"],"inLanguage":"sk-SK"},{"@type":"WebPage","@id":"https:\/\/pmza.sk\/?p=32840","url":"https:\/\/pmza.sk\/?p=32840","name":"V\u00fdrub stromov v Budat\u00ednskom parku - Pova\u017esk\u00e9 m\u00fazeum","isPartOf":{"@id":"https:\/\/pmza.sk\/#website"},"primaryImageOfPage":{"@id":"https:\/\/pmza.sk\/?p=32840#primaryimage"},"image":{"@id":"https:\/\/pmza.sk\/?p=32840#primaryimage"},"thumbnailUrl":"https:\/\/pmza.sk\/wp-content\/uploads\/2019\/04\/20190312_141507.jpg","datePublished":"2019-04-08T11:20:39+00:00","breadcrumb":{"@id":"https:\/\/pmza.sk\/?p=32840#breadcrumb"},"inLanguage":"sk-SK","potentialAction":[{"@type":"ReadAction","target":["https:\/\/pmza.sk\/?p=32840"]}]},{"@type":"ImageObject","inLanguage":"sk-SK","@id":"https:\/\/pmza.sk\/?p=32840#primaryimage","url":"https:\/\/pmza.sk\/wp-content\/uploads\/2019\/04\/20190312_141507.jpg","contentUrl":"https:\/\/pmza.sk\/wp-content\/uploads\/2019\/04\/20190312_141507.jpg","width":768,"height":1024},{"@type":"BreadcrumbList","@id":"https:\/\/pmza.sk\/?p=32840#breadcrumb","itemListElement":[{"@type":"ListItem","position":1,"name":"Domovsk\u00e1 str\u00e1nka","item":"https:\/\/pmza.sk\/"},{"@type":"ListItem","position":2,"name":"V\u00fdrub stromov v Budat\u00ednskom parku"}]},{"@type":"WebSite","@id":"https:\/\/pmza.sk\/#website","url":"https:\/\/pmza.sk\/","name":"Pova\u017esk\u00e9 m\u00fazeum","description":"Pova\u017esk\u00e9 m\u00fazeum v \u017diline je region\u00e1lne m\u00fazeum so s\u00eddlom v Budat\u00edne. Jeho expoz\u00edcie s\u00fa zameran\u00e9 na dejiny slovensk\u00e9ho umenia, kult\u00fary a dopravy.","publisher":{"@id":"https:\/\/pmza.sk\/#organization"},"potentialAction":[{"@type":"SearchAction","target":{"@type":"EntryPoint","urlTemplate":"https:\/\/pmza.sk\/?s={search_term_string}"},"query-input":{"@type":"PropertyValueSpecification","valueRequired":true,"valueName":"search_term_string"}}],"inLanguage":"sk-SK"},{"@type":"Organization","@id":"https:\/\/pmza.sk\/#organization","name":"Pova\u017esk\u00e9 m\u00fazeum","url":"https:\/\/pmza.sk\/","logo":{"@type":"ImageObject","inLanguage":"sk-SK","@id":"https:\/\/pmza.sk\/#\/schema\/logo\/image\/","url":"https:\/\/pmza.sk\/wp-content\/uploads\/2022\/01\/logo_PM_horizontal.jpg","contentUrl":"https:\/\/pmza.sk\/wp-content\/uploads\/2022\/01\/logo_PM_horizontal.jpg","width":231,"height":142,"caption":"Pova\u017esk\u00e9 m\u00fazeum"},"image":{"@id":"https:\/\/pmza.sk\/#\/schema\/logo\/image\/"},"sameAs":["https:\/\/www.facebook.com\/povazskemuzeum","https:\/\/www.instagram.com\/povazskemuzeum\/"]},{"@type":"Person","@id":"https:\/\/pmza.sk\/#\/schema\/person\/595e6a2ce731ea94dcd5d7f50a41ae33","name":"Pova\u017esk\u00e9 m\u00fazeum","image":{"@type":"ImageObject","inLanguage":"sk-SK","@id":"https:\/\/secure.gravatar.com\/avatar\/2bb7f1561282132fb5826dfeccc66c7996d11ee392ac6aaf7ced8a1c2027fbb2?s=96&d=mm&r=g","url":"https:\/\/secure.gravatar.com\/avatar\/2bb7f1561282132fb5826dfeccc66c7996d11ee392ac6aaf7ced8a1c2027fbb2?s=96&d=mm&r=g","contentUrl":"https:\/\/secure.gravatar.com\/avatar\/2bb7f1561282132fb5826dfeccc66c7996d11ee392ac6aaf7ced8a1c2027fbb2?s=96&d=mm&r=g","caption":"Pova\u017esk\u00e9 m\u00fazeum"}}]}},"_links":{"self":[{"href":"https:\/\/pmza.sk\/index.php?rest_route=\/wp\/v2\/posts\/32840","targetHints":{"allow":["GET"]}}],"collection":[{"href":"https:\/\/pmza.sk\/index.php?rest_route=\/wp\/v2\/posts"}],"about":[{"href":"https:\/\/pmza.sk\/index.php?rest_route=\/wp\/v2\/types\/post"}],"author":[{"embeddable":true,"href":"https:\/\/pmza.sk\/index.php?rest_route=\/wp\/v2\/users\/2"}],"replies":[{"embeddable":true,"href":"https:\/\/pmza.sk\/index.php?rest_route=%2Fwp%2Fv2%2Fcomments&post=32840"}],"version-history":[{"count":0,"href":"https:\/\/pmza.sk\/index.php?rest_route=\/wp\/v2\/posts\/32840\/revisions"}],"wp:featuredmedia":[{"embeddable":true,"href":"https:\/\/pmza.sk\/index.php?rest_route=\/wp\/v2\/media\/32841"}],"wp:attachment":[{"href":"https:\/\/pmza.sk\/index.php?rest_route=%2Fwp%2Fv2%2Fmedia&parent=32840"}],"wp:term":[{"taxonomy":"category","embeddable":true,"href":"https:\/\/pmza.sk\/index.php?rest_route=%2Fwp%2Fv2%2Fcategories&post=32840"},{"taxonomy":"post_tag","embeddable":true,"href":"https:\/\/pmza.sk\/index.php?rest_route=%2Fwp%2Fv2%2Ftags&post=32840"}],"curies":[{"name":"wp","href":"https:\/\/api.w.org\/{rel}","templated":true}]}}