{"id":33197,"date":"2019-04-24T14:12:36","date_gmt":"2019-04-24T12:12:36","guid":{"rendered":"https:\/\/pmza.sk\/?p=33197"},"modified":"2019-04-24T14:12:36","modified_gmt":"2019-04-24T12:12:36","slug":"pracovnicky-muzea-ocenil-zilinsky-samospravny-kraj","status":"publish","type":"post","link":"https:\/\/pmza.sk\/?p=33197","title":{"rendered":"Pracovn\u00ed\u010dky m\u00fazea ocenil \u017dilinsk\u00fd samospr\u00e1vny kraj"},"content":{"rendered":"<p>\u017dilinsk\u00fd samospr\u00e1vny kraj ocenil v\u00a0pondelok 15. 4. zamestnancov kult\u00farnych in\u0161tit\u00faci\u00ed vo svojej p\u00f4sobnosti. Medzi desiatkami pracovn\u00edkov boli aj tri \u017eeny z\u00a0Pova\u017esk\u00e9ho m\u00fazea v\u00a0\u017diline. Ocenenie za dlhoro\u010dn\u00fd pr\u00ednos k\u00a0rozvoju kult\u00farnej in\u0161tit\u00facie \u017dilinsk\u00e9ho samospr\u00e1vneho kraja z\u00edskala histori\u010dka drot\u00e1rstva Mgr. Katar\u00edna Hallonov\u00e1, konzerv\u00e1torka \u013dudmila Hru\u0161kov\u00e1 a\u00a0lektorka Paul\u00edna Jan\u010dov\u00e1. Diplomy im sl\u00e1vnostne odovzdala predsedn\u00ed\u010dka \u017dSK Ing. Erika Jurinov\u00e1.<\/p>\n<p>foto: \u017dilinsk\u00fd samospr\u00e1vny kraj<\/p>\n<p><img fetchpriority=\"high\" decoding=\"async\" class=\"size-thumbnail wp-image-33202 alignleft\" src=\"https:\/\/pmza.sk\/wp-content\/uploads\/2019\/04\/057-475x300.jpg\" alt=\"\" width=\"475\" height=\"300\" \/><\/p>\n<p><img decoding=\"async\" class=\"size-thumbnail wp-image-33201 alignleft\" src=\"https:\/\/pmza.sk\/wp-content\/uploads\/2019\/04\/053-475x300.jpg\" alt=\"\" width=\"475\" height=\"300\" \/><\/p>\n<p><img decoding=\"async\" class=\"size-thumbnail wp-image-33200 alignleft\" src=\"https:\/\/pmza.sk\/wp-content\/uploads\/2019\/04\/011-475x300.jpg\" alt=\"\" width=\"475\" height=\"300\" \/><\/p>\n<p><img loading=\"lazy\" decoding=\"async\" class=\"size-thumbnail wp-image-33199 alignleft\" src=\"https:\/\/pmza.sk\/wp-content\/uploads\/2019\/04\/010-475x300.jpg\" alt=\"\" width=\"475\" height=\"300\" \/><\/p>\n","protected":false},"excerpt":{"rendered":"<p>\u017dilinsk\u00fd samospr\u00e1vny kraj ocenil v\u00a0pondelok 15. 4. zamestnancov kult\u00farnych in\u0161tit\u00faci\u00ed vo svojej p\u00f4sobnosti. Medzi desiatkami pracovn\u00edkov boli aj tri \u017eeny z\u00a0Pova\u017esk\u00e9ho m\u00fazea v\u00a0\u017diline. Ocenenie za dlhoro\u010dn\u00fd pr\u00ednos k\u00a0rozvoju kult\u00farnej in\u0161tit\u00facie \u017dilinsk\u00e9ho samospr\u00e1vneho kraja z\u00edskala histori\u010dka drot\u00e1rstva Mgr. Katar\u00edna Hallonov\u00e1, konzerv\u00e1torka \u013dudmila Hru\u0161kov\u00e1 a\u00a0lektorka Paul\u00edna Jan\u010dov\u00e1. Diplomy im sl\u00e1vnostne odovzdala predsedn\u00ed\u010dka \u017dSK Ing. Erika Jurinov\u00e1. foto: [&hellip;]<\/p>\n","protected":false},"author":2,"featured_media":33198,"comment_status":"closed","ping_status":"closed","sticky":false,"template":"","format":"standard","meta":{"site-sidebar-layout":"default","site-content-layout":"","ast-site-content-layout":"","site-content-style":"default","site-sidebar-style":"default","ast-global-header-display":"","ast-banner-title-visibility":"","ast-main-header-display":"","ast-hfb-above-header-display":"","ast-hfb-below-header-display":"","ast-hfb-mobile-header-display":"","site-post-title":"","ast-breadcrumbs-content":"","ast-featured-img":"","footer-sml-layout":"","theme-transparent-header-meta":"","adv-header-id-meta":"","stick-header-meta":"","header-above-stick-meta":"","header-main-stick-meta":"","header-below-stick-meta":"","astra-migrate-meta-layouts":"default","ast-page-background-enabled":"default","ast-page-background-meta":{"desktop":{"background-color":"var(--ast-global-color-4)","background-image":"","background-repeat":"repeat","background-position":"center center","background-size":"auto","background-attachment":"scroll","background-type":"","background-media":"","overlay-type":"","overlay-color":"","overlay-opacity":"","overlay-gradient":""},"tablet":{"background-color":"","background-image":"","background-repeat":"repeat","background-position":"center center","background-size":"auto","background-attachment":"scroll","background-type":"","background-media":"","overlay-type":"","overlay-color":"","overlay-opacity":"","overlay-gradient":""},"mobile":{"background-color":"","background-image":"","background-repeat":"repeat","background-position":"center center","background-size":"auto","background-attachment":"scroll","background-type":"","background-media":"","overlay-type":"","overlay-color":"","overlay-opacity":"","overlay-gradient":""}},"ast-content-background-meta":{"desktop":{"background-color":"var(--ast-global-color-5)","background-image":"","background-repeat":"repeat","background-position":"center center","background-size":"auto","background-attachment":"scroll","background-type":"","background-media":"","overlay-type":"","overlay-color":"","overlay-opacity":"","overlay-gradient":""},"tablet":{"background-color":"var(--ast-global-color-5)","background-image":"","background-repeat":"repeat","background-position":"center center","background-size":"auto","background-attachment":"scroll","background-type":"","background-media":"","overlay-type":"","overlay-color":"","overlay-opacity":"","overlay-gradient":""},"mobile":{"background-color":"var(--ast-global-color-5)","background-image":"","background-repeat":"repeat","background-position":"center center","background-size":"auto","background-attachment":"scroll","background-type":"","background-media":"","overlay-type":"","overlay-color":"","overlay-opacity":"","overlay-gradient":""}},"footnotes":""},"categories":[31],"tags":[],"class_list":["post-33197","post","type-post","status-publish","format-standard","has-post-thumbnail","hentry","category-aktuality"],"yoast_head":"<!-- This site is optimized with the Yoast SEO plugin v27.4 - https:\/\/yoast.com\/product\/yoast-seo-wordpress\/ -->\n<title>Pracovn\u00ed\u010dky m\u00fazea ocenil \u017dilinsk\u00fd samospr\u00e1vny kraj - Pova\u017esk\u00e9 m\u00fazeum<\/title>\n<meta name=\"robots\" content=\"index, follow, max-snippet:-1, max-image-preview:large, max-video-preview:-1\" \/>\n<link rel=\"canonical\" href=\"https:\/\/pmza.sk\/?p=33197\" \/>\n<meta property=\"og:locale\" content=\"sk_SK\" \/>\n<meta property=\"og:type\" content=\"article\" \/>\n<meta property=\"og:title\" content=\"Pracovn\u00ed\u010dky m\u00fazea ocenil \u017dilinsk\u00fd samospr\u00e1vny kraj - Pova\u017esk\u00e9 m\u00fazeum\" \/>\n<meta property=\"og:description\" content=\"\u017dilinsk\u00fd samospr\u00e1vny kraj ocenil v\u00a0pondelok 15. 4. zamestnancov kult\u00farnych in\u0161tit\u00faci\u00ed vo svojej p\u00f4sobnosti. Medzi desiatkami pracovn\u00edkov boli aj tri \u017eeny z\u00a0Pova\u017esk\u00e9ho m\u00fazea v\u00a0\u017diline. Ocenenie za dlhoro\u010dn\u00fd pr\u00ednos k\u00a0rozvoju kult\u00farnej in\u0161tit\u00facie \u017dilinsk\u00e9ho samospr\u00e1vneho kraja z\u00edskala histori\u010dka drot\u00e1rstva Mgr. Katar\u00edna Hallonov\u00e1, konzerv\u00e1torka \u013dudmila Hru\u0161kov\u00e1 a\u00a0lektorka Paul\u00edna Jan\u010dov\u00e1. Diplomy im sl\u00e1vnostne odovzdala predsedn\u00ed\u010dka \u017dSK Ing. Erika Jurinov\u00e1. foto: [&hellip;]\" \/>\n<meta property=\"og:url\" content=\"https:\/\/pmza.sk\/?p=33197\" \/>\n<meta property=\"og:site_name\" content=\"Pova\u017esk\u00e9 m\u00fazeum\" \/>\n<meta property=\"article:publisher\" content=\"https:\/\/www.facebook.com\/povazskemuzeum\" \/>\n<meta property=\"article:published_time\" content=\"2019-04-24T12:12:36+00:00\" \/>\n<meta property=\"og:image\" content=\"https:\/\/pmza.sk\/wp-content\/uploads\/2019\/04\/001.jpg\" \/>\n\t<meta property=\"og:image:width\" content=\"1024\" \/>\n\t<meta property=\"og:image:height\" content=\"683\" \/>\n\t<meta property=\"og:image:type\" content=\"image\/jpeg\" \/>\n<meta name=\"author\" content=\"Pova\u017esk\u00e9 m\u00fazeum\" \/>\n<meta name=\"twitter:card\" content=\"summary_large_image\" \/>\n<meta name=\"twitter:label1\" content=\"Autor\" \/>\n\t<meta name=\"twitter:data1\" content=\"Pova\u017esk\u00e9 m\u00fazeum\" \/>\n<script type=\"application\/ld+json\" class=\"yoast-schema-graph\">{\"@context\":\"https:\\\/\\\/schema.org\",\"@graph\":[{\"@type\":\"Article\",\"@id\":\"https:\\\/\\\/pmza.sk\\\/?p=33197#article\",\"isPartOf\":{\"@id\":\"https:\\\/\\\/pmza.sk\\\/?p=33197\"},\"author\":{\"name\":\"Pova\u017esk\u00e9 m\u00fazeum\",\"@id\":\"https:\\\/\\\/pmza.sk\\\/#\\\/schema\\\/person\\\/595e6a2ce731ea94dcd5d7f50a41ae33\"},\"headline\":\"Pracovn\u00ed\u010dky m\u00fazea ocenil \u017dilinsk\u00fd samospr\u00e1vny kraj\",\"datePublished\":\"2019-04-24T12:12:36+00:00\",\"mainEntityOfPage\":{\"@id\":\"https:\\\/\\\/pmza.sk\\\/?p=33197\"},\"wordCount\":97,\"publisher\":{\"@id\":\"https:\\\/\\\/pmza.sk\\\/#organization\"},\"image\":{\"@id\":\"https:\\\/\\\/pmza.sk\\\/?p=33197#primaryimage\"},\"thumbnailUrl\":\"https:\\\/\\\/pmza.sk\\\/wp-content\\\/uploads\\\/2019\\\/04\\\/001.jpg\",\"articleSection\":[\"Aktuality\"],\"inLanguage\":\"sk-SK\"},{\"@type\":\"WebPage\",\"@id\":\"https:\\\/\\\/pmza.sk\\\/?p=33197\",\"url\":\"https:\\\/\\\/pmza.sk\\\/?p=33197\",\"name\":\"Pracovn\u00ed\u010dky m\u00fazea ocenil \u017dilinsk\u00fd samospr\u00e1vny kraj - Pova\u017esk\u00e9 m\u00fazeum\",\"isPartOf\":{\"@id\":\"https:\\\/\\\/pmza.sk\\\/#website\"},\"primaryImageOfPage\":{\"@id\":\"https:\\\/\\\/pmza.sk\\\/?p=33197#primaryimage\"},\"image\":{\"@id\":\"https:\\\/\\\/pmza.sk\\\/?p=33197#primaryimage\"},\"thumbnailUrl\":\"https:\\\/\\\/pmza.sk\\\/wp-content\\\/uploads\\\/2019\\\/04\\\/001.jpg\",\"datePublished\":\"2019-04-24T12:12:36+00:00\",\"breadcrumb\":{\"@id\":\"https:\\\/\\\/pmza.sk\\\/?p=33197#breadcrumb\"},\"inLanguage\":\"sk-SK\",\"potentialAction\":[{\"@type\":\"ReadAction\",\"target\":[\"https:\\\/\\\/pmza.sk\\\/?p=33197\"]}]},{\"@type\":\"ImageObject\",\"inLanguage\":\"sk-SK\",\"@id\":\"https:\\\/\\\/pmza.sk\\\/?p=33197#primaryimage\",\"url\":\"https:\\\/\\\/pmza.sk\\\/wp-content\\\/uploads\\\/2019\\\/04\\\/001.jpg\",\"contentUrl\":\"https:\\\/\\\/pmza.sk\\\/wp-content\\\/uploads\\\/2019\\\/04\\\/001.jpg\",\"width\":1024,\"height\":683},{\"@type\":\"BreadcrumbList\",\"@id\":\"https:\\\/\\\/pmza.sk\\\/?p=33197#breadcrumb\",\"itemListElement\":[{\"@type\":\"ListItem\",\"position\":1,\"name\":\"Domovsk\u00e1 str\u00e1nka\",\"item\":\"https:\\\/\\\/pmza.sk\\\/\"},{\"@type\":\"ListItem\",\"position\":2,\"name\":\"Pracovn\u00ed\u010dky m\u00fazea ocenil \u017dilinsk\u00fd samospr\u00e1vny kraj\"}]},{\"@type\":\"WebSite\",\"@id\":\"https:\\\/\\\/pmza.sk\\\/#website\",\"url\":\"https:\\\/\\\/pmza.sk\\\/\",\"name\":\"Pova\u017esk\u00e9 m\u00fazeum\",\"description\":\"Pova\u017esk\u00e9 m\u00fazeum v \u017diline je region\u00e1lne m\u00fazeum so s\u00eddlom v Budat\u00edne. Jeho expoz\u00edcie s\u00fa zameran\u00e9 na dejiny slovensk\u00e9ho umenia, kult\u00fary a dopravy.\",\"publisher\":{\"@id\":\"https:\\\/\\\/pmza.sk\\\/#organization\"},\"potentialAction\":[{\"@type\":\"SearchAction\",\"target\":{\"@type\":\"EntryPoint\",\"urlTemplate\":\"https:\\\/\\\/pmza.sk\\\/?s={search_term_string}\"},\"query-input\":{\"@type\":\"PropertyValueSpecification\",\"valueRequired\":true,\"valueName\":\"search_term_string\"}}],\"inLanguage\":\"sk-SK\"},{\"@type\":\"Organization\",\"@id\":\"https:\\\/\\\/pmza.sk\\\/#organization\",\"name\":\"Pova\u017esk\u00e9 m\u00fazeum\",\"url\":\"https:\\\/\\\/pmza.sk\\\/\",\"logo\":{\"@type\":\"ImageObject\",\"inLanguage\":\"sk-SK\",\"@id\":\"https:\\\/\\\/pmza.sk\\\/#\\\/schema\\\/logo\\\/image\\\/\",\"url\":\"https:\\\/\\\/pmza.sk\\\/wp-content\\\/uploads\\\/2022\\\/01\\\/logo_PM_horizontal.jpg\",\"contentUrl\":\"https:\\\/\\\/pmza.sk\\\/wp-content\\\/uploads\\\/2022\\\/01\\\/logo_PM_horizontal.jpg\",\"width\":231,\"height\":142,\"caption\":\"Pova\u017esk\u00e9 m\u00fazeum\"},\"image\":{\"@id\":\"https:\\\/\\\/pmza.sk\\\/#\\\/schema\\\/logo\\\/image\\\/\"},\"sameAs\":[\"https:\\\/\\\/www.facebook.com\\\/povazskemuzeum\",\"https:\\\/\\\/www.instagram.com\\\/povazskemuzeum\\\/\"]},{\"@type\":\"Person\",\"@id\":\"https:\\\/\\\/pmza.sk\\\/#\\\/schema\\\/person\\\/595e6a2ce731ea94dcd5d7f50a41ae33\",\"name\":\"Pova\u017esk\u00e9 m\u00fazeum\",\"image\":{\"@type\":\"ImageObject\",\"inLanguage\":\"sk-SK\",\"@id\":\"https:\\\/\\\/secure.gravatar.com\\\/avatar\\\/2bb7f1561282132fb5826dfeccc66c7996d11ee392ac6aaf7ced8a1c2027fbb2?s=96&d=mm&r=g\",\"url\":\"https:\\\/\\\/secure.gravatar.com\\\/avatar\\\/2bb7f1561282132fb5826dfeccc66c7996d11ee392ac6aaf7ced8a1c2027fbb2?s=96&d=mm&r=g\",\"contentUrl\":\"https:\\\/\\\/secure.gravatar.com\\\/avatar\\\/2bb7f1561282132fb5826dfeccc66c7996d11ee392ac6aaf7ced8a1c2027fbb2?s=96&d=mm&r=g\",\"caption\":\"Pova\u017esk\u00e9 m\u00fazeum\"}}]}<\/script>\n<!-- \/ Yoast SEO plugin. -->","yoast_head_json":{"title":"Pracovn\u00ed\u010dky m\u00fazea ocenil \u017dilinsk\u00fd samospr\u00e1vny kraj - Pova\u017esk\u00e9 m\u00fazeum","robots":{"index":"index","follow":"follow","max-snippet":"max-snippet:-1","max-image-preview":"max-image-preview:large","max-video-preview":"max-video-preview:-1"},"canonical":"https:\/\/pmza.sk\/?p=33197","og_locale":"sk_SK","og_type":"article","og_title":"Pracovn\u00ed\u010dky m\u00fazea ocenil \u017dilinsk\u00fd samospr\u00e1vny kraj - Pova\u017esk\u00e9 m\u00fazeum","og_description":"\u017dilinsk\u00fd samospr\u00e1vny kraj ocenil v\u00a0pondelok 15. 4. zamestnancov kult\u00farnych in\u0161tit\u00faci\u00ed vo svojej p\u00f4sobnosti. Medzi desiatkami pracovn\u00edkov boli aj tri \u017eeny z\u00a0Pova\u017esk\u00e9ho m\u00fazea v\u00a0\u017diline. Ocenenie za dlhoro\u010dn\u00fd pr\u00ednos k\u00a0rozvoju kult\u00farnej in\u0161tit\u00facie \u017dilinsk\u00e9ho samospr\u00e1vneho kraja z\u00edskala histori\u010dka drot\u00e1rstva Mgr. Katar\u00edna Hallonov\u00e1, konzerv\u00e1torka \u013dudmila Hru\u0161kov\u00e1 a\u00a0lektorka Paul\u00edna Jan\u010dov\u00e1. Diplomy im sl\u00e1vnostne odovzdala predsedn\u00ed\u010dka \u017dSK Ing. Erika Jurinov\u00e1. foto: [&hellip;]","og_url":"https:\/\/pmza.sk\/?p=33197","og_site_name":"Pova\u017esk\u00e9 m\u00fazeum","article_publisher":"https:\/\/www.facebook.com\/povazskemuzeum","article_published_time":"2019-04-24T12:12:36+00:00","og_image":[{"width":1024,"height":683,"url":"https:\/\/pmza.sk\/wp-content\/uploads\/2019\/04\/001.jpg","type":"image\/jpeg"}],"author":"Pova\u017esk\u00e9 m\u00fazeum","twitter_card":"summary_large_image","twitter_misc":{"Autor":"Pova\u017esk\u00e9 m\u00fazeum"},"schema":{"@context":"https:\/\/schema.org","@graph":[{"@type":"Article","@id":"https:\/\/pmza.sk\/?p=33197#article","isPartOf":{"@id":"https:\/\/pmza.sk\/?p=33197"},"author":{"name":"Pova\u017esk\u00e9 m\u00fazeum","@id":"https:\/\/pmza.sk\/#\/schema\/person\/595e6a2ce731ea94dcd5d7f50a41ae33"},"headline":"Pracovn\u00ed\u010dky m\u00fazea ocenil \u017dilinsk\u00fd samospr\u00e1vny kraj","datePublished":"2019-04-24T12:12:36+00:00","mainEntityOfPage":{"@id":"https:\/\/pmza.sk\/?p=33197"},"wordCount":97,"publisher":{"@id":"https:\/\/pmza.sk\/#organization"},"image":{"@id":"https:\/\/pmza.sk\/?p=33197#primaryimage"},"thumbnailUrl":"https:\/\/pmza.sk\/wp-content\/uploads\/2019\/04\/001.jpg","articleSection":["Aktuality"],"inLanguage":"sk-SK"},{"@type":"WebPage","@id":"https:\/\/pmza.sk\/?p=33197","url":"https:\/\/pmza.sk\/?p=33197","name":"Pracovn\u00ed\u010dky m\u00fazea ocenil \u017dilinsk\u00fd samospr\u00e1vny kraj - Pova\u017esk\u00e9 m\u00fazeum","isPartOf":{"@id":"https:\/\/pmza.sk\/#website"},"primaryImageOfPage":{"@id":"https:\/\/pmza.sk\/?p=33197#primaryimage"},"image":{"@id":"https:\/\/pmza.sk\/?p=33197#primaryimage"},"thumbnailUrl":"https:\/\/pmza.sk\/wp-content\/uploads\/2019\/04\/001.jpg","datePublished":"2019-04-24T12:12:36+00:00","breadcrumb":{"@id":"https:\/\/pmza.sk\/?p=33197#breadcrumb"},"inLanguage":"sk-SK","potentialAction":[{"@type":"ReadAction","target":["https:\/\/pmza.sk\/?p=33197"]}]},{"@type":"ImageObject","inLanguage":"sk-SK","@id":"https:\/\/pmza.sk\/?p=33197#primaryimage","url":"https:\/\/pmza.sk\/wp-content\/uploads\/2019\/04\/001.jpg","contentUrl":"https:\/\/pmza.sk\/wp-content\/uploads\/2019\/04\/001.jpg","width":1024,"height":683},{"@type":"BreadcrumbList","@id":"https:\/\/pmza.sk\/?p=33197#breadcrumb","itemListElement":[{"@type":"ListItem","position":1,"name":"Domovsk\u00e1 str\u00e1nka","item":"https:\/\/pmza.sk\/"},{"@type":"ListItem","position":2,"name":"Pracovn\u00ed\u010dky m\u00fazea ocenil \u017dilinsk\u00fd samospr\u00e1vny kraj"}]},{"@type":"WebSite","@id":"https:\/\/pmza.sk\/#website","url":"https:\/\/pmza.sk\/","name":"Pova\u017esk\u00e9 m\u00fazeum","description":"Pova\u017esk\u00e9 m\u00fazeum v \u017diline je region\u00e1lne m\u00fazeum so s\u00eddlom v Budat\u00edne. Jeho expoz\u00edcie s\u00fa zameran\u00e9 na dejiny slovensk\u00e9ho umenia, kult\u00fary a dopravy.","publisher":{"@id":"https:\/\/pmza.sk\/#organization"},"potentialAction":[{"@type":"SearchAction","target":{"@type":"EntryPoint","urlTemplate":"https:\/\/pmza.sk\/?s={search_term_string}"},"query-input":{"@type":"PropertyValueSpecification","valueRequired":true,"valueName":"search_term_string"}}],"inLanguage":"sk-SK"},{"@type":"Organization","@id":"https:\/\/pmza.sk\/#organization","name":"Pova\u017esk\u00e9 m\u00fazeum","url":"https:\/\/pmza.sk\/","logo":{"@type":"ImageObject","inLanguage":"sk-SK","@id":"https:\/\/pmza.sk\/#\/schema\/logo\/image\/","url":"https:\/\/pmza.sk\/wp-content\/uploads\/2022\/01\/logo_PM_horizontal.jpg","contentUrl":"https:\/\/pmza.sk\/wp-content\/uploads\/2022\/01\/logo_PM_horizontal.jpg","width":231,"height":142,"caption":"Pova\u017esk\u00e9 m\u00fazeum"},"image":{"@id":"https:\/\/pmza.sk\/#\/schema\/logo\/image\/"},"sameAs":["https:\/\/www.facebook.com\/povazskemuzeum","https:\/\/www.instagram.com\/povazskemuzeum\/"]},{"@type":"Person","@id":"https:\/\/pmza.sk\/#\/schema\/person\/595e6a2ce731ea94dcd5d7f50a41ae33","name":"Pova\u017esk\u00e9 m\u00fazeum","image":{"@type":"ImageObject","inLanguage":"sk-SK","@id":"https:\/\/secure.gravatar.com\/avatar\/2bb7f1561282132fb5826dfeccc66c7996d11ee392ac6aaf7ced8a1c2027fbb2?s=96&d=mm&r=g","url":"https:\/\/secure.gravatar.com\/avatar\/2bb7f1561282132fb5826dfeccc66c7996d11ee392ac6aaf7ced8a1c2027fbb2?s=96&d=mm&r=g","contentUrl":"https:\/\/secure.gravatar.com\/avatar\/2bb7f1561282132fb5826dfeccc66c7996d11ee392ac6aaf7ced8a1c2027fbb2?s=96&d=mm&r=g","caption":"Pova\u017esk\u00e9 m\u00fazeum"}}]}},"_links":{"self":[{"href":"https:\/\/pmza.sk\/index.php?rest_route=\/wp\/v2\/posts\/33197","targetHints":{"allow":["GET"]}}],"collection":[{"href":"https:\/\/pmza.sk\/index.php?rest_route=\/wp\/v2\/posts"}],"about":[{"href":"https:\/\/pmza.sk\/index.php?rest_route=\/wp\/v2\/types\/post"}],"author":[{"embeddable":true,"href":"https:\/\/pmza.sk\/index.php?rest_route=\/wp\/v2\/users\/2"}],"replies":[{"embeddable":true,"href":"https:\/\/pmza.sk\/index.php?rest_route=%2Fwp%2Fv2%2Fcomments&post=33197"}],"version-history":[{"count":0,"href":"https:\/\/pmza.sk\/index.php?rest_route=\/wp\/v2\/posts\/33197\/revisions"}],"wp:featuredmedia":[{"embeddable":true,"href":"https:\/\/pmza.sk\/index.php?rest_route=\/wp\/v2\/media\/33198"}],"wp:attachment":[{"href":"https:\/\/pmza.sk\/index.php?rest_route=%2Fwp%2Fv2%2Fmedia&parent=33197"}],"wp:term":[{"taxonomy":"category","embeddable":true,"href":"https:\/\/pmza.sk\/index.php?rest_route=%2Fwp%2Fv2%2Fcategories&post=33197"},{"taxonomy":"post_tag","embeddable":true,"href":"https:\/\/pmza.sk\/index.php?rest_route=%2Fwp%2Fv2%2Ftags&post=33197"}],"curies":[{"name":"wp","href":"https:\/\/api.w.org\/{rel}","templated":true}]}}