{"id":33204,"date":"2019-04-24T15:02:44","date_gmt":"2019-04-24T13:02:44","guid":{"rendered":"https:\/\/pmza.sk\/?p=33204"},"modified":"2019-04-24T15:02:44","modified_gmt":"2019-04-24T13:02:44","slug":"vecer-na-hrade-strecno","status":"publish","type":"post","link":"https:\/\/pmza.sk\/?p=33204","title":{"rendered":"\u0160peci\u00e1lna ve\u010dern\u00e1 prehliadka na hrade Stre\u010dno"},"content":{"rendered":"<p>Noc m\u00faze\u00ed a\u00a0gal\u00e9ri\u00ed je podujatie, ktor\u00e9 ka\u017edoro\u010dne dovo\u013euje n\u00e1v\u0161tevn\u00edkom nahliadnu\u0165 do z\u00e1kulisia ob\u013e\u00faben\u00fdch kult\u00farnych in\u0161tit\u00faci\u00ed po celom Slovensku. Zastre\u0161uje ho Zv\u00e4z m\u00faze\u00ed a\u00a0gal\u00e9ri\u00ed na Slovensku a\u00a0jeho cie\u013eom je prinies\u0165 n\u00e1v\u0161tevn\u00edkom jedine\u010dn\u00fa mo\u017enos\u0165 vidie\u0165 expoz\u00edcie a\u00a0v\u00fdstavy vo ve\u010dern\u00fdch a\u00a0no\u010dn\u00fdch hodin\u00e1ch. Pri tejto pr\u00edle\u017eitosti pripravilo Pova\u017esk\u00e9 m\u00fazeum v\u00a0\u017diline na hrade Stre\u010dno \u0161peci\u00e1lne ve\u010dern\u00e9 prehliadky. V\u00a0sobotu 18. m\u00e1ja v\u00a0\u010dase od 20.00 do 23.00 tam bude naozaj ru\u0161no.<\/p>\n<p>Program l\u00e1ka r\u00f4znorodos\u0165ou. <em>\u201eLektori prezradia zauj\u00edmavosti z\u00a0fungovania hradu, priznaj\u00fa sa k\u00a0svojim nevydaren\u00fdm koment\u00e1rom a\u00a0pobavia netradi\u010dn\u00fdmi \u010di vtipn\u00fdmi ot\u00e1zkami, ktor\u00e9 klad\u00fa n\u00e1v\u0161tevn\u00edci. Na svoje si pr\u00eddu i\u00a0milovn\u00edci no\u010dnej oblohy. V\u00a0spolupr\u00e1ci s\u00a0Krajskou hvezd\u00e1r\u0148ou v \u017diline bud\u00fa m\u00f4c\u0165 priamo z\u00a0hradn\u00fdch m\u00farov pozorova\u0165 hviezdy a\u00a0plan\u00e9ty. Svoju diel\u0148u otvor\u00ed konzerv\u00e1tor keramiky Michael Daskalakis a\u00a0spr\u00edstupnen\u00e1 bude tie\u017e Stredovek\u00e1 dedina Paseka.\u201c<\/em> pribl\u00ed\u017eila kult\u00farna mana\u017e\u00e9rka Petra Kubikov\u00e1. Okrem pestr\u00fdch aktiv\u00edt pote\u0161\u00ed n\u00e1v\u0161tevn\u00edkov aj ni\u017e\u0161ie vstupn\u00e9.<\/p>\n<p>V\u00a0r\u00e1mci Medzin\u00e1rodn\u00e9ho d\u0148a m\u00faze\u00ed a\u00a0gal\u00e9ri\u00ed, ktor\u00fd je pr\u00e1ve 18. 5., zn\u00ed\u017ei Pova\u017esk\u00e9 m\u00fazeum v\u00a0\u017diline cenu vstupn\u00e9ho do v\u0161etk\u00fdch svojich expoz\u00edci\u00ed.<\/p>\n<p>&nbsp;<\/p>\n","protected":false},"excerpt":{"rendered":"<p>Noc m\u00faze\u00ed a\u00a0gal\u00e9ri\u00ed je podujatie, ktor\u00e9 ka\u017edoro\u010dne dovo\u013euje n\u00e1v\u0161tevn\u00edkom nahliadnu\u0165 do z\u00e1kulisia ob\u013e\u00faben\u00fdch kult\u00farnych in\u0161tit\u00faci\u00ed po celom Slovensku. Zastre\u0161uje ho Zv\u00e4z m\u00faze\u00ed a\u00a0gal\u00e9ri\u00ed na Slovensku a\u00a0jeho cie\u013eom je prinies\u0165 n\u00e1v\u0161tevn\u00edkom jedine\u010dn\u00fa mo\u017enos\u0165 vidie\u0165 expoz\u00edcie a\u00a0v\u00fdstavy vo ve\u010dern\u00fdch a\u00a0no\u010dn\u00fdch hodin\u00e1ch. Pri tejto pr\u00edle\u017eitosti pripravilo Pova\u017esk\u00e9 m\u00fazeum v\u00a0\u017diline na hrade Stre\u010dno \u0161peci\u00e1lne ve\u010dern\u00e9 prehliadky. V\u00a0sobotu 18. m\u00e1ja [&hellip;]<\/p>\n","protected":false},"author":2,"featured_media":33205,"comment_status":"closed","ping_status":"closed","sticky":false,"template":"","format":"standard","meta":{"site-sidebar-layout":"default","site-content-layout":"","ast-site-content-layout":"","site-content-style":"default","site-sidebar-style":"default","ast-global-header-display":"","ast-banner-title-visibility":"","ast-main-header-display":"","ast-hfb-above-header-display":"","ast-hfb-below-header-display":"","ast-hfb-mobile-header-display":"","site-post-title":"","ast-breadcrumbs-content":"","ast-featured-img":"","footer-sml-layout":"","theme-transparent-header-meta":"","adv-header-id-meta":"","stick-header-meta":"","header-above-stick-meta":"","header-main-stick-meta":"","header-below-stick-meta":"","astra-migrate-meta-layouts":"default","ast-page-background-enabled":"default","ast-page-background-meta":{"desktop":{"background-color":"var(--ast-global-color-4)","background-image":"","background-repeat":"repeat","background-position":"center center","background-size":"auto","background-attachment":"scroll","background-type":"","background-media":"","overlay-type":"","overlay-color":"","overlay-opacity":"","overlay-gradient":""},"tablet":{"background-color":"","background-image":"","background-repeat":"repeat","background-position":"center center","background-size":"auto","background-attachment":"scroll","background-type":"","background-media":"","overlay-type":"","overlay-color":"","overlay-opacity":"","overlay-gradient":""},"mobile":{"background-color":"","background-image":"","background-repeat":"repeat","background-position":"center center","background-size":"auto","background-attachment":"scroll","background-type":"","background-media":"","overlay-type":"","overlay-color":"","overlay-opacity":"","overlay-gradient":""}},"ast-content-background-meta":{"desktop":{"background-color":"var(--ast-global-color-5)","background-image":"","background-repeat":"repeat","background-position":"center center","background-size":"auto","background-attachment":"scroll","background-type":"","background-media":"","overlay-type":"","overlay-color":"","overlay-opacity":"","overlay-gradient":""},"tablet":{"background-color":"var(--ast-global-color-5)","background-image":"","background-repeat":"repeat","background-position":"center center","background-size":"auto","background-attachment":"scroll","background-type":"","background-media":"","overlay-type":"","overlay-color":"","overlay-opacity":"","overlay-gradient":""},"mobile":{"background-color":"var(--ast-global-color-5)","background-image":"","background-repeat":"repeat","background-position":"center center","background-size":"auto","background-attachment":"scroll","background-type":"","background-media":"","overlay-type":"","overlay-color":"","overlay-opacity":"","overlay-gradient":""}},"footnotes":""},"categories":[31],"tags":[],"class_list":["post-33204","post","type-post","status-publish","format-standard","has-post-thumbnail","hentry","category-aktuality"],"yoast_head":"<!-- This site is optimized with the Yoast SEO plugin v27.4 - https:\/\/yoast.com\/product\/yoast-seo-wordpress\/ -->\n<title>\u0160peci\u00e1lna ve\u010dern\u00e1 prehliadka na hrade Stre\u010dno - Pova\u017esk\u00e9 m\u00fazeum<\/title>\n<meta name=\"robots\" content=\"index, follow, max-snippet:-1, max-image-preview:large, max-video-preview:-1\" \/>\n<link rel=\"canonical\" href=\"https:\/\/pmza.sk\/?p=33204\" \/>\n<meta property=\"og:locale\" content=\"sk_SK\" \/>\n<meta property=\"og:type\" content=\"article\" \/>\n<meta property=\"og:title\" content=\"\u0160peci\u00e1lna ve\u010dern\u00e1 prehliadka na hrade Stre\u010dno - Pova\u017esk\u00e9 m\u00fazeum\" \/>\n<meta property=\"og:description\" content=\"Noc m\u00faze\u00ed a\u00a0gal\u00e9ri\u00ed je podujatie, ktor\u00e9 ka\u017edoro\u010dne dovo\u013euje n\u00e1v\u0161tevn\u00edkom nahliadnu\u0165 do z\u00e1kulisia ob\u013e\u00faben\u00fdch kult\u00farnych in\u0161tit\u00faci\u00ed po celom Slovensku. Zastre\u0161uje ho Zv\u00e4z m\u00faze\u00ed a\u00a0gal\u00e9ri\u00ed na Slovensku a\u00a0jeho cie\u013eom je prinies\u0165 n\u00e1v\u0161tevn\u00edkom jedine\u010dn\u00fa mo\u017enos\u0165 vidie\u0165 expoz\u00edcie a\u00a0v\u00fdstavy vo ve\u010dern\u00fdch a\u00a0no\u010dn\u00fdch hodin\u00e1ch. Pri tejto pr\u00edle\u017eitosti pripravilo Pova\u017esk\u00e9 m\u00fazeum v\u00a0\u017diline na hrade Stre\u010dno \u0161peci\u00e1lne ve\u010dern\u00e9 prehliadky. V\u00a0sobotu 18. m\u00e1ja [&hellip;]\" \/>\n<meta property=\"og:url\" content=\"https:\/\/pmza.sk\/?p=33204\" \/>\n<meta property=\"og:site_name\" content=\"Pova\u017esk\u00e9 m\u00fazeum\" \/>\n<meta property=\"article:publisher\" content=\"https:\/\/www.facebook.com\/povazskemuzeum\" \/>\n<meta property=\"article:published_time\" content=\"2019-04-24T13:02:44+00:00\" \/>\n<meta property=\"og:image\" content=\"https:\/\/pmza.sk\/wp-content\/uploads\/2019\/04\/noc_muzei_www.jpg\" \/>\n\t<meta property=\"og:image:width\" content=\"566\" \/>\n\t<meta property=\"og:image:height\" content=\"800\" \/>\n\t<meta property=\"og:image:type\" content=\"image\/jpeg\" \/>\n<meta name=\"author\" content=\"Pova\u017esk\u00e9 m\u00fazeum\" \/>\n<meta name=\"twitter:card\" content=\"summary_large_image\" \/>\n<meta name=\"twitter:label1\" content=\"Autor\" \/>\n\t<meta name=\"twitter:data1\" content=\"Pova\u017esk\u00e9 m\u00fazeum\" \/>\n\t<meta name=\"twitter:label2\" content=\"Predpokladan\u00fd \u010das \u010d\u00edtania\" \/>\n\t<meta name=\"twitter:data2\" content=\"1 min\u00fata\" \/>\n<script type=\"application\/ld+json\" class=\"yoast-schema-graph\">{\"@context\":\"https:\\\/\\\/schema.org\",\"@graph\":[{\"@type\":\"Article\",\"@id\":\"https:\\\/\\\/pmza.sk\\\/?p=33204#article\",\"isPartOf\":{\"@id\":\"https:\\\/\\\/pmza.sk\\\/?p=33204\"},\"author\":{\"name\":\"Pova\u017esk\u00e9 m\u00fazeum\",\"@id\":\"https:\\\/\\\/pmza.sk\\\/#\\\/schema\\\/person\\\/595e6a2ce731ea94dcd5d7f50a41ae33\"},\"headline\":\"\u0160peci\u00e1lna ve\u010dern\u00e1 prehliadka na hrade Stre\u010dno\",\"datePublished\":\"2019-04-24T13:02:44+00:00\",\"mainEntityOfPage\":{\"@id\":\"https:\\\/\\\/pmza.sk\\\/?p=33204\"},\"wordCount\":265,\"publisher\":{\"@id\":\"https:\\\/\\\/pmza.sk\\\/#organization\"},\"image\":{\"@id\":\"https:\\\/\\\/pmza.sk\\\/?p=33204#primaryimage\"},\"thumbnailUrl\":\"https:\\\/\\\/pmza.sk\\\/wp-content\\\/uploads\\\/2019\\\/04\\\/noc_muzei_www.jpg\",\"articleSection\":[\"Aktuality\"],\"inLanguage\":\"sk-SK\"},{\"@type\":\"WebPage\",\"@id\":\"https:\\\/\\\/pmza.sk\\\/?p=33204\",\"url\":\"https:\\\/\\\/pmza.sk\\\/?p=33204\",\"name\":\"\u0160peci\u00e1lna ve\u010dern\u00e1 prehliadka na hrade Stre\u010dno - Pova\u017esk\u00e9 m\u00fazeum\",\"isPartOf\":{\"@id\":\"https:\\\/\\\/pmza.sk\\\/#website\"},\"primaryImageOfPage\":{\"@id\":\"https:\\\/\\\/pmza.sk\\\/?p=33204#primaryimage\"},\"image\":{\"@id\":\"https:\\\/\\\/pmza.sk\\\/?p=33204#primaryimage\"},\"thumbnailUrl\":\"https:\\\/\\\/pmza.sk\\\/wp-content\\\/uploads\\\/2019\\\/04\\\/noc_muzei_www.jpg\",\"datePublished\":\"2019-04-24T13:02:44+00:00\",\"breadcrumb\":{\"@id\":\"https:\\\/\\\/pmza.sk\\\/?p=33204#breadcrumb\"},\"inLanguage\":\"sk-SK\",\"potentialAction\":[{\"@type\":\"ReadAction\",\"target\":[\"https:\\\/\\\/pmza.sk\\\/?p=33204\"]}]},{\"@type\":\"ImageObject\",\"inLanguage\":\"sk-SK\",\"@id\":\"https:\\\/\\\/pmza.sk\\\/?p=33204#primaryimage\",\"url\":\"https:\\\/\\\/pmza.sk\\\/wp-content\\\/uploads\\\/2019\\\/04\\\/noc_muzei_www.jpg\",\"contentUrl\":\"https:\\\/\\\/pmza.sk\\\/wp-content\\\/uploads\\\/2019\\\/04\\\/noc_muzei_www.jpg\",\"width\":566,\"height\":800},{\"@type\":\"BreadcrumbList\",\"@id\":\"https:\\\/\\\/pmza.sk\\\/?p=33204#breadcrumb\",\"itemListElement\":[{\"@type\":\"ListItem\",\"position\":1,\"name\":\"Domovsk\u00e1 str\u00e1nka\",\"item\":\"https:\\\/\\\/pmza.sk\\\/\"},{\"@type\":\"ListItem\",\"position\":2,\"name\":\"\u0160peci\u00e1lna ve\u010dern\u00e1 prehliadka na hrade Stre\u010dno\"}]},{\"@type\":\"WebSite\",\"@id\":\"https:\\\/\\\/pmza.sk\\\/#website\",\"url\":\"https:\\\/\\\/pmza.sk\\\/\",\"name\":\"Pova\u017esk\u00e9 m\u00fazeum\",\"description\":\"Pova\u017esk\u00e9 m\u00fazeum v \u017diline je region\u00e1lne m\u00fazeum so s\u00eddlom v Budat\u00edne. Jeho expoz\u00edcie s\u00fa zameran\u00e9 na dejiny slovensk\u00e9ho umenia, kult\u00fary a dopravy.\",\"publisher\":{\"@id\":\"https:\\\/\\\/pmza.sk\\\/#organization\"},\"potentialAction\":[{\"@type\":\"SearchAction\",\"target\":{\"@type\":\"EntryPoint\",\"urlTemplate\":\"https:\\\/\\\/pmza.sk\\\/?s={search_term_string}\"},\"query-input\":{\"@type\":\"PropertyValueSpecification\",\"valueRequired\":true,\"valueName\":\"search_term_string\"}}],\"inLanguage\":\"sk-SK\"},{\"@type\":\"Organization\",\"@id\":\"https:\\\/\\\/pmza.sk\\\/#organization\",\"name\":\"Pova\u017esk\u00e9 m\u00fazeum\",\"url\":\"https:\\\/\\\/pmza.sk\\\/\",\"logo\":{\"@type\":\"ImageObject\",\"inLanguage\":\"sk-SK\",\"@id\":\"https:\\\/\\\/pmza.sk\\\/#\\\/schema\\\/logo\\\/image\\\/\",\"url\":\"https:\\\/\\\/pmza.sk\\\/wp-content\\\/uploads\\\/2022\\\/01\\\/logo_PM_horizontal.jpg\",\"contentUrl\":\"https:\\\/\\\/pmza.sk\\\/wp-content\\\/uploads\\\/2022\\\/01\\\/logo_PM_horizontal.jpg\",\"width\":231,\"height\":142,\"caption\":\"Pova\u017esk\u00e9 m\u00fazeum\"},\"image\":{\"@id\":\"https:\\\/\\\/pmza.sk\\\/#\\\/schema\\\/logo\\\/image\\\/\"},\"sameAs\":[\"https:\\\/\\\/www.facebook.com\\\/povazskemuzeum\",\"https:\\\/\\\/www.instagram.com\\\/povazskemuzeum\\\/\"]},{\"@type\":\"Person\",\"@id\":\"https:\\\/\\\/pmza.sk\\\/#\\\/schema\\\/person\\\/595e6a2ce731ea94dcd5d7f50a41ae33\",\"name\":\"Pova\u017esk\u00e9 m\u00fazeum\",\"image\":{\"@type\":\"ImageObject\",\"inLanguage\":\"sk-SK\",\"@id\":\"https:\\\/\\\/secure.gravatar.com\\\/avatar\\\/2bb7f1561282132fb5826dfeccc66c7996d11ee392ac6aaf7ced8a1c2027fbb2?s=96&d=mm&r=g\",\"url\":\"https:\\\/\\\/secure.gravatar.com\\\/avatar\\\/2bb7f1561282132fb5826dfeccc66c7996d11ee392ac6aaf7ced8a1c2027fbb2?s=96&d=mm&r=g\",\"contentUrl\":\"https:\\\/\\\/secure.gravatar.com\\\/avatar\\\/2bb7f1561282132fb5826dfeccc66c7996d11ee392ac6aaf7ced8a1c2027fbb2?s=96&d=mm&r=g\",\"caption\":\"Pova\u017esk\u00e9 m\u00fazeum\"}}]}<\/script>\n<!-- \/ Yoast SEO plugin. -->","yoast_head_json":{"title":"\u0160peci\u00e1lna ve\u010dern\u00e1 prehliadka na hrade Stre\u010dno - Pova\u017esk\u00e9 m\u00fazeum","robots":{"index":"index","follow":"follow","max-snippet":"max-snippet:-1","max-image-preview":"max-image-preview:large","max-video-preview":"max-video-preview:-1"},"canonical":"https:\/\/pmza.sk\/?p=33204","og_locale":"sk_SK","og_type":"article","og_title":"\u0160peci\u00e1lna ve\u010dern\u00e1 prehliadka na hrade Stre\u010dno - Pova\u017esk\u00e9 m\u00fazeum","og_description":"Noc m\u00faze\u00ed a\u00a0gal\u00e9ri\u00ed je podujatie, ktor\u00e9 ka\u017edoro\u010dne dovo\u013euje n\u00e1v\u0161tevn\u00edkom nahliadnu\u0165 do z\u00e1kulisia ob\u013e\u00faben\u00fdch kult\u00farnych in\u0161tit\u00faci\u00ed po celom Slovensku. Zastre\u0161uje ho Zv\u00e4z m\u00faze\u00ed a\u00a0gal\u00e9ri\u00ed na Slovensku a\u00a0jeho cie\u013eom je prinies\u0165 n\u00e1v\u0161tevn\u00edkom jedine\u010dn\u00fa mo\u017enos\u0165 vidie\u0165 expoz\u00edcie a\u00a0v\u00fdstavy vo ve\u010dern\u00fdch a\u00a0no\u010dn\u00fdch hodin\u00e1ch. Pri tejto pr\u00edle\u017eitosti pripravilo Pova\u017esk\u00e9 m\u00fazeum v\u00a0\u017diline na hrade Stre\u010dno \u0161peci\u00e1lne ve\u010dern\u00e9 prehliadky. V\u00a0sobotu 18. m\u00e1ja [&hellip;]","og_url":"https:\/\/pmza.sk\/?p=33204","og_site_name":"Pova\u017esk\u00e9 m\u00fazeum","article_publisher":"https:\/\/www.facebook.com\/povazskemuzeum","article_published_time":"2019-04-24T13:02:44+00:00","og_image":[{"width":566,"height":800,"url":"https:\/\/pmza.sk\/wp-content\/uploads\/2019\/04\/noc_muzei_www.jpg","type":"image\/jpeg"}],"author":"Pova\u017esk\u00e9 m\u00fazeum","twitter_card":"summary_large_image","twitter_misc":{"Autor":"Pova\u017esk\u00e9 m\u00fazeum","Predpokladan\u00fd \u010das \u010d\u00edtania":"1 min\u00fata"},"schema":{"@context":"https:\/\/schema.org","@graph":[{"@type":"Article","@id":"https:\/\/pmza.sk\/?p=33204#article","isPartOf":{"@id":"https:\/\/pmza.sk\/?p=33204"},"author":{"name":"Pova\u017esk\u00e9 m\u00fazeum","@id":"https:\/\/pmza.sk\/#\/schema\/person\/595e6a2ce731ea94dcd5d7f50a41ae33"},"headline":"\u0160peci\u00e1lna ve\u010dern\u00e1 prehliadka na hrade Stre\u010dno","datePublished":"2019-04-24T13:02:44+00:00","mainEntityOfPage":{"@id":"https:\/\/pmza.sk\/?p=33204"},"wordCount":265,"publisher":{"@id":"https:\/\/pmza.sk\/#organization"},"image":{"@id":"https:\/\/pmza.sk\/?p=33204#primaryimage"},"thumbnailUrl":"https:\/\/pmza.sk\/wp-content\/uploads\/2019\/04\/noc_muzei_www.jpg","articleSection":["Aktuality"],"inLanguage":"sk-SK"},{"@type":"WebPage","@id":"https:\/\/pmza.sk\/?p=33204","url":"https:\/\/pmza.sk\/?p=33204","name":"\u0160peci\u00e1lna ve\u010dern\u00e1 prehliadka na hrade Stre\u010dno - Pova\u017esk\u00e9 m\u00fazeum","isPartOf":{"@id":"https:\/\/pmza.sk\/#website"},"primaryImageOfPage":{"@id":"https:\/\/pmza.sk\/?p=33204#primaryimage"},"image":{"@id":"https:\/\/pmza.sk\/?p=33204#primaryimage"},"thumbnailUrl":"https:\/\/pmza.sk\/wp-content\/uploads\/2019\/04\/noc_muzei_www.jpg","datePublished":"2019-04-24T13:02:44+00:00","breadcrumb":{"@id":"https:\/\/pmza.sk\/?p=33204#breadcrumb"},"inLanguage":"sk-SK","potentialAction":[{"@type":"ReadAction","target":["https:\/\/pmza.sk\/?p=33204"]}]},{"@type":"ImageObject","inLanguage":"sk-SK","@id":"https:\/\/pmza.sk\/?p=33204#primaryimage","url":"https:\/\/pmza.sk\/wp-content\/uploads\/2019\/04\/noc_muzei_www.jpg","contentUrl":"https:\/\/pmza.sk\/wp-content\/uploads\/2019\/04\/noc_muzei_www.jpg","width":566,"height":800},{"@type":"BreadcrumbList","@id":"https:\/\/pmza.sk\/?p=33204#breadcrumb","itemListElement":[{"@type":"ListItem","position":1,"name":"Domovsk\u00e1 str\u00e1nka","item":"https:\/\/pmza.sk\/"},{"@type":"ListItem","position":2,"name":"\u0160peci\u00e1lna ve\u010dern\u00e1 prehliadka na hrade Stre\u010dno"}]},{"@type":"WebSite","@id":"https:\/\/pmza.sk\/#website","url":"https:\/\/pmza.sk\/","name":"Pova\u017esk\u00e9 m\u00fazeum","description":"Pova\u017esk\u00e9 m\u00fazeum v \u017diline je region\u00e1lne m\u00fazeum so s\u00eddlom v Budat\u00edne. Jeho expoz\u00edcie s\u00fa zameran\u00e9 na dejiny slovensk\u00e9ho umenia, kult\u00fary a dopravy.","publisher":{"@id":"https:\/\/pmza.sk\/#organization"},"potentialAction":[{"@type":"SearchAction","target":{"@type":"EntryPoint","urlTemplate":"https:\/\/pmza.sk\/?s={search_term_string}"},"query-input":{"@type":"PropertyValueSpecification","valueRequired":true,"valueName":"search_term_string"}}],"inLanguage":"sk-SK"},{"@type":"Organization","@id":"https:\/\/pmza.sk\/#organization","name":"Pova\u017esk\u00e9 m\u00fazeum","url":"https:\/\/pmza.sk\/","logo":{"@type":"ImageObject","inLanguage":"sk-SK","@id":"https:\/\/pmza.sk\/#\/schema\/logo\/image\/","url":"https:\/\/pmza.sk\/wp-content\/uploads\/2022\/01\/logo_PM_horizontal.jpg","contentUrl":"https:\/\/pmza.sk\/wp-content\/uploads\/2022\/01\/logo_PM_horizontal.jpg","width":231,"height":142,"caption":"Pova\u017esk\u00e9 m\u00fazeum"},"image":{"@id":"https:\/\/pmza.sk\/#\/schema\/logo\/image\/"},"sameAs":["https:\/\/www.facebook.com\/povazskemuzeum","https:\/\/www.instagram.com\/povazskemuzeum\/"]},{"@type":"Person","@id":"https:\/\/pmza.sk\/#\/schema\/person\/595e6a2ce731ea94dcd5d7f50a41ae33","name":"Pova\u017esk\u00e9 m\u00fazeum","image":{"@type":"ImageObject","inLanguage":"sk-SK","@id":"https:\/\/secure.gravatar.com\/avatar\/2bb7f1561282132fb5826dfeccc66c7996d11ee392ac6aaf7ced8a1c2027fbb2?s=96&d=mm&r=g","url":"https:\/\/secure.gravatar.com\/avatar\/2bb7f1561282132fb5826dfeccc66c7996d11ee392ac6aaf7ced8a1c2027fbb2?s=96&d=mm&r=g","contentUrl":"https:\/\/secure.gravatar.com\/avatar\/2bb7f1561282132fb5826dfeccc66c7996d11ee392ac6aaf7ced8a1c2027fbb2?s=96&d=mm&r=g","caption":"Pova\u017esk\u00e9 m\u00fazeum"}}]}},"_links":{"self":[{"href":"https:\/\/pmza.sk\/index.php?rest_route=\/wp\/v2\/posts\/33204","targetHints":{"allow":["GET"]}}],"collection":[{"href":"https:\/\/pmza.sk\/index.php?rest_route=\/wp\/v2\/posts"}],"about":[{"href":"https:\/\/pmza.sk\/index.php?rest_route=\/wp\/v2\/types\/post"}],"author":[{"embeddable":true,"href":"https:\/\/pmza.sk\/index.php?rest_route=\/wp\/v2\/users\/2"}],"replies":[{"embeddable":true,"href":"https:\/\/pmza.sk\/index.php?rest_route=%2Fwp%2Fv2%2Fcomments&post=33204"}],"version-history":[{"count":0,"href":"https:\/\/pmza.sk\/index.php?rest_route=\/wp\/v2\/posts\/33204\/revisions"}],"wp:featuredmedia":[{"embeddable":true,"href":"https:\/\/pmza.sk\/index.php?rest_route=\/wp\/v2\/media\/33205"}],"wp:attachment":[{"href":"https:\/\/pmza.sk\/index.php?rest_route=%2Fwp%2Fv2%2Fmedia&parent=33204"}],"wp:term":[{"taxonomy":"category","embeddable":true,"href":"https:\/\/pmza.sk\/index.php?rest_route=%2Fwp%2Fv2%2Fcategories&post=33204"},{"taxonomy":"post_tag","embeddable":true,"href":"https:\/\/pmza.sk\/index.php?rest_route=%2Fwp%2Fv2%2Ftags&post=33204"}],"curies":[{"name":"wp","href":"https:\/\/api.w.org\/{rel}","templated":true}]}}