{"id":33493,"date":"2019-05-06T09:38:24","date_gmt":"2019-05-06T07:38:24","guid":{"rendered":"https:\/\/pmza.sk\/?p=33493"},"modified":"2023-11-30T07:36:12","modified_gmt":"2023-11-30T06:36:12","slug":"poklad","status":"publish","type":"post","link":"https:\/\/pmza.sk\/?p=33493","title":{"rendered":"Konzerv\u00e1tor z PMZA re\u0161tauroval n\u00e1dobu s pokladom"},"content":{"rendered":"<p style=\"text-align: left;\">Koncom marca na\u0161li man\u017eelia z\u00a0Liptova v\u00a0obci Likavka poklad. I\u0161lo o\u00a0me\u0161ec pln\u00fd minc\u00ed, star\u00fdch pribli\u017ene 500 rokov. Viac ako 1\u00a0600 kusov r\u00f4znych strieborn\u00fdch i\u00a0zlat\u00fdch minc\u00ed bolo ulo\u017een\u00fdch v\u00a0d\u017eb\u00e1ne tesne pod povrchom zeme. N\u00e1lezcovia informovali Krajsk\u00fd pamiatkov\u00fd \u00farad v\u00a0\u017diline a\u00a0v\u00a0tomto \u010dase prebiehaj\u00fa re\u0161taur\u00e1torsk\u00e9 pr\u00e1ce. Odborn\u00e9 \u010distenie minc\u00ed vykon\u00e1va Mgr. Martin Furman, PhD. z Krajsk\u00e9ho pamiatkov\u00e9ho \u00faradu \u017dilina.<\/p>\n<p>N\u00e1dobu, v\u00a0ktorej sa poklad na\u0161iel, re\u0161tauroval konzerv\u00e1tor keramiky Michael Daskalakis z\u00a0Pova\u017esk\u00e9ho m\u00fazea v\u00a0\u017diline. Pod\u013ea neho poch\u00e1dza pribli\u017ene zo 16. storo\u010dia a\u00a0je teda mlad\u0161ia ako samotn\u00e9 mince, ktor\u00e9 mo\u017eno datova\u0165 do konca 15. storo\u010dia. \u00a0\u201eN\u00e1doba je vyroben\u00e1 vo ve\u013emi dobrej kvalite, hoci ide o\u00a0oby\u010dajn\u00fa \u00fa\u017eitkov\u00fa keramiku. Mysl\u00edm si, \u017ee to bolo aj z\u00e1merom toho, kto poklad do zeme ukryl, aby zbyto\u010dne nep\u00fatal pozornos\u0165 okolia. Je v\u0161ak pravdepodobn\u00e9, \u017ee bola zni\u010den\u00e1 kr\u00e1tko po zakopan\u00ed, preto\u017ee hrany \u010drep\u00edn s\u00fa dos\u0165 tup\u00e9. Ke\u010f\u017ee bola ulo\u017een\u00e1 len v\u00a0h\u013abke asi 30 cm, mohla by\u0165 n\u00e1hodne po\u0161koden\u00e1 nejak\u00fdm zviera\u0165om.\u201c prezradil M. Daskalakis. Pr\u00e1ce mu trvali asi 3 dni. \u00a0\u201eNajprv som jednotliv\u00e9 k\u00fasky o\u010distil, zis\u0165oval som, ako sa k\u00a0sebe hodia a\u00a0potom som za\u010dal s\u00a0lepen\u00edm. Ja re\u0161taurujem tak, aby bolo vidite\u013en\u00e9, ktor\u00e1 \u010das\u0165 je nov\u00e1 a\u00a0ktor\u00e1 star\u00e1. Zauj\u00edmav\u00e9 je, \u017ee glaz\u00fara na tejto n\u00e1dobe bola jednou z\u00a0prv\u00fdch, ktor\u00e9 sa za\u010dali v\u00a0tom \u010dase op\u00e4\u0165 \u00a0pou\u017e\u00edva\u0165 na na\u0161om \u00fazem\u00ed. Glaz\u00farovan\u00fd bol len okraj, \u010do malo spo\u010diatku okrasn\u00fd, nesk\u00f4r o\u010dis\u0165uj\u00faci efekt. Pre n\u00e1\u0161 regi\u00f3n je tento n\u00e1lez ve\u013emi vz\u00e1cny.\u201c pribl\u00ed\u017eil konzerv\u00e1tor.<\/p>\n<p>Michael Daskalakis pracuje v\u00a0Pova\u017eskom m\u00fazeu v\u00a0\u017diline u\u017e 19 rokov. Svoju diel\u0148u m\u00e1 \u00a0v\u00a0administrat\u00edvnej budove na hrade Stre\u010dno a\u00a0ka\u017ed\u00fd rok zre\u0161tauruje pribli\u017ene 40 \u2013 50 n\u00e1dob. Za najv\u00fdznamnej\u0161ie predmety, \u010do sa remesla, estetiky a\u00a0postupu vyp\u00e1lenia t\u00fdka, pova\u017euje amfory z\u00a0lu\u017eickej kult\u00fary. Moment\u00e1lne pracuje na archeologickej expoz\u00edcii, ktor\u00e1 bude tento rok vystaven\u00e1 na Budat\u00ednskom hrade. Svoju pr\u00e1cu m\u00e1 ve\u013emi r\u00e1d: \u201eJe to ak\u00e1si \u017eivotn\u00e1 l\u00ednia, ktor\u00e1 sa so mnou \u0165ah\u00e1 u\u017e od mladosti. Ako 14- ro\u010dn\u00fd \u017eiak som pom\u00e1hal pri archeologick\u00fdch vykop\u00e1vkach a\u00a0najviac ma up\u00fatala pr\u00e1ve keramika. Ka\u017ed\u00fd \u010drep je pre m\u0148a nov\u00e1 v\u00fdzva.\u201c<\/p>\n<p>N\u00e1doba, v\u00a0ktorej sa na\u0161iel cenn\u00fd poklad, bude ulo\u017een\u00e1 v\u00a0Liptovskom m\u00fazeu v\u00a0Ru\u017eomberku.<\/p>\n<p><img fetchpriority=\"high\" decoding=\"async\" class=\"size-thumbnail wp-image-33495 alignleft\" src=\"https:\/\/pmza.sk\/wp-content\/uploads\/2019\/05\/DSC00016-475x300.jpg\" alt=\"\" width=\"475\" height=\"300\" \/>\u00a0<img decoding=\"async\" class=\"size-thumbnail wp-image-33496 alignleft\" src=\"https:\/\/pmza.sk\/wp-content\/uploads\/2019\/05\/DSC00017-475x300.jpg\" alt=\"\" width=\"475\" height=\"300\" \/><\/p>\n<p><img decoding=\"async\" class=\"size-thumbnail wp-image-33494 alignleft\" src=\"https:\/\/pmza.sk\/wp-content\/uploads\/2019\/05\/DSC00028-475x300.jpg\" alt=\"\" width=\"475\" height=\"300\" \/><\/p>\n<p><img loading=\"lazy\" decoding=\"async\" class=\"size-thumbnail wp-image-33498 alignleft\" src=\"https:\/\/pmza.sk\/wp-content\/uploads\/2019\/05\/DSC00029-475x300.jpg\" alt=\"\" width=\"475\" height=\"300\" \/><\/p>\n<p>&nbsp;<\/p>\n<p>&nbsp;<\/p>\n","protected":false},"excerpt":{"rendered":"<p>Koncom marca na\u0161li man\u017eelia z\u00a0Liptova v\u00a0obci Likavka poklad. I\u0161lo o\u00a0me\u0161ec pln\u00fd minc\u00ed, star\u00fdch pribli\u017ene 500 rokov. Viac ako 1\u00a0600 kusov r\u00f4znych strieborn\u00fdch i\u00a0zlat\u00fdch minc\u00ed bolo ulo\u017een\u00fdch v\u00a0d\u017eb\u00e1ne tesne pod povrchom zeme. N\u00e1lezcovia informovali Krajsk\u00fd pamiatkov\u00fd \u00farad v\u00a0\u017diline a\u00a0v\u00a0tomto \u010dase prebiehaj\u00fa re\u0161taur\u00e1torsk\u00e9 pr\u00e1ce. Odborn\u00e9 \u010distenie minc\u00ed vykon\u00e1va Mgr. Martin Furman, PhD. z Krajsk\u00e9ho pamiatkov\u00e9ho \u00faradu \u017dilina. [&hellip;]<\/p>\n","protected":false},"author":2,"featured_media":33494,"comment_status":"closed","ping_status":"closed","sticky":false,"template":"","format":"standard","meta":{"site-sidebar-layout":"default","site-content-layout":"default","ast-site-content-layout":"","site-content-style":"default","site-sidebar-style":"default","ast-global-header-display":"","ast-banner-title-visibility":"","ast-main-header-display":"","ast-hfb-above-header-display":"","ast-hfb-below-header-display":"","ast-hfb-mobile-header-display":"","site-post-title":"","ast-breadcrumbs-content":"","ast-featured-img":"","footer-sml-layout":"","theme-transparent-header-meta":"default","adv-header-id-meta":"","stick-header-meta":"default","header-above-stick-meta":"","header-main-stick-meta":"","header-below-stick-meta":"","astra-migrate-meta-layouts":"default","ast-page-background-enabled":"default","ast-page-background-meta":{"desktop":{"background-color":"var(--ast-global-color-4)","background-image":"","background-repeat":"repeat","background-position":"center center","background-size":"auto","background-attachment":"scroll","background-type":"","background-media":"","overlay-type":"","overlay-color":"","overlay-opacity":"","overlay-gradient":""},"tablet":{"background-color":"","background-image":"","background-repeat":"repeat","background-position":"center center","background-size":"auto","background-attachment":"scroll","background-type":"","background-media":"","overlay-type":"","overlay-color":"","overlay-opacity":"","overlay-gradient":""},"mobile":{"background-color":"","background-image":"","background-repeat":"repeat","background-position":"center center","background-size":"auto","background-attachment":"scroll","background-type":"","background-media":"","overlay-type":"","overlay-color":"","overlay-opacity":"","overlay-gradient":""}},"ast-content-background-meta":{"desktop":{"background-color":"var(--ast-global-color-5)","background-image":"","background-repeat":"repeat","background-position":"center center","background-size":"auto","background-attachment":"scroll","background-type":"","background-media":"","overlay-type":"","overlay-color":"","overlay-opacity":"","overlay-gradient":""},"tablet":{"background-color":"var(--ast-global-color-5)","background-image":"","background-repeat":"repeat","background-position":"center center","background-size":"auto","background-attachment":"scroll","background-type":"","background-media":"","overlay-type":"","overlay-color":"","overlay-opacity":"","overlay-gradient":""},"mobile":{"background-color":"var(--ast-global-color-5)","background-image":"","background-repeat":"repeat","background-position":"center center","background-size":"auto","background-attachment":"scroll","background-type":"","background-media":"","overlay-type":"","overlay-color":"","overlay-opacity":"","overlay-gradient":""}},"footnotes":""},"categories":[31],"tags":[],"class_list":["post-33493","post","type-post","status-publish","format-standard","has-post-thumbnail","hentry","category-aktuality"],"yoast_head":"<!-- This site is optimized with the Yoast SEO plugin v27.4 - https:\/\/yoast.com\/product\/yoast-seo-wordpress\/ -->\n<title>Konzerv\u00e1tor z PMZA re\u0161tauroval n\u00e1dobu s pokladom - Pova\u017esk\u00e9 m\u00fazeum<\/title>\n<meta name=\"robots\" content=\"index, follow, max-snippet:-1, max-image-preview:large, max-video-preview:-1\" \/>\n<link rel=\"canonical\" href=\"https:\/\/pmza.sk\/?p=33493\" \/>\n<meta property=\"og:locale\" content=\"sk_SK\" \/>\n<meta property=\"og:type\" content=\"article\" \/>\n<meta property=\"og:title\" content=\"Konzerv\u00e1tor z PMZA re\u0161tauroval n\u00e1dobu s pokladom - Pova\u017esk\u00e9 m\u00fazeum\" \/>\n<meta property=\"og:description\" content=\"Koncom marca na\u0161li man\u017eelia z\u00a0Liptova v\u00a0obci Likavka poklad. I\u0161lo o\u00a0me\u0161ec pln\u00fd minc\u00ed, star\u00fdch pribli\u017ene 500 rokov. Viac ako 1\u00a0600 kusov r\u00f4znych strieborn\u00fdch i\u00a0zlat\u00fdch minc\u00ed bolo ulo\u017een\u00fdch v\u00a0d\u017eb\u00e1ne tesne pod povrchom zeme. N\u00e1lezcovia informovali Krajsk\u00fd pamiatkov\u00fd \u00farad v\u00a0\u017diline a\u00a0v\u00a0tomto \u010dase prebiehaj\u00fa re\u0161taur\u00e1torsk\u00e9 pr\u00e1ce. Odborn\u00e9 \u010distenie minc\u00ed vykon\u00e1va Mgr. Martin Furman, PhD. z Krajsk\u00e9ho pamiatkov\u00e9ho \u00faradu \u017dilina. [&hellip;]\" \/>\n<meta property=\"og:url\" content=\"https:\/\/pmza.sk\/?p=33493\" \/>\n<meta property=\"og:site_name\" content=\"Pova\u017esk\u00e9 m\u00fazeum\" \/>\n<meta property=\"article:publisher\" content=\"https:\/\/www.facebook.com\/povazskemuzeum\" \/>\n<meta property=\"article:published_time\" content=\"2019-05-06T07:38:24+00:00\" \/>\n<meta property=\"article:modified_time\" content=\"2023-11-30T06:36:12+00:00\" \/>\n<meta property=\"og:image\" content=\"https:\/\/pmza.sk\/wp-content\/uploads\/2019\/05\/DSC00028.jpg\" \/>\n\t<meta property=\"og:image:width\" content=\"1024\" \/>\n\t<meta property=\"og:image:height\" content=\"768\" \/>\n\t<meta property=\"og:image:type\" content=\"image\/jpeg\" \/>\n<meta name=\"author\" content=\"Pova\u017esk\u00e9 m\u00fazeum\" \/>\n<meta name=\"twitter:card\" content=\"summary_large_image\" \/>\n<meta name=\"twitter:label1\" content=\"Autor\" \/>\n\t<meta name=\"twitter:data1\" content=\"Pova\u017esk\u00e9 m\u00fazeum\" \/>\n\t<meta name=\"twitter:label2\" content=\"Predpokladan\u00fd \u010das \u010d\u00edtania\" \/>\n\t<meta name=\"twitter:data2\" content=\"2 min\u00faty\" \/>\n<script type=\"application\/ld+json\" class=\"yoast-schema-graph\">{\"@context\":\"https:\\\/\\\/schema.org\",\"@graph\":[{\"@type\":\"Article\",\"@id\":\"https:\\\/\\\/pmza.sk\\\/?p=33493#article\",\"isPartOf\":{\"@id\":\"https:\\\/\\\/pmza.sk\\\/?p=33493\"},\"author\":{\"name\":\"Pova\u017esk\u00e9 m\u00fazeum\",\"@id\":\"https:\\\/\\\/pmza.sk\\\/#\\\/schema\\\/person\\\/595e6a2ce731ea94dcd5d7f50a41ae33\"},\"headline\":\"Konzerv\u00e1tor z PMZA re\u0161tauroval n\u00e1dobu s pokladom\",\"datePublished\":\"2019-05-06T07:38:24+00:00\",\"dateModified\":\"2023-11-30T06:36:12+00:00\",\"mainEntityOfPage\":{\"@id\":\"https:\\\/\\\/pmza.sk\\\/?p=33493\"},\"wordCount\":476,\"publisher\":{\"@id\":\"https:\\\/\\\/pmza.sk\\\/#organization\"},\"image\":{\"@id\":\"https:\\\/\\\/pmza.sk\\\/?p=33493#primaryimage\"},\"thumbnailUrl\":\"https:\\\/\\\/pmza.sk\\\/wp-content\\\/uploads\\\/2019\\\/05\\\/DSC00028.jpg\",\"articleSection\":[\"Aktuality\"],\"inLanguage\":\"sk-SK\"},{\"@type\":\"WebPage\",\"@id\":\"https:\\\/\\\/pmza.sk\\\/?p=33493\",\"url\":\"https:\\\/\\\/pmza.sk\\\/?p=33493\",\"name\":\"Konzerv\u00e1tor z PMZA re\u0161tauroval n\u00e1dobu s pokladom - Pova\u017esk\u00e9 m\u00fazeum\",\"isPartOf\":{\"@id\":\"https:\\\/\\\/pmza.sk\\\/#website\"},\"primaryImageOfPage\":{\"@id\":\"https:\\\/\\\/pmza.sk\\\/?p=33493#primaryimage\"},\"image\":{\"@id\":\"https:\\\/\\\/pmza.sk\\\/?p=33493#primaryimage\"},\"thumbnailUrl\":\"https:\\\/\\\/pmza.sk\\\/wp-content\\\/uploads\\\/2019\\\/05\\\/DSC00028.jpg\",\"datePublished\":\"2019-05-06T07:38:24+00:00\",\"dateModified\":\"2023-11-30T06:36:12+00:00\",\"breadcrumb\":{\"@id\":\"https:\\\/\\\/pmza.sk\\\/?p=33493#breadcrumb\"},\"inLanguage\":\"sk-SK\",\"potentialAction\":[{\"@type\":\"ReadAction\",\"target\":[\"https:\\\/\\\/pmza.sk\\\/?p=33493\"]}]},{\"@type\":\"ImageObject\",\"inLanguage\":\"sk-SK\",\"@id\":\"https:\\\/\\\/pmza.sk\\\/?p=33493#primaryimage\",\"url\":\"https:\\\/\\\/pmza.sk\\\/wp-content\\\/uploads\\\/2019\\\/05\\\/DSC00028.jpg\",\"contentUrl\":\"https:\\\/\\\/pmza.sk\\\/wp-content\\\/uploads\\\/2019\\\/05\\\/DSC00028.jpg\",\"width\":1024,\"height\":768},{\"@type\":\"BreadcrumbList\",\"@id\":\"https:\\\/\\\/pmza.sk\\\/?p=33493#breadcrumb\",\"itemListElement\":[{\"@type\":\"ListItem\",\"position\":1,\"name\":\"Domovsk\u00e1 str\u00e1nka\",\"item\":\"https:\\\/\\\/pmza.sk\\\/\"},{\"@type\":\"ListItem\",\"position\":2,\"name\":\"Konzerv\u00e1tor z PMZA re\u0161tauroval n\u00e1dobu s pokladom\"}]},{\"@type\":\"WebSite\",\"@id\":\"https:\\\/\\\/pmza.sk\\\/#website\",\"url\":\"https:\\\/\\\/pmza.sk\\\/\",\"name\":\"Pova\u017esk\u00e9 m\u00fazeum\",\"description\":\"Pova\u017esk\u00e9 m\u00fazeum v \u017diline je region\u00e1lne m\u00fazeum so s\u00eddlom v Budat\u00edne. Jeho expoz\u00edcie s\u00fa zameran\u00e9 na dejiny slovensk\u00e9ho umenia, kult\u00fary a dopravy.\",\"publisher\":{\"@id\":\"https:\\\/\\\/pmza.sk\\\/#organization\"},\"potentialAction\":[{\"@type\":\"SearchAction\",\"target\":{\"@type\":\"EntryPoint\",\"urlTemplate\":\"https:\\\/\\\/pmza.sk\\\/?s={search_term_string}\"},\"query-input\":{\"@type\":\"PropertyValueSpecification\",\"valueRequired\":true,\"valueName\":\"search_term_string\"}}],\"inLanguage\":\"sk-SK\"},{\"@type\":\"Organization\",\"@id\":\"https:\\\/\\\/pmza.sk\\\/#organization\",\"name\":\"Pova\u017esk\u00e9 m\u00fazeum\",\"url\":\"https:\\\/\\\/pmza.sk\\\/\",\"logo\":{\"@type\":\"ImageObject\",\"inLanguage\":\"sk-SK\",\"@id\":\"https:\\\/\\\/pmza.sk\\\/#\\\/schema\\\/logo\\\/image\\\/\",\"url\":\"https:\\\/\\\/pmza.sk\\\/wp-content\\\/uploads\\\/2022\\\/01\\\/logo_PM_horizontal.jpg\",\"contentUrl\":\"https:\\\/\\\/pmza.sk\\\/wp-content\\\/uploads\\\/2022\\\/01\\\/logo_PM_horizontal.jpg\",\"width\":231,\"height\":142,\"caption\":\"Pova\u017esk\u00e9 m\u00fazeum\"},\"image\":{\"@id\":\"https:\\\/\\\/pmza.sk\\\/#\\\/schema\\\/logo\\\/image\\\/\"},\"sameAs\":[\"https:\\\/\\\/www.facebook.com\\\/povazskemuzeum\",\"https:\\\/\\\/www.instagram.com\\\/povazskemuzeum\\\/\"]},{\"@type\":\"Person\",\"@id\":\"https:\\\/\\\/pmza.sk\\\/#\\\/schema\\\/person\\\/595e6a2ce731ea94dcd5d7f50a41ae33\",\"name\":\"Pova\u017esk\u00e9 m\u00fazeum\",\"image\":{\"@type\":\"ImageObject\",\"inLanguage\":\"sk-SK\",\"@id\":\"https:\\\/\\\/secure.gravatar.com\\\/avatar\\\/2bb7f1561282132fb5826dfeccc66c7996d11ee392ac6aaf7ced8a1c2027fbb2?s=96&d=mm&r=g\",\"url\":\"https:\\\/\\\/secure.gravatar.com\\\/avatar\\\/2bb7f1561282132fb5826dfeccc66c7996d11ee392ac6aaf7ced8a1c2027fbb2?s=96&d=mm&r=g\",\"contentUrl\":\"https:\\\/\\\/secure.gravatar.com\\\/avatar\\\/2bb7f1561282132fb5826dfeccc66c7996d11ee392ac6aaf7ced8a1c2027fbb2?s=96&d=mm&r=g\",\"caption\":\"Pova\u017esk\u00e9 m\u00fazeum\"}}]}<\/script>\n<!-- \/ Yoast SEO plugin. -->","yoast_head_json":{"title":"Konzerv\u00e1tor z PMZA re\u0161tauroval n\u00e1dobu s pokladom - Pova\u017esk\u00e9 m\u00fazeum","robots":{"index":"index","follow":"follow","max-snippet":"max-snippet:-1","max-image-preview":"max-image-preview:large","max-video-preview":"max-video-preview:-1"},"canonical":"https:\/\/pmza.sk\/?p=33493","og_locale":"sk_SK","og_type":"article","og_title":"Konzerv\u00e1tor z PMZA re\u0161tauroval n\u00e1dobu s pokladom - Pova\u017esk\u00e9 m\u00fazeum","og_description":"Koncom marca na\u0161li man\u017eelia z\u00a0Liptova v\u00a0obci Likavka poklad. I\u0161lo o\u00a0me\u0161ec pln\u00fd minc\u00ed, star\u00fdch pribli\u017ene 500 rokov. Viac ako 1\u00a0600 kusov r\u00f4znych strieborn\u00fdch i\u00a0zlat\u00fdch minc\u00ed bolo ulo\u017een\u00fdch v\u00a0d\u017eb\u00e1ne tesne pod povrchom zeme. N\u00e1lezcovia informovali Krajsk\u00fd pamiatkov\u00fd \u00farad v\u00a0\u017diline a\u00a0v\u00a0tomto \u010dase prebiehaj\u00fa re\u0161taur\u00e1torsk\u00e9 pr\u00e1ce. Odborn\u00e9 \u010distenie minc\u00ed vykon\u00e1va Mgr. Martin Furman, PhD. z Krajsk\u00e9ho pamiatkov\u00e9ho \u00faradu \u017dilina. [&hellip;]","og_url":"https:\/\/pmza.sk\/?p=33493","og_site_name":"Pova\u017esk\u00e9 m\u00fazeum","article_publisher":"https:\/\/www.facebook.com\/povazskemuzeum","article_published_time":"2019-05-06T07:38:24+00:00","article_modified_time":"2023-11-30T06:36:12+00:00","og_image":[{"width":1024,"height":768,"url":"https:\/\/pmza.sk\/wp-content\/uploads\/2019\/05\/DSC00028.jpg","type":"image\/jpeg"}],"author":"Pova\u017esk\u00e9 m\u00fazeum","twitter_card":"summary_large_image","twitter_misc":{"Autor":"Pova\u017esk\u00e9 m\u00fazeum","Predpokladan\u00fd \u010das \u010d\u00edtania":"2 min\u00faty"},"schema":{"@context":"https:\/\/schema.org","@graph":[{"@type":"Article","@id":"https:\/\/pmza.sk\/?p=33493#article","isPartOf":{"@id":"https:\/\/pmza.sk\/?p=33493"},"author":{"name":"Pova\u017esk\u00e9 m\u00fazeum","@id":"https:\/\/pmza.sk\/#\/schema\/person\/595e6a2ce731ea94dcd5d7f50a41ae33"},"headline":"Konzerv\u00e1tor z PMZA re\u0161tauroval n\u00e1dobu s pokladom","datePublished":"2019-05-06T07:38:24+00:00","dateModified":"2023-11-30T06:36:12+00:00","mainEntityOfPage":{"@id":"https:\/\/pmza.sk\/?p=33493"},"wordCount":476,"publisher":{"@id":"https:\/\/pmza.sk\/#organization"},"image":{"@id":"https:\/\/pmza.sk\/?p=33493#primaryimage"},"thumbnailUrl":"https:\/\/pmza.sk\/wp-content\/uploads\/2019\/05\/DSC00028.jpg","articleSection":["Aktuality"],"inLanguage":"sk-SK"},{"@type":"WebPage","@id":"https:\/\/pmza.sk\/?p=33493","url":"https:\/\/pmza.sk\/?p=33493","name":"Konzerv\u00e1tor z PMZA re\u0161tauroval n\u00e1dobu s pokladom - Pova\u017esk\u00e9 m\u00fazeum","isPartOf":{"@id":"https:\/\/pmza.sk\/#website"},"primaryImageOfPage":{"@id":"https:\/\/pmza.sk\/?p=33493#primaryimage"},"image":{"@id":"https:\/\/pmza.sk\/?p=33493#primaryimage"},"thumbnailUrl":"https:\/\/pmza.sk\/wp-content\/uploads\/2019\/05\/DSC00028.jpg","datePublished":"2019-05-06T07:38:24+00:00","dateModified":"2023-11-30T06:36:12+00:00","breadcrumb":{"@id":"https:\/\/pmza.sk\/?p=33493#breadcrumb"},"inLanguage":"sk-SK","potentialAction":[{"@type":"ReadAction","target":["https:\/\/pmza.sk\/?p=33493"]}]},{"@type":"ImageObject","inLanguage":"sk-SK","@id":"https:\/\/pmza.sk\/?p=33493#primaryimage","url":"https:\/\/pmza.sk\/wp-content\/uploads\/2019\/05\/DSC00028.jpg","contentUrl":"https:\/\/pmza.sk\/wp-content\/uploads\/2019\/05\/DSC00028.jpg","width":1024,"height":768},{"@type":"BreadcrumbList","@id":"https:\/\/pmza.sk\/?p=33493#breadcrumb","itemListElement":[{"@type":"ListItem","position":1,"name":"Domovsk\u00e1 str\u00e1nka","item":"https:\/\/pmza.sk\/"},{"@type":"ListItem","position":2,"name":"Konzerv\u00e1tor z PMZA re\u0161tauroval n\u00e1dobu s pokladom"}]},{"@type":"WebSite","@id":"https:\/\/pmza.sk\/#website","url":"https:\/\/pmza.sk\/","name":"Pova\u017esk\u00e9 m\u00fazeum","description":"Pova\u017esk\u00e9 m\u00fazeum v \u017diline je region\u00e1lne m\u00fazeum so s\u00eddlom v Budat\u00edne. Jeho expoz\u00edcie s\u00fa zameran\u00e9 na dejiny slovensk\u00e9ho umenia, kult\u00fary a dopravy.","publisher":{"@id":"https:\/\/pmza.sk\/#organization"},"potentialAction":[{"@type":"SearchAction","target":{"@type":"EntryPoint","urlTemplate":"https:\/\/pmza.sk\/?s={search_term_string}"},"query-input":{"@type":"PropertyValueSpecification","valueRequired":true,"valueName":"search_term_string"}}],"inLanguage":"sk-SK"},{"@type":"Organization","@id":"https:\/\/pmza.sk\/#organization","name":"Pova\u017esk\u00e9 m\u00fazeum","url":"https:\/\/pmza.sk\/","logo":{"@type":"ImageObject","inLanguage":"sk-SK","@id":"https:\/\/pmza.sk\/#\/schema\/logo\/image\/","url":"https:\/\/pmza.sk\/wp-content\/uploads\/2022\/01\/logo_PM_horizontal.jpg","contentUrl":"https:\/\/pmza.sk\/wp-content\/uploads\/2022\/01\/logo_PM_horizontal.jpg","width":231,"height":142,"caption":"Pova\u017esk\u00e9 m\u00fazeum"},"image":{"@id":"https:\/\/pmza.sk\/#\/schema\/logo\/image\/"},"sameAs":["https:\/\/www.facebook.com\/povazskemuzeum","https:\/\/www.instagram.com\/povazskemuzeum\/"]},{"@type":"Person","@id":"https:\/\/pmza.sk\/#\/schema\/person\/595e6a2ce731ea94dcd5d7f50a41ae33","name":"Pova\u017esk\u00e9 m\u00fazeum","image":{"@type":"ImageObject","inLanguage":"sk-SK","@id":"https:\/\/secure.gravatar.com\/avatar\/2bb7f1561282132fb5826dfeccc66c7996d11ee392ac6aaf7ced8a1c2027fbb2?s=96&d=mm&r=g","url":"https:\/\/secure.gravatar.com\/avatar\/2bb7f1561282132fb5826dfeccc66c7996d11ee392ac6aaf7ced8a1c2027fbb2?s=96&d=mm&r=g","contentUrl":"https:\/\/secure.gravatar.com\/avatar\/2bb7f1561282132fb5826dfeccc66c7996d11ee392ac6aaf7ced8a1c2027fbb2?s=96&d=mm&r=g","caption":"Pova\u017esk\u00e9 m\u00fazeum"}}]}},"_links":{"self":[{"href":"https:\/\/pmza.sk\/index.php?rest_route=\/wp\/v2\/posts\/33493","targetHints":{"allow":["GET"]}}],"collection":[{"href":"https:\/\/pmza.sk\/index.php?rest_route=\/wp\/v2\/posts"}],"about":[{"href":"https:\/\/pmza.sk\/index.php?rest_route=\/wp\/v2\/types\/post"}],"author":[{"embeddable":true,"href":"https:\/\/pmza.sk\/index.php?rest_route=\/wp\/v2\/users\/2"}],"replies":[{"embeddable":true,"href":"https:\/\/pmza.sk\/index.php?rest_route=%2Fwp%2Fv2%2Fcomments&post=33493"}],"version-history":[{"count":0,"href":"https:\/\/pmza.sk\/index.php?rest_route=\/wp\/v2\/posts\/33493\/revisions"}],"wp:featuredmedia":[{"embeddable":true,"href":"https:\/\/pmza.sk\/index.php?rest_route=\/wp\/v2\/media\/33494"}],"wp:attachment":[{"href":"https:\/\/pmza.sk\/index.php?rest_route=%2Fwp%2Fv2%2Fmedia&parent=33493"}],"wp:term":[{"taxonomy":"category","embeddable":true,"href":"https:\/\/pmza.sk\/index.php?rest_route=%2Fwp%2Fv2%2Fcategories&post=33493"},{"taxonomy":"post_tag","embeddable":true,"href":"https:\/\/pmza.sk\/index.php?rest_route=%2Fwp%2Fv2%2Ftags&post=33493"}],"curies":[{"name":"wp","href":"https:\/\/api.w.org\/{rel}","templated":true}]}}