{"id":33539,"date":"2019-05-14T08:35:18","date_gmt":"2019-05-14T06:35:18","guid":{"rendered":"https:\/\/pmza.sk\/?p=33539"},"modified":"2019-05-14T08:35:18","modified_gmt":"2019-05-14T06:35:18","slug":"den-rodiny","status":"publish","type":"post","link":"https:\/\/pmza.sk\/?p=33539","title":{"rendered":"De\u0148 rodiny"},"content":{"rendered":"<p>V are\u00e1li Budat\u00ednskeho hradu sa bude kona\u0165 2. ro\u010dn\u00edk\u00a0 podujatia pre rodiny s de\u0165mi. Po\u010das d\u0148a pln\u00e9ho aktiv\u00edt sa spolo\u010dne zabavia v\u0161etky vekov\u00e9 kateg\u00f3rie. <\/p>\n<p>&nbsp;<\/p>\n<p><strong>Tla\u010dov\u00e1 spr\u00e1va \u017dilinsk\u00e9ho samospr\u00e1vneho kraja<\/strong><\/p>\n<p>\u017dilinsk\u00fd samospr\u00e1vny kraj sa i\u00a0tento rok pripoj\u00ed k oslav\u00e1m, ktor\u00e9 sa konaj\u00fa po celom svete pri pr\u00edle\u017eitosti Svetov\u00e9ho d\u0148a rodiny vyhl\u00e1sen\u00e9ho Organiz\u00e1ciou spojen\u00fdch n\u00e1rodov. De\u0148 rodiny s\u00a0atrakt\u00edvnym programom bude v\u00a0are\u00e1li Budat\u00ednskeho hradu v\u00a0nede\u013eu 19. m\u00e1ja.<\/p>\n<p>Tvoriv\u00e9 dielne a\u00a0aktivity pre rodiny s\u00a0de\u0165mi, bohat\u00fd kult\u00farny program, ale i\u00a0\u0161kola tanca, \u010di z\u00e1\u017eitkov\u00e9 aktivity so ps\u00edkmi s\u00fa pripraven\u00e9 pre n\u00e1v\u0161tevn\u00edkov v\u00a0are\u00e1li Budat\u00ednskeho parku od 14-tej hodiny. Na hlavnom p\u00f3diu sa predstav\u00ed v\u00ed\u0165az \u0161ou Zem spieva Martin Rep\u00e1\u0148, folkl\u00f3rny s\u00fabor Lieska zo \u017diliny, ale i\u00a0DorisDay Band \u010di Nebesk\u00e1 muzika. Novinkou bude premietanie kvalitn\u00fdch filmov vo V\u00fdchodnom pal\u00e1ci.<\/p>\n<p>Na detsk\u00fdch n\u00e1v\u0161tevn\u00edkov bud\u00fa v\u00a0are\u00e1li parku \u010daka\u0165 stanovi\u0161tia viac ako 10-tky neziskov\u00fdch organiz\u00e1ci\u00ed, ktor\u00e9 si pre nich pripravili z\u00e1bavn\u00e9 aktivity a\u00a0netradi\u010dn\u00e9 \u00falohy. \u00da\u010das\u0165 na nich si deti zazna\u010dia do mapky, ktor\u00fa ka\u017ed\u00e1 rodina dostane pri vstupe. Odmenou za splnenie ur\u010dit\u00e9ho po\u010dtu aktiv\u00edt bude sladk\u00fd dar\u010dek.<\/p>\n<p>Z\u00e1\u0161titu nad podujat\u00edm prevzala \u017eilinsk\u00e1 \u017eupanka Erika Jurinov\u00e1. <em>,,Od za\u010diatku sa prezentujeme ako kraj priate\u013esk\u00fd k\u00a0rodin\u00e1m. Sna\u017e\u00edme sa rodin\u00e1m vytv\u00e1ra\u0165 tak\u00e9 podmienky, aby bol pre nich \u017eivot v\u00a0na\u0161om kraji jedinou a\u00a0najlep\u0161ou vo\u013ebou. Zaviedli sme rodinn\u00e9 vstupn\u00e9 do na\u0161ich m\u00faze\u00ed a hradov, vybudovali sme detsk\u00e9 k\u00fatiky v\u00a0kult\u00farnych i v zdravotn\u00edckych zariadeniach, zru\u0161ili sme poplatky za p\u00f4rody v\u00a0\u017eupn\u00fdch nemocniciach, na pomoc rodin\u00e1m v\u00a0n\u00fadzi sme zriadili Nad\u00e1ciu \u017dSK a Centrum rodinnej podpory,\u201c <\/em>uviedla \u017eilinsk\u00e1 \u017eupanka Erika Jurinov\u00e1.<em> ,,Pokra\u010dovan\u00edm v\u00a0na\u0161ich pro-rodinn\u00fdch aktivit\u00e1ch je aj podujatie De\u0148 rodiny, ktor\u00e9 vlani pril\u00e1kalo do Budat\u00edna nieko\u013eko tis\u00edc n\u00e1v\u0161tevn\u00edkov. Chceme umo\u017eni\u0165 rodi\u010dom, star\u00fdm rodi\u010dom a\u00a0bl\u00edzkym na chv\u00ed\u013eku unikn\u00fa\u0165 od starost\u00ed, aby mohli spolo\u010dne str\u00e1vi\u0165 vz\u00e1cny \u010das a\u00a0zabavi\u0165 sa pri tom,\u201c<\/em> dodala \u017eupanka.<\/p>\n<p>Do pr\u00edpravy D\u0148a rodiny v\u00a0Budat\u00ednskom parku sa tento rok zapojilo i mesto \u017dilina.<em> ,,Ke\u010f\u017ee spolupr\u00e1ca \u017dilinskej \u017eupy a mesta \u017dilina je na ve\u013emi dobrej \u00farovni, rozhodli sme sa spoluorganizova\u0165 t\u00fato pro-rodinn\u00fa akciu pre rodiny s de\u0165mi. Je to prirodzen\u00e1 s\u00fa\u010das\u0165 n\u00e1\u0161ho spolo\u010dn\u00e9ho fungovania v \u017diline a tak radi prilo\u017e\u00edme ruku k dielu. Je to u\u017e v\u00a0porad\u00ed druh\u00fd ro\u010dn\u00edk a ver\u00edme, \u017ee \u013eudia bud\u00fa op\u00e4\u0165 spokojn\u00ed,\u201c<\/em> uzavrela Barbora Birnerov\u00e1, 2. z\u00e1stupky\u0148a prim\u00e1tora \u017diliny a\u00a0poslanky\u0148a \u017dSK.<\/p>\n<p>Na Dni rodiny v\u00a0Budat\u00ednskom parku spolupracuje \u017dilinsk\u00fd samospr\u00e1vny kraj, mesto \u017dilina, Krajsk\u00e9 kult\u00farne stredisko, Pova\u017esk\u00e9 m\u00fazeum v \u017diline a Nad\u00e1cia na podporu rodiny \u017dSK.<\/p>\n","protected":false},"excerpt":{"rendered":"<p>V are\u00e1li Budat\u00ednskeho hradu sa bude kona\u0165 2. ro\u010dn\u00edk\u00a0 podujatia pre rodiny s de\u0165mi. Po\u010das d\u0148a pln\u00e9ho aktiv\u00edt sa spolo\u010dne zabavia v\u0161etky vekov\u00e9 kateg\u00f3rie. &nbsp; Tla\u010dov\u00e1 spr\u00e1va \u017dilinsk\u00e9ho samospr\u00e1vneho kraja \u017dilinsk\u00fd samospr\u00e1vny kraj sa i\u00a0tento rok pripoj\u00ed k oslav\u00e1m, ktor\u00e9 sa konaj\u00fa po celom svete pri pr\u00edle\u017eitosti Svetov\u00e9ho d\u0148a rodiny vyhl\u00e1sen\u00e9ho Organiz\u00e1ciou spojen\u00fdch n\u00e1rodov. De\u0148 [&hellip;]<\/p>\n","protected":false},"author":2,"featured_media":33540,"comment_status":"closed","ping_status":"closed","sticky":false,"template":"","format":"standard","meta":{"site-sidebar-layout":"default","site-content-layout":"","ast-site-content-layout":"","site-content-style":"default","site-sidebar-style":"default","ast-global-header-display":"","ast-banner-title-visibility":"","ast-main-header-display":"","ast-hfb-above-header-display":"","ast-hfb-below-header-display":"","ast-hfb-mobile-header-display":"","site-post-title":"","ast-breadcrumbs-content":"","ast-featured-img":"","footer-sml-layout":"","theme-transparent-header-meta":"","adv-header-id-meta":"","stick-header-meta":"","header-above-stick-meta":"","header-main-stick-meta":"","header-below-stick-meta":"","astra-migrate-meta-layouts":"default","ast-page-background-enabled":"default","ast-page-background-meta":{"desktop":{"background-color":"var(--ast-global-color-4)","background-image":"","background-repeat":"repeat","background-position":"center center","background-size":"auto","background-attachment":"scroll","background-type":"","background-media":"","overlay-type":"","overlay-color":"","overlay-opacity":"","overlay-gradient":""},"tablet":{"background-color":"","background-image":"","background-repeat":"repeat","background-position":"center center","background-size":"auto","background-attachment":"scroll","background-type":"","background-media":"","overlay-type":"","overlay-color":"","overlay-opacity":"","overlay-gradient":""},"mobile":{"background-color":"","background-image":"","background-repeat":"repeat","background-position":"center center","background-size":"auto","background-attachment":"scroll","background-type":"","background-media":"","overlay-type":"","overlay-color":"","overlay-opacity":"","overlay-gradient":""}},"ast-content-background-meta":{"desktop":{"background-color":"var(--ast-global-color-5)","background-image":"","background-repeat":"repeat","background-position":"center center","background-size":"auto","background-attachment":"scroll","background-type":"","background-media":"","overlay-type":"","overlay-color":"","overlay-opacity":"","overlay-gradient":""},"tablet":{"background-color":"var(--ast-global-color-5)","background-image":"","background-repeat":"repeat","background-position":"center center","background-size":"auto","background-attachment":"scroll","background-type":"","background-media":"","overlay-type":"","overlay-color":"","overlay-opacity":"","overlay-gradient":""},"mobile":{"background-color":"var(--ast-global-color-5)","background-image":"","background-repeat":"repeat","background-position":"center center","background-size":"auto","background-attachment":"scroll","background-type":"","background-media":"","overlay-type":"","overlay-color":"","overlay-opacity":"","overlay-gradient":""}},"footnotes":""},"categories":[31],"tags":[],"class_list":["post-33539","post","type-post","status-publish","format-standard","has-post-thumbnail","hentry","category-aktuality"],"yoast_head":"<!-- This site is optimized with the Yoast SEO plugin v27.4 - https:\/\/yoast.com\/product\/yoast-seo-wordpress\/ -->\n<title>De\u0148 rodiny - Pova\u017esk\u00e9 m\u00fazeum<\/title>\n<meta name=\"robots\" content=\"index, follow, max-snippet:-1, max-image-preview:large, max-video-preview:-1\" \/>\n<link rel=\"canonical\" href=\"https:\/\/pmza.sk\/?p=33539\" \/>\n<meta property=\"og:locale\" content=\"sk_SK\" \/>\n<meta property=\"og:type\" content=\"article\" \/>\n<meta property=\"og:title\" content=\"De\u0148 rodiny - Pova\u017esk\u00e9 m\u00fazeum\" \/>\n<meta property=\"og:description\" content=\"V are\u00e1li Budat\u00ednskeho hradu sa bude kona\u0165 2. ro\u010dn\u00edk\u00a0 podujatia pre rodiny s de\u0165mi. Po\u010das d\u0148a pln\u00e9ho aktiv\u00edt sa spolo\u010dne zabavia v\u0161etky vekov\u00e9 kateg\u00f3rie. &nbsp; Tla\u010dov\u00e1 spr\u00e1va \u017dilinsk\u00e9ho samospr\u00e1vneho kraja \u017dilinsk\u00fd samospr\u00e1vny kraj sa i\u00a0tento rok pripoj\u00ed k oslav\u00e1m, ktor\u00e9 sa konaj\u00fa po celom svete pri pr\u00edle\u017eitosti Svetov\u00e9ho d\u0148a rodiny vyhl\u00e1sen\u00e9ho Organiz\u00e1ciou spojen\u00fdch n\u00e1rodov. De\u0148 [&hellip;]\" \/>\n<meta property=\"og:url\" content=\"https:\/\/pmza.sk\/?p=33539\" \/>\n<meta property=\"og:site_name\" content=\"Pova\u017esk\u00e9 m\u00fazeum\" \/>\n<meta property=\"article:publisher\" content=\"https:\/\/www.facebook.com\/povazskemuzeum\" \/>\n<meta property=\"article:published_time\" content=\"2019-05-14T06:35:18+00:00\" \/>\n<meta property=\"og:image\" content=\"https:\/\/pmza.sk\/wp-content\/uploads\/2019\/05\/den_rodiny-zmensene.jpg\" \/>\n\t<meta property=\"og:image:width\" content=\"565\" \/>\n\t<meta property=\"og:image:height\" content=\"800\" \/>\n\t<meta property=\"og:image:type\" content=\"image\/jpeg\" \/>\n<meta name=\"author\" content=\"Pova\u017esk\u00e9 m\u00fazeum\" \/>\n<meta name=\"twitter:card\" content=\"summary_large_image\" \/>\n<meta name=\"twitter:label1\" content=\"Autor\" \/>\n\t<meta name=\"twitter:data1\" content=\"Pova\u017esk\u00e9 m\u00fazeum\" \/>\n\t<meta name=\"twitter:label2\" content=\"Predpokladan\u00fd \u010das \u010d\u00edtania\" \/>\n\t<meta name=\"twitter:data2\" content=\"3 min\u00faty\" \/>\n<script type=\"application\/ld+json\" class=\"yoast-schema-graph\">{\"@context\":\"https:\\\/\\\/schema.org\",\"@graph\":[{\"@type\":\"Article\",\"@id\":\"https:\\\/\\\/pmza.sk\\\/?p=33539#article\",\"isPartOf\":{\"@id\":\"https:\\\/\\\/pmza.sk\\\/?p=33539\"},\"author\":{\"name\":\"Pova\u017esk\u00e9 m\u00fazeum\",\"@id\":\"https:\\\/\\\/pmza.sk\\\/#\\\/schema\\\/person\\\/595e6a2ce731ea94dcd5d7f50a41ae33\"},\"headline\":\"De\u0148 rodiny\",\"datePublished\":\"2019-05-14T06:35:18+00:00\",\"mainEntityOfPage\":{\"@id\":\"https:\\\/\\\/pmza.sk\\\/?p=33539\"},\"wordCount\":536,\"publisher\":{\"@id\":\"https:\\\/\\\/pmza.sk\\\/#organization\"},\"image\":{\"@id\":\"https:\\\/\\\/pmza.sk\\\/?p=33539#primaryimage\"},\"thumbnailUrl\":\"https:\\\/\\\/pmza.sk\\\/wp-content\\\/uploads\\\/2019\\\/05\\\/den_rodiny-zmensene.jpg\",\"articleSection\":[\"Aktuality\"],\"inLanguage\":\"sk-SK\"},{\"@type\":\"WebPage\",\"@id\":\"https:\\\/\\\/pmza.sk\\\/?p=33539\",\"url\":\"https:\\\/\\\/pmza.sk\\\/?p=33539\",\"name\":\"De\u0148 rodiny - Pova\u017esk\u00e9 m\u00fazeum\",\"isPartOf\":{\"@id\":\"https:\\\/\\\/pmza.sk\\\/#website\"},\"primaryImageOfPage\":{\"@id\":\"https:\\\/\\\/pmza.sk\\\/?p=33539#primaryimage\"},\"image\":{\"@id\":\"https:\\\/\\\/pmza.sk\\\/?p=33539#primaryimage\"},\"thumbnailUrl\":\"https:\\\/\\\/pmza.sk\\\/wp-content\\\/uploads\\\/2019\\\/05\\\/den_rodiny-zmensene.jpg\",\"datePublished\":\"2019-05-14T06:35:18+00:00\",\"breadcrumb\":{\"@id\":\"https:\\\/\\\/pmza.sk\\\/?p=33539#breadcrumb\"},\"inLanguage\":\"sk-SK\",\"potentialAction\":[{\"@type\":\"ReadAction\",\"target\":[\"https:\\\/\\\/pmza.sk\\\/?p=33539\"]}]},{\"@type\":\"ImageObject\",\"inLanguage\":\"sk-SK\",\"@id\":\"https:\\\/\\\/pmza.sk\\\/?p=33539#primaryimage\",\"url\":\"https:\\\/\\\/pmza.sk\\\/wp-content\\\/uploads\\\/2019\\\/05\\\/den_rodiny-zmensene.jpg\",\"contentUrl\":\"https:\\\/\\\/pmza.sk\\\/wp-content\\\/uploads\\\/2019\\\/05\\\/den_rodiny-zmensene.jpg\",\"width\":565,\"height\":800},{\"@type\":\"BreadcrumbList\",\"@id\":\"https:\\\/\\\/pmza.sk\\\/?p=33539#breadcrumb\",\"itemListElement\":[{\"@type\":\"ListItem\",\"position\":1,\"name\":\"Domovsk\u00e1 str\u00e1nka\",\"item\":\"https:\\\/\\\/pmza.sk\\\/\"},{\"@type\":\"ListItem\",\"position\":2,\"name\":\"De\u0148 rodiny\"}]},{\"@type\":\"WebSite\",\"@id\":\"https:\\\/\\\/pmza.sk\\\/#website\",\"url\":\"https:\\\/\\\/pmza.sk\\\/\",\"name\":\"Pova\u017esk\u00e9 m\u00fazeum\",\"description\":\"Pova\u017esk\u00e9 m\u00fazeum v \u017diline je region\u00e1lne m\u00fazeum so s\u00eddlom v Budat\u00edne. Jeho expoz\u00edcie s\u00fa zameran\u00e9 na dejiny slovensk\u00e9ho umenia, kult\u00fary a dopravy.\",\"publisher\":{\"@id\":\"https:\\\/\\\/pmza.sk\\\/#organization\"},\"potentialAction\":[{\"@type\":\"SearchAction\",\"target\":{\"@type\":\"EntryPoint\",\"urlTemplate\":\"https:\\\/\\\/pmza.sk\\\/?s={search_term_string}\"},\"query-input\":{\"@type\":\"PropertyValueSpecification\",\"valueRequired\":true,\"valueName\":\"search_term_string\"}}],\"inLanguage\":\"sk-SK\"},{\"@type\":\"Organization\",\"@id\":\"https:\\\/\\\/pmza.sk\\\/#organization\",\"name\":\"Pova\u017esk\u00e9 m\u00fazeum\",\"url\":\"https:\\\/\\\/pmza.sk\\\/\",\"logo\":{\"@type\":\"ImageObject\",\"inLanguage\":\"sk-SK\",\"@id\":\"https:\\\/\\\/pmza.sk\\\/#\\\/schema\\\/logo\\\/image\\\/\",\"url\":\"https:\\\/\\\/pmza.sk\\\/wp-content\\\/uploads\\\/2022\\\/01\\\/logo_PM_horizontal.jpg\",\"contentUrl\":\"https:\\\/\\\/pmza.sk\\\/wp-content\\\/uploads\\\/2022\\\/01\\\/logo_PM_horizontal.jpg\",\"width\":231,\"height\":142,\"caption\":\"Pova\u017esk\u00e9 m\u00fazeum\"},\"image\":{\"@id\":\"https:\\\/\\\/pmza.sk\\\/#\\\/schema\\\/logo\\\/image\\\/\"},\"sameAs\":[\"https:\\\/\\\/www.facebook.com\\\/povazskemuzeum\",\"https:\\\/\\\/www.instagram.com\\\/povazskemuzeum\\\/\"]},{\"@type\":\"Person\",\"@id\":\"https:\\\/\\\/pmza.sk\\\/#\\\/schema\\\/person\\\/595e6a2ce731ea94dcd5d7f50a41ae33\",\"name\":\"Pova\u017esk\u00e9 m\u00fazeum\",\"image\":{\"@type\":\"ImageObject\",\"inLanguage\":\"sk-SK\",\"@id\":\"https:\\\/\\\/secure.gravatar.com\\\/avatar\\\/2bb7f1561282132fb5826dfeccc66c7996d11ee392ac6aaf7ced8a1c2027fbb2?s=96&d=mm&r=g\",\"url\":\"https:\\\/\\\/secure.gravatar.com\\\/avatar\\\/2bb7f1561282132fb5826dfeccc66c7996d11ee392ac6aaf7ced8a1c2027fbb2?s=96&d=mm&r=g\",\"contentUrl\":\"https:\\\/\\\/secure.gravatar.com\\\/avatar\\\/2bb7f1561282132fb5826dfeccc66c7996d11ee392ac6aaf7ced8a1c2027fbb2?s=96&d=mm&r=g\",\"caption\":\"Pova\u017esk\u00e9 m\u00fazeum\"}}]}<\/script>\n<!-- \/ Yoast SEO plugin. -->","yoast_head_json":{"title":"De\u0148 rodiny - Pova\u017esk\u00e9 m\u00fazeum","robots":{"index":"index","follow":"follow","max-snippet":"max-snippet:-1","max-image-preview":"max-image-preview:large","max-video-preview":"max-video-preview:-1"},"canonical":"https:\/\/pmza.sk\/?p=33539","og_locale":"sk_SK","og_type":"article","og_title":"De\u0148 rodiny - Pova\u017esk\u00e9 m\u00fazeum","og_description":"V are\u00e1li Budat\u00ednskeho hradu sa bude kona\u0165 2. ro\u010dn\u00edk\u00a0 podujatia pre rodiny s de\u0165mi. Po\u010das d\u0148a pln\u00e9ho aktiv\u00edt sa spolo\u010dne zabavia v\u0161etky vekov\u00e9 kateg\u00f3rie. &nbsp; Tla\u010dov\u00e1 spr\u00e1va \u017dilinsk\u00e9ho samospr\u00e1vneho kraja \u017dilinsk\u00fd samospr\u00e1vny kraj sa i\u00a0tento rok pripoj\u00ed k oslav\u00e1m, ktor\u00e9 sa konaj\u00fa po celom svete pri pr\u00edle\u017eitosti Svetov\u00e9ho d\u0148a rodiny vyhl\u00e1sen\u00e9ho Organiz\u00e1ciou spojen\u00fdch n\u00e1rodov. De\u0148 [&hellip;]","og_url":"https:\/\/pmza.sk\/?p=33539","og_site_name":"Pova\u017esk\u00e9 m\u00fazeum","article_publisher":"https:\/\/www.facebook.com\/povazskemuzeum","article_published_time":"2019-05-14T06:35:18+00:00","og_image":[{"width":565,"height":800,"url":"https:\/\/pmza.sk\/wp-content\/uploads\/2019\/05\/den_rodiny-zmensene.jpg","type":"image\/jpeg"}],"author":"Pova\u017esk\u00e9 m\u00fazeum","twitter_card":"summary_large_image","twitter_misc":{"Autor":"Pova\u017esk\u00e9 m\u00fazeum","Predpokladan\u00fd \u010das \u010d\u00edtania":"3 min\u00faty"},"schema":{"@context":"https:\/\/schema.org","@graph":[{"@type":"Article","@id":"https:\/\/pmza.sk\/?p=33539#article","isPartOf":{"@id":"https:\/\/pmza.sk\/?p=33539"},"author":{"name":"Pova\u017esk\u00e9 m\u00fazeum","@id":"https:\/\/pmza.sk\/#\/schema\/person\/595e6a2ce731ea94dcd5d7f50a41ae33"},"headline":"De\u0148 rodiny","datePublished":"2019-05-14T06:35:18+00:00","mainEntityOfPage":{"@id":"https:\/\/pmza.sk\/?p=33539"},"wordCount":536,"publisher":{"@id":"https:\/\/pmza.sk\/#organization"},"image":{"@id":"https:\/\/pmza.sk\/?p=33539#primaryimage"},"thumbnailUrl":"https:\/\/pmza.sk\/wp-content\/uploads\/2019\/05\/den_rodiny-zmensene.jpg","articleSection":["Aktuality"],"inLanguage":"sk-SK"},{"@type":"WebPage","@id":"https:\/\/pmza.sk\/?p=33539","url":"https:\/\/pmza.sk\/?p=33539","name":"De\u0148 rodiny - Pova\u017esk\u00e9 m\u00fazeum","isPartOf":{"@id":"https:\/\/pmza.sk\/#website"},"primaryImageOfPage":{"@id":"https:\/\/pmza.sk\/?p=33539#primaryimage"},"image":{"@id":"https:\/\/pmza.sk\/?p=33539#primaryimage"},"thumbnailUrl":"https:\/\/pmza.sk\/wp-content\/uploads\/2019\/05\/den_rodiny-zmensene.jpg","datePublished":"2019-05-14T06:35:18+00:00","breadcrumb":{"@id":"https:\/\/pmza.sk\/?p=33539#breadcrumb"},"inLanguage":"sk-SK","potentialAction":[{"@type":"ReadAction","target":["https:\/\/pmza.sk\/?p=33539"]}]},{"@type":"ImageObject","inLanguage":"sk-SK","@id":"https:\/\/pmza.sk\/?p=33539#primaryimage","url":"https:\/\/pmza.sk\/wp-content\/uploads\/2019\/05\/den_rodiny-zmensene.jpg","contentUrl":"https:\/\/pmza.sk\/wp-content\/uploads\/2019\/05\/den_rodiny-zmensene.jpg","width":565,"height":800},{"@type":"BreadcrumbList","@id":"https:\/\/pmza.sk\/?p=33539#breadcrumb","itemListElement":[{"@type":"ListItem","position":1,"name":"Domovsk\u00e1 str\u00e1nka","item":"https:\/\/pmza.sk\/"},{"@type":"ListItem","position":2,"name":"De\u0148 rodiny"}]},{"@type":"WebSite","@id":"https:\/\/pmza.sk\/#website","url":"https:\/\/pmza.sk\/","name":"Pova\u017esk\u00e9 m\u00fazeum","description":"Pova\u017esk\u00e9 m\u00fazeum v \u017diline je region\u00e1lne m\u00fazeum so s\u00eddlom v Budat\u00edne. Jeho expoz\u00edcie s\u00fa zameran\u00e9 na dejiny slovensk\u00e9ho umenia, kult\u00fary a dopravy.","publisher":{"@id":"https:\/\/pmza.sk\/#organization"},"potentialAction":[{"@type":"SearchAction","target":{"@type":"EntryPoint","urlTemplate":"https:\/\/pmza.sk\/?s={search_term_string}"},"query-input":{"@type":"PropertyValueSpecification","valueRequired":true,"valueName":"search_term_string"}}],"inLanguage":"sk-SK"},{"@type":"Organization","@id":"https:\/\/pmza.sk\/#organization","name":"Pova\u017esk\u00e9 m\u00fazeum","url":"https:\/\/pmza.sk\/","logo":{"@type":"ImageObject","inLanguage":"sk-SK","@id":"https:\/\/pmza.sk\/#\/schema\/logo\/image\/","url":"https:\/\/pmza.sk\/wp-content\/uploads\/2022\/01\/logo_PM_horizontal.jpg","contentUrl":"https:\/\/pmza.sk\/wp-content\/uploads\/2022\/01\/logo_PM_horizontal.jpg","width":231,"height":142,"caption":"Pova\u017esk\u00e9 m\u00fazeum"},"image":{"@id":"https:\/\/pmza.sk\/#\/schema\/logo\/image\/"},"sameAs":["https:\/\/www.facebook.com\/povazskemuzeum","https:\/\/www.instagram.com\/povazskemuzeum\/"]},{"@type":"Person","@id":"https:\/\/pmza.sk\/#\/schema\/person\/595e6a2ce731ea94dcd5d7f50a41ae33","name":"Pova\u017esk\u00e9 m\u00fazeum","image":{"@type":"ImageObject","inLanguage":"sk-SK","@id":"https:\/\/secure.gravatar.com\/avatar\/2bb7f1561282132fb5826dfeccc66c7996d11ee392ac6aaf7ced8a1c2027fbb2?s=96&d=mm&r=g","url":"https:\/\/secure.gravatar.com\/avatar\/2bb7f1561282132fb5826dfeccc66c7996d11ee392ac6aaf7ced8a1c2027fbb2?s=96&d=mm&r=g","contentUrl":"https:\/\/secure.gravatar.com\/avatar\/2bb7f1561282132fb5826dfeccc66c7996d11ee392ac6aaf7ced8a1c2027fbb2?s=96&d=mm&r=g","caption":"Pova\u017esk\u00e9 m\u00fazeum"}}]}},"_links":{"self":[{"href":"https:\/\/pmza.sk\/index.php?rest_route=\/wp\/v2\/posts\/33539","targetHints":{"allow":["GET"]}}],"collection":[{"href":"https:\/\/pmza.sk\/index.php?rest_route=\/wp\/v2\/posts"}],"about":[{"href":"https:\/\/pmza.sk\/index.php?rest_route=\/wp\/v2\/types\/post"}],"author":[{"embeddable":true,"href":"https:\/\/pmza.sk\/index.php?rest_route=\/wp\/v2\/users\/2"}],"replies":[{"embeddable":true,"href":"https:\/\/pmza.sk\/index.php?rest_route=%2Fwp%2Fv2%2Fcomments&post=33539"}],"version-history":[{"count":0,"href":"https:\/\/pmza.sk\/index.php?rest_route=\/wp\/v2\/posts\/33539\/revisions"}],"wp:featuredmedia":[{"embeddable":true,"href":"https:\/\/pmza.sk\/index.php?rest_route=\/wp\/v2\/media\/33540"}],"wp:attachment":[{"href":"https:\/\/pmza.sk\/index.php?rest_route=%2Fwp%2Fv2%2Fmedia&parent=33539"}],"wp:term":[{"taxonomy":"category","embeddable":true,"href":"https:\/\/pmza.sk\/index.php?rest_route=%2Fwp%2Fv2%2Fcategories&post=33539"},{"taxonomy":"post_tag","embeddable":true,"href":"https:\/\/pmza.sk\/index.php?rest_route=%2Fwp%2Fv2%2Ftags&post=33539"}],"curies":[{"name":"wp","href":"https:\/\/api.w.org\/{rel}","templated":true}]}}