{"id":3369,"date":"2011-07-14T14:36:14","date_gmt":"2011-07-14T12:36:14","guid":{"rendered":"https:\/\/pmza.sk.sk\/?p=3369"},"modified":"2011-07-14T14:36:14","modified_gmt":"2011-07-14T12:36:14","slug":"dalsia-strasidelne-hviezdna-noc-na-hrade-strecno","status":"publish","type":"post","link":"https:\/\/pmza.sk\/?p=3369","title":{"rendered":"\u010eal\u0161ia stra\u0161idelne hviezdna noc na hrade Stre\u010dno"},"content":{"rendered":"<p><a href=\"https:\/\/pmza.sk\/wp-content\/uploads\/2011\/07\/dalekohlad-pozorovanie-oblohy.jpg\"><img fetchpriority=\"high\" decoding=\"async\" class=\"size-medium wp-image-3370 alignleft\" style=\"border: 2px solid black; margin: 4px;\" title=\"\u010falekoh\u013ead - pozorovanie oblohy\" src=\"https:\/\/pmza.sk.sk\/wp-content\/uploads\/2011\/07\/\u010falekoh\u013ead-pozorovanie-oblohy-300x200.jpg\" alt=\"\" width=\"300\" height=\"200\" \/><\/a>Pokra\u010dovanie no\u010dn\u00fdch tajomstiev hradu Stre\u010dno sa bude kona\u0165 u\u017e <strong>v\u00a0piatok 22. j\u00fala 2011. <\/strong>Div\u00e1ci sa tento kr\u00e1t stretn\u00fa s\u00a0nezvy\u010dajn\u00fdm d\u00e9monom z\u00e1visti, op\u00e4\u0165 dostan\u00fa mo\u017enos\u0165 vysk\u00fa\u0161a\u0165 si elektrick\u00e9 kreslo, ktor\u00e9 dok\u00e1\u017ee predv\u00edda\u0165 bud\u00facnos\u0165 a\u00a0uskuto\u010dn\u00ed sa aj konkurz na hradn\u00e9ho kata. \u010eal\u0161ia \u010das\u0165 stra\u0161idelnej no\u010dnej prehliadky podujatia <strong>Duchovia, elfovia, stre\u010dniansky des <\/strong>bude v\u00a0r\u00e9\u017eii Skupiny historick\u00e9ho \u0161ermu Cohors z\u00a0Pre\u0161ova, ktor\u00e1 sa predvedie <strong>uk\u00e1\u017ekami stredovek\u00fdch bojov so se\u010dn\u00fdmi a bodn\u00fdmi zbra\u0148ami a salvami z paln\u00fdch zbran\u00ed &#8211; h\u00e1kovn\u00edc . <!--more--><\/strong><\/p>\n<p>Pr\u00edjemn\u00fdm osvie\u017een\u00edm j\u00falovej noci v\u00a0pr\u00edpade priazniv\u00e9ho po\u010dasia bude mobiln\u00e1 hvezd\u00e1re\u0148 Pova\u017eskej hvezd\u00e1rne zo \u017diliny a\u00a0pozorovanie no\u010dnej oblohy. \u201e <em>V\u00a0t\u00fato noc bude mo\u017en\u00e9 vidie\u0165 spo\u010diatku<\/em><em> s\u00fahvezdia Pastiera, Panny, Herkula a\u00a0objekty v\u00a0nich (dvojhviezdy, otvoren\u00e9 a\u00a0gu\u013eov\u00e9 hviezdokopy, galaxie). Postupne sa od ju\u017en\u00e9ho smeru pridaj\u00fa objekty v\u00a0Mlie\u010dnej ceste, v\u00a0s\u00fahvezdiach L\u00fdry, Labute a\u00a0v\u00a0z\u00e1vere aj Orla. Mesiac vyjde nad horizont po 23, 00 h. Pozorova\u0165 budeme automatick\u00fdm zrkadlov\u00fdm \u010falekoh\u013eadom (reflektorom) \u00a0typu Schmid t- Cassegrain firmy MEADE LX 200 s\u00a0priemerom zrkadla 254 mm a\u00a0ohniskom 2500 mm. Pou\u017eit\u00e9 zv\u00e4\u010d\u0161enie bude ston\u00e1sobn\u00e9. \u010ealekoh\u013ead m\u00e1 automatick\u00e9 nav\u00e1dzanie typu GOTO pomocou GPS prij\u00edma\u010da polohy a\u00a0\u010dasu,<\/em> \u201c upozornil Miroslav Zn\u00e1\u0161ik, riadite\u013e Pova\u017eskej hvezd\u00e1rne v\u00a0\u017diline.<em><\/em><\/p>\n<p>Organiz\u00e1torom druhej letnej stra\u0161idelnej prehliadky hradu Stre\u010dno \u00a0<strong>Duchovia, elfovia, stre\u010dniansky des v\u00a0piatok 22. j\u00fala 2011<\/strong> od 20,30 do 23,00h je \u017dilinsk\u00fd samospr\u00e1vny kraj, Pova\u017esk\u00e9 m\u00fazeum v\u00a0\u017diline a Pova\u017esk\u00e1 hvezd\u00e1re\u0148 v \u017diline.<\/p>\n","protected":false},"excerpt":{"rendered":"<p>Pokra\u010dovanie no\u010dn\u00fdch tajomstiev hradu Stre\u010dno sa bude kona\u0165 u\u017e v\u00a0piatok 22. j\u00fala 2011. Div\u00e1ci sa tento kr\u00e1t stretn\u00fa s\u00a0nezvy\u010dajn\u00fdm d\u00e9monom z\u00e1visti, op\u00e4\u0165 dostan\u00fa mo\u017enos\u0165 vysk\u00fa\u0161a\u0165 si elektrick\u00e9 kreslo, ktor\u00e9 dok\u00e1\u017ee predv\u00edda\u0165 bud\u00facnos\u0165 a\u00a0uskuto\u010dn\u00ed sa aj konkurz na hradn\u00e9ho kata. \u010eal\u0161ia \u010das\u0165 stra\u0161idelnej no\u010dnej prehliadky podujatia Duchovia, elfovia, stre\u010dniansky des bude v\u00a0r\u00e9\u017eii Skupiny historick\u00e9ho \u0161ermu Cohors [&hellip;]<\/p>\n","protected":false},"author":1,"featured_media":0,"comment_status":"closed","ping_status":"closed","sticky":false,"template":"","format":"standard","meta":{"site-sidebar-layout":"default","site-content-layout":"","ast-site-content-layout":"","site-content-style":"default","site-sidebar-style":"default","ast-global-header-display":"","ast-banner-title-visibility":"","ast-main-header-display":"","ast-hfb-above-header-display":"","ast-hfb-below-header-display":"","ast-hfb-mobile-header-display":"","site-post-title":"","ast-breadcrumbs-content":"","ast-featured-img":"","footer-sml-layout":"","theme-transparent-header-meta":"","adv-header-id-meta":"","stick-header-meta":"","header-above-stick-meta":"","header-main-stick-meta":"","header-below-stick-meta":"","astra-migrate-meta-layouts":"default","ast-page-background-enabled":"default","ast-page-background-meta":{"desktop":{"background-color":"var(--ast-global-color-4)","background-image":"","background-repeat":"repeat","background-position":"center center","background-size":"auto","background-attachment":"scroll","background-type":"","background-media":"","overlay-type":"","overlay-color":"","overlay-opacity":"","overlay-gradient":""},"tablet":{"background-color":"","background-image":"","background-repeat":"repeat","background-position":"center center","background-size":"auto","background-attachment":"scroll","background-type":"","background-media":"","overlay-type":"","overlay-color":"","overlay-opacity":"","overlay-gradient":""},"mobile":{"background-color":"","background-image":"","background-repeat":"repeat","background-position":"center center","background-size":"auto","background-attachment":"scroll","background-type":"","background-media":"","overlay-type":"","overlay-color":"","overlay-opacity":"","overlay-gradient":""}},"ast-content-background-meta":{"desktop":{"background-color":"var(--ast-global-color-5)","background-image":"","background-repeat":"repeat","background-position":"center center","background-size":"auto","background-attachment":"scroll","background-type":"","background-media":"","overlay-type":"","overlay-color":"","overlay-opacity":"","overlay-gradient":""},"tablet":{"background-color":"var(--ast-global-color-5)","background-image":"","background-repeat":"repeat","background-position":"center center","background-size":"auto","background-attachment":"scroll","background-type":"","background-media":"","overlay-type":"","overlay-color":"","overlay-opacity":"","overlay-gradient":""},"mobile":{"background-color":"var(--ast-global-color-5)","background-image":"","background-repeat":"repeat","background-position":"center center","background-size":"auto","background-attachment":"scroll","background-type":"","background-media":"","overlay-type":"","overlay-color":"","overlay-opacity":"","overlay-gradient":""}},"footnotes":""},"categories":[30],"tags":[],"class_list":["post-3369","post","type-post","status-publish","format-standard","hentry","category-archiv-2011"],"yoast_head":"<!-- This site is optimized with the Yoast SEO plugin v27.4 - https:\/\/yoast.com\/product\/yoast-seo-wordpress\/ -->\n<title>\u010eal\u0161ia stra\u0161idelne hviezdna noc na hrade Stre\u010dno - Pova\u017esk\u00e9 m\u00fazeum<\/title>\n<meta name=\"robots\" content=\"index, follow, max-snippet:-1, max-image-preview:large, max-video-preview:-1\" \/>\n<link rel=\"canonical\" href=\"https:\/\/pmza.sk\/?p=3369\" \/>\n<meta property=\"og:locale\" content=\"sk_SK\" \/>\n<meta property=\"og:type\" content=\"article\" \/>\n<meta property=\"og:title\" content=\"\u010eal\u0161ia stra\u0161idelne hviezdna noc na hrade Stre\u010dno - Pova\u017esk\u00e9 m\u00fazeum\" \/>\n<meta property=\"og:description\" content=\"Pokra\u010dovanie no\u010dn\u00fdch tajomstiev hradu Stre\u010dno sa bude kona\u0165 u\u017e v\u00a0piatok 22. j\u00fala 2011. Div\u00e1ci sa tento kr\u00e1t stretn\u00fa s\u00a0nezvy\u010dajn\u00fdm d\u00e9monom z\u00e1visti, op\u00e4\u0165 dostan\u00fa mo\u017enos\u0165 vysk\u00fa\u0161a\u0165 si elektrick\u00e9 kreslo, ktor\u00e9 dok\u00e1\u017ee predv\u00edda\u0165 bud\u00facnos\u0165 a\u00a0uskuto\u010dn\u00ed sa aj konkurz na hradn\u00e9ho kata. \u010eal\u0161ia \u010das\u0165 stra\u0161idelnej no\u010dnej prehliadky podujatia Duchovia, elfovia, stre\u010dniansky des bude v\u00a0r\u00e9\u017eii Skupiny historick\u00e9ho \u0161ermu Cohors [&hellip;]\" \/>\n<meta property=\"og:url\" content=\"https:\/\/pmza.sk\/?p=3369\" \/>\n<meta property=\"og:site_name\" content=\"Pova\u017esk\u00e9 m\u00fazeum\" \/>\n<meta property=\"article:publisher\" content=\"https:\/\/www.facebook.com\/povazskemuzeum\" \/>\n<meta property=\"article:published_time\" content=\"2011-07-14T12:36:14+00:00\" \/>\n<meta name=\"author\" content=\"libor\" \/>\n<meta name=\"twitter:card\" content=\"summary_large_image\" \/>\n<meta name=\"twitter:label1\" content=\"Autor\" \/>\n\t<meta name=\"twitter:data1\" content=\"libor\" \/>\n\t<meta name=\"twitter:label2\" content=\"Predpokladan\u00fd \u010das \u010d\u00edtania\" \/>\n\t<meta name=\"twitter:data2\" content=\"1 min\u00fata\" \/>\n<script type=\"application\/ld+json\" class=\"yoast-schema-graph\">{\"@context\":\"https:\\\/\\\/schema.org\",\"@graph\":[{\"@type\":\"Article\",\"@id\":\"https:\\\/\\\/pmza.sk\\\/?p=3369#article\",\"isPartOf\":{\"@id\":\"https:\\\/\\\/pmza.sk\\\/?p=3369\"},\"author\":{\"name\":\"libor\",\"@id\":\"https:\\\/\\\/pmza.sk\\\/#\\\/schema\\\/person\\\/f0b923a9aa8e1f67feef0d7cd9afde35\"},\"headline\":\"\u010eal\u0161ia stra\u0161idelne hviezdna noc na hrade Stre\u010dno\",\"datePublished\":\"2011-07-14T12:36:14+00:00\",\"mainEntityOfPage\":{\"@id\":\"https:\\\/\\\/pmza.sk\\\/?p=3369\"},\"wordCount\":306,\"publisher\":{\"@id\":\"https:\\\/\\\/pmza.sk\\\/#organization\"},\"articleSection\":[\"Arch\u00edv 2011\"],\"inLanguage\":\"sk-SK\"},{\"@type\":\"WebPage\",\"@id\":\"https:\\\/\\\/pmza.sk\\\/?p=3369\",\"url\":\"https:\\\/\\\/pmza.sk\\\/?p=3369\",\"name\":\"\u010eal\u0161ia stra\u0161idelne hviezdna noc na hrade Stre\u010dno - Pova\u017esk\u00e9 m\u00fazeum\",\"isPartOf\":{\"@id\":\"https:\\\/\\\/pmza.sk\\\/#website\"},\"datePublished\":\"2011-07-14T12:36:14+00:00\",\"breadcrumb\":{\"@id\":\"https:\\\/\\\/pmza.sk\\\/?p=3369#breadcrumb\"},\"inLanguage\":\"sk-SK\",\"potentialAction\":[{\"@type\":\"ReadAction\",\"target\":[\"https:\\\/\\\/pmza.sk\\\/?p=3369\"]}]},{\"@type\":\"BreadcrumbList\",\"@id\":\"https:\\\/\\\/pmza.sk\\\/?p=3369#breadcrumb\",\"itemListElement\":[{\"@type\":\"ListItem\",\"position\":1,\"name\":\"Domovsk\u00e1 str\u00e1nka\",\"item\":\"https:\\\/\\\/pmza.sk\\\/\"},{\"@type\":\"ListItem\",\"position\":2,\"name\":\"\u010eal\u0161ia stra\u0161idelne hviezdna noc na hrade Stre\u010dno\"}]},{\"@type\":\"WebSite\",\"@id\":\"https:\\\/\\\/pmza.sk\\\/#website\",\"url\":\"https:\\\/\\\/pmza.sk\\\/\",\"name\":\"Pova\u017esk\u00e9 m\u00fazeum\",\"description\":\"Pova\u017esk\u00e9 m\u00fazeum v \u017diline je region\u00e1lne m\u00fazeum so s\u00eddlom v Budat\u00edne. Jeho expoz\u00edcie s\u00fa zameran\u00e9 na dejiny slovensk\u00e9ho umenia, kult\u00fary a dopravy.\",\"publisher\":{\"@id\":\"https:\\\/\\\/pmza.sk\\\/#organization\"},\"potentialAction\":[{\"@type\":\"SearchAction\",\"target\":{\"@type\":\"EntryPoint\",\"urlTemplate\":\"https:\\\/\\\/pmza.sk\\\/?s={search_term_string}\"},\"query-input\":{\"@type\":\"PropertyValueSpecification\",\"valueRequired\":true,\"valueName\":\"search_term_string\"}}],\"inLanguage\":\"sk-SK\"},{\"@type\":\"Organization\",\"@id\":\"https:\\\/\\\/pmza.sk\\\/#organization\",\"name\":\"Pova\u017esk\u00e9 m\u00fazeum\",\"url\":\"https:\\\/\\\/pmza.sk\\\/\",\"logo\":{\"@type\":\"ImageObject\",\"inLanguage\":\"sk-SK\",\"@id\":\"https:\\\/\\\/pmza.sk\\\/#\\\/schema\\\/logo\\\/image\\\/\",\"url\":\"https:\\\/\\\/pmza.sk\\\/wp-content\\\/uploads\\\/2022\\\/01\\\/logo_PM_horizontal.jpg\",\"contentUrl\":\"https:\\\/\\\/pmza.sk\\\/wp-content\\\/uploads\\\/2022\\\/01\\\/logo_PM_horizontal.jpg\",\"width\":231,\"height\":142,\"caption\":\"Pova\u017esk\u00e9 m\u00fazeum\"},\"image\":{\"@id\":\"https:\\\/\\\/pmza.sk\\\/#\\\/schema\\\/logo\\\/image\\\/\"},\"sameAs\":[\"https:\\\/\\\/www.facebook.com\\\/povazskemuzeum\",\"https:\\\/\\\/www.instagram.com\\\/povazskemuzeum\\\/\"]},{\"@type\":\"Person\",\"@id\":\"https:\\\/\\\/pmza.sk\\\/#\\\/schema\\\/person\\\/f0b923a9aa8e1f67feef0d7cd9afde35\",\"name\":\"libor\",\"image\":{\"@type\":\"ImageObject\",\"inLanguage\":\"sk-SK\",\"@id\":\"https:\\\/\\\/secure.gravatar.com\\\/avatar\\\/c583dbc698e594aacced1589eb8cf1673bd41d461e8b2ab635484ffc26fee7b0?s=96&d=mm&r=g\",\"url\":\"https:\\\/\\\/secure.gravatar.com\\\/avatar\\\/c583dbc698e594aacced1589eb8cf1673bd41d461e8b2ab635484ffc26fee7b0?s=96&d=mm&r=g\",\"contentUrl\":\"https:\\\/\\\/secure.gravatar.com\\\/avatar\\\/c583dbc698e594aacced1589eb8cf1673bd41d461e8b2ab635484ffc26fee7b0?s=96&d=mm&r=g\",\"caption\":\"libor\"}}]}<\/script>\n<!-- \/ Yoast SEO plugin. -->","yoast_head_json":{"title":"\u010eal\u0161ia stra\u0161idelne hviezdna noc na hrade Stre\u010dno - Pova\u017esk\u00e9 m\u00fazeum","robots":{"index":"index","follow":"follow","max-snippet":"max-snippet:-1","max-image-preview":"max-image-preview:large","max-video-preview":"max-video-preview:-1"},"canonical":"https:\/\/pmza.sk\/?p=3369","og_locale":"sk_SK","og_type":"article","og_title":"\u010eal\u0161ia stra\u0161idelne hviezdna noc na hrade Stre\u010dno - Pova\u017esk\u00e9 m\u00fazeum","og_description":"Pokra\u010dovanie no\u010dn\u00fdch tajomstiev hradu Stre\u010dno sa bude kona\u0165 u\u017e v\u00a0piatok 22. j\u00fala 2011. Div\u00e1ci sa tento kr\u00e1t stretn\u00fa s\u00a0nezvy\u010dajn\u00fdm d\u00e9monom z\u00e1visti, op\u00e4\u0165 dostan\u00fa mo\u017enos\u0165 vysk\u00fa\u0161a\u0165 si elektrick\u00e9 kreslo, ktor\u00e9 dok\u00e1\u017ee predv\u00edda\u0165 bud\u00facnos\u0165 a\u00a0uskuto\u010dn\u00ed sa aj konkurz na hradn\u00e9ho kata. \u010eal\u0161ia \u010das\u0165 stra\u0161idelnej no\u010dnej prehliadky podujatia Duchovia, elfovia, stre\u010dniansky des bude v\u00a0r\u00e9\u017eii Skupiny historick\u00e9ho \u0161ermu Cohors [&hellip;]","og_url":"https:\/\/pmza.sk\/?p=3369","og_site_name":"Pova\u017esk\u00e9 m\u00fazeum","article_publisher":"https:\/\/www.facebook.com\/povazskemuzeum","article_published_time":"2011-07-14T12:36:14+00:00","author":"libor","twitter_card":"summary_large_image","twitter_misc":{"Autor":"libor","Predpokladan\u00fd \u010das \u010d\u00edtania":"1 min\u00fata"},"schema":{"@context":"https:\/\/schema.org","@graph":[{"@type":"Article","@id":"https:\/\/pmza.sk\/?p=3369#article","isPartOf":{"@id":"https:\/\/pmza.sk\/?p=3369"},"author":{"name":"libor","@id":"https:\/\/pmza.sk\/#\/schema\/person\/f0b923a9aa8e1f67feef0d7cd9afde35"},"headline":"\u010eal\u0161ia stra\u0161idelne hviezdna noc na hrade Stre\u010dno","datePublished":"2011-07-14T12:36:14+00:00","mainEntityOfPage":{"@id":"https:\/\/pmza.sk\/?p=3369"},"wordCount":306,"publisher":{"@id":"https:\/\/pmza.sk\/#organization"},"articleSection":["Arch\u00edv 2011"],"inLanguage":"sk-SK"},{"@type":"WebPage","@id":"https:\/\/pmza.sk\/?p=3369","url":"https:\/\/pmza.sk\/?p=3369","name":"\u010eal\u0161ia stra\u0161idelne hviezdna noc na hrade Stre\u010dno - Pova\u017esk\u00e9 m\u00fazeum","isPartOf":{"@id":"https:\/\/pmza.sk\/#website"},"datePublished":"2011-07-14T12:36:14+00:00","breadcrumb":{"@id":"https:\/\/pmza.sk\/?p=3369#breadcrumb"},"inLanguage":"sk-SK","potentialAction":[{"@type":"ReadAction","target":["https:\/\/pmza.sk\/?p=3369"]}]},{"@type":"BreadcrumbList","@id":"https:\/\/pmza.sk\/?p=3369#breadcrumb","itemListElement":[{"@type":"ListItem","position":1,"name":"Domovsk\u00e1 str\u00e1nka","item":"https:\/\/pmza.sk\/"},{"@type":"ListItem","position":2,"name":"\u010eal\u0161ia stra\u0161idelne hviezdna noc na hrade Stre\u010dno"}]},{"@type":"WebSite","@id":"https:\/\/pmza.sk\/#website","url":"https:\/\/pmza.sk\/","name":"Pova\u017esk\u00e9 m\u00fazeum","description":"Pova\u017esk\u00e9 m\u00fazeum v \u017diline je region\u00e1lne m\u00fazeum so s\u00eddlom v Budat\u00edne. Jeho expoz\u00edcie s\u00fa zameran\u00e9 na dejiny slovensk\u00e9ho umenia, kult\u00fary a dopravy.","publisher":{"@id":"https:\/\/pmza.sk\/#organization"},"potentialAction":[{"@type":"SearchAction","target":{"@type":"EntryPoint","urlTemplate":"https:\/\/pmza.sk\/?s={search_term_string}"},"query-input":{"@type":"PropertyValueSpecification","valueRequired":true,"valueName":"search_term_string"}}],"inLanguage":"sk-SK"},{"@type":"Organization","@id":"https:\/\/pmza.sk\/#organization","name":"Pova\u017esk\u00e9 m\u00fazeum","url":"https:\/\/pmza.sk\/","logo":{"@type":"ImageObject","inLanguage":"sk-SK","@id":"https:\/\/pmza.sk\/#\/schema\/logo\/image\/","url":"https:\/\/pmza.sk\/wp-content\/uploads\/2022\/01\/logo_PM_horizontal.jpg","contentUrl":"https:\/\/pmza.sk\/wp-content\/uploads\/2022\/01\/logo_PM_horizontal.jpg","width":231,"height":142,"caption":"Pova\u017esk\u00e9 m\u00fazeum"},"image":{"@id":"https:\/\/pmza.sk\/#\/schema\/logo\/image\/"},"sameAs":["https:\/\/www.facebook.com\/povazskemuzeum","https:\/\/www.instagram.com\/povazskemuzeum\/"]},{"@type":"Person","@id":"https:\/\/pmza.sk\/#\/schema\/person\/f0b923a9aa8e1f67feef0d7cd9afde35","name":"libor","image":{"@type":"ImageObject","inLanguage":"sk-SK","@id":"https:\/\/secure.gravatar.com\/avatar\/c583dbc698e594aacced1589eb8cf1673bd41d461e8b2ab635484ffc26fee7b0?s=96&d=mm&r=g","url":"https:\/\/secure.gravatar.com\/avatar\/c583dbc698e594aacced1589eb8cf1673bd41d461e8b2ab635484ffc26fee7b0?s=96&d=mm&r=g","contentUrl":"https:\/\/secure.gravatar.com\/avatar\/c583dbc698e594aacced1589eb8cf1673bd41d461e8b2ab635484ffc26fee7b0?s=96&d=mm&r=g","caption":"libor"}}]}},"_links":{"self":[{"href":"https:\/\/pmza.sk\/index.php?rest_route=\/wp\/v2\/posts\/3369","targetHints":{"allow":["GET"]}}],"collection":[{"href":"https:\/\/pmza.sk\/index.php?rest_route=\/wp\/v2\/posts"}],"about":[{"href":"https:\/\/pmza.sk\/index.php?rest_route=\/wp\/v2\/types\/post"}],"author":[{"embeddable":true,"href":"https:\/\/pmza.sk\/index.php?rest_route=\/wp\/v2\/users\/1"}],"replies":[{"embeddable":true,"href":"https:\/\/pmza.sk\/index.php?rest_route=%2Fwp%2Fv2%2Fcomments&post=3369"}],"version-history":[{"count":0,"href":"https:\/\/pmza.sk\/index.php?rest_route=\/wp\/v2\/posts\/3369\/revisions"}],"wp:attachment":[{"href":"https:\/\/pmza.sk\/index.php?rest_route=%2Fwp%2Fv2%2Fmedia&parent=3369"}],"wp:term":[{"taxonomy":"category","embeddable":true,"href":"https:\/\/pmza.sk\/index.php?rest_route=%2Fwp%2Fv2%2Fcategories&post=3369"},{"taxonomy":"post_tag","embeddable":true,"href":"https:\/\/pmza.sk\/index.php?rest_route=%2Fwp%2Fv2%2Ftags&post=3369"}],"curies":[{"name":"wp","href":"https:\/\/api.w.org\/{rel}","templated":true}]}}