{"id":33816,"date":"2019-05-23T13:47:36","date_gmt":"2019-05-23T11:47:36","guid":{"rendered":"https:\/\/pmza.sk\/?p=33816"},"modified":"2019-05-23T13:47:36","modified_gmt":"2019-05-23T11:47:36","slug":"restaurovanie-cirkevnych-textilii-zo-zbierok-povazskeho-muzea","status":"publish","type":"post","link":"https:\/\/pmza.sk\/?p=33816","title":{"rendered":"Re\u0161taurovanie cirkevn\u00fdch text\u00edli\u00ed zo zbierok Pova\u017esk\u00e9ho m\u00fazea"},"content":{"rendered":"<p><img fetchpriority=\"high\" decoding=\"async\" class=\"aligncenter  wp-image-33818\" src=\"https:\/\/pmza.sk\/wp-content\/uploads\/2019\/05\/FPU_logo1_modre-475x300.jpg\" alt=\"\" width=\"386\" height=\"244\" \/><\/p>\n<p>V\u00a0roku 2018 Fond na podporu umenia podporil projekt re\u0161taurovania cirkevn\u00fdch text\u00edli\u00ed zo zbierok PMZA. Jedn\u00e1 sa o\u00a0dva orn\u00e1ty (kazuly), dve \u0161t\u00f3ly a\u00a0dve prikr\u00fdvadl\u00e1. Cirkevn\u00e9 text\u00edlie poch\u00e1dzaj\u00fa z\u00a0n\u00e1\u0161ho regi\u00f3nu, konkr\u00e9tne z\u00a0Rajeckej Lesnej a\u00a0odzrkad\u013euj\u00fa pr\u00e1cu zn\u00e1mej viedenskej firmy Krickl und Schweiger.<\/p>\n<p>Text\u00edlie mali v\u00fdrazn\u00e9 povrchov\u00e9 zne\u010distenie, tvarov\u00e9 deform\u00e1cie tkan\u00edn, uvo\u013enen\u00e9 \u0161v\u00edky, rozpadnut\u00e9 a\u00a0po\u0161koden\u00e9 v\u00fd\u0161ivky a\u00a0boli napadnut\u00e9 ples\u0148ami. Cie\u013eom re\u0161taurovania bolo odstr\u00e1ni\u0165 existuj\u00face po\u0161kodenia a zabr\u00e1ni\u0165 \u010fal\u0161iemu \u00fapadku zbierkov\u00fdch predmetov.<\/p>\n<p>Cirkevn\u00e9 text\u00edlie boli dezinfikovan\u00e9 od plesn\u00ed a\u00a0celoplo\u0161ne o\u010disten\u00e9 od povrchov\u00e9ho depozitu, n\u00e1sledne po tom prebehlo mokr\u00e9 \u010distenie a\u00a0protimo\u013eov\u00e1 \u00faprava. Po o\u010disten\u00ed boli re\u0161taurovan\u00e9 perfor\u00e1cie a\u00a0v\u00fdpadky tkan\u00edv a\u00a0scelen\u00e9 po\u0161koden\u00e9 \u0161vy. Realiz\u00e1ciou odborn\u00e9ho o\u0161etrenia zbierok bola poveren\u00e1 re\u0161taur\u00e1torka textilu Mgr. art. Sylvia Birku\u0161ov\u00e1.<\/p>\n<p>V\u00fdsledkom re\u0161taurovania s\u00fa cirkevn\u00e9 text\u00edlie, ktor\u00e9 obohacuj\u00fa expoz\u00edciu v\u00a0kaplnke Budat\u00ednskeho hradu.<\/p>\n<p><strong>Re\u0161taurovanie z\u00a0verejn\u00fdch zdrojov podporil Fond na podporu umenia.<\/strong><\/p>\n<p><img decoding=\"async\" class=\"size-thumbnail wp-image-33819 alignleft\" src=\"https:\/\/pmza.sk\/wp-content\/uploads\/2019\/05\/1-475x300.jpg\" alt=\"\" width=\"475\" height=\"300\" \/> <img decoding=\"async\" class=\"size-thumbnail wp-image-33820 alignleft\" src=\"https:\/\/pmza.sk\/wp-content\/uploads\/2019\/05\/2-475x300.jpg\" alt=\"\" width=\"475\" height=\"300\" \/><\/p>\n<p><img loading=\"lazy\" decoding=\"async\" class=\"size-thumbnail wp-image-33821 alignleft\" src=\"https:\/\/pmza.sk\/wp-content\/uploads\/2019\/05\/3-475x300.jpg\" alt=\"\" width=\"475\" height=\"300\" \/> <img loading=\"lazy\" decoding=\"async\" class=\"size-thumbnail wp-image-33822 alignleft\" src=\"https:\/\/pmza.sk\/wp-content\/uploads\/2019\/05\/4-475x300.jpg\" alt=\"\" width=\"475\" height=\"300\" \/><\/p>\n<p>&nbsp;<\/p>\n<p><img loading=\"lazy\" decoding=\"async\" class=\"size-thumbnail wp-image-33823 alignleft\" src=\"https:\/\/pmza.sk\/wp-content\/uploads\/2019\/05\/7-475x300.jpg\" alt=\"\" width=\"475\" height=\"300\" \/><\/p>\n<p>&nbsp;<\/p>\n<p>&nbsp;<\/p>\n","protected":false},"excerpt":{"rendered":"<p>V\u00a0roku 2018 Fond na podporu umenia podporil projekt re\u0161taurovania cirkevn\u00fdch text\u00edli\u00ed zo zbierok PMZA. Jedn\u00e1 sa o\u00a0dva orn\u00e1ty (kazuly), dve \u0161t\u00f3ly a\u00a0dve prikr\u00fdvadl\u00e1. Cirkevn\u00e9 text\u00edlie poch\u00e1dzaj\u00fa z\u00a0n\u00e1\u0161ho regi\u00f3nu, konkr\u00e9tne z\u00a0Rajeckej Lesnej a\u00a0odzrkad\u013euj\u00fa pr\u00e1cu zn\u00e1mej viedenskej firmy Krickl und Schweiger. Text\u00edlie mali v\u00fdrazn\u00e9 povrchov\u00e9 zne\u010distenie, tvarov\u00e9 deform\u00e1cie tkan\u00edn, uvo\u013enen\u00e9 \u0161v\u00edky, rozpadnut\u00e9 a\u00a0po\u0161koden\u00e9 v\u00fd\u0161ivky a\u00a0boli napadnut\u00e9 ples\u0148ami. [&hellip;]<\/p>\n","protected":false},"author":2,"featured_media":33817,"comment_status":"closed","ping_status":"closed","sticky":false,"template":"","format":"standard","meta":{"site-sidebar-layout":"default","site-content-layout":"","ast-site-content-layout":"","site-content-style":"default","site-sidebar-style":"default","ast-global-header-display":"","ast-banner-title-visibility":"","ast-main-header-display":"","ast-hfb-above-header-display":"","ast-hfb-below-header-display":"","ast-hfb-mobile-header-display":"","site-post-title":"","ast-breadcrumbs-content":"","ast-featured-img":"","footer-sml-layout":"","theme-transparent-header-meta":"","adv-header-id-meta":"","stick-header-meta":"","header-above-stick-meta":"","header-main-stick-meta":"","header-below-stick-meta":"","astra-migrate-meta-layouts":"default","ast-page-background-enabled":"default","ast-page-background-meta":{"desktop":{"background-color":"var(--ast-global-color-4)","background-image":"","background-repeat":"repeat","background-position":"center center","background-size":"auto","background-attachment":"scroll","background-type":"","background-media":"","overlay-type":"","overlay-color":"","overlay-opacity":"","overlay-gradient":""},"tablet":{"background-color":"","background-image":"","background-repeat":"repeat","background-position":"center center","background-size":"auto","background-attachment":"scroll","background-type":"","background-media":"","overlay-type":"","overlay-color":"","overlay-opacity":"","overlay-gradient":""},"mobile":{"background-color":"","background-image":"","background-repeat":"repeat","background-position":"center center","background-size":"auto","background-attachment":"scroll","background-type":"","background-media":"","overlay-type":"","overlay-color":"","overlay-opacity":"","overlay-gradient":""}},"ast-content-background-meta":{"desktop":{"background-color":"var(--ast-global-color-5)","background-image":"","background-repeat":"repeat","background-position":"center center","background-size":"auto","background-attachment":"scroll","background-type":"","background-media":"","overlay-type":"","overlay-color":"","overlay-opacity":"","overlay-gradient":""},"tablet":{"background-color":"var(--ast-global-color-5)","background-image":"","background-repeat":"repeat","background-position":"center center","background-size":"auto","background-attachment":"scroll","background-type":"","background-media":"","overlay-type":"","overlay-color":"","overlay-opacity":"","overlay-gradient":""},"mobile":{"background-color":"var(--ast-global-color-5)","background-image":"","background-repeat":"repeat","background-position":"center center","background-size":"auto","background-attachment":"scroll","background-type":"","background-media":"","overlay-type":"","overlay-color":"","overlay-opacity":"","overlay-gradient":""}},"footnotes":""},"categories":[31],"tags":[],"class_list":["post-33816","post","type-post","status-publish","format-standard","has-post-thumbnail","hentry","category-aktuality"],"yoast_head":"<!-- This site is optimized with the Yoast SEO plugin v27.4 - https:\/\/yoast.com\/product\/yoast-seo-wordpress\/ -->\n<title>Re\u0161taurovanie cirkevn\u00fdch text\u00edli\u00ed zo zbierok Pova\u017esk\u00e9ho m\u00fazea - Pova\u017esk\u00e9 m\u00fazeum<\/title>\n<meta name=\"robots\" content=\"index, follow, max-snippet:-1, max-image-preview:large, max-video-preview:-1\" \/>\n<link rel=\"canonical\" href=\"https:\/\/pmza.sk\/?p=33816\" \/>\n<meta property=\"og:locale\" content=\"sk_SK\" \/>\n<meta property=\"og:type\" content=\"article\" \/>\n<meta property=\"og:title\" content=\"Re\u0161taurovanie cirkevn\u00fdch text\u00edli\u00ed zo zbierok Pova\u017esk\u00e9ho m\u00fazea - Pova\u017esk\u00e9 m\u00fazeum\" \/>\n<meta property=\"og:description\" content=\"V\u00a0roku 2018 Fond na podporu umenia podporil projekt re\u0161taurovania cirkevn\u00fdch text\u00edli\u00ed zo zbierok PMZA. Jedn\u00e1 sa o\u00a0dva orn\u00e1ty (kazuly), dve \u0161t\u00f3ly a\u00a0dve prikr\u00fdvadl\u00e1. Cirkevn\u00e9 text\u00edlie poch\u00e1dzaj\u00fa z\u00a0n\u00e1\u0161ho regi\u00f3nu, konkr\u00e9tne z\u00a0Rajeckej Lesnej a\u00a0odzrkad\u013euj\u00fa pr\u00e1cu zn\u00e1mej viedenskej firmy Krickl und Schweiger. Text\u00edlie mali v\u00fdrazn\u00e9 povrchov\u00e9 zne\u010distenie, tvarov\u00e9 deform\u00e1cie tkan\u00edn, uvo\u013enen\u00e9 \u0161v\u00edky, rozpadnut\u00e9 a\u00a0po\u0161koden\u00e9 v\u00fd\u0161ivky a\u00a0boli napadnut\u00e9 ples\u0148ami. [&hellip;]\" \/>\n<meta property=\"og:url\" content=\"https:\/\/pmza.sk\/?p=33816\" \/>\n<meta property=\"og:site_name\" content=\"Pova\u017esk\u00e9 m\u00fazeum\" \/>\n<meta property=\"article:publisher\" content=\"https:\/\/www.facebook.com\/povazskemuzeum\" \/>\n<meta property=\"article:published_time\" content=\"2019-05-23T11:47:36+00:00\" \/>\n<meta property=\"og:image\" content=\"https:\/\/pmza.sk\/wp-content\/uploads\/2019\/05\/IMG_9383.jpg\" \/>\n\t<meta property=\"og:image:width\" content=\"1024\" \/>\n\t<meta property=\"og:image:height\" content=\"683\" \/>\n\t<meta property=\"og:image:type\" content=\"image\/jpeg\" \/>\n<meta name=\"author\" content=\"Pova\u017esk\u00e9 m\u00fazeum\" \/>\n<meta name=\"twitter:card\" content=\"summary_large_image\" \/>\n<meta name=\"twitter:label1\" content=\"Autor\" \/>\n\t<meta name=\"twitter:data1\" content=\"Pova\u017esk\u00e9 m\u00fazeum\" \/>\n\t<meta name=\"twitter:label2\" content=\"Predpokladan\u00fd \u010das \u010d\u00edtania\" \/>\n\t<meta name=\"twitter:data2\" content=\"1 min\u00fata\" \/>\n<script type=\"application\/ld+json\" class=\"yoast-schema-graph\">{\"@context\":\"https:\\\/\\\/schema.org\",\"@graph\":[{\"@type\":\"Article\",\"@id\":\"https:\\\/\\\/pmza.sk\\\/?p=33816#article\",\"isPartOf\":{\"@id\":\"https:\\\/\\\/pmza.sk\\\/?p=33816\"},\"author\":{\"name\":\"Pova\u017esk\u00e9 m\u00fazeum\",\"@id\":\"https:\\\/\\\/pmza.sk\\\/#\\\/schema\\\/person\\\/595e6a2ce731ea94dcd5d7f50a41ae33\"},\"headline\":\"Re\u0161taurovanie cirkevn\u00fdch text\u00edli\u00ed zo zbierok Pova\u017esk\u00e9ho m\u00fazea\",\"datePublished\":\"2019-05-23T11:47:36+00:00\",\"mainEntityOfPage\":{\"@id\":\"https:\\\/\\\/pmza.sk\\\/?p=33816\"},\"wordCount\":213,\"publisher\":{\"@id\":\"https:\\\/\\\/pmza.sk\\\/#organization\"},\"image\":{\"@id\":\"https:\\\/\\\/pmza.sk\\\/?p=33816#primaryimage\"},\"thumbnailUrl\":\"https:\\\/\\\/pmza.sk\\\/wp-content\\\/uploads\\\/2019\\\/05\\\/IMG_9383.jpg\",\"articleSection\":[\"Aktuality\"],\"inLanguage\":\"sk-SK\"},{\"@type\":\"WebPage\",\"@id\":\"https:\\\/\\\/pmza.sk\\\/?p=33816\",\"url\":\"https:\\\/\\\/pmza.sk\\\/?p=33816\",\"name\":\"Re\u0161taurovanie cirkevn\u00fdch text\u00edli\u00ed zo zbierok Pova\u017esk\u00e9ho m\u00fazea - Pova\u017esk\u00e9 m\u00fazeum\",\"isPartOf\":{\"@id\":\"https:\\\/\\\/pmza.sk\\\/#website\"},\"primaryImageOfPage\":{\"@id\":\"https:\\\/\\\/pmza.sk\\\/?p=33816#primaryimage\"},\"image\":{\"@id\":\"https:\\\/\\\/pmza.sk\\\/?p=33816#primaryimage\"},\"thumbnailUrl\":\"https:\\\/\\\/pmza.sk\\\/wp-content\\\/uploads\\\/2019\\\/05\\\/IMG_9383.jpg\",\"datePublished\":\"2019-05-23T11:47:36+00:00\",\"breadcrumb\":{\"@id\":\"https:\\\/\\\/pmza.sk\\\/?p=33816#breadcrumb\"},\"inLanguage\":\"sk-SK\",\"potentialAction\":[{\"@type\":\"ReadAction\",\"target\":[\"https:\\\/\\\/pmza.sk\\\/?p=33816\"]}]},{\"@type\":\"ImageObject\",\"inLanguage\":\"sk-SK\",\"@id\":\"https:\\\/\\\/pmza.sk\\\/?p=33816#primaryimage\",\"url\":\"https:\\\/\\\/pmza.sk\\\/wp-content\\\/uploads\\\/2019\\\/05\\\/IMG_9383.jpg\",\"contentUrl\":\"https:\\\/\\\/pmza.sk\\\/wp-content\\\/uploads\\\/2019\\\/05\\\/IMG_9383.jpg\",\"width\":1024,\"height\":683},{\"@type\":\"BreadcrumbList\",\"@id\":\"https:\\\/\\\/pmza.sk\\\/?p=33816#breadcrumb\",\"itemListElement\":[{\"@type\":\"ListItem\",\"position\":1,\"name\":\"Domovsk\u00e1 str\u00e1nka\",\"item\":\"https:\\\/\\\/pmza.sk\\\/\"},{\"@type\":\"ListItem\",\"position\":2,\"name\":\"Re\u0161taurovanie cirkevn\u00fdch text\u00edli\u00ed zo zbierok Pova\u017esk\u00e9ho m\u00fazea\"}]},{\"@type\":\"WebSite\",\"@id\":\"https:\\\/\\\/pmza.sk\\\/#website\",\"url\":\"https:\\\/\\\/pmza.sk\\\/\",\"name\":\"Pova\u017esk\u00e9 m\u00fazeum\",\"description\":\"Pova\u017esk\u00e9 m\u00fazeum v \u017diline je region\u00e1lne m\u00fazeum so s\u00eddlom v Budat\u00edne. Jeho expoz\u00edcie s\u00fa zameran\u00e9 na dejiny slovensk\u00e9ho umenia, kult\u00fary a dopravy.\",\"publisher\":{\"@id\":\"https:\\\/\\\/pmza.sk\\\/#organization\"},\"potentialAction\":[{\"@type\":\"SearchAction\",\"target\":{\"@type\":\"EntryPoint\",\"urlTemplate\":\"https:\\\/\\\/pmza.sk\\\/?s={search_term_string}\"},\"query-input\":{\"@type\":\"PropertyValueSpecification\",\"valueRequired\":true,\"valueName\":\"search_term_string\"}}],\"inLanguage\":\"sk-SK\"},{\"@type\":\"Organization\",\"@id\":\"https:\\\/\\\/pmza.sk\\\/#organization\",\"name\":\"Pova\u017esk\u00e9 m\u00fazeum\",\"url\":\"https:\\\/\\\/pmza.sk\\\/\",\"logo\":{\"@type\":\"ImageObject\",\"inLanguage\":\"sk-SK\",\"@id\":\"https:\\\/\\\/pmza.sk\\\/#\\\/schema\\\/logo\\\/image\\\/\",\"url\":\"https:\\\/\\\/pmza.sk\\\/wp-content\\\/uploads\\\/2022\\\/01\\\/logo_PM_horizontal.jpg\",\"contentUrl\":\"https:\\\/\\\/pmza.sk\\\/wp-content\\\/uploads\\\/2022\\\/01\\\/logo_PM_horizontal.jpg\",\"width\":231,\"height\":142,\"caption\":\"Pova\u017esk\u00e9 m\u00fazeum\"},\"image\":{\"@id\":\"https:\\\/\\\/pmza.sk\\\/#\\\/schema\\\/logo\\\/image\\\/\"},\"sameAs\":[\"https:\\\/\\\/www.facebook.com\\\/povazskemuzeum\",\"https:\\\/\\\/www.instagram.com\\\/povazskemuzeum\\\/\"]},{\"@type\":\"Person\",\"@id\":\"https:\\\/\\\/pmza.sk\\\/#\\\/schema\\\/person\\\/595e6a2ce731ea94dcd5d7f50a41ae33\",\"name\":\"Pova\u017esk\u00e9 m\u00fazeum\",\"image\":{\"@type\":\"ImageObject\",\"inLanguage\":\"sk-SK\",\"@id\":\"https:\\\/\\\/secure.gravatar.com\\\/avatar\\\/2bb7f1561282132fb5826dfeccc66c7996d11ee392ac6aaf7ced8a1c2027fbb2?s=96&d=mm&r=g\",\"url\":\"https:\\\/\\\/secure.gravatar.com\\\/avatar\\\/2bb7f1561282132fb5826dfeccc66c7996d11ee392ac6aaf7ced8a1c2027fbb2?s=96&d=mm&r=g\",\"contentUrl\":\"https:\\\/\\\/secure.gravatar.com\\\/avatar\\\/2bb7f1561282132fb5826dfeccc66c7996d11ee392ac6aaf7ced8a1c2027fbb2?s=96&d=mm&r=g\",\"caption\":\"Pova\u017esk\u00e9 m\u00fazeum\"}}]}<\/script>\n<!-- \/ Yoast SEO plugin. -->","yoast_head_json":{"title":"Re\u0161taurovanie cirkevn\u00fdch text\u00edli\u00ed zo zbierok Pova\u017esk\u00e9ho m\u00fazea - Pova\u017esk\u00e9 m\u00fazeum","robots":{"index":"index","follow":"follow","max-snippet":"max-snippet:-1","max-image-preview":"max-image-preview:large","max-video-preview":"max-video-preview:-1"},"canonical":"https:\/\/pmza.sk\/?p=33816","og_locale":"sk_SK","og_type":"article","og_title":"Re\u0161taurovanie cirkevn\u00fdch text\u00edli\u00ed zo zbierok Pova\u017esk\u00e9ho m\u00fazea - Pova\u017esk\u00e9 m\u00fazeum","og_description":"V\u00a0roku 2018 Fond na podporu umenia podporil projekt re\u0161taurovania cirkevn\u00fdch text\u00edli\u00ed zo zbierok PMZA. Jedn\u00e1 sa o\u00a0dva orn\u00e1ty (kazuly), dve \u0161t\u00f3ly a\u00a0dve prikr\u00fdvadl\u00e1. Cirkevn\u00e9 text\u00edlie poch\u00e1dzaj\u00fa z\u00a0n\u00e1\u0161ho regi\u00f3nu, konkr\u00e9tne z\u00a0Rajeckej Lesnej a\u00a0odzrkad\u013euj\u00fa pr\u00e1cu zn\u00e1mej viedenskej firmy Krickl und Schweiger. Text\u00edlie mali v\u00fdrazn\u00e9 povrchov\u00e9 zne\u010distenie, tvarov\u00e9 deform\u00e1cie tkan\u00edn, uvo\u013enen\u00e9 \u0161v\u00edky, rozpadnut\u00e9 a\u00a0po\u0161koden\u00e9 v\u00fd\u0161ivky a\u00a0boli napadnut\u00e9 ples\u0148ami. [&hellip;]","og_url":"https:\/\/pmza.sk\/?p=33816","og_site_name":"Pova\u017esk\u00e9 m\u00fazeum","article_publisher":"https:\/\/www.facebook.com\/povazskemuzeum","article_published_time":"2019-05-23T11:47:36+00:00","og_image":[{"width":1024,"height":683,"url":"https:\/\/pmza.sk\/wp-content\/uploads\/2019\/05\/IMG_9383.jpg","type":"image\/jpeg"}],"author":"Pova\u017esk\u00e9 m\u00fazeum","twitter_card":"summary_large_image","twitter_misc":{"Autor":"Pova\u017esk\u00e9 m\u00fazeum","Predpokladan\u00fd \u010das \u010d\u00edtania":"1 min\u00fata"},"schema":{"@context":"https:\/\/schema.org","@graph":[{"@type":"Article","@id":"https:\/\/pmza.sk\/?p=33816#article","isPartOf":{"@id":"https:\/\/pmza.sk\/?p=33816"},"author":{"name":"Pova\u017esk\u00e9 m\u00fazeum","@id":"https:\/\/pmza.sk\/#\/schema\/person\/595e6a2ce731ea94dcd5d7f50a41ae33"},"headline":"Re\u0161taurovanie cirkevn\u00fdch text\u00edli\u00ed zo zbierok Pova\u017esk\u00e9ho m\u00fazea","datePublished":"2019-05-23T11:47:36+00:00","mainEntityOfPage":{"@id":"https:\/\/pmza.sk\/?p=33816"},"wordCount":213,"publisher":{"@id":"https:\/\/pmza.sk\/#organization"},"image":{"@id":"https:\/\/pmza.sk\/?p=33816#primaryimage"},"thumbnailUrl":"https:\/\/pmza.sk\/wp-content\/uploads\/2019\/05\/IMG_9383.jpg","articleSection":["Aktuality"],"inLanguage":"sk-SK"},{"@type":"WebPage","@id":"https:\/\/pmza.sk\/?p=33816","url":"https:\/\/pmza.sk\/?p=33816","name":"Re\u0161taurovanie cirkevn\u00fdch text\u00edli\u00ed zo zbierok Pova\u017esk\u00e9ho m\u00fazea - Pova\u017esk\u00e9 m\u00fazeum","isPartOf":{"@id":"https:\/\/pmza.sk\/#website"},"primaryImageOfPage":{"@id":"https:\/\/pmza.sk\/?p=33816#primaryimage"},"image":{"@id":"https:\/\/pmza.sk\/?p=33816#primaryimage"},"thumbnailUrl":"https:\/\/pmza.sk\/wp-content\/uploads\/2019\/05\/IMG_9383.jpg","datePublished":"2019-05-23T11:47:36+00:00","breadcrumb":{"@id":"https:\/\/pmza.sk\/?p=33816#breadcrumb"},"inLanguage":"sk-SK","potentialAction":[{"@type":"ReadAction","target":["https:\/\/pmza.sk\/?p=33816"]}]},{"@type":"ImageObject","inLanguage":"sk-SK","@id":"https:\/\/pmza.sk\/?p=33816#primaryimage","url":"https:\/\/pmza.sk\/wp-content\/uploads\/2019\/05\/IMG_9383.jpg","contentUrl":"https:\/\/pmza.sk\/wp-content\/uploads\/2019\/05\/IMG_9383.jpg","width":1024,"height":683},{"@type":"BreadcrumbList","@id":"https:\/\/pmza.sk\/?p=33816#breadcrumb","itemListElement":[{"@type":"ListItem","position":1,"name":"Domovsk\u00e1 str\u00e1nka","item":"https:\/\/pmza.sk\/"},{"@type":"ListItem","position":2,"name":"Re\u0161taurovanie cirkevn\u00fdch text\u00edli\u00ed zo zbierok Pova\u017esk\u00e9ho m\u00fazea"}]},{"@type":"WebSite","@id":"https:\/\/pmza.sk\/#website","url":"https:\/\/pmza.sk\/","name":"Pova\u017esk\u00e9 m\u00fazeum","description":"Pova\u017esk\u00e9 m\u00fazeum v \u017diline je region\u00e1lne m\u00fazeum so s\u00eddlom v Budat\u00edne. Jeho expoz\u00edcie s\u00fa zameran\u00e9 na dejiny slovensk\u00e9ho umenia, kult\u00fary a dopravy.","publisher":{"@id":"https:\/\/pmza.sk\/#organization"},"potentialAction":[{"@type":"SearchAction","target":{"@type":"EntryPoint","urlTemplate":"https:\/\/pmza.sk\/?s={search_term_string}"},"query-input":{"@type":"PropertyValueSpecification","valueRequired":true,"valueName":"search_term_string"}}],"inLanguage":"sk-SK"},{"@type":"Organization","@id":"https:\/\/pmza.sk\/#organization","name":"Pova\u017esk\u00e9 m\u00fazeum","url":"https:\/\/pmza.sk\/","logo":{"@type":"ImageObject","inLanguage":"sk-SK","@id":"https:\/\/pmza.sk\/#\/schema\/logo\/image\/","url":"https:\/\/pmza.sk\/wp-content\/uploads\/2022\/01\/logo_PM_horizontal.jpg","contentUrl":"https:\/\/pmza.sk\/wp-content\/uploads\/2022\/01\/logo_PM_horizontal.jpg","width":231,"height":142,"caption":"Pova\u017esk\u00e9 m\u00fazeum"},"image":{"@id":"https:\/\/pmza.sk\/#\/schema\/logo\/image\/"},"sameAs":["https:\/\/www.facebook.com\/povazskemuzeum","https:\/\/www.instagram.com\/povazskemuzeum\/"]},{"@type":"Person","@id":"https:\/\/pmza.sk\/#\/schema\/person\/595e6a2ce731ea94dcd5d7f50a41ae33","name":"Pova\u017esk\u00e9 m\u00fazeum","image":{"@type":"ImageObject","inLanguage":"sk-SK","@id":"https:\/\/secure.gravatar.com\/avatar\/2bb7f1561282132fb5826dfeccc66c7996d11ee392ac6aaf7ced8a1c2027fbb2?s=96&d=mm&r=g","url":"https:\/\/secure.gravatar.com\/avatar\/2bb7f1561282132fb5826dfeccc66c7996d11ee392ac6aaf7ced8a1c2027fbb2?s=96&d=mm&r=g","contentUrl":"https:\/\/secure.gravatar.com\/avatar\/2bb7f1561282132fb5826dfeccc66c7996d11ee392ac6aaf7ced8a1c2027fbb2?s=96&d=mm&r=g","caption":"Pova\u017esk\u00e9 m\u00fazeum"}}]}},"_links":{"self":[{"href":"https:\/\/pmza.sk\/index.php?rest_route=\/wp\/v2\/posts\/33816","targetHints":{"allow":["GET"]}}],"collection":[{"href":"https:\/\/pmza.sk\/index.php?rest_route=\/wp\/v2\/posts"}],"about":[{"href":"https:\/\/pmza.sk\/index.php?rest_route=\/wp\/v2\/types\/post"}],"author":[{"embeddable":true,"href":"https:\/\/pmza.sk\/index.php?rest_route=\/wp\/v2\/users\/2"}],"replies":[{"embeddable":true,"href":"https:\/\/pmza.sk\/index.php?rest_route=%2Fwp%2Fv2%2Fcomments&post=33816"}],"version-history":[{"count":0,"href":"https:\/\/pmza.sk\/index.php?rest_route=\/wp\/v2\/posts\/33816\/revisions"}],"wp:featuredmedia":[{"embeddable":true,"href":"https:\/\/pmza.sk\/index.php?rest_route=\/wp\/v2\/media\/33817"}],"wp:attachment":[{"href":"https:\/\/pmza.sk\/index.php?rest_route=%2Fwp%2Fv2%2Fmedia&parent=33816"}],"wp:term":[{"taxonomy":"category","embeddable":true,"href":"https:\/\/pmza.sk\/index.php?rest_route=%2Fwp%2Fv2%2Fcategories&post=33816"},{"taxonomy":"post_tag","embeddable":true,"href":"https:\/\/pmza.sk\/index.php?rest_route=%2Fwp%2Fv2%2Ftags&post=33816"}],"curies":[{"name":"wp","href":"https:\/\/api.w.org\/{rel}","templated":true}]}}