{"id":33911,"date":"2019-05-23T15:14:29","date_gmt":"2019-05-23T13:14:29","guid":{"rendered":"https:\/\/pmza.sk\/?p=33911"},"modified":"2019-05-23T15:14:29","modified_gmt":"2019-05-23T13:14:29","slug":"muzejnici-navstivili-kolegov-na-zahori-aj-v-rakusku","status":"publish","type":"post","link":"https:\/\/pmza.sk\/?p=33911","title":{"rendered":"M\u00fazejn\u00edci nav\u0161t\u00edvili kolegov na Z\u00e1hor\u00ed aj v Rak\u00fasku"},"content":{"rendered":"<p>Na za\u010diatku m\u00e1ja nav\u0161t\u00edvili pracovn\u00edci Pova\u017esk\u00e9ho m\u00fazea v\u00a0\u017diline kolegov zo Z\u00e1horsk\u00e9ho m\u00fazea v\u00a0Skalici. Prezreli si st\u00e1lu expoz\u00edciu pozost\u00e1vaj\u00facu z\u00a0n\u00e1rodopisnej, archeologickej a\u00a0historickej \u010dasti, obdivovali il\u00faziu \u013eudov\u00e9ho domu so sie\u0148ou a\u00a0izbou pod\u013ea architekta Du\u0161ana Jurkovi\u010da, tzv. blahovsk\u00fa izbu aj sal\u00f3n sestier Jurkovi\u010dov\u00fdch.<\/p>\n<p><strong>\u010carovn\u00e9 Z\u00e1horie<\/strong><\/p>\n<p>Potom sa presunuli do Hol\u00ed\u010dskeho z\u00e1mku, v\u00a0ktor\u00e9ho zrekon\u0161truovanej \u010dasti sa nach\u00e1dza Mestsk\u00e9 m\u00fazeum a\u00a0gal\u00e9ria v\u00a0Hol\u00ed\u010di. Majest\u00e1tna budova s\u00a0pri\u013eahlou vodnou priekopou a\u00a0zachovan\u00fdmi chodbami v\u00a0podzem\u00ed p\u00f4sobila naozaj tajomne. Cesti\u010dka uprostred vo\u0148av\u00fdch \u017elt\u00fdch pol\u00ed ich nesk\u00f4r zaviedla do Kostola sv. Margity Antiochijskej pri obci Kop\u010dany. Priestorovo skromn\u00e1 stavba poch\u00e1dzaj\u00faca z\u00a09. storo\u010dia d\u00fdchala \u010darovnou atmosf\u00e9rou, ktor\u00fa umoc\u0148ovalo okolit\u00e9 prostredie. Zauj\u00edmav\u00fd de\u0148 zakon\u010dili ochutn\u00e1vkou tradi\u010dn\u00fdch trdeln\u00edkov, ktor\u00fdch v\u00fdrobu videli na vlastn\u00e9 o\u010di.<\/p>\n<p><strong>Na skok u susedov<\/strong><\/p>\n<p>Pozn\u00e1vanie m\u00faze\u00ed a\u00a0vzdel\u00e1vanie v\u00a0oblasti kult\u00fary pokra\u010dovalo aj za hranicami Slovenska. V r\u00edmskej mestskej \u0161tvrti v\u00a0rak\u00faskom Carnunte nav\u0161t\u00edvili \u0161tyri zrekon\u0161truovan\u00e9 budovy v stavebnom \u0161t\u00fdle 4. storo\u010dia n. l. Prech\u00e1dzali sa po miestnostiach me\u0161tianskeho domu, elegantnej mestskej vily, videli aj r\u00edmske k\u00fapele a jedin\u00fa zachovan\u00fa mozaiku Carnunta, chr\u00e1nen\u00fa v domus quarta. Sprev\u00e1dzal ich slovensk\u00fd lektor a\u00a0archeologi\u010dka, ktor\u00ed v\u00a0m\u00fazeu pracuj\u00fa u\u017e nieko\u013eko rokov. Pekn\u00e9 chv\u00edle str\u00e1vili i v\u00a0z\u00e1mku Schlosshof. Lektori, taktie\u017e p\u00f4vodom zo Slovenska, ne\u0161etrili zauj\u00edmavos\u0165ami a\u00a0prostredn\u00edctvom ich p\u00fatav\u00e9ho v\u00fdkladu mali v\u0161etci pocit, \u017ee sa ocitli v\u00a0\u010dasoch Eugena Savojsk\u00e9ho \u010di M\u00e1rie Ter\u00e9zie. Prech\u00e1dzka po teras\u00e1ch barokovej z\u00e1hrady a statku so zvieratami bola pr\u00edjemn\u00fdm spestren\u00edm ru\u0161n\u00e9ho d\u0148a.<\/p>\n<p>Prostredn\u00edctvom exkurzie nazbierali zamestnanci nov\u00e9 a\u00a0in\u0161pirat\u00edvne poznatky a\u00a0z\u00e1rove\u0148 utu\u017eili dobr\u00e9 vz\u0165ahy v\u00a0kolekt\u00edve aj v m\u00fazejnej obci mimo svojho pracoviska.\u00a0\u00a0<\/p>\n<p><img fetchpriority=\"high\" decoding=\"async\" class=\"size-thumbnail wp-image-33912 alignleft\" src=\"https:\/\/pmza.sk\/wp-content\/uploads\/2019\/05\/IMG_7040-475x300.jpg\" alt=\"\" width=\"475\" height=\"300\" \/> <img decoding=\"async\" class=\"size-thumbnail wp-image-33913 alignleft\" src=\"https:\/\/pmza.sk\/wp-content\/uploads\/2019\/05\/IMG_7057-475x300.jpg\" alt=\"\" width=\"475\" height=\"300\" \/> <img decoding=\"async\" class=\"size-thumbnail wp-image-33914 alignleft\" src=\"https:\/\/pmza.sk\/wp-content\/uploads\/2019\/05\/IMG_7087-475x300.jpg\" alt=\"\" width=\"475\" height=\"300\" \/> <img loading=\"lazy\" decoding=\"async\" class=\"size-thumbnail wp-image-33915 alignleft\" src=\"https:\/\/pmza.sk\/wp-content\/uploads\/2019\/05\/IMG_7095-475x300.jpg\" alt=\"\" width=\"475\" height=\"300\" \/> <img loading=\"lazy\" decoding=\"async\" class=\"size-thumbnail wp-image-33916 alignleft\" src=\"https:\/\/pmza.sk\/wp-content\/uploads\/2019\/05\/IMG_7104-475x300.jpg\" alt=\"\" width=\"475\" height=\"300\" \/> <img loading=\"lazy\" decoding=\"async\" class=\"size-thumbnail wp-image-33917 alignleft\" src=\"https:\/\/pmza.sk\/wp-content\/uploads\/2019\/05\/IMG_7108-475x300.jpg\" alt=\"\" width=\"475\" height=\"300\" \/> <img loading=\"lazy\" decoding=\"async\" class=\"size-thumbnail wp-image-33919 alignleft\" src=\"https:\/\/pmza.sk\/wp-content\/uploads\/2019\/05\/IMG_7121-475x300.jpg\" alt=\"\" width=\"475\" height=\"300\" \/> <img loading=\"lazy\" decoding=\"async\" class=\"size-thumbnail wp-image-33922 alignleft\" src=\"https:\/\/pmza.sk\/wp-content\/uploads\/2019\/05\/IMG_7126-475x300.jpg\" alt=\"\" width=\"475\" height=\"300\" \/> <img loading=\"lazy\" decoding=\"async\" class=\"size-thumbnail wp-image-33923 alignleft\" src=\"https:\/\/pmza.sk\/wp-content\/uploads\/2019\/05\/IMG_7142-475x300.jpg\" alt=\"\" width=\"475\" height=\"300\" \/> <img loading=\"lazy\" decoding=\"async\" class=\"size-thumbnail wp-image-33924 alignleft\" src=\"https:\/\/pmza.sk\/wp-content\/uploads\/2019\/05\/IMG_7151-475x300.jpg\" alt=\"\" width=\"475\" height=\"300\" \/> <img loading=\"lazy\" decoding=\"async\" class=\"size-thumbnail wp-image-33925 alignleft\" src=\"https:\/\/pmza.sk\/wp-content\/uploads\/2019\/05\/IMG_7158-475x300.jpg\" alt=\"\" width=\"475\" height=\"300\" \/> <img loading=\"lazy\" decoding=\"async\" class=\"size-thumbnail wp-image-33926 alignleft\" src=\"https:\/\/pmza.sk\/wp-content\/uploads\/2019\/05\/IMG_7165-475x300.jpg\" alt=\"\" width=\"475\" height=\"300\" \/> <img loading=\"lazy\" decoding=\"async\" class=\"size-thumbnail wp-image-33927 alignleft\" src=\"https:\/\/pmza.sk\/wp-content\/uploads\/2019\/05\/IMG_7173-475x300.jpg\" alt=\"\" width=\"475\" height=\"300\" \/> <img loading=\"lazy\" decoding=\"async\" class=\"size-thumbnail wp-image-33928 alignleft\" src=\"https:\/\/pmza.sk\/wp-content\/uploads\/2019\/05\/IMG_7198-475x300.jpg\" alt=\"\" width=\"475\" height=\"300\" \/> <img loading=\"lazy\" decoding=\"async\" class=\"size-thumbnail wp-image-33929 alignleft\" src=\"https:\/\/pmza.sk\/wp-content\/uploads\/2019\/05\/IMG_7207-475x300.jpg\" alt=\"\" width=\"475\" height=\"300\" \/> <img loading=\"lazy\" decoding=\"async\" class=\"size-thumbnail wp-image-33930 alignleft\" src=\"https:\/\/pmza.sk\/wp-content\/uploads\/2019\/05\/IMG_7216-475x300.jpg\" alt=\"\" width=\"475\" height=\"300\" \/> <img loading=\"lazy\" decoding=\"async\" class=\" wp-image-33933 alignleft\" src=\"https:\/\/pmza.sk\/wp-content\/uploads\/2019\/05\/IMG_7296-475x300.jpg\" alt=\"\" width=\"470\" height=\"297\" \/> <img loading=\"lazy\" decoding=\"async\" class=\" wp-image-33932 alignleft\" src=\"https:\/\/pmza.sk\/wp-content\/uploads\/2019\/05\/IMG_7285-475x300.jpg\" alt=\"\" width=\"477\" height=\"301\" \/>\u00a0 <img loading=\"lazy\" decoding=\"async\" class=\"size-thumbnail wp-image-33931 alignleft\" src=\"https:\/\/pmza.sk\/wp-content\/uploads\/2019\/05\/IMG_7267-475x300.jpg\" alt=\"\" width=\"475\" height=\"300\" \/> <img loading=\"lazy\" decoding=\"async\" class=\"size-thumbnail wp-image-33935 alignleft\" src=\"https:\/\/pmza.sk\/wp-content\/uploads\/2019\/05\/IMG_7388-475x300.jpg\" alt=\"\" width=\"475\" height=\"300\" \/><\/p>\n<p><img loading=\"lazy\" decoding=\"async\" class=\"size-thumbnail wp-image-33934 alignleft\" src=\"https:\/\/pmza.sk\/wp-content\/uploads\/2019\/05\/IMG_7347-475x300.jpg\" alt=\"\" width=\"475\" height=\"300\" \/><\/p>\n<p>&nbsp;<\/p>\n<p>&nbsp;<\/p>\n<p><img loading=\"lazy\" decoding=\"async\" class=\"size-thumbnail wp-image-33936 alignleft\" src=\"https:\/\/pmza.sk\/wp-content\/uploads\/2019\/05\/IMG_7391-475x300.jpg\" alt=\"\" width=\"475\" height=\"300\" \/> <img loading=\"lazy\" decoding=\"async\" class=\"size-thumbnail wp-image-33938 alignleft\" src=\"https:\/\/pmza.sk\/wp-content\/uploads\/2019\/05\/IMG_7467-475x300.jpg\" alt=\"\" width=\"475\" height=\"300\" \/> <img loading=\"lazy\" decoding=\"async\" class=\"size-thumbnail wp-image-33939 alignleft\" src=\"https:\/\/pmza.sk\/wp-content\/uploads\/2019\/05\/IMG_7483-475x300.jpg\" alt=\"\" width=\"475\" height=\"300\" \/><\/p>\n<p>&nbsp;<\/p>\n","protected":false},"excerpt":{"rendered":"<p>Na za\u010diatku m\u00e1ja nav\u0161t\u00edvili pracovn\u00edci Pova\u017esk\u00e9ho m\u00fazea v\u00a0\u017diline kolegov zo Z\u00e1horsk\u00e9ho m\u00fazea v\u00a0Skalici. Prezreli si st\u00e1lu expoz\u00edciu pozost\u00e1vaj\u00facu z\u00a0n\u00e1rodopisnej, archeologickej a\u00a0historickej \u010dasti, obdivovali il\u00faziu \u013eudov\u00e9ho domu so sie\u0148ou a\u00a0izbou pod\u013ea architekta Du\u0161ana Jurkovi\u010da, tzv. blahovsk\u00fa izbu aj sal\u00f3n sestier Jurkovi\u010dov\u00fdch. \u010carovn\u00e9 Z\u00e1horie Potom sa presunuli do Hol\u00ed\u010dskeho z\u00e1mku, v\u00a0ktor\u00e9ho zrekon\u0161truovanej \u010dasti sa nach\u00e1dza Mestsk\u00e9 m\u00fazeum [&hellip;]<\/p>\n","protected":false},"author":2,"featured_media":33936,"comment_status":"closed","ping_status":"closed","sticky":false,"template":"","format":"standard","meta":{"site-sidebar-layout":"default","site-content-layout":"","ast-site-content-layout":"","site-content-style":"default","site-sidebar-style":"default","ast-global-header-display":"","ast-banner-title-visibility":"","ast-main-header-display":"","ast-hfb-above-header-display":"","ast-hfb-below-header-display":"","ast-hfb-mobile-header-display":"","site-post-title":"","ast-breadcrumbs-content":"","ast-featured-img":"","footer-sml-layout":"","theme-transparent-header-meta":"","adv-header-id-meta":"","stick-header-meta":"","header-above-stick-meta":"","header-main-stick-meta":"","header-below-stick-meta":"","astra-migrate-meta-layouts":"default","ast-page-background-enabled":"default","ast-page-background-meta":{"desktop":{"background-color":"var(--ast-global-color-4)","background-image":"","background-repeat":"repeat","background-position":"center center","background-size":"auto","background-attachment":"scroll","background-type":"","background-media":"","overlay-type":"","overlay-color":"","overlay-opacity":"","overlay-gradient":""},"tablet":{"background-color":"","background-image":"","background-repeat":"repeat","background-position":"center center","background-size":"auto","background-attachment":"scroll","background-type":"","background-media":"","overlay-type":"","overlay-color":"","overlay-opacity":"","overlay-gradient":""},"mobile":{"background-color":"","background-image":"","background-repeat":"repeat","background-position":"center center","background-size":"auto","background-attachment":"scroll","background-type":"","background-media":"","overlay-type":"","overlay-color":"","overlay-opacity":"","overlay-gradient":""}},"ast-content-background-meta":{"desktop":{"background-color":"var(--ast-global-color-5)","background-image":"","background-repeat":"repeat","background-position":"center center","background-size":"auto","background-attachment":"scroll","background-type":"","background-media":"","overlay-type":"","overlay-color":"","overlay-opacity":"","overlay-gradient":""},"tablet":{"background-color":"var(--ast-global-color-5)","background-image":"","background-repeat":"repeat","background-position":"center center","background-size":"auto","background-attachment":"scroll","background-type":"","background-media":"","overlay-type":"","overlay-color":"","overlay-opacity":"","overlay-gradient":""},"mobile":{"background-color":"var(--ast-global-color-5)","background-image":"","background-repeat":"repeat","background-position":"center center","background-size":"auto","background-attachment":"scroll","background-type":"","background-media":"","overlay-type":"","overlay-color":"","overlay-opacity":"","overlay-gradient":""}},"footnotes":""},"categories":[31],"tags":[],"class_list":["post-33911","post","type-post","status-publish","format-standard","has-post-thumbnail","hentry","category-aktuality"],"yoast_head":"<!-- This site is optimized with the Yoast SEO plugin v27.4 - https:\/\/yoast.com\/product\/yoast-seo-wordpress\/ -->\n<title>M\u00fazejn\u00edci nav\u0161t\u00edvili kolegov na Z\u00e1hor\u00ed aj v Rak\u00fasku - Pova\u017esk\u00e9 m\u00fazeum<\/title>\n<meta name=\"robots\" content=\"index, follow, max-snippet:-1, max-image-preview:large, max-video-preview:-1\" \/>\n<link rel=\"canonical\" href=\"https:\/\/pmza.sk\/?p=33911\" \/>\n<meta property=\"og:locale\" content=\"sk_SK\" \/>\n<meta property=\"og:type\" content=\"article\" \/>\n<meta property=\"og:title\" content=\"M\u00fazejn\u00edci nav\u0161t\u00edvili kolegov na Z\u00e1hor\u00ed aj v Rak\u00fasku - Pova\u017esk\u00e9 m\u00fazeum\" \/>\n<meta property=\"og:description\" content=\"Na za\u010diatku m\u00e1ja nav\u0161t\u00edvili pracovn\u00edci Pova\u017esk\u00e9ho m\u00fazea v\u00a0\u017diline kolegov zo Z\u00e1horsk\u00e9ho m\u00fazea v\u00a0Skalici. Prezreli si st\u00e1lu expoz\u00edciu pozost\u00e1vaj\u00facu z\u00a0n\u00e1rodopisnej, archeologickej a\u00a0historickej \u010dasti, obdivovali il\u00faziu \u013eudov\u00e9ho domu so sie\u0148ou a\u00a0izbou pod\u013ea architekta Du\u0161ana Jurkovi\u010da, tzv. blahovsk\u00fa izbu aj sal\u00f3n sestier Jurkovi\u010dov\u00fdch. \u010carovn\u00e9 Z\u00e1horie Potom sa presunuli do Hol\u00ed\u010dskeho z\u00e1mku, v\u00a0ktor\u00e9ho zrekon\u0161truovanej \u010dasti sa nach\u00e1dza Mestsk\u00e9 m\u00fazeum [&hellip;]\" \/>\n<meta property=\"og:url\" content=\"https:\/\/pmza.sk\/?p=33911\" \/>\n<meta property=\"og:site_name\" content=\"Pova\u017esk\u00e9 m\u00fazeum\" \/>\n<meta property=\"article:publisher\" content=\"https:\/\/www.facebook.com\/povazskemuzeum\" \/>\n<meta property=\"article:published_time\" content=\"2019-05-23T13:14:29+00:00\" \/>\n<meta property=\"og:image\" content=\"https:\/\/pmza.sk\/wp-content\/uploads\/2019\/05\/IMG_7391-scaled-1.jpg\" \/>\n\t<meta property=\"og:image:width\" content=\"2560\" \/>\n\t<meta property=\"og:image:height\" content=\"1707\" \/>\n\t<meta property=\"og:image:type\" content=\"image\/jpeg\" \/>\n<meta name=\"author\" content=\"Pova\u017esk\u00e9 m\u00fazeum\" \/>\n<meta name=\"twitter:card\" content=\"summary_large_image\" \/>\n<meta name=\"twitter:label1\" content=\"Autor\" \/>\n\t<meta name=\"twitter:data1\" content=\"Pova\u017esk\u00e9 m\u00fazeum\" \/>\n\t<meta name=\"twitter:label2\" content=\"Predpokladan\u00fd \u010das \u010d\u00edtania\" \/>\n\t<meta name=\"twitter:data2\" content=\"2 min\u00faty\" \/>\n<script type=\"application\/ld+json\" class=\"yoast-schema-graph\">{\"@context\":\"https:\\\/\\\/schema.org\",\"@graph\":[{\"@type\":\"Article\",\"@id\":\"https:\\\/\\\/pmza.sk\\\/?p=33911#article\",\"isPartOf\":{\"@id\":\"https:\\\/\\\/pmza.sk\\\/?p=33911\"},\"author\":{\"name\":\"Pova\u017esk\u00e9 m\u00fazeum\",\"@id\":\"https:\\\/\\\/pmza.sk\\\/#\\\/schema\\\/person\\\/595e6a2ce731ea94dcd5d7f50a41ae33\"},\"headline\":\"M\u00fazejn\u00edci nav\u0161t\u00edvili kolegov na Z\u00e1hor\u00ed aj v Rak\u00fasku\",\"datePublished\":\"2019-05-23T13:14:29+00:00\",\"mainEntityOfPage\":{\"@id\":\"https:\\\/\\\/pmza.sk\\\/?p=33911\"},\"wordCount\":385,\"publisher\":{\"@id\":\"https:\\\/\\\/pmza.sk\\\/#organization\"},\"image\":{\"@id\":\"https:\\\/\\\/pmza.sk\\\/?p=33911#primaryimage\"},\"thumbnailUrl\":\"https:\\\/\\\/pmza.sk\\\/wp-content\\\/uploads\\\/2019\\\/05\\\/IMG_7391-scaled-1.jpg\",\"articleSection\":[\"Aktuality\"],\"inLanguage\":\"sk-SK\"},{\"@type\":\"WebPage\",\"@id\":\"https:\\\/\\\/pmza.sk\\\/?p=33911\",\"url\":\"https:\\\/\\\/pmza.sk\\\/?p=33911\",\"name\":\"M\u00fazejn\u00edci nav\u0161t\u00edvili kolegov na Z\u00e1hor\u00ed aj v Rak\u00fasku - Pova\u017esk\u00e9 m\u00fazeum\",\"isPartOf\":{\"@id\":\"https:\\\/\\\/pmza.sk\\\/#website\"},\"primaryImageOfPage\":{\"@id\":\"https:\\\/\\\/pmza.sk\\\/?p=33911#primaryimage\"},\"image\":{\"@id\":\"https:\\\/\\\/pmza.sk\\\/?p=33911#primaryimage\"},\"thumbnailUrl\":\"https:\\\/\\\/pmza.sk\\\/wp-content\\\/uploads\\\/2019\\\/05\\\/IMG_7391-scaled-1.jpg\",\"datePublished\":\"2019-05-23T13:14:29+00:00\",\"breadcrumb\":{\"@id\":\"https:\\\/\\\/pmza.sk\\\/?p=33911#breadcrumb\"},\"inLanguage\":\"sk-SK\",\"potentialAction\":[{\"@type\":\"ReadAction\",\"target\":[\"https:\\\/\\\/pmza.sk\\\/?p=33911\"]}]},{\"@type\":\"ImageObject\",\"inLanguage\":\"sk-SK\",\"@id\":\"https:\\\/\\\/pmza.sk\\\/?p=33911#primaryimage\",\"url\":\"https:\\\/\\\/pmza.sk\\\/wp-content\\\/uploads\\\/2019\\\/05\\\/IMG_7391-scaled-1.jpg\",\"contentUrl\":\"https:\\\/\\\/pmza.sk\\\/wp-content\\\/uploads\\\/2019\\\/05\\\/IMG_7391-scaled-1.jpg\",\"width\":2560,\"height\":1707},{\"@type\":\"BreadcrumbList\",\"@id\":\"https:\\\/\\\/pmza.sk\\\/?p=33911#breadcrumb\",\"itemListElement\":[{\"@type\":\"ListItem\",\"position\":1,\"name\":\"Domovsk\u00e1 str\u00e1nka\",\"item\":\"https:\\\/\\\/pmza.sk\\\/\"},{\"@type\":\"ListItem\",\"position\":2,\"name\":\"M\u00fazejn\u00edci nav\u0161t\u00edvili kolegov na Z\u00e1hor\u00ed aj v Rak\u00fasku\"}]},{\"@type\":\"WebSite\",\"@id\":\"https:\\\/\\\/pmza.sk\\\/#website\",\"url\":\"https:\\\/\\\/pmza.sk\\\/\",\"name\":\"Pova\u017esk\u00e9 m\u00fazeum\",\"description\":\"Pova\u017esk\u00e9 m\u00fazeum v \u017diline je region\u00e1lne m\u00fazeum so s\u00eddlom v Budat\u00edne. Jeho expoz\u00edcie s\u00fa zameran\u00e9 na dejiny slovensk\u00e9ho umenia, kult\u00fary a dopravy.\",\"publisher\":{\"@id\":\"https:\\\/\\\/pmza.sk\\\/#organization\"},\"potentialAction\":[{\"@type\":\"SearchAction\",\"target\":{\"@type\":\"EntryPoint\",\"urlTemplate\":\"https:\\\/\\\/pmza.sk\\\/?s={search_term_string}\"},\"query-input\":{\"@type\":\"PropertyValueSpecification\",\"valueRequired\":true,\"valueName\":\"search_term_string\"}}],\"inLanguage\":\"sk-SK\"},{\"@type\":\"Organization\",\"@id\":\"https:\\\/\\\/pmza.sk\\\/#organization\",\"name\":\"Pova\u017esk\u00e9 m\u00fazeum\",\"url\":\"https:\\\/\\\/pmza.sk\\\/\",\"logo\":{\"@type\":\"ImageObject\",\"inLanguage\":\"sk-SK\",\"@id\":\"https:\\\/\\\/pmza.sk\\\/#\\\/schema\\\/logo\\\/image\\\/\",\"url\":\"https:\\\/\\\/pmza.sk\\\/wp-content\\\/uploads\\\/2022\\\/01\\\/logo_PM_horizontal.jpg\",\"contentUrl\":\"https:\\\/\\\/pmza.sk\\\/wp-content\\\/uploads\\\/2022\\\/01\\\/logo_PM_horizontal.jpg\",\"width\":231,\"height\":142,\"caption\":\"Pova\u017esk\u00e9 m\u00fazeum\"},\"image\":{\"@id\":\"https:\\\/\\\/pmza.sk\\\/#\\\/schema\\\/logo\\\/image\\\/\"},\"sameAs\":[\"https:\\\/\\\/www.facebook.com\\\/povazskemuzeum\",\"https:\\\/\\\/www.instagram.com\\\/povazskemuzeum\\\/\"]},{\"@type\":\"Person\",\"@id\":\"https:\\\/\\\/pmza.sk\\\/#\\\/schema\\\/person\\\/595e6a2ce731ea94dcd5d7f50a41ae33\",\"name\":\"Pova\u017esk\u00e9 m\u00fazeum\",\"image\":{\"@type\":\"ImageObject\",\"inLanguage\":\"sk-SK\",\"@id\":\"https:\\\/\\\/secure.gravatar.com\\\/avatar\\\/2bb7f1561282132fb5826dfeccc66c7996d11ee392ac6aaf7ced8a1c2027fbb2?s=96&d=mm&r=g\",\"url\":\"https:\\\/\\\/secure.gravatar.com\\\/avatar\\\/2bb7f1561282132fb5826dfeccc66c7996d11ee392ac6aaf7ced8a1c2027fbb2?s=96&d=mm&r=g\",\"contentUrl\":\"https:\\\/\\\/secure.gravatar.com\\\/avatar\\\/2bb7f1561282132fb5826dfeccc66c7996d11ee392ac6aaf7ced8a1c2027fbb2?s=96&d=mm&r=g\",\"caption\":\"Pova\u017esk\u00e9 m\u00fazeum\"}}]}<\/script>\n<!-- \/ Yoast SEO plugin. -->","yoast_head_json":{"title":"M\u00fazejn\u00edci nav\u0161t\u00edvili kolegov na Z\u00e1hor\u00ed aj v Rak\u00fasku - Pova\u017esk\u00e9 m\u00fazeum","robots":{"index":"index","follow":"follow","max-snippet":"max-snippet:-1","max-image-preview":"max-image-preview:large","max-video-preview":"max-video-preview:-1"},"canonical":"https:\/\/pmza.sk\/?p=33911","og_locale":"sk_SK","og_type":"article","og_title":"M\u00fazejn\u00edci nav\u0161t\u00edvili kolegov na Z\u00e1hor\u00ed aj v Rak\u00fasku - Pova\u017esk\u00e9 m\u00fazeum","og_description":"Na za\u010diatku m\u00e1ja nav\u0161t\u00edvili pracovn\u00edci Pova\u017esk\u00e9ho m\u00fazea v\u00a0\u017diline kolegov zo Z\u00e1horsk\u00e9ho m\u00fazea v\u00a0Skalici. Prezreli si st\u00e1lu expoz\u00edciu pozost\u00e1vaj\u00facu z\u00a0n\u00e1rodopisnej, archeologickej a\u00a0historickej \u010dasti, obdivovali il\u00faziu \u013eudov\u00e9ho domu so sie\u0148ou a\u00a0izbou pod\u013ea architekta Du\u0161ana Jurkovi\u010da, tzv. blahovsk\u00fa izbu aj sal\u00f3n sestier Jurkovi\u010dov\u00fdch. \u010carovn\u00e9 Z\u00e1horie Potom sa presunuli do Hol\u00ed\u010dskeho z\u00e1mku, v\u00a0ktor\u00e9ho zrekon\u0161truovanej \u010dasti sa nach\u00e1dza Mestsk\u00e9 m\u00fazeum [&hellip;]","og_url":"https:\/\/pmza.sk\/?p=33911","og_site_name":"Pova\u017esk\u00e9 m\u00fazeum","article_publisher":"https:\/\/www.facebook.com\/povazskemuzeum","article_published_time":"2019-05-23T13:14:29+00:00","og_image":[{"width":2560,"height":1707,"url":"https:\/\/pmza.sk\/wp-content\/uploads\/2019\/05\/IMG_7391-scaled-1.jpg","type":"image\/jpeg"}],"author":"Pova\u017esk\u00e9 m\u00fazeum","twitter_card":"summary_large_image","twitter_misc":{"Autor":"Pova\u017esk\u00e9 m\u00fazeum","Predpokladan\u00fd \u010das \u010d\u00edtania":"2 min\u00faty"},"schema":{"@context":"https:\/\/schema.org","@graph":[{"@type":"Article","@id":"https:\/\/pmza.sk\/?p=33911#article","isPartOf":{"@id":"https:\/\/pmza.sk\/?p=33911"},"author":{"name":"Pova\u017esk\u00e9 m\u00fazeum","@id":"https:\/\/pmza.sk\/#\/schema\/person\/595e6a2ce731ea94dcd5d7f50a41ae33"},"headline":"M\u00fazejn\u00edci nav\u0161t\u00edvili kolegov na Z\u00e1hor\u00ed aj v Rak\u00fasku","datePublished":"2019-05-23T13:14:29+00:00","mainEntityOfPage":{"@id":"https:\/\/pmza.sk\/?p=33911"},"wordCount":385,"publisher":{"@id":"https:\/\/pmza.sk\/#organization"},"image":{"@id":"https:\/\/pmza.sk\/?p=33911#primaryimage"},"thumbnailUrl":"https:\/\/pmza.sk\/wp-content\/uploads\/2019\/05\/IMG_7391-scaled-1.jpg","articleSection":["Aktuality"],"inLanguage":"sk-SK"},{"@type":"WebPage","@id":"https:\/\/pmza.sk\/?p=33911","url":"https:\/\/pmza.sk\/?p=33911","name":"M\u00fazejn\u00edci nav\u0161t\u00edvili kolegov na Z\u00e1hor\u00ed aj v Rak\u00fasku - Pova\u017esk\u00e9 m\u00fazeum","isPartOf":{"@id":"https:\/\/pmza.sk\/#website"},"primaryImageOfPage":{"@id":"https:\/\/pmza.sk\/?p=33911#primaryimage"},"image":{"@id":"https:\/\/pmza.sk\/?p=33911#primaryimage"},"thumbnailUrl":"https:\/\/pmza.sk\/wp-content\/uploads\/2019\/05\/IMG_7391-scaled-1.jpg","datePublished":"2019-05-23T13:14:29+00:00","breadcrumb":{"@id":"https:\/\/pmza.sk\/?p=33911#breadcrumb"},"inLanguage":"sk-SK","potentialAction":[{"@type":"ReadAction","target":["https:\/\/pmza.sk\/?p=33911"]}]},{"@type":"ImageObject","inLanguage":"sk-SK","@id":"https:\/\/pmza.sk\/?p=33911#primaryimage","url":"https:\/\/pmza.sk\/wp-content\/uploads\/2019\/05\/IMG_7391-scaled-1.jpg","contentUrl":"https:\/\/pmza.sk\/wp-content\/uploads\/2019\/05\/IMG_7391-scaled-1.jpg","width":2560,"height":1707},{"@type":"BreadcrumbList","@id":"https:\/\/pmza.sk\/?p=33911#breadcrumb","itemListElement":[{"@type":"ListItem","position":1,"name":"Domovsk\u00e1 str\u00e1nka","item":"https:\/\/pmza.sk\/"},{"@type":"ListItem","position":2,"name":"M\u00fazejn\u00edci nav\u0161t\u00edvili kolegov na Z\u00e1hor\u00ed aj v Rak\u00fasku"}]},{"@type":"WebSite","@id":"https:\/\/pmza.sk\/#website","url":"https:\/\/pmza.sk\/","name":"Pova\u017esk\u00e9 m\u00fazeum","description":"Pova\u017esk\u00e9 m\u00fazeum v \u017diline je region\u00e1lne m\u00fazeum so s\u00eddlom v Budat\u00edne. Jeho expoz\u00edcie s\u00fa zameran\u00e9 na dejiny slovensk\u00e9ho umenia, kult\u00fary a dopravy.","publisher":{"@id":"https:\/\/pmza.sk\/#organization"},"potentialAction":[{"@type":"SearchAction","target":{"@type":"EntryPoint","urlTemplate":"https:\/\/pmza.sk\/?s={search_term_string}"},"query-input":{"@type":"PropertyValueSpecification","valueRequired":true,"valueName":"search_term_string"}}],"inLanguage":"sk-SK"},{"@type":"Organization","@id":"https:\/\/pmza.sk\/#organization","name":"Pova\u017esk\u00e9 m\u00fazeum","url":"https:\/\/pmza.sk\/","logo":{"@type":"ImageObject","inLanguage":"sk-SK","@id":"https:\/\/pmza.sk\/#\/schema\/logo\/image\/","url":"https:\/\/pmza.sk\/wp-content\/uploads\/2022\/01\/logo_PM_horizontal.jpg","contentUrl":"https:\/\/pmza.sk\/wp-content\/uploads\/2022\/01\/logo_PM_horizontal.jpg","width":231,"height":142,"caption":"Pova\u017esk\u00e9 m\u00fazeum"},"image":{"@id":"https:\/\/pmza.sk\/#\/schema\/logo\/image\/"},"sameAs":["https:\/\/www.facebook.com\/povazskemuzeum","https:\/\/www.instagram.com\/povazskemuzeum\/"]},{"@type":"Person","@id":"https:\/\/pmza.sk\/#\/schema\/person\/595e6a2ce731ea94dcd5d7f50a41ae33","name":"Pova\u017esk\u00e9 m\u00fazeum","image":{"@type":"ImageObject","inLanguage":"sk-SK","@id":"https:\/\/secure.gravatar.com\/avatar\/2bb7f1561282132fb5826dfeccc66c7996d11ee392ac6aaf7ced8a1c2027fbb2?s=96&d=mm&r=g","url":"https:\/\/secure.gravatar.com\/avatar\/2bb7f1561282132fb5826dfeccc66c7996d11ee392ac6aaf7ced8a1c2027fbb2?s=96&d=mm&r=g","contentUrl":"https:\/\/secure.gravatar.com\/avatar\/2bb7f1561282132fb5826dfeccc66c7996d11ee392ac6aaf7ced8a1c2027fbb2?s=96&d=mm&r=g","caption":"Pova\u017esk\u00e9 m\u00fazeum"}}]}},"_links":{"self":[{"href":"https:\/\/pmza.sk\/index.php?rest_route=\/wp\/v2\/posts\/33911","targetHints":{"allow":["GET"]}}],"collection":[{"href":"https:\/\/pmza.sk\/index.php?rest_route=\/wp\/v2\/posts"}],"about":[{"href":"https:\/\/pmza.sk\/index.php?rest_route=\/wp\/v2\/types\/post"}],"author":[{"embeddable":true,"href":"https:\/\/pmza.sk\/index.php?rest_route=\/wp\/v2\/users\/2"}],"replies":[{"embeddable":true,"href":"https:\/\/pmza.sk\/index.php?rest_route=%2Fwp%2Fv2%2Fcomments&post=33911"}],"version-history":[{"count":0,"href":"https:\/\/pmza.sk\/index.php?rest_route=\/wp\/v2\/posts\/33911\/revisions"}],"wp:featuredmedia":[{"embeddable":true,"href":"https:\/\/pmza.sk\/index.php?rest_route=\/wp\/v2\/media\/33936"}],"wp:attachment":[{"href":"https:\/\/pmza.sk\/index.php?rest_route=%2Fwp%2Fv2%2Fmedia&parent=33911"}],"wp:term":[{"taxonomy":"category","embeddable":true,"href":"https:\/\/pmza.sk\/index.php?rest_route=%2Fwp%2Fv2%2Fcategories&post=33911"},{"taxonomy":"post_tag","embeddable":true,"href":"https:\/\/pmza.sk\/index.php?rest_route=%2Fwp%2Fv2%2Ftags&post=33911"}],"curies":[{"name":"wp","href":"https:\/\/api.w.org\/{rel}","templated":true}]}}