{"id":34040,"date":"2019-05-27T13:59:20","date_gmt":"2019-05-27T11:59:20","guid":{"rendered":"https:\/\/pmza.sk\/?p=34040"},"modified":"2019-05-27T13:59:20","modified_gmt":"2019-05-27T11:59:20","slug":"obnova-budatinskeho-hradu-pokracuje","status":"publish","type":"post","link":"https:\/\/pmza.sk\/?p=34040","title":{"rendered":"Obnova Budat\u00ednskeho hradu pokra\u010duje"},"content":{"rendered":"<p><strong>Tla\u010dov\u00e1 spr\u00e1va \u017dilinsk\u00e9ho samospr\u00e1vneho kraja:<\/strong><\/p>\n<p>\u010eal\u0161ia etapa rekon\u0161trukcie Budat\u00ednskeho hradu je ukon\u010den\u00e1. V\u00a0nov\u00fdch priestoroch druh\u00e9ho nadzemn\u00e9ho podla\u017eia pribudne expoz\u00edcia hradn\u00fdch opevnen\u00ed, ktorej spr\u00edstupnenie je napl\u00e1novan\u00e9 na okt\u00f3ber. Obnoven\u00e1 bola aj \u010fal\u0161ia \u010das\u0165 hradnej fas\u00e1dy.<\/p>\n<p>Rekon\u0161trukcia Budat\u00ednskeho hradu pokra\u010dovala i\u00a0tento rok a za\u010diatkom m\u00e1ja boli ukon\u010den\u00e9 stavebn\u00e9 pr\u00e1ce na druhom nadzemnom podla\u017e\u00ed. ,,Aktu\u00e1lne prebieha kolauda\u010dn\u00e9 konanie, ktor\u00e9 by malo by\u0165 uzatvoren\u00e9 po pr\u00e1zdnin\u00e1ch. Zrekon\u0161truovan\u00edm druh\u00e9ho podla\u017eia Budat\u00ednskeho hradu vznikol samostatn\u00fd okruh, ktor\u00fd bude m\u00fazeum vyu\u017e\u00edva\u0165 napr\u00edklad na interakt\u00edvne v\u00fdstavy, \u010di tvoriv\u00e9 dielne,\u201c uviedol Martin Hromada, riadite\u013e odboru kult\u00fary \u017dSK. Rekon\u0161trukcia bola financovan\u00e1 cez program Interreg SK-CZ v\u00a0r\u00e1mci projektu s\u00a0n\u00e1zvom \u201eKa\u017ed\u00e1 hist\u00f3ria si zasl\u00fa\u017ei svoj priestor.\u201c Partnersk\u00fd \u010desk\u00fd regi\u00f3n v r\u00e1mci projektu opravil \u010das\u0165 hradu Hukvaldy.<\/p>\n<p>Pova\u017esk\u00e9 m\u00fazeum v\u00a0\u017diline v\u00a0spolupr\u00e1ci so \u017dilinskou \u017eupou pripravuje v\u00a0zrekon\u0161truovan\u00fdch priestoroch nov\u00fa expoz\u00edciu Pred hradbami, za hradbami. N\u00e1v\u0161tevn\u00edci sa m\u00f4\u017eu te\u0161i\u0165 na 3D modely hradu a expon\u00e1ty zachyt\u00e1vaj\u00face 3 hlavn\u00e9 \u00faseky dej\u00edn \u2013 pravek, v\u010dasn\u00fd stredovek a vrcholn\u00fd stredovek. Ak v\u0161etko p\u00f4jde pod\u013ea pl\u00e1nu, netradi\u010dn\u00fa expoz\u00edciu m\u00fazeum sl\u00e1vnostne otvor\u00ed u\u017e v\u00a0okt\u00f3bri. Nebude ch\u00fdba\u0165 ani bohat\u00fd kult\u00farny program, \u010di tvoriv\u00e9 dielne pre deti.<\/p>\n<p>V\u00a0priestoroch V\u00fdchodn\u00e9ho pal\u00e1ca hradu by mohla \u010doskoro pribudn\u00fa\u0165 aj \u010dit\u00e1re\u0148 a\u00a0depozit\u00e1r. ,,Pripravujeme projekt, ktor\u00fdm by sa zriadila odborn\u00e1 kni\u017enica aj otvoren\u00fd depozit\u00e1r v\u00a0podkrovn\u00fdch priestorov pal\u00e1ca. S\u00fa\u010das\u0165ou projektu je aj obnova chodn\u00edkov v\u00a0are\u00e1li hradu,\u201c povedal Hromada s\u00a0t\u00fdm, \u017ee v\u00a0s\u00fa\u010dasnosti sa aktualizuje projektov\u00e1 dokument\u00e1cia. Nov\u00e9 objekty vo V\u00fdchodnom pal\u00e1ci by chcela \u017eupa zriadi\u0165 zo zdrojov N\u00f3rskeho finan\u010dn\u00e9ho mechanizmu, kde sa \u010dak\u00e1 na vyhl\u00e1senie v\u00fdzvy (avizovan\u00e1 v\u00fdzva v\u00a005-06\/2019). Budat\u00ednsky hrad e\u0161te \u010dakaj\u00fa pr\u00e1ce na fas\u00e1de zo severnej strany, ako aj ter\u00e9nne \u00fapravy v\u00a0are\u00e1li parku.<\/p>\n<p>Pamiatka bola pre verejnos\u0165 uzatvoren\u00e1 10 rokov. Obnova are\u00e1lu Budat\u00ednskeho hradu sa za\u010dala revitaliz\u00e1ciou parku, nasledovala kompletn\u00e1 obnova ve\u017ee, kaplnky a\u00a0postupne prib\u00fadali \u010fal\u0161ie \u010dasti hradn\u00e9ho komplexu. Vlani sa podarilo dokon\u010di\u0165 rekon\u0161trukciu hospod\u00e1rskej budovy z\u00a018. storo\u010dia, \u00a0kde sa nach\u00e1dza Drot\u00e1rsky pavil\u00f3n.<\/p>\n<p>Budat\u00ednsky hrad je jednou z\u00a0najstar\u0161\u00edch pamiatok v\u00a0\u017diline. Vznikol v\u00a0druhej polovici 13. storo\u010dia na s\u00fatoku V\u00e1hu a\u00a0Kysuce. Hrad spravuje Pova\u017esk\u00e9 m\u00fazeum v\u00a0\u017diline, ktor\u00e9ho zria\u010fovate\u013eom je \u017dilinsk\u00fd samospr\u00e1vny kraj.<\/p>\n","protected":false},"excerpt":{"rendered":"<p>Tla\u010dov\u00e1 spr\u00e1va \u017dilinsk\u00e9ho samospr\u00e1vneho kraja: \u010eal\u0161ia etapa rekon\u0161trukcie Budat\u00ednskeho hradu je ukon\u010den\u00e1. V\u00a0nov\u00fdch priestoroch druh\u00e9ho nadzemn\u00e9ho podla\u017eia pribudne expoz\u00edcia hradn\u00fdch opevnen\u00ed, ktorej spr\u00edstupnenie je napl\u00e1novan\u00e9 na okt\u00f3ber. Obnoven\u00e1 bola aj \u010fal\u0161ia \u010das\u0165 hradnej fas\u00e1dy. Rekon\u0161trukcia Budat\u00ednskeho hradu pokra\u010dovala i\u00a0tento rok a za\u010diatkom m\u00e1ja boli ukon\u010den\u00e9 stavebn\u00e9 pr\u00e1ce na druhom nadzemnom podla\u017e\u00ed. ,,Aktu\u00e1lne prebieha kolauda\u010dn\u00e9 konanie, [&hellip;]<\/p>\n","protected":false},"author":2,"featured_media":34045,"comment_status":"closed","ping_status":"closed","sticky":false,"template":"","format":"standard","meta":{"site-sidebar-layout":"default","site-content-layout":"","ast-site-content-layout":"","site-content-style":"default","site-sidebar-style":"default","ast-global-header-display":"","ast-banner-title-visibility":"","ast-main-header-display":"","ast-hfb-above-header-display":"","ast-hfb-below-header-display":"","ast-hfb-mobile-header-display":"","site-post-title":"","ast-breadcrumbs-content":"","ast-featured-img":"","footer-sml-layout":"","theme-transparent-header-meta":"","adv-header-id-meta":"","stick-header-meta":"","header-above-stick-meta":"","header-main-stick-meta":"","header-below-stick-meta":"","astra-migrate-meta-layouts":"default","ast-page-background-enabled":"default","ast-page-background-meta":{"desktop":{"background-color":"var(--ast-global-color-4)","background-image":"","background-repeat":"repeat","background-position":"center center","background-size":"auto","background-attachment":"scroll","background-type":"","background-media":"","overlay-type":"","overlay-color":"","overlay-opacity":"","overlay-gradient":""},"tablet":{"background-color":"","background-image":"","background-repeat":"repeat","background-position":"center center","background-size":"auto","background-attachment":"scroll","background-type":"","background-media":"","overlay-type":"","overlay-color":"","overlay-opacity":"","overlay-gradient":""},"mobile":{"background-color":"","background-image":"","background-repeat":"repeat","background-position":"center center","background-size":"auto","background-attachment":"scroll","background-type":"","background-media":"","overlay-type":"","overlay-color":"","overlay-opacity":"","overlay-gradient":""}},"ast-content-background-meta":{"desktop":{"background-color":"var(--ast-global-color-5)","background-image":"","background-repeat":"repeat","background-position":"center center","background-size":"auto","background-attachment":"scroll","background-type":"","background-media":"","overlay-type":"","overlay-color":"","overlay-opacity":"","overlay-gradient":""},"tablet":{"background-color":"var(--ast-global-color-5)","background-image":"","background-repeat":"repeat","background-position":"center center","background-size":"auto","background-attachment":"scroll","background-type":"","background-media":"","overlay-type":"","overlay-color":"","overlay-opacity":"","overlay-gradient":""},"mobile":{"background-color":"var(--ast-global-color-5)","background-image":"","background-repeat":"repeat","background-position":"center center","background-size":"auto","background-attachment":"scroll","background-type":"","background-media":"","overlay-type":"","overlay-color":"","overlay-opacity":"","overlay-gradient":""}},"footnotes":""},"categories":[31],"tags":[],"class_list":["post-34040","post","type-post","status-publish","format-standard","has-post-thumbnail","hentry","category-aktuality"],"yoast_head":"<!-- This site is optimized with the Yoast SEO plugin v27.4 - https:\/\/yoast.com\/product\/yoast-seo-wordpress\/ -->\n<title>Obnova Budat\u00ednskeho hradu pokra\u010duje - Pova\u017esk\u00e9 m\u00fazeum<\/title>\n<meta name=\"robots\" content=\"index, follow, max-snippet:-1, max-image-preview:large, max-video-preview:-1\" \/>\n<link rel=\"canonical\" href=\"https:\/\/pmza.sk\/?p=34040\" \/>\n<meta property=\"og:locale\" content=\"sk_SK\" \/>\n<meta property=\"og:type\" content=\"article\" \/>\n<meta property=\"og:title\" content=\"Obnova Budat\u00ednskeho hradu pokra\u010duje - Pova\u017esk\u00e9 m\u00fazeum\" \/>\n<meta property=\"og:description\" content=\"Tla\u010dov\u00e1 spr\u00e1va \u017dilinsk\u00e9ho samospr\u00e1vneho kraja: \u010eal\u0161ia etapa rekon\u0161trukcie Budat\u00ednskeho hradu je ukon\u010den\u00e1. V\u00a0nov\u00fdch priestoroch druh\u00e9ho nadzemn\u00e9ho podla\u017eia pribudne expoz\u00edcia hradn\u00fdch opevnen\u00ed, ktorej spr\u00edstupnenie je napl\u00e1novan\u00e9 na okt\u00f3ber. Obnoven\u00e1 bola aj \u010fal\u0161ia \u010das\u0165 hradnej fas\u00e1dy. Rekon\u0161trukcia Budat\u00ednskeho hradu pokra\u010dovala i\u00a0tento rok a za\u010diatkom m\u00e1ja boli ukon\u010den\u00e9 stavebn\u00e9 pr\u00e1ce na druhom nadzemnom podla\u017e\u00ed. ,,Aktu\u00e1lne prebieha kolauda\u010dn\u00e9 konanie, [&hellip;]\" \/>\n<meta property=\"og:url\" content=\"https:\/\/pmza.sk\/?p=34040\" \/>\n<meta property=\"og:site_name\" content=\"Pova\u017esk\u00e9 m\u00fazeum\" \/>\n<meta property=\"article:publisher\" content=\"https:\/\/www.facebook.com\/povazskemuzeum\" \/>\n<meta property=\"article:published_time\" content=\"2019-05-27T11:59:20+00:00\" \/>\n<meta property=\"og:image\" content=\"https:\/\/pmza.sk\/wp-content\/uploads\/2019\/05\/IMG_4214-scaled-1.jpg\" \/>\n\t<meta property=\"og:image:width\" content=\"2560\" \/>\n\t<meta property=\"og:image:height\" content=\"1707\" \/>\n\t<meta property=\"og:image:type\" content=\"image\/jpeg\" \/>\n<meta name=\"author\" content=\"Pova\u017esk\u00e9 m\u00fazeum\" \/>\n<meta name=\"twitter:card\" content=\"summary_large_image\" \/>\n<meta name=\"twitter:label1\" content=\"Autor\" \/>\n\t<meta name=\"twitter:data1\" content=\"Pova\u017esk\u00e9 m\u00fazeum\" \/>\n\t<meta name=\"twitter:label2\" content=\"Predpokladan\u00fd \u010das \u010d\u00edtania\" \/>\n\t<meta name=\"twitter:data2\" content=\"2 min\u00faty\" \/>\n<script type=\"application\/ld+json\" class=\"yoast-schema-graph\">{\"@context\":\"https:\\\/\\\/schema.org\",\"@graph\":[{\"@type\":\"Article\",\"@id\":\"https:\\\/\\\/pmza.sk\\\/?p=34040#article\",\"isPartOf\":{\"@id\":\"https:\\\/\\\/pmza.sk\\\/?p=34040\"},\"author\":{\"name\":\"Pova\u017esk\u00e9 m\u00fazeum\",\"@id\":\"https:\\\/\\\/pmza.sk\\\/#\\\/schema\\\/person\\\/595e6a2ce731ea94dcd5d7f50a41ae33\"},\"headline\":\"Obnova Budat\u00ednskeho hradu pokra\u010duje\",\"datePublished\":\"2019-05-27T11:59:20+00:00\",\"mainEntityOfPage\":{\"@id\":\"https:\\\/\\\/pmza.sk\\\/?p=34040\"},\"wordCount\":480,\"publisher\":{\"@id\":\"https:\\\/\\\/pmza.sk\\\/#organization\"},\"image\":{\"@id\":\"https:\\\/\\\/pmza.sk\\\/?p=34040#primaryimage\"},\"thumbnailUrl\":\"https:\\\/\\\/pmza.sk\\\/wp-content\\\/uploads\\\/2019\\\/05\\\/IMG_4214-scaled-1.jpg\",\"articleSection\":[\"Aktuality\"],\"inLanguage\":\"sk-SK\"},{\"@type\":\"WebPage\",\"@id\":\"https:\\\/\\\/pmza.sk\\\/?p=34040\",\"url\":\"https:\\\/\\\/pmza.sk\\\/?p=34040\",\"name\":\"Obnova Budat\u00ednskeho hradu pokra\u010duje - Pova\u017esk\u00e9 m\u00fazeum\",\"isPartOf\":{\"@id\":\"https:\\\/\\\/pmza.sk\\\/#website\"},\"primaryImageOfPage\":{\"@id\":\"https:\\\/\\\/pmza.sk\\\/?p=34040#primaryimage\"},\"image\":{\"@id\":\"https:\\\/\\\/pmza.sk\\\/?p=34040#primaryimage\"},\"thumbnailUrl\":\"https:\\\/\\\/pmza.sk\\\/wp-content\\\/uploads\\\/2019\\\/05\\\/IMG_4214-scaled-1.jpg\",\"datePublished\":\"2019-05-27T11:59:20+00:00\",\"breadcrumb\":{\"@id\":\"https:\\\/\\\/pmza.sk\\\/?p=34040#breadcrumb\"},\"inLanguage\":\"sk-SK\",\"potentialAction\":[{\"@type\":\"ReadAction\",\"target\":[\"https:\\\/\\\/pmza.sk\\\/?p=34040\"]}]},{\"@type\":\"ImageObject\",\"inLanguage\":\"sk-SK\",\"@id\":\"https:\\\/\\\/pmza.sk\\\/?p=34040#primaryimage\",\"url\":\"https:\\\/\\\/pmza.sk\\\/wp-content\\\/uploads\\\/2019\\\/05\\\/IMG_4214-scaled-1.jpg\",\"contentUrl\":\"https:\\\/\\\/pmza.sk\\\/wp-content\\\/uploads\\\/2019\\\/05\\\/IMG_4214-scaled-1.jpg\",\"width\":2560,\"height\":1707},{\"@type\":\"BreadcrumbList\",\"@id\":\"https:\\\/\\\/pmza.sk\\\/?p=34040#breadcrumb\",\"itemListElement\":[{\"@type\":\"ListItem\",\"position\":1,\"name\":\"Domovsk\u00e1 str\u00e1nka\",\"item\":\"https:\\\/\\\/pmza.sk\\\/\"},{\"@type\":\"ListItem\",\"position\":2,\"name\":\"Obnova Budat\u00ednskeho hradu pokra\u010duje\"}]},{\"@type\":\"WebSite\",\"@id\":\"https:\\\/\\\/pmza.sk\\\/#website\",\"url\":\"https:\\\/\\\/pmza.sk\\\/\",\"name\":\"Pova\u017esk\u00e9 m\u00fazeum\",\"description\":\"Pova\u017esk\u00e9 m\u00fazeum v \u017diline je region\u00e1lne m\u00fazeum so s\u00eddlom v Budat\u00edne. Jeho expoz\u00edcie s\u00fa zameran\u00e9 na dejiny slovensk\u00e9ho umenia, kult\u00fary a dopravy.\",\"publisher\":{\"@id\":\"https:\\\/\\\/pmza.sk\\\/#organization\"},\"potentialAction\":[{\"@type\":\"SearchAction\",\"target\":{\"@type\":\"EntryPoint\",\"urlTemplate\":\"https:\\\/\\\/pmza.sk\\\/?s={search_term_string}\"},\"query-input\":{\"@type\":\"PropertyValueSpecification\",\"valueRequired\":true,\"valueName\":\"search_term_string\"}}],\"inLanguage\":\"sk-SK\"},{\"@type\":\"Organization\",\"@id\":\"https:\\\/\\\/pmza.sk\\\/#organization\",\"name\":\"Pova\u017esk\u00e9 m\u00fazeum\",\"url\":\"https:\\\/\\\/pmza.sk\\\/\",\"logo\":{\"@type\":\"ImageObject\",\"inLanguage\":\"sk-SK\",\"@id\":\"https:\\\/\\\/pmza.sk\\\/#\\\/schema\\\/logo\\\/image\\\/\",\"url\":\"https:\\\/\\\/pmza.sk\\\/wp-content\\\/uploads\\\/2022\\\/01\\\/logo_PM_horizontal.jpg\",\"contentUrl\":\"https:\\\/\\\/pmza.sk\\\/wp-content\\\/uploads\\\/2022\\\/01\\\/logo_PM_horizontal.jpg\",\"width\":231,\"height\":142,\"caption\":\"Pova\u017esk\u00e9 m\u00fazeum\"},\"image\":{\"@id\":\"https:\\\/\\\/pmza.sk\\\/#\\\/schema\\\/logo\\\/image\\\/\"},\"sameAs\":[\"https:\\\/\\\/www.facebook.com\\\/povazskemuzeum\",\"https:\\\/\\\/www.instagram.com\\\/povazskemuzeum\\\/\"]},{\"@type\":\"Person\",\"@id\":\"https:\\\/\\\/pmza.sk\\\/#\\\/schema\\\/person\\\/595e6a2ce731ea94dcd5d7f50a41ae33\",\"name\":\"Pova\u017esk\u00e9 m\u00fazeum\",\"image\":{\"@type\":\"ImageObject\",\"inLanguage\":\"sk-SK\",\"@id\":\"https:\\\/\\\/secure.gravatar.com\\\/avatar\\\/2bb7f1561282132fb5826dfeccc66c7996d11ee392ac6aaf7ced8a1c2027fbb2?s=96&d=mm&r=g\",\"url\":\"https:\\\/\\\/secure.gravatar.com\\\/avatar\\\/2bb7f1561282132fb5826dfeccc66c7996d11ee392ac6aaf7ced8a1c2027fbb2?s=96&d=mm&r=g\",\"contentUrl\":\"https:\\\/\\\/secure.gravatar.com\\\/avatar\\\/2bb7f1561282132fb5826dfeccc66c7996d11ee392ac6aaf7ced8a1c2027fbb2?s=96&d=mm&r=g\",\"caption\":\"Pova\u017esk\u00e9 m\u00fazeum\"}}]}<\/script>\n<!-- \/ Yoast SEO plugin. -->","yoast_head_json":{"title":"Obnova Budat\u00ednskeho hradu pokra\u010duje - Pova\u017esk\u00e9 m\u00fazeum","robots":{"index":"index","follow":"follow","max-snippet":"max-snippet:-1","max-image-preview":"max-image-preview:large","max-video-preview":"max-video-preview:-1"},"canonical":"https:\/\/pmza.sk\/?p=34040","og_locale":"sk_SK","og_type":"article","og_title":"Obnova Budat\u00ednskeho hradu pokra\u010duje - Pova\u017esk\u00e9 m\u00fazeum","og_description":"Tla\u010dov\u00e1 spr\u00e1va \u017dilinsk\u00e9ho samospr\u00e1vneho kraja: \u010eal\u0161ia etapa rekon\u0161trukcie Budat\u00ednskeho hradu je ukon\u010den\u00e1. V\u00a0nov\u00fdch priestoroch druh\u00e9ho nadzemn\u00e9ho podla\u017eia pribudne expoz\u00edcia hradn\u00fdch opevnen\u00ed, ktorej spr\u00edstupnenie je napl\u00e1novan\u00e9 na okt\u00f3ber. Obnoven\u00e1 bola aj \u010fal\u0161ia \u010das\u0165 hradnej fas\u00e1dy. Rekon\u0161trukcia Budat\u00ednskeho hradu pokra\u010dovala i\u00a0tento rok a za\u010diatkom m\u00e1ja boli ukon\u010den\u00e9 stavebn\u00e9 pr\u00e1ce na druhom nadzemnom podla\u017e\u00ed. ,,Aktu\u00e1lne prebieha kolauda\u010dn\u00e9 konanie, [&hellip;]","og_url":"https:\/\/pmza.sk\/?p=34040","og_site_name":"Pova\u017esk\u00e9 m\u00fazeum","article_publisher":"https:\/\/www.facebook.com\/povazskemuzeum","article_published_time":"2019-05-27T11:59:20+00:00","og_image":[{"width":2560,"height":1707,"url":"https:\/\/pmza.sk\/wp-content\/uploads\/2019\/05\/IMG_4214-scaled-1.jpg","type":"image\/jpeg"}],"author":"Pova\u017esk\u00e9 m\u00fazeum","twitter_card":"summary_large_image","twitter_misc":{"Autor":"Pova\u017esk\u00e9 m\u00fazeum","Predpokladan\u00fd \u010das \u010d\u00edtania":"2 min\u00faty"},"schema":{"@context":"https:\/\/schema.org","@graph":[{"@type":"Article","@id":"https:\/\/pmza.sk\/?p=34040#article","isPartOf":{"@id":"https:\/\/pmza.sk\/?p=34040"},"author":{"name":"Pova\u017esk\u00e9 m\u00fazeum","@id":"https:\/\/pmza.sk\/#\/schema\/person\/595e6a2ce731ea94dcd5d7f50a41ae33"},"headline":"Obnova Budat\u00ednskeho hradu pokra\u010duje","datePublished":"2019-05-27T11:59:20+00:00","mainEntityOfPage":{"@id":"https:\/\/pmza.sk\/?p=34040"},"wordCount":480,"publisher":{"@id":"https:\/\/pmza.sk\/#organization"},"image":{"@id":"https:\/\/pmza.sk\/?p=34040#primaryimage"},"thumbnailUrl":"https:\/\/pmza.sk\/wp-content\/uploads\/2019\/05\/IMG_4214-scaled-1.jpg","articleSection":["Aktuality"],"inLanguage":"sk-SK"},{"@type":"WebPage","@id":"https:\/\/pmza.sk\/?p=34040","url":"https:\/\/pmza.sk\/?p=34040","name":"Obnova Budat\u00ednskeho hradu pokra\u010duje - Pova\u017esk\u00e9 m\u00fazeum","isPartOf":{"@id":"https:\/\/pmza.sk\/#website"},"primaryImageOfPage":{"@id":"https:\/\/pmza.sk\/?p=34040#primaryimage"},"image":{"@id":"https:\/\/pmza.sk\/?p=34040#primaryimage"},"thumbnailUrl":"https:\/\/pmza.sk\/wp-content\/uploads\/2019\/05\/IMG_4214-scaled-1.jpg","datePublished":"2019-05-27T11:59:20+00:00","breadcrumb":{"@id":"https:\/\/pmza.sk\/?p=34040#breadcrumb"},"inLanguage":"sk-SK","potentialAction":[{"@type":"ReadAction","target":["https:\/\/pmza.sk\/?p=34040"]}]},{"@type":"ImageObject","inLanguage":"sk-SK","@id":"https:\/\/pmza.sk\/?p=34040#primaryimage","url":"https:\/\/pmza.sk\/wp-content\/uploads\/2019\/05\/IMG_4214-scaled-1.jpg","contentUrl":"https:\/\/pmza.sk\/wp-content\/uploads\/2019\/05\/IMG_4214-scaled-1.jpg","width":2560,"height":1707},{"@type":"BreadcrumbList","@id":"https:\/\/pmza.sk\/?p=34040#breadcrumb","itemListElement":[{"@type":"ListItem","position":1,"name":"Domovsk\u00e1 str\u00e1nka","item":"https:\/\/pmza.sk\/"},{"@type":"ListItem","position":2,"name":"Obnova Budat\u00ednskeho hradu pokra\u010duje"}]},{"@type":"WebSite","@id":"https:\/\/pmza.sk\/#website","url":"https:\/\/pmza.sk\/","name":"Pova\u017esk\u00e9 m\u00fazeum","description":"Pova\u017esk\u00e9 m\u00fazeum v \u017diline je region\u00e1lne m\u00fazeum so s\u00eddlom v Budat\u00edne. Jeho expoz\u00edcie s\u00fa zameran\u00e9 na dejiny slovensk\u00e9ho umenia, kult\u00fary a dopravy.","publisher":{"@id":"https:\/\/pmza.sk\/#organization"},"potentialAction":[{"@type":"SearchAction","target":{"@type":"EntryPoint","urlTemplate":"https:\/\/pmza.sk\/?s={search_term_string}"},"query-input":{"@type":"PropertyValueSpecification","valueRequired":true,"valueName":"search_term_string"}}],"inLanguage":"sk-SK"},{"@type":"Organization","@id":"https:\/\/pmza.sk\/#organization","name":"Pova\u017esk\u00e9 m\u00fazeum","url":"https:\/\/pmza.sk\/","logo":{"@type":"ImageObject","inLanguage":"sk-SK","@id":"https:\/\/pmza.sk\/#\/schema\/logo\/image\/","url":"https:\/\/pmza.sk\/wp-content\/uploads\/2022\/01\/logo_PM_horizontal.jpg","contentUrl":"https:\/\/pmza.sk\/wp-content\/uploads\/2022\/01\/logo_PM_horizontal.jpg","width":231,"height":142,"caption":"Pova\u017esk\u00e9 m\u00fazeum"},"image":{"@id":"https:\/\/pmza.sk\/#\/schema\/logo\/image\/"},"sameAs":["https:\/\/www.facebook.com\/povazskemuzeum","https:\/\/www.instagram.com\/povazskemuzeum\/"]},{"@type":"Person","@id":"https:\/\/pmza.sk\/#\/schema\/person\/595e6a2ce731ea94dcd5d7f50a41ae33","name":"Pova\u017esk\u00e9 m\u00fazeum","image":{"@type":"ImageObject","inLanguage":"sk-SK","@id":"https:\/\/secure.gravatar.com\/avatar\/2bb7f1561282132fb5826dfeccc66c7996d11ee392ac6aaf7ced8a1c2027fbb2?s=96&d=mm&r=g","url":"https:\/\/secure.gravatar.com\/avatar\/2bb7f1561282132fb5826dfeccc66c7996d11ee392ac6aaf7ced8a1c2027fbb2?s=96&d=mm&r=g","contentUrl":"https:\/\/secure.gravatar.com\/avatar\/2bb7f1561282132fb5826dfeccc66c7996d11ee392ac6aaf7ced8a1c2027fbb2?s=96&d=mm&r=g","caption":"Pova\u017esk\u00e9 m\u00fazeum"}}]}},"_links":{"self":[{"href":"https:\/\/pmza.sk\/index.php?rest_route=\/wp\/v2\/posts\/34040","targetHints":{"allow":["GET"]}}],"collection":[{"href":"https:\/\/pmza.sk\/index.php?rest_route=\/wp\/v2\/posts"}],"about":[{"href":"https:\/\/pmza.sk\/index.php?rest_route=\/wp\/v2\/types\/post"}],"author":[{"embeddable":true,"href":"https:\/\/pmza.sk\/index.php?rest_route=\/wp\/v2\/users\/2"}],"replies":[{"embeddable":true,"href":"https:\/\/pmza.sk\/index.php?rest_route=%2Fwp%2Fv2%2Fcomments&post=34040"}],"version-history":[{"count":0,"href":"https:\/\/pmza.sk\/index.php?rest_route=\/wp\/v2\/posts\/34040\/revisions"}],"wp:featuredmedia":[{"embeddable":true,"href":"https:\/\/pmza.sk\/index.php?rest_route=\/wp\/v2\/media\/34045"}],"wp:attachment":[{"href":"https:\/\/pmza.sk\/index.php?rest_route=%2Fwp%2Fv2%2Fmedia&parent=34040"}],"wp:term":[{"taxonomy":"category","embeddable":true,"href":"https:\/\/pmza.sk\/index.php?rest_route=%2Fwp%2Fv2%2Fcategories&post=34040"},{"taxonomy":"post_tag","embeddable":true,"href":"https:\/\/pmza.sk\/index.php?rest_route=%2Fwp%2Fv2%2Ftags&post=34040"}],"curies":[{"name":"wp","href":"https:\/\/api.w.org\/{rel}","templated":true}]}}