{"id":3409,"date":"2011-07-21T08:55:04","date_gmt":"2011-07-21T06:55:04","guid":{"rendered":"https:\/\/pmza.sk.sk\/?p=3409"},"modified":"2011-07-21T08:55:04","modified_gmt":"2011-07-21T06:55:04","slug":"hrad-strecno-hostuje-umelecku-besedu-slovensku","status":"publish","type":"post","link":"https:\/\/pmza.sk\/?p=3409","title":{"rendered":"Hrad Stre\u010dno hos\u0165uje Umeleck\u00fa besedu slovensk\u00fa"},"content":{"rendered":"<p><a href=\"https:\/\/pmza.sk\/wp-content\/uploads\/2011\/07\/boskova-horce-s-krivanom.jpg\"><img fetchpriority=\"high\" decoding=\"async\" class=\"alignleft size-medium wp-image-3410\" style=\"border: 2px solid black; margin: 4px;\" title=\"boskova - horce s krivanom\" src=\"https:\/\/pmza.sk.sk\/wp-content\/uploads\/2011\/07\/boskova-horce-s-krivanom-300x264.jpg\" alt=\"\" width=\"300\" height=\"264\" \/><\/a>Cyklus v\u00fdstav prezentuj\u00facich tvorbu slovensk\u00fdch v\u00fdtvarn\u00edkov pod n\u00e1zvom <strong>Umenie na hrade <\/strong>pokra\u010duje tento rok na hrade Stre\u010dno v\u00fdstavou \u010dlenov najstar\u0161ieho slovensk\u00e9ho v\u00fdtvarn\u00e9ho spolku \u2013 Umeleckej besedy slovenskej. Maliarku <strong>Zuzanu Bobovsk\u00fa-Bo\u0161kov\u00fa,<\/strong> \u017eij\u00facu a\u00a0p\u00f4sobiacu v\u00a0Tren\u010dianskych Tepliciach a\u00a0soch\u00e1ra <strong>Martina Dzureka<\/strong> z Modry sp\u00e1ja okrem priate\u013estva najm\u00e4 pr\u00edroda vo v\u0161etk\u00fdch jej podob\u00e1ch. K\u00fdm Zuzana Bobovsk\u00e1-Bo\u0161kov\u00e1 sa pr\u00edrodou vo svojich dielach rada in\u0161piruje, Martin Dzurek pr\u00edrodu citlivo vn\u00edma, re\u0161pektuje a vyu\u017e\u00edva jej materi\u00e1lov\u00e9 bohatstvo pri tvorbe svojich s\u00f4ch a\u00a0objektov.<!--more--><\/p>\n<p>\u010eal\u0161\u00edm spolo\u010dn\u00fdm prvkom v\u00fdstavy s\u00fa t\u00e9my, ktor\u00fdmi sa obaja autori predstavuj\u00fa, a\u00a0ktor\u00e9 s\u00fa \u00fazko previazan\u00e9 s\u00a0regi\u00f3nom Horn\u00e9ho Pova\u017eia. \u201e<em>Od detstva m\u00e1m bl\u00edzky vz\u0165ah k\u00a0hor\u00e1m, obzvl\u00e1\u0161\u0165 k\u00a0Malej Fatre, kam \u010dasto v\u00a0minulosti smerovali moje \u0161kolsk\u00e9, ale aj rodinn\u00e9 v\u00fdlety. V\u00a0s\u00fa\u010dasnosti spolo\u010dne so Zdenom Horeck\u00fdm u\u017e nieko\u013eko rokov v\u00a0tomto kraji organizujeme medzin\u00e1rodn\u00e9 maliarske plen\u00e9ry,<\/em>\u201c povedala Zuzana Bobovsk\u00e1-Bo\u0161kov\u00e1. Na v\u00fdstave v\u00a0Severnom pal\u00e1ci hradu Stre\u010dno autorka pon\u00faka olejoma\u013eby zachyt\u00e1vaj\u00face scen\u00e9riu pohoria s\u00a0dominantn\u00fdm Rozsutcom a\u00a0v\u00a0popred\u00ed s\u00a0typickou kvetenou ako i\u00a0s\u00e9riu akrylov a\u00a0pastelov zobrazuj\u00facich konkr\u00e9tne vz\u00e1cne druhy v\u00a0ich pr\u00edrodnom prostred\u00ed.<\/p>\n<p>Martin Dzurek sa predstav\u00ed dvoma objektmi, ktor\u00e9 s\u00fa priamo sp\u00e4t\u00e9 s\u00a0najv\u00fdznamnej\u0161ou osobnos\u0165ou hradu Stre\u010dno \u2013 \u017dofiou Bosniakovou. Jej \u017eivotn\u00e9 kr\u00e9do, ktor\u00e9 autora oslovilo a\u00a0in\u0161pirovalo k\u00a0vytvoreniu sochy <em>Pre \u017dofiu<\/em> <em>Bosniakov\u00fa <\/em>bolo<em> \u201ePo \u010dloveku ostan\u00fa len jeho dobr\u00e9 skutky, ostatn\u00e9 odveje \u010das.\u201c <\/em> Socha je vytvoren\u00e1 z\u00a0kame\u0148a a\u00a0bieleho bronzu. Neopracovan\u00fd kame\u0148 symbolizuje miesto, kde \u017eila \u2013 hrad Stre\u010dno a\u00a0bronz jej du\u0161evn\u00fa \u010distotu a\u00a0prirodzen\u00fa kr\u00e1su. Tento objekt sa rozhodol darova\u0165 Pova\u017esk\u00e9mu m\u00fazeu v\u00a0\u017diline na z\u00e1klade pochopenia \u017eivota a\u00a0nad\u010dasov\u00e9ho odkazu \u017dofie Bosniakovej.<\/p>\n<p>Vernis\u00e1\u017e v\u00fdstavy <em>Umeleck\u00e1 beseda slovensk\u00e1 prezentuje<\/em> sa uskuto\u010dn\u00ed v\u00a0piatok 29. j\u00fala 2011 o\u00a018,00h v\u00a0Severnom pal\u00e1ci hradu Stre\u010dno. V\u00fdstava bude spr\u00edstupnen\u00e1 verejnosti do 24. augusta 2011. Organiz\u00e1torom v\u00fdstavy je \u017dilinsk\u00fd samospr\u00e1vny kraj, Pova\u017esk\u00e9 m\u00fazeum v\u00a0\u017diline a\u00a0Umeleck\u00e1 beseda slovensk\u00e1.<\/p>\n<p>&nbsp;<\/p>\n<p>&gt;<a href=\"https:\/\/pmza.sk\/wp-content\/uploads\/2011\/07\/Umelecka_beseda_slovenska.jpg\">Plag\u00e1t k v\u00fdstav<\/a>e&lt;<\/p>\n","protected":false},"excerpt":{"rendered":"<p>Cyklus v\u00fdstav prezentuj\u00facich tvorbu slovensk\u00fdch v\u00fdtvarn\u00edkov pod n\u00e1zvom Umenie na hrade pokra\u010duje tento rok na hrade Stre\u010dno v\u00fdstavou \u010dlenov najstar\u0161ieho slovensk\u00e9ho v\u00fdtvarn\u00e9ho spolku \u2013 Umeleckej besedy slovenskej. Maliarku Zuzanu Bobovsk\u00fa-Bo\u0161kov\u00fa, \u017eij\u00facu a\u00a0p\u00f4sobiacu v\u00a0Tren\u010dianskych Tepliciach a\u00a0soch\u00e1ra Martina Dzureka z Modry sp\u00e1ja okrem priate\u013estva najm\u00e4 pr\u00edroda vo v\u0161etk\u00fdch jej podob\u00e1ch. K\u00fdm Zuzana Bobovsk\u00e1-Bo\u0161kov\u00e1 sa pr\u00edrodou vo svojich [&hellip;]<\/p>\n","protected":false},"author":1,"featured_media":0,"comment_status":"closed","ping_status":"closed","sticky":false,"template":"","format":"standard","meta":{"site-sidebar-layout":"default","site-content-layout":"","ast-site-content-layout":"","site-content-style":"default","site-sidebar-style":"default","ast-global-header-display":"","ast-banner-title-visibility":"","ast-main-header-display":"","ast-hfb-above-header-display":"","ast-hfb-below-header-display":"","ast-hfb-mobile-header-display":"","site-post-title":"","ast-breadcrumbs-content":"","ast-featured-img":"","footer-sml-layout":"","theme-transparent-header-meta":"","adv-header-id-meta":"","stick-header-meta":"","header-above-stick-meta":"","header-main-stick-meta":"","header-below-stick-meta":"","astra-migrate-meta-layouts":"default","ast-page-background-enabled":"default","ast-page-background-meta":{"desktop":{"background-color":"var(--ast-global-color-4)","background-image":"","background-repeat":"repeat","background-position":"center center","background-size":"auto","background-attachment":"scroll","background-type":"","background-media":"","overlay-type":"","overlay-color":"","overlay-opacity":"","overlay-gradient":""},"tablet":{"background-color":"","background-image":"","background-repeat":"repeat","background-position":"center center","background-size":"auto","background-attachment":"scroll","background-type":"","background-media":"","overlay-type":"","overlay-color":"","overlay-opacity":"","overlay-gradient":""},"mobile":{"background-color":"","background-image":"","background-repeat":"repeat","background-position":"center center","background-size":"auto","background-attachment":"scroll","background-type":"","background-media":"","overlay-type":"","overlay-color":"","overlay-opacity":"","overlay-gradient":""}},"ast-content-background-meta":{"desktop":{"background-color":"var(--ast-global-color-5)","background-image":"","background-repeat":"repeat","background-position":"center center","background-size":"auto","background-attachment":"scroll","background-type":"","background-media":"","overlay-type":"","overlay-color":"","overlay-opacity":"","overlay-gradient":""},"tablet":{"background-color":"var(--ast-global-color-5)","background-image":"","background-repeat":"repeat","background-position":"center center","background-size":"auto","background-attachment":"scroll","background-type":"","background-media":"","overlay-type":"","overlay-color":"","overlay-opacity":"","overlay-gradient":""},"mobile":{"background-color":"var(--ast-global-color-5)","background-image":"","background-repeat":"repeat","background-position":"center center","background-size":"auto","background-attachment":"scroll","background-type":"","background-media":"","overlay-type":"","overlay-color":"","overlay-opacity":"","overlay-gradient":""}},"footnotes":""},"categories":[30],"tags":[],"class_list":["post-3409","post","type-post","status-publish","format-standard","hentry","category-archiv-2011"],"yoast_head":"<!-- This site is optimized with the Yoast SEO plugin v27.4 - https:\/\/yoast.com\/product\/yoast-seo-wordpress\/ -->\n<title>Hrad Stre\u010dno hos\u0165uje Umeleck\u00fa besedu slovensk\u00fa - Pova\u017esk\u00e9 m\u00fazeum<\/title>\n<meta name=\"robots\" content=\"index, follow, max-snippet:-1, max-image-preview:large, max-video-preview:-1\" \/>\n<link rel=\"canonical\" href=\"https:\/\/pmza.sk\/?p=3409\" \/>\n<meta property=\"og:locale\" content=\"sk_SK\" \/>\n<meta property=\"og:type\" content=\"article\" \/>\n<meta property=\"og:title\" content=\"Hrad Stre\u010dno hos\u0165uje Umeleck\u00fa besedu slovensk\u00fa - Pova\u017esk\u00e9 m\u00fazeum\" \/>\n<meta property=\"og:description\" content=\"Cyklus v\u00fdstav prezentuj\u00facich tvorbu slovensk\u00fdch v\u00fdtvarn\u00edkov pod n\u00e1zvom Umenie na hrade pokra\u010duje tento rok na hrade Stre\u010dno v\u00fdstavou \u010dlenov najstar\u0161ieho slovensk\u00e9ho v\u00fdtvarn\u00e9ho spolku \u2013 Umeleckej besedy slovenskej. Maliarku Zuzanu Bobovsk\u00fa-Bo\u0161kov\u00fa, \u017eij\u00facu a\u00a0p\u00f4sobiacu v\u00a0Tren\u010dianskych Tepliciach a\u00a0soch\u00e1ra Martina Dzureka z Modry sp\u00e1ja okrem priate\u013estva najm\u00e4 pr\u00edroda vo v\u0161etk\u00fdch jej podob\u00e1ch. K\u00fdm Zuzana Bobovsk\u00e1-Bo\u0161kov\u00e1 sa pr\u00edrodou vo svojich [&hellip;]\" \/>\n<meta property=\"og:url\" content=\"https:\/\/pmza.sk\/?p=3409\" \/>\n<meta property=\"og:site_name\" content=\"Pova\u017esk\u00e9 m\u00fazeum\" \/>\n<meta property=\"article:publisher\" content=\"https:\/\/www.facebook.com\/povazskemuzeum\" \/>\n<meta property=\"article:published_time\" content=\"2011-07-21T06:55:04+00:00\" \/>\n<meta property=\"og:image\" content=\"https:\/\/pmza.sk.sk\/wp-content\/uploads\/2011\/07\/boskova-horce-s-krivanom-300x264.jpg\" \/>\n<meta name=\"author\" content=\"libor\" \/>\n<meta name=\"twitter:card\" content=\"summary_large_image\" \/>\n<meta name=\"twitter:label1\" content=\"Autor\" \/>\n\t<meta name=\"twitter:data1\" content=\"libor\" \/>\n\t<meta name=\"twitter:label2\" content=\"Predpokladan\u00fd \u010das \u010d\u00edtania\" \/>\n\t<meta name=\"twitter:data2\" content=\"2 min\u00faty\" \/>\n<script type=\"application\/ld+json\" class=\"yoast-schema-graph\">{\"@context\":\"https:\\\/\\\/schema.org\",\"@graph\":[{\"@type\":\"Article\",\"@id\":\"https:\\\/\\\/pmza.sk\\\/?p=3409#article\",\"isPartOf\":{\"@id\":\"https:\\\/\\\/pmza.sk\\\/?p=3409\"},\"author\":{\"name\":\"libor\",\"@id\":\"https:\\\/\\\/pmza.sk\\\/#\\\/schema\\\/person\\\/f0b923a9aa8e1f67feef0d7cd9afde35\"},\"headline\":\"Hrad Stre\u010dno hos\u0165uje Umeleck\u00fa besedu slovensk\u00fa\",\"datePublished\":\"2011-07-21T06:55:04+00:00\",\"mainEntityOfPage\":{\"@id\":\"https:\\\/\\\/pmza.sk\\\/?p=3409\"},\"wordCount\":413,\"publisher\":{\"@id\":\"https:\\\/\\\/pmza.sk\\\/#organization\"},\"image\":{\"@id\":\"https:\\\/\\\/pmza.sk\\\/?p=3409#primaryimage\"},\"thumbnailUrl\":\"http:\\\/\\\/pmza.sk.sk\\\/wp-content\\\/uploads\\\/2011\\\/07\\\/boskova-horce-s-krivanom-300x264.jpg\",\"articleSection\":[\"Arch\u00edv 2011\"],\"inLanguage\":\"sk-SK\"},{\"@type\":\"WebPage\",\"@id\":\"https:\\\/\\\/pmza.sk\\\/?p=3409\",\"url\":\"https:\\\/\\\/pmza.sk\\\/?p=3409\",\"name\":\"Hrad Stre\u010dno hos\u0165uje Umeleck\u00fa besedu slovensk\u00fa - Pova\u017esk\u00e9 m\u00fazeum\",\"isPartOf\":{\"@id\":\"https:\\\/\\\/pmza.sk\\\/#website\"},\"primaryImageOfPage\":{\"@id\":\"https:\\\/\\\/pmza.sk\\\/?p=3409#primaryimage\"},\"image\":{\"@id\":\"https:\\\/\\\/pmza.sk\\\/?p=3409#primaryimage\"},\"thumbnailUrl\":\"http:\\\/\\\/pmza.sk.sk\\\/wp-content\\\/uploads\\\/2011\\\/07\\\/boskova-horce-s-krivanom-300x264.jpg\",\"datePublished\":\"2011-07-21T06:55:04+00:00\",\"breadcrumb\":{\"@id\":\"https:\\\/\\\/pmza.sk\\\/?p=3409#breadcrumb\"},\"inLanguage\":\"sk-SK\",\"potentialAction\":[{\"@type\":\"ReadAction\",\"target\":[\"https:\\\/\\\/pmza.sk\\\/?p=3409\"]}]},{\"@type\":\"ImageObject\",\"inLanguage\":\"sk-SK\",\"@id\":\"https:\\\/\\\/pmza.sk\\\/?p=3409#primaryimage\",\"url\":\"http:\\\/\\\/pmza.sk.sk\\\/wp-content\\\/uploads\\\/2011\\\/07\\\/boskova-horce-s-krivanom-300x264.jpg\",\"contentUrl\":\"http:\\\/\\\/pmza.sk.sk\\\/wp-content\\\/uploads\\\/2011\\\/07\\\/boskova-horce-s-krivanom-300x264.jpg\"},{\"@type\":\"BreadcrumbList\",\"@id\":\"https:\\\/\\\/pmza.sk\\\/?p=3409#breadcrumb\",\"itemListElement\":[{\"@type\":\"ListItem\",\"position\":1,\"name\":\"Domovsk\u00e1 str\u00e1nka\",\"item\":\"https:\\\/\\\/pmza.sk\\\/\"},{\"@type\":\"ListItem\",\"position\":2,\"name\":\"Hrad Stre\u010dno hos\u0165uje Umeleck\u00fa besedu slovensk\u00fa\"}]},{\"@type\":\"WebSite\",\"@id\":\"https:\\\/\\\/pmza.sk\\\/#website\",\"url\":\"https:\\\/\\\/pmza.sk\\\/\",\"name\":\"Pova\u017esk\u00e9 m\u00fazeum\",\"description\":\"Pova\u017esk\u00e9 m\u00fazeum v \u017diline je region\u00e1lne m\u00fazeum so s\u00eddlom v Budat\u00edne. Jeho expoz\u00edcie s\u00fa zameran\u00e9 na dejiny slovensk\u00e9ho umenia, kult\u00fary a dopravy.\",\"publisher\":{\"@id\":\"https:\\\/\\\/pmza.sk\\\/#organization\"},\"potentialAction\":[{\"@type\":\"SearchAction\",\"target\":{\"@type\":\"EntryPoint\",\"urlTemplate\":\"https:\\\/\\\/pmza.sk\\\/?s={search_term_string}\"},\"query-input\":{\"@type\":\"PropertyValueSpecification\",\"valueRequired\":true,\"valueName\":\"search_term_string\"}}],\"inLanguage\":\"sk-SK\"},{\"@type\":\"Organization\",\"@id\":\"https:\\\/\\\/pmza.sk\\\/#organization\",\"name\":\"Pova\u017esk\u00e9 m\u00fazeum\",\"url\":\"https:\\\/\\\/pmza.sk\\\/\",\"logo\":{\"@type\":\"ImageObject\",\"inLanguage\":\"sk-SK\",\"@id\":\"https:\\\/\\\/pmza.sk\\\/#\\\/schema\\\/logo\\\/image\\\/\",\"url\":\"https:\\\/\\\/pmza.sk\\\/wp-content\\\/uploads\\\/2022\\\/01\\\/logo_PM_horizontal.jpg\",\"contentUrl\":\"https:\\\/\\\/pmza.sk\\\/wp-content\\\/uploads\\\/2022\\\/01\\\/logo_PM_horizontal.jpg\",\"width\":231,\"height\":142,\"caption\":\"Pova\u017esk\u00e9 m\u00fazeum\"},\"image\":{\"@id\":\"https:\\\/\\\/pmza.sk\\\/#\\\/schema\\\/logo\\\/image\\\/\"},\"sameAs\":[\"https:\\\/\\\/www.facebook.com\\\/povazskemuzeum\",\"https:\\\/\\\/www.instagram.com\\\/povazskemuzeum\\\/\"]},{\"@type\":\"Person\",\"@id\":\"https:\\\/\\\/pmza.sk\\\/#\\\/schema\\\/person\\\/f0b923a9aa8e1f67feef0d7cd9afde35\",\"name\":\"libor\",\"image\":{\"@type\":\"ImageObject\",\"inLanguage\":\"sk-SK\",\"@id\":\"https:\\\/\\\/secure.gravatar.com\\\/avatar\\\/c583dbc698e594aacced1589eb8cf1673bd41d461e8b2ab635484ffc26fee7b0?s=96&d=mm&r=g\",\"url\":\"https:\\\/\\\/secure.gravatar.com\\\/avatar\\\/c583dbc698e594aacced1589eb8cf1673bd41d461e8b2ab635484ffc26fee7b0?s=96&d=mm&r=g\",\"contentUrl\":\"https:\\\/\\\/secure.gravatar.com\\\/avatar\\\/c583dbc698e594aacced1589eb8cf1673bd41d461e8b2ab635484ffc26fee7b0?s=96&d=mm&r=g\",\"caption\":\"libor\"}}]}<\/script>\n<!-- \/ Yoast SEO plugin. -->","yoast_head_json":{"title":"Hrad Stre\u010dno hos\u0165uje Umeleck\u00fa besedu slovensk\u00fa - Pova\u017esk\u00e9 m\u00fazeum","robots":{"index":"index","follow":"follow","max-snippet":"max-snippet:-1","max-image-preview":"max-image-preview:large","max-video-preview":"max-video-preview:-1"},"canonical":"https:\/\/pmza.sk\/?p=3409","og_locale":"sk_SK","og_type":"article","og_title":"Hrad Stre\u010dno hos\u0165uje Umeleck\u00fa besedu slovensk\u00fa - Pova\u017esk\u00e9 m\u00fazeum","og_description":"Cyklus v\u00fdstav prezentuj\u00facich tvorbu slovensk\u00fdch v\u00fdtvarn\u00edkov pod n\u00e1zvom Umenie na hrade pokra\u010duje tento rok na hrade Stre\u010dno v\u00fdstavou \u010dlenov najstar\u0161ieho slovensk\u00e9ho v\u00fdtvarn\u00e9ho spolku \u2013 Umeleckej besedy slovenskej. Maliarku Zuzanu Bobovsk\u00fa-Bo\u0161kov\u00fa, \u017eij\u00facu a\u00a0p\u00f4sobiacu v\u00a0Tren\u010dianskych Tepliciach a\u00a0soch\u00e1ra Martina Dzureka z Modry sp\u00e1ja okrem priate\u013estva najm\u00e4 pr\u00edroda vo v\u0161etk\u00fdch jej podob\u00e1ch. K\u00fdm Zuzana Bobovsk\u00e1-Bo\u0161kov\u00e1 sa pr\u00edrodou vo svojich [&hellip;]","og_url":"https:\/\/pmza.sk\/?p=3409","og_site_name":"Pova\u017esk\u00e9 m\u00fazeum","article_publisher":"https:\/\/www.facebook.com\/povazskemuzeum","article_published_time":"2011-07-21T06:55:04+00:00","og_image":[{"url":"https:\/\/pmza.sk.sk\/wp-content\/uploads\/2011\/07\/boskova-horce-s-krivanom-300x264.jpg","type":"","width":"","height":""}],"author":"libor","twitter_card":"summary_large_image","twitter_misc":{"Autor":"libor","Predpokladan\u00fd \u010das \u010d\u00edtania":"2 min\u00faty"},"schema":{"@context":"https:\/\/schema.org","@graph":[{"@type":"Article","@id":"https:\/\/pmza.sk\/?p=3409#article","isPartOf":{"@id":"https:\/\/pmza.sk\/?p=3409"},"author":{"name":"libor","@id":"https:\/\/pmza.sk\/#\/schema\/person\/f0b923a9aa8e1f67feef0d7cd9afde35"},"headline":"Hrad Stre\u010dno hos\u0165uje Umeleck\u00fa besedu slovensk\u00fa","datePublished":"2011-07-21T06:55:04+00:00","mainEntityOfPage":{"@id":"https:\/\/pmza.sk\/?p=3409"},"wordCount":413,"publisher":{"@id":"https:\/\/pmza.sk\/#organization"},"image":{"@id":"https:\/\/pmza.sk\/?p=3409#primaryimage"},"thumbnailUrl":"https:\/\/pmza.sk.sk\/wp-content\/uploads\/2011\/07\/boskova-horce-s-krivanom-300x264.jpg","articleSection":["Arch\u00edv 2011"],"inLanguage":"sk-SK"},{"@type":"WebPage","@id":"https:\/\/pmza.sk\/?p=3409","url":"https:\/\/pmza.sk\/?p=3409","name":"Hrad Stre\u010dno hos\u0165uje Umeleck\u00fa besedu slovensk\u00fa - Pova\u017esk\u00e9 m\u00fazeum","isPartOf":{"@id":"https:\/\/pmza.sk\/#website"},"primaryImageOfPage":{"@id":"https:\/\/pmza.sk\/?p=3409#primaryimage"},"image":{"@id":"https:\/\/pmza.sk\/?p=3409#primaryimage"},"thumbnailUrl":"https:\/\/pmza.sk.sk\/wp-content\/uploads\/2011\/07\/boskova-horce-s-krivanom-300x264.jpg","datePublished":"2011-07-21T06:55:04+00:00","breadcrumb":{"@id":"https:\/\/pmza.sk\/?p=3409#breadcrumb"},"inLanguage":"sk-SK","potentialAction":[{"@type":"ReadAction","target":["https:\/\/pmza.sk\/?p=3409"]}]},{"@type":"ImageObject","inLanguage":"sk-SK","@id":"https:\/\/pmza.sk\/?p=3409#primaryimage","url":"https:\/\/pmza.sk.sk\/wp-content\/uploads\/2011\/07\/boskova-horce-s-krivanom-300x264.jpg","contentUrl":"https:\/\/pmza.sk.sk\/wp-content\/uploads\/2011\/07\/boskova-horce-s-krivanom-300x264.jpg"},{"@type":"BreadcrumbList","@id":"https:\/\/pmza.sk\/?p=3409#breadcrumb","itemListElement":[{"@type":"ListItem","position":1,"name":"Domovsk\u00e1 str\u00e1nka","item":"https:\/\/pmza.sk\/"},{"@type":"ListItem","position":2,"name":"Hrad Stre\u010dno hos\u0165uje Umeleck\u00fa besedu slovensk\u00fa"}]},{"@type":"WebSite","@id":"https:\/\/pmza.sk\/#website","url":"https:\/\/pmza.sk\/","name":"Pova\u017esk\u00e9 m\u00fazeum","description":"Pova\u017esk\u00e9 m\u00fazeum v \u017diline je region\u00e1lne m\u00fazeum so s\u00eddlom v Budat\u00edne. Jeho expoz\u00edcie s\u00fa zameran\u00e9 na dejiny slovensk\u00e9ho umenia, kult\u00fary a dopravy.","publisher":{"@id":"https:\/\/pmza.sk\/#organization"},"potentialAction":[{"@type":"SearchAction","target":{"@type":"EntryPoint","urlTemplate":"https:\/\/pmza.sk\/?s={search_term_string}"},"query-input":{"@type":"PropertyValueSpecification","valueRequired":true,"valueName":"search_term_string"}}],"inLanguage":"sk-SK"},{"@type":"Organization","@id":"https:\/\/pmza.sk\/#organization","name":"Pova\u017esk\u00e9 m\u00fazeum","url":"https:\/\/pmza.sk\/","logo":{"@type":"ImageObject","inLanguage":"sk-SK","@id":"https:\/\/pmza.sk\/#\/schema\/logo\/image\/","url":"https:\/\/pmza.sk\/wp-content\/uploads\/2022\/01\/logo_PM_horizontal.jpg","contentUrl":"https:\/\/pmza.sk\/wp-content\/uploads\/2022\/01\/logo_PM_horizontal.jpg","width":231,"height":142,"caption":"Pova\u017esk\u00e9 m\u00fazeum"},"image":{"@id":"https:\/\/pmza.sk\/#\/schema\/logo\/image\/"},"sameAs":["https:\/\/www.facebook.com\/povazskemuzeum","https:\/\/www.instagram.com\/povazskemuzeum\/"]},{"@type":"Person","@id":"https:\/\/pmza.sk\/#\/schema\/person\/f0b923a9aa8e1f67feef0d7cd9afde35","name":"libor","image":{"@type":"ImageObject","inLanguage":"sk-SK","@id":"https:\/\/secure.gravatar.com\/avatar\/c583dbc698e594aacced1589eb8cf1673bd41d461e8b2ab635484ffc26fee7b0?s=96&d=mm&r=g","url":"https:\/\/secure.gravatar.com\/avatar\/c583dbc698e594aacced1589eb8cf1673bd41d461e8b2ab635484ffc26fee7b0?s=96&d=mm&r=g","contentUrl":"https:\/\/secure.gravatar.com\/avatar\/c583dbc698e594aacced1589eb8cf1673bd41d461e8b2ab635484ffc26fee7b0?s=96&d=mm&r=g","caption":"libor"}}]}},"_links":{"self":[{"href":"https:\/\/pmza.sk\/index.php?rest_route=\/wp\/v2\/posts\/3409","targetHints":{"allow":["GET"]}}],"collection":[{"href":"https:\/\/pmza.sk\/index.php?rest_route=\/wp\/v2\/posts"}],"about":[{"href":"https:\/\/pmza.sk\/index.php?rest_route=\/wp\/v2\/types\/post"}],"author":[{"embeddable":true,"href":"https:\/\/pmza.sk\/index.php?rest_route=\/wp\/v2\/users\/1"}],"replies":[{"embeddable":true,"href":"https:\/\/pmza.sk\/index.php?rest_route=%2Fwp%2Fv2%2Fcomments&post=3409"}],"version-history":[{"count":0,"href":"https:\/\/pmza.sk\/index.php?rest_route=\/wp\/v2\/posts\/3409\/revisions"}],"wp:attachment":[{"href":"https:\/\/pmza.sk\/index.php?rest_route=%2Fwp%2Fv2%2Fmedia&parent=3409"}],"wp:term":[{"taxonomy":"category","embeddable":true,"href":"https:\/\/pmza.sk\/index.php?rest_route=%2Fwp%2Fv2%2Fcategories&post=3409"},{"taxonomy":"post_tag","embeddable":true,"href":"https:\/\/pmza.sk\/index.php?rest_route=%2Fwp%2Fv2%2Ftags&post=3409"}],"curies":[{"name":"wp","href":"https:\/\/api.w.org\/{rel}","templated":true}]}}