{"id":34375,"date":"2019-06-07T14:02:15","date_gmt":"2019-06-07T12:02:15","guid":{"rendered":"https:\/\/pmza.sk\/?p=34375"},"modified":"2019-06-07T14:02:15","modified_gmt":"2019-06-07T12:02:15","slug":"fortifikacie-na-slovensko-moravskom-pohranici-2","status":"publish","type":"post","link":"https:\/\/pmza.sk\/?p=34375","title":{"rendered":"Fortifik\u00e1cie na slovensko-moravskom pohrani\u010d\u00ed"},"content":{"rendered":"<p>V\u00a0stredu 5. 6. 2019 sa vo V\u00fdchodnom pal\u00e1ci Budat\u00ednskeho hradu konal mimoriadny medzin\u00e1rodn\u00fd vedeck\u00fd semin\u00e1r z\u00a0oblasti archeol\u00f3gie. \u0164a\u017eiskovou t\u00e9mou boli opevnenia r\u00f4zneho druhu a\u00a0ich v\u00fdvoja od praveku a\u017e po novovek. Pr\u00edtomn\u00fdch priv\u00edtal riadite\u013e Pova\u017esk\u00e9ho m\u00fazea v\u00a0\u017diline Mgr. Michal Jureck\u00fd a\u00a0taktie\u017e riadite\u013e odboru kult\u00fary \u017dilinsk\u00e9ho samospr\u00e1vneho kraja Mgr. Martin Hromada, Phd.<\/p>\n<p>Po\u010das cel\u00e9ho d\u0148a prebiehali predn\u00e1\u0161ky odborn\u00edkov zo Slovenska a\u00a0Moravy venuj\u00facich sa tejto problematike. Posluch\u00e1\u010di sa dozvedeli viac, napr\u00edklad o\u00a0archeologickom v\u00fdskume stredovek\u00e9ho hr\u00e1dku v\u00a0Divinke i\u00a0pevnostnom syst\u00e9me ve\u013ekomoravsk\u00e9ho hradiska, drevozemn\u00fdch opevneniach v\u00a0Kysuckej vrchovine, fortifik\u00e1cii na hrade Hukvaldy, rekon\u0161trukcii predhradia na hrade Brumov \u010di stavebnom v\u00fdvoji hradu Hri\u010dov.<\/p>\n<p>\u00da\u010dastn\u00edci semin\u00e1ra mali jedine\u010dn\u00fa mo\u017enos\u0165 nahliadnu\u0165 do zrekon\u0161truovan\u00fdch priestorov druh\u00e9ho nadzemn\u00e9ho podla\u017eia Budat\u00ednskeho hradu, kde bude u\u017e na jese\u0148 otvoren\u00e1 nov\u00e1 archeologick\u00e1 expoz\u00edcia s\u00a0n\u00e1zvom Pred hradbami, za hradbami. Zozn\u00e1mi\u0165 s\u00a0\u0148ou sa mohli prostredn\u00edctvom banerovej v\u00fdstavy, ktor\u00e1 im pribl\u00ed\u017eila v\u00fdvojov\u00e9 obdobia opevnen\u00ed na Budat\u00ednskom hrade. \u00a0<\/p>\n<p>Vedeck\u00fd semin\u00e1r, banerov\u00e1 v\u00fdstava i\u00a0pripravovan\u00e1 expoz\u00edcia s\u00fa s\u00fa\u010das\u0165ou cezhrani\u010dn\u00e9ho projektu \u201eKa\u017ed\u00e1 hist\u00f3ria si zasl\u00fa\u017ei svoj priestor\u201c grantovej sch\u00e9my Interreg-VA 14-20, na ktorom sa akt\u00edvne podie\u013eaj\u00fa Pova\u017esk\u00e9 m\u00fazeum v\u00a0\u017diline, \u017dilinsk\u00fd samospr\u00e1vny kraj, Moravskoslezsk\u00e9 m\u00fazeum vo Fr\u00fddku-M\u00edstku a\u00a0Moravskoslezsk\u00fd kraj.<\/p>\n<style type=\"text\/css\">\n#foogallery-gallery-34355 .fg-image { width: 300px; }\n#foogallery-gallery-34355 { --fg-gutter: 10px; }<\/style>\n\t\t\t<div class=\"foogallery foogallery-container foogallery-default foogallery-lightbox-foobox fg-center fg-default fg-ready fg-light fg-border-thin fg-shadow-outline fg-loading-default fg-loaded-fade-in fg-hover-grayscale fg-caption-hover fg-hover-fade\" id=\"foogallery-gallery-34355\" data-foogallery=\"{&quot;item&quot;:{&quot;showCaptionTitle&quot;:true,&quot;showCaptionDescription&quot;:true},&quot;lazy&quot;:true}\" style=\"--fg-title-line-clamp: 0; --fg-description-line-clamp: 0;\" >\n\t<div class=\"fg-item fg-type-image fg-idle\"><figure class=\"fg-item-inner\"><a href=\"https:\/\/pmza.sk\/wp-content\/uploads\/2019\/06\/IMG_0703.jpg\" data-caption-title=\"Fortifik\u00e1cie na slovensko-moravskom pohrani\u010d\u00ed\" data-caption-desc=\"Fortifik\u00e1cie na slovensko-moravskom pohrani\u010d\u00ed\" data-attachment-id=\"34357\" data-e-disable-page-transition=\"true\" data-type=\"image\" class=\"fg-thumb\"><span class=\"fg-image-wrap\"><img fetchpriority=\"high\" decoding=\"async\" title=\"Fortifik\u00e1cie na slovensko-moravskom pohrani\u010d\u00ed\" width=\"300\" height=\"200\" class=\"skip-lazy fg-image\" data-src-fg=\"https:\/\/pmza.sk\/wp-content\/uploads\/cache\/2019\/06\/IMG_0703\/4045194301.jpg\" src=\"data:image\/svg+xml,%3Csvg%20xmlns%3D%22http%3A%2F%2Fwww.w3.org%2F2000%2Fsvg%22%20width%3D%22300%22%20height%3D%22200%22%20viewBox%3D%220%200%20300%20200%22%3E%3C%2Fsvg%3E\" loading=\"eager\"><\/span><span class=\"fg-image-overlay\"><\/span><\/a><figcaption class=\"fg-caption\"><div class=\"fg-caption-inner\"><div class=\"fg-caption-title\">Fortifik\u00e1cie na slovensko-moravskom pohrani\u010d\u00ed<\/div><div class=\"fg-caption-desc\">Fortifik\u00e1cie na slovensko-moravskom pohrani\u010d\u00ed<\/div><\/div><\/figcaption><\/figure><div class=\"fg-loader\"><\/div><\/div><div class=\"fg-item fg-type-image fg-idle\"><figure class=\"fg-item-inner\"><a href=\"https:\/\/pmza.sk\/wp-content\/uploads\/2019\/06\/IMG_0710.jpg\" data-attachment-id=\"34358\" data-e-disable-page-transition=\"true\" data-type=\"image\" class=\"fg-thumb\"><span class=\"fg-image-wrap\"><img decoding=\"async\" width=\"300\" height=\"200\" class=\"skip-lazy fg-image\" data-src-fg=\"https:\/\/pmza.sk\/wp-content\/uploads\/cache\/2019\/06\/IMG_0710\/1583807756.jpg\" src=\"data:image\/svg+xml,%3Csvg%20xmlns%3D%22http%3A%2F%2Fwww.w3.org%2F2000%2Fsvg%22%20width%3D%22300%22%20height%3D%22200%22%20viewBox%3D%220%200%20300%20200%22%3E%3C%2Fsvg%3E\" loading=\"eager\"><\/span><span class=\"fg-image-overlay\"><\/span><\/a><\/figure><div class=\"fg-loader\"><\/div><\/div><div class=\"fg-item fg-type-image fg-idle\"><figure class=\"fg-item-inner\"><a href=\"https:\/\/pmza.sk\/wp-content\/uploads\/2019\/06\/IMG_0712.jpg\" data-attachment-id=\"34359\" data-e-disable-page-transition=\"true\" data-type=\"image\" class=\"fg-thumb\"><span class=\"fg-image-wrap\"><img decoding=\"async\" width=\"300\" height=\"200\" class=\"skip-lazy fg-image\" data-src-fg=\"https:\/\/pmza.sk\/wp-content\/uploads\/cache\/2019\/06\/IMG_0712\/3267625432.jpg\" src=\"data:image\/svg+xml,%3Csvg%20xmlns%3D%22http%3A%2F%2Fwww.w3.org%2F2000%2Fsvg%22%20width%3D%22300%22%20height%3D%22200%22%20viewBox%3D%220%200%20300%20200%22%3E%3C%2Fsvg%3E\" loading=\"eager\"><\/span><span class=\"fg-image-overlay\"><\/span><\/a><\/figure><div class=\"fg-loader\"><\/div><\/div><div class=\"fg-item fg-type-image fg-idle\"><figure class=\"fg-item-inner\"><a href=\"https:\/\/pmza.sk\/wp-content\/uploads\/2019\/06\/IMG_0716.jpg\" data-attachment-id=\"34360\" data-e-disable-page-transition=\"true\" data-type=\"image\" class=\"fg-thumb\"><span class=\"fg-image-wrap\"><img decoding=\"async\" width=\"300\" height=\"200\" class=\"skip-lazy fg-image\" data-src-fg=\"https:\/\/pmza.sk\/wp-content\/uploads\/cache\/2019\/06\/IMG_0716\/4052718878.jpg\" src=\"data:image\/svg+xml,%3Csvg%20xmlns%3D%22http%3A%2F%2Fwww.w3.org%2F2000%2Fsvg%22%20width%3D%22300%22%20height%3D%22200%22%20viewBox%3D%220%200%20300%20200%22%3E%3C%2Fsvg%3E\" loading=\"eager\"><\/span><span class=\"fg-image-overlay\"><\/span><\/a><\/figure><div class=\"fg-loader\"><\/div><\/div><div class=\"fg-item fg-type-image fg-idle\"><figure class=\"fg-item-inner\"><a href=\"https:\/\/pmza.sk\/wp-content\/uploads\/2019\/06\/IMG_0717.jpg\" data-attachment-id=\"34361\" data-e-disable-page-transition=\"true\" data-type=\"image\" class=\"fg-thumb\"><span class=\"fg-image-wrap\"><img decoding=\"async\" width=\"300\" height=\"200\" class=\"skip-lazy fg-image\" data-src-fg=\"https:\/\/pmza.sk\/wp-content\/uploads\/cache\/2019\/06\/IMG_0717\/3819073065.jpg\" src=\"data:image\/svg+xml,%3Csvg%20xmlns%3D%22http%3A%2F%2Fwww.w3.org%2F2000%2Fsvg%22%20width%3D%22300%22%20height%3D%22200%22%20viewBox%3D%220%200%20300%20200%22%3E%3C%2Fsvg%3E\" loading=\"eager\"><\/span><span class=\"fg-image-overlay\"><\/span><\/a><\/figure><div class=\"fg-loader\"><\/div><\/div><div class=\"fg-item fg-type-image fg-idle\"><figure class=\"fg-item-inner\"><a href=\"https:\/\/pmza.sk\/wp-content\/uploads\/2019\/06\/IMG_0720.jpg\" data-attachment-id=\"34362\" data-e-disable-page-transition=\"true\" data-type=\"image\" class=\"fg-thumb\"><span class=\"fg-image-wrap\"><img decoding=\"async\" width=\"300\" height=\"200\" class=\"skip-lazy fg-image\" data-src-fg=\"https:\/\/pmza.sk\/wp-content\/uploads\/cache\/2019\/06\/IMG_0720\/1746096463.jpg\" src=\"data:image\/svg+xml,%3Csvg%20xmlns%3D%22http%3A%2F%2Fwww.w3.org%2F2000%2Fsvg%22%20width%3D%22300%22%20height%3D%22200%22%20viewBox%3D%220%200%20300%20200%22%3E%3C%2Fsvg%3E\" loading=\"eager\"><\/span><span class=\"fg-image-overlay\"><\/span><\/a><\/figure><div class=\"fg-loader\"><\/div><\/div><div class=\"fg-item fg-type-image fg-idle\"><figure class=\"fg-item-inner\"><a href=\"https:\/\/pmza.sk\/wp-content\/uploads\/2019\/06\/IMG_0723.jpg\" data-attachment-id=\"34363\" data-e-disable-page-transition=\"true\" data-type=\"image\" class=\"fg-thumb\"><span class=\"fg-image-wrap\"><img decoding=\"async\" width=\"300\" height=\"200\" class=\"skip-lazy fg-image\" data-src-fg=\"https:\/\/pmza.sk\/wp-content\/uploads\/cache\/2019\/06\/IMG_0723\/941337861.jpg\" src=\"data:image\/svg+xml,%3Csvg%20xmlns%3D%22http%3A%2F%2Fwww.w3.org%2F2000%2Fsvg%22%20width%3D%22300%22%20height%3D%22200%22%20viewBox%3D%220%200%20300%20200%22%3E%3C%2Fsvg%3E\" loading=\"eager\"><\/span><span class=\"fg-image-overlay\"><\/span><\/a><\/figure><div class=\"fg-loader\"><\/div><\/div><div class=\"fg-item fg-type-image fg-idle\"><figure class=\"fg-item-inner\"><a href=\"https:\/\/pmza.sk\/wp-content\/uploads\/2019\/06\/IMG_0725.jpg\" data-attachment-id=\"34364\" data-e-disable-page-transition=\"true\" data-type=\"image\" class=\"fg-thumb\"><span class=\"fg-image-wrap\"><img decoding=\"async\" width=\"300\" height=\"200\" class=\"skip-lazy fg-image\" data-src-fg=\"https:\/\/pmza.sk\/wp-content\/uploads\/cache\/2019\/06\/IMG_0725\/2322615326.jpg\" src=\"data:image\/svg+xml,%3Csvg%20xmlns%3D%22http%3A%2F%2Fwww.w3.org%2F2000%2Fsvg%22%20width%3D%22300%22%20height%3D%22200%22%20viewBox%3D%220%200%20300%20200%22%3E%3C%2Fsvg%3E\" loading=\"eager\"><\/span><span class=\"fg-image-overlay\"><\/span><\/a><\/figure><div class=\"fg-loader\"><\/div><\/div><div class=\"fg-item fg-type-image fg-idle\"><figure class=\"fg-item-inner\"><a href=\"https:\/\/pmza.sk\/wp-content\/uploads\/2019\/06\/IMG_0727.jpg\" data-attachment-id=\"34365\" data-e-disable-page-transition=\"true\" data-type=\"image\" class=\"fg-thumb\"><span class=\"fg-image-wrap\"><img decoding=\"async\" width=\"300\" height=\"200\" class=\"skip-lazy fg-image\" data-src-fg=\"https:\/\/pmza.sk\/wp-content\/uploads\/cache\/2019\/06\/IMG_0727\/382906570.jpg\" src=\"data:image\/svg+xml,%3Csvg%20xmlns%3D%22http%3A%2F%2Fwww.w3.org%2F2000%2Fsvg%22%20width%3D%22300%22%20height%3D%22200%22%20viewBox%3D%220%200%20300%20200%22%3E%3C%2Fsvg%3E\" loading=\"eager\"><\/span><span class=\"fg-image-overlay\"><\/span><\/a><\/figure><div class=\"fg-loader\"><\/div><\/div><div class=\"fg-item fg-type-image fg-idle\"><figure class=\"fg-item-inner\"><a href=\"https:\/\/pmza.sk\/wp-content\/uploads\/2019\/06\/IMG_0736.jpg\" data-attachment-id=\"34366\" data-e-disable-page-transition=\"true\" data-type=\"image\" class=\"fg-thumb\"><span class=\"fg-image-wrap\"><img decoding=\"async\" width=\"300\" height=\"200\" class=\"skip-lazy fg-image\" data-src-fg=\"https:\/\/pmza.sk\/wp-content\/uploads\/cache\/2019\/06\/IMG_0736\/1979362989.jpg\" src=\"data:image\/svg+xml,%3Csvg%20xmlns%3D%22http%3A%2F%2Fwww.w3.org%2F2000%2Fsvg%22%20width%3D%22300%22%20height%3D%22200%22%20viewBox%3D%220%200%20300%20200%22%3E%3C%2Fsvg%3E\" loading=\"eager\"><\/span><span class=\"fg-image-overlay\"><\/span><\/a><\/figure><div class=\"fg-loader\"><\/div><\/div><div class=\"fg-item fg-type-image fg-idle\"><figure class=\"fg-item-inner\"><a href=\"https:\/\/pmza.sk\/wp-content\/uploads\/2019\/06\/IMG_0741.jpg\" data-attachment-id=\"34367\" data-e-disable-page-transition=\"true\" data-type=\"image\" class=\"fg-thumb\"><span class=\"fg-image-wrap\"><img decoding=\"async\" width=\"300\" height=\"200\" class=\"skip-lazy fg-image\" data-src-fg=\"https:\/\/pmza.sk\/wp-content\/uploads\/cache\/2019\/06\/IMG_0741\/3319345620.jpg\" src=\"data:image\/svg+xml,%3Csvg%20xmlns%3D%22http%3A%2F%2Fwww.w3.org%2F2000%2Fsvg%22%20width%3D%22300%22%20height%3D%22200%22%20viewBox%3D%220%200%20300%20200%22%3E%3C%2Fsvg%3E\" loading=\"eager\"><\/span><span class=\"fg-image-overlay\"><\/span><\/a><\/figure><div class=\"fg-loader\"><\/div><\/div><div class=\"fg-item fg-type-image fg-idle\"><figure class=\"fg-item-inner\"><a href=\"https:\/\/pmza.sk\/wp-content\/uploads\/2019\/06\/IMG_0794.jpg\" data-attachment-id=\"34371\" data-e-disable-page-transition=\"true\" data-type=\"image\" class=\"fg-thumb\"><span class=\"fg-image-wrap\"><img decoding=\"async\" width=\"300\" height=\"200\" class=\"skip-lazy fg-image\" data-src-fg=\"https:\/\/pmza.sk\/wp-content\/uploads\/cache\/2019\/06\/IMG_0794\/2032228197.jpg\" src=\"data:image\/svg+xml,%3Csvg%20xmlns%3D%22http%3A%2F%2Fwww.w3.org%2F2000%2Fsvg%22%20width%3D%22300%22%20height%3D%22200%22%20viewBox%3D%220%200%20300%20200%22%3E%3C%2Fsvg%3E\" loading=\"eager\"><\/span><span class=\"fg-image-overlay\"><\/span><\/a><\/figure><div class=\"fg-loader\"><\/div><\/div><div class=\"fg-item fg-type-image fg-idle\"><figure class=\"fg-item-inner\"><a href=\"https:\/\/pmza.sk\/wp-content\/uploads\/2019\/06\/IMG_0699.jpg\" data-attachment-id=\"34356\" data-e-disable-page-transition=\"true\" data-type=\"image\" class=\"fg-thumb\"><span class=\"fg-image-wrap\"><img decoding=\"async\" width=\"300\" height=\"200\" class=\"skip-lazy fg-image\" data-src-fg=\"https:\/\/pmza.sk\/wp-content\/uploads\/cache\/2019\/06\/IMG_0699\/4248501817.jpg\" src=\"data:image\/svg+xml,%3Csvg%20xmlns%3D%22http%3A%2F%2Fwww.w3.org%2F2000%2Fsvg%22%20width%3D%22300%22%20height%3D%22200%22%20viewBox%3D%220%200%20300%20200%22%3E%3C%2Fsvg%3E\" loading=\"eager\"><\/span><span class=\"fg-image-overlay\"><\/span><\/a><\/figure><div class=\"fg-loader\"><\/div><\/div><div class=\"fg-item fg-type-image fg-idle\"><figure class=\"fg-item-inner\"><a href=\"https:\/\/pmza.sk\/wp-content\/uploads\/2019\/06\/IMG_0770.jpg\" data-attachment-id=\"34368\" data-e-disable-page-transition=\"true\" data-type=\"image\" class=\"fg-thumb\"><span class=\"fg-image-wrap\"><img decoding=\"async\" width=\"300\" height=\"200\" class=\"skip-lazy fg-image\" data-src-fg=\"https:\/\/pmza.sk\/wp-content\/uploads\/cache\/2019\/06\/IMG_0770\/108013342.jpg\" src=\"data:image\/svg+xml,%3Csvg%20xmlns%3D%22http%3A%2F%2Fwww.w3.org%2F2000%2Fsvg%22%20width%3D%22300%22%20height%3D%22200%22%20viewBox%3D%220%200%20300%20200%22%3E%3C%2Fsvg%3E\" loading=\"eager\"><\/span><span class=\"fg-image-overlay\"><\/span><\/a><\/figure><div class=\"fg-loader\"><\/div><\/div><div class=\"fg-item fg-type-image fg-idle\"><figure class=\"fg-item-inner\"><a href=\"https:\/\/pmza.sk\/wp-content\/uploads\/2019\/06\/IMG_0777.jpg\" data-attachment-id=\"34369\" data-e-disable-page-transition=\"true\" data-type=\"image\" class=\"fg-thumb\"><span class=\"fg-image-wrap\"><img decoding=\"async\" width=\"300\" height=\"200\" class=\"skip-lazy fg-image\" data-src-fg=\"https:\/\/pmza.sk\/wp-content\/uploads\/cache\/2019\/06\/IMG_0777\/3526546862.jpg\" src=\"data:image\/svg+xml,%3Csvg%20xmlns%3D%22http%3A%2F%2Fwww.w3.org%2F2000%2Fsvg%22%20width%3D%22300%22%20height%3D%22200%22%20viewBox%3D%220%200%20300%20200%22%3E%3C%2Fsvg%3E\" loading=\"eager\"><\/span><span class=\"fg-image-overlay\"><\/span><\/a><\/figure><div class=\"fg-loader\"><\/div><\/div><div class=\"fg-item fg-type-image fg-idle\"><figure class=\"fg-item-inner\"><a href=\"https:\/\/pmza.sk\/wp-content\/uploads\/2019\/06\/IMG_0780.jpg\" data-attachment-id=\"34370\" data-e-disable-page-transition=\"true\" data-type=\"image\" class=\"fg-thumb\"><span class=\"fg-image-wrap\"><img decoding=\"async\" width=\"300\" height=\"200\" class=\"skip-lazy fg-image\" data-src-fg=\"https:\/\/pmza.sk\/wp-content\/uploads\/cache\/2019\/06\/IMG_0780\/882357877.jpg\" src=\"data:image\/svg+xml,%3Csvg%20xmlns%3D%22http%3A%2F%2Fwww.w3.org%2F2000%2Fsvg%22%20width%3D%22300%22%20height%3D%22200%22%20viewBox%3D%220%200%20300%20200%22%3E%3C%2Fsvg%3E\" loading=\"eager\"><\/span><span class=\"fg-image-overlay\"><\/span><\/a><\/figure><div class=\"fg-loader\"><\/div><\/div><\/div>\n\n<p>&nbsp;<\/p>\n<p>&nbsp;<\/p>\n<p>&nbsp;<\/p>\n<p>&nbsp;<\/p>\n","protected":false},"excerpt":{"rendered":"<p>V\u00a0stredu 5. 6. 2019 sa vo V\u00fdchodnom pal\u00e1ci Budat\u00ednskeho hradu konal mimoriadny medzin\u00e1rodn\u00fd vedeck\u00fd semin\u00e1r z\u00a0oblasti archeol\u00f3gie. \u0164a\u017eiskovou t\u00e9mou boli opevnenia r\u00f4zneho druhu a\u00a0ich v\u00fdvoja od praveku a\u017e po novovek. Pr\u00edtomn\u00fdch priv\u00edtal riadite\u013e Pova\u017esk\u00e9ho m\u00fazea v\u00a0\u017diline Mgr. Michal Jureck\u00fd a\u00a0taktie\u017e riadite\u013e odboru kult\u00fary \u017dilinsk\u00e9ho samospr\u00e1vneho kraja Mgr. Martin Hromada, Phd. Po\u010das cel\u00e9ho d\u0148a prebiehali predn\u00e1\u0161ky [&hellip;]<\/p>\n","protected":false},"author":2,"featured_media":34358,"comment_status":"closed","ping_status":"closed","sticky":false,"template":"","format":"standard","meta":{"site-sidebar-layout":"default","site-content-layout":"","ast-site-content-layout":"","site-content-style":"default","site-sidebar-style":"default","ast-global-header-display":"","ast-banner-title-visibility":"","ast-main-header-display":"","ast-hfb-above-header-display":"","ast-hfb-below-header-display":"","ast-hfb-mobile-header-display":"","site-post-title":"","ast-breadcrumbs-content":"","ast-featured-img":"","footer-sml-layout":"","theme-transparent-header-meta":"","adv-header-id-meta":"","stick-header-meta":"","header-above-stick-meta":"","header-main-stick-meta":"","header-below-stick-meta":"","astra-migrate-meta-layouts":"default","ast-page-background-enabled":"default","ast-page-background-meta":{"desktop":{"background-color":"var(--ast-global-color-4)","background-image":"","background-repeat":"repeat","background-position":"center center","background-size":"auto","background-attachment":"scroll","background-type":"","background-media":"","overlay-type":"","overlay-color":"","overlay-opacity":"","overlay-gradient":""},"tablet":{"background-color":"","background-image":"","background-repeat":"repeat","background-position":"center center","background-size":"auto","background-attachment":"scroll","background-type":"","background-media":"","overlay-type":"","overlay-color":"","overlay-opacity":"","overlay-gradient":""},"mobile":{"background-color":"","background-image":"","background-repeat":"repeat","background-position":"center center","background-size":"auto","background-attachment":"scroll","background-type":"","background-media":"","overlay-type":"","overlay-color":"","overlay-opacity":"","overlay-gradient":""}},"ast-content-background-meta":{"desktop":{"background-color":"var(--ast-global-color-5)","background-image":"","background-repeat":"repeat","background-position":"center center","background-size":"auto","background-attachment":"scroll","background-type":"","background-media":"","overlay-type":"","overlay-color":"","overlay-opacity":"","overlay-gradient":""},"tablet":{"background-color":"var(--ast-global-color-5)","background-image":"","background-repeat":"repeat","background-position":"center center","background-size":"auto","background-attachment":"scroll","background-type":"","background-media":"","overlay-type":"","overlay-color":"","overlay-opacity":"","overlay-gradient":""},"mobile":{"background-color":"var(--ast-global-color-5)","background-image":"","background-repeat":"repeat","background-position":"center center","background-size":"auto","background-attachment":"scroll","background-type":"","background-media":"","overlay-type":"","overlay-color":"","overlay-opacity":"","overlay-gradient":""}},"footnotes":""},"categories":[31],"tags":[],"class_list":["post-34375","post","type-post","status-publish","format-standard","has-post-thumbnail","hentry","category-aktuality"],"yoast_head":"<!-- This site is optimized with the Yoast SEO plugin v27.4 - https:\/\/yoast.com\/product\/yoast-seo-wordpress\/ -->\n<title>Fortifik\u00e1cie na slovensko-moravskom pohrani\u010d\u00ed - Pova\u017esk\u00e9 m\u00fazeum<\/title>\n<meta name=\"robots\" content=\"index, follow, max-snippet:-1, max-image-preview:large, max-video-preview:-1\" \/>\n<link rel=\"canonical\" href=\"https:\/\/pmza.sk\/?p=34375\" \/>\n<meta property=\"og:locale\" content=\"sk_SK\" \/>\n<meta property=\"og:type\" content=\"article\" \/>\n<meta property=\"og:title\" content=\"Fortifik\u00e1cie na slovensko-moravskom pohrani\u010d\u00ed - Pova\u017esk\u00e9 m\u00fazeum\" \/>\n<meta property=\"og:description\" content=\"V\u00a0stredu 5. 6. 2019 sa vo V\u00fdchodnom pal\u00e1ci Budat\u00ednskeho hradu konal mimoriadny medzin\u00e1rodn\u00fd vedeck\u00fd semin\u00e1r z\u00a0oblasti archeol\u00f3gie. \u0164a\u017eiskovou t\u00e9mou boli opevnenia r\u00f4zneho druhu a\u00a0ich v\u00fdvoja od praveku a\u017e po novovek. Pr\u00edtomn\u00fdch priv\u00edtal riadite\u013e Pova\u017esk\u00e9ho m\u00fazea v\u00a0\u017diline Mgr. Michal Jureck\u00fd a\u00a0taktie\u017e riadite\u013e odboru kult\u00fary \u017dilinsk\u00e9ho samospr\u00e1vneho kraja Mgr. Martin Hromada, Phd. Po\u010das cel\u00e9ho d\u0148a prebiehali predn\u00e1\u0161ky [&hellip;]\" \/>\n<meta property=\"og:url\" content=\"https:\/\/pmza.sk\/?p=34375\" \/>\n<meta property=\"og:site_name\" content=\"Pova\u017esk\u00e9 m\u00fazeum\" \/>\n<meta property=\"article:publisher\" content=\"https:\/\/www.facebook.com\/povazskemuzeum\" \/>\n<meta property=\"article:published_time\" content=\"2019-06-07T12:02:15+00:00\" \/>\n<meta property=\"og:image\" content=\"https:\/\/pmza.sk\/wp-content\/uploads\/2019\/06\/IMG_0710.jpg\" \/>\n\t<meta property=\"og:image:width\" content=\"1024\" \/>\n\t<meta property=\"og:image:height\" content=\"768\" \/>\n\t<meta property=\"og:image:type\" content=\"image\/jpeg\" \/>\n<meta name=\"author\" content=\"Pova\u017esk\u00e9 m\u00fazeum\" \/>\n<meta name=\"twitter:card\" content=\"summary_large_image\" \/>\n<meta name=\"twitter:label1\" content=\"Autor\" \/>\n\t<meta name=\"twitter:data1\" content=\"Pova\u017esk\u00e9 m\u00fazeum\" \/>\n\t<meta name=\"twitter:label2\" content=\"Predpokladan\u00fd \u010das \u010d\u00edtania\" \/>\n\t<meta name=\"twitter:data2\" content=\"1 min\u00fata\" \/>\n<script type=\"application\/ld+json\" class=\"yoast-schema-graph\">{\"@context\":\"https:\\\/\\\/schema.org\",\"@graph\":[{\"@type\":\"Article\",\"@id\":\"https:\\\/\\\/pmza.sk\\\/?p=34375#article\",\"isPartOf\":{\"@id\":\"https:\\\/\\\/pmza.sk\\\/?p=34375\"},\"author\":{\"name\":\"Pova\u017esk\u00e9 m\u00fazeum\",\"@id\":\"https:\\\/\\\/pmza.sk\\\/#\\\/schema\\\/person\\\/595e6a2ce731ea94dcd5d7f50a41ae33\"},\"headline\":\"Fortifik\u00e1cie na slovensko-moravskom pohrani\u010d\u00ed\",\"datePublished\":\"2019-06-07T12:02:15+00:00\",\"mainEntityOfPage\":{\"@id\":\"https:\\\/\\\/pmza.sk\\\/?p=34375\"},\"wordCount\":274,\"publisher\":{\"@id\":\"https:\\\/\\\/pmza.sk\\\/#organization\"},\"image\":{\"@id\":\"https:\\\/\\\/pmza.sk\\\/?p=34375#primaryimage\"},\"thumbnailUrl\":\"https:\\\/\\\/pmza.sk\\\/wp-content\\\/uploads\\\/2019\\\/06\\\/IMG_0710.jpg\",\"articleSection\":[\"Aktuality\"],\"inLanguage\":\"sk-SK\"},{\"@type\":\"WebPage\",\"@id\":\"https:\\\/\\\/pmza.sk\\\/?p=34375\",\"url\":\"https:\\\/\\\/pmza.sk\\\/?p=34375\",\"name\":\"Fortifik\u00e1cie na slovensko-moravskom pohrani\u010d\u00ed - Pova\u017esk\u00e9 m\u00fazeum\",\"isPartOf\":{\"@id\":\"https:\\\/\\\/pmza.sk\\\/#website\"},\"primaryImageOfPage\":{\"@id\":\"https:\\\/\\\/pmza.sk\\\/?p=34375#primaryimage\"},\"image\":{\"@id\":\"https:\\\/\\\/pmza.sk\\\/?p=34375#primaryimage\"},\"thumbnailUrl\":\"https:\\\/\\\/pmza.sk\\\/wp-content\\\/uploads\\\/2019\\\/06\\\/IMG_0710.jpg\",\"datePublished\":\"2019-06-07T12:02:15+00:00\",\"breadcrumb\":{\"@id\":\"https:\\\/\\\/pmza.sk\\\/?p=34375#breadcrumb\"},\"inLanguage\":\"sk-SK\",\"potentialAction\":[{\"@type\":\"ReadAction\",\"target\":[\"https:\\\/\\\/pmza.sk\\\/?p=34375\"]}]},{\"@type\":\"ImageObject\",\"inLanguage\":\"sk-SK\",\"@id\":\"https:\\\/\\\/pmza.sk\\\/?p=34375#primaryimage\",\"url\":\"https:\\\/\\\/pmza.sk\\\/wp-content\\\/uploads\\\/2019\\\/06\\\/IMG_0710.jpg\",\"contentUrl\":\"https:\\\/\\\/pmza.sk\\\/wp-content\\\/uploads\\\/2019\\\/06\\\/IMG_0710.jpg\",\"width\":1024,\"height\":768},{\"@type\":\"BreadcrumbList\",\"@id\":\"https:\\\/\\\/pmza.sk\\\/?p=34375#breadcrumb\",\"itemListElement\":[{\"@type\":\"ListItem\",\"position\":1,\"name\":\"Domovsk\u00e1 str\u00e1nka\",\"item\":\"https:\\\/\\\/pmza.sk\\\/\"},{\"@type\":\"ListItem\",\"position\":2,\"name\":\"Fortifik\u00e1cie na slovensko-moravskom pohrani\u010d\u00ed\"}]},{\"@type\":\"WebSite\",\"@id\":\"https:\\\/\\\/pmza.sk\\\/#website\",\"url\":\"https:\\\/\\\/pmza.sk\\\/\",\"name\":\"Pova\u017esk\u00e9 m\u00fazeum\",\"description\":\"Pova\u017esk\u00e9 m\u00fazeum v \u017diline je region\u00e1lne m\u00fazeum so s\u00eddlom v Budat\u00edne. Jeho expoz\u00edcie s\u00fa zameran\u00e9 na dejiny slovensk\u00e9ho umenia, kult\u00fary a dopravy.\",\"publisher\":{\"@id\":\"https:\\\/\\\/pmza.sk\\\/#organization\"},\"potentialAction\":[{\"@type\":\"SearchAction\",\"target\":{\"@type\":\"EntryPoint\",\"urlTemplate\":\"https:\\\/\\\/pmza.sk\\\/?s={search_term_string}\"},\"query-input\":{\"@type\":\"PropertyValueSpecification\",\"valueRequired\":true,\"valueName\":\"search_term_string\"}}],\"inLanguage\":\"sk-SK\"},{\"@type\":\"Organization\",\"@id\":\"https:\\\/\\\/pmza.sk\\\/#organization\",\"name\":\"Pova\u017esk\u00e9 m\u00fazeum\",\"url\":\"https:\\\/\\\/pmza.sk\\\/\",\"logo\":{\"@type\":\"ImageObject\",\"inLanguage\":\"sk-SK\",\"@id\":\"https:\\\/\\\/pmza.sk\\\/#\\\/schema\\\/logo\\\/image\\\/\",\"url\":\"https:\\\/\\\/pmza.sk\\\/wp-content\\\/uploads\\\/2022\\\/01\\\/logo_PM_horizontal.jpg\",\"contentUrl\":\"https:\\\/\\\/pmza.sk\\\/wp-content\\\/uploads\\\/2022\\\/01\\\/logo_PM_horizontal.jpg\",\"width\":231,\"height\":142,\"caption\":\"Pova\u017esk\u00e9 m\u00fazeum\"},\"image\":{\"@id\":\"https:\\\/\\\/pmza.sk\\\/#\\\/schema\\\/logo\\\/image\\\/\"},\"sameAs\":[\"https:\\\/\\\/www.facebook.com\\\/povazskemuzeum\",\"https:\\\/\\\/www.instagram.com\\\/povazskemuzeum\\\/\"]},{\"@type\":\"Person\",\"@id\":\"https:\\\/\\\/pmza.sk\\\/#\\\/schema\\\/person\\\/595e6a2ce731ea94dcd5d7f50a41ae33\",\"name\":\"Pova\u017esk\u00e9 m\u00fazeum\",\"image\":{\"@type\":\"ImageObject\",\"inLanguage\":\"sk-SK\",\"@id\":\"https:\\\/\\\/secure.gravatar.com\\\/avatar\\\/2bb7f1561282132fb5826dfeccc66c7996d11ee392ac6aaf7ced8a1c2027fbb2?s=96&d=mm&r=g\",\"url\":\"https:\\\/\\\/secure.gravatar.com\\\/avatar\\\/2bb7f1561282132fb5826dfeccc66c7996d11ee392ac6aaf7ced8a1c2027fbb2?s=96&d=mm&r=g\",\"contentUrl\":\"https:\\\/\\\/secure.gravatar.com\\\/avatar\\\/2bb7f1561282132fb5826dfeccc66c7996d11ee392ac6aaf7ced8a1c2027fbb2?s=96&d=mm&r=g\",\"caption\":\"Pova\u017esk\u00e9 m\u00fazeum\"}}]}<\/script>\n<!-- \/ Yoast SEO plugin. -->","yoast_head_json":{"title":"Fortifik\u00e1cie na slovensko-moravskom pohrani\u010d\u00ed - Pova\u017esk\u00e9 m\u00fazeum","robots":{"index":"index","follow":"follow","max-snippet":"max-snippet:-1","max-image-preview":"max-image-preview:large","max-video-preview":"max-video-preview:-1"},"canonical":"https:\/\/pmza.sk\/?p=34375","og_locale":"sk_SK","og_type":"article","og_title":"Fortifik\u00e1cie na slovensko-moravskom pohrani\u010d\u00ed - Pova\u017esk\u00e9 m\u00fazeum","og_description":"V\u00a0stredu 5. 6. 2019 sa vo V\u00fdchodnom pal\u00e1ci Budat\u00ednskeho hradu konal mimoriadny medzin\u00e1rodn\u00fd vedeck\u00fd semin\u00e1r z\u00a0oblasti archeol\u00f3gie. \u0164a\u017eiskovou t\u00e9mou boli opevnenia r\u00f4zneho druhu a\u00a0ich v\u00fdvoja od praveku a\u017e po novovek. Pr\u00edtomn\u00fdch priv\u00edtal riadite\u013e Pova\u017esk\u00e9ho m\u00fazea v\u00a0\u017diline Mgr. Michal Jureck\u00fd a\u00a0taktie\u017e riadite\u013e odboru kult\u00fary \u017dilinsk\u00e9ho samospr\u00e1vneho kraja Mgr. Martin Hromada, Phd. Po\u010das cel\u00e9ho d\u0148a prebiehali predn\u00e1\u0161ky [&hellip;]","og_url":"https:\/\/pmza.sk\/?p=34375","og_site_name":"Pova\u017esk\u00e9 m\u00fazeum","article_publisher":"https:\/\/www.facebook.com\/povazskemuzeum","article_published_time":"2019-06-07T12:02:15+00:00","og_image":[{"width":1024,"height":768,"url":"https:\/\/pmza.sk\/wp-content\/uploads\/2019\/06\/IMG_0710.jpg","type":"image\/jpeg"}],"author":"Pova\u017esk\u00e9 m\u00fazeum","twitter_card":"summary_large_image","twitter_misc":{"Autor":"Pova\u017esk\u00e9 m\u00fazeum","Predpokladan\u00fd \u010das \u010d\u00edtania":"1 min\u00fata"},"schema":{"@context":"https:\/\/schema.org","@graph":[{"@type":"Article","@id":"https:\/\/pmza.sk\/?p=34375#article","isPartOf":{"@id":"https:\/\/pmza.sk\/?p=34375"},"author":{"name":"Pova\u017esk\u00e9 m\u00fazeum","@id":"https:\/\/pmza.sk\/#\/schema\/person\/595e6a2ce731ea94dcd5d7f50a41ae33"},"headline":"Fortifik\u00e1cie na slovensko-moravskom pohrani\u010d\u00ed","datePublished":"2019-06-07T12:02:15+00:00","mainEntityOfPage":{"@id":"https:\/\/pmza.sk\/?p=34375"},"wordCount":274,"publisher":{"@id":"https:\/\/pmza.sk\/#organization"},"image":{"@id":"https:\/\/pmza.sk\/?p=34375#primaryimage"},"thumbnailUrl":"https:\/\/pmza.sk\/wp-content\/uploads\/2019\/06\/IMG_0710.jpg","articleSection":["Aktuality"],"inLanguage":"sk-SK"},{"@type":"WebPage","@id":"https:\/\/pmza.sk\/?p=34375","url":"https:\/\/pmza.sk\/?p=34375","name":"Fortifik\u00e1cie na slovensko-moravskom pohrani\u010d\u00ed - Pova\u017esk\u00e9 m\u00fazeum","isPartOf":{"@id":"https:\/\/pmza.sk\/#website"},"primaryImageOfPage":{"@id":"https:\/\/pmza.sk\/?p=34375#primaryimage"},"image":{"@id":"https:\/\/pmza.sk\/?p=34375#primaryimage"},"thumbnailUrl":"https:\/\/pmza.sk\/wp-content\/uploads\/2019\/06\/IMG_0710.jpg","datePublished":"2019-06-07T12:02:15+00:00","breadcrumb":{"@id":"https:\/\/pmza.sk\/?p=34375#breadcrumb"},"inLanguage":"sk-SK","potentialAction":[{"@type":"ReadAction","target":["https:\/\/pmza.sk\/?p=34375"]}]},{"@type":"ImageObject","inLanguage":"sk-SK","@id":"https:\/\/pmza.sk\/?p=34375#primaryimage","url":"https:\/\/pmza.sk\/wp-content\/uploads\/2019\/06\/IMG_0710.jpg","contentUrl":"https:\/\/pmza.sk\/wp-content\/uploads\/2019\/06\/IMG_0710.jpg","width":1024,"height":768},{"@type":"BreadcrumbList","@id":"https:\/\/pmza.sk\/?p=34375#breadcrumb","itemListElement":[{"@type":"ListItem","position":1,"name":"Domovsk\u00e1 str\u00e1nka","item":"https:\/\/pmza.sk\/"},{"@type":"ListItem","position":2,"name":"Fortifik\u00e1cie na slovensko-moravskom pohrani\u010d\u00ed"}]},{"@type":"WebSite","@id":"https:\/\/pmza.sk\/#website","url":"https:\/\/pmza.sk\/","name":"Pova\u017esk\u00e9 m\u00fazeum","description":"Pova\u017esk\u00e9 m\u00fazeum v \u017diline je region\u00e1lne m\u00fazeum so s\u00eddlom v Budat\u00edne. Jeho expoz\u00edcie s\u00fa zameran\u00e9 na dejiny slovensk\u00e9ho umenia, kult\u00fary a dopravy.","publisher":{"@id":"https:\/\/pmza.sk\/#organization"},"potentialAction":[{"@type":"SearchAction","target":{"@type":"EntryPoint","urlTemplate":"https:\/\/pmza.sk\/?s={search_term_string}"},"query-input":{"@type":"PropertyValueSpecification","valueRequired":true,"valueName":"search_term_string"}}],"inLanguage":"sk-SK"},{"@type":"Organization","@id":"https:\/\/pmza.sk\/#organization","name":"Pova\u017esk\u00e9 m\u00fazeum","url":"https:\/\/pmza.sk\/","logo":{"@type":"ImageObject","inLanguage":"sk-SK","@id":"https:\/\/pmza.sk\/#\/schema\/logo\/image\/","url":"https:\/\/pmza.sk\/wp-content\/uploads\/2022\/01\/logo_PM_horizontal.jpg","contentUrl":"https:\/\/pmza.sk\/wp-content\/uploads\/2022\/01\/logo_PM_horizontal.jpg","width":231,"height":142,"caption":"Pova\u017esk\u00e9 m\u00fazeum"},"image":{"@id":"https:\/\/pmza.sk\/#\/schema\/logo\/image\/"},"sameAs":["https:\/\/www.facebook.com\/povazskemuzeum","https:\/\/www.instagram.com\/povazskemuzeum\/"]},{"@type":"Person","@id":"https:\/\/pmza.sk\/#\/schema\/person\/595e6a2ce731ea94dcd5d7f50a41ae33","name":"Pova\u017esk\u00e9 m\u00fazeum","image":{"@type":"ImageObject","inLanguage":"sk-SK","@id":"https:\/\/secure.gravatar.com\/avatar\/2bb7f1561282132fb5826dfeccc66c7996d11ee392ac6aaf7ced8a1c2027fbb2?s=96&d=mm&r=g","url":"https:\/\/secure.gravatar.com\/avatar\/2bb7f1561282132fb5826dfeccc66c7996d11ee392ac6aaf7ced8a1c2027fbb2?s=96&d=mm&r=g","contentUrl":"https:\/\/secure.gravatar.com\/avatar\/2bb7f1561282132fb5826dfeccc66c7996d11ee392ac6aaf7ced8a1c2027fbb2?s=96&d=mm&r=g","caption":"Pova\u017esk\u00e9 m\u00fazeum"}}]}},"_links":{"self":[{"href":"https:\/\/pmza.sk\/index.php?rest_route=\/wp\/v2\/posts\/34375","targetHints":{"allow":["GET"]}}],"collection":[{"href":"https:\/\/pmza.sk\/index.php?rest_route=\/wp\/v2\/posts"}],"about":[{"href":"https:\/\/pmza.sk\/index.php?rest_route=\/wp\/v2\/types\/post"}],"author":[{"embeddable":true,"href":"https:\/\/pmza.sk\/index.php?rest_route=\/wp\/v2\/users\/2"}],"replies":[{"embeddable":true,"href":"https:\/\/pmza.sk\/index.php?rest_route=%2Fwp%2Fv2%2Fcomments&post=34375"}],"version-history":[{"count":0,"href":"https:\/\/pmza.sk\/index.php?rest_route=\/wp\/v2\/posts\/34375\/revisions"}],"wp:featuredmedia":[{"embeddable":true,"href":"https:\/\/pmza.sk\/index.php?rest_route=\/wp\/v2\/media\/34358"}],"wp:attachment":[{"href":"https:\/\/pmza.sk\/index.php?rest_route=%2Fwp%2Fv2%2Fmedia&parent=34375"}],"wp:term":[{"taxonomy":"category","embeddable":true,"href":"https:\/\/pmza.sk\/index.php?rest_route=%2Fwp%2Fv2%2Fcategories&post=34375"},{"taxonomy":"post_tag","embeddable":true,"href":"https:\/\/pmza.sk\/index.php?rest_route=%2Fwp%2Fv2%2Ftags&post=34375"}],"curies":[{"name":"wp","href":"https:\/\/api.w.org\/{rel}","templated":true}]}}